{"id":39766,"date":"2016-09-24T21:14:33","date_gmt":"2016-09-25T00:14:33","guid":{"rendered":"https:\/\/www.jornalja.com.br\/?p=39766"},"modified":"2016-09-24T21:14:33","modified_gmt":"2016-09-25T00:14:33","slug":"comunicado-do-semapi-fundacao-de-economia-e-estatistica-o-conhecimento-gaucho-sob-ameaca","status":"publish","type":"post","link":"https:\/\/www.jornalja.com.br\/arquivo\/comunicado-do-semapi-fundacao-de-economia-e-estatistica-o-conhecimento-gaucho-sob-ameaca\/","title":{"rendered":"Comunicado do SEMAPI: Funda\u00e7\u00e3o de Economia e Estat\u00edstica,\u00a0o conhecimento ga\u00facho sob amea\u00e7a"},"content":{"rendered":"<p>Saiu na imprensa corporativa que o governo do Sartori estuda a extin\u00e7\u00e3o da Funda\u00e7\u00e3o de Economia e Estat\u00edstica (FEE). Esse absurdo deve ser cogitado por desconhecimento do que a FEE faz e de sua capacidade t\u00e9cnica para contribuir com o estado e com a sociedade. Por esse motivo, o SEMAPI traz a todos os seus associados e \u00e0 sociedade de maneira geral mais informa\u00e7\u00f5es sobre o trabalho da Funda\u00e7\u00e3o.<br \/>\nA FEE \u00e9 uma institui\u00e7\u00e3o de pesquisa vinculada \u00e0\u00a0<a href=\"http:\/\/www.seplag.rs.gov.br\/inicial\">Secretaria do Planejamento, Mobilidade e Desenvolvimento Regional do Governo do Estado do Rio Grande do Sul<\/a>. Por disposi\u00e7\u00e3o legal, a FEE tem por finalidades b\u00e1sicas: identificar e propor alternativas de desenvolvimento econ\u00f4mico e social ao Estado; estruturar e operar o sistema de contas regionais, proceder a an\u00e1lises conjunturais, bem como realizar estudos e pesquisas, tendo em vista o preparo de indicadores econ\u00f4micos e sociais; coletar, processar e divulgar dados estat\u00edsticos; colaborar na elabora\u00e7\u00e3o, na execu\u00e7\u00e3o e no controle de programas ou projetos governamentais; fornecer subs\u00eddios \u00e0 pr\u00e1tica financeira do Estado; prestar servi\u00e7os e realizar pesquisas de interesse dos setores econ\u00f4micos e dos consumidores; divulgar informa\u00e7\u00f5es t\u00e9cnicas e desenvolver outras atividades compat\u00edveis com as suas finalidades.<br \/>\nNesse sentido, a FEE re\u00fane o mais importante acervo de estat\u00edsticas socioecon\u00f4micas sobre o Rio Grande do Sul, bem como elabora e divulga, regularmente, indicadores e estudos sobre temas diversos, tais como: agricultura, ind\u00fastria, desenvolvimento regional, meio ambiente, potencial poluidor das ind\u00fastrias extrativa e de transforma\u00e7\u00e3o, pol\u00edticas p\u00fablicas, com\u00e9rcio exterior, finan\u00e7as p\u00fablicas, pol\u00edtica monet\u00e1ria, pol\u00edtica fiscal, infraestrutura, inova\u00e7\u00e3o, rela\u00e7\u00f5es de trabalho, emprego e desemprego na Regi\u00e3o Metropolitana, PIB Regional, PIB Municipal, estimativas populacionais, Matriz de Insumo Produto, \u00cdndice de Desenvolvimento Socioecon\u00f4mico (Idese), plataforma de exporta\u00e7\u00f5es, dentro outros. Citam-se, ainda, a elabora\u00e7\u00e3o do \u00edndice de valor, pre\u00e7o e volume das exporta\u00e7\u00f5es estaduais e o levantamento sistem\u00e1tico do mercado de trabalho para a Regi\u00e3o Metropolitana com base em pesquisa mensal domiciliar.<br \/>\nReunidos, o banco de dados FEE DADOS disponibiliza ao estado, \u00e0 sociedade e \u00e0 academia aproximadamente 800 vari\u00e1veis socioecon\u00f4micas georreferenciadas sobre o Rio Grande do Sul e sobre todos os seus munic\u00edpios, permitindo cruzamentos entre vari\u00e1veis, unidades geogr\u00e1ficas e per\u00edodo de abrang\u00eancia.<br \/>\nNa <em>homepage <\/em><a href=\"http:\/\/www.fee.rs.gov.br\">www.fee.rs.gov.br<\/a>, a FEE disponibiliza gratuitamente um grande volume de dados socioecon\u00f4micos sobre o RS e suas an\u00e1lises, recebendo, anualmente, mais de um milh\u00e3o de acessos.<br \/>\nAl\u00e9m de dados e indicadores, a Funda\u00e7\u00e3o publica periodicamente a Carta de Conjuntura, a Revista Indicadores Econ\u00f4micos FEE, a Revista Ensaios FEE, o Informe PED-RMPA, a Panorama Internacional FEE, a publica\u00e7\u00e3o RS Em N\u00fameros, al\u00e9m de livros e an\u00e1lises setoriais.\u00a0 Recentemente publicou em tr\u00eas volumes o estudo RS 2030, em car\u00e1ter prospectivo sobre as diretrizes para o desenvolvimento do territ\u00f3rio do Rio Grande do Sul. Encontra-se no prelo livro que analisa as caracter\u00edsticas e potencialidades de Arranjos Produtivos Locais do estado, bem como um atlas escolar com indicadores do Rio Grande do Sul em linguagem did\u00e1tica e facilitada.<br \/>\nAl\u00e9m disso, a FEE atua em colabora\u00e7\u00e3o com uma s\u00e9rie de \u00f3rg\u00e3os estaduais no atendimento de demandas por pesquisas e an\u00e1lises sobre a d\u00edvida ativa do estado, grandes investimentos no setor de energia, economia do turismo, indicadores de ciclos de neg\u00f3cio, indicadores do agroneg\u00f3cio, pol\u00edtica de transpar\u00eancia, planejamentos estrat\u00e9gicos dos Coredes \u2013 apenas para citar alguns exemplos em andamento atualmente.<br \/>\nOs concursos p\u00fablicos realizados em 2010 e em 2014 renovaram o quadro da institui\u00e7\u00e3o, com o ingresso de profissionais de alta qualifica\u00e7\u00e3o. A FEE possui uma equipe multidisciplinar com 12 especialistas, 92 mestres e 37 doutores, especialmente nas \u00e1reas de Economia, Sociologia, Estat\u00edstica, Geografia, Hist\u00f3ria, Rela\u00e7\u00f5es Internacionais e Ci\u00eancia Pol\u00edtica.<br \/>\nAinda assim, os custos para manter a institui\u00e7\u00e3o ca\u00edram 41% em termos reais nos \u00faltimos 6 anos. Em parte pelo aumento da produtividade, em parte pela informatiza\u00e7\u00e3o de processos e de pesquisas. Em seu quadro funcional constam pessoas de destaque n\u00e3o s\u00f3 no mundo acad\u00eamico, mas tamb\u00e9m na administra\u00e7\u00e3o p\u00fablica, em todas as suas esferas.<br \/>\nHistoricamente, a FEE constituiu-se em um espa\u00e7o de an\u00e1lise e discuss\u00e3o <strong><em>plural<\/em><\/strong> e <strong><em>independente<\/em><\/strong> sobre a economia, a sociedade e o desenvolvimento do Rio Grande do Sul, detendo um substantivo ac\u00famulo de conhecimento a respeito do estado \u2013 que n\u00e3o \u00e9 substitu\u00edvel por supostas alternativas presentes no mercado. Sua autonomia garante a capacidade cr\u00edtica a pol\u00edticas e a\u00e7\u00f5es implementadas.<br \/>\nA Funda\u00e7\u00e3o coleta, re\u00fane e analisa informa\u00e7\u00f5es e indicadores que efetivamente instrumentalizam pol\u00edticas p\u00fablicas do Estado e dos munic\u00edpios, bem como organiza e promove eventos abertos \u00e0 comunidade, ciente do car\u00e1ter <strong><em>p\u00fablico<\/em><\/strong> de seu conhecimento.<br \/>\nOs estudos da Institui\u00e7\u00e3o fornecem subs\u00eddios indispens\u00e1veis para pensar o futuro da nossa economia e sociedade. Por tudo isso, ao longo de seus mais de 40 anos de exist\u00eancia, a FEE vem-se mostrando uma institui\u00e7\u00e3o competente e capaz de aproximar e interligar a produ\u00e7\u00e3o de dados estat\u00edsticos e pesquisas de qualidade, com o objetivo de assessorar o planejamento econ\u00f4mico e social do Estado \u2013 beneficiando, assim, a totalidade da sociedade ga\u00facha.<br \/>\nConvidamos a todos a conhecer de perto a FEE, valorizando e utilizando do conhecimento nela produzido, que \u00e9 de <strong><em>direito<\/em><\/strong> de todo o povo ga\u00facho.<br \/>\n<span class=\"assina\">SEMAPI<\/span><br \/>\n<span class=\"descreve\">SINDICATO DOS EMPREGADOS EM EMPRESAS DE ASSESSORAMENTO, PER\u00cdCIAS, INFORMA\u00c7\u00d5ES E PESQUISAS E DE FUNDA\u00c7\u00d5ES ESTADUAIS DO RIO GRANDE DO SUL<\/span><br \/>\n<strong>\u00a0<\/strong><\/p>\n","protected":false},"excerpt":{"rendered":"<p>Saiu na imprensa corporativa que o governo do Sartori estuda a extin\u00e7\u00e3o da Funda\u00e7\u00e3o de Economia e Estat\u00edstica (FEE). Esse absurdo deve ser cogitado por desconhecimento do que a FEE faz e de sua capacidade t\u00e9cnica para contribuir com o estado e com a sociedade. Por esse motivo, o SEMAPI traz a todos os seus [&hellip;]<\/p>\n","protected":false},"author":4,"featured_media":0,"comment_status":"open","ping_status":"closed","sticky":false,"template":"","format":"standard","meta":{"_jetpack_newsletter_access":"","_jetpack_dont_email_post_to_subs":false,"_jetpack_newsletter_tier_id":0,"_jetpack_memberships_contains_paywalled_content":false,"_jetpack_feature_clip_id":0,"_jetpack_memberships_contains_paid_content":false,"footnotes":"","jetpack_post_was_ever_published":false},"categories":[2013,2012],"tags":[],"class_list":["post-39766","post","type-post","status-publish","format-standard","hentry","category-cdd-mural","category-debates"],"aioseo_notices":[],"aioseo_head":"\n\t\t<!-- All in One SEO 5.0.1.1 - aioseo.com -->\n\t<meta name=\"robots\" content=\"max-image-preview:large\" \/>\n\t<meta name=\"author\" content=\"da Reda\u00e7\u00e3o\"\/>\n\t<link rel=\"canonical\" href=\"https:\/\/www.jornalja.com.br\/arquivo\/comunicado-do-semapi-fundacao-de-economia-e-estatistica-o-conhecimento-gaucho-sob-ameaca\/\" \/>\n\t<meta name=\"generator\" content=\"All in One SEO (AIOSEO) 5.0.1.1\" \/>\n\t\t<meta property=\"og:locale\" content=\"pt_BR\" \/>\n\t\t<meta property=\"og:site_name\" content=\"Arquivo | Jornal J\u00c1 | Porto Alegre\" \/>\n\t\t<meta property=\"og:type\" content=\"article\" \/>\n\t\t<meta property=\"og:title\" content=\"Comunicado do SEMAPI: Funda\u00e7\u00e3o de Economia e Estat\u00edstica, o conhecimento ga\u00facho sob amea\u00e7a | Arquivo\" \/>\n\t\t<meta property=\"og:url\" content=\"https:\/\/www.jornalja.com.br\/arquivo\/comunicado-do-semapi-fundacao-de-economia-e-estatistica-o-conhecimento-gaucho-sob-ameaca\/\" \/>\n\t\t<meta property=\"og:image\" content=\"https:\/\/www.jornalja.com.br\/economics\/wp-content\/uploads\/sites\/11\/2026\/08\/ja-folhaderosto-facebook.jpg\" \/>\n\t\t<meta property=\"og:image:secure_url\" content=\"https:\/\/www.jornalja.com.br\/economics\/wp-content\/uploads\/sites\/11\/2026\/08\/ja-folhaderosto-facebook.jpg\" \/>\n\t\t<meta property=\"article:published_time\" content=\"2016-09-25T00:14:33+00:00\" \/>\n\t\t<meta property=\"article:modified_time\" content=\"2016-09-25T00:14:33+00:00\" \/>\n\t\t<meta name=\"twitter:card\" content=\"summary\" \/>\n\t\t<meta name=\"twitter:title\" content=\"Comunicado do SEMAPI: Funda\u00e7\u00e3o de Economia e Estat\u00edstica, o conhecimento ga\u00facho sob amea\u00e7a | Arquivo\" \/>\n\t\t<meta name=\"twitter:image\" content=\"https:\/\/www.jornalja.com.br\/economics\/wp-content\/uploads\/sites\/11\/2026\/08\/ja-folhaderosto-facebook.jpg\" \/>\n\t\t<script type=\"application\/ld+json\" class=\"aioseo-schema\">\n\t\t\t{\"@context\":\"https:\\\/\\\/schema.org\",\"@graph\":[{\"@type\":\"BlogPosting\",\"@id\":\"https:\\\/\\\/www.jornalja.com.br\\\/arquivo\\\/comunicado-do-semapi-fundacao-de-economia-e-estatistica-o-conhecimento-gaucho-sob-ameaca\\\/#blogposting\",\"name\":\"Comunicado do SEMAPI: Funda\\u00e7\\u00e3o de Economia e Estat\\u00edstica, o conhecimento ga\\u00facho sob amea\\u00e7a | Arquivo\",\"headline\":\"Comunicado do SEMAPI: Funda\\u00e7\\u00e3o de Economia e Estat\\u00edstica,\\u00a0o conhecimento ga\\u00facho sob amea\\u00e7a\",\"author\":{\"@id\":\"https:\\\/\\\/www.jornalja.com.br\\\/arquivo\\\/author\\\/daredacao\\\/#author\"},\"publisher\":{\"@id\":\"https:\\\/\\\/www.jornalja.com.br\\\/arquivo\\\/#organization\"},\"image\":{\"@type\":\"ImageObject\",\"url\":\"https:\\\/\\\/www.jornalja.com.br\\\/wp-content\\\/uploads\\\/cards\\\/JAslogan.png\",\"@id\":\"https:\\\/\\\/www.jornalja.com.br\\\/arquivo\\\/#articleImage\"},\"datePublished\":\"2016-09-24T21:14:33-03:00\",\"dateModified\":\"2016-09-24T21:14:33-03:00\",\"inLanguage\":\"pt-BR\",\"mainEntityOfPage\":{\"@id\":\"https:\\\/\\\/www.jornalja.com.br\\\/arquivo\\\/comunicado-do-semapi-fundacao-de-economia-e-estatistica-o-conhecimento-gaucho-sob-ameaca\\\/#webpage\"},\"isPartOf\":{\"@id\":\"https:\\\/\\\/www.jornalja.com.br\\\/arquivo\\\/comunicado-do-semapi-fundacao-de-economia-e-estatistica-o-conhecimento-gaucho-sob-ameaca\\\/#webpage\"},\"articleSection\":\"CDD-MURAL, HOTSITE Comit\\u00ea pela Democracia\"},{\"@type\":\"BreadcrumbList\",\"@id\":\"https:\\\/\\\/www.jornalja.com.br\\\/arquivo\\\/comunicado-do-semapi-fundacao-de-economia-e-estatistica-o-conhecimento-gaucho-sob-ameaca\\\/#breadcrumblist\",\"itemListElement\":[{\"@type\":\"ListItem\",\"@id\":\"https:\\\/\\\/www.jornalja.com.br\\\/arquivo#listItem\",\"position\":1,\"name\":\"Home\",\"item\":\"https:\\\/\\\/www.jornalja.com.br\\\/arquivo\",\"nextItem\":{\"@type\":\"ListItem\",\"@id\":\"https:\\\/\\\/www.jornalja.com.br\\\/arquivo\\\/category\\\/debates\\\/#listItem\",\"name\":\"HOTSITE Comit\\u00ea pela Democracia\"}},{\"@type\":\"ListItem\",\"@id\":\"https:\\\/\\\/www.jornalja.com.br\\\/arquivo\\\/category\\\/debates\\\/#listItem\",\"position\":2,\"name\":\"HOTSITE Comit\\u00ea pela Democracia\",\"item\":\"https:\\\/\\\/www.jornalja.com.br\\\/arquivo\\\/category\\\/debates\\\/\",\"nextItem\":{\"@type\":\"ListItem\",\"@id\":\"https:\\\/\\\/www.jornalja.com.br\\\/arquivo\\\/comunicado-do-semapi-fundacao-de-economia-e-estatistica-o-conhecimento-gaucho-sob-ameaca\\\/#listItem\",\"name\":\"Comunicado do SEMAPI: Funda\\u00e7\\u00e3o de Economia e Estat\\u00edstica,\\u00a0o conhecimento ga\\u00facho sob amea\\u00e7a\"},\"previousItem\":{\"@type\":\"ListItem\",\"@id\":\"https:\\\/\\\/www.jornalja.com.br\\\/arquivo#listItem\",\"name\":\"Home\"}},{\"@type\":\"ListItem\",\"@id\":\"https:\\\/\\\/www.jornalja.com.br\\\/arquivo\\\/comunicado-do-semapi-fundacao-de-economia-e-estatistica-o-conhecimento-gaucho-sob-ameaca\\\/#listItem\",\"position\":3,\"name\":\"Comunicado do SEMAPI: Funda\\u00e7\\u00e3o de Economia e Estat\\u00edstica,\\u00a0o conhecimento ga\\u00facho sob amea\\u00e7a\",\"previousItem\":{\"@type\":\"ListItem\",\"@id\":\"https:\\\/\\\/www.jornalja.com.br\\\/arquivo\\\/category\\\/debates\\\/#listItem\",\"name\":\"HOTSITE Comit\\u00ea pela Democracia\"}}]},{\"@type\":\"Organization\",\"@id\":\"https:\\\/\\\/www.jornalja.com.br\\\/arquivo\\\/#organization\",\"name\":\"Jornal J\\u00c1\",\"description\":\"Jornal J\\u00c1 | Porto Alegre\",\"url\":\"https:\\\/\\\/www.jornalja.com.br\\\/arquivo\\\/\",\"telephone\":\"+555133307272\",\"logo\":{\"@type\":\"ImageObject\",\"url\":\"https:\\\/\\\/www.jornalja.com.br\\\/wp-content\\\/uploads\\\/cards\\\/JAslogan.png\",\"@id\":\"https:\\\/\\\/www.jornalja.com.br\\\/arquivo\\\/comunicado-do-semapi-fundacao-de-economia-e-estatistica-o-conhecimento-gaucho-sob-ameaca\\\/#organizationLogo\"},\"image\":{\"@id\":\"https:\\\/\\\/www.jornalja.com.br\\\/arquivo\\\/comunicado-do-semapi-fundacao-de-economia-e-estatistica-o-conhecimento-gaucho-sob-ameaca\\\/#organizationLogo\"}},{\"@type\":\"Person\",\"@id\":\"https:\\\/\\\/www.jornalja.com.br\\\/arquivo\\\/author\\\/daredacao\\\/#author\",\"url\":\"https:\\\/\\\/www.jornalja.com.br\\\/arquivo\\\/author\\\/daredacao\\\/\",\"name\":\"da Reda\\u00e7\\u00e3o\",\"image\":{\"@type\":\"ImageObject\",\"@id\":\"https:\\\/\\\/www.jornalja.com.br\\\/arquivo\\\/comunicado-do-semapi-fundacao-de-economia-e-estatistica-o-conhecimento-gaucho-sob-ameaca\\\/#authorImage\",\"url\":\"https:\\\/\\\/secure.gravatar.com\\\/avatar\\\/469fd857d6605ad19919d27ed29d35a968a25f6e8fd9318356bbb7f57aae9c65?s=96&d=mm&r=g\",\"width\":96,\"height\":96,\"caption\":\"da Reda\\u00e7\\u00e3o\"}},{\"@type\":\"WebPage\",\"@id\":\"https:\\\/\\\/www.jornalja.com.br\\\/arquivo\\\/comunicado-do-semapi-fundacao-de-economia-e-estatistica-o-conhecimento-gaucho-sob-ameaca\\\/#webpage\",\"url\":\"https:\\\/\\\/www.jornalja.com.br\\\/arquivo\\\/comunicado-do-semapi-fundacao-de-economia-e-estatistica-o-conhecimento-gaucho-sob-ameaca\\\/\",\"name\":\"Comunicado do SEMAPI: Funda\\u00e7\\u00e3o de Economia e Estat\\u00edstica, o conhecimento ga\\u00facho sob amea\\u00e7a | Arquivo\",\"inLanguage\":\"pt-BR\",\"isPartOf\":{\"@id\":\"https:\\\/\\\/www.jornalja.com.br\\\/arquivo\\\/#website\"},\"breadcrumb\":{\"@id\":\"https:\\\/\\\/www.jornalja.com.br\\\/arquivo\\\/comunicado-do-semapi-fundacao-de-economia-e-estatistica-o-conhecimento-gaucho-sob-ameaca\\\/#breadcrumblist\"},\"author\":{\"@id\":\"https:\\\/\\\/www.jornalja.com.br\\\/arquivo\\\/author\\\/daredacao\\\/#author\"},\"creator\":{\"@id\":\"https:\\\/\\\/www.jornalja.com.br\\\/arquivo\\\/author\\\/daredacao\\\/#author\"},\"datePublished\":\"2016-09-24T21:14:33-03:00\",\"dateModified\":\"2016-09-24T21:14:33-03:00\"},{\"@type\":\"WebSite\",\"@id\":\"https:\\\/\\\/www.jornalja.com.br\\\/arquivo\\\/#website\",\"url\":\"https:\\\/\\\/www.jornalja.com.br\\\/arquivo\\\/\",\"name\":\"Arquivo\",\"description\":\"Jornal J\\u00c1 | Porto Alegre\",\"inLanguage\":\"pt-BR\",\"publisher\":{\"@id\":\"https:\\\/\\\/www.jornalja.com.br\\\/arquivo\\\/#organization\"}}]}\n\t\t<\/script>\n\t\t<!-- All in One SEO -->\n\n","aioseo_head_json":{"title":"Comunicado do SEMAPI: Funda\u00e7\u00e3o de Economia e Estat\u00edstica, o conhecimento ga\u00facho sob amea\u00e7a | Arquivo","description":"","canonical_url":"https:\/\/www.jornalja.com.br\/arquivo\/comunicado-do-semapi-fundacao-de-economia-e-estatistica-o-conhecimento-gaucho-sob-ameaca\/","robots":"max-image-preview:large","keywords":"","webmasterTools":{"miscellaneous":""},"schema":{"@context":"https:\/\/schema.org","@graph":[{"@type":"BlogPosting","@id":"https:\/\/www.jornalja.com.br\/arquivo\/comunicado-do-semapi-fundacao-de-economia-e-estatistica-o-conhecimento-gaucho-sob-ameaca\/#blogposting","name":"Comunicado do SEMAPI: Funda\u00e7\u00e3o de Economia e Estat\u00edstica, o conhecimento ga\u00facho sob amea\u00e7a | Arquivo","headline":"Comunicado do SEMAPI: Funda\u00e7\u00e3o de Economia e Estat\u00edstica,\u00a0o conhecimento ga\u00facho sob amea\u00e7a","author":{"@id":"https:\/\/www.jornalja.com.br\/arquivo\/author\/daredacao\/#author"},"publisher":{"@id":"https:\/\/www.jornalja.com.br\/arquivo\/#organization"},"image":{"@type":"ImageObject","url":"https:\/\/www.jornalja.com.br\/wp-content\/uploads\/cards\/JAslogan.png","@id":"https:\/\/www.jornalja.com.br\/arquivo\/#articleImage"},"datePublished":"2016-09-24T21:14:33-03:00","dateModified":"2016-09-24T21:14:33-03:00","inLanguage":"pt-BR","mainEntityOfPage":{"@id":"https:\/\/www.jornalja.com.br\/arquivo\/comunicado-do-semapi-fundacao-de-economia-e-estatistica-o-conhecimento-gaucho-sob-ameaca\/#webpage"},"isPartOf":{"@id":"https:\/\/www.jornalja.com.br\/arquivo\/comunicado-do-semapi-fundacao-de-economia-e-estatistica-o-conhecimento-gaucho-sob-ameaca\/#webpage"},"articleSection":"CDD-MURAL, HOTSITE Comit\u00ea pela Democracia"},{"@type":"BreadcrumbList","@id":"https:\/\/www.jornalja.com.br\/arquivo\/comunicado-do-semapi-fundacao-de-economia-e-estatistica-o-conhecimento-gaucho-sob-ameaca\/#breadcrumblist","itemListElement":[{"@type":"ListItem","@id":"https:\/\/www.jornalja.com.br\/arquivo#listItem","position":1,"name":"Home","item":"https:\/\/www.jornalja.com.br\/arquivo","nextItem":{"@type":"ListItem","@id":"https:\/\/www.jornalja.com.br\/arquivo\/category\/debates\/#listItem","name":"HOTSITE Comit\u00ea pela Democracia"}},{"@type":"ListItem","@id":"https:\/\/www.jornalja.com.br\/arquivo\/category\/debates\/#listItem","position":2,"name":"HOTSITE Comit\u00ea pela Democracia","item":"https:\/\/www.jornalja.com.br\/arquivo\/category\/debates\/","nextItem":{"@type":"ListItem","@id":"https:\/\/www.jornalja.com.br\/arquivo\/comunicado-do-semapi-fundacao-de-economia-e-estatistica-o-conhecimento-gaucho-sob-ameaca\/#listItem","name":"Comunicado do SEMAPI: Funda\u00e7\u00e3o de Economia e Estat\u00edstica,\u00a0o conhecimento ga\u00facho sob amea\u00e7a"},"previousItem":{"@type":"ListItem","@id":"https:\/\/www.jornalja.com.br\/arquivo#listItem","name":"Home"}},{"@type":"ListItem","@id":"https:\/\/www.jornalja.com.br\/arquivo\/comunicado-do-semapi-fundacao-de-economia-e-estatistica-o-conhecimento-gaucho-sob-ameaca\/#listItem","position":3,"name":"Comunicado do SEMAPI: Funda\u00e7\u00e3o de Economia e Estat\u00edstica,\u00a0o conhecimento ga\u00facho sob amea\u00e7a","previousItem":{"@type":"ListItem","@id":"https:\/\/www.jornalja.com.br\/arquivo\/category\/debates\/#listItem","name":"HOTSITE Comit\u00ea pela Democracia"}}]},{"@type":"Organization","@id":"https:\/\/www.jornalja.com.br\/arquivo\/#organization","name":"Jornal J\u00c1","description":"Jornal J\u00c1 | Porto Alegre","url":"https:\/\/www.jornalja.com.br\/arquivo\/","telephone":"+555133307272","logo":{"@type":"ImageObject","url":"https:\/\/www.jornalja.com.br\/wp-content\/uploads\/cards\/JAslogan.png","@id":"https:\/\/www.jornalja.com.br\/arquivo\/comunicado-do-semapi-fundacao-de-economia-e-estatistica-o-conhecimento-gaucho-sob-ameaca\/#organizationLogo"},"image":{"@id":"https:\/\/www.jornalja.com.br\/arquivo\/comunicado-do-semapi-fundacao-de-economia-e-estatistica-o-conhecimento-gaucho-sob-ameaca\/#organizationLogo"}},{"@type":"Person","@id":"https:\/\/www.jornalja.com.br\/arquivo\/author\/daredacao\/#author","url":"https:\/\/www.jornalja.com.br\/arquivo\/author\/daredacao\/","name":"da Reda\u00e7\u00e3o","image":{"@type":"ImageObject","@id":"https:\/\/www.jornalja.com.br\/arquivo\/comunicado-do-semapi-fundacao-de-economia-e-estatistica-o-conhecimento-gaucho-sob-ameaca\/#authorImage","url":"https:\/\/secure.gravatar.com\/avatar\/469fd857d6605ad19919d27ed29d35a968a25f6e8fd9318356bbb7f57aae9c65?s=96&d=mm&r=g","width":96,"height":96,"caption":"da Reda\u00e7\u00e3o"}},{"@type":"WebPage","@id":"https:\/\/www.jornalja.com.br\/arquivo\/comunicado-do-semapi-fundacao-de-economia-e-estatistica-o-conhecimento-gaucho-sob-ameaca\/#webpage","url":"https:\/\/www.jornalja.com.br\/arquivo\/comunicado-do-semapi-fundacao-de-economia-e-estatistica-o-conhecimento-gaucho-sob-ameaca\/","name":"Comunicado do SEMAPI: Funda\u00e7\u00e3o de Economia e Estat\u00edstica, o conhecimento ga\u00facho sob amea\u00e7a | Arquivo","inLanguage":"pt-BR","isPartOf":{"@id":"https:\/\/www.jornalja.com.br\/arquivo\/#website"},"breadcrumb":{"@id":"https:\/\/www.jornalja.com.br\/arquivo\/comunicado-do-semapi-fundacao-de-economia-e-estatistica-o-conhecimento-gaucho-sob-ameaca\/#breadcrumblist"},"author":{"@id":"https:\/\/www.jornalja.com.br\/arquivo\/author\/daredacao\/#author"},"creator":{"@id":"https:\/\/www.jornalja.com.br\/arquivo\/author\/daredacao\/#author"},"datePublished":"2016-09-24T21:14:33-03:00","dateModified":"2016-09-24T21:14:33-03:00"},{"@type":"WebSite","@id":"https:\/\/www.jornalja.com.br\/arquivo\/#website","url":"https:\/\/www.jornalja.com.br\/arquivo\/","name":"Arquivo","description":"Jornal J\u00c1 | Porto Alegre","inLanguage":"pt-BR","publisher":{"@id":"https:\/\/www.jornalja.com.br\/arquivo\/#organization"}}]},"og:locale":"pt_BR","og:site_name":"Arquivo | Jornal J\u00c1 | Porto Alegre","og:type":"article","og:title":"Comunicado do SEMAPI: Funda\u00e7\u00e3o de Economia e Estat\u00edstica, o conhecimento ga\u00facho sob amea\u00e7a | Arquivo","og:url":"https:\/\/www.jornalja.com.br\/arquivo\/comunicado-do-semapi-fundacao-de-economia-e-estatistica-o-conhecimento-gaucho-sob-ameaca\/","og:image":"https:\/\/www.jornalja.com.br\/economics\/wp-content\/uploads\/sites\/11\/2026\/08\/ja-folhaderosto-facebook.jpg","og:image:secure_url":"https:\/\/www.jornalja.com.br\/economics\/wp-content\/uploads\/sites\/11\/2026\/08\/ja-folhaderosto-facebook.jpg","article:published_time":"2016-09-25T00:14:33+00:00","article:modified_time":"2016-09-25T00:14:33+00:00","twitter:card":"summary","twitter:title":"Comunicado do SEMAPI: Funda\u00e7\u00e3o de Economia e Estat\u00edstica, o conhecimento ga\u00facho sob amea\u00e7a | Arquivo","twitter:image":"https:\/\/www.jornalja.com.br\/economics\/wp-content\/uploads\/sites\/11\/2026\/08\/ja-folhaderosto-facebook.jpg"},"aioseo_meta_data":{"post_id":"39766","title":null,"description":null,"keywords":null,"keyphrases":null,"primary_term":null,"canonical_url":null,"og_title":null,"og_description":null,"og_object_type":"default","og_image_type":"default","og_image_url":null,"og_image_width":null,"og_image_height":null,"og_image_custom_url":null,"og_image_custom_fields":null,"og_video":null,"og_custom_url":null,"og_article_section":null,"og_article_tags":null,"twitter_use_og":false,"twitter_card":"default","twitter_image_type":"default","twitter_image_url":null,"twitter_image_custom_url":null,"twitter_image_custom_fields":null,"twitter_title":null,"twitter_description":null,"schema":{"blockGraphs":[],"customGraphs":[],"default":{"data":{"Article":[],"Course":[],"Dataset":[],"FAQPage":[],"Movie":[],"Person":[],"Product":[],"ProductReview":[],"Car":[],"Recipe":[],"Service":[],"SoftwareApplication":[],"WebPage":[]},"graphName":"","isEnabled":true},"graphs":[],"defaultGraph":"","defaultPostTypeGraph":""},"schema_type":null,"schema_type_options":null,"pillar_content":false,"robots_default":true,"robots_noindex":false,"robots_noarchive":false,"robots_nosnippet":false,"robots_nofollow":false,"robots_noimageindex":false,"robots_noodp":false,"robots_notranslate":false,"robots_max_snippet":null,"robots_max_videopreview":null,"robots_max_imagepreview":"large","priority":null,"frequency":null,"location":null,"local_seo":null,"breadcrumb_settings":null,"limit_modified_date":false,"ai":null,"created":"2020-12-20 20:50:37","updated":"2025-07-19 17:02:33","seo_analyzer_scan_date":null,"focus_keyword":null,"additional_keywords":null,"truseo_locale":null},"jetpack_sharing_enabled":true,"jetpack-related-posts":[{"id":13124,"url":"https:\/\/www.jornalja.com.br\/arquivo\/sangue-latino-no-iecine\/","url_meta":{"origin":39766,"position":0},"title":"Sangue latino no IECINE","author":"da Reda\u00e7\u00e3o","date":"18 de maio de 2014","format":false,"excerpt":"Francisco Ribeiro O Instituto Estadual de Cinema (IECINE) tem a frente, desde abril \u00faltimo, um novo diretor, o cineasta colombiano Juan Zapata, 36, que substitui Luiz Alberto Cassol. Radicado h\u00e1 dez anos em Porto Alegre, Zapata tem diante de si o desafio de conduzir at\u00e9 o final do ano um\u2026","rel":"","context":"Em &quot;Cultura-Geral&quot;","block_context":{"text":"Cultura-Geral","link":"https:\/\/www.jornalja.com.br\/arquivo\/category\/materiasecundaria\/"},"img":{"alt_text":"","src":"","width":0,"height":0},"classes":[]},{"id":13128,"url":"https:\/\/www.jornalja.com.br\/arquivo\/maconha-terra-diz-que-uso-medicinal-e-desculpa\/","url_meta":{"origin":39766,"position":1},"title":"Maconha: Terra diz que uso medicinal \u00e9 desculpa","author":"Patr\u00edcia Marini","date":"4 de junho de 2014","format":false,"excerpt":"A condi\u00e7\u00e3o de pol\u00edtico, em \u00e9poca de campanha de campanha eleitoral, tira for\u00e7a do discurso do m\u00e9dico Osmar Terra contra a legaliza\u00e7\u00e3o da maconha. A tese dele de que a libera\u00e7\u00e3o vai ampliar exponencialmente o consumo \u00e9 discutivel, o consumo \u00e9 corrente. Mas seus alertas quanto aos riscos tem que\u2026","rel":"","context":"Em &quot;X.Categorias velhas&quot;","block_context":{"text":"X.Categorias velhas","link":"https:\/\/www.jornalja.com.br\/arquivo\/category\/x-categorias-velhas\/"},"img":{"alt_text":"","src":"","width":0,"height":0},"classes":[]},{"id":5440,"url":"https:\/\/www.jornalja.com.br\/arquivo\/casarao-da-venancio-destino-permanece-incerto\/","url_meta":{"origin":39766,"position":2},"title":"Estado ainda n\u00e3o sabe o que fazer com casar\u00e3o abandonado h\u00e1 20 anos","author":"Elmar Bones","date":"6 de julho de 2009","format":false,"excerpt":"O casar\u00e3o amarelo, numa esquina nobre de Porto Alegre (Ven\u00e2ncio Aires com Jo\u00e3o Pessoa), j\u00e1 abrigou uma escola. H\u00e1 duas d\u00e9cadas, pelo menos, est\u00e1 abandonado, porque seu propriet\u00e1rio, o governo do Estado do Rio Grande do Sul, n\u00e3o consegue achar um destino para ele. Planos n\u00e3o faltaram. O governador Ol\u00edvio\u2026","rel":"","context":"Em &quot;X.Categorias velhas&quot;","block_context":{"text":"X.Categorias velhas","link":"https:\/\/www.jornalja.com.br\/arquivo\/category\/x-categorias-velhas\/"},"img":{"alt_text":"geraldo1","src":"https:\/\/i0.wp.com\/www.jornalja.com.br\/wp-content\/uploads\/2009\/07\/geraldo1.jpg?resize=350%2C200&ssl=1","width":350,"height":200},"classes":[]},{"id":12960,"url":"https:\/\/www.jornalja.com.br\/arquivo\/populacao-culpa-empresas-pela-greve-dos-rodoviarios\/","url_meta":{"origin":39766,"position":3},"title":"Popula\u00e7\u00e3o culpa empresas pela greve","author":"Patr\u00edcia Marini","date":"14 de fevereiro de 2014","format":false,"excerpt":"Pesquisa divulgada na edi\u00e7\u00e3o do jornal Metro desta sexta-feira,14, comprova o velho ditado: \u00e9 poss\u00edvel enganar muitos por algum tempo, mas n\u00e3o \u00e9 poss\u00edvel enganar a todos o tempo inteiro. A principal revela\u00e7\u00e3o foi que 59,8% dos entrevistados apontaram as empresas como as principais respons\u00e1veis pela grave e 46% culparam\u2026","rel":"","context":"Em &quot;X.Categorias velhas&quot;","block_context":{"text":"X.Categorias velhas","link":"https:\/\/www.jornalja.com.br\/arquivo\/category\/x-categorias-velhas\/"},"img":{"alt_text":"","src":"","width":0,"height":0},"classes":[]}],"jetpack_shortlink":"https:\/\/wp.me\/pbQjBd-alo","jetpack_featured_media_url":"","_links":{"self":[{"href":"https:\/\/www.jornalja.com.br\/arquivo\/wp-json\/wp\/v2\/posts\/39766","targetHints":{"allow":["GET"]}}],"collection":[{"href":"https:\/\/www.jornalja.com.br\/arquivo\/wp-json\/wp\/v2\/posts"}],"about":[{"href":"https:\/\/www.jornalja.com.br\/arquivo\/wp-json\/wp\/v2\/types\/post"}],"author":[{"embeddable":true,"href":"https:\/\/www.jornalja.com.br\/arquivo\/wp-json\/wp\/v2\/users\/4"}],"replies":[{"embeddable":true,"href":"https:\/\/www.jornalja.com.br\/arquivo\/wp-json\/wp\/v2\/comments?post=39766"}],"version-history":[{"count":0,"href":"https:\/\/www.jornalja.com.br\/arquivo\/wp-json\/wp\/v2\/posts\/39766\/revisions"}],"wp:attachment":[{"href":"https:\/\/www.jornalja.com.br\/arquivo\/wp-json\/wp\/v2\/media?parent=39766"}],"wp:term":[{"taxonomy":"category","embeddable":true,"href":"https:\/\/www.jornalja.com.br\/arquivo\/wp-json\/wp\/v2\/categories?post=39766"},{"taxonomy":"post_tag","embeddable":true,"href":"https:\/\/www.jornalja.com.br\/arquivo\/wp-json\/wp\/v2\/tags?post=39766"}],"curies":[{"name":"wp","href":"https:\/\/api.w.org\/{rel}","templated":true}]}}