{"id":39939,"date":"2016-09-30T22:37:38","date_gmt":"2016-10-01T01:37:38","guid":{"rendered":"https:\/\/www.jornalja.com.br\/?p=39939"},"modified":"2016-09-30T22:37:38","modified_gmt":"2016-10-01T01:37:38","slug":"inflacao-avanca-em-setembro","status":"publish","type":"post","link":"https:\/\/www.jornalja.com.br\/arquivo\/inflacao-avanca-em-setembro\/","title":{"rendered":"Infla\u00e7\u00e3o avan\u00e7a em setembro"},"content":{"rendered":"<table>\n<tbody>\n<tr>\n<td style=\"width: 574px\"><\/td>\n<\/tr>\n<tr>\n<td style=\"width: 574px\">O\u00a0<strong>\u00cdndice Geral de Pre\u00e7os \u2013 Mercado (IGP-M)<\/strong>\u00a0variou 0,20%, em setembro. Em agosto, o \u00edndice variou 0,15%. Em setembro de 2015, a varia\u00e7\u00e3o foi de 0,95%. A varia\u00e7\u00e3o acumulada em 2016, at\u00e9 setembro, \u00e9 de 6,46%. Em 12 meses, o\u00a0<strong>IGP-M<\/strong>\u00a0registrou alta de 10,66%. O\u00a0<strong>IGP-M<\/strong>\u00a0\u00e9 calculado com base nos pre\u00e7os coletados entre os dias 21 do m\u00eas anterior e 20 do m\u00eas de refer\u00eancia.<br \/>\nO\u00a0<strong>\u00cdndice de Pre\u00e7os ao Produtor Amplo (IPA)<\/strong>\u00a0apresentou taxa de varia\u00e7\u00e3o de 0,18%. No m\u00eas anterior, a taxa foi de 0,04%. O \u00edndice relativo aos\u00a0<strong>Bens Finais<\/strong>\u00a0variou -0,25%, em setembro. Em agosto, este grupo de produtos mostrou varia\u00e7\u00e3o de 0,15%. Contribuiu para este recuo o subgrupo\u00a0<em>alimentos in natura<\/em>, cuja taxa de varia\u00e7\u00e3o passou de -0,54% para -6,36%. Excluindo-se os subgrupos<em>\u00a0alimentos in natura<\/em>\u00a0e<em>combust\u00edveis para o consumo<\/em>, o \u00edndice de\u00a0<strong>Bens Finais (ex)\u00a0<\/strong>registrou varia\u00e7\u00e3o de 0,53%. Em agosto, a taxa foi de 0,22%.<br \/>\nO \u00cdndice de Pre\u00e7os ao Produtor Amplo (IPA) apresentou taxa de varia\u00e7\u00e3o de 0,18%. No m\u00eas anterior, a taxa foi de 0,04%. O \u00edndice relativo aos Bens Finais variou -0,25%, em setembro. Em agosto, este grupo de produtos mostrou varia\u00e7\u00e3o de 0,15%. Contribuiu para este recuo o subgrupo alimentos in natura, cuja taxa de varia\u00e7\u00e3o passou de -0,54% para -6,36%. Excluindo-se os subgrupos alimentos in natura e combust\u00edveis para o consumo, o \u00edndice de Bens Finais (ex) registrou varia\u00e7\u00e3o de 0,53%. Em agosto, a taxa foi de 0,22%.<br \/>\nO \u00edndice referente ao grupo Bens Intermedi\u00e1rios variou -0,33%. Em agosto, a taxa foi de -0,36%. O principal respons\u00e1vel por este movimento foi o subgrupo materiais e componentes para a manufatura,cuja taxa de varia\u00e7\u00e3o passou de -0,76% para -0,50%. O \u00edndice de Bens Intermedi\u00e1rios (ex), calculado ap\u00f3s a exclus\u00e3o do subgrupo combust\u00edveis e lubrificantes para a produ\u00e7\u00e3o, variou -0,28%, ante -0,50%, em agosto.<br \/>\nNo est\u00e1gio inicial da produ\u00e7\u00e3o, o \u00edndice do grupo Mat\u00e9rias-Primas Brutas variou 1,27%, em setembro. Em agosto, o \u00edndice registrou varia\u00e7\u00e3o de 0,34%. Os itens que mais contribu\u00edram para este movimento foram: soja (em gr\u00e3o) (-8,51% para -0,02%), min\u00e9rio de ferro (3,21% para 8,56%) e mandioca (aipim) (6,01% para 8,95%). Em sentido oposto, destacam-se: milho (em gr\u00e3o) (5,27% para -6,43%), leite in natura (8,64% para 1,98%) e arroz (em casca) (7,05% para 0,05%).<br \/>\nO \u00cdndice de Pre\u00e7os ao Consumidor (IPC) registrou varia\u00e7\u00e3o de 0,16%, em setembro, ante 0,40%, em agosto. Seis das oito classes de despesa componentes do \u00edndice registraram decr\u00e9scimo em suas taxas de varia\u00e7\u00e3o. A principal contribui\u00e7\u00e3o partiu do grupo Alimenta\u00e7\u00e3o (0,66% para 0,09%). Nesta classe de despesa, vale citar o comportamento do item latic\u00ednios, cuja taxa passou de 6,46% para -1,39%.<br \/>\nTamb\u00e9m apresentaram decr\u00e9scimo em suas taxas de varia\u00e7\u00e3o os grupos: Transportes (0,27% para -0,12%), Sa\u00fade e Cuidados Pessoais (0,76% para 0,40%), Educa\u00e7\u00e3o, Leitura e Recrea\u00e7\u00e3o (0,83% para 0,56%), Comunica\u00e7\u00e3o (0,39% para 0,02%) e Despesas Diversas (0,10% para -0,27%). Nestas classes de despesa, os destaques foram: gasolina (0,16% para -1,13%), artigos de higiene e cuidado pessoal (1,98% para -0,14%), show musical (9,29% para 3,43%), tarifa de telefone m\u00f3vel (1,46% para -0,01%)e correio e telefone p\u00fablico (1,65% para 0,18%), respectivamente.<br \/>\nEm contrapartida, apresentaram acr\u00e9scimo em suas taxas de varia\u00e7\u00e3o os grupos: Habita\u00e7\u00e3o (0,01% para 0,24%) e Vestu\u00e1rio (0,07% para 0,20%). Nestas classes de despesa, destacaram-se: tarifa de eletricidade residencial (-1,50% para -0,07%) e roupas femininas (-0,50% para 0,44%), respectivamente.<br \/>\nO \u00cdndice Nacional de Custo da Constru\u00e7\u00e3o (INCC) registrou, em setembro, varia\u00e7\u00e3o de 0,37%, acima do resultado de agosto, de 0,26%. O \u00edndice relativo a Materiais, Equipamentos e Servi\u00e7os registrou varia\u00e7\u00e3o de 0,16%. No m\u00eas anterior, a taxa havia sido de 0,26%. O \u00edndice que representa o custo da M\u00e3o de Obra registrou taxa de 0,55%. No m\u00eas anterior, este grupo variou 0,26%.<\/td>\n<\/tr>\n<\/tbody>\n<\/table>\n<p>&nbsp;<\/p>\n","protected":false},"excerpt":{"rendered":"<p>O\u00a0\u00cdndice Geral de Pre\u00e7os \u2013 Mercado (IGP-M)\u00a0variou 0,20%, em setembro. Em agosto, o \u00edndice variou 0,15%. Em setembro de 2015, a varia\u00e7\u00e3o foi de 0,95%. A varia\u00e7\u00e3o acumulada em 2016, at\u00e9 setembro, \u00e9 de 6,46%. Em 12 meses, o\u00a0IGP-M\u00a0registrou alta de 10,66%. O\u00a0IGP-M\u00a0\u00e9 calculado com base nos pre\u00e7os coletados entre os dias 21 do m\u00eas [&hellip;]<\/p>\n","protected":false},"author":4,"featured_media":0,"comment_status":"open","ping_status":"closed","sticky":false,"template":"","format":"standard","meta":{"_jetpack_newsletter_access":"","_jetpack_dont_email_post_to_subs":false,"_jetpack_newsletter_tier_id":0,"_jetpack_memberships_contains_paywalled_content":false,"_jetpack_feature_clip_id":0,"_jetpack_memberships_contains_paid_content":false,"footnotes":"","jetpack_post_was_ever_published":false},"categories":[2022],"tags":[],"class_list":["post-39939","post","type-post","status-publish","format-standard","hentry","category-notas"],"aioseo_notices":[],"aioseo_head":"\n\t\t<!-- All in One SEO 5.0.1.1 - aioseo.com -->\n\t<meta name=\"robots\" content=\"max-image-preview:large\" \/>\n\t<meta name=\"author\" content=\"da Reda\u00e7\u00e3o\"\/>\n\t<link rel=\"canonical\" href=\"https:\/\/www.jornalja.com.br\/arquivo\/inflacao-avanca-em-setembro\/\" \/>\n\t<meta name=\"generator\" content=\"All in One SEO (AIOSEO) 5.0.1.1\" \/>\n\t\t<meta property=\"og:locale\" content=\"pt_BR\" \/>\n\t\t<meta property=\"og:site_name\" content=\"Arquivo | Jornal J\u00c1 | Porto Alegre\" \/>\n\t\t<meta property=\"og:type\" content=\"article\" \/>\n\t\t<meta property=\"og:title\" content=\"Infla\u00e7\u00e3o avan\u00e7a em setembro | Arquivo\" \/>\n\t\t<meta property=\"og:url\" content=\"https:\/\/www.jornalja.com.br\/arquivo\/inflacao-avanca-em-setembro\/\" \/>\n\t\t<meta property=\"og:image\" content=\"https:\/\/www.jornalja.com.br\/economics\/wp-content\/uploads\/sites\/11\/2026\/08\/ja-folhaderosto-facebook.jpg\" \/>\n\t\t<meta property=\"og:image:secure_url\" content=\"https:\/\/www.jornalja.com.br\/economics\/wp-content\/uploads\/sites\/11\/2026\/08\/ja-folhaderosto-facebook.jpg\" \/>\n\t\t<meta property=\"article:published_time\" content=\"2016-10-01T01:37:38+00:00\" \/>\n\t\t<meta property=\"article:modified_time\" content=\"2016-10-01T01:37:38+00:00\" \/>\n\t\t<meta name=\"twitter:card\" content=\"summary\" \/>\n\t\t<meta name=\"twitter:title\" content=\"Infla\u00e7\u00e3o avan\u00e7a em setembro | Arquivo\" \/>\n\t\t<meta name=\"twitter:image\" content=\"https:\/\/www.jornalja.com.br\/economics\/wp-content\/uploads\/sites\/11\/2026\/08\/ja-folhaderosto-facebook.jpg\" \/>\n\t\t<script type=\"application\/ld+json\" class=\"aioseo-schema\">\n\t\t\t{\"@context\":\"https:\\\/\\\/schema.org\",\"@graph\":[{\"@type\":\"BlogPosting\",\"@id\":\"https:\\\/\\\/www.jornalja.com.br\\\/arquivo\\\/inflacao-avanca-em-setembro\\\/#blogposting\",\"name\":\"Infla\\u00e7\\u00e3o avan\\u00e7a em setembro | Arquivo\",\"headline\":\"Infla\\u00e7\\u00e3o avan\\u00e7a em setembro\",\"author\":{\"@id\":\"https:\\\/\\\/www.jornalja.com.br\\\/arquivo\\\/author\\\/daredacao\\\/#author\"},\"publisher\":{\"@id\":\"https:\\\/\\\/www.jornalja.com.br\\\/arquivo\\\/#organization\"},\"image\":{\"@type\":\"ImageObject\",\"url\":\"https:\\\/\\\/www.jornalja.com.br\\\/wp-content\\\/uploads\\\/cards\\\/JAslogan.png\",\"@id\":\"https:\\\/\\\/www.jornalja.com.br\\\/arquivo\\\/#articleImage\"},\"datePublished\":\"2016-09-30T22:37:38-03:00\",\"dateModified\":\"2016-09-30T22:37:38-03:00\",\"inLanguage\":\"pt-BR\",\"mainEntityOfPage\":{\"@id\":\"https:\\\/\\\/www.jornalja.com.br\\\/arquivo\\\/inflacao-avanca-em-setembro\\\/#webpage\"},\"isPartOf\":{\"@id\":\"https:\\\/\\\/www.jornalja.com.br\\\/arquivo\\\/inflacao-avanca-em-setembro\\\/#webpage\"},\"articleSection\":\"NOTAS\"},{\"@type\":\"BreadcrumbList\",\"@id\":\"https:\\\/\\\/www.jornalja.com.br\\\/arquivo\\\/inflacao-avanca-em-setembro\\\/#breadcrumblist\",\"itemListElement\":[{\"@type\":\"ListItem\",\"@id\":\"https:\\\/\\\/www.jornalja.com.br\\\/arquivo#listItem\",\"position\":1,\"name\":\"Home\",\"item\":\"https:\\\/\\\/www.jornalja.com.br\\\/arquivo\",\"nextItem\":{\"@type\":\"ListItem\",\"@id\":\"https:\\\/\\\/www.jornalja.com.br\\\/arquivo\\\/category\\\/notas\\\/#listItem\",\"name\":\"NOTAS\"}},{\"@type\":\"ListItem\",\"@id\":\"https:\\\/\\\/www.jornalja.com.br\\\/arquivo\\\/category\\\/notas\\\/#listItem\",\"position\":2,\"name\":\"NOTAS\",\"item\":\"https:\\\/\\\/www.jornalja.com.br\\\/arquivo\\\/category\\\/notas\\\/\",\"nextItem\":{\"@type\":\"ListItem\",\"@id\":\"https:\\\/\\\/www.jornalja.com.br\\\/arquivo\\\/inflacao-avanca-em-setembro\\\/#listItem\",\"name\":\"Infla\\u00e7\\u00e3o avan\\u00e7a em setembro\"},\"previousItem\":{\"@type\":\"ListItem\",\"@id\":\"https:\\\/\\\/www.jornalja.com.br\\\/arquivo#listItem\",\"name\":\"Home\"}},{\"@type\":\"ListItem\",\"@id\":\"https:\\\/\\\/www.jornalja.com.br\\\/arquivo\\\/inflacao-avanca-em-setembro\\\/#listItem\",\"position\":3,\"name\":\"Infla\\u00e7\\u00e3o avan\\u00e7a em setembro\",\"previousItem\":{\"@type\":\"ListItem\",\"@id\":\"https:\\\/\\\/www.jornalja.com.br\\\/arquivo\\\/category\\\/notas\\\/#listItem\",\"name\":\"NOTAS\"}}]},{\"@type\":\"Organization\",\"@id\":\"https:\\\/\\\/www.jornalja.com.br\\\/arquivo\\\/#organization\",\"name\":\"Jornal J\\u00c1\",\"description\":\"Jornal J\\u00c1 | Porto Alegre\",\"url\":\"https:\\\/\\\/www.jornalja.com.br\\\/arquivo\\\/\",\"telephone\":\"+555133307272\",\"logo\":{\"@type\":\"ImageObject\",\"url\":\"https:\\\/\\\/www.jornalja.com.br\\\/wp-content\\\/uploads\\\/cards\\\/JAslogan.png\",\"@id\":\"https:\\\/\\\/www.jornalja.com.br\\\/arquivo\\\/inflacao-avanca-em-setembro\\\/#organizationLogo\"},\"image\":{\"@id\":\"https:\\\/\\\/www.jornalja.com.br\\\/arquivo\\\/inflacao-avanca-em-setembro\\\/#organizationLogo\"}},{\"@type\":\"Person\",\"@id\":\"https:\\\/\\\/www.jornalja.com.br\\\/arquivo\\\/author\\\/daredacao\\\/#author\",\"url\":\"https:\\\/\\\/www.jornalja.com.br\\\/arquivo\\\/author\\\/daredacao\\\/\",\"name\":\"da Reda\\u00e7\\u00e3o\",\"image\":{\"@type\":\"ImageObject\",\"@id\":\"https:\\\/\\\/www.jornalja.com.br\\\/arquivo\\\/inflacao-avanca-em-setembro\\\/#authorImage\",\"url\":\"https:\\\/\\\/secure.gravatar.com\\\/avatar\\\/469fd857d6605ad19919d27ed29d35a968a25f6e8fd9318356bbb7f57aae9c65?s=96&d=mm&r=g\",\"width\":96,\"height\":96,\"caption\":\"da Reda\\u00e7\\u00e3o\"}},{\"@type\":\"WebPage\",\"@id\":\"https:\\\/\\\/www.jornalja.com.br\\\/arquivo\\\/inflacao-avanca-em-setembro\\\/#webpage\",\"url\":\"https:\\\/\\\/www.jornalja.com.br\\\/arquivo\\\/inflacao-avanca-em-setembro\\\/\",\"name\":\"Infla\\u00e7\\u00e3o avan\\u00e7a em setembro | Arquivo\",\"inLanguage\":\"pt-BR\",\"isPartOf\":{\"@id\":\"https:\\\/\\\/www.jornalja.com.br\\\/arquivo\\\/#website\"},\"breadcrumb\":{\"@id\":\"https:\\\/\\\/www.jornalja.com.br\\\/arquivo\\\/inflacao-avanca-em-setembro\\\/#breadcrumblist\"},\"author\":{\"@id\":\"https:\\\/\\\/www.jornalja.com.br\\\/arquivo\\\/author\\\/daredacao\\\/#author\"},\"creator\":{\"@id\":\"https:\\\/\\\/www.jornalja.com.br\\\/arquivo\\\/author\\\/daredacao\\\/#author\"},\"datePublished\":\"2016-09-30T22:37:38-03:00\",\"dateModified\":\"2016-09-30T22:37:38-03:00\"},{\"@type\":\"WebSite\",\"@id\":\"https:\\\/\\\/www.jornalja.com.br\\\/arquivo\\\/#website\",\"url\":\"https:\\\/\\\/www.jornalja.com.br\\\/arquivo\\\/\",\"name\":\"Arquivo\",\"description\":\"Jornal J\\u00c1 | Porto Alegre\",\"inLanguage\":\"pt-BR\",\"publisher\":{\"@id\":\"https:\\\/\\\/www.jornalja.com.br\\\/arquivo\\\/#organization\"}}]}\n\t\t<\/script>\n\t\t<!-- All in One SEO -->\n\n","aioseo_head_json":{"title":"Infla\u00e7\u00e3o avan\u00e7a em setembro | Arquivo","description":"","canonical_url":"https:\/\/www.jornalja.com.br\/arquivo\/inflacao-avanca-em-setembro\/","robots":"max-image-preview:large","keywords":"","webmasterTools":{"miscellaneous":""},"schema":{"@context":"https:\/\/schema.org","@graph":[{"@type":"BlogPosting","@id":"https:\/\/www.jornalja.com.br\/arquivo\/inflacao-avanca-em-setembro\/#blogposting","name":"Infla\u00e7\u00e3o avan\u00e7a em setembro | Arquivo","headline":"Infla\u00e7\u00e3o avan\u00e7a em setembro","author":{"@id":"https:\/\/www.jornalja.com.br\/arquivo\/author\/daredacao\/#author"},"publisher":{"@id":"https:\/\/www.jornalja.com.br\/arquivo\/#organization"},"image":{"@type":"ImageObject","url":"https:\/\/www.jornalja.com.br\/wp-content\/uploads\/cards\/JAslogan.png","@id":"https:\/\/www.jornalja.com.br\/arquivo\/#articleImage"},"datePublished":"2016-09-30T22:37:38-03:00","dateModified":"2016-09-30T22:37:38-03:00","inLanguage":"pt-BR","mainEntityOfPage":{"@id":"https:\/\/www.jornalja.com.br\/arquivo\/inflacao-avanca-em-setembro\/#webpage"},"isPartOf":{"@id":"https:\/\/www.jornalja.com.br\/arquivo\/inflacao-avanca-em-setembro\/#webpage"},"articleSection":"NOTAS"},{"@type":"BreadcrumbList","@id":"https:\/\/www.jornalja.com.br\/arquivo\/inflacao-avanca-em-setembro\/#breadcrumblist","itemListElement":[{"@type":"ListItem","@id":"https:\/\/www.jornalja.com.br\/arquivo#listItem","position":1,"name":"Home","item":"https:\/\/www.jornalja.com.br\/arquivo","nextItem":{"@type":"ListItem","@id":"https:\/\/www.jornalja.com.br\/arquivo\/category\/notas\/#listItem","name":"NOTAS"}},{"@type":"ListItem","@id":"https:\/\/www.jornalja.com.br\/arquivo\/category\/notas\/#listItem","position":2,"name":"NOTAS","item":"https:\/\/www.jornalja.com.br\/arquivo\/category\/notas\/","nextItem":{"@type":"ListItem","@id":"https:\/\/www.jornalja.com.br\/arquivo\/inflacao-avanca-em-setembro\/#listItem","name":"Infla\u00e7\u00e3o avan\u00e7a em setembro"},"previousItem":{"@type":"ListItem","@id":"https:\/\/www.jornalja.com.br\/arquivo#listItem","name":"Home"}},{"@type":"ListItem","@id":"https:\/\/www.jornalja.com.br\/arquivo\/inflacao-avanca-em-setembro\/#listItem","position":3,"name":"Infla\u00e7\u00e3o avan\u00e7a em setembro","previousItem":{"@type":"ListItem","@id":"https:\/\/www.jornalja.com.br\/arquivo\/category\/notas\/#listItem","name":"NOTAS"}}]},{"@type":"Organization","@id":"https:\/\/www.jornalja.com.br\/arquivo\/#organization","name":"Jornal J\u00c1","description":"Jornal J\u00c1 | Porto Alegre","url":"https:\/\/www.jornalja.com.br\/arquivo\/","telephone":"+555133307272","logo":{"@type":"ImageObject","url":"https:\/\/www.jornalja.com.br\/wp-content\/uploads\/cards\/JAslogan.png","@id":"https:\/\/www.jornalja.com.br\/arquivo\/inflacao-avanca-em-setembro\/#organizationLogo"},"image":{"@id":"https:\/\/www.jornalja.com.br\/arquivo\/inflacao-avanca-em-setembro\/#organizationLogo"}},{"@type":"Person","@id":"https:\/\/www.jornalja.com.br\/arquivo\/author\/daredacao\/#author","url":"https:\/\/www.jornalja.com.br\/arquivo\/author\/daredacao\/","name":"da Reda\u00e7\u00e3o","image":{"@type":"ImageObject","@id":"https:\/\/www.jornalja.com.br\/arquivo\/inflacao-avanca-em-setembro\/#authorImage","url":"https:\/\/secure.gravatar.com\/avatar\/469fd857d6605ad19919d27ed29d35a968a25f6e8fd9318356bbb7f57aae9c65?s=96&d=mm&r=g","width":96,"height":96,"caption":"da Reda\u00e7\u00e3o"}},{"@type":"WebPage","@id":"https:\/\/www.jornalja.com.br\/arquivo\/inflacao-avanca-em-setembro\/#webpage","url":"https:\/\/www.jornalja.com.br\/arquivo\/inflacao-avanca-em-setembro\/","name":"Infla\u00e7\u00e3o avan\u00e7a em setembro | Arquivo","inLanguage":"pt-BR","isPartOf":{"@id":"https:\/\/www.jornalja.com.br\/arquivo\/#website"},"breadcrumb":{"@id":"https:\/\/www.jornalja.com.br\/arquivo\/inflacao-avanca-em-setembro\/#breadcrumblist"},"author":{"@id":"https:\/\/www.jornalja.com.br\/arquivo\/author\/daredacao\/#author"},"creator":{"@id":"https:\/\/www.jornalja.com.br\/arquivo\/author\/daredacao\/#author"},"datePublished":"2016-09-30T22:37:38-03:00","dateModified":"2016-09-30T22:37:38-03:00"},{"@type":"WebSite","@id":"https:\/\/www.jornalja.com.br\/arquivo\/#website","url":"https:\/\/www.jornalja.com.br\/arquivo\/","name":"Arquivo","description":"Jornal J\u00c1 | Porto Alegre","inLanguage":"pt-BR","publisher":{"@id":"https:\/\/www.jornalja.com.br\/arquivo\/#organization"}}]},"og:locale":"pt_BR","og:site_name":"Arquivo | Jornal J\u00c1 | Porto Alegre","og:type":"article","og:title":"Infla\u00e7\u00e3o avan\u00e7a em setembro | Arquivo","og:url":"https:\/\/www.jornalja.com.br\/arquivo\/inflacao-avanca-em-setembro\/","og:image":"https:\/\/www.jornalja.com.br\/economics\/wp-content\/uploads\/sites\/11\/2026\/08\/ja-folhaderosto-facebook.jpg","og:image:secure_url":"https:\/\/www.jornalja.com.br\/economics\/wp-content\/uploads\/sites\/11\/2026\/08\/ja-folhaderosto-facebook.jpg","article:published_time":"2016-10-01T01:37:38+00:00","article:modified_time":"2016-10-01T01:37:38+00:00","twitter:card":"summary","twitter:title":"Infla\u00e7\u00e3o avan\u00e7a em setembro | Arquivo","twitter:image":"https:\/\/www.jornalja.com.br\/economics\/wp-content\/uploads\/sites\/11\/2026\/08\/ja-folhaderosto-facebook.jpg"},"aioseo_meta_data":{"post_id":"39939","title":null,"description":null,"keywords":null,"keyphrases":null,"primary_term":null,"canonical_url":null,"og_title":null,"og_description":null,"og_object_type":"default","og_image_type":"default","og_image_url":null,"og_image_width":null,"og_image_height":null,"og_image_custom_url":null,"og_image_custom_fields":null,"og_video":null,"og_custom_url":null,"og_article_section":null,"og_article_tags":null,"twitter_use_og":false,"twitter_card":"default","twitter_image_type":"default","twitter_image_url":null,"twitter_image_custom_url":null,"twitter_image_custom_fields":null,"twitter_title":null,"twitter_description":null,"schema":{"blockGraphs":[],"customGraphs":[],"default":{"data":{"Article":[],"Course":[],"Dataset":[],"FAQPage":[],"Movie":[],"Person":[],"Product":[],"ProductReview":[],"Car":[],"Recipe":[],"Service":[],"SoftwareApplication":[],"WebPage":[]},"graphName":"","isEnabled":true},"graphs":[],"defaultGraph":"","defaultPostTypeGraph":""},"schema_type":null,"schema_type_options":null,"pillar_content":false,"robots_default":true,"robots_noindex":false,"robots_noarchive":false,"robots_nosnippet":false,"robots_nofollow":false,"robots_noimageindex":false,"robots_noodp":false,"robots_notranslate":false,"robots_max_snippet":null,"robots_max_videopreview":null,"robots_max_imagepreview":"large","priority":null,"frequency":null,"location":null,"local_seo":null,"breadcrumb_settings":null,"limit_modified_date":false,"ai":null,"created":"2020-12-20 20:49:38","updated":"2025-07-19 17:11:14","seo_analyzer_scan_date":null,"focus_keyword":null,"additional_keywords":null,"truseo_locale":null},"jetpack_sharing_enabled":true,"jetpack-related-posts":[],"jetpack_shortlink":"https:\/\/wp.me\/pbQjBd-aob","jetpack_featured_media_url":"","_links":{"self":[{"href":"https:\/\/www.jornalja.com.br\/arquivo\/wp-json\/wp\/v2\/posts\/39939","targetHints":{"allow":["GET"]}}],"collection":[{"href":"https:\/\/www.jornalja.com.br\/arquivo\/wp-json\/wp\/v2\/posts"}],"about":[{"href":"https:\/\/www.jornalja.com.br\/arquivo\/wp-json\/wp\/v2\/types\/post"}],"author":[{"embeddable":true,"href":"https:\/\/www.jornalja.com.br\/arquivo\/wp-json\/wp\/v2\/users\/4"}],"replies":[{"embeddable":true,"href":"https:\/\/www.jornalja.com.br\/arquivo\/wp-json\/wp\/v2\/comments?post=39939"}],"version-history":[{"count":0,"href":"https:\/\/www.jornalja.com.br\/arquivo\/wp-json\/wp\/v2\/posts\/39939\/revisions"}],"wp:attachment":[{"href":"https:\/\/www.jornalja.com.br\/arquivo\/wp-json\/wp\/v2\/media?parent=39939"}],"wp:term":[{"taxonomy":"category","embeddable":true,"href":"https:\/\/www.jornalja.com.br\/arquivo\/wp-json\/wp\/v2\/categories?post=39939"},{"taxonomy":"post_tag","embeddable":true,"href":"https:\/\/www.jornalja.com.br\/arquivo\/wp-json\/wp\/v2\/tags?post=39939"}],"curies":[{"name":"wp","href":"https:\/\/api.w.org\/{rel}","templated":true}]}}