{"id":40005,"date":"2016-10-04T19:29:15","date_gmt":"2016-10-04T22:29:15","guid":{"rendered":"https:\/\/www.jornalja.com.br\/?p=40005"},"modified":"2016-10-04T19:29:15","modified_gmt":"2016-10-04T22:29:15","slug":"greve-dos-bancarios-completa-30-dias-sem-nova-proposta-da-fenaban","status":"publish","type":"post","link":"https:\/\/www.jornalja.com.br\/arquivo\/greve-dos-bancarios-completa-30-dias-sem-nova-proposta-da-fenaban\/","title":{"rendered":"Greve dos banc\u00e1rios completa 30 dias, sem nova proposta da Fenaban"},"content":{"rendered":"<p>A greve dos banc\u00e1rios completa 30\u00a0dias nessa quarta-feira (5\/10). A negocia\u00e7\u00e3o com os bancos est\u00e1 paralisada h\u00e1 uma semana. A press\u00e3o aumenta:\u00a0em vez de nova proposta dos bancos, o que t\u00eam s\u00e3o interditos proibit\u00f3rios, liminares da OAB-RS e de representantes das donas de casa. Estas duas liminares foram derrubadas por mandado de seguran\u00e7a. Mandato de seguran\u00e7a do SindBanc\u00e1rios derrubou interdito proibit\u00f3rio do Santander. H\u00e1 outros, do Bradesco e do Ita\u00fa.<br \/>\nNa \u00e1rea de abrang\u00eancia do SindBanc\u00e1rios, 307 ag\u00eancias ficaram fechadas, totalizando 1.042 ag\u00eancias fechadas no Rio Grande do Sul.<br \/>\nNa manh\u00e3 desta ter\u00e7a-feira (4\/10), houve uma concentra\u00e7\u00e3o em frente ao Santander, no Centro de Porto Alegre Cultural. Na quarta-feira, a partir das 7h30, est\u00e3o programadas as sa\u00eddas dos piquetes m\u00f3veis para o convencimento dos banc\u00e1rios para fortalecer a unidade e ampliar o movimento.<br \/>\n\u201cPrecisamos fortalecer o movimento e ampliar a unidade da categoria. Vamos conversar com os colegas e dizer que \u00e9 importante a participa\u00e7\u00e3o para dobrar a intransig\u00eancia dos banqueiros\u201d, afirmou o presidente do SindBanc\u00e1rios, Everton Gimenis.<br \/>\n<strong>Contexto pol\u00edtico<\/strong><br \/>\nO diretor da Fetrafi-RS, Juberlei Bacelo, que participou da \u00faltima reuni\u00e3o como integrante do Comando Nacional dos Banc\u00e1rios em S\u00e3o Paulo, com a Fenaban, fez uma an\u00e1lise do contexto pol\u00edtico que envolve o movimento dos banc\u00e1rios. Para o dirigente, o contexto pol\u00edtico p\u00f3s-impeachment sinaliza para a press\u00e3o do governo federal por um ajuste fiscal que tem no sistema financeiro um forte aliado.<br \/>\n\u201cEste ano, desde que a pauta nacional de reivindica\u00e7\u00f5es foi entregue \u00e0 Fenaban (em 9\/8), os banqueiros deixaram claro que teria uma mudan\u00e7a. \u00c9 a tese dos anos 1990. Para segurar a infla\u00e7\u00e3o, eles querem desindexar a economia. E isso significa n\u00e3o repassar a infla\u00e7\u00e3o para os sal\u00e1rios\u201d, explicou Juberlei.<br \/>\nOs representantes dos bancos ofereceram 7% de reajuste no piso e nas verbas salariais (aux\u00edlios e vales) e abono de R$ 3.500. O \u00edndice \u00e9 2,62% abaixo da infla\u00e7\u00e3o, que foi de 9,62%. Al\u00e9m disso, prop\u00f5em que o acordo seja fechado tamb\u00e9m para o pr\u00f3ximo ano, quando garantem a reposi\u00e7\u00e3o da infla\u00e7\u00e3o e 0,5% de aumento real.<br \/>\nOs banc\u00e1rios n\u00e3o abrem m\u00e3o de obter ao menos a reposi\u00e7\u00e3o da infla\u00e7\u00e3o.<\/p>\n","protected":false},"excerpt":{"rendered":"<p>A greve dos banc\u00e1rios completa 30\u00a0dias nessa quarta-feira (5\/10). A negocia\u00e7\u00e3o com os bancos est\u00e1 paralisada h\u00e1 uma semana. A press\u00e3o aumenta:\u00a0em vez de nova proposta dos bancos, o que t\u00eam s\u00e3o interditos proibit\u00f3rios, liminares da OAB-RS e de representantes das donas de casa. Estas duas liminares foram derrubadas por mandado de seguran\u00e7a. Mandato de [&hellip;]<\/p>\n","protected":false},"author":4,"featured_media":40039,"comment_status":"open","ping_status":"closed","sticky":false,"template":"","format":"standard","meta":{"_jetpack_newsletter_access":"","_jetpack_dont_email_post_to_subs":false,"_jetpack_newsletter_tier_id":0,"_jetpack_memberships_contains_paywalled_content":false,"_jetpack_feature_clip_id":0,"_jetpack_memberships_contains_paid_content":false,"footnotes":"","jetpack_post_was_ever_published":false},"categories":[2016],"tags":[],"class_list":["post-40005","post","type-post","status-publish","format-standard","has-post-thumbnail","hentry","category-materia-vencida"],"aioseo_notices":[],"aioseo_head":"\n\t\t<!-- All in One SEO 5.0.1.1 - aioseo.com -->\n\t<meta name=\"robots\" content=\"max-image-preview:large\" \/>\n\t<meta name=\"author\" content=\"da Reda\u00e7\u00e3o\"\/>\n\t<link rel=\"canonical\" href=\"https:\/\/www.jornalja.com.br\/arquivo\/greve-dos-bancarios-completa-30-dias-sem-nova-proposta-da-fenaban\/\" \/>\n\t<meta name=\"generator\" content=\"All in One SEO (AIOSEO) 5.0.1.1\" \/>\n\t\t<meta property=\"og:locale\" content=\"pt_BR\" \/>\n\t\t<meta property=\"og:site_name\" content=\"Arquivo | Jornal J\u00c1 | Porto Alegre\" \/>\n\t\t<meta property=\"og:type\" content=\"article\" \/>\n\t\t<meta property=\"og:title\" content=\"Greve dos banc\u00e1rios completa 30 dias, sem nova proposta da Fenaban | Arquivo\" \/>\n\t\t<meta property=\"og:url\" content=\"https:\/\/www.jornalja.com.br\/arquivo\/greve-dos-bancarios-completa-30-dias-sem-nova-proposta-da-fenaban\/\" \/>\n\t\t<meta property=\"og:image\" content=\"https:\/\/www.jornalja.com.br\/economics\/wp-content\/uploads\/sites\/11\/2026\/08\/ja-folhaderosto-facebook.jpg\" \/>\n\t\t<meta property=\"og:image:secure_url\" content=\"https:\/\/www.jornalja.com.br\/economics\/wp-content\/uploads\/sites\/11\/2026\/08\/ja-folhaderosto-facebook.jpg\" \/>\n\t\t<meta property=\"article:published_time\" content=\"2016-10-04T22:29:15+00:00\" \/>\n\t\t<meta property=\"article:modified_time\" content=\"2016-10-04T22:29:15+00:00\" \/>\n\t\t<meta name=\"twitter:card\" content=\"summary\" \/>\n\t\t<meta name=\"twitter:title\" content=\"Greve dos banc\u00e1rios completa 30 dias, sem nova proposta da Fenaban | Arquivo\" \/>\n\t\t<meta name=\"twitter:image\" content=\"https:\/\/www.jornalja.com.br\/economics\/wp-content\/uploads\/sites\/11\/2026\/08\/ja-folhaderosto-facebook.jpg\" \/>\n\t\t<script type=\"application\/ld+json\" class=\"aioseo-schema\">\n\t\t\t{\"@context\":\"https:\\\/\\\/schema.org\",\"@graph\":[{\"@type\":\"BlogPosting\",\"@id\":\"https:\\\/\\\/www.jornalja.com.br\\\/arquivo\\\/greve-dos-bancarios-completa-30-dias-sem-nova-proposta-da-fenaban\\\/#blogposting\",\"name\":\"Greve dos banc\\u00e1rios completa 30 dias, sem nova proposta da Fenaban | Arquivo\",\"headline\":\"Greve dos banc\\u00e1rios completa 30 dias, sem nova proposta da Fenaban\",\"author\":{\"@id\":\"https:\\\/\\\/www.jornalja.com.br\\\/arquivo\\\/author\\\/daredacao\\\/#author\"},\"publisher\":{\"@id\":\"https:\\\/\\\/www.jornalja.com.br\\\/arquivo\\\/#organization\"},\"image\":{\"@type\":\"ImageObject\",\"url\":40039},\"datePublished\":\"2016-10-04T19:29:15-03:00\",\"dateModified\":\"2016-10-04T19:29:15-03:00\",\"inLanguage\":\"pt-BR\",\"mainEntityOfPage\":{\"@id\":\"https:\\\/\\\/www.jornalja.com.br\\\/arquivo\\\/greve-dos-bancarios-completa-30-dias-sem-nova-proposta-da-fenaban\\\/#webpage\"},\"isPartOf\":{\"@id\":\"https:\\\/\\\/www.jornalja.com.br\\\/arquivo\\\/greve-dos-bancarios-completa-30-dias-sem-nova-proposta-da-fenaban\\\/#webpage\"},\"articleSection\":\"Mat\\u00e9ria vencida\"},{\"@type\":\"BreadcrumbList\",\"@id\":\"https:\\\/\\\/www.jornalja.com.br\\\/arquivo\\\/greve-dos-bancarios-completa-30-dias-sem-nova-proposta-da-fenaban\\\/#breadcrumblist\",\"itemListElement\":[{\"@type\":\"ListItem\",\"@id\":\"https:\\\/\\\/www.jornalja.com.br\\\/arquivo#listItem\",\"position\":1,\"name\":\"Home\",\"item\":\"https:\\\/\\\/www.jornalja.com.br\\\/arquivo\",\"nextItem\":{\"@type\":\"ListItem\",\"@id\":\"https:\\\/\\\/www.jornalja.com.br\\\/arquivo\\\/category\\\/materia-vencida\\\/#listItem\",\"name\":\"Mat\\u00e9ria vencida\"}},{\"@type\":\"ListItem\",\"@id\":\"https:\\\/\\\/www.jornalja.com.br\\\/arquivo\\\/category\\\/materia-vencida\\\/#listItem\",\"position\":2,\"name\":\"Mat\\u00e9ria vencida\",\"item\":\"https:\\\/\\\/www.jornalja.com.br\\\/arquivo\\\/category\\\/materia-vencida\\\/\",\"nextItem\":{\"@type\":\"ListItem\",\"@id\":\"https:\\\/\\\/www.jornalja.com.br\\\/arquivo\\\/greve-dos-bancarios-completa-30-dias-sem-nova-proposta-da-fenaban\\\/#listItem\",\"name\":\"Greve dos banc\\u00e1rios completa 30 dias, sem nova proposta da Fenaban\"},\"previousItem\":{\"@type\":\"ListItem\",\"@id\":\"https:\\\/\\\/www.jornalja.com.br\\\/arquivo#listItem\",\"name\":\"Home\"}},{\"@type\":\"ListItem\",\"@id\":\"https:\\\/\\\/www.jornalja.com.br\\\/arquivo\\\/greve-dos-bancarios-completa-30-dias-sem-nova-proposta-da-fenaban\\\/#listItem\",\"position\":3,\"name\":\"Greve dos banc\\u00e1rios completa 30 dias, sem nova proposta da Fenaban\",\"previousItem\":{\"@type\":\"ListItem\",\"@id\":\"https:\\\/\\\/www.jornalja.com.br\\\/arquivo\\\/category\\\/materia-vencida\\\/#listItem\",\"name\":\"Mat\\u00e9ria vencida\"}}]},{\"@type\":\"Organization\",\"@id\":\"https:\\\/\\\/www.jornalja.com.br\\\/arquivo\\\/#organization\",\"name\":\"Jornal J\\u00c1\",\"description\":\"Jornal J\\u00c1 | Porto Alegre\",\"url\":\"https:\\\/\\\/www.jornalja.com.br\\\/arquivo\\\/\",\"telephone\":\"+555133307272\",\"logo\":{\"@type\":\"ImageObject\",\"url\":\"https:\\\/\\\/www.jornalja.com.br\\\/wp-content\\\/uploads\\\/cards\\\/JAslogan.png\",\"@id\":\"https:\\\/\\\/www.jornalja.com.br\\\/arquivo\\\/greve-dos-bancarios-completa-30-dias-sem-nova-proposta-da-fenaban\\\/#organizationLogo\"},\"image\":{\"@id\":\"https:\\\/\\\/www.jornalja.com.br\\\/arquivo\\\/greve-dos-bancarios-completa-30-dias-sem-nova-proposta-da-fenaban\\\/#organizationLogo\"}},{\"@type\":\"Person\",\"@id\":\"https:\\\/\\\/www.jornalja.com.br\\\/arquivo\\\/author\\\/daredacao\\\/#author\",\"url\":\"https:\\\/\\\/www.jornalja.com.br\\\/arquivo\\\/author\\\/daredacao\\\/\",\"name\":\"da Reda\\u00e7\\u00e3o\",\"image\":{\"@type\":\"ImageObject\",\"@id\":\"https:\\\/\\\/www.jornalja.com.br\\\/arquivo\\\/greve-dos-bancarios-completa-30-dias-sem-nova-proposta-da-fenaban\\\/#authorImage\",\"url\":\"https:\\\/\\\/secure.gravatar.com\\\/avatar\\\/469fd857d6605ad19919d27ed29d35a968a25f6e8fd9318356bbb7f57aae9c65?s=96&d=mm&r=g\",\"width\":96,\"height\":96,\"caption\":\"da Reda\\u00e7\\u00e3o\"}},{\"@type\":\"WebPage\",\"@id\":\"https:\\\/\\\/www.jornalja.com.br\\\/arquivo\\\/greve-dos-bancarios-completa-30-dias-sem-nova-proposta-da-fenaban\\\/#webpage\",\"url\":\"https:\\\/\\\/www.jornalja.com.br\\\/arquivo\\\/greve-dos-bancarios-completa-30-dias-sem-nova-proposta-da-fenaban\\\/\",\"name\":\"Greve dos banc\\u00e1rios completa 30 dias, sem nova proposta da Fenaban | Arquivo\",\"inLanguage\":\"pt-BR\",\"isPartOf\":{\"@id\":\"https:\\\/\\\/www.jornalja.com.br\\\/arquivo\\\/#website\"},\"breadcrumb\":{\"@id\":\"https:\\\/\\\/www.jornalja.com.br\\\/arquivo\\\/greve-dos-bancarios-completa-30-dias-sem-nova-proposta-da-fenaban\\\/#breadcrumblist\"},\"author\":{\"@id\":\"https:\\\/\\\/www.jornalja.com.br\\\/arquivo\\\/author\\\/daredacao\\\/#author\"},\"creator\":{\"@id\":\"https:\\\/\\\/www.jornalja.com.br\\\/arquivo\\\/author\\\/daredacao\\\/#author\"},\"image\":{\"@type\":\"ImageObject\",\"url\":40039,\"@id\":\"https:\\\/\\\/www.jornalja.com.br\\\/arquivo\\\/greve-dos-bancarios-completa-30-dias-sem-nova-proposta-da-fenaban\\\/#mainImage\"},\"primaryImageOfPage\":{\"@id\":\"https:\\\/\\\/www.jornalja.com.br\\\/arquivo\\\/greve-dos-bancarios-completa-30-dias-sem-nova-proposta-da-fenaban\\\/#mainImage\"},\"datePublished\":\"2016-10-04T19:29:15-03:00\",\"dateModified\":\"2016-10-04T19:29:15-03:00\"},{\"@type\":\"WebSite\",\"@id\":\"https:\\\/\\\/www.jornalja.com.br\\\/arquivo\\\/#website\",\"url\":\"https:\\\/\\\/www.jornalja.com.br\\\/arquivo\\\/\",\"name\":\"Arquivo\",\"description\":\"Jornal J\\u00c1 | Porto Alegre\",\"inLanguage\":\"pt-BR\",\"publisher\":{\"@id\":\"https:\\\/\\\/www.jornalja.com.br\\\/arquivo\\\/#organization\"}}]}\n\t\t<\/script>\n\t\t<!-- All in One SEO -->\n\n","aioseo_head_json":{"title":"Greve dos banc\u00e1rios completa 30 dias, sem nova proposta da Fenaban | Arquivo","description":"","canonical_url":"https:\/\/www.jornalja.com.br\/arquivo\/greve-dos-bancarios-completa-30-dias-sem-nova-proposta-da-fenaban\/","robots":"max-image-preview:large","keywords":"","webmasterTools":{"miscellaneous":""},"schema":{"@context":"https:\/\/schema.org","@graph":[{"@type":"BlogPosting","@id":"https:\/\/www.jornalja.com.br\/arquivo\/greve-dos-bancarios-completa-30-dias-sem-nova-proposta-da-fenaban\/#blogposting","name":"Greve dos banc\u00e1rios completa 30 dias, sem nova proposta da Fenaban | Arquivo","headline":"Greve dos banc\u00e1rios completa 30 dias, sem nova proposta da Fenaban","author":{"@id":"https:\/\/www.jornalja.com.br\/arquivo\/author\/daredacao\/#author"},"publisher":{"@id":"https:\/\/www.jornalja.com.br\/arquivo\/#organization"},"image":{"@type":"ImageObject","url":40039},"datePublished":"2016-10-04T19:29:15-03:00","dateModified":"2016-10-04T19:29:15-03:00","inLanguage":"pt-BR","mainEntityOfPage":{"@id":"https:\/\/www.jornalja.com.br\/arquivo\/greve-dos-bancarios-completa-30-dias-sem-nova-proposta-da-fenaban\/#webpage"},"isPartOf":{"@id":"https:\/\/www.jornalja.com.br\/arquivo\/greve-dos-bancarios-completa-30-dias-sem-nova-proposta-da-fenaban\/#webpage"},"articleSection":"Mat\u00e9ria vencida"},{"@type":"BreadcrumbList","@id":"https:\/\/www.jornalja.com.br\/arquivo\/greve-dos-bancarios-completa-30-dias-sem-nova-proposta-da-fenaban\/#breadcrumblist","itemListElement":[{"@type":"ListItem","@id":"https:\/\/www.jornalja.com.br\/arquivo#listItem","position":1,"name":"Home","item":"https:\/\/www.jornalja.com.br\/arquivo","nextItem":{"@type":"ListItem","@id":"https:\/\/www.jornalja.com.br\/arquivo\/category\/materia-vencida\/#listItem","name":"Mat\u00e9ria vencida"}},{"@type":"ListItem","@id":"https:\/\/www.jornalja.com.br\/arquivo\/category\/materia-vencida\/#listItem","position":2,"name":"Mat\u00e9ria vencida","item":"https:\/\/www.jornalja.com.br\/arquivo\/category\/materia-vencida\/","nextItem":{"@type":"ListItem","@id":"https:\/\/www.jornalja.com.br\/arquivo\/greve-dos-bancarios-completa-30-dias-sem-nova-proposta-da-fenaban\/#listItem","name":"Greve dos banc\u00e1rios completa 30 dias, sem nova proposta da Fenaban"},"previousItem":{"@type":"ListItem","@id":"https:\/\/www.jornalja.com.br\/arquivo#listItem","name":"Home"}},{"@type":"ListItem","@id":"https:\/\/www.jornalja.com.br\/arquivo\/greve-dos-bancarios-completa-30-dias-sem-nova-proposta-da-fenaban\/#listItem","position":3,"name":"Greve dos banc\u00e1rios completa 30 dias, sem nova proposta da Fenaban","previousItem":{"@type":"ListItem","@id":"https:\/\/www.jornalja.com.br\/arquivo\/category\/materia-vencida\/#listItem","name":"Mat\u00e9ria vencida"}}]},{"@type":"Organization","@id":"https:\/\/www.jornalja.com.br\/arquivo\/#organization","name":"Jornal J\u00c1","description":"Jornal J\u00c1 | Porto Alegre","url":"https:\/\/www.jornalja.com.br\/arquivo\/","telephone":"+555133307272","logo":{"@type":"ImageObject","url":"https:\/\/www.jornalja.com.br\/wp-content\/uploads\/cards\/JAslogan.png","@id":"https:\/\/www.jornalja.com.br\/arquivo\/greve-dos-bancarios-completa-30-dias-sem-nova-proposta-da-fenaban\/#organizationLogo"},"image":{"@id":"https:\/\/www.jornalja.com.br\/arquivo\/greve-dos-bancarios-completa-30-dias-sem-nova-proposta-da-fenaban\/#organizationLogo"}},{"@type":"Person","@id":"https:\/\/www.jornalja.com.br\/arquivo\/author\/daredacao\/#author","url":"https:\/\/www.jornalja.com.br\/arquivo\/author\/daredacao\/","name":"da Reda\u00e7\u00e3o","image":{"@type":"ImageObject","@id":"https:\/\/www.jornalja.com.br\/arquivo\/greve-dos-bancarios-completa-30-dias-sem-nova-proposta-da-fenaban\/#authorImage","url":"https:\/\/secure.gravatar.com\/avatar\/469fd857d6605ad19919d27ed29d35a968a25f6e8fd9318356bbb7f57aae9c65?s=96&d=mm&r=g","width":96,"height":96,"caption":"da Reda\u00e7\u00e3o"}},{"@type":"WebPage","@id":"https:\/\/www.jornalja.com.br\/arquivo\/greve-dos-bancarios-completa-30-dias-sem-nova-proposta-da-fenaban\/#webpage","url":"https:\/\/www.jornalja.com.br\/arquivo\/greve-dos-bancarios-completa-30-dias-sem-nova-proposta-da-fenaban\/","name":"Greve dos banc\u00e1rios completa 30 dias, sem nova proposta da Fenaban | Arquivo","inLanguage":"pt-BR","isPartOf":{"@id":"https:\/\/www.jornalja.com.br\/arquivo\/#website"},"breadcrumb":{"@id":"https:\/\/www.jornalja.com.br\/arquivo\/greve-dos-bancarios-completa-30-dias-sem-nova-proposta-da-fenaban\/#breadcrumblist"},"author":{"@id":"https:\/\/www.jornalja.com.br\/arquivo\/author\/daredacao\/#author"},"creator":{"@id":"https:\/\/www.jornalja.com.br\/arquivo\/author\/daredacao\/#author"},"image":{"@type":"ImageObject","url":40039,"@id":"https:\/\/www.jornalja.com.br\/arquivo\/greve-dos-bancarios-completa-30-dias-sem-nova-proposta-da-fenaban\/#mainImage"},"primaryImageOfPage":{"@id":"https:\/\/www.jornalja.com.br\/arquivo\/greve-dos-bancarios-completa-30-dias-sem-nova-proposta-da-fenaban\/#mainImage"},"datePublished":"2016-10-04T19:29:15-03:00","dateModified":"2016-10-04T19:29:15-03:00"},{"@type":"WebSite","@id":"https:\/\/www.jornalja.com.br\/arquivo\/#website","url":"https:\/\/www.jornalja.com.br\/arquivo\/","name":"Arquivo","description":"Jornal J\u00c1 | Porto Alegre","inLanguage":"pt-BR","publisher":{"@id":"https:\/\/www.jornalja.com.br\/arquivo\/#organization"}}]},"og:locale":"pt_BR","og:site_name":"Arquivo | Jornal J\u00c1 | Porto Alegre","og:type":"article","og:title":"Greve dos banc\u00e1rios completa 30 dias, sem nova proposta da Fenaban | Arquivo","og:url":"https:\/\/www.jornalja.com.br\/arquivo\/greve-dos-bancarios-completa-30-dias-sem-nova-proposta-da-fenaban\/","og:image":"https:\/\/www.jornalja.com.br\/economics\/wp-content\/uploads\/sites\/11\/2026\/08\/ja-folhaderosto-facebook.jpg","og:image:secure_url":"https:\/\/www.jornalja.com.br\/economics\/wp-content\/uploads\/sites\/11\/2026\/08\/ja-folhaderosto-facebook.jpg","article:published_time":"2016-10-04T22:29:15+00:00","article:modified_time":"2016-10-04T22:29:15+00:00","twitter:card":"summary","twitter:title":"Greve dos banc\u00e1rios completa 30 dias, sem nova proposta da Fenaban | Arquivo","twitter:image":"https:\/\/www.jornalja.com.br\/economics\/wp-content\/uploads\/sites\/11\/2026\/08\/ja-folhaderosto-facebook.jpg"},"aioseo_meta_data":{"post_id":"40005","title":null,"description":null,"keywords":null,"keyphrases":null,"primary_term":null,"canonical_url":null,"og_title":null,"og_description":null,"og_object_type":"default","og_image_type":"default","og_image_url":null,"og_image_width":null,"og_image_height":null,"og_image_custom_url":null,"og_image_custom_fields":null,"og_video":null,"og_custom_url":null,"og_article_section":null,"og_article_tags":null,"twitter_use_og":false,"twitter_card":"default","twitter_image_type":"default","twitter_image_url":null,"twitter_image_custom_url":null,"twitter_image_custom_fields":null,"twitter_title":null,"twitter_description":null,"schema":{"blockGraphs":[],"customGraphs":[],"default":{"data":{"Article":[],"Course":[],"Dataset":[],"FAQPage":[],"Movie":[],"Person":[],"Product":[],"ProductReview":[],"Car":[],"Recipe":[],"Service":[],"SoftwareApplication":[],"WebPage":[]},"graphName":"","isEnabled":true},"graphs":[],"defaultGraph":"","defaultPostTypeGraph":""},"schema_type":null,"schema_type_options":null,"pillar_content":false,"robots_default":true,"robots_noindex":false,"robots_noarchive":false,"robots_nosnippet":false,"robots_nofollow":false,"robots_noimageindex":false,"robots_noodp":false,"robots_notranslate":false,"robots_max_snippet":null,"robots_max_videopreview":null,"robots_max_imagepreview":"large","priority":null,"frequency":null,"location":null,"local_seo":null,"breadcrumb_settings":null,"limit_modified_date":false,"ai":null,"created":"2020-12-20 20:49:38","updated":"2025-07-19 17:16:55","seo_analyzer_scan_date":null,"focus_keyword":null,"additional_keywords":null,"truseo_locale":null},"jetpack_sharing_enabled":true,"jetpack-related-posts":[{"id":12960,"url":"https:\/\/www.jornalja.com.br\/arquivo\/populacao-culpa-empresas-pela-greve-dos-rodoviarios\/","url_meta":{"origin":40005,"position":0},"title":"Popula\u00e7\u00e3o culpa empresas pela greve","author":"Patr\u00edcia Marini","date":"14 de fevereiro de 2014","format":false,"excerpt":"Pesquisa divulgada na edi\u00e7\u00e3o do jornal Metro desta sexta-feira,14, comprova o velho ditado: \u00e9 poss\u00edvel enganar muitos por algum tempo, mas n\u00e3o \u00e9 poss\u00edvel enganar a todos o tempo inteiro. A principal revela\u00e7\u00e3o foi que 59,8% dos entrevistados apontaram as empresas como as principais respons\u00e1veis pela grave e 46% culparam\u2026","rel":"","context":"Em &quot;X.Categorias velhas&quot;","block_context":{"text":"X.Categorias velhas","link":"https:\/\/www.jornalja.com.br\/arquivo\/category\/x-categorias-velhas\/"},"img":{"alt_text":"","src":"","width":0,"height":0},"classes":[]},{"id":13124,"url":"https:\/\/www.jornalja.com.br\/arquivo\/sangue-latino-no-iecine\/","url_meta":{"origin":40005,"position":1},"title":"Sangue latino no IECINE","author":"da Reda\u00e7\u00e3o","date":"18 de maio de 2014","format":false,"excerpt":"Francisco Ribeiro O Instituto Estadual de Cinema (IECINE) tem a frente, desde abril \u00faltimo, um novo diretor, o cineasta colombiano Juan Zapata, 36, que substitui Luiz Alberto Cassol. Radicado h\u00e1 dez anos em Porto Alegre, Zapata tem diante de si o desafio de conduzir at\u00e9 o final do ano um\u2026","rel":"","context":"Em &quot;Cultura-Geral&quot;","block_context":{"text":"Cultura-Geral","link":"https:\/\/www.jornalja.com.br\/arquivo\/category\/materiasecundaria\/"},"img":{"alt_text":"","src":"","width":0,"height":0},"classes":[]},{"id":5440,"url":"https:\/\/www.jornalja.com.br\/arquivo\/casarao-da-venancio-destino-permanece-incerto\/","url_meta":{"origin":40005,"position":2},"title":"Estado ainda n\u00e3o sabe o que fazer com casar\u00e3o abandonado h\u00e1 20 anos","author":"Elmar Bones","date":"6 de julho de 2009","format":false,"excerpt":"O casar\u00e3o amarelo, numa esquina nobre de Porto Alegre (Ven\u00e2ncio Aires com Jo\u00e3o Pessoa), j\u00e1 abrigou uma escola. H\u00e1 duas d\u00e9cadas, pelo menos, est\u00e1 abandonado, porque seu propriet\u00e1rio, o governo do Estado do Rio Grande do Sul, n\u00e3o consegue achar um destino para ele. Planos n\u00e3o faltaram. O governador Ol\u00edvio\u2026","rel":"","context":"Em &quot;X.Categorias velhas&quot;","block_context":{"text":"X.Categorias velhas","link":"https:\/\/www.jornalja.com.br\/arquivo\/category\/x-categorias-velhas\/"},"img":{"alt_text":"geraldo1","src":"https:\/\/i0.wp.com\/www.jornalja.com.br\/wp-content\/uploads\/2009\/07\/geraldo1.jpg?resize=350%2C200&ssl=1","width":350,"height":200},"classes":[]},{"id":13240,"url":"https:\/\/www.jornalja.com.br\/arquivo\/plano-diretor-estamos-construindo-o-caos\/","url_meta":{"origin":40005,"position":3},"title":"Plano diretor: &quot;Estamos construindo o caos&quot;","author":"Patr\u00edcia Marini","date":"26 de maio de 2014","format":false,"excerpt":"Desabafo que arquiteta Eliana Castilhos, delegada da Regi\u00e3o de Planejamento 1, postou nas redes sociais \u00e9 um testemunho do ambiente que se criou no Conselho do Plano Diretor de Porto Alegre, onde a aprova\u00e7\u00e3o de grandes empreendimentos \u00e9 empurrada guela abaixo dos conselheiros. Ao CMDUA Como delegada da Regi\u00e3o de\u2026","rel":"","context":"Em &quot;Geral&quot;","block_context":{"text":"Geral","link":"https:\/\/www.jornalja.com.br\/arquivo\/category\/geral\/"},"img":{"alt_text":"","src":"","width":0,"height":0},"classes":[]},{"id":13101,"url":"https:\/\/www.jornalja.com.br\/arquivo\/morre-um-guerreiro-do-texto\/","url_meta":{"origin":40005,"position":4},"title":"Morre um guerreiro do texto","author":"Patr\u00edcia Marini","date":"14 de maio de 2014","format":false,"excerpt":"Por Ricardo Kotscho Reproduzido do blog do autor, 11\/5\/2014; t\u00edtulo original \u201cE l\u00e1 se foi o nosso Myltainho, guerreiro do texto\u201d. Mi\u00fado e franzino, meu amigo Myltainho era um valente e inconformado guerreiro na luta contra as injusti\u00e7as sociais, a hipocrisia, as maracutaias, o autoritarismo, a intoler\u00e2ncia, a viol\u00eancia, o\u2026","rel":"","context":"Em &quot;Geral&quot;","block_context":{"text":"Geral","link":"https:\/\/www.jornalja.com.br\/arquivo\/category\/geral\/"},"img":{"alt_text":"","src":"","width":0,"height":0},"classes":[]}],"jetpack_shortlink":"https:\/\/wp.me\/pbQjBd-apf","jetpack_featured_media_url":"","_links":{"self":[{"href":"https:\/\/www.jornalja.com.br\/arquivo\/wp-json\/wp\/v2\/posts\/40005","targetHints":{"allow":["GET"]}}],"collection":[{"href":"https:\/\/www.jornalja.com.br\/arquivo\/wp-json\/wp\/v2\/posts"}],"about":[{"href":"https:\/\/www.jornalja.com.br\/arquivo\/wp-json\/wp\/v2\/types\/post"}],"author":[{"embeddable":true,"href":"https:\/\/www.jornalja.com.br\/arquivo\/wp-json\/wp\/v2\/users\/4"}],"replies":[{"embeddable":true,"href":"https:\/\/www.jornalja.com.br\/arquivo\/wp-json\/wp\/v2\/comments?post=40005"}],"version-history":[{"count":0,"href":"https:\/\/www.jornalja.com.br\/arquivo\/wp-json\/wp\/v2\/posts\/40005\/revisions"}],"wp:attachment":[{"href":"https:\/\/www.jornalja.com.br\/arquivo\/wp-json\/wp\/v2\/media?parent=40005"}],"wp:term":[{"taxonomy":"category","embeddable":true,"href":"https:\/\/www.jornalja.com.br\/arquivo\/wp-json\/wp\/v2\/categories?post=40005"},{"taxonomy":"post_tag","embeddable":true,"href":"https:\/\/www.jornalja.com.br\/arquivo\/wp-json\/wp\/v2\/tags?post=40005"}],"curies":[{"name":"wp","href":"https:\/\/api.w.org\/{rel}","templated":true}]}}