{"id":40035,"date":"2016-10-04T19:12:35","date_gmt":"2016-10-04T22:12:35","guid":{"rendered":"https:\/\/www.jornalja.com.br\/?p=40035"},"modified":"2016-10-04T19:12:35","modified_gmt":"2016-10-04T22:12:35","slug":"cinco-projetos-continuam-trancando-a-pauta-da-assembleia","status":"publish","type":"post","link":"https:\/\/www.jornalja.com.br\/arquivo\/cinco-projetos-continuam-trancando-a-pauta-da-assembleia\/","title":{"rendered":"Cinco projetos continuam trancando a pauta da Assembleia"},"content":{"rendered":"<p class=\"MARGIN: 0cm 0cm 0pt; TEXT-AUTOSPACE: ; TEXT-INDENT: 35.4pt; mso-layout-grid-align: none\">Dos sete projetos do Executivo inicialmente previstos para serem votados na tarde desta ter\u00e7a-feira, apenas dois foram votados nesta ter\u00e7a-feira (4), a pedido do pr\u00f3prio governo estadual. As cinco propostas que deixaram de ser votadas, e que trancam a pauta desde a semana passada, dever\u00e3o ser apreciadas s\u00f3 na pr\u00f3xima ter\u00e7a (11). Outras vinte mat\u00e9rias que j\u00e1 est\u00e3o aptas a serem votadas s\u00f3 entrar\u00e3o na pauta depois disso.<\/p>\n<p class=\"MARGIN: 0cm 0cm 0pt; TEXT-AUTOSPACE: ; TEXT-INDENT: 35.4pt; mso-layout-grid-align: none\">As duas mat\u00e9rias aprovadas\u00a0na sess\u00e3o desta\u00a0tarde foram\u00a0o <a href=\"http:\/\/proweb.procergs.com.br\/consulta_proposicao.asp?SiglaTipo=PLC&amp;NroProposicao=175&amp;AnoProposicao=2016\" target=\"_blank\" rel=\"noopener noreferrer\">PL 175 2016<\/a>, autorizando o Executivo a prorrogar contrata\u00e7\u00f5es emergenciais de servidores para o Instituto-Geral de Per\u00edcias (IGP), e o <a href=\"http:\/\/proweb.procergs.com.br\/consulta_proposicao.asp?SiglaTipo=PL&amp;NroProposicao=178&amp;AnoProposicao=2016\" target=\"_blank\" rel=\"noopener noreferrer\">PL 178 2016<\/a>, autorizando\u00a0a Ceasa (Centrais de Abastecimento do Rio Grande do Sul) a contratar, em car\u00e1ter emergencial e pelo prazo de doze meses, um contador, um administrador, um advogado, um engenheiro civil e um auxiliar t\u00e9cnico de manuten\u00e7\u00e3o.<\/p>\n<p class=\"MARGIN: 0cm 0cm 0pt; TEXT-AUTOSPACE: ; TEXT-INDENT: 35.4pt; mso-layout-grid-align: none\">Os dois projetos foram aprovados por unanimidade.<\/p>\n<p class=\"MARGIN: 0cm 0cm 0pt; TEXT-AUTOSPACE: ; TEXT-INDENT: 35.4pt; mso-layout-grid-align: none\">Veja a rela\u00e7\u00e3o dos cinco projetos do Executivo que dever\u00e3o ser apreciadas na semana que vem:<\/p>\n<p class=\"MARGIN: 0cm 0cm 0pt; TEXT-AUTOSPACE: ; TEXT-INDENT: 35.4pt; mso-layout-grid-align: none\"><strong>PL 176\/2016<\/strong>, criando o Plano de Amortiza\u00e7\u00e3o do D\u00e9ficit Atuarial do Regime Financeiro de Capitaliza\u00e7\u00e3o do Regime Pr\u00f3prio da Previd\u00eancia Social (RPPS) dos Servidores Militares do Estado. Pela proposta, para a obten\u00e7\u00e3o do equil\u00edbrio financeiro e atuarial, o Estado realizar\u00e1 a amortiza\u00e7\u00e3o do d\u00e9ficit em 35 anos, atrav\u00e9s de aportes peri\u00f3dicos, que dever\u00e3o ocorrer de forma mensal, juntamente com a contribui\u00e7\u00e3o obrigat\u00f3ria de custeio previdenci\u00e1rio, atualizados de acordo com a meta atuarial estabelecida para o plano capitalizado, tendo como data-base janeiro de 2015. A amortiza\u00e7\u00e3o tamb\u00e9m poder\u00e1 ser realizada por meio de da\u00e7\u00e3o em pagamento de bens im\u00f3veis e direitos de qualquer natureza, mediante avalia\u00e7\u00e3o pr\u00e9via e an\u00e1lise do Comit\u00ea de Investimentos e aprova\u00e7\u00e3o do Conselho Deliberativo do Ipe-Previd\u00eancia, desde que possam produzir retorno financeiro adequado ao regime previdenci\u00e1rio.<\/p>\n<p class=\"MARGIN: 0cm 0cm 0pt; TEXT-AUTOSPACE: ; TEXT-INDENT: 35.4pt; mso-layout-grid-align: none\"><strong>PL 177\/2016<\/strong>, que cria o Plano de Amortiza\u00e7\u00e3o do D\u00e9ficit Atuarial do Regime Financeiro de Capitaliza\u00e7\u00e3o do Regime Pr\u00f3prio da Previd\u00eancia Social (RPPS) dos Servidores Civis do Estado, nos mesmos moldes do projeto anterior.<\/p>\n<p class=\"MARGIN: 0cm 0cm 0pt; TEXT-AUTOSPACE: ; TEXT-INDENT: 35.4pt; mso-layout-grid-align: none\"><strong>PL 141\/2016<\/strong>, introduzindo altera\u00e7\u00f5es na lei do ICMS, com o objetivo de estender o diferimento \u00e0s sa\u00eddas de m\u00e1quinas e equipamentos industriais, bem como acess\u00f3rios, que tenham como destino final o ativo permanente de estabelecimento industrial que tenha firmado Termo de Acordo ou Protocolo de Inten\u00e7\u00f5es com o Estado, prevendo diferimento, \u00e0s hip\u00f3teses em que o estabelecimento industrial contratar empresa sob a modalidade \u201cEngineering, Procurement and Construction \u2013 EPC\u201d para as opera\u00e7\u00f5es internas e importa\u00e7\u00f5es.<\/p>\n<p class=\"MARGIN: 0cm 0cm 0pt; TEXT-AUTOSPACE: ; TEXT-INDENT: 35.4pt; mso-layout-grid-align: none\"><strong>PL 181\/2016<\/strong>, que cria o Programa de Aproveitamento e Gest\u00e3o dos Im\u00f3veis do Estado, autorizando \u00e0quele Poder a alienar bens im\u00f3veis de sua propriedade, das autarquias e das funda\u00e7\u00f5es por meio de leil\u00e3o ou permuta por outros im\u00f3veis ou \u00e1reas constru\u00eddas.<\/p>\n<p class=\"MARGIN: 0cm 0cm 0pt; TEXT-AUTOSPACE: ; TEXT-INDENT: 35.4pt; mso-layout-grid-align: none\"><strong>PL 183\/2016<\/strong>, reajustando para R$ 1.800,00 a Gratifica\u00e7\u00e3o Especial de Retorno \u00e0 Atividade (Gera) estabelecida aos integrantes do Corpo Volunt\u00e1rios de Militares Inativos que atuarem exclusivamente nas atividades junto \u00e0 Brigada Militar e \u00e0 Secretaria da Seguran\u00e7a P\u00fablica, incluindo o policiamento em escolas e o videomonitoramento.<\/p>\n<p class=\"MARGIN: 0cm 0cm 0pt; TEXT-AUTOSPACE: ; TEXT-INDENT: 35.4pt; mso-layout-grid-align: none\"><em>(Fonte: ALRS)<\/em><\/p>\n","protected":false},"excerpt":{"rendered":"<p>Dos sete projetos do Executivo inicialmente previstos para serem votados na tarde desta ter\u00e7a-feira, apenas dois foram votados nesta ter\u00e7a-feira (4), a pedido do pr\u00f3prio governo estadual. As cinco propostas que deixaram de ser votadas, e que trancam a pauta desde a semana passada, dever\u00e3o ser apreciadas s\u00f3 na pr\u00f3xima ter\u00e7a (11). Outras vinte mat\u00e9rias [&hellip;]<\/p>\n","protected":false},"author":4,"featured_media":40036,"comment_status":"open","ping_status":"closed","sticky":false,"template":"","format":"standard","meta":{"_jetpack_newsletter_access":"","_jetpack_dont_email_post_to_subs":false,"_jetpack_newsletter_tier_id":0,"_jetpack_memberships_contains_paywalled_content":false,"_jetpack_feature_clip_id":0,"_jetpack_memberships_contains_paid_content":false,"footnotes":"","jetpack_post_was_ever_published":false},"categories":[2016],"tags":[],"class_list":["post-40035","post","type-post","status-publish","format-standard","has-post-thumbnail","hentry","category-materia-vencida"],"aioseo_notices":[],"aioseo_head":"\n\t\t<!-- All in One SEO 5.0.1.1 - aioseo.com -->\n\t<meta name=\"robots\" content=\"max-image-preview:large\" \/>\n\t<meta name=\"author\" content=\"da Reda\u00e7\u00e3o\"\/>\n\t<link rel=\"canonical\" href=\"https:\/\/www.jornalja.com.br\/arquivo\/cinco-projetos-continuam-trancando-a-pauta-da-assembleia\/\" \/>\n\t<meta name=\"generator\" content=\"All in One SEO (AIOSEO) 5.0.1.1\" \/>\n\t\t<meta property=\"og:locale\" content=\"pt_BR\" \/>\n\t\t<meta property=\"og:site_name\" content=\"Arquivo | Jornal J\u00c1 | Porto Alegre\" \/>\n\t\t<meta property=\"og:type\" content=\"article\" \/>\n\t\t<meta property=\"og:title\" content=\"Cinco projetos continuam trancando a pauta da Assembleia | Arquivo\" \/>\n\t\t<meta property=\"og:url\" content=\"https:\/\/www.jornalja.com.br\/arquivo\/cinco-projetos-continuam-trancando-a-pauta-da-assembleia\/\" \/>\n\t\t<meta property=\"og:image\" content=\"https:\/\/www.jornalja.com.br\/economics\/wp-content\/uploads\/sites\/11\/2026\/08\/ja-folhaderosto-facebook.jpg\" \/>\n\t\t<meta property=\"og:image:secure_url\" content=\"https:\/\/www.jornalja.com.br\/economics\/wp-content\/uploads\/sites\/11\/2026\/08\/ja-folhaderosto-facebook.jpg\" \/>\n\t\t<meta property=\"article:published_time\" content=\"2016-10-04T22:12:35+00:00\" \/>\n\t\t<meta property=\"article:modified_time\" content=\"2016-10-04T22:12:35+00:00\" \/>\n\t\t<meta name=\"twitter:card\" content=\"summary\" \/>\n\t\t<meta name=\"twitter:title\" content=\"Cinco projetos continuam trancando a pauta da Assembleia | Arquivo\" \/>\n\t\t<meta name=\"twitter:image\" content=\"https:\/\/www.jornalja.com.br\/economics\/wp-content\/uploads\/sites\/11\/2026\/08\/ja-folhaderosto-facebook.jpg\" \/>\n\t\t<script type=\"application\/ld+json\" class=\"aioseo-schema\">\n\t\t\t{\"@context\":\"https:\\\/\\\/schema.org\",\"@graph\":[{\"@type\":\"BlogPosting\",\"@id\":\"https:\\\/\\\/www.jornalja.com.br\\\/arquivo\\\/cinco-projetos-continuam-trancando-a-pauta-da-assembleia\\\/#blogposting\",\"name\":\"Cinco projetos continuam trancando a pauta da Assembleia | Arquivo\",\"headline\":\"Cinco projetos continuam trancando a pauta da Assembleia\",\"author\":{\"@id\":\"https:\\\/\\\/www.jornalja.com.br\\\/arquivo\\\/author\\\/daredacao\\\/#author\"},\"publisher\":{\"@id\":\"https:\\\/\\\/www.jornalja.com.br\\\/arquivo\\\/#organization\"},\"image\":{\"@type\":\"ImageObject\",\"url\":40036},\"datePublished\":\"2016-10-04T19:12:35-03:00\",\"dateModified\":\"2016-10-04T19:12:35-03:00\",\"inLanguage\":\"pt-BR\",\"mainEntityOfPage\":{\"@id\":\"https:\\\/\\\/www.jornalja.com.br\\\/arquivo\\\/cinco-projetos-continuam-trancando-a-pauta-da-assembleia\\\/#webpage\"},\"isPartOf\":{\"@id\":\"https:\\\/\\\/www.jornalja.com.br\\\/arquivo\\\/cinco-projetos-continuam-trancando-a-pauta-da-assembleia\\\/#webpage\"},\"articleSection\":\"Mat\\u00e9ria vencida\"},{\"@type\":\"BreadcrumbList\",\"@id\":\"https:\\\/\\\/www.jornalja.com.br\\\/arquivo\\\/cinco-projetos-continuam-trancando-a-pauta-da-assembleia\\\/#breadcrumblist\",\"itemListElement\":[{\"@type\":\"ListItem\",\"@id\":\"https:\\\/\\\/www.jornalja.com.br\\\/arquivo#listItem\",\"position\":1,\"name\":\"Home\",\"item\":\"https:\\\/\\\/www.jornalja.com.br\\\/arquivo\",\"nextItem\":{\"@type\":\"ListItem\",\"@id\":\"https:\\\/\\\/www.jornalja.com.br\\\/arquivo\\\/category\\\/materia-vencida\\\/#listItem\",\"name\":\"Mat\\u00e9ria vencida\"}},{\"@type\":\"ListItem\",\"@id\":\"https:\\\/\\\/www.jornalja.com.br\\\/arquivo\\\/category\\\/materia-vencida\\\/#listItem\",\"position\":2,\"name\":\"Mat\\u00e9ria vencida\",\"item\":\"https:\\\/\\\/www.jornalja.com.br\\\/arquivo\\\/category\\\/materia-vencida\\\/\",\"nextItem\":{\"@type\":\"ListItem\",\"@id\":\"https:\\\/\\\/www.jornalja.com.br\\\/arquivo\\\/cinco-projetos-continuam-trancando-a-pauta-da-assembleia\\\/#listItem\",\"name\":\"Cinco projetos continuam trancando a pauta da Assembleia\"},\"previousItem\":{\"@type\":\"ListItem\",\"@id\":\"https:\\\/\\\/www.jornalja.com.br\\\/arquivo#listItem\",\"name\":\"Home\"}},{\"@type\":\"ListItem\",\"@id\":\"https:\\\/\\\/www.jornalja.com.br\\\/arquivo\\\/cinco-projetos-continuam-trancando-a-pauta-da-assembleia\\\/#listItem\",\"position\":3,\"name\":\"Cinco projetos continuam trancando a pauta da Assembleia\",\"previousItem\":{\"@type\":\"ListItem\",\"@id\":\"https:\\\/\\\/www.jornalja.com.br\\\/arquivo\\\/category\\\/materia-vencida\\\/#listItem\",\"name\":\"Mat\\u00e9ria vencida\"}}]},{\"@type\":\"Organization\",\"@id\":\"https:\\\/\\\/www.jornalja.com.br\\\/arquivo\\\/#organization\",\"name\":\"Jornal J\\u00c1\",\"description\":\"Jornal J\\u00c1 | Porto Alegre\",\"url\":\"https:\\\/\\\/www.jornalja.com.br\\\/arquivo\\\/\",\"telephone\":\"+555133307272\",\"logo\":{\"@type\":\"ImageObject\",\"url\":\"https:\\\/\\\/www.jornalja.com.br\\\/wp-content\\\/uploads\\\/cards\\\/JAslogan.png\",\"@id\":\"https:\\\/\\\/www.jornalja.com.br\\\/arquivo\\\/cinco-projetos-continuam-trancando-a-pauta-da-assembleia\\\/#organizationLogo\"},\"image\":{\"@id\":\"https:\\\/\\\/www.jornalja.com.br\\\/arquivo\\\/cinco-projetos-continuam-trancando-a-pauta-da-assembleia\\\/#organizationLogo\"}},{\"@type\":\"Person\",\"@id\":\"https:\\\/\\\/www.jornalja.com.br\\\/arquivo\\\/author\\\/daredacao\\\/#author\",\"url\":\"https:\\\/\\\/www.jornalja.com.br\\\/arquivo\\\/author\\\/daredacao\\\/\",\"name\":\"da Reda\\u00e7\\u00e3o\",\"image\":{\"@type\":\"ImageObject\",\"@id\":\"https:\\\/\\\/www.jornalja.com.br\\\/arquivo\\\/cinco-projetos-continuam-trancando-a-pauta-da-assembleia\\\/#authorImage\",\"url\":\"https:\\\/\\\/secure.gravatar.com\\\/avatar\\\/469fd857d6605ad19919d27ed29d35a968a25f6e8fd9318356bbb7f57aae9c65?s=96&d=mm&r=g\",\"width\":96,\"height\":96,\"caption\":\"da Reda\\u00e7\\u00e3o\"}},{\"@type\":\"WebPage\",\"@id\":\"https:\\\/\\\/www.jornalja.com.br\\\/arquivo\\\/cinco-projetos-continuam-trancando-a-pauta-da-assembleia\\\/#webpage\",\"url\":\"https:\\\/\\\/www.jornalja.com.br\\\/arquivo\\\/cinco-projetos-continuam-trancando-a-pauta-da-assembleia\\\/\",\"name\":\"Cinco projetos continuam trancando a pauta da Assembleia | Arquivo\",\"inLanguage\":\"pt-BR\",\"isPartOf\":{\"@id\":\"https:\\\/\\\/www.jornalja.com.br\\\/arquivo\\\/#website\"},\"breadcrumb\":{\"@id\":\"https:\\\/\\\/www.jornalja.com.br\\\/arquivo\\\/cinco-projetos-continuam-trancando-a-pauta-da-assembleia\\\/#breadcrumblist\"},\"author\":{\"@id\":\"https:\\\/\\\/www.jornalja.com.br\\\/arquivo\\\/author\\\/daredacao\\\/#author\"},\"creator\":{\"@id\":\"https:\\\/\\\/www.jornalja.com.br\\\/arquivo\\\/author\\\/daredacao\\\/#author\"},\"image\":{\"@type\":\"ImageObject\",\"url\":40036,\"@id\":\"https:\\\/\\\/www.jornalja.com.br\\\/arquivo\\\/cinco-projetos-continuam-trancando-a-pauta-da-assembleia\\\/#mainImage\"},\"primaryImageOfPage\":{\"@id\":\"https:\\\/\\\/www.jornalja.com.br\\\/arquivo\\\/cinco-projetos-continuam-trancando-a-pauta-da-assembleia\\\/#mainImage\"},\"datePublished\":\"2016-10-04T19:12:35-03:00\",\"dateModified\":\"2016-10-04T19:12:35-03:00\"},{\"@type\":\"WebSite\",\"@id\":\"https:\\\/\\\/www.jornalja.com.br\\\/arquivo\\\/#website\",\"url\":\"https:\\\/\\\/www.jornalja.com.br\\\/arquivo\\\/\",\"name\":\"Arquivo\",\"description\":\"Jornal J\\u00c1 | Porto Alegre\",\"inLanguage\":\"pt-BR\",\"publisher\":{\"@id\":\"https:\\\/\\\/www.jornalja.com.br\\\/arquivo\\\/#organization\"}}]}\n\t\t<\/script>\n\t\t<!-- All in One SEO -->\n\n","aioseo_head_json":{"title":"Cinco projetos continuam trancando a pauta da Assembleia | Arquivo","description":"","canonical_url":"https:\/\/www.jornalja.com.br\/arquivo\/cinco-projetos-continuam-trancando-a-pauta-da-assembleia\/","robots":"max-image-preview:large","keywords":"","webmasterTools":{"miscellaneous":""},"schema":{"@context":"https:\/\/schema.org","@graph":[{"@type":"BlogPosting","@id":"https:\/\/www.jornalja.com.br\/arquivo\/cinco-projetos-continuam-trancando-a-pauta-da-assembleia\/#blogposting","name":"Cinco projetos continuam trancando a pauta da Assembleia | Arquivo","headline":"Cinco projetos continuam trancando a pauta da Assembleia","author":{"@id":"https:\/\/www.jornalja.com.br\/arquivo\/author\/daredacao\/#author"},"publisher":{"@id":"https:\/\/www.jornalja.com.br\/arquivo\/#organization"},"image":{"@type":"ImageObject","url":40036},"datePublished":"2016-10-04T19:12:35-03:00","dateModified":"2016-10-04T19:12:35-03:00","inLanguage":"pt-BR","mainEntityOfPage":{"@id":"https:\/\/www.jornalja.com.br\/arquivo\/cinco-projetos-continuam-trancando-a-pauta-da-assembleia\/#webpage"},"isPartOf":{"@id":"https:\/\/www.jornalja.com.br\/arquivo\/cinco-projetos-continuam-trancando-a-pauta-da-assembleia\/#webpage"},"articleSection":"Mat\u00e9ria vencida"},{"@type":"BreadcrumbList","@id":"https:\/\/www.jornalja.com.br\/arquivo\/cinco-projetos-continuam-trancando-a-pauta-da-assembleia\/#breadcrumblist","itemListElement":[{"@type":"ListItem","@id":"https:\/\/www.jornalja.com.br\/arquivo#listItem","position":1,"name":"Home","item":"https:\/\/www.jornalja.com.br\/arquivo","nextItem":{"@type":"ListItem","@id":"https:\/\/www.jornalja.com.br\/arquivo\/category\/materia-vencida\/#listItem","name":"Mat\u00e9ria vencida"}},{"@type":"ListItem","@id":"https:\/\/www.jornalja.com.br\/arquivo\/category\/materia-vencida\/#listItem","position":2,"name":"Mat\u00e9ria vencida","item":"https:\/\/www.jornalja.com.br\/arquivo\/category\/materia-vencida\/","nextItem":{"@type":"ListItem","@id":"https:\/\/www.jornalja.com.br\/arquivo\/cinco-projetos-continuam-trancando-a-pauta-da-assembleia\/#listItem","name":"Cinco projetos continuam trancando a pauta da Assembleia"},"previousItem":{"@type":"ListItem","@id":"https:\/\/www.jornalja.com.br\/arquivo#listItem","name":"Home"}},{"@type":"ListItem","@id":"https:\/\/www.jornalja.com.br\/arquivo\/cinco-projetos-continuam-trancando-a-pauta-da-assembleia\/#listItem","position":3,"name":"Cinco projetos continuam trancando a pauta da Assembleia","previousItem":{"@type":"ListItem","@id":"https:\/\/www.jornalja.com.br\/arquivo\/category\/materia-vencida\/#listItem","name":"Mat\u00e9ria vencida"}}]},{"@type":"Organization","@id":"https:\/\/www.jornalja.com.br\/arquivo\/#organization","name":"Jornal J\u00c1","description":"Jornal J\u00c1 | Porto Alegre","url":"https:\/\/www.jornalja.com.br\/arquivo\/","telephone":"+555133307272","logo":{"@type":"ImageObject","url":"https:\/\/www.jornalja.com.br\/wp-content\/uploads\/cards\/JAslogan.png","@id":"https:\/\/www.jornalja.com.br\/arquivo\/cinco-projetos-continuam-trancando-a-pauta-da-assembleia\/#organizationLogo"},"image":{"@id":"https:\/\/www.jornalja.com.br\/arquivo\/cinco-projetos-continuam-trancando-a-pauta-da-assembleia\/#organizationLogo"}},{"@type":"Person","@id":"https:\/\/www.jornalja.com.br\/arquivo\/author\/daredacao\/#author","url":"https:\/\/www.jornalja.com.br\/arquivo\/author\/daredacao\/","name":"da Reda\u00e7\u00e3o","image":{"@type":"ImageObject","@id":"https:\/\/www.jornalja.com.br\/arquivo\/cinco-projetos-continuam-trancando-a-pauta-da-assembleia\/#authorImage","url":"https:\/\/secure.gravatar.com\/avatar\/469fd857d6605ad19919d27ed29d35a968a25f6e8fd9318356bbb7f57aae9c65?s=96&d=mm&r=g","width":96,"height":96,"caption":"da Reda\u00e7\u00e3o"}},{"@type":"WebPage","@id":"https:\/\/www.jornalja.com.br\/arquivo\/cinco-projetos-continuam-trancando-a-pauta-da-assembleia\/#webpage","url":"https:\/\/www.jornalja.com.br\/arquivo\/cinco-projetos-continuam-trancando-a-pauta-da-assembleia\/","name":"Cinco projetos continuam trancando a pauta da Assembleia | Arquivo","inLanguage":"pt-BR","isPartOf":{"@id":"https:\/\/www.jornalja.com.br\/arquivo\/#website"},"breadcrumb":{"@id":"https:\/\/www.jornalja.com.br\/arquivo\/cinco-projetos-continuam-trancando-a-pauta-da-assembleia\/#breadcrumblist"},"author":{"@id":"https:\/\/www.jornalja.com.br\/arquivo\/author\/daredacao\/#author"},"creator":{"@id":"https:\/\/www.jornalja.com.br\/arquivo\/author\/daredacao\/#author"},"image":{"@type":"ImageObject","url":40036,"@id":"https:\/\/www.jornalja.com.br\/arquivo\/cinco-projetos-continuam-trancando-a-pauta-da-assembleia\/#mainImage"},"primaryImageOfPage":{"@id":"https:\/\/www.jornalja.com.br\/arquivo\/cinco-projetos-continuam-trancando-a-pauta-da-assembleia\/#mainImage"},"datePublished":"2016-10-04T19:12:35-03:00","dateModified":"2016-10-04T19:12:35-03:00"},{"@type":"WebSite","@id":"https:\/\/www.jornalja.com.br\/arquivo\/#website","url":"https:\/\/www.jornalja.com.br\/arquivo\/","name":"Arquivo","description":"Jornal J\u00c1 | Porto Alegre","inLanguage":"pt-BR","publisher":{"@id":"https:\/\/www.jornalja.com.br\/arquivo\/#organization"}}]},"og:locale":"pt_BR","og:site_name":"Arquivo | Jornal J\u00c1 | Porto Alegre","og:type":"article","og:title":"Cinco projetos continuam trancando a pauta da Assembleia | Arquivo","og:url":"https:\/\/www.jornalja.com.br\/arquivo\/cinco-projetos-continuam-trancando-a-pauta-da-assembleia\/","og:image":"https:\/\/www.jornalja.com.br\/economics\/wp-content\/uploads\/sites\/11\/2026\/08\/ja-folhaderosto-facebook.jpg","og:image:secure_url":"https:\/\/www.jornalja.com.br\/economics\/wp-content\/uploads\/sites\/11\/2026\/08\/ja-folhaderosto-facebook.jpg","article:published_time":"2016-10-04T22:12:35+00:00","article:modified_time":"2016-10-04T22:12:35+00:00","twitter:card":"summary","twitter:title":"Cinco projetos continuam trancando a pauta da Assembleia | Arquivo","twitter:image":"https:\/\/www.jornalja.com.br\/economics\/wp-content\/uploads\/sites\/11\/2026\/08\/ja-folhaderosto-facebook.jpg"},"aioseo_meta_data":{"post_id":"40035","title":null,"description":null,"keywords":null,"keyphrases":null,"primary_term":null,"canonical_url":null,"og_title":null,"og_description":null,"og_object_type":"default","og_image_type":"default","og_image_url":null,"og_image_width":null,"og_image_height":null,"og_image_custom_url":null,"og_image_custom_fields":null,"og_video":null,"og_custom_url":null,"og_article_section":null,"og_article_tags":null,"twitter_use_og":false,"twitter_card":"default","twitter_image_type":"default","twitter_image_url":null,"twitter_image_custom_url":null,"twitter_image_custom_fields":null,"twitter_title":null,"twitter_description":null,"schema":{"blockGraphs":[],"customGraphs":[],"default":{"data":{"Article":[],"Course":[],"Dataset":[],"FAQPage":[],"Movie":[],"Person":[],"Product":[],"ProductReview":[],"Car":[],"Recipe":[],"Service":[],"SoftwareApplication":[],"WebPage":[]},"graphName":"","isEnabled":true},"graphs":[]},"schema_type":null,"schema_type_options":null,"pillar_content":false,"robots_default":true,"robots_noindex":false,"robots_noarchive":false,"robots_nosnippet":false,"robots_nofollow":false,"robots_noimageindex":false,"robots_noodp":false,"robots_notranslate":false,"robots_max_snippet":null,"robots_max_videopreview":null,"robots_max_imagepreview":"large","priority":null,"frequency":null,"location":null,"local_seo":null,"breadcrumb_settings":null,"limit_modified_date":false,"ai":null,"created":"2020-12-20 20:49:38","updated":"2025-07-19 17:16:55","seo_analyzer_scan_date":null,"focus_keyword":null,"additional_keywords":null,"truseo_locale":null},"jetpack_sharing_enabled":true,"jetpack-related-posts":[{"id":13239,"url":"https:\/\/www.jornalja.com.br\/arquivo\/conselho-desdenha-do-plano-diretor\/","url_meta":{"origin":40035,"position":0},"title":"Porto Alegre: Conselho detona Plano Diretor","author":"Patr\u00edcia Marini","date":"25 de maio de 2014","format":false,"excerpt":"Den\u00fancia do arquiteto e \u00a0urbanista Ibir\u00e1 Santos Lucas. Ele diz que os conselheiros est\u00e3o votando com \"enorme irresponsabilidade\". \"Mudam regime com a maior naturalidade,,,regularizam absurdos de constru\u00e7\u00f5es irregulares... \"O CMDUA est\u00e1 flexibilizando a lei do plano diretor, de uma forma impactante na vida da cidade. Mudam regime com a maior\u2026","rel":"","context":"Em &quot;Geral&quot;","block_context":{"text":"Geral","link":"https:\/\/www.jornalja.com.br\/arquivo\/category\/geral\/"},"img":{"alt_text":"","src":"","width":0,"height":0},"classes":[]},{"id":13240,"url":"https:\/\/www.jornalja.com.br\/arquivo\/plano-diretor-estamos-construindo-o-caos\/","url_meta":{"origin":40035,"position":1},"title":"Plano diretor: &quot;Estamos construindo o caos&quot;","author":"Patr\u00edcia Marini","date":"26 de maio de 2014","format":false,"excerpt":"Desabafo que arquiteta Eliana Castilhos, delegada da Regi\u00e3o de Planejamento 1, postou nas redes sociais \u00e9 um testemunho do ambiente que se criou no Conselho do Plano Diretor de Porto Alegre, onde a aprova\u00e7\u00e3o de grandes empreendimentos \u00e9 empurrada guela abaixo dos conselheiros. Ao CMDUA Como delegada da Regi\u00e3o de\u2026","rel":"","context":"Em &quot;Geral&quot;","block_context":{"text":"Geral","link":"https:\/\/www.jornalja.com.br\/arquivo\/category\/geral\/"},"img":{"alt_text":"","src":"","width":0,"height":0},"classes":[]},{"id":13109,"url":"https:\/\/www.jornalja.com.br\/arquivo\/judiciario-reconhece-poluicao-eletromagnetica\/","url_meta":{"origin":40035,"position":2},"title":"Judici\u00e1rio reconhece polui\u00e7\u00e3o eletromagn\u00e9tica","author":"Patr\u00edcia Marini","date":"16 de maio de 2014","format":false,"excerpt":"A\u00e7\u00e3o de duas associa\u00e7\u00f5es de moradores foi acolhida pelo Tribunal de Justi\u00e7a de S\u00e3o Paulo que. em decis\u00e3o in\u00e9dita, determinou a redu\u00e7\u00e3o do campo eletromagn\u00e9tico gerado pelas linhas de transmiss\u00e3o de energia que cortam os bairros City Boa\u00e7ava e Alto de Pinheiros. \u00c9 a primeira vez que um tribunal do\u2026","rel":"","context":"Em &quot;X.Categorias velhas&quot;","block_context":{"text":"X.Categorias velhas","link":"https:\/\/www.jornalja.com.br\/arquivo\/category\/x-categorias-velhas\/"},"img":{"alt_text":"","src":"","width":0,"height":0},"classes":[]},{"id":13101,"url":"https:\/\/www.jornalja.com.br\/arquivo\/morre-um-guerreiro-do-texto\/","url_meta":{"origin":40035,"position":3},"title":"Morre um guerreiro do texto","author":"Patr\u00edcia Marini","date":"14 de maio de 2014","format":false,"excerpt":"Por Ricardo Kotscho Reproduzido do blog do autor, 11\/5\/2014; t\u00edtulo original \u201cE l\u00e1 se foi o nosso Myltainho, guerreiro do texto\u201d. Mi\u00fado e franzino, meu amigo Myltainho era um valente e inconformado guerreiro na luta contra as injusti\u00e7as sociais, a hipocrisia, as maracutaias, o autoritarismo, a intoler\u00e2ncia, a viol\u00eancia, o\u2026","rel":"","context":"Em &quot;Geral&quot;","block_context":{"text":"Geral","link":"https:\/\/www.jornalja.com.br\/arquivo\/category\/geral\/"},"img":{"alt_text":"","src":"","width":0,"height":0},"classes":[]},{"id":13124,"url":"https:\/\/www.jornalja.com.br\/arquivo\/sangue-latino-no-iecine\/","url_meta":{"origin":40035,"position":4},"title":"Sangue latino no IECINE","author":"da Reda\u00e7\u00e3o","date":"18 de maio de 2014","format":false,"excerpt":"Francisco Ribeiro O Instituto Estadual de Cinema (IECINE) tem a frente, desde abril \u00faltimo, um novo diretor, o cineasta colombiano Juan Zapata, 36, que substitui Luiz Alberto Cassol. Radicado h\u00e1 dez anos em Porto Alegre, Zapata tem diante de si o desafio de conduzir at\u00e9 o final do ano um\u2026","rel":"","context":"Em &quot;Cultura-Geral&quot;","block_context":{"text":"Cultura-Geral","link":"https:\/\/www.jornalja.com.br\/arquivo\/category\/materiasecundaria\/"},"img":{"alt_text":"","src":"","width":0,"height":0},"classes":[]},{"id":13128,"url":"https:\/\/www.jornalja.com.br\/arquivo\/maconha-terra-diz-que-uso-medicinal-e-desculpa\/","url_meta":{"origin":40035,"position":5},"title":"Maconha: Terra diz que uso medicinal \u00e9 desculpa","author":"Patr\u00edcia Marini","date":"4 de junho de 2014","format":false,"excerpt":"A condi\u00e7\u00e3o de pol\u00edtico, em \u00e9poca de campanha de campanha eleitoral, tira for\u00e7a do discurso do m\u00e9dico Osmar Terra contra a legaliza\u00e7\u00e3o da maconha. A tese dele de que a libera\u00e7\u00e3o vai ampliar exponencialmente o consumo \u00e9 discutivel, o consumo \u00e9 corrente. Mas seus alertas quanto aos riscos tem que\u2026","rel":"","context":"Em &quot;X.Categorias velhas&quot;","block_context":{"text":"X.Categorias velhas","link":"https:\/\/www.jornalja.com.br\/arquivo\/category\/x-categorias-velhas\/"},"img":{"alt_text":"","src":"","width":0,"height":0},"classes":[]}],"jetpack_shortlink":"https:\/\/wp.me\/pbQjBd-apJ","jetpack_featured_media_url":"","_links":{"self":[{"href":"https:\/\/www.jornalja.com.br\/arquivo\/wp-json\/wp\/v2\/posts\/40035","targetHints":{"allow":["GET"]}}],"collection":[{"href":"https:\/\/www.jornalja.com.br\/arquivo\/wp-json\/wp\/v2\/posts"}],"about":[{"href":"https:\/\/www.jornalja.com.br\/arquivo\/wp-json\/wp\/v2\/types\/post"}],"author":[{"embeddable":true,"href":"https:\/\/www.jornalja.com.br\/arquivo\/wp-json\/wp\/v2\/users\/4"}],"replies":[{"embeddable":true,"href":"https:\/\/www.jornalja.com.br\/arquivo\/wp-json\/wp\/v2\/comments?post=40035"}],"version-history":[{"count":0,"href":"https:\/\/www.jornalja.com.br\/arquivo\/wp-json\/wp\/v2\/posts\/40035\/revisions"}],"wp:attachment":[{"href":"https:\/\/www.jornalja.com.br\/arquivo\/wp-json\/wp\/v2\/media?parent=40035"}],"wp:term":[{"taxonomy":"category","embeddable":true,"href":"https:\/\/www.jornalja.com.br\/arquivo\/wp-json\/wp\/v2\/categories?post=40035"},{"taxonomy":"post_tag","embeddable":true,"href":"https:\/\/www.jornalja.com.br\/arquivo\/wp-json\/wp\/v2\/tags?post=40035"}],"curies":[{"name":"wp","href":"https:\/\/api.w.org\/{rel}","templated":true}]}}