{"id":40087,"date":"2016-10-05T08:26:03","date_gmt":"2016-10-05T11:26:03","guid":{"rendered":"https:\/\/www.jornalja.com.br\/?p=40087"},"modified":"2016-10-05T08:26:03","modified_gmt":"2016-10-05T11:26:03","slug":"o-santo-da-casa-e-outros-9-mitos-sobre-corrupcao-empresarial-no-brasil","status":"publish","type":"post","link":"https:\/\/www.jornalja.com.br\/arquivo\/o-santo-da-casa-e-outros-9-mitos-sobre-corrupcao-empresarial-no-brasil\/","title":{"rendered":"O Santo da Casa e outros 9 mitos sobre corrup\u00e7\u00e3o empresarial no Brasil"},"content":{"rendered":"<p>Figura carimbada nas discuss\u00f5es mais inteligentes que viralizam na web sobre o car\u00e1ter do brasileiro, o professor Leandro Karnal tem observado a exist\u00eancia de pessoas que &#8220;substitu\u00edram cultos como do Papai Noel e do Coelhinho&#8221; pelo da &#8220;corrup\u00e7\u00e3o isolada&#8221;, segundo o qual apenas alguns poucos agentes da sociedade seriam corruptos &#8211; quando na realidade, nota ele, &#8220;a corrup\u00e7\u00e3o come\u00e7a no andar pelo acostamento, no recibo comprado para o imposto de renda, no atestado m\u00e9dico falso entregue pelo pai para o filho&#8221;, entre outros exemplos.<br \/>\nO mito da corrup\u00e7\u00e3o como algo que parece existir s\u00f3 ao tomar vulto ou ser condensado em uma empresa ou partido vem sendo catalogado h\u00e1 mais de 15 anos pelo time do advogado internacional Barry Wolfe, especializado em investiga\u00e7\u00e3o de fraudes e cria\u00e7\u00e3o de pol\u00edticas de governan\u00e7a empresarial para evitar desvios \u00e9ticos. Atuando no mercado de compliance, a Wolfe Associates listou 10 indicadores surpreendentes sobre desvios corporativos no Brasil &#8211; cada qual comprovando de uma maneira que corrup\u00e7\u00e3o n\u00e3o \u00e9 fen\u00f4meno isolado e que evit\u00e1-la pode ser menos complexo do que parece.<br \/>\n1. O medo de repres\u00e1lias explica porque poucos funcion\u00e1rios denunciam falcatruas: 65% dos fraudadores t\u00eam status de gerente ou diretor.<br \/>\n2. H\u00e1 o fator de identifica\u00e7\u00e3o com o fraudador: 7 em cada 10 corruptos corporativos est\u00e3o no auge da vida profissional, na faixa dos 36 aos 55 anos, o que d\u00e1 a eles aura de modelos bem-sucedidos.<br \/>\n3. Interessa \u00e0 empresa saber que a est\u00e3o usando para il\u00edcitos? Sim, mas em termos: a maior parte das firmas brasileiras n\u00e3o t\u00eam canais protegidos de den\u00fancia &#8211; e v\u00e1rias os t\u00eam no formato &#8220;para ingl\u00eas ver&#8221;.<br \/>\n4. N\u00e3o fosse essa precariedade de canais, as empresas seriam mais \u00e9ticas: 50% dos golpes desvendados o foram via dispositivos seguros de den\u00fancia.<br \/>\n5. E h\u00e1 o paradoxo do cadeado em porta arrombada: 83% dos empreendedores brasileiros s\u00f3 investem em preven\u00e7\u00e3o ap\u00f3s a descoberta de um caso de corrup\u00e7\u00e3o em casa.<br \/>\n6. Um mito que dificulta a \u00e9tica corporativa \u00e9 o de que colega n\u00e3o d\u00e1 golpe em colega. D\u00e1 sim: 60% dos roubos s\u00e3o feitos por funcion\u00e1rios.<br \/>\n7. Outro mito \u00e9 o do Santo da Casa. O santo pode n\u00e3o ser t\u00e3o certinho assim: em metade dos casos de corrup\u00e7\u00e3o que incluem um funcion\u00e1rio, o corrupto tem mais de 5 anos de empresa.<br \/>\n8. Uma coisa \u00e9 certa: corrupto gosta de bando. S\u00f3 1\/3 dos desvios corporativos \u00e9 realizado individualmente.<br \/>\n9. Quando fraudadores se unem em quadrilha, mais de 50% dos membros s\u00e3o externos \u00e0 empresa prejudicada.<br \/>\n10. E a no\u00e7\u00e3o de que s\u00f3 grandes companhias s\u00e3o corruptas \u00e9 mesmo falsa: 60% das pequenas e m\u00e9dias empresas falidas estiveram envolvidas em algum tipo de fraude.<br \/>\n*<em>Barry Wolfe \u00e9 advogado internacional e Solicitor da Suprema Corte de Inglaterra e Pa\u00eds de Gales. Formado pela Edinburgh University, p\u00f3s-graduado em Direito Econ\u00f4mico pela Yale Law School e mestre em Direito Internacional por Cambridge, \u00e9 Managing Partner da Wolfe Associates Anti-Corruption Advisers (<a href=\"http:\/\/www.wolfe.com.br\/\" target=\"_blank\" data-saferedirecturl=\"http:\/\/www.google.com\/url?hl=pt-BR&amp;q=http:\/\/www.wolfe.com.br\/&amp;source=gmail&amp;ust=1475752310123000&amp;usg=AFQjCNFAWGJyinQ0WDxRSZ4UnNmWRxuDTA\" rel=\"noopener noreferrer\">www.wolfe.com.br<\/a>), boutique especializada em investiga\u00e7\u00f5es de crimes de colarinho branco, pol\u00edticas de Compliance 2.0 e gest\u00e3o de crises.<\/em><\/p>\n","protected":false},"excerpt":{"rendered":"<p>Figura carimbada nas discuss\u00f5es mais inteligentes que viralizam na web sobre o car\u00e1ter do brasileiro, o professor Leandro Karnal tem observado a exist\u00eancia de pessoas que &#8220;substitu\u00edram cultos como do Papai Noel e do Coelhinho&#8221; pelo da &#8220;corrup\u00e7\u00e3o isolada&#8221;, segundo o qual apenas alguns poucos agentes da sociedade seriam corruptos &#8211; quando na realidade, nota [&hellip;]<\/p>\n","protected":false},"author":4,"featured_media":0,"comment_status":"open","ping_status":"closed","sticky":false,"template":"","format":"standard","meta":{"_jetpack_newsletter_access":"","_jetpack_dont_email_post_to_subs":false,"_jetpack_newsletter_tier_id":0,"_jetpack_memberships_contains_paywalled_content":false,"_jetpack_feature_clip_id":0,"_jetpack_memberships_contains_paid_content":false,"footnotes":"","jetpack_post_was_ever_published":false},"categories":[2022],"tags":[],"class_list":["post-40087","post","type-post","status-publish","format-standard","hentry","category-notas"],"aioseo_notices":[],"aioseo_head":"\n\t\t<!-- All in One SEO 5.0.1.1 - aioseo.com -->\n\t<meta name=\"robots\" content=\"max-image-preview:large\" \/>\n\t<meta name=\"author\" content=\"da Reda\u00e7\u00e3o\"\/>\n\t<link rel=\"canonical\" href=\"https:\/\/www.jornalja.com.br\/arquivo\/o-santo-da-casa-e-outros-9-mitos-sobre-corrupcao-empresarial-no-brasil\/\" \/>\n\t<meta name=\"generator\" content=\"All in One SEO (AIOSEO) 5.0.1.1\" \/>\n\t\t<meta property=\"og:locale\" content=\"pt_BR\" \/>\n\t\t<meta property=\"og:site_name\" content=\"Arquivo | Jornal J\u00c1 | Porto Alegre\" \/>\n\t\t<meta property=\"og:type\" content=\"article\" \/>\n\t\t<meta property=\"og:title\" content=\"O Santo da Casa e outros 9 mitos sobre corrup\u00e7\u00e3o empresarial no Brasil | Arquivo\" \/>\n\t\t<meta property=\"og:url\" content=\"https:\/\/www.jornalja.com.br\/arquivo\/o-santo-da-casa-e-outros-9-mitos-sobre-corrupcao-empresarial-no-brasil\/\" \/>\n\t\t<meta property=\"og:image\" content=\"https:\/\/www.jornalja.com.br\/economics\/wp-content\/uploads\/sites\/11\/2026\/08\/ja-folhaderosto-facebook.jpg\" \/>\n\t\t<meta property=\"og:image:secure_url\" content=\"https:\/\/www.jornalja.com.br\/economics\/wp-content\/uploads\/sites\/11\/2026\/08\/ja-folhaderosto-facebook.jpg\" \/>\n\t\t<meta property=\"article:published_time\" content=\"2016-10-05T11:26:03+00:00\" \/>\n\t\t<meta property=\"article:modified_time\" content=\"2016-10-05T11:26:03+00:00\" \/>\n\t\t<meta name=\"twitter:card\" content=\"summary\" \/>\n\t\t<meta name=\"twitter:title\" content=\"O Santo da Casa e outros 9 mitos sobre corrup\u00e7\u00e3o empresarial no Brasil | Arquivo\" \/>\n\t\t<meta name=\"twitter:image\" content=\"https:\/\/www.jornalja.com.br\/economics\/wp-content\/uploads\/sites\/11\/2026\/08\/ja-folhaderosto-facebook.jpg\" \/>\n\t\t<script type=\"application\/ld+json\" class=\"aioseo-schema\">\n\t\t\t{\"@context\":\"https:\\\/\\\/schema.org\",\"@graph\":[{\"@type\":\"BlogPosting\",\"@id\":\"https:\\\/\\\/www.jornalja.com.br\\\/arquivo\\\/o-santo-da-casa-e-outros-9-mitos-sobre-corrupcao-empresarial-no-brasil\\\/#blogposting\",\"name\":\"O Santo da Casa e outros 9 mitos sobre corrup\\u00e7\\u00e3o empresarial no Brasil | Arquivo\",\"headline\":\"O Santo da Casa e outros 9 mitos sobre corrup\\u00e7\\u00e3o empresarial no Brasil\",\"author\":{\"@id\":\"https:\\\/\\\/www.jornalja.com.br\\\/arquivo\\\/author\\\/daredacao\\\/#author\"},\"publisher\":{\"@id\":\"https:\\\/\\\/www.jornalja.com.br\\\/arquivo\\\/#organization\"},\"image\":{\"@type\":\"ImageObject\",\"url\":\"https:\\\/\\\/www.jornalja.com.br\\\/wp-content\\\/uploads\\\/cards\\\/JAslogan.png\",\"@id\":\"https:\\\/\\\/www.jornalja.com.br\\\/arquivo\\\/#articleImage\"},\"datePublished\":\"2016-10-05T08:26:03-03:00\",\"dateModified\":\"2016-10-05T08:26:03-03:00\",\"inLanguage\":\"pt-BR\",\"mainEntityOfPage\":{\"@id\":\"https:\\\/\\\/www.jornalja.com.br\\\/arquivo\\\/o-santo-da-casa-e-outros-9-mitos-sobre-corrupcao-empresarial-no-brasil\\\/#webpage\"},\"isPartOf\":{\"@id\":\"https:\\\/\\\/www.jornalja.com.br\\\/arquivo\\\/o-santo-da-casa-e-outros-9-mitos-sobre-corrupcao-empresarial-no-brasil\\\/#webpage\"},\"articleSection\":\"NOTAS\"},{\"@type\":\"BreadcrumbList\",\"@id\":\"https:\\\/\\\/www.jornalja.com.br\\\/arquivo\\\/o-santo-da-casa-e-outros-9-mitos-sobre-corrupcao-empresarial-no-brasil\\\/#breadcrumblist\",\"itemListElement\":[{\"@type\":\"ListItem\",\"@id\":\"https:\\\/\\\/www.jornalja.com.br\\\/arquivo#listItem\",\"position\":1,\"name\":\"Home\",\"item\":\"https:\\\/\\\/www.jornalja.com.br\\\/arquivo\",\"nextItem\":{\"@type\":\"ListItem\",\"@id\":\"https:\\\/\\\/www.jornalja.com.br\\\/arquivo\\\/category\\\/notas\\\/#listItem\",\"name\":\"NOTAS\"}},{\"@type\":\"ListItem\",\"@id\":\"https:\\\/\\\/www.jornalja.com.br\\\/arquivo\\\/category\\\/notas\\\/#listItem\",\"position\":2,\"name\":\"NOTAS\",\"item\":\"https:\\\/\\\/www.jornalja.com.br\\\/arquivo\\\/category\\\/notas\\\/\",\"nextItem\":{\"@type\":\"ListItem\",\"@id\":\"https:\\\/\\\/www.jornalja.com.br\\\/arquivo\\\/o-santo-da-casa-e-outros-9-mitos-sobre-corrupcao-empresarial-no-brasil\\\/#listItem\",\"name\":\"O Santo da Casa e outros 9 mitos sobre corrup\\u00e7\\u00e3o empresarial no Brasil\"},\"previousItem\":{\"@type\":\"ListItem\",\"@id\":\"https:\\\/\\\/www.jornalja.com.br\\\/arquivo#listItem\",\"name\":\"Home\"}},{\"@type\":\"ListItem\",\"@id\":\"https:\\\/\\\/www.jornalja.com.br\\\/arquivo\\\/o-santo-da-casa-e-outros-9-mitos-sobre-corrupcao-empresarial-no-brasil\\\/#listItem\",\"position\":3,\"name\":\"O Santo da Casa e outros 9 mitos sobre corrup\\u00e7\\u00e3o empresarial no Brasil\",\"previousItem\":{\"@type\":\"ListItem\",\"@id\":\"https:\\\/\\\/www.jornalja.com.br\\\/arquivo\\\/category\\\/notas\\\/#listItem\",\"name\":\"NOTAS\"}}]},{\"@type\":\"Organization\",\"@id\":\"https:\\\/\\\/www.jornalja.com.br\\\/arquivo\\\/#organization\",\"name\":\"Jornal J\\u00c1\",\"description\":\"Jornal J\\u00c1 | Porto Alegre\",\"url\":\"https:\\\/\\\/www.jornalja.com.br\\\/arquivo\\\/\",\"telephone\":\"+555133307272\",\"logo\":{\"@type\":\"ImageObject\",\"url\":\"https:\\\/\\\/www.jornalja.com.br\\\/wp-content\\\/uploads\\\/cards\\\/JAslogan.png\",\"@id\":\"https:\\\/\\\/www.jornalja.com.br\\\/arquivo\\\/o-santo-da-casa-e-outros-9-mitos-sobre-corrupcao-empresarial-no-brasil\\\/#organizationLogo\"},\"image\":{\"@id\":\"https:\\\/\\\/www.jornalja.com.br\\\/arquivo\\\/o-santo-da-casa-e-outros-9-mitos-sobre-corrupcao-empresarial-no-brasil\\\/#organizationLogo\"}},{\"@type\":\"Person\",\"@id\":\"https:\\\/\\\/www.jornalja.com.br\\\/arquivo\\\/author\\\/daredacao\\\/#author\",\"url\":\"https:\\\/\\\/www.jornalja.com.br\\\/arquivo\\\/author\\\/daredacao\\\/\",\"name\":\"da Reda\\u00e7\\u00e3o\",\"image\":{\"@type\":\"ImageObject\",\"@id\":\"https:\\\/\\\/www.jornalja.com.br\\\/arquivo\\\/o-santo-da-casa-e-outros-9-mitos-sobre-corrupcao-empresarial-no-brasil\\\/#authorImage\",\"url\":\"https:\\\/\\\/secure.gravatar.com\\\/avatar\\\/469fd857d6605ad19919d27ed29d35a968a25f6e8fd9318356bbb7f57aae9c65?s=96&d=mm&r=g\",\"width\":96,\"height\":96,\"caption\":\"da Reda\\u00e7\\u00e3o\"}},{\"@type\":\"WebPage\",\"@id\":\"https:\\\/\\\/www.jornalja.com.br\\\/arquivo\\\/o-santo-da-casa-e-outros-9-mitos-sobre-corrupcao-empresarial-no-brasil\\\/#webpage\",\"url\":\"https:\\\/\\\/www.jornalja.com.br\\\/arquivo\\\/o-santo-da-casa-e-outros-9-mitos-sobre-corrupcao-empresarial-no-brasil\\\/\",\"name\":\"O Santo da Casa e outros 9 mitos sobre corrup\\u00e7\\u00e3o empresarial no Brasil | Arquivo\",\"inLanguage\":\"pt-BR\",\"isPartOf\":{\"@id\":\"https:\\\/\\\/www.jornalja.com.br\\\/arquivo\\\/#website\"},\"breadcrumb\":{\"@id\":\"https:\\\/\\\/www.jornalja.com.br\\\/arquivo\\\/o-santo-da-casa-e-outros-9-mitos-sobre-corrupcao-empresarial-no-brasil\\\/#breadcrumblist\"},\"author\":{\"@id\":\"https:\\\/\\\/www.jornalja.com.br\\\/arquivo\\\/author\\\/daredacao\\\/#author\"},\"creator\":{\"@id\":\"https:\\\/\\\/www.jornalja.com.br\\\/arquivo\\\/author\\\/daredacao\\\/#author\"},\"datePublished\":\"2016-10-05T08:26:03-03:00\",\"dateModified\":\"2016-10-05T08:26:03-03:00\"},{\"@type\":\"WebSite\",\"@id\":\"https:\\\/\\\/www.jornalja.com.br\\\/arquivo\\\/#website\",\"url\":\"https:\\\/\\\/www.jornalja.com.br\\\/arquivo\\\/\",\"name\":\"Arquivo\",\"description\":\"Jornal J\\u00c1 | Porto Alegre\",\"inLanguage\":\"pt-BR\",\"publisher\":{\"@id\":\"https:\\\/\\\/www.jornalja.com.br\\\/arquivo\\\/#organization\"}}]}\n\t\t<\/script>\n\t\t<!-- All in One SEO -->\n\n","aioseo_head_json":{"title":"O Santo da Casa e outros 9 mitos sobre corrup\u00e7\u00e3o empresarial no Brasil | Arquivo","description":"","canonical_url":"https:\/\/www.jornalja.com.br\/arquivo\/o-santo-da-casa-e-outros-9-mitos-sobre-corrupcao-empresarial-no-brasil\/","robots":"max-image-preview:large","keywords":"","webmasterTools":{"miscellaneous":""},"schema":{"@context":"https:\/\/schema.org","@graph":[{"@type":"BlogPosting","@id":"https:\/\/www.jornalja.com.br\/arquivo\/o-santo-da-casa-e-outros-9-mitos-sobre-corrupcao-empresarial-no-brasil\/#blogposting","name":"O Santo da Casa e outros 9 mitos sobre corrup\u00e7\u00e3o empresarial no Brasil | Arquivo","headline":"O Santo da Casa e outros 9 mitos sobre corrup\u00e7\u00e3o empresarial no Brasil","author":{"@id":"https:\/\/www.jornalja.com.br\/arquivo\/author\/daredacao\/#author"},"publisher":{"@id":"https:\/\/www.jornalja.com.br\/arquivo\/#organization"},"image":{"@type":"ImageObject","url":"https:\/\/www.jornalja.com.br\/wp-content\/uploads\/cards\/JAslogan.png","@id":"https:\/\/www.jornalja.com.br\/arquivo\/#articleImage"},"datePublished":"2016-10-05T08:26:03-03:00","dateModified":"2016-10-05T08:26:03-03:00","inLanguage":"pt-BR","mainEntityOfPage":{"@id":"https:\/\/www.jornalja.com.br\/arquivo\/o-santo-da-casa-e-outros-9-mitos-sobre-corrupcao-empresarial-no-brasil\/#webpage"},"isPartOf":{"@id":"https:\/\/www.jornalja.com.br\/arquivo\/o-santo-da-casa-e-outros-9-mitos-sobre-corrupcao-empresarial-no-brasil\/#webpage"},"articleSection":"NOTAS"},{"@type":"BreadcrumbList","@id":"https:\/\/www.jornalja.com.br\/arquivo\/o-santo-da-casa-e-outros-9-mitos-sobre-corrupcao-empresarial-no-brasil\/#breadcrumblist","itemListElement":[{"@type":"ListItem","@id":"https:\/\/www.jornalja.com.br\/arquivo#listItem","position":1,"name":"Home","item":"https:\/\/www.jornalja.com.br\/arquivo","nextItem":{"@type":"ListItem","@id":"https:\/\/www.jornalja.com.br\/arquivo\/category\/notas\/#listItem","name":"NOTAS"}},{"@type":"ListItem","@id":"https:\/\/www.jornalja.com.br\/arquivo\/category\/notas\/#listItem","position":2,"name":"NOTAS","item":"https:\/\/www.jornalja.com.br\/arquivo\/category\/notas\/","nextItem":{"@type":"ListItem","@id":"https:\/\/www.jornalja.com.br\/arquivo\/o-santo-da-casa-e-outros-9-mitos-sobre-corrupcao-empresarial-no-brasil\/#listItem","name":"O Santo da Casa e outros 9 mitos sobre corrup\u00e7\u00e3o empresarial no Brasil"},"previousItem":{"@type":"ListItem","@id":"https:\/\/www.jornalja.com.br\/arquivo#listItem","name":"Home"}},{"@type":"ListItem","@id":"https:\/\/www.jornalja.com.br\/arquivo\/o-santo-da-casa-e-outros-9-mitos-sobre-corrupcao-empresarial-no-brasil\/#listItem","position":3,"name":"O Santo da Casa e outros 9 mitos sobre corrup\u00e7\u00e3o empresarial no Brasil","previousItem":{"@type":"ListItem","@id":"https:\/\/www.jornalja.com.br\/arquivo\/category\/notas\/#listItem","name":"NOTAS"}}]},{"@type":"Organization","@id":"https:\/\/www.jornalja.com.br\/arquivo\/#organization","name":"Jornal J\u00c1","description":"Jornal J\u00c1 | Porto Alegre","url":"https:\/\/www.jornalja.com.br\/arquivo\/","telephone":"+555133307272","logo":{"@type":"ImageObject","url":"https:\/\/www.jornalja.com.br\/wp-content\/uploads\/cards\/JAslogan.png","@id":"https:\/\/www.jornalja.com.br\/arquivo\/o-santo-da-casa-e-outros-9-mitos-sobre-corrupcao-empresarial-no-brasil\/#organizationLogo"},"image":{"@id":"https:\/\/www.jornalja.com.br\/arquivo\/o-santo-da-casa-e-outros-9-mitos-sobre-corrupcao-empresarial-no-brasil\/#organizationLogo"}},{"@type":"Person","@id":"https:\/\/www.jornalja.com.br\/arquivo\/author\/daredacao\/#author","url":"https:\/\/www.jornalja.com.br\/arquivo\/author\/daredacao\/","name":"da Reda\u00e7\u00e3o","image":{"@type":"ImageObject","@id":"https:\/\/www.jornalja.com.br\/arquivo\/o-santo-da-casa-e-outros-9-mitos-sobre-corrupcao-empresarial-no-brasil\/#authorImage","url":"https:\/\/secure.gravatar.com\/avatar\/469fd857d6605ad19919d27ed29d35a968a25f6e8fd9318356bbb7f57aae9c65?s=96&d=mm&r=g","width":96,"height":96,"caption":"da Reda\u00e7\u00e3o"}},{"@type":"WebPage","@id":"https:\/\/www.jornalja.com.br\/arquivo\/o-santo-da-casa-e-outros-9-mitos-sobre-corrupcao-empresarial-no-brasil\/#webpage","url":"https:\/\/www.jornalja.com.br\/arquivo\/o-santo-da-casa-e-outros-9-mitos-sobre-corrupcao-empresarial-no-brasil\/","name":"O Santo da Casa e outros 9 mitos sobre corrup\u00e7\u00e3o empresarial no Brasil | Arquivo","inLanguage":"pt-BR","isPartOf":{"@id":"https:\/\/www.jornalja.com.br\/arquivo\/#website"},"breadcrumb":{"@id":"https:\/\/www.jornalja.com.br\/arquivo\/o-santo-da-casa-e-outros-9-mitos-sobre-corrupcao-empresarial-no-brasil\/#breadcrumblist"},"author":{"@id":"https:\/\/www.jornalja.com.br\/arquivo\/author\/daredacao\/#author"},"creator":{"@id":"https:\/\/www.jornalja.com.br\/arquivo\/author\/daredacao\/#author"},"datePublished":"2016-10-05T08:26:03-03:00","dateModified":"2016-10-05T08:26:03-03:00"},{"@type":"WebSite","@id":"https:\/\/www.jornalja.com.br\/arquivo\/#website","url":"https:\/\/www.jornalja.com.br\/arquivo\/","name":"Arquivo","description":"Jornal J\u00c1 | Porto Alegre","inLanguage":"pt-BR","publisher":{"@id":"https:\/\/www.jornalja.com.br\/arquivo\/#organization"}}]},"og:locale":"pt_BR","og:site_name":"Arquivo | Jornal J\u00c1 | Porto Alegre","og:type":"article","og:title":"O Santo da Casa e outros 9 mitos sobre corrup\u00e7\u00e3o empresarial no Brasil | Arquivo","og:url":"https:\/\/www.jornalja.com.br\/arquivo\/o-santo-da-casa-e-outros-9-mitos-sobre-corrupcao-empresarial-no-brasil\/","og:image":"https:\/\/www.jornalja.com.br\/economics\/wp-content\/uploads\/sites\/11\/2026\/08\/ja-folhaderosto-facebook.jpg","og:image:secure_url":"https:\/\/www.jornalja.com.br\/economics\/wp-content\/uploads\/sites\/11\/2026\/08\/ja-folhaderosto-facebook.jpg","article:published_time":"2016-10-05T11:26:03+00:00","article:modified_time":"2016-10-05T11:26:03+00:00","twitter:card":"summary","twitter:title":"O Santo da Casa e outros 9 mitos sobre corrup\u00e7\u00e3o empresarial no Brasil | Arquivo","twitter:image":"https:\/\/www.jornalja.com.br\/economics\/wp-content\/uploads\/sites\/11\/2026\/08\/ja-folhaderosto-facebook.jpg"},"aioseo_meta_data":{"post_id":"40087","title":null,"description":null,"keywords":null,"keyphrases":null,"primary_term":null,"canonical_url":null,"og_title":null,"og_description":null,"og_object_type":"default","og_image_type":"default","og_image_url":null,"og_image_width":null,"og_image_height":null,"og_image_custom_url":null,"og_image_custom_fields":null,"og_video":null,"og_custom_url":null,"og_article_section":null,"og_article_tags":null,"twitter_use_og":false,"twitter_card":"default","twitter_image_type":"default","twitter_image_url":null,"twitter_image_custom_url":null,"twitter_image_custom_fields":null,"twitter_title":null,"twitter_description":null,"schema":{"blockGraphs":[],"customGraphs":[],"default":{"data":{"Article":[],"Course":[],"Dataset":[],"FAQPage":[],"Movie":[],"Person":[],"Product":[],"ProductReview":[],"Car":[],"Recipe":[],"Service":[],"SoftwareApplication":[],"WebPage":[]},"graphName":"","isEnabled":true},"graphs":[],"defaultGraph":"","defaultPostTypeGraph":""},"schema_type":null,"schema_type_options":null,"pillar_content":false,"robots_default":true,"robots_noindex":false,"robots_noarchive":false,"robots_nosnippet":false,"robots_nofollow":false,"robots_noimageindex":false,"robots_noodp":false,"robots_notranslate":false,"robots_max_snippet":null,"robots_max_videopreview":null,"robots_max_imagepreview":"large","priority":null,"frequency":null,"location":null,"local_seo":null,"breadcrumb_settings":null,"limit_modified_date":false,"ai":null,"created":"2020-12-20 20:49:38","updated":"2025-07-19 17:17:55","seo_analyzer_scan_date":null,"focus_keyword":null,"additional_keywords":null,"truseo_locale":null},"jetpack_sharing_enabled":true,"jetpack-related-posts":[{"id":13128,"url":"https:\/\/www.jornalja.com.br\/arquivo\/maconha-terra-diz-que-uso-medicinal-e-desculpa\/","url_meta":{"origin":40087,"position":0},"title":"Maconha: Terra diz que uso medicinal \u00e9 desculpa","author":"Patr\u00edcia Marini","date":"4 de junho de 2014","format":false,"excerpt":"A condi\u00e7\u00e3o de pol\u00edtico, em \u00e9poca de campanha de campanha eleitoral, tira for\u00e7a do discurso do m\u00e9dico Osmar Terra contra a legaliza\u00e7\u00e3o da maconha. A tese dele de que a libera\u00e7\u00e3o vai ampliar exponencialmente o consumo \u00e9 discutivel, o consumo \u00e9 corrente. Mas seus alertas quanto aos riscos tem que\u2026","rel":"","context":"Em &quot;X.Categorias velhas&quot;","block_context":{"text":"X.Categorias velhas","link":"https:\/\/www.jornalja.com.br\/arquivo\/category\/x-categorias-velhas\/"},"img":{"alt_text":"","src":"","width":0,"height":0},"classes":[]},{"id":12960,"url":"https:\/\/www.jornalja.com.br\/arquivo\/populacao-culpa-empresas-pela-greve-dos-rodoviarios\/","url_meta":{"origin":40087,"position":1},"title":"Popula\u00e7\u00e3o culpa empresas pela greve","author":"Patr\u00edcia Marini","date":"14 de fevereiro de 2014","format":false,"excerpt":"Pesquisa divulgada na edi\u00e7\u00e3o do jornal Metro desta sexta-feira,14, comprova o velho ditado: \u00e9 poss\u00edvel enganar muitos por algum tempo, mas n\u00e3o \u00e9 poss\u00edvel enganar a todos o tempo inteiro. A principal revela\u00e7\u00e3o foi que 59,8% dos entrevistados apontaram as empresas como as principais respons\u00e1veis pela grave e 46% culparam\u2026","rel":"","context":"Em &quot;X.Categorias velhas&quot;","block_context":{"text":"X.Categorias velhas","link":"https:\/\/www.jornalja.com.br\/arquivo\/category\/x-categorias-velhas\/"},"img":{"alt_text":"","src":"","width":0,"height":0},"classes":[]},{"id":13101,"url":"https:\/\/www.jornalja.com.br\/arquivo\/morre-um-guerreiro-do-texto\/","url_meta":{"origin":40087,"position":2},"title":"Morre um guerreiro do texto","author":"Patr\u00edcia Marini","date":"14 de maio de 2014","format":false,"excerpt":"Por Ricardo Kotscho Reproduzido do blog do autor, 11\/5\/2014; t\u00edtulo original \u201cE l\u00e1 se foi o nosso Myltainho, guerreiro do texto\u201d. Mi\u00fado e franzino, meu amigo Myltainho era um valente e inconformado guerreiro na luta contra as injusti\u00e7as sociais, a hipocrisia, as maracutaias, o autoritarismo, a intoler\u00e2ncia, a viol\u00eancia, o\u2026","rel":"","context":"Em &quot;Geral&quot;","block_context":{"text":"Geral","link":"https:\/\/www.jornalja.com.br\/arquivo\/category\/geral\/"},"img":{"alt_text":"","src":"","width":0,"height":0},"classes":[]},{"id":13240,"url":"https:\/\/www.jornalja.com.br\/arquivo\/plano-diretor-estamos-construindo-o-caos\/","url_meta":{"origin":40087,"position":3},"title":"Plano diretor: &quot;Estamos construindo o caos&quot;","author":"Patr\u00edcia Marini","date":"26 de maio de 2014","format":false,"excerpt":"Desabafo que arquiteta Eliana Castilhos, delegada da Regi\u00e3o de Planejamento 1, postou nas redes sociais \u00e9 um testemunho do ambiente que se criou no Conselho do Plano Diretor de Porto Alegre, onde a aprova\u00e7\u00e3o de grandes empreendimentos \u00e9 empurrada guela abaixo dos conselheiros. Ao CMDUA Como delegada da Regi\u00e3o de\u2026","rel":"","context":"Em &quot;Geral&quot;","block_context":{"text":"Geral","link":"https:\/\/www.jornalja.com.br\/arquivo\/category\/geral\/"},"img":{"alt_text":"","src":"","width":0,"height":0},"classes":[]},{"id":13239,"url":"https:\/\/www.jornalja.com.br\/arquivo\/conselho-desdenha-do-plano-diretor\/","url_meta":{"origin":40087,"position":4},"title":"Porto Alegre: Conselho detona Plano Diretor","author":"Patr\u00edcia Marini","date":"25 de maio de 2014","format":false,"excerpt":"Den\u00fancia do arquiteto e \u00a0urbanista Ibir\u00e1 Santos Lucas. Ele diz que os conselheiros est\u00e3o votando com \"enorme irresponsabilidade\". \"Mudam regime com a maior naturalidade,,,regularizam absurdos de constru\u00e7\u00f5es irregulares... \"O CMDUA est\u00e1 flexibilizando a lei do plano diretor, de uma forma impactante na vida da cidade. Mudam regime com a maior\u2026","rel":"","context":"Em &quot;Geral&quot;","block_context":{"text":"Geral","link":"https:\/\/www.jornalja.com.br\/arquivo\/category\/geral\/"},"img":{"alt_text":"","src":"","width":0,"height":0},"classes":[]},{"id":13109,"url":"https:\/\/www.jornalja.com.br\/arquivo\/judiciario-reconhece-poluicao-eletromagnetica\/","url_meta":{"origin":40087,"position":5},"title":"Judici\u00e1rio reconhece polui\u00e7\u00e3o eletromagn\u00e9tica","author":"Patr\u00edcia Marini","date":"16 de maio de 2014","format":false,"excerpt":"A\u00e7\u00e3o de duas associa\u00e7\u00f5es de moradores foi acolhida pelo Tribunal de Justi\u00e7a de S\u00e3o Paulo que. em decis\u00e3o in\u00e9dita, determinou a redu\u00e7\u00e3o do campo eletromagn\u00e9tico gerado pelas linhas de transmiss\u00e3o de energia que cortam os bairros City Boa\u00e7ava e Alto de Pinheiros. \u00c9 a primeira vez que um tribunal do\u2026","rel":"","context":"Em &quot;X.Categorias velhas&quot;","block_context":{"text":"X.Categorias velhas","link":"https:\/\/www.jornalja.com.br\/arquivo\/category\/x-categorias-velhas\/"},"img":{"alt_text":"","src":"","width":0,"height":0},"classes":[]}],"jetpack_shortlink":"https:\/\/wp.me\/pbQjBd-aqz","jetpack_featured_media_url":"","_links":{"self":[{"href":"https:\/\/www.jornalja.com.br\/arquivo\/wp-json\/wp\/v2\/posts\/40087","targetHints":{"allow":["GET"]}}],"collection":[{"href":"https:\/\/www.jornalja.com.br\/arquivo\/wp-json\/wp\/v2\/posts"}],"about":[{"href":"https:\/\/www.jornalja.com.br\/arquivo\/wp-json\/wp\/v2\/types\/post"}],"author":[{"embeddable":true,"href":"https:\/\/www.jornalja.com.br\/arquivo\/wp-json\/wp\/v2\/users\/4"}],"replies":[{"embeddable":true,"href":"https:\/\/www.jornalja.com.br\/arquivo\/wp-json\/wp\/v2\/comments?post=40087"}],"version-history":[{"count":0,"href":"https:\/\/www.jornalja.com.br\/arquivo\/wp-json\/wp\/v2\/posts\/40087\/revisions"}],"wp:attachment":[{"href":"https:\/\/www.jornalja.com.br\/arquivo\/wp-json\/wp\/v2\/media?parent=40087"}],"wp:term":[{"taxonomy":"category","embeddable":true,"href":"https:\/\/www.jornalja.com.br\/arquivo\/wp-json\/wp\/v2\/categories?post=40087"},{"taxonomy":"post_tag","embeddable":true,"href":"https:\/\/www.jornalja.com.br\/arquivo\/wp-json\/wp\/v2\/tags?post=40087"}],"curies":[{"name":"wp","href":"https:\/\/api.w.org\/{rel}","templated":true}]}}