{"id":40285,"date":"2016-10-10T17:45:04","date_gmt":"2016-10-10T20:45:04","guid":{"rendered":"https:\/\/www.jornalja.com.br\/?p=40285"},"modified":"2016-10-10T17:45:04","modified_gmt":"2016-10-10T20:45:04","slug":"conselho-do-plano-diretor-analisa-cais-maua-e-pontal-do-estaleiro","status":"publish","type":"post","link":"https:\/\/www.jornalja.com.br\/arquivo\/conselho-do-plano-diretor-analisa-cais-maua-e-pontal-do-estaleiro\/","title":{"rendered":"Conselho do Plano Diretor analisa Cais Mau\u00e1 e Pontal do Estaleiro"},"content":{"rendered":"<p>&nbsp;<br \/>\n<span class=\"assinaespecial assina\"><u><\/u>Naira Hofmeister<\/span><br \/>\nA pr\u00f3xima reuni\u00e3o do Conselho do Plano Diretor de Porto Alegre (CMDUA) promete ser quente. Na pauta do encontro dessa ter\u00e7a-feira, 11 de outubro, est\u00e3o previstas a apresenta\u00e7\u00e3o do Estudo de Viabilidade Urban\u00edstica (EVU) do Parque do Pontal \u2013 o antigo Pontal do Estaleiro, complexo comercial a ser constru\u00eddo na beira do Gua\u00edba, entre o Museu Iber\u00ea Camargo e o BarraShopping Sul \u2013 e o voto do relator sobre o EVU do Cais Mau\u00e1.<br \/>\nAmbos projetos j\u00e1 foram aprovados pela Prefeitura Municipal em um pacot\u00e3o que incluiu outras interven\u00e7\u00f5es nas margens do Gua\u00edba, como o projeto Gigante para Sempre, que prev\u00ea a constru\u00e7\u00e3o de hotel e shopping na \u00e1rea do Beira-Rio e as fases de revitaliza\u00e7\u00e3o da Orla \u2013 uma delas entre o Gas\u00f4metro e a R\u00f3tula das Cuias, j\u00e1 em execu\u00e7\u00e3o.<br \/>\nEmbora tenha at\u00e9 15 dias para concluir sua an\u00e1lise, o relator do EVU do Cais Mau\u00e1, o representante do Sindicato da Ind\u00fastria da Constru\u00e7\u00e3o Civil do Estado (Sinduscon-RS), S\u00e9rgio Korem, acredita que ser\u00e1 poss\u00edvel emitir o parecer j\u00e1 na reuni\u00e3o desta semana. \u201cTrabalhei bastante no final de semana e deixei livre a manh\u00e3 de ter\u00e7a para uma \u00faltima revis\u00e3o. Tenho a pretens\u00e3o de apresent\u00e1-lo, sim\u201d, revela.<br \/>\nO conselheiro, entretanto, admite que s\u00f3 revelar\u00e1 sua conclus\u00e3o se houver \u201cvencido todos os temas que possam suscitar perguntas\u201d do colegiado. Ele preferiu n\u00e3o antecipar nenhuma de suas conclus\u00f5es: \u201cO que posso afirmar, preliminarmente, \u00e9 que a nossa ideia \u00e9 a de crescimento da cidade\u201d.<br \/>\nEmbora interessado diretamente na aprova\u00e7\u00e3o do projeto do Cais Mau\u00e1 \u2013 na semana passada, o empreendedor revelou que teve reuni\u00e3o com o Sinduscon para garantir que todas as empresas contratadas para a execu\u00e7\u00e3o do empreendimento ser\u00e3o do Rio Grande do Sul \u2013, Korem n\u00e3o v\u00ea nenhum impedimento na sua relatoria.<br \/>\n\u201cDe maneira nenhuma me sinto em uma saia justa. Temos uma lista de entidades do Conselho que v\u00e3o se sucedendo na an\u00e1lise dos processos e casualmente esse caiu para o nosso sindicato. Faremos uma an\u00e1lise correta, defendendo os interesses da cidade, cumprindo nosso papel de cidad\u00e3os\u201d, assegura.<br \/>\nA relatoria dos processos, conforme salientado pelo conselheiro, segue uma ordem pr\u00e9-estabelecida de rod\u00edzio entre os representantes com assento no colegiado.<br \/>\n<b>Renova\u00e7\u00e3o da pol\u00eamica<\/b><br \/>\nEnquanto o projeto do Cais Mau\u00e1 mobiliza coletivos de cidad\u00e3os contr\u00e1rios \u00e0 iniciativa nos moldes como est\u00e1 sendo proposta desde o ano passado, o Parque do Pontal, novo nome do Pontal do Estaleiro, foi a principal pol\u00eamica na cidade entre 2008 e 2010.<br \/>\nFoi tanta press\u00e3o popular para que a obra n\u00e3o fosse executada \u2013 ela prev\u00ea, assim como no Cais Mau\u00e1, a constru\u00e7\u00e3o de edif\u00edcios altos nas margens do Gua\u00edba, o que povoca cr\u00edticas desse setor da sociedade \u2013 que o ent\u00e3o prefeito, Jos\u00e9 Foga\u00e7a, convocou um plebiscito sobre a interven\u00e7\u00e3o em 2009.<br \/>\nEntretanto, ao contr\u00e1rio do que ocorre com o Cais Mau\u00e1, o assunto vinha tramitando na Prefeitura silenciosamente. No ano passado foram realizadas duas audi\u00eancias p\u00fablicas para an\u00e1lise do Estudo de Impacto Ambiental e de seu respectivo relat\u00f3rio (EIA-Rima), mas ap\u00f3s esses eventos, muito tumultuados, nada mais se soube do projeto.<br \/>\nNesta pr\u00f3xima ter\u00e7a, o pr\u00f3prio empreendedor estar\u00e1 presente na reuni\u00e3o do CMDUA para fazer a intru\u00e7\u00e3o \u00e0 analise do EVU, que ser\u00e1 relatado pelo representante da Regi\u00e3o 8 do Planejamento.<br \/>\nPara o relator do processo do Cais Mau\u00e1, S\u00e9rgio Korem, do Sinduscon, a an\u00e1lise das duas propostas na mesma reuni\u00e3o pode ser positiva. \u201c\u00c9 dif\u00edcil analisarmos em conjunto, cada assunto tem um processo separado. Mas se o Conselho decidir por um debate mais amplo, isso pode ser interessante\u201d, acredita.<br \/>\nO conselheiro ainda salienta que o encontro de ambos projetos no CMDUA n\u00e3o o surpreende. \u201cEst\u00e1vamos com uma pauta muito trancada, nossa atividade estava quase parando porque havia muita demora na libera\u00e7\u00e3o dos processos. Ent\u00e3o me parece natural que agora que estejam destravando a tramita\u00e7\u00e3o, recebemos muitos grandes empreendimentos para an\u00e1lise\u201d, concluiu.<br \/>\nA reuni\u00e3o do CMDUA inicia \u00e0s 18h e pode ser acompanhada livremente pelo p\u00fablico. Na semana passada, em raz\u00e3o da apresenta\u00e7\u00e3o do EVU do Cais Mau\u00e1, houve muitos interessados presentes e a Secretaria de Urbanismo (Smurb) barrou a entrada de quem chegou ap\u00f3s \u00e0s 18h30. A justificativa era que a sala estava com lota\u00e7\u00e3o m\u00e1xima, embora houvesse algumas cadeiras dispon\u00edveis e muito p\u00fablico em p\u00e9.<\/p>\n","protected":false},"excerpt":{"rendered":"<p>&nbsp; Naira Hofmeister A pr\u00f3xima reuni\u00e3o do Conselho do Plano Diretor de Porto Alegre (CMDUA) promete ser quente. Na pauta do encontro dessa ter\u00e7a-feira, 11 de outubro, est\u00e3o previstas a apresenta\u00e7\u00e3o do Estudo de Viabilidade Urban\u00edstica (EVU) do Parque do Pontal \u2013 o antigo Pontal do Estaleiro, complexo comercial a ser constru\u00eddo na beira do [&hellip;]<\/p>\n","protected":false},"author":4,"featured_media":40286,"comment_status":"open","ping_status":"closed","sticky":false,"template":"","format":"standard","meta":{"_jetpack_newsletter_access":"","_jetpack_dont_email_post_to_subs":false,"_jetpack_newsletter_tier_id":0,"_jetpack_memberships_contains_paywalled_content":false,"_jetpack_feature_clip_id":0,"_jetpack_memberships_contains_paid_content":false,"footnotes":"","jetpack_post_was_ever_published":false},"categories":[2007],"tags":[],"class_list":["post-40285","post","type-post","status-publish","format-standard","has-post-thumbnail","hentry","category-hotsite-cais"],"aioseo_notices":[],"aioseo_head":"\n\t\t<!-- All in One SEO 5.0.1.1 - aioseo.com -->\n\t<meta name=\"robots\" content=\"max-image-preview:large\" \/>\n\t<meta name=\"author\" content=\"da Reda\u00e7\u00e3o\"\/>\n\t<link rel=\"canonical\" href=\"https:\/\/www.jornalja.com.br\/arquivo\/conselho-do-plano-diretor-analisa-cais-maua-e-pontal-do-estaleiro\/\" \/>\n\t<meta name=\"generator\" content=\"All in One SEO (AIOSEO) 5.0.1.1\" \/>\n\t\t<meta property=\"og:locale\" content=\"pt_BR\" \/>\n\t\t<meta property=\"og:site_name\" content=\"Arquivo | Jornal J\u00c1 | Porto Alegre\" \/>\n\t\t<meta property=\"og:type\" content=\"article\" \/>\n\t\t<meta property=\"og:title\" content=\"Conselho do Plano Diretor analisa Cais Mau\u00e1 e Pontal do Estaleiro | Arquivo\" \/>\n\t\t<meta property=\"og:url\" content=\"https:\/\/www.jornalja.com.br\/arquivo\/conselho-do-plano-diretor-analisa-cais-maua-e-pontal-do-estaleiro\/\" \/>\n\t\t<meta property=\"og:image\" content=\"https:\/\/www.jornalja.com.br\/economics\/wp-content\/uploads\/sites\/11\/2026\/08\/ja-folhaderosto-facebook.jpg\" \/>\n\t\t<meta property=\"og:image:secure_url\" content=\"https:\/\/www.jornalja.com.br\/economics\/wp-content\/uploads\/sites\/11\/2026\/08\/ja-folhaderosto-facebook.jpg\" \/>\n\t\t<meta property=\"article:published_time\" content=\"2016-10-10T20:45:04+00:00\" \/>\n\t\t<meta property=\"article:modified_time\" content=\"2016-10-10T20:45:04+00:00\" \/>\n\t\t<meta name=\"twitter:card\" content=\"summary\" \/>\n\t\t<meta name=\"twitter:title\" content=\"Conselho do Plano Diretor analisa Cais Mau\u00e1 e Pontal do Estaleiro | Arquivo\" \/>\n\t\t<meta name=\"twitter:image\" content=\"https:\/\/www.jornalja.com.br\/economics\/wp-content\/uploads\/sites\/11\/2026\/08\/ja-folhaderosto-facebook.jpg\" \/>\n\t\t<script type=\"application\/ld+json\" class=\"aioseo-schema\">\n\t\t\t{\"@context\":\"https:\\\/\\\/schema.org\",\"@graph\":[{\"@type\":\"BlogPosting\",\"@id\":\"https:\\\/\\\/www.jornalja.com.br\\\/arquivo\\\/conselho-do-plano-diretor-analisa-cais-maua-e-pontal-do-estaleiro\\\/#blogposting\",\"name\":\"Conselho do Plano Diretor analisa Cais Mau\\u00e1 e Pontal do Estaleiro | Arquivo\",\"headline\":\"Conselho do Plano Diretor analisa Cais Mau\\u00e1 e Pontal do Estaleiro\",\"author\":{\"@id\":\"https:\\\/\\\/www.jornalja.com.br\\\/arquivo\\\/author\\\/daredacao\\\/#author\"},\"publisher\":{\"@id\":\"https:\\\/\\\/www.jornalja.com.br\\\/arquivo\\\/#organization\"},\"image\":{\"@type\":\"ImageObject\",\"url\":40286},\"datePublished\":\"2016-10-10T17:45:04-03:00\",\"dateModified\":\"2016-10-10T17:45:04-03:00\",\"inLanguage\":\"pt-BR\",\"mainEntityOfPage\":{\"@id\":\"https:\\\/\\\/www.jornalja.com.br\\\/arquivo\\\/conselho-do-plano-diretor-analisa-cais-maua-e-pontal-do-estaleiro\\\/#webpage\"},\"isPartOf\":{\"@id\":\"https:\\\/\\\/www.jornalja.com.br\\\/arquivo\\\/conselho-do-plano-diretor-analisa-cais-maua-e-pontal-do-estaleiro\\\/#webpage\"},\"articleSection\":\"HOTSITE CAIS\"},{\"@type\":\"BreadcrumbList\",\"@id\":\"https:\\\/\\\/www.jornalja.com.br\\\/arquivo\\\/conselho-do-plano-diretor-analisa-cais-maua-e-pontal-do-estaleiro\\\/#breadcrumblist\",\"itemListElement\":[{\"@type\":\"ListItem\",\"@id\":\"https:\\\/\\\/www.jornalja.com.br\\\/arquivo#listItem\",\"position\":1,\"name\":\"Home\",\"item\":\"https:\\\/\\\/www.jornalja.com.br\\\/arquivo\",\"nextItem\":{\"@type\":\"ListItem\",\"@id\":\"https:\\\/\\\/www.jornalja.com.br\\\/arquivo\\\/category\\\/hotsite-cais\\\/#listItem\",\"name\":\"HOTSITE CAIS\"}},{\"@type\":\"ListItem\",\"@id\":\"https:\\\/\\\/www.jornalja.com.br\\\/arquivo\\\/category\\\/hotsite-cais\\\/#listItem\",\"position\":2,\"name\":\"HOTSITE CAIS\",\"item\":\"https:\\\/\\\/www.jornalja.com.br\\\/arquivo\\\/category\\\/hotsite-cais\\\/\",\"nextItem\":{\"@type\":\"ListItem\",\"@id\":\"https:\\\/\\\/www.jornalja.com.br\\\/arquivo\\\/conselho-do-plano-diretor-analisa-cais-maua-e-pontal-do-estaleiro\\\/#listItem\",\"name\":\"Conselho do Plano Diretor analisa Cais Mau\\u00e1 e Pontal do Estaleiro\"},\"previousItem\":{\"@type\":\"ListItem\",\"@id\":\"https:\\\/\\\/www.jornalja.com.br\\\/arquivo#listItem\",\"name\":\"Home\"}},{\"@type\":\"ListItem\",\"@id\":\"https:\\\/\\\/www.jornalja.com.br\\\/arquivo\\\/conselho-do-plano-diretor-analisa-cais-maua-e-pontal-do-estaleiro\\\/#listItem\",\"position\":3,\"name\":\"Conselho do Plano Diretor analisa Cais Mau\\u00e1 e Pontal do Estaleiro\",\"previousItem\":{\"@type\":\"ListItem\",\"@id\":\"https:\\\/\\\/www.jornalja.com.br\\\/arquivo\\\/category\\\/hotsite-cais\\\/#listItem\",\"name\":\"HOTSITE CAIS\"}}]},{\"@type\":\"Organization\",\"@id\":\"https:\\\/\\\/www.jornalja.com.br\\\/arquivo\\\/#organization\",\"name\":\"Jornal J\\u00c1\",\"description\":\"Jornal J\\u00c1 | Porto Alegre\",\"url\":\"https:\\\/\\\/www.jornalja.com.br\\\/arquivo\\\/\",\"telephone\":\"+555133307272\",\"logo\":{\"@type\":\"ImageObject\",\"url\":\"https:\\\/\\\/www.jornalja.com.br\\\/wp-content\\\/uploads\\\/cards\\\/JAslogan.png\",\"@id\":\"https:\\\/\\\/www.jornalja.com.br\\\/arquivo\\\/conselho-do-plano-diretor-analisa-cais-maua-e-pontal-do-estaleiro\\\/#organizationLogo\"},\"image\":{\"@id\":\"https:\\\/\\\/www.jornalja.com.br\\\/arquivo\\\/conselho-do-plano-diretor-analisa-cais-maua-e-pontal-do-estaleiro\\\/#organizationLogo\"}},{\"@type\":\"Person\",\"@id\":\"https:\\\/\\\/www.jornalja.com.br\\\/arquivo\\\/author\\\/daredacao\\\/#author\",\"url\":\"https:\\\/\\\/www.jornalja.com.br\\\/arquivo\\\/author\\\/daredacao\\\/\",\"name\":\"da Reda\\u00e7\\u00e3o\",\"image\":{\"@type\":\"ImageObject\",\"@id\":\"https:\\\/\\\/www.jornalja.com.br\\\/arquivo\\\/conselho-do-plano-diretor-analisa-cais-maua-e-pontal-do-estaleiro\\\/#authorImage\",\"url\":\"https:\\\/\\\/secure.gravatar.com\\\/avatar\\\/469fd857d6605ad19919d27ed29d35a968a25f6e8fd9318356bbb7f57aae9c65?s=96&d=mm&r=g\",\"width\":96,\"height\":96,\"caption\":\"da Reda\\u00e7\\u00e3o\"}},{\"@type\":\"WebPage\",\"@id\":\"https:\\\/\\\/www.jornalja.com.br\\\/arquivo\\\/conselho-do-plano-diretor-analisa-cais-maua-e-pontal-do-estaleiro\\\/#webpage\",\"url\":\"https:\\\/\\\/www.jornalja.com.br\\\/arquivo\\\/conselho-do-plano-diretor-analisa-cais-maua-e-pontal-do-estaleiro\\\/\",\"name\":\"Conselho do Plano Diretor analisa Cais Mau\\u00e1 e Pontal do Estaleiro | Arquivo\",\"inLanguage\":\"pt-BR\",\"isPartOf\":{\"@id\":\"https:\\\/\\\/www.jornalja.com.br\\\/arquivo\\\/#website\"},\"breadcrumb\":{\"@id\":\"https:\\\/\\\/www.jornalja.com.br\\\/arquivo\\\/conselho-do-plano-diretor-analisa-cais-maua-e-pontal-do-estaleiro\\\/#breadcrumblist\"},\"author\":{\"@id\":\"https:\\\/\\\/www.jornalja.com.br\\\/arquivo\\\/author\\\/daredacao\\\/#author\"},\"creator\":{\"@id\":\"https:\\\/\\\/www.jornalja.com.br\\\/arquivo\\\/author\\\/daredacao\\\/#author\"},\"image\":{\"@type\":\"ImageObject\",\"url\":40286,\"@id\":\"https:\\\/\\\/www.jornalja.com.br\\\/arquivo\\\/conselho-do-plano-diretor-analisa-cais-maua-e-pontal-do-estaleiro\\\/#mainImage\"},\"primaryImageOfPage\":{\"@id\":\"https:\\\/\\\/www.jornalja.com.br\\\/arquivo\\\/conselho-do-plano-diretor-analisa-cais-maua-e-pontal-do-estaleiro\\\/#mainImage\"},\"datePublished\":\"2016-10-10T17:45:04-03:00\",\"dateModified\":\"2016-10-10T17:45:04-03:00\"},{\"@type\":\"WebSite\",\"@id\":\"https:\\\/\\\/www.jornalja.com.br\\\/arquivo\\\/#website\",\"url\":\"https:\\\/\\\/www.jornalja.com.br\\\/arquivo\\\/\",\"name\":\"Arquivo\",\"description\":\"Jornal J\\u00c1 | Porto Alegre\",\"inLanguage\":\"pt-BR\",\"publisher\":{\"@id\":\"https:\\\/\\\/www.jornalja.com.br\\\/arquivo\\\/#organization\"}}]}\n\t\t<\/script>\n\t\t<!-- All in One SEO -->\n\n","aioseo_head_json":{"title":"Conselho do Plano Diretor analisa Cais Mau\u00e1 e Pontal do Estaleiro | Arquivo","description":"","canonical_url":"https:\/\/www.jornalja.com.br\/arquivo\/conselho-do-plano-diretor-analisa-cais-maua-e-pontal-do-estaleiro\/","robots":"max-image-preview:large","keywords":"","webmasterTools":{"miscellaneous":""},"schema":{"@context":"https:\/\/schema.org","@graph":[{"@type":"BlogPosting","@id":"https:\/\/www.jornalja.com.br\/arquivo\/conselho-do-plano-diretor-analisa-cais-maua-e-pontal-do-estaleiro\/#blogposting","name":"Conselho do Plano Diretor analisa Cais Mau\u00e1 e Pontal do Estaleiro | Arquivo","headline":"Conselho do Plano Diretor analisa Cais Mau\u00e1 e Pontal do Estaleiro","author":{"@id":"https:\/\/www.jornalja.com.br\/arquivo\/author\/daredacao\/#author"},"publisher":{"@id":"https:\/\/www.jornalja.com.br\/arquivo\/#organization"},"image":{"@type":"ImageObject","url":40286},"datePublished":"2016-10-10T17:45:04-03:00","dateModified":"2016-10-10T17:45:04-03:00","inLanguage":"pt-BR","mainEntityOfPage":{"@id":"https:\/\/www.jornalja.com.br\/arquivo\/conselho-do-plano-diretor-analisa-cais-maua-e-pontal-do-estaleiro\/#webpage"},"isPartOf":{"@id":"https:\/\/www.jornalja.com.br\/arquivo\/conselho-do-plano-diretor-analisa-cais-maua-e-pontal-do-estaleiro\/#webpage"},"articleSection":"HOTSITE CAIS"},{"@type":"BreadcrumbList","@id":"https:\/\/www.jornalja.com.br\/arquivo\/conselho-do-plano-diretor-analisa-cais-maua-e-pontal-do-estaleiro\/#breadcrumblist","itemListElement":[{"@type":"ListItem","@id":"https:\/\/www.jornalja.com.br\/arquivo#listItem","position":1,"name":"Home","item":"https:\/\/www.jornalja.com.br\/arquivo","nextItem":{"@type":"ListItem","@id":"https:\/\/www.jornalja.com.br\/arquivo\/category\/hotsite-cais\/#listItem","name":"HOTSITE CAIS"}},{"@type":"ListItem","@id":"https:\/\/www.jornalja.com.br\/arquivo\/category\/hotsite-cais\/#listItem","position":2,"name":"HOTSITE CAIS","item":"https:\/\/www.jornalja.com.br\/arquivo\/category\/hotsite-cais\/","nextItem":{"@type":"ListItem","@id":"https:\/\/www.jornalja.com.br\/arquivo\/conselho-do-plano-diretor-analisa-cais-maua-e-pontal-do-estaleiro\/#listItem","name":"Conselho do Plano Diretor analisa Cais Mau\u00e1 e Pontal do Estaleiro"},"previousItem":{"@type":"ListItem","@id":"https:\/\/www.jornalja.com.br\/arquivo#listItem","name":"Home"}},{"@type":"ListItem","@id":"https:\/\/www.jornalja.com.br\/arquivo\/conselho-do-plano-diretor-analisa-cais-maua-e-pontal-do-estaleiro\/#listItem","position":3,"name":"Conselho do Plano Diretor analisa Cais Mau\u00e1 e Pontal do Estaleiro","previousItem":{"@type":"ListItem","@id":"https:\/\/www.jornalja.com.br\/arquivo\/category\/hotsite-cais\/#listItem","name":"HOTSITE CAIS"}}]},{"@type":"Organization","@id":"https:\/\/www.jornalja.com.br\/arquivo\/#organization","name":"Jornal J\u00c1","description":"Jornal J\u00c1 | Porto Alegre","url":"https:\/\/www.jornalja.com.br\/arquivo\/","telephone":"+555133307272","logo":{"@type":"ImageObject","url":"https:\/\/www.jornalja.com.br\/wp-content\/uploads\/cards\/JAslogan.png","@id":"https:\/\/www.jornalja.com.br\/arquivo\/conselho-do-plano-diretor-analisa-cais-maua-e-pontal-do-estaleiro\/#organizationLogo"},"image":{"@id":"https:\/\/www.jornalja.com.br\/arquivo\/conselho-do-plano-diretor-analisa-cais-maua-e-pontal-do-estaleiro\/#organizationLogo"}},{"@type":"Person","@id":"https:\/\/www.jornalja.com.br\/arquivo\/author\/daredacao\/#author","url":"https:\/\/www.jornalja.com.br\/arquivo\/author\/daredacao\/","name":"da Reda\u00e7\u00e3o","image":{"@type":"ImageObject","@id":"https:\/\/www.jornalja.com.br\/arquivo\/conselho-do-plano-diretor-analisa-cais-maua-e-pontal-do-estaleiro\/#authorImage","url":"https:\/\/secure.gravatar.com\/avatar\/469fd857d6605ad19919d27ed29d35a968a25f6e8fd9318356bbb7f57aae9c65?s=96&d=mm&r=g","width":96,"height":96,"caption":"da Reda\u00e7\u00e3o"}},{"@type":"WebPage","@id":"https:\/\/www.jornalja.com.br\/arquivo\/conselho-do-plano-diretor-analisa-cais-maua-e-pontal-do-estaleiro\/#webpage","url":"https:\/\/www.jornalja.com.br\/arquivo\/conselho-do-plano-diretor-analisa-cais-maua-e-pontal-do-estaleiro\/","name":"Conselho do Plano Diretor analisa Cais Mau\u00e1 e Pontal do Estaleiro | Arquivo","inLanguage":"pt-BR","isPartOf":{"@id":"https:\/\/www.jornalja.com.br\/arquivo\/#website"},"breadcrumb":{"@id":"https:\/\/www.jornalja.com.br\/arquivo\/conselho-do-plano-diretor-analisa-cais-maua-e-pontal-do-estaleiro\/#breadcrumblist"},"author":{"@id":"https:\/\/www.jornalja.com.br\/arquivo\/author\/daredacao\/#author"},"creator":{"@id":"https:\/\/www.jornalja.com.br\/arquivo\/author\/daredacao\/#author"},"image":{"@type":"ImageObject","url":40286,"@id":"https:\/\/www.jornalja.com.br\/arquivo\/conselho-do-plano-diretor-analisa-cais-maua-e-pontal-do-estaleiro\/#mainImage"},"primaryImageOfPage":{"@id":"https:\/\/www.jornalja.com.br\/arquivo\/conselho-do-plano-diretor-analisa-cais-maua-e-pontal-do-estaleiro\/#mainImage"},"datePublished":"2016-10-10T17:45:04-03:00","dateModified":"2016-10-10T17:45:04-03:00"},{"@type":"WebSite","@id":"https:\/\/www.jornalja.com.br\/arquivo\/#website","url":"https:\/\/www.jornalja.com.br\/arquivo\/","name":"Arquivo","description":"Jornal J\u00c1 | Porto Alegre","inLanguage":"pt-BR","publisher":{"@id":"https:\/\/www.jornalja.com.br\/arquivo\/#organization"}}]},"og:locale":"pt_BR","og:site_name":"Arquivo | Jornal J\u00c1 | Porto Alegre","og:type":"article","og:title":"Conselho do Plano Diretor analisa Cais Mau\u00e1 e Pontal do Estaleiro | Arquivo","og:url":"https:\/\/www.jornalja.com.br\/arquivo\/conselho-do-plano-diretor-analisa-cais-maua-e-pontal-do-estaleiro\/","og:image":"https:\/\/www.jornalja.com.br\/economics\/wp-content\/uploads\/sites\/11\/2026\/08\/ja-folhaderosto-facebook.jpg","og:image:secure_url":"https:\/\/www.jornalja.com.br\/economics\/wp-content\/uploads\/sites\/11\/2026\/08\/ja-folhaderosto-facebook.jpg","article:published_time":"2016-10-10T20:45:04+00:00","article:modified_time":"2016-10-10T20:45:04+00:00","twitter:card":"summary","twitter:title":"Conselho do Plano Diretor analisa Cais Mau\u00e1 e Pontal do Estaleiro | Arquivo","twitter:image":"https:\/\/www.jornalja.com.br\/economics\/wp-content\/uploads\/sites\/11\/2026\/08\/ja-folhaderosto-facebook.jpg"},"aioseo_meta_data":{"post_id":"40285","title":null,"description":null,"keywords":null,"keyphrases":null,"primary_term":null,"canonical_url":null,"og_title":null,"og_description":null,"og_object_type":"default","og_image_type":"default","og_image_url":null,"og_image_width":null,"og_image_height":null,"og_image_custom_url":null,"og_image_custom_fields":null,"og_video":null,"og_custom_url":null,"og_article_section":null,"og_article_tags":null,"twitter_use_og":false,"twitter_card":"default","twitter_image_type":"default","twitter_image_url":null,"twitter_image_custom_url":null,"twitter_image_custom_fields":null,"twitter_title":null,"twitter_description":null,"schema":{"blockGraphs":[],"customGraphs":[],"default":{"data":{"Article":[],"Course":[],"Dataset":[],"FAQPage":[],"Movie":[],"Person":[],"Product":[],"ProductReview":[],"Car":[],"Recipe":[],"Service":[],"SoftwareApplication":[],"WebPage":[]},"graphName":"","isEnabled":true},"graphs":[],"defaultGraph":"","defaultPostTypeGraph":""},"schema_type":null,"schema_type_options":null,"pillar_content":false,"robots_default":true,"robots_noindex":false,"robots_noarchive":false,"robots_nosnippet":false,"robots_nofollow":false,"robots_noimageindex":false,"robots_noodp":false,"robots_notranslate":false,"robots_max_snippet":null,"robots_max_videopreview":null,"robots_max_imagepreview":"large","priority":null,"frequency":null,"location":null,"local_seo":null,"breadcrumb_settings":null,"limit_modified_date":false,"ai":null,"created":"2020-12-20 20:49:37","updated":"2025-07-19 17:21:20","seo_analyzer_scan_date":null,"focus_keyword":null,"additional_keywords":null,"truseo_locale":null},"jetpack_sharing_enabled":true,"jetpack-related-posts":[{"id":14241,"url":"https:\/\/www.jornalja.com.br\/arquivo\/o-guaiba-nas-imagens-poeticas-de-achutti\/","url_meta":{"origin":40285,"position":0},"title":"O Gua\u00edba nas imagens po\u00e9ticas de Achutti","author":"da Reda\u00e7\u00e3o","date":"18 de junho de 2014","format":false,"excerpt":"Em \u201cO Gua\u00edba por Achutti\u201d \u2013 obra financiada via Minist\u00e9rio da Cultura, produ\u00e7\u00e3o executiva de Pedro Longhi, e Fl\u00e1vio Wild como designer \u2013, o fot\u00f3grafo revela a beleza e as mazelas de um espa\u00e7o aqu\u00e1tico de \u00e1guas sempre renovadas, cheio de hist\u00f3rias e lendas como as das cidades que foram\u2026","rel":"","context":"Em &quot;Cultura-Geral&quot;","block_context":{"text":"Cultura-Geral","link":"https:\/\/www.jornalja.com.br\/arquivo\/category\/materiasecundaria\/"},"img":{"alt_text":"","src":"","width":0,"height":0},"classes":[]},{"id":13239,"url":"https:\/\/www.jornalja.com.br\/arquivo\/conselho-desdenha-do-plano-diretor\/","url_meta":{"origin":40285,"position":1},"title":"Porto Alegre: Conselho detona Plano Diretor","author":"Patr\u00edcia Marini","date":"25 de maio de 2014","format":false,"excerpt":"Den\u00fancia do arquiteto e \u00a0urbanista Ibir\u00e1 Santos Lucas. Ele diz que os conselheiros est\u00e3o votando com \"enorme irresponsabilidade\". \"Mudam regime com a maior naturalidade,,,regularizam absurdos de constru\u00e7\u00f5es irregulares... \"O CMDUA est\u00e1 flexibilizando a lei do plano diretor, de uma forma impactante na vida da cidade. Mudam regime com a maior\u2026","rel":"","context":"Em &quot;Geral&quot;","block_context":{"text":"Geral","link":"https:\/\/www.jornalja.com.br\/arquivo\/category\/geral\/"},"img":{"alt_text":"","src":"","width":0,"height":0},"classes":[]},{"id":13240,"url":"https:\/\/www.jornalja.com.br\/arquivo\/plano-diretor-estamos-construindo-o-caos\/","url_meta":{"origin":40285,"position":2},"title":"Plano diretor: &quot;Estamos construindo o caos&quot;","author":"Patr\u00edcia Marini","date":"26 de maio de 2014","format":false,"excerpt":"Desabafo que arquiteta Eliana Castilhos, delegada da Regi\u00e3o de Planejamento 1, postou nas redes sociais \u00e9 um testemunho do ambiente que se criou no Conselho do Plano Diretor de Porto Alegre, onde a aprova\u00e7\u00e3o de grandes empreendimentos \u00e9 empurrada guela abaixo dos conselheiros. Ao CMDUA Como delegada da Regi\u00e3o de\u2026","rel":"","context":"Em &quot;Geral&quot;","block_context":{"text":"Geral","link":"https:\/\/www.jornalja.com.br\/arquivo\/category\/geral\/"},"img":{"alt_text":"","src":"","width":0,"height":0},"classes":[]},{"id":5440,"url":"https:\/\/www.jornalja.com.br\/arquivo\/casarao-da-venancio-destino-permanece-incerto\/","url_meta":{"origin":40285,"position":3},"title":"Estado ainda n\u00e3o sabe o que fazer com casar\u00e3o abandonado h\u00e1 20 anos","author":"Elmar Bones","date":"6 de julho de 2009","format":false,"excerpt":"O casar\u00e3o amarelo, numa esquina nobre de Porto Alegre (Ven\u00e2ncio Aires com Jo\u00e3o Pessoa), j\u00e1 abrigou uma escola. H\u00e1 duas d\u00e9cadas, pelo menos, est\u00e1 abandonado, porque seu propriet\u00e1rio, o governo do Estado do Rio Grande do Sul, n\u00e3o consegue achar um destino para ele. Planos n\u00e3o faltaram. O governador Ol\u00edvio\u2026","rel":"","context":"Em &quot;X.Categorias velhas&quot;","block_context":{"text":"X.Categorias velhas","link":"https:\/\/www.jornalja.com.br\/arquivo\/category\/x-categorias-velhas\/"},"img":{"alt_text":"geraldo1","src":"https:\/\/i0.wp.com\/www.jornalja.com.br\/wp-content\/uploads\/2009\/07\/geraldo1.jpg?resize=350%2C200&ssl=1","width":350,"height":200},"classes":[]},{"id":13124,"url":"https:\/\/www.jornalja.com.br\/arquivo\/sangue-latino-no-iecine\/","url_meta":{"origin":40285,"position":4},"title":"Sangue latino no IECINE","author":"da Reda\u00e7\u00e3o","date":"18 de maio de 2014","format":false,"excerpt":"Francisco Ribeiro O Instituto Estadual de Cinema (IECINE) tem a frente, desde abril \u00faltimo, um novo diretor, o cineasta colombiano Juan Zapata, 36, que substitui Luiz Alberto Cassol. Radicado h\u00e1 dez anos em Porto Alegre, Zapata tem diante de si o desafio de conduzir at\u00e9 o final do ano um\u2026","rel":"","context":"Em &quot;Cultura-Geral&quot;","block_context":{"text":"Cultura-Geral","link":"https:\/\/www.jornalja.com.br\/arquivo\/category\/materiasecundaria\/"},"img":{"alt_text":"","src":"","width":0,"height":0},"classes":[]},{"id":13101,"url":"https:\/\/www.jornalja.com.br\/arquivo\/morre-um-guerreiro-do-texto\/","url_meta":{"origin":40285,"position":5},"title":"Morre um guerreiro do texto","author":"Patr\u00edcia Marini","date":"14 de maio de 2014","format":false,"excerpt":"Por Ricardo Kotscho Reproduzido do blog do autor, 11\/5\/2014; t\u00edtulo original \u201cE l\u00e1 se foi o nosso Myltainho, guerreiro do texto\u201d. Mi\u00fado e franzino, meu amigo Myltainho era um valente e inconformado guerreiro na luta contra as injusti\u00e7as sociais, a hipocrisia, as maracutaias, o autoritarismo, a intoler\u00e2ncia, a viol\u00eancia, o\u2026","rel":"","context":"Em &quot;Geral&quot;","block_context":{"text":"Geral","link":"https:\/\/www.jornalja.com.br\/arquivo\/category\/geral\/"},"img":{"alt_text":"","src":"","width":0,"height":0},"classes":[]}],"jetpack_shortlink":"https:\/\/wp.me\/pbQjBd-atL","jetpack_featured_media_url":"","_links":{"self":[{"href":"https:\/\/www.jornalja.com.br\/arquivo\/wp-json\/wp\/v2\/posts\/40285","targetHints":{"allow":["GET"]}}],"collection":[{"href":"https:\/\/www.jornalja.com.br\/arquivo\/wp-json\/wp\/v2\/posts"}],"about":[{"href":"https:\/\/www.jornalja.com.br\/arquivo\/wp-json\/wp\/v2\/types\/post"}],"author":[{"embeddable":true,"href":"https:\/\/www.jornalja.com.br\/arquivo\/wp-json\/wp\/v2\/users\/4"}],"replies":[{"embeddable":true,"href":"https:\/\/www.jornalja.com.br\/arquivo\/wp-json\/wp\/v2\/comments?post=40285"}],"version-history":[{"count":0,"href":"https:\/\/www.jornalja.com.br\/arquivo\/wp-json\/wp\/v2\/posts\/40285\/revisions"}],"wp:attachment":[{"href":"https:\/\/www.jornalja.com.br\/arquivo\/wp-json\/wp\/v2\/media?parent=40285"}],"wp:term":[{"taxonomy":"category","embeddable":true,"href":"https:\/\/www.jornalja.com.br\/arquivo\/wp-json\/wp\/v2\/categories?post=40285"},{"taxonomy":"post_tag","embeddable":true,"href":"https:\/\/www.jornalja.com.br\/arquivo\/wp-json\/wp\/v2\/tags?post=40285"}],"curies":[{"name":"wp","href":"https:\/\/api.w.org\/{rel}","templated":true}]}}