{"id":40328,"date":"2016-10-11T20:33:09","date_gmt":"2016-10-11T23:33:09","guid":{"rendered":"https:\/\/www.jornalja.com.br\/?p=40328"},"modified":"2016-10-11T20:33:09","modified_gmt":"2016-10-11T23:33:09","slug":"jornalistas-tambem-escrevem-livros-para-as-criancas","status":"publish","type":"post","link":"https:\/\/www.jornalja.com.br\/arquivo\/jornalistas-tambem-escrevem-livros-para-as-criancas\/","title":{"rendered":"Jornalistas tamb\u00e9m escrevem livros para as crian\u00e7as"},"content":{"rendered":"<p class=\"escrito\"><strong>Anderson Scardoelli, do Comunique-se<\/strong><\/p>\n<p class=\"escrito\">Feriado de Nossa Senhora Aparecida? Que nada! Para o p\u00fablico infantil, 12 de outubro \u00e9 o Dia das Crian\u00e7as. Para quem tem responsabilidades com os pequenos \u2013 caso deste redator que conta com dois sobrinhos -, o mercado editorial surge como op\u00e7\u00e3o interessante (e educativa) para presentes. Pensando em auxiliar na compra para a data festejada pela galerinha e, al\u00e9m de tudo, estimular a leitura desde cedo, o Portal Comunique-se lista 10 livros infantis escritos por jornalistas \u2013 obras que t\u00eam tudo para cair no gosto at\u00e9 dos adultos.<\/p>\n<div class=\"ck\">\n<div><\/div>\n<div>Confira a sele\u00e7\u00e3o:<\/div>\n<div><\/div>\n<div>Adriana Carranca \u2013 Malala, a menina que queria ir para a escola<\/div>\n<div>Um livrorreportagem para crian\u00e7as. \u00c9 assim que O Globo define Malala, a menina que queria ir para a escola, livro de Adriana Carranca. Lan\u00e7ada em 2015, a obra conta a hist\u00f3ria real da garota paquistanesa Malala Yousafzai, que foi baleada em 2012, quando tentava estudar \u2013 ato proibido pelo grupo terrorista Talib\u00e3, que tomava conta da regi\u00e3o do Vale do Swat. A jornalista foi \u00e0 regi\u00e3o dias ap\u00f3s o atentado contra a jovem. O livro, al\u00e9m de endossar que a personagem principal da hist\u00f3ria foi a pessoa mais jovem a ganhar o Nobel da Paz, apresenta a localidade como terra habitada por reis e rainhas, \u201ccomo nos contos de fadas\u201d.<\/div>\n<div><\/div>\n<div>Aline Bordalo e Alexandre Ara\u00fajo \u2013 Onde a coruja dorme e outras hist\u00f3rias<\/div>\n<div>Passar de forma descontra\u00edda o conhecimento adquirido com anos de cobertura no meio esportivo para as crian\u00e7as. Essa foi a miss\u00e3o do casal Aline Bordalo e Alexandre Ara\u00fajo com o lan\u00e7amento de Onde a coruja dorme e outras hist\u00f3rias, livro que chegou ao mercado no m\u00eas passado. Conforme registrado pela reportagem do Portal Comunique-se, a obra \u201capresenta contos que fazem refer\u00eancia a express\u00f5es ligadas ao futebol e ao mundo animal, apresentando novos significados para os termos\u201d. Dessa forma, frases t\u00edpicas do esporte d\u00e3o nomes a cap\u00edtulos, como \u201cO frango que queria ser goleiro\u201d e \u201cOm drible da vaca\u201d.<\/div>\n<div><\/div>\n<div>Dad Squarisi &#8211; Deuses do Olimpo<\/div>\n<div>Jornalista e professora de reda\u00e7\u00e3o, Dad Squarisi tamb\u00e9m \u00e9 reconhecida por publicar livros com dicas de gram\u00e1tica. Em 2014, por\u00e9m, deixou o tema de lado para apresentar trabalho voltado aos leitores infantis e juvenis. No livro Deuses do Olimpo \u2013 pra gente pequena e gente grande tamb\u00e9m, ela convida o p\u00fablico a mergulhar no \u201cuniverso m\u00e1gico da Gr\u00e9cia Antiga\u201d. Com o tema, a hist\u00f3ria relata a origem dos principais personagens da mitologia, como Hermes (o deus da comunica\u00e7\u00e3o), Atena (deusa da sabedoria) e Zeus (o deus supremo e dono do raio)<\/div>\n<div><\/div>\n<div>Juni\u00e3o \u2013 Meu pai vai me buscar na escola<\/div>\n<div>A estreia do jornalista e ilustrador Antonio Carlos de Paula J\u00fanior, o Juni\u00e3o, como escritor infantil aconteceu em julho deste ano, com o lan\u00e7amento de Meu pai vai me buscar na escola. A hist\u00f3ria foca na rela\u00e7\u00e3o de uma crian\u00e7a de tr\u00eas anos, que come\u00e7a a descobrir o mundo ao lado de seu pai. A dupla de protagonistas desbrava tudo de uma cidade: \u201cas ruas, as pessoas e as criaturas, a arquitetura, tudo o que pode ser visto e aquilo que s\u00f3 d\u00e1 para imaginar\u201d, conforme registrou Fausto Salvadori, colega de Juni\u00e3o na Ponte Jornalismo, ao comentar o trabalho liter\u00e1rio.<\/div>\n<div><\/div>\n<div>Mariza Tavares \u2013 Os do meio<\/div>\n<div>\u201c\u00c9 uma hist\u00f3ria que tem muitos irm\u00e3os, irm\u00e3s e fam\u00edlias. Eles n\u00e3o moram todos juntos, n\u00e3o. Cada fam\u00edlia vive na sua casa. Mas todos esses irm\u00e3os e irm\u00e3s s\u00e3o parecidos numa coisa: eles n\u00e3o nasceram primeiro e tamb\u00e9m n\u00e3o s\u00e3o os ca\u00e7ulas. Essa \u00e9 a hist\u00f3ria dos do meio. E de como isso \u00e0s vezes pode ser muuuito complicado!\u201d. Referente ao livro Os do meio, a afirma\u00e7\u00e3o \u00e9 da jornalista Mariza Tavares, autora da obra lan\u00e7ada em junho, que decidiu escrever para as crian\u00e7as depois de uma amiga lhe contar os problemas que estava enfrentando com a filha \u201cespremida\u201d, como brincou a escritora.<\/div>\n<div><\/div>\n<div>M\u00edriam Leit\u00e3o \u2013 A perigosa vida dos passarinhos pequenos<\/div>\n<div>\u201cMestre do Jornalismo\u201d de forma dupla no Pr\u00eamio Comunique-se, devido ao seu trabalho como jornalista de economia na m\u00eddia \u201cfalada\u201d e na \u201cescrita\u201d, M\u00edriam Leit\u00e3o deixou os n\u00fameros e a cobertura sobre economia de lado em parte de 2013. Naquele ano, ela apresentou seu primeiro livro voltado ao p\u00fablico infantil. Na ocasi\u00e3o, disse \u00e0 reportagem do Portal Comunique-se que o seu desejo com a obra era \u201cbrincar com as crian\u00e7as\u201d. O faro jornal\u00edstico, por\u00e9m, n\u00e3o ficou de lado na estreia como escritora de crian\u00e7as: pois para contar a rela\u00e7\u00e3o das pequenas aves com a natureza, realizou pesquisas e entrevistou ornit\u00f3logos (especialistas em p\u00e1ssaros).<\/div>\n<div><\/div>\n<div><\/div>\n<div>Ricardo Viveiros \u2013 O poeta e o passarinho<\/div>\n<div>Jornalista com meio s\u00e9culo de carreira e escritor com mais de 30 livros publicados, Ricardo Viveiros tem, entre as suas produ\u00e7\u00f5es, trabalhos dedicados ao p\u00fablico infanto-juvenil. \u00c9 o caso de O poeta e o passarinho, no qual relata que as duas personagens principais ficam \u201cfortes a partir do momento em que se encontram\u201d, que \u00e9 quando o bichinho cai na janela no artista. Com um ajudando o outro, \u201cvivendo um existir solid\u00e1rio, livre e feliz\u201d, a hist\u00f3ria, contudo, relata que, depois de se recuperar da queda, o p\u00e1ssaro deixa o amigo para tr\u00e1s, volta a bater as asas e voa para longe.<\/div>\n<div><\/div>\n<div>Rog\u00e9rio \u201cRofa\u201d Ara\u00fajo \u2013 Rofinha e seus amigos de oito patas<\/div>\n<div>O amor de uma crian\u00e7a por cachorros \u00e9 o que move Rofinha e seus amigos de oito anos. O livro lan\u00e7ado em outubro de 2015 foi escrito por Rog\u00e9rio Ara\u00fajo, mais conhecido como \u201cRofa\u201d, dando a entender que o personagem que aparece no t\u00edtulo \u00e9 uma esp\u00e9cie de seu alter ego infantil. Fora do p\u00fablico juvenil, o autor tem trabalhos em que aborda a atua\u00e7\u00e3o da imprensa \u2013 M\u00eddia, ben\u00e7\u00e3o ou maldi\u00e7\u00e3o \u2013 e outras dezenas de publica\u00e7\u00f5es<\/div>\n<div><\/div>\n<div>Thalita Rebou\u00e7as \u2013 Uma fada veio me visitar<\/div>\n<div>\u201c\u00c9 fada\u201d, t\u00edtulo do filme estrelado youtuber K\u00e9fera Buchmann. Em cartaz nos cinemas, a hist\u00f3ria foi baseada no livro Uma fada veio me visitar, da jornalista e reconhecida escritora dedicada a trabalhos voltados ao p\u00fablico infantil. \u201cO estilo descontra\u00eddo e o talento inconfund\u00edvel para tratar de assuntos que interessam ao universo adolescente continuam presentes no novo livro. E agora com um toque de magia\u201d, afirma a equipe da Rocco ao apresentar a publica\u00e7\u00e3o que \u2013 assim como nas telonas \u2013 destaca o inesperado encontro de uma garota com uma \u201cfadinha espevitada\u201d<\/div>\n<div><\/div>\n<div>Ziraldo \u2013 O Menino Maluquinho<\/div>\n<div>\u201cNa grande obra infantil de Ziraldo, verso e desenho contam a hist\u00f3ria de um menino traquinas que aprontava muita confus\u00e3o. Alegria da casa, liderava a garotada, era sabido e um amig\u00e3o. Fazia versinhos, can\u00e7\u00f5es, inventava brincadeiras. Tirava dez em todas as mat\u00e9rias, mas era zero em comportamento. Menino maluquinho, diziam. Mas na verdade ele era um menino feliz\u201d. \u00c9 dessa forma que a Saraiva apresenta o livro que ganhou destaque ao ter vers\u00e3o cinematogr\u00e1fica. A publica\u00e7\u00e3o conta com textos e ilustra\u00e7\u00f5es de um dos mais reconhecidos escritores e cartunistas do pa\u00eds.<\/div>\n<div><\/div>\n<div><em>(De\u00a0Anderson Scardoelli, do Comunique-se)<\/em><\/div>\n<div><\/div>\n<\/div>\n","protected":false},"excerpt":{"rendered":"<p>Anderson Scardoelli, do Comunique-se Feriado de Nossa Senhora Aparecida? Que nada! Para o p\u00fablico infantil, 12 de outubro \u00e9 o Dia das Crian\u00e7as. Para quem tem responsabilidades com os pequenos \u2013 caso deste redator que conta com dois sobrinhos -, o mercado editorial surge como op\u00e7\u00e3o interessante (e educativa) para presentes. Pensando em auxiliar na [&hellip;]<\/p>\n","protected":false},"author":4,"featured_media":0,"comment_status":"open","ping_status":"closed","sticky":false,"template":"","format":"standard","meta":{"_jetpack_newsletter_access":"","_jetpack_dont_email_post_to_subs":false,"_jetpack_newsletter_tier_id":0,"_jetpack_memberships_contains_paywalled_content":false,"_jetpack_feature_clip_id":0,"_jetpack_memberships_contains_paid_content":false,"footnotes":"","jetpack_post_was_ever_published":false},"categories":[2022],"tags":[],"class_list":["post-40328","post","type-post","status-publish","format-standard","hentry","category-notas"],"aioseo_notices":[],"aioseo_head":"\n\t\t<!-- All in One SEO 5.0.1.1 - aioseo.com -->\n\t<meta name=\"robots\" content=\"max-image-preview:large\" \/>\n\t<meta name=\"author\" content=\"da Reda\u00e7\u00e3o\"\/>\n\t<link rel=\"canonical\" href=\"https:\/\/www.jornalja.com.br\/arquivo\/jornalistas-tambem-escrevem-livros-para-as-criancas\/\" \/>\n\t<meta name=\"generator\" content=\"All in One SEO (AIOSEO) 5.0.1.1\" \/>\n\t\t<meta property=\"og:locale\" content=\"pt_BR\" \/>\n\t\t<meta property=\"og:site_name\" content=\"Arquivo | Jornal J\u00c1 | Porto Alegre\" \/>\n\t\t<meta property=\"og:type\" content=\"article\" \/>\n\t\t<meta property=\"og:title\" content=\"Jornalistas tamb\u00e9m escrevem livros para as crian\u00e7as | Arquivo\" \/>\n\t\t<meta property=\"og:url\" content=\"https:\/\/www.jornalja.com.br\/arquivo\/jornalistas-tambem-escrevem-livros-para-as-criancas\/\" \/>\n\t\t<meta property=\"og:image\" content=\"https:\/\/www.jornalja.com.br\/economics\/wp-content\/uploads\/sites\/11\/2026\/08\/ja-folhaderosto-facebook.jpg\" \/>\n\t\t<meta property=\"og:image:secure_url\" content=\"https:\/\/www.jornalja.com.br\/economics\/wp-content\/uploads\/sites\/11\/2026\/08\/ja-folhaderosto-facebook.jpg\" \/>\n\t\t<meta property=\"article:published_time\" content=\"2016-10-11T23:33:09+00:00\" \/>\n\t\t<meta property=\"article:modified_time\" content=\"2016-10-11T23:33:09+00:00\" \/>\n\t\t<meta name=\"twitter:card\" content=\"summary\" \/>\n\t\t<meta name=\"twitter:title\" content=\"Jornalistas tamb\u00e9m escrevem livros para as crian\u00e7as | Arquivo\" \/>\n\t\t<meta name=\"twitter:image\" content=\"https:\/\/www.jornalja.com.br\/economics\/wp-content\/uploads\/sites\/11\/2026\/08\/ja-folhaderosto-facebook.jpg\" \/>\n\t\t<script type=\"application\/ld+json\" class=\"aioseo-schema\">\n\t\t\t{\"@context\":\"https:\\\/\\\/schema.org\",\"@graph\":[{\"@type\":\"BlogPosting\",\"@id\":\"https:\\\/\\\/www.jornalja.com.br\\\/arquivo\\\/jornalistas-tambem-escrevem-livros-para-as-criancas\\\/#blogposting\",\"name\":\"Jornalistas tamb\\u00e9m escrevem livros para as crian\\u00e7as | Arquivo\",\"headline\":\"Jornalistas tamb\\u00e9m escrevem livros para as crian\\u00e7as\",\"author\":{\"@id\":\"https:\\\/\\\/www.jornalja.com.br\\\/arquivo\\\/author\\\/daredacao\\\/#author\"},\"publisher\":{\"@id\":\"https:\\\/\\\/www.jornalja.com.br\\\/arquivo\\\/#organization\"},\"image\":{\"@type\":\"ImageObject\",\"url\":\"https:\\\/\\\/www.jornalja.com.br\\\/wp-content\\\/uploads\\\/cards\\\/JAslogan.png\",\"@id\":\"https:\\\/\\\/www.jornalja.com.br\\\/arquivo\\\/#articleImage\"},\"datePublished\":\"2016-10-11T20:33:09-03:00\",\"dateModified\":\"2016-10-11T20:33:09-03:00\",\"inLanguage\":\"pt-BR\",\"mainEntityOfPage\":{\"@id\":\"https:\\\/\\\/www.jornalja.com.br\\\/arquivo\\\/jornalistas-tambem-escrevem-livros-para-as-criancas\\\/#webpage\"},\"isPartOf\":{\"@id\":\"https:\\\/\\\/www.jornalja.com.br\\\/arquivo\\\/jornalistas-tambem-escrevem-livros-para-as-criancas\\\/#webpage\"},\"articleSection\":\"NOTAS\"},{\"@type\":\"BreadcrumbList\",\"@id\":\"https:\\\/\\\/www.jornalja.com.br\\\/arquivo\\\/jornalistas-tambem-escrevem-livros-para-as-criancas\\\/#breadcrumblist\",\"itemListElement\":[{\"@type\":\"ListItem\",\"@id\":\"https:\\\/\\\/www.jornalja.com.br\\\/arquivo#listItem\",\"position\":1,\"name\":\"Home\",\"item\":\"https:\\\/\\\/www.jornalja.com.br\\\/arquivo\",\"nextItem\":{\"@type\":\"ListItem\",\"@id\":\"https:\\\/\\\/www.jornalja.com.br\\\/arquivo\\\/category\\\/notas\\\/#listItem\",\"name\":\"NOTAS\"}},{\"@type\":\"ListItem\",\"@id\":\"https:\\\/\\\/www.jornalja.com.br\\\/arquivo\\\/category\\\/notas\\\/#listItem\",\"position\":2,\"name\":\"NOTAS\",\"item\":\"https:\\\/\\\/www.jornalja.com.br\\\/arquivo\\\/category\\\/notas\\\/\",\"nextItem\":{\"@type\":\"ListItem\",\"@id\":\"https:\\\/\\\/www.jornalja.com.br\\\/arquivo\\\/jornalistas-tambem-escrevem-livros-para-as-criancas\\\/#listItem\",\"name\":\"Jornalistas tamb\\u00e9m escrevem livros para as crian\\u00e7as\"},\"previousItem\":{\"@type\":\"ListItem\",\"@id\":\"https:\\\/\\\/www.jornalja.com.br\\\/arquivo#listItem\",\"name\":\"Home\"}},{\"@type\":\"ListItem\",\"@id\":\"https:\\\/\\\/www.jornalja.com.br\\\/arquivo\\\/jornalistas-tambem-escrevem-livros-para-as-criancas\\\/#listItem\",\"position\":3,\"name\":\"Jornalistas tamb\\u00e9m escrevem livros para as crian\\u00e7as\",\"previousItem\":{\"@type\":\"ListItem\",\"@id\":\"https:\\\/\\\/www.jornalja.com.br\\\/arquivo\\\/category\\\/notas\\\/#listItem\",\"name\":\"NOTAS\"}}]},{\"@type\":\"Organization\",\"@id\":\"https:\\\/\\\/www.jornalja.com.br\\\/arquivo\\\/#organization\",\"name\":\"Jornal J\\u00c1\",\"description\":\"Jornal J\\u00c1 | Porto Alegre\",\"url\":\"https:\\\/\\\/www.jornalja.com.br\\\/arquivo\\\/\",\"telephone\":\"+555133307272\",\"logo\":{\"@type\":\"ImageObject\",\"url\":\"https:\\\/\\\/www.jornalja.com.br\\\/wp-content\\\/uploads\\\/cards\\\/JAslogan.png\",\"@id\":\"https:\\\/\\\/www.jornalja.com.br\\\/arquivo\\\/jornalistas-tambem-escrevem-livros-para-as-criancas\\\/#organizationLogo\"},\"image\":{\"@id\":\"https:\\\/\\\/www.jornalja.com.br\\\/arquivo\\\/jornalistas-tambem-escrevem-livros-para-as-criancas\\\/#organizationLogo\"}},{\"@type\":\"Person\",\"@id\":\"https:\\\/\\\/www.jornalja.com.br\\\/arquivo\\\/author\\\/daredacao\\\/#author\",\"url\":\"https:\\\/\\\/www.jornalja.com.br\\\/arquivo\\\/author\\\/daredacao\\\/\",\"name\":\"da Reda\\u00e7\\u00e3o\",\"image\":{\"@type\":\"ImageObject\",\"@id\":\"https:\\\/\\\/www.jornalja.com.br\\\/arquivo\\\/jornalistas-tambem-escrevem-livros-para-as-criancas\\\/#authorImage\",\"url\":\"https:\\\/\\\/secure.gravatar.com\\\/avatar\\\/469fd857d6605ad19919d27ed29d35a968a25f6e8fd9318356bbb7f57aae9c65?s=96&d=mm&r=g\",\"width\":96,\"height\":96,\"caption\":\"da Reda\\u00e7\\u00e3o\"}},{\"@type\":\"WebPage\",\"@id\":\"https:\\\/\\\/www.jornalja.com.br\\\/arquivo\\\/jornalistas-tambem-escrevem-livros-para-as-criancas\\\/#webpage\",\"url\":\"https:\\\/\\\/www.jornalja.com.br\\\/arquivo\\\/jornalistas-tambem-escrevem-livros-para-as-criancas\\\/\",\"name\":\"Jornalistas tamb\\u00e9m escrevem livros para as crian\\u00e7as | Arquivo\",\"inLanguage\":\"pt-BR\",\"isPartOf\":{\"@id\":\"https:\\\/\\\/www.jornalja.com.br\\\/arquivo\\\/#website\"},\"breadcrumb\":{\"@id\":\"https:\\\/\\\/www.jornalja.com.br\\\/arquivo\\\/jornalistas-tambem-escrevem-livros-para-as-criancas\\\/#breadcrumblist\"},\"author\":{\"@id\":\"https:\\\/\\\/www.jornalja.com.br\\\/arquivo\\\/author\\\/daredacao\\\/#author\"},\"creator\":{\"@id\":\"https:\\\/\\\/www.jornalja.com.br\\\/arquivo\\\/author\\\/daredacao\\\/#author\"},\"datePublished\":\"2016-10-11T20:33:09-03:00\",\"dateModified\":\"2016-10-11T20:33:09-03:00\"},{\"@type\":\"WebSite\",\"@id\":\"https:\\\/\\\/www.jornalja.com.br\\\/arquivo\\\/#website\",\"url\":\"https:\\\/\\\/www.jornalja.com.br\\\/arquivo\\\/\",\"name\":\"Arquivo\",\"description\":\"Jornal J\\u00c1 | Porto Alegre\",\"inLanguage\":\"pt-BR\",\"publisher\":{\"@id\":\"https:\\\/\\\/www.jornalja.com.br\\\/arquivo\\\/#organization\"}}]}\n\t\t<\/script>\n\t\t<!-- All in One SEO -->\n\n","aioseo_head_json":{"title":"Jornalistas tamb\u00e9m escrevem livros para as crian\u00e7as | Arquivo","description":"","canonical_url":"https:\/\/www.jornalja.com.br\/arquivo\/jornalistas-tambem-escrevem-livros-para-as-criancas\/","robots":"max-image-preview:large","keywords":"","webmasterTools":{"miscellaneous":""},"schema":{"@context":"https:\/\/schema.org","@graph":[{"@type":"BlogPosting","@id":"https:\/\/www.jornalja.com.br\/arquivo\/jornalistas-tambem-escrevem-livros-para-as-criancas\/#blogposting","name":"Jornalistas tamb\u00e9m escrevem livros para as crian\u00e7as | Arquivo","headline":"Jornalistas tamb\u00e9m escrevem livros para as crian\u00e7as","author":{"@id":"https:\/\/www.jornalja.com.br\/arquivo\/author\/daredacao\/#author"},"publisher":{"@id":"https:\/\/www.jornalja.com.br\/arquivo\/#organization"},"image":{"@type":"ImageObject","url":"https:\/\/www.jornalja.com.br\/wp-content\/uploads\/cards\/JAslogan.png","@id":"https:\/\/www.jornalja.com.br\/arquivo\/#articleImage"},"datePublished":"2016-10-11T20:33:09-03:00","dateModified":"2016-10-11T20:33:09-03:00","inLanguage":"pt-BR","mainEntityOfPage":{"@id":"https:\/\/www.jornalja.com.br\/arquivo\/jornalistas-tambem-escrevem-livros-para-as-criancas\/#webpage"},"isPartOf":{"@id":"https:\/\/www.jornalja.com.br\/arquivo\/jornalistas-tambem-escrevem-livros-para-as-criancas\/#webpage"},"articleSection":"NOTAS"},{"@type":"BreadcrumbList","@id":"https:\/\/www.jornalja.com.br\/arquivo\/jornalistas-tambem-escrevem-livros-para-as-criancas\/#breadcrumblist","itemListElement":[{"@type":"ListItem","@id":"https:\/\/www.jornalja.com.br\/arquivo#listItem","position":1,"name":"Home","item":"https:\/\/www.jornalja.com.br\/arquivo","nextItem":{"@type":"ListItem","@id":"https:\/\/www.jornalja.com.br\/arquivo\/category\/notas\/#listItem","name":"NOTAS"}},{"@type":"ListItem","@id":"https:\/\/www.jornalja.com.br\/arquivo\/category\/notas\/#listItem","position":2,"name":"NOTAS","item":"https:\/\/www.jornalja.com.br\/arquivo\/category\/notas\/","nextItem":{"@type":"ListItem","@id":"https:\/\/www.jornalja.com.br\/arquivo\/jornalistas-tambem-escrevem-livros-para-as-criancas\/#listItem","name":"Jornalistas tamb\u00e9m escrevem livros para as crian\u00e7as"},"previousItem":{"@type":"ListItem","@id":"https:\/\/www.jornalja.com.br\/arquivo#listItem","name":"Home"}},{"@type":"ListItem","@id":"https:\/\/www.jornalja.com.br\/arquivo\/jornalistas-tambem-escrevem-livros-para-as-criancas\/#listItem","position":3,"name":"Jornalistas tamb\u00e9m escrevem livros para as crian\u00e7as","previousItem":{"@type":"ListItem","@id":"https:\/\/www.jornalja.com.br\/arquivo\/category\/notas\/#listItem","name":"NOTAS"}}]},{"@type":"Organization","@id":"https:\/\/www.jornalja.com.br\/arquivo\/#organization","name":"Jornal J\u00c1","description":"Jornal J\u00c1 | Porto Alegre","url":"https:\/\/www.jornalja.com.br\/arquivo\/","telephone":"+555133307272","logo":{"@type":"ImageObject","url":"https:\/\/www.jornalja.com.br\/wp-content\/uploads\/cards\/JAslogan.png","@id":"https:\/\/www.jornalja.com.br\/arquivo\/jornalistas-tambem-escrevem-livros-para-as-criancas\/#organizationLogo"},"image":{"@id":"https:\/\/www.jornalja.com.br\/arquivo\/jornalistas-tambem-escrevem-livros-para-as-criancas\/#organizationLogo"}},{"@type":"Person","@id":"https:\/\/www.jornalja.com.br\/arquivo\/author\/daredacao\/#author","url":"https:\/\/www.jornalja.com.br\/arquivo\/author\/daredacao\/","name":"da Reda\u00e7\u00e3o","image":{"@type":"ImageObject","@id":"https:\/\/www.jornalja.com.br\/arquivo\/jornalistas-tambem-escrevem-livros-para-as-criancas\/#authorImage","url":"https:\/\/secure.gravatar.com\/avatar\/469fd857d6605ad19919d27ed29d35a968a25f6e8fd9318356bbb7f57aae9c65?s=96&d=mm&r=g","width":96,"height":96,"caption":"da Reda\u00e7\u00e3o"}},{"@type":"WebPage","@id":"https:\/\/www.jornalja.com.br\/arquivo\/jornalistas-tambem-escrevem-livros-para-as-criancas\/#webpage","url":"https:\/\/www.jornalja.com.br\/arquivo\/jornalistas-tambem-escrevem-livros-para-as-criancas\/","name":"Jornalistas tamb\u00e9m escrevem livros para as crian\u00e7as | Arquivo","inLanguage":"pt-BR","isPartOf":{"@id":"https:\/\/www.jornalja.com.br\/arquivo\/#website"},"breadcrumb":{"@id":"https:\/\/www.jornalja.com.br\/arquivo\/jornalistas-tambem-escrevem-livros-para-as-criancas\/#breadcrumblist"},"author":{"@id":"https:\/\/www.jornalja.com.br\/arquivo\/author\/daredacao\/#author"},"creator":{"@id":"https:\/\/www.jornalja.com.br\/arquivo\/author\/daredacao\/#author"},"datePublished":"2016-10-11T20:33:09-03:00","dateModified":"2016-10-11T20:33:09-03:00"},{"@type":"WebSite","@id":"https:\/\/www.jornalja.com.br\/arquivo\/#website","url":"https:\/\/www.jornalja.com.br\/arquivo\/","name":"Arquivo","description":"Jornal J\u00c1 | Porto Alegre","inLanguage":"pt-BR","publisher":{"@id":"https:\/\/www.jornalja.com.br\/arquivo\/#organization"}}]},"og:locale":"pt_BR","og:site_name":"Arquivo | Jornal J\u00c1 | Porto Alegre","og:type":"article","og:title":"Jornalistas tamb\u00e9m escrevem livros para as crian\u00e7as | Arquivo","og:url":"https:\/\/www.jornalja.com.br\/arquivo\/jornalistas-tambem-escrevem-livros-para-as-criancas\/","og:image":"https:\/\/www.jornalja.com.br\/economics\/wp-content\/uploads\/sites\/11\/2026\/08\/ja-folhaderosto-facebook.jpg","og:image:secure_url":"https:\/\/www.jornalja.com.br\/economics\/wp-content\/uploads\/sites\/11\/2026\/08\/ja-folhaderosto-facebook.jpg","article:published_time":"2016-10-11T23:33:09+00:00","article:modified_time":"2016-10-11T23:33:09+00:00","twitter:card":"summary","twitter:title":"Jornalistas tamb\u00e9m escrevem livros para as crian\u00e7as | Arquivo","twitter:image":"https:\/\/www.jornalja.com.br\/economics\/wp-content\/uploads\/sites\/11\/2026\/08\/ja-folhaderosto-facebook.jpg"},"aioseo_meta_data":{"post_id":"40328","title":null,"description":null,"keywords":null,"keyphrases":null,"primary_term":null,"canonical_url":null,"og_title":null,"og_description":null,"og_object_type":"default","og_image_type":"default","og_image_url":null,"og_image_width":null,"og_image_height":null,"og_image_custom_url":null,"og_image_custom_fields":null,"og_video":null,"og_custom_url":null,"og_article_section":null,"og_article_tags":null,"twitter_use_og":false,"twitter_card":"default","twitter_image_type":"default","twitter_image_url":null,"twitter_image_custom_url":null,"twitter_image_custom_fields":null,"twitter_title":null,"twitter_description":null,"schema":{"blockGraphs":[],"customGraphs":[],"default":{"data":{"Article":[],"Course":[],"Dataset":[],"FAQPage":[],"Movie":[],"Person":[],"Product":[],"ProductReview":[],"Car":[],"Recipe":[],"Service":[],"SoftwareApplication":[],"WebPage":[]},"graphName":"","isEnabled":true},"graphs":[],"defaultGraph":"","defaultPostTypeGraph":""},"schema_type":null,"schema_type_options":null,"pillar_content":false,"robots_default":true,"robots_noindex":false,"robots_noarchive":false,"robots_nosnippet":false,"robots_nofollow":false,"robots_noimageindex":false,"robots_noodp":false,"robots_notranslate":false,"robots_max_snippet":null,"robots_max_videopreview":null,"robots_max_imagepreview":"large","priority":null,"frequency":null,"location":null,"local_seo":null,"breadcrumb_settings":null,"limit_modified_date":false,"ai":null,"created":"2020-12-20 20:49:37","updated":"2025-07-19 17:32:17","seo_analyzer_scan_date":null,"focus_keyword":null,"additional_keywords":null,"truseo_locale":null},"jetpack_sharing_enabled":true,"jetpack-related-posts":[{"id":1280,"url":"https:\/\/www.jornalja.com.br\/arquivo\/o-menino-que-se-tornou-brizola\/","url_meta":{"origin":40328,"position":0},"title":"O Menino que se Tornou Brizola","author":"da Reda\u00e7\u00e3o","date":"28 de julho de 2008","format":false,"excerpt":"Autor: Cleber Dioni A vida de Leonel Brizola, com \u00eanfase para os primeiros anos em Porto Alegre, at\u00e9 o ex\u00edlio no Uruguai e a volta, quinze anos depois. \u00a0\"...\u00c9ramos todos jovens e nos identific\u00e1vamos com aquela massa an\u00f4nima a percorrer as ruas de Porto Alegre, gritando 'Get\u00falio', 'Get\u00falio' e empunhando\u2026","rel":"","context":"Em &quot;Livros&quot;","block_context":{"text":"Livros","link":"https:\/\/www.jornalja.com.br\/arquivo\/category\/livros\/"},"img":{"alt_text":"","src":"https:\/\/i0.wp.com\/www.jornalja.com.br\/wp-content\/uploads\/2008\/07\/brizola.gif?resize=350%2C200&ssl=1","width":350,"height":200},"classes":[]},{"id":14241,"url":"https:\/\/www.jornalja.com.br\/arquivo\/o-guaiba-nas-imagens-poeticas-de-achutti\/","url_meta":{"origin":40328,"position":1},"title":"O Gua\u00edba nas imagens po\u00e9ticas de Achutti","author":"da Reda\u00e7\u00e3o","date":"18 de junho de 2014","format":false,"excerpt":"Em \u201cO Gua\u00edba por Achutti\u201d \u2013 obra financiada via Minist\u00e9rio da Cultura, produ\u00e7\u00e3o executiva de Pedro Longhi, e Fl\u00e1vio Wild como designer \u2013, o fot\u00f3grafo revela a beleza e as mazelas de um espa\u00e7o aqu\u00e1tico de \u00e1guas sempre renovadas, cheio de hist\u00f3rias e lendas como as das cidades que foram\u2026","rel":"","context":"Em &quot;Cultura-Geral&quot;","block_context":{"text":"Cultura-Geral","link":"https:\/\/www.jornalja.com.br\/arquivo\/category\/materiasecundaria\/"},"img":{"alt_text":"","src":"","width":0,"height":0},"classes":[]},{"id":13101,"url":"https:\/\/www.jornalja.com.br\/arquivo\/morre-um-guerreiro-do-texto\/","url_meta":{"origin":40328,"position":2},"title":"Morre um guerreiro do texto","author":"Patr\u00edcia Marini","date":"14 de maio de 2014","format":false,"excerpt":"Por Ricardo Kotscho Reproduzido do blog do autor, 11\/5\/2014; t\u00edtulo original \u201cE l\u00e1 se foi o nosso Myltainho, guerreiro do texto\u201d. Mi\u00fado e franzino, meu amigo Myltainho era um valente e inconformado guerreiro na luta contra as injusti\u00e7as sociais, a hipocrisia, as maracutaias, o autoritarismo, a intoler\u00e2ncia, a viol\u00eancia, o\u2026","rel":"","context":"Em &quot;Geral&quot;","block_context":{"text":"Geral","link":"https:\/\/www.jornalja.com.br\/arquivo\/category\/geral\/"},"img":{"alt_text":"","src":"","width":0,"height":0},"classes":[]},{"id":5440,"url":"https:\/\/www.jornalja.com.br\/arquivo\/casarao-da-venancio-destino-permanece-incerto\/","url_meta":{"origin":40328,"position":3},"title":"Estado ainda n\u00e3o sabe o que fazer com casar\u00e3o abandonado h\u00e1 20 anos","author":"Elmar Bones","date":"6 de julho de 2009","format":false,"excerpt":"O casar\u00e3o amarelo, numa esquina nobre de Porto Alegre (Ven\u00e2ncio Aires com Jo\u00e3o Pessoa), j\u00e1 abrigou uma escola. H\u00e1 duas d\u00e9cadas, pelo menos, est\u00e1 abandonado, porque seu propriet\u00e1rio, o governo do Estado do Rio Grande do Sul, n\u00e3o consegue achar um destino para ele. Planos n\u00e3o faltaram. O governador Ol\u00edvio\u2026","rel":"","context":"Em &quot;X.Categorias velhas&quot;","block_context":{"text":"X.Categorias velhas","link":"https:\/\/www.jornalja.com.br\/arquivo\/category\/x-categorias-velhas\/"},"img":{"alt_text":"geraldo1","src":"https:\/\/i0.wp.com\/www.jornalja.com.br\/wp-content\/uploads\/2009\/07\/geraldo1.jpg?resize=350%2C200&ssl=1","width":350,"height":200},"classes":[]},{"id":13240,"url":"https:\/\/www.jornalja.com.br\/arquivo\/plano-diretor-estamos-construindo-o-caos\/","url_meta":{"origin":40328,"position":4},"title":"Plano diretor: &quot;Estamos construindo o caos&quot;","author":"Patr\u00edcia Marini","date":"26 de maio de 2014","format":false,"excerpt":"Desabafo que arquiteta Eliana Castilhos, delegada da Regi\u00e3o de Planejamento 1, postou nas redes sociais \u00e9 um testemunho do ambiente que se criou no Conselho do Plano Diretor de Porto Alegre, onde a aprova\u00e7\u00e3o de grandes empreendimentos \u00e9 empurrada guela abaixo dos conselheiros. Ao CMDUA Como delegada da Regi\u00e3o de\u2026","rel":"","context":"Em &quot;Geral&quot;","block_context":{"text":"Geral","link":"https:\/\/www.jornalja.com.br\/arquivo\/category\/geral\/"},"img":{"alt_text":"","src":"","width":0,"height":0},"classes":[]},{"id":12960,"url":"https:\/\/www.jornalja.com.br\/arquivo\/populacao-culpa-empresas-pela-greve-dos-rodoviarios\/","url_meta":{"origin":40328,"position":5},"title":"Popula\u00e7\u00e3o culpa empresas pela greve","author":"Patr\u00edcia Marini","date":"14 de fevereiro de 2014","format":false,"excerpt":"Pesquisa divulgada na edi\u00e7\u00e3o do jornal Metro desta sexta-feira,14, comprova o velho ditado: \u00e9 poss\u00edvel enganar muitos por algum tempo, mas n\u00e3o \u00e9 poss\u00edvel enganar a todos o tempo inteiro. A principal revela\u00e7\u00e3o foi que 59,8% dos entrevistados apontaram as empresas como as principais respons\u00e1veis pela grave e 46% culparam\u2026","rel":"","context":"Em &quot;X.Categorias velhas&quot;","block_context":{"text":"X.Categorias velhas","link":"https:\/\/www.jornalja.com.br\/arquivo\/category\/x-categorias-velhas\/"},"img":{"alt_text":"","src":"","width":0,"height":0},"classes":[]}],"jetpack_shortlink":"https:\/\/wp.me\/pbQjBd-aus","jetpack_featured_media_url":"","_links":{"self":[{"href":"https:\/\/www.jornalja.com.br\/arquivo\/wp-json\/wp\/v2\/posts\/40328","targetHints":{"allow":["GET"]}}],"collection":[{"href":"https:\/\/www.jornalja.com.br\/arquivo\/wp-json\/wp\/v2\/posts"}],"about":[{"href":"https:\/\/www.jornalja.com.br\/arquivo\/wp-json\/wp\/v2\/types\/post"}],"author":[{"embeddable":true,"href":"https:\/\/www.jornalja.com.br\/arquivo\/wp-json\/wp\/v2\/users\/4"}],"replies":[{"embeddable":true,"href":"https:\/\/www.jornalja.com.br\/arquivo\/wp-json\/wp\/v2\/comments?post=40328"}],"version-history":[{"count":0,"href":"https:\/\/www.jornalja.com.br\/arquivo\/wp-json\/wp\/v2\/posts\/40328\/revisions"}],"wp:attachment":[{"href":"https:\/\/www.jornalja.com.br\/arquivo\/wp-json\/wp\/v2\/media?parent=40328"}],"wp:term":[{"taxonomy":"category","embeddable":true,"href":"https:\/\/www.jornalja.com.br\/arquivo\/wp-json\/wp\/v2\/categories?post=40328"},{"taxonomy":"post_tag","embeddable":true,"href":"https:\/\/www.jornalja.com.br\/arquivo\/wp-json\/wp\/v2\/tags?post=40328"}],"curies":[{"name":"wp","href":"https:\/\/api.w.org\/{rel}","templated":true}]}}