{"id":40336,"date":"2016-10-12T15:50:48","date_gmt":"2016-10-12T18:50:48","guid":{"rendered":"https:\/\/www.jornalja.com.br\/?p=40336"},"modified":"2016-10-12T15:50:48","modified_gmt":"2016-10-12T18:50:48","slug":"movimento-autonomo-prova-que-resistencia-nao-se-faz-com-numeros","status":"publish","type":"post","link":"https:\/\/www.jornalja.com.br\/arquivo\/movimento-autonomo-prova-que-resistencia-nao-se-faz-com-numeros\/","title":{"rendered":"Movimento Aut\u00f4nomo prova que resist\u00eancia n\u00e3o se faz com n\u00fameros"},"content":{"rendered":"<p><span class=\"assina\">ANDRES VINCE<\/span><br \/>\nFim de tarde de ter\u00e7a-feira, \u00a0v\u00e9spera de feriado, esquina democr\u00e1tica. Poucas \u00a0pessoas atenderam ao chamado feito pelo Movimento Aut\u00f4nomo para os protestos contra a aprova\u00e7\u00e3o da PEC 241 e pela defesa do voto nulo no segundo turno das municipais. Mas, o baixo comparecimento n\u00e3o abateu o \u00e2nimo de participantes.<br \/>\nA boa disposi\u00e7\u00e3o dos poucos presentes foi suficiente pra levar o grupo a sair em marcha pelas avenidas da cidade, carregando uma faixa com os dizeres \u201cnenhum direito a menos\u201d e gritando palavras de ordem contra os desmandos dos governos de todas as esferas.<br \/>\n<figure id=\"attachment_40339\" aria-describedby=\"caption-attachment-40339\" style=\"width: 300px\" class=\"wp-caption alignright\"><img loading=\"lazy\" decoding=\"async\" class=\"wp-image-40339 size-medium\" src=\"https:\/\/www.jornalja.com.br\/wp-content\/uploads\/2016\/10\/Manifesto3-300x201.jpg\" alt=\"manifesto3\" width=\"300\" height=\"201\" \/><figcaption id=\"caption-attachment-40339\" class=\"wp-caption-text\">Marcha percorreu diversas avenidas da Capital<\/figcaption><\/figure><br \/>\nA marcha seguiu sempre acompanhada por um significativo aparato policial, certamente em n\u00famero maior do que os pr\u00f3prios manifestantes.<br \/>\nO manifesto ocorria \u00a0normalmente, com as tradicionais cantorias e picha\u00e7\u00f5es de mensagens de protesto, quando uma das manifestantes foi atropelada por um carro na esquina da Jo\u00e3o Pessoa com a Ven\u00e2ncio Aires, pr\u00f3ximo \u00e0 Fadergs.<br \/>\nManifestantes pararam a motorista e exigiram que ela ao menos levasse a manifestante ferida ao Pronto Socorro. Inicialmente ela se prontificou a ajudar e deixou que a ferida e outra manifestante subissem no seu carro para irem ao HPS. Por\u00e9m, duas quadras adiante parou o ve\u00edculo e ordenou que as meninas descessem do carro, alegando que precisava ir trabalhar.<br \/>\nA manifestante ferida n\u00e3o quis ser identificada, por\u00e9m, declarou que tanto o carro, como a motorista j\u00e1 est\u00e3o identificados e que tomar\u00e1 as devidas provid\u00eancias em rela\u00e7\u00e3o ao atropelamento e omiss\u00e3o de socorro.<br \/>\nO pelot\u00e3o de choque aproveitou a confus\u00e3o causada pelo atropelamento para formar um cord\u00e3o de isolamento na Ven\u00e2ncio Aires, \u00a0na altura da Fadergs.<br \/>\nO grupo de manifestantes se aglutinou novamente e postaram-se com a faixa diante do pelot\u00e3o. O grupo n\u00e3o parecia intimidado pela presen\u00e7a da Choque. A tens\u00e3o foi aumentando a medida que os manifestantes n\u00e3o pareciam nem um pouco dispostos a recuar.<br \/>\n<figure id=\"attachment_40338\" aria-describedby=\"caption-attachment-40338\" style=\"width: 725px\" class=\"wp-caption alignleft\"><img loading=\"lazy\" decoding=\"async\" class=\"wp-image-40338 size-full\" src=\"https:\/\/www.jornalja.com.br\/wp-content\/uploads\/2016\/10\/Manifesto2.jpg\" alt=\"manifesto2\" width=\"725\" height=\"485\" \/><figcaption id=\"caption-attachment-40338\" class=\"wp-caption-text\">Pelot\u00e3o de Choque tenta isolar os manifestantes | Foto: Thais Ratier<\/figcaption><\/figure><br \/>\nO confronto era iminente. E n\u00e3o tardou em come\u00e7ar. G\u00e1s de pimenta foi jogado pela BM nos manifestantes. \u00a0Recuo moment\u00e2neo dos manifestantes, para logo em seguida voltar para junto da linha formada pela Choque . Nova investida da BM, novo recuo, para um novo retorno dos manifestantes para junto da linha de escudos.<br \/>\nE o ato de resist\u00eancia foi se repetindo at\u00e9 que a linha da Choque recuou e liberou o caminho. S\u00f3 n\u00e3o se sabe se foi pelo fim do estoque de g\u00e1s pimenta ou se pela constante lembran\u00e7a que estavam ali defendendo quem parcela seus sal\u00e1rios.<br \/>\nAnimados pela vit\u00f3ria simb\u00f3lica os manifestantes seguiram a caminhada com o objetivo de dispersar na r\u00f3tula da Jo\u00e3o Alfredo com a Rep\u00fablica. Nesse ponto, um pequeno grupo de manifestantes permaneceu concentrado por mais algum tempo, enquanto avaliavam os resultados do movimento e as pr\u00f3ximas a\u00e7\u00f5es.<br \/>\nFoi quando receberam a informa\u00e7\u00e3o que algum ve\u00edculo da RBS havia twitado que a BM havia dispersado os manifestantes com g\u00e1s de pimenta e que o protesto havia se encerrado ali.<br \/>\nRevoltados com a not\u00edcia falsa, os remanescentes decidiram que n\u00e3o iriam aceitar a manipula\u00e7\u00e3o sem dar uma resposta. Numa a\u00e7\u00e3o r\u00e1pida e fulminante dirigiram-se \u00e0 sede da RBS na \u00c9rico Verissimo onde queimaram gasolina em frente ao pr\u00e9dio e picharam a fachada com a inscri\u00e7\u00e3o \u201cRBS MENTE\u201d.<br \/>\nAlguns participantes do Movimento Aut\u00f4nomo dizem que o ato n\u00e3o foi premeditado pelo grupo e negam ter participado da autoria desse manifesto na sede da RBS, por\u00e9m, o fato foi que ele existiu, e, com certeza, ter\u00e1 consequ\u00eancias, como a criminaliza\u00e7\u00e3o ainda maior dos movimentos sociais em todos os ve\u00edculos do grupo de comunica\u00e7\u00e3o.<br \/>\nAt\u00e9 onde esse jogo de a\u00e7\u00e3o e rea\u00e7\u00e3o vai levar ao certo n\u00e3o se sabe. O que se sabe \u00e9 que esse pequeno grupo demonstrou que as a\u00e7\u00f5es impopulares do Estado n\u00e3o ir\u00e3o passar sem resist\u00eancia.<br \/>\n<strong>Confira a galeria de fotos de Thais Ratier:<\/strong><br \/>\n[envira-gallery id=&#8221;40343&#8243;]<\/p>\n","protected":false},"excerpt":{"rendered":"<p>ANDRES VINCE Fim de tarde de ter\u00e7a-feira, \u00a0v\u00e9spera de feriado, esquina democr\u00e1tica. Poucas \u00a0pessoas atenderam ao chamado feito pelo Movimento Aut\u00f4nomo para os protestos contra a aprova\u00e7\u00e3o da PEC 241 e pela defesa do voto nulo no segundo turno das municipais. Mas, o baixo comparecimento n\u00e3o abateu o \u00e2nimo de participantes. A boa disposi\u00e7\u00e3o dos [&hellip;]<\/p>\n","protected":false},"author":4,"featured_media":40337,"comment_status":"open","ping_status":"closed","sticky":false,"template":"","format":"standard","meta":{"_jetpack_newsletter_access":"","_jetpack_dont_email_post_to_subs":false,"_jetpack_newsletter_tier_id":0,"_jetpack_memberships_contains_paywalled_content":false,"_jetpack_feature_clip_id":0,"_jetpack_memberships_contains_paid_content":false,"footnotes":"","jetpack_post_was_ever_published":false},"categories":[2016],"tags":[],"class_list":["post-40336","post","type-post","status-publish","format-standard","has-post-thumbnail","hentry","category-materia-vencida"],"aioseo_notices":[],"aioseo_head":"\n\t\t<!-- All in One SEO 5.0.1.1 - aioseo.com -->\n\t<meta name=\"robots\" content=\"max-image-preview:large\" \/>\n\t<meta name=\"author\" content=\"da Reda\u00e7\u00e3o\"\/>\n\t<link rel=\"canonical\" href=\"https:\/\/www.jornalja.com.br\/arquivo\/movimento-autonomo-prova-que-resistencia-nao-se-faz-com-numeros\/\" \/>\n\t<meta name=\"generator\" content=\"All in One SEO (AIOSEO) 5.0.1.1\" \/>\n\t\t<meta property=\"og:locale\" content=\"pt_BR\" \/>\n\t\t<meta property=\"og:site_name\" content=\"Arquivo | Jornal J\u00c1 | Porto Alegre\" \/>\n\t\t<meta property=\"og:type\" content=\"article\" \/>\n\t\t<meta property=\"og:title\" content=\"Movimento Aut\u00f4nomo prova que resist\u00eancia n\u00e3o se faz com n\u00fameros | Arquivo\" \/>\n\t\t<meta property=\"og:url\" content=\"https:\/\/www.jornalja.com.br\/arquivo\/movimento-autonomo-prova-que-resistencia-nao-se-faz-com-numeros\/\" \/>\n\t\t<meta property=\"og:image\" content=\"https:\/\/www.jornalja.com.br\/wp-content\/uploads\/2016\/10\/Manifesto3-300x201.jpg\" \/>\n\t\t<meta property=\"og:image:secure_url\" content=\"https:\/\/www.jornalja.com.br\/wp-content\/uploads\/2016\/10\/Manifesto3-300x201.jpg\" \/>\n\t\t<meta property=\"article:published_time\" content=\"2016-10-12T18:50:48+00:00\" \/>\n\t\t<meta property=\"article:modified_time\" content=\"2016-10-12T18:50:48+00:00\" \/>\n\t\t<meta name=\"twitter:card\" content=\"summary\" \/>\n\t\t<meta name=\"twitter:title\" content=\"Movimento Aut\u00f4nomo prova que resist\u00eancia n\u00e3o se faz com n\u00fameros | Arquivo\" \/>\n\t\t<meta name=\"twitter:image\" content=\"https:\/\/www.jornalja.com.br\/economics\/wp-content\/uploads\/sites\/11\/2026\/08\/ja-folhaderosto-facebook.jpg\" \/>\n\t\t<script type=\"application\/ld+json\" class=\"aioseo-schema\">\n\t\t\t{\"@context\":\"https:\\\/\\\/schema.org\",\"@graph\":[{\"@type\":\"BlogPosting\",\"@id\":\"https:\\\/\\\/www.jornalja.com.br\\\/arquivo\\\/movimento-autonomo-prova-que-resistencia-nao-se-faz-com-numeros\\\/#blogposting\",\"name\":\"Movimento Aut\\u00f4nomo prova que resist\\u00eancia n\\u00e3o se faz com n\\u00fameros | Arquivo\",\"headline\":\"Movimento Aut\\u00f4nomo prova que resist\\u00eancia n\\u00e3o se faz com n\\u00fameros\",\"author\":{\"@id\":\"https:\\\/\\\/www.jornalja.com.br\\\/arquivo\\\/author\\\/daredacao\\\/#author\"},\"publisher\":{\"@id\":\"https:\\\/\\\/www.jornalja.com.br\\\/arquivo\\\/#organization\"},\"image\":{\"@type\":\"ImageObject\",\"url\":40337},\"datePublished\":\"2016-10-12T15:50:48-03:00\",\"dateModified\":\"2016-10-12T15:50:48-03:00\",\"inLanguage\":\"pt-BR\",\"commentCount\":1,\"mainEntityOfPage\":{\"@id\":\"https:\\\/\\\/www.jornalja.com.br\\\/arquivo\\\/movimento-autonomo-prova-que-resistencia-nao-se-faz-com-numeros\\\/#webpage\"},\"isPartOf\":{\"@id\":\"https:\\\/\\\/www.jornalja.com.br\\\/arquivo\\\/movimento-autonomo-prova-que-resistencia-nao-se-faz-com-numeros\\\/#webpage\"},\"articleSection\":\"Mat\\u00e9ria vencida\"},{\"@type\":\"BreadcrumbList\",\"@id\":\"https:\\\/\\\/www.jornalja.com.br\\\/arquivo\\\/movimento-autonomo-prova-que-resistencia-nao-se-faz-com-numeros\\\/#breadcrumblist\",\"itemListElement\":[{\"@type\":\"ListItem\",\"@id\":\"https:\\\/\\\/www.jornalja.com.br\\\/arquivo#listItem\",\"position\":1,\"name\":\"Home\",\"item\":\"https:\\\/\\\/www.jornalja.com.br\\\/arquivo\",\"nextItem\":{\"@type\":\"ListItem\",\"@id\":\"https:\\\/\\\/www.jornalja.com.br\\\/arquivo\\\/category\\\/materia-vencida\\\/#listItem\",\"name\":\"Mat\\u00e9ria vencida\"}},{\"@type\":\"ListItem\",\"@id\":\"https:\\\/\\\/www.jornalja.com.br\\\/arquivo\\\/category\\\/materia-vencida\\\/#listItem\",\"position\":2,\"name\":\"Mat\\u00e9ria vencida\",\"item\":\"https:\\\/\\\/www.jornalja.com.br\\\/arquivo\\\/category\\\/materia-vencida\\\/\",\"nextItem\":{\"@type\":\"ListItem\",\"@id\":\"https:\\\/\\\/www.jornalja.com.br\\\/arquivo\\\/movimento-autonomo-prova-que-resistencia-nao-se-faz-com-numeros\\\/#listItem\",\"name\":\"Movimento Aut\\u00f4nomo prova que resist\\u00eancia n\\u00e3o se faz com n\\u00fameros\"},\"previousItem\":{\"@type\":\"ListItem\",\"@id\":\"https:\\\/\\\/www.jornalja.com.br\\\/arquivo#listItem\",\"name\":\"Home\"}},{\"@type\":\"ListItem\",\"@id\":\"https:\\\/\\\/www.jornalja.com.br\\\/arquivo\\\/movimento-autonomo-prova-que-resistencia-nao-se-faz-com-numeros\\\/#listItem\",\"position\":3,\"name\":\"Movimento Aut\\u00f4nomo prova que resist\\u00eancia n\\u00e3o se faz com n\\u00fameros\",\"previousItem\":{\"@type\":\"ListItem\",\"@id\":\"https:\\\/\\\/www.jornalja.com.br\\\/arquivo\\\/category\\\/materia-vencida\\\/#listItem\",\"name\":\"Mat\\u00e9ria vencida\"}}]},{\"@type\":\"Organization\",\"@id\":\"https:\\\/\\\/www.jornalja.com.br\\\/arquivo\\\/#organization\",\"name\":\"Jornal J\\u00c1\",\"description\":\"Jornal J\\u00c1 | Porto Alegre\",\"url\":\"https:\\\/\\\/www.jornalja.com.br\\\/arquivo\\\/\",\"telephone\":\"+555133307272\",\"logo\":{\"@type\":\"ImageObject\",\"url\":\"https:\\\/\\\/www.jornalja.com.br\\\/wp-content\\\/uploads\\\/cards\\\/JAslogan.png\",\"@id\":\"https:\\\/\\\/www.jornalja.com.br\\\/arquivo\\\/movimento-autonomo-prova-que-resistencia-nao-se-faz-com-numeros\\\/#organizationLogo\"},\"image\":{\"@id\":\"https:\\\/\\\/www.jornalja.com.br\\\/arquivo\\\/movimento-autonomo-prova-que-resistencia-nao-se-faz-com-numeros\\\/#organizationLogo\"}},{\"@type\":\"Person\",\"@id\":\"https:\\\/\\\/www.jornalja.com.br\\\/arquivo\\\/author\\\/daredacao\\\/#author\",\"url\":\"https:\\\/\\\/www.jornalja.com.br\\\/arquivo\\\/author\\\/daredacao\\\/\",\"name\":\"da Reda\\u00e7\\u00e3o\",\"image\":{\"@type\":\"ImageObject\",\"@id\":\"https:\\\/\\\/www.jornalja.com.br\\\/arquivo\\\/movimento-autonomo-prova-que-resistencia-nao-se-faz-com-numeros\\\/#authorImage\",\"url\":\"https:\\\/\\\/secure.gravatar.com\\\/avatar\\\/469fd857d6605ad19919d27ed29d35a968a25f6e8fd9318356bbb7f57aae9c65?s=96&d=mm&r=g\",\"width\":96,\"height\":96,\"caption\":\"da Reda\\u00e7\\u00e3o\"}},{\"@type\":\"WebPage\",\"@id\":\"https:\\\/\\\/www.jornalja.com.br\\\/arquivo\\\/movimento-autonomo-prova-que-resistencia-nao-se-faz-com-numeros\\\/#webpage\",\"url\":\"https:\\\/\\\/www.jornalja.com.br\\\/arquivo\\\/movimento-autonomo-prova-que-resistencia-nao-se-faz-com-numeros\\\/\",\"name\":\"Movimento Aut\\u00f4nomo prova que resist\\u00eancia n\\u00e3o se faz com n\\u00fameros | Arquivo\",\"inLanguage\":\"pt-BR\",\"isPartOf\":{\"@id\":\"https:\\\/\\\/www.jornalja.com.br\\\/arquivo\\\/#website\"},\"breadcrumb\":{\"@id\":\"https:\\\/\\\/www.jornalja.com.br\\\/arquivo\\\/movimento-autonomo-prova-que-resistencia-nao-se-faz-com-numeros\\\/#breadcrumblist\"},\"author\":{\"@id\":\"https:\\\/\\\/www.jornalja.com.br\\\/arquivo\\\/author\\\/daredacao\\\/#author\"},\"creator\":{\"@id\":\"https:\\\/\\\/www.jornalja.com.br\\\/arquivo\\\/author\\\/daredacao\\\/#author\"},\"image\":{\"@type\":\"ImageObject\",\"url\":40337,\"@id\":\"https:\\\/\\\/www.jornalja.com.br\\\/arquivo\\\/movimento-autonomo-prova-que-resistencia-nao-se-faz-com-numeros\\\/#mainImage\"},\"primaryImageOfPage\":{\"@id\":\"https:\\\/\\\/www.jornalja.com.br\\\/arquivo\\\/movimento-autonomo-prova-que-resistencia-nao-se-faz-com-numeros\\\/#mainImage\"},\"datePublished\":\"2016-10-12T15:50:48-03:00\",\"dateModified\":\"2016-10-12T15:50:48-03:00\"},{\"@type\":\"WebSite\",\"@id\":\"https:\\\/\\\/www.jornalja.com.br\\\/arquivo\\\/#website\",\"url\":\"https:\\\/\\\/www.jornalja.com.br\\\/arquivo\\\/\",\"name\":\"Arquivo\",\"description\":\"Jornal J\\u00c1 | Porto Alegre\",\"inLanguage\":\"pt-BR\",\"publisher\":{\"@id\":\"https:\\\/\\\/www.jornalja.com.br\\\/arquivo\\\/#organization\"}}]}\n\t\t<\/script>\n\t\t<!-- All in One SEO -->\n\n","aioseo_head_json":{"title":"Movimento Aut\u00f4nomo prova que resist\u00eancia n\u00e3o se faz com n\u00fameros | Arquivo","description":"","canonical_url":"https:\/\/www.jornalja.com.br\/arquivo\/movimento-autonomo-prova-que-resistencia-nao-se-faz-com-numeros\/","robots":"max-image-preview:large","keywords":"","webmasterTools":{"miscellaneous":""},"schema":{"@context":"https:\/\/schema.org","@graph":[{"@type":"BlogPosting","@id":"https:\/\/www.jornalja.com.br\/arquivo\/movimento-autonomo-prova-que-resistencia-nao-se-faz-com-numeros\/#blogposting","name":"Movimento Aut\u00f4nomo prova que resist\u00eancia n\u00e3o se faz com n\u00fameros | Arquivo","headline":"Movimento Aut\u00f4nomo prova que resist\u00eancia n\u00e3o se faz com n\u00fameros","author":{"@id":"https:\/\/www.jornalja.com.br\/arquivo\/author\/daredacao\/#author"},"publisher":{"@id":"https:\/\/www.jornalja.com.br\/arquivo\/#organization"},"image":{"@type":"ImageObject","url":40337},"datePublished":"2016-10-12T15:50:48-03:00","dateModified":"2016-10-12T15:50:48-03:00","inLanguage":"pt-BR","commentCount":1,"mainEntityOfPage":{"@id":"https:\/\/www.jornalja.com.br\/arquivo\/movimento-autonomo-prova-que-resistencia-nao-se-faz-com-numeros\/#webpage"},"isPartOf":{"@id":"https:\/\/www.jornalja.com.br\/arquivo\/movimento-autonomo-prova-que-resistencia-nao-se-faz-com-numeros\/#webpage"},"articleSection":"Mat\u00e9ria vencida"},{"@type":"BreadcrumbList","@id":"https:\/\/www.jornalja.com.br\/arquivo\/movimento-autonomo-prova-que-resistencia-nao-se-faz-com-numeros\/#breadcrumblist","itemListElement":[{"@type":"ListItem","@id":"https:\/\/www.jornalja.com.br\/arquivo#listItem","position":1,"name":"Home","item":"https:\/\/www.jornalja.com.br\/arquivo","nextItem":{"@type":"ListItem","@id":"https:\/\/www.jornalja.com.br\/arquivo\/category\/materia-vencida\/#listItem","name":"Mat\u00e9ria vencida"}},{"@type":"ListItem","@id":"https:\/\/www.jornalja.com.br\/arquivo\/category\/materia-vencida\/#listItem","position":2,"name":"Mat\u00e9ria vencida","item":"https:\/\/www.jornalja.com.br\/arquivo\/category\/materia-vencida\/","nextItem":{"@type":"ListItem","@id":"https:\/\/www.jornalja.com.br\/arquivo\/movimento-autonomo-prova-que-resistencia-nao-se-faz-com-numeros\/#listItem","name":"Movimento Aut\u00f4nomo prova que resist\u00eancia n\u00e3o se faz com n\u00fameros"},"previousItem":{"@type":"ListItem","@id":"https:\/\/www.jornalja.com.br\/arquivo#listItem","name":"Home"}},{"@type":"ListItem","@id":"https:\/\/www.jornalja.com.br\/arquivo\/movimento-autonomo-prova-que-resistencia-nao-se-faz-com-numeros\/#listItem","position":3,"name":"Movimento Aut\u00f4nomo prova que resist\u00eancia n\u00e3o se faz com n\u00fameros","previousItem":{"@type":"ListItem","@id":"https:\/\/www.jornalja.com.br\/arquivo\/category\/materia-vencida\/#listItem","name":"Mat\u00e9ria vencida"}}]},{"@type":"Organization","@id":"https:\/\/www.jornalja.com.br\/arquivo\/#organization","name":"Jornal J\u00c1","description":"Jornal J\u00c1 | Porto Alegre","url":"https:\/\/www.jornalja.com.br\/arquivo\/","telephone":"+555133307272","logo":{"@type":"ImageObject","url":"https:\/\/www.jornalja.com.br\/wp-content\/uploads\/cards\/JAslogan.png","@id":"https:\/\/www.jornalja.com.br\/arquivo\/movimento-autonomo-prova-que-resistencia-nao-se-faz-com-numeros\/#organizationLogo"},"image":{"@id":"https:\/\/www.jornalja.com.br\/arquivo\/movimento-autonomo-prova-que-resistencia-nao-se-faz-com-numeros\/#organizationLogo"}},{"@type":"Person","@id":"https:\/\/www.jornalja.com.br\/arquivo\/author\/daredacao\/#author","url":"https:\/\/www.jornalja.com.br\/arquivo\/author\/daredacao\/","name":"da Reda\u00e7\u00e3o","image":{"@type":"ImageObject","@id":"https:\/\/www.jornalja.com.br\/arquivo\/movimento-autonomo-prova-que-resistencia-nao-se-faz-com-numeros\/#authorImage","url":"https:\/\/secure.gravatar.com\/avatar\/469fd857d6605ad19919d27ed29d35a968a25f6e8fd9318356bbb7f57aae9c65?s=96&d=mm&r=g","width":96,"height":96,"caption":"da Reda\u00e7\u00e3o"}},{"@type":"WebPage","@id":"https:\/\/www.jornalja.com.br\/arquivo\/movimento-autonomo-prova-que-resistencia-nao-se-faz-com-numeros\/#webpage","url":"https:\/\/www.jornalja.com.br\/arquivo\/movimento-autonomo-prova-que-resistencia-nao-se-faz-com-numeros\/","name":"Movimento Aut\u00f4nomo prova que resist\u00eancia n\u00e3o se faz com n\u00fameros | Arquivo","inLanguage":"pt-BR","isPartOf":{"@id":"https:\/\/www.jornalja.com.br\/arquivo\/#website"},"breadcrumb":{"@id":"https:\/\/www.jornalja.com.br\/arquivo\/movimento-autonomo-prova-que-resistencia-nao-se-faz-com-numeros\/#breadcrumblist"},"author":{"@id":"https:\/\/www.jornalja.com.br\/arquivo\/author\/daredacao\/#author"},"creator":{"@id":"https:\/\/www.jornalja.com.br\/arquivo\/author\/daredacao\/#author"},"image":{"@type":"ImageObject","url":40337,"@id":"https:\/\/www.jornalja.com.br\/arquivo\/movimento-autonomo-prova-que-resistencia-nao-se-faz-com-numeros\/#mainImage"},"primaryImageOfPage":{"@id":"https:\/\/www.jornalja.com.br\/arquivo\/movimento-autonomo-prova-que-resistencia-nao-se-faz-com-numeros\/#mainImage"},"datePublished":"2016-10-12T15:50:48-03:00","dateModified":"2016-10-12T15:50:48-03:00"},{"@type":"WebSite","@id":"https:\/\/www.jornalja.com.br\/arquivo\/#website","url":"https:\/\/www.jornalja.com.br\/arquivo\/","name":"Arquivo","description":"Jornal J\u00c1 | Porto Alegre","inLanguage":"pt-BR","publisher":{"@id":"https:\/\/www.jornalja.com.br\/arquivo\/#organization"}}]},"og:locale":"pt_BR","og:site_name":"Arquivo | Jornal J\u00c1 | Porto Alegre","og:type":"article","og:title":"Movimento Aut\u00f4nomo prova que resist\u00eancia n\u00e3o se faz com n\u00fameros | Arquivo","og:url":"https:\/\/www.jornalja.com.br\/arquivo\/movimento-autonomo-prova-que-resistencia-nao-se-faz-com-numeros\/","og:image":"https:\/\/www.jornalja.com.br\/wp-content\/uploads\/2016\/10\/Manifesto3-300x201.jpg","og:image:secure_url":"https:\/\/www.jornalja.com.br\/wp-content\/uploads\/2016\/10\/Manifesto3-300x201.jpg","article:published_time":"2016-10-12T18:50:48+00:00","article:modified_time":"2016-10-12T18:50:48+00:00","twitter:card":"summary","twitter:title":"Movimento Aut\u00f4nomo prova que resist\u00eancia n\u00e3o se faz com n\u00fameros | Arquivo","twitter:image":"https:\/\/www.jornalja.com.br\/economics\/wp-content\/uploads\/sites\/11\/2026\/08\/ja-folhaderosto-facebook.jpg"},"aioseo_meta_data":{"post_id":"40336","title":null,"description":null,"keywords":null,"keyphrases":null,"primary_term":null,"canonical_url":null,"og_title":null,"og_description":null,"og_object_type":"default","og_image_type":"default","og_image_url":null,"og_image_width":null,"og_image_height":null,"og_image_custom_url":null,"og_image_custom_fields":null,"og_video":null,"og_custom_url":null,"og_article_section":null,"og_article_tags":null,"twitter_use_og":false,"twitter_card":"default","twitter_image_type":"default","twitter_image_url":null,"twitter_image_custom_url":null,"twitter_image_custom_fields":null,"twitter_title":null,"twitter_description":null,"schema":{"blockGraphs":[],"customGraphs":[],"default":{"data":{"Article":[],"Course":[],"Dataset":[],"FAQPage":[],"Movie":[],"Person":[],"Product":[],"ProductReview":[],"Car":[],"Recipe":[],"Service":[],"SoftwareApplication":[],"WebPage":[]},"graphName":"","isEnabled":true},"graphs":[],"defaultGraph":"","defaultPostTypeGraph":""},"schema_type":null,"schema_type_options":null,"pillar_content":false,"robots_default":true,"robots_noindex":false,"robots_noarchive":false,"robots_nosnippet":false,"robots_nofollow":false,"robots_noimageindex":false,"robots_noodp":false,"robots_notranslate":false,"robots_max_snippet":null,"robots_max_videopreview":null,"robots_max_imagepreview":"large","priority":null,"frequency":null,"location":null,"local_seo":null,"breadcrumb_settings":null,"limit_modified_date":false,"ai":null,"created":"2020-12-20 20:49:37","updated":"2025-07-19 17:32:17","seo_analyzer_scan_date":null,"focus_keyword":null,"additional_keywords":null,"truseo_locale":null},"jetpack_sharing_enabled":true,"jetpack-related-posts":[{"id":13240,"url":"https:\/\/www.jornalja.com.br\/arquivo\/plano-diretor-estamos-construindo-o-caos\/","url_meta":{"origin":40336,"position":0},"title":"Plano diretor: &quot;Estamos construindo o caos&quot;","author":"Patr\u00edcia Marini","date":"26 de maio de 2014","format":false,"excerpt":"Desabafo que arquiteta Eliana Castilhos, delegada da Regi\u00e3o de Planejamento 1, postou nas redes sociais \u00e9 um testemunho do ambiente que se criou no Conselho do Plano Diretor de Porto Alegre, onde a aprova\u00e7\u00e3o de grandes empreendimentos \u00e9 empurrada guela abaixo dos conselheiros. Ao CMDUA Como delegada da Regi\u00e3o de\u2026","rel":"","context":"Em &quot;Geral&quot;","block_context":{"text":"Geral","link":"https:\/\/www.jornalja.com.br\/arquivo\/category\/geral\/"},"img":{"alt_text":"","src":"","width":0,"height":0},"classes":[]},{"id":5440,"url":"https:\/\/www.jornalja.com.br\/arquivo\/casarao-da-venancio-destino-permanece-incerto\/","url_meta":{"origin":40336,"position":1},"title":"Estado ainda n\u00e3o sabe o que fazer com casar\u00e3o abandonado h\u00e1 20 anos","author":"Elmar Bones","date":"6 de julho de 2009","format":false,"excerpt":"O casar\u00e3o amarelo, numa esquina nobre de Porto Alegre (Ven\u00e2ncio Aires com Jo\u00e3o Pessoa), j\u00e1 abrigou uma escola. H\u00e1 duas d\u00e9cadas, pelo menos, est\u00e1 abandonado, porque seu propriet\u00e1rio, o governo do Estado do Rio Grande do Sul, n\u00e3o consegue achar um destino para ele. Planos n\u00e3o faltaram. O governador Ol\u00edvio\u2026","rel":"","context":"Em &quot;X.Categorias velhas&quot;","block_context":{"text":"X.Categorias velhas","link":"https:\/\/www.jornalja.com.br\/arquivo\/category\/x-categorias-velhas\/"},"img":{"alt_text":"geraldo1","src":"https:\/\/i0.wp.com\/www.jornalja.com.br\/wp-content\/uploads\/2009\/07\/geraldo1.jpg?resize=350%2C200&ssl=1","width":350,"height":200},"classes":[]},{"id":13101,"url":"https:\/\/www.jornalja.com.br\/arquivo\/morre-um-guerreiro-do-texto\/","url_meta":{"origin":40336,"position":2},"title":"Morre um guerreiro do texto","author":"Patr\u00edcia Marini","date":"14 de maio de 2014","format":false,"excerpt":"Por Ricardo Kotscho Reproduzido do blog do autor, 11\/5\/2014; t\u00edtulo original \u201cE l\u00e1 se foi o nosso Myltainho, guerreiro do texto\u201d. Mi\u00fado e franzino, meu amigo Myltainho era um valente e inconformado guerreiro na luta contra as injusti\u00e7as sociais, a hipocrisia, as maracutaias, o autoritarismo, a intoler\u00e2ncia, a viol\u00eancia, o\u2026","rel":"","context":"Em &quot;Geral&quot;","block_context":{"text":"Geral","link":"https:\/\/www.jornalja.com.br\/arquivo\/category\/geral\/"},"img":{"alt_text":"","src":"","width":0,"height":0},"classes":[]},{"id":13128,"url":"https:\/\/www.jornalja.com.br\/arquivo\/maconha-terra-diz-que-uso-medicinal-e-desculpa\/","url_meta":{"origin":40336,"position":3},"title":"Maconha: Terra diz que uso medicinal \u00e9 desculpa","author":"Patr\u00edcia Marini","date":"4 de junho de 2014","format":false,"excerpt":"A condi\u00e7\u00e3o de pol\u00edtico, em \u00e9poca de campanha de campanha eleitoral, tira for\u00e7a do discurso do m\u00e9dico Osmar Terra contra a legaliza\u00e7\u00e3o da maconha. A tese dele de que a libera\u00e7\u00e3o vai ampliar exponencialmente o consumo \u00e9 discutivel, o consumo \u00e9 corrente. Mas seus alertas quanto aos riscos tem que\u2026","rel":"","context":"Em &quot;X.Categorias velhas&quot;","block_context":{"text":"X.Categorias velhas","link":"https:\/\/www.jornalja.com.br\/arquivo\/category\/x-categorias-velhas\/"},"img":{"alt_text":"","src":"","width":0,"height":0},"classes":[]},{"id":13124,"url":"https:\/\/www.jornalja.com.br\/arquivo\/sangue-latino-no-iecine\/","url_meta":{"origin":40336,"position":4},"title":"Sangue latino no IECINE","author":"da Reda\u00e7\u00e3o","date":"18 de maio de 2014","format":false,"excerpt":"Francisco Ribeiro O Instituto Estadual de Cinema (IECINE) tem a frente, desde abril \u00faltimo, um novo diretor, o cineasta colombiano Juan Zapata, 36, que substitui Luiz Alberto Cassol. Radicado h\u00e1 dez anos em Porto Alegre, Zapata tem diante de si o desafio de conduzir at\u00e9 o final do ano um\u2026","rel":"","context":"Em &quot;Cultura-Geral&quot;","block_context":{"text":"Cultura-Geral","link":"https:\/\/www.jornalja.com.br\/arquivo\/category\/materiasecundaria\/"},"img":{"alt_text":"","src":"","width":0,"height":0},"classes":[]},{"id":13109,"url":"https:\/\/www.jornalja.com.br\/arquivo\/judiciario-reconhece-poluicao-eletromagnetica\/","url_meta":{"origin":40336,"position":5},"title":"Judici\u00e1rio reconhece polui\u00e7\u00e3o eletromagn\u00e9tica","author":"Patr\u00edcia Marini","date":"16 de maio de 2014","format":false,"excerpt":"A\u00e7\u00e3o de duas associa\u00e7\u00f5es de moradores foi acolhida pelo Tribunal de Justi\u00e7a de S\u00e3o Paulo que. em decis\u00e3o in\u00e9dita, determinou a redu\u00e7\u00e3o do campo eletromagn\u00e9tico gerado pelas linhas de transmiss\u00e3o de energia que cortam os bairros City Boa\u00e7ava e Alto de Pinheiros. \u00c9 a primeira vez que um tribunal do\u2026","rel":"","context":"Em &quot;X.Categorias velhas&quot;","block_context":{"text":"X.Categorias velhas","link":"https:\/\/www.jornalja.com.br\/arquivo\/category\/x-categorias-velhas\/"},"img":{"alt_text":"","src":"","width":0,"height":0},"classes":[]}],"jetpack_shortlink":"https:\/\/wp.me\/pbQjBd-auA","jetpack_featured_media_url":"","_links":{"self":[{"href":"https:\/\/www.jornalja.com.br\/arquivo\/wp-json\/wp\/v2\/posts\/40336","targetHints":{"allow":["GET"]}}],"collection":[{"href":"https:\/\/www.jornalja.com.br\/arquivo\/wp-json\/wp\/v2\/posts"}],"about":[{"href":"https:\/\/www.jornalja.com.br\/arquivo\/wp-json\/wp\/v2\/types\/post"}],"author":[{"embeddable":true,"href":"https:\/\/www.jornalja.com.br\/arquivo\/wp-json\/wp\/v2\/users\/4"}],"replies":[{"embeddable":true,"href":"https:\/\/www.jornalja.com.br\/arquivo\/wp-json\/wp\/v2\/comments?post=40336"}],"version-history":[{"count":0,"href":"https:\/\/www.jornalja.com.br\/arquivo\/wp-json\/wp\/v2\/posts\/40336\/revisions"}],"wp:attachment":[{"href":"https:\/\/www.jornalja.com.br\/arquivo\/wp-json\/wp\/v2\/media?parent=40336"}],"wp:term":[{"taxonomy":"category","embeddable":true,"href":"https:\/\/www.jornalja.com.br\/arquivo\/wp-json\/wp\/v2\/categories?post=40336"},{"taxonomy":"post_tag","embeddable":true,"href":"https:\/\/www.jornalja.com.br\/arquivo\/wp-json\/wp\/v2\/tags?post=40336"}],"curies":[{"name":"wp","href":"https:\/\/api.w.org\/{rel}","templated":true}]}}