{"id":40419,"date":"2016-10-14T12:51:56","date_gmt":"2016-10-14T15:51:56","guid":{"rendered":"https:\/\/www.jornalja.com.br\/?p=40419"},"modified":"2016-10-14T12:51:56","modified_gmt":"2016-10-14T15:51:56","slug":"nem-melo-nem-marchezan-o-equivoco-do-manifesto-por-uma-frente-popular-e-democratica-em-poa","status":"publish","type":"post","link":"https:\/\/www.jornalja.com.br\/arquivo\/nem-melo-nem-marchezan-o-equivoco-do-manifesto-por-uma-frente-popular-e-democratica-em-poa\/","title":{"rendered":"Nem Melo, nem Marchezan: o equ\u00edvoco do manifesto \u201cPor uma Frente Popular e Democr\u00e1tica em POA&quot;"},"content":{"rendered":"<p>Miguel Idiart Gomes &#8211; Estudante de Ci\u00eancias Sociais na PUCRS<br \/>\nO resultado eleitoral em Porto Alegre traduziu a falta de representatividade de todos os partidos pol\u00edticos. Nenhum candidato fez mais votos que brancos e nulos, demonstrando a falta de legitimidade de quem vai assumir o pa\u00e7o municipal. A partir dessa leitura, atribuir a esquerda como respons\u00e1vel por uma vit\u00f3ria das candidaturas do Marchezan (PSDB) ou Melo (PMDB) significa mais uma manobra de culpar o PT e a esquerda pelo resultado.<br \/>\nA carta intitulada Frente Popular Democr\u00e1tica, assinada por intelectuais, usa a denomina\u00e7\u00e3o da chapa PT\/PCB das elei\u00e7\u00f5es de 1989 em Porto Alegre. Compara candidatura de Melo e Juliana (PMDB\/PDT), com de Marchezan (PSDB\/PP); argumenta que o PDT posicionou-se, nacionalmente, contra o golpe; e acrescenta que Juliana \u00e9 \u201cherdeira das propostas avan\u00e7adas do Brizolismo para a emancipa\u00e7\u00e3o da cidadania e a afirma\u00e7\u00e3o da democracia e da legalidade\u201d.<br \/>\nCom todo respeito que tenho aos trabalhistas hist\u00f3ricos e a trajet\u00f3ria de lutas do PDT no pa\u00eds a carta esquece de avaliar o posicionamento da deputada Juliana na base do governo Sartori (PMDB) na Assembleia Legislativa. Um exemplo foi a vota\u00e7\u00e3o da Lei de Diretrizes Or\u00e7ament\u00e1ria de 2015, na qual ela votou a favor do congelamento dos sal\u00e1rios e a perda dos direitos trabalhistas no RS. A aprova\u00e7\u00e3o do tarifa\u00e7o nesse ano pela base do Sartori \u00e9 outro exemplo em que a neta do Brizola votou pelo aumento das al\u00edquotas do ICMS, o imposto sobre gasolina, \u00e1lcool, telecomunica\u00e7\u00f5es e energia el\u00e9trica comercial e residencial acima de 50 kw.<br \/>\nA trajet\u00f3ria do trabalhismo e da lideran\u00e7a de Brizola n\u00e3o combina em nada com o apoio a uma candidatura de um partido protagonista de um golpe de estado.<br \/>\nA carta argumenta \u201ca origem pessoal e o v\u00ednculo de Melo com setores populares\u201d, mas n\u00e3o enxerga o enquadramento das lideran\u00e7as do Or\u00e7amento Participativo e a corrup\u00e7\u00e3o em diversas secretarias, com investiga\u00e7\u00f5es da Pol\u00edcia Federal, Tribunal de Contas e Minist\u00e9rio P\u00fablico. Listo alguns casos de investiga\u00e7\u00e3o: Opera\u00e7\u00e3o Rodin &#8211; investiga o contrato sem licita\u00e7\u00e3o por R$ 11,3 milh\u00f5es; Opera\u00e7\u00e3o Pathos &#8211; investiga desvio de pelo menos R$ 9 milh\u00f5es pelo Instituto Sollus, contratado sem licita\u00e7\u00e3o para gerir o Programa Sa\u00fade da Fam\u00edlia; den\u00fancias de desvios e de corrup\u00e7\u00e3o na SMAM que resultaram na pris\u00e3o e indiciamento de secret\u00e1rio do PMDB; o rompimento do conduto \u00c1lvaro Chaves, confirmando suspeitas de irregularidades nas obras do S\u00f3cioAmbiental; o milion\u00e1rio contrato para conclus\u00e3o do novo Sistema Integrado de Administra\u00e7\u00e3o Tribut\u00e1ria, o SIAT, foi suspenso pelo Tribunal de Contas por que houve indevida dispensa de licita\u00e7\u00e3o; o caso da Procempa, em que o presidente jogou dinheiro pela janela. Tamb\u00e9m a den\u00fancia de desvio de R$3 milh\u00f5es por m\u00eas na Carris. O caso mais recente \u00e9 do Departamento de Esgotos Pluviais, em que identificaram um preju\u00edzo de mais de R$2 milh\u00f5es para os cofres p\u00fablico.<br \/>\nDiante desses fatos, a gest\u00e3o onde Melo \u00e9 o vice-prefeito, contratou, indiscriminadamente servi\u00e7os terceirizados que culminaram em desvios de recursos p\u00fablicos sem precisar privatizar.<br \/>\nOs dois partidos, PT e Psol, tomaram a decis\u00e3o acertada de orientar sua milit\u00e2ncia em n\u00e3o votar nem no Melo, nem no Marchezan. Ali\u00e1s, o segundo turno ocorre no momento em que o golpe avan\u00e7a a galope com a prova\u00e7\u00e3o da PEC241, onde o PMDB e o PSDB aprovaram o congelamento dos recursos na Sa\u00fade e Educa\u00e7\u00e3o. Eles governam juntos o pa\u00eds e o Estado e ser\u00e3o aliados em Porto Alegre, independente do resultado do pleito. Eles t\u00eam lado e n\u00e3o \u00e9 o das classes populares e nem trabalhadora.<\/p>\n","protected":false},"excerpt":{"rendered":"<p>Miguel Idiart Gomes &#8211; Estudante de Ci\u00eancias Sociais na PUCRS O resultado eleitoral em Porto Alegre traduziu a falta de representatividade de todos os partidos pol\u00edticos. Nenhum candidato fez mais votos que brancos e nulos, demonstrando a falta de legitimidade de quem vai assumir o pa\u00e7o municipal. A partir dessa leitura, atribuir a esquerda como [&hellip;]<\/p>\n","protected":false},"author":4,"featured_media":40420,"comment_status":"open","ping_status":"closed","sticky":false,"template":"","format":"standard","meta":{"_jetpack_newsletter_access":"","_jetpack_dont_email_post_to_subs":false,"_jetpack_newsletter_tier_id":0,"_jetpack_memberships_contains_paywalled_content":false,"_jetpack_feature_clip_id":0,"_jetpack_memberships_contains_paid_content":false,"footnotes":"","jetpack_post_was_ever_published":false},"categories":[2011,2012],"tags":[],"class_list":["post-40419","post","type-post","status-publish","format-standard","has-post-thumbnail","hentry","category-destaque","category-debates"],"aioseo_notices":[],"aioseo_head":"\n\t\t<!-- All in One SEO 5.0.1.1 - aioseo.com -->\n\t<meta name=\"robots\" content=\"max-image-preview:large\" \/>\n\t<meta name=\"author\" content=\"da Reda\u00e7\u00e3o\"\/>\n\t<link rel=\"canonical\" href=\"https:\/\/www.jornalja.com.br\/arquivo\/nem-melo-nem-marchezan-o-equivoco-do-manifesto-por-uma-frente-popular-e-democratica-em-poa\/\" \/>\n\t<meta name=\"generator\" content=\"All in One SEO (AIOSEO) 5.0.1.1\" \/>\n\t\t<meta property=\"og:locale\" content=\"pt_BR\" \/>\n\t\t<meta property=\"og:site_name\" content=\"Arquivo | Jornal J\u00c1 | Porto Alegre\" \/>\n\t\t<meta property=\"og:type\" content=\"article\" \/>\n\t\t<meta property=\"og:title\" content=\"Nem Melo, nem Marchezan: o equ\u00edvoco do manifesto \u201cPor uma Frente Popular e Democr\u00e1tica em POA&quot; | Arquivo\" \/>\n\t\t<meta property=\"og:url\" content=\"https:\/\/www.jornalja.com.br\/arquivo\/nem-melo-nem-marchezan-o-equivoco-do-manifesto-por-uma-frente-popular-e-democratica-em-poa\/\" \/>\n\t\t<meta property=\"og:image\" content=\"https:\/\/www.jornalja.com.br\/economics\/wp-content\/uploads\/sites\/11\/2026\/08\/ja-folhaderosto-facebook.jpg\" \/>\n\t\t<meta property=\"og:image:secure_url\" content=\"https:\/\/www.jornalja.com.br\/economics\/wp-content\/uploads\/sites\/11\/2026\/08\/ja-folhaderosto-facebook.jpg\" \/>\n\t\t<meta property=\"article:published_time\" content=\"2016-10-14T15:51:56+00:00\" \/>\n\t\t<meta property=\"article:modified_time\" content=\"2016-10-14T15:51:56+00:00\" \/>\n\t\t<meta name=\"twitter:card\" content=\"summary\" \/>\n\t\t<meta name=\"twitter:title\" content=\"Nem Melo, nem Marchezan: o equ\u00edvoco do manifesto \u201cPor uma Frente Popular e Democr\u00e1tica em POA&quot; | Arquivo\" \/>\n\t\t<meta name=\"twitter:image\" content=\"https:\/\/www.jornalja.com.br\/economics\/wp-content\/uploads\/sites\/11\/2026\/08\/ja-folhaderosto-facebook.jpg\" \/>\n\t\t<script type=\"application\/ld+json\" class=\"aioseo-schema\">\n\t\t\t{\"@context\":\"https:\\\/\\\/schema.org\",\"@graph\":[{\"@type\":\"BlogPosting\",\"@id\":\"https:\\\/\\\/www.jornalja.com.br\\\/arquivo\\\/nem-melo-nem-marchezan-o-equivoco-do-manifesto-por-uma-frente-popular-e-democratica-em-poa\\\/#blogposting\",\"name\":\"Nem Melo, nem Marchezan: o equ\\u00edvoco do manifesto \\u201cPor uma Frente Popular e Democr\\u00e1tica em POA\\\" | Arquivo\",\"headline\":\"Nem Melo, nem Marchezan: o equ\\u00edvoco do manifesto \\u201cPor uma Frente Popular e Democr\\u00e1tica em POA&quot;\",\"author\":{\"@id\":\"https:\\\/\\\/www.jornalja.com.br\\\/arquivo\\\/author\\\/daredacao\\\/#author\"},\"publisher\":{\"@id\":\"https:\\\/\\\/www.jornalja.com.br\\\/arquivo\\\/#organization\"},\"image\":{\"@type\":\"ImageObject\",\"url\":40420},\"datePublished\":\"2016-10-14T12:51:56-03:00\",\"dateModified\":\"2016-10-14T12:51:56-03:00\",\"inLanguage\":\"pt-BR\",\"mainEntityOfPage\":{\"@id\":\"https:\\\/\\\/www.jornalja.com.br\\\/arquivo\\\/nem-melo-nem-marchezan-o-equivoco-do-manifesto-por-uma-frente-popular-e-democratica-em-poa\\\/#webpage\"},\"isPartOf\":{\"@id\":\"https:\\\/\\\/www.jornalja.com.br\\\/arquivo\\\/nem-melo-nem-marchezan-o-equivoco-do-manifesto-por-uma-frente-popular-e-democratica-em-poa\\\/#webpage\"},\"articleSection\":\"CDD-artigo em destaque, HOTSITE Comit\\u00ea pela Democracia\"},{\"@type\":\"BreadcrumbList\",\"@id\":\"https:\\\/\\\/www.jornalja.com.br\\\/arquivo\\\/nem-melo-nem-marchezan-o-equivoco-do-manifesto-por-uma-frente-popular-e-democratica-em-poa\\\/#breadcrumblist\",\"itemListElement\":[{\"@type\":\"ListItem\",\"@id\":\"https:\\\/\\\/www.jornalja.com.br\\\/arquivo#listItem\",\"position\":1,\"name\":\"Home\",\"item\":\"https:\\\/\\\/www.jornalja.com.br\\\/arquivo\",\"nextItem\":{\"@type\":\"ListItem\",\"@id\":\"https:\\\/\\\/www.jornalja.com.br\\\/arquivo\\\/category\\\/destaque\\\/#listItem\",\"name\":\"CDD-artigo em destaque\"}},{\"@type\":\"ListItem\",\"@id\":\"https:\\\/\\\/www.jornalja.com.br\\\/arquivo\\\/category\\\/destaque\\\/#listItem\",\"position\":2,\"name\":\"CDD-artigo em destaque\",\"item\":\"https:\\\/\\\/www.jornalja.com.br\\\/arquivo\\\/category\\\/destaque\\\/\",\"nextItem\":{\"@type\":\"ListItem\",\"@id\":\"https:\\\/\\\/www.jornalja.com.br\\\/arquivo\\\/nem-melo-nem-marchezan-o-equivoco-do-manifesto-por-uma-frente-popular-e-democratica-em-poa\\\/#listItem\",\"name\":\"Nem Melo, nem Marchezan: o equ\\u00edvoco do manifesto \\u201cPor uma Frente Popular e Democr\\u00e1tica em POA&quot;\"},\"previousItem\":{\"@type\":\"ListItem\",\"@id\":\"https:\\\/\\\/www.jornalja.com.br\\\/arquivo#listItem\",\"name\":\"Home\"}},{\"@type\":\"ListItem\",\"@id\":\"https:\\\/\\\/www.jornalja.com.br\\\/arquivo\\\/nem-melo-nem-marchezan-o-equivoco-do-manifesto-por-uma-frente-popular-e-democratica-em-poa\\\/#listItem\",\"position\":3,\"name\":\"Nem Melo, nem Marchezan: o equ\\u00edvoco do manifesto \\u201cPor uma Frente Popular e Democr\\u00e1tica em POA&quot;\",\"previousItem\":{\"@type\":\"ListItem\",\"@id\":\"https:\\\/\\\/www.jornalja.com.br\\\/arquivo\\\/category\\\/destaque\\\/#listItem\",\"name\":\"CDD-artigo em destaque\"}}]},{\"@type\":\"Organization\",\"@id\":\"https:\\\/\\\/www.jornalja.com.br\\\/arquivo\\\/#organization\",\"name\":\"Jornal J\\u00c1\",\"description\":\"Jornal J\\u00c1 | Porto Alegre\",\"url\":\"https:\\\/\\\/www.jornalja.com.br\\\/arquivo\\\/\",\"telephone\":\"+555133307272\",\"logo\":{\"@type\":\"ImageObject\",\"url\":\"https:\\\/\\\/www.jornalja.com.br\\\/wp-content\\\/uploads\\\/cards\\\/JAslogan.png\",\"@id\":\"https:\\\/\\\/www.jornalja.com.br\\\/arquivo\\\/nem-melo-nem-marchezan-o-equivoco-do-manifesto-por-uma-frente-popular-e-democratica-em-poa\\\/#organizationLogo\"},\"image\":{\"@id\":\"https:\\\/\\\/www.jornalja.com.br\\\/arquivo\\\/nem-melo-nem-marchezan-o-equivoco-do-manifesto-por-uma-frente-popular-e-democratica-em-poa\\\/#organizationLogo\"}},{\"@type\":\"Person\",\"@id\":\"https:\\\/\\\/www.jornalja.com.br\\\/arquivo\\\/author\\\/daredacao\\\/#author\",\"url\":\"https:\\\/\\\/www.jornalja.com.br\\\/arquivo\\\/author\\\/daredacao\\\/\",\"name\":\"da Reda\\u00e7\\u00e3o\",\"image\":{\"@type\":\"ImageObject\",\"@id\":\"https:\\\/\\\/www.jornalja.com.br\\\/arquivo\\\/nem-melo-nem-marchezan-o-equivoco-do-manifesto-por-uma-frente-popular-e-democratica-em-poa\\\/#authorImage\",\"url\":\"https:\\\/\\\/secure.gravatar.com\\\/avatar\\\/469fd857d6605ad19919d27ed29d35a968a25f6e8fd9318356bbb7f57aae9c65?s=96&d=mm&r=g\",\"width\":96,\"height\":96,\"caption\":\"da Reda\\u00e7\\u00e3o\"}},{\"@type\":\"WebPage\",\"@id\":\"https:\\\/\\\/www.jornalja.com.br\\\/arquivo\\\/nem-melo-nem-marchezan-o-equivoco-do-manifesto-por-uma-frente-popular-e-democratica-em-poa\\\/#webpage\",\"url\":\"https:\\\/\\\/www.jornalja.com.br\\\/arquivo\\\/nem-melo-nem-marchezan-o-equivoco-do-manifesto-por-uma-frente-popular-e-democratica-em-poa\\\/\",\"name\":\"Nem Melo, nem Marchezan: o equ\\u00edvoco do manifesto \\u201cPor uma Frente Popular e Democr\\u00e1tica em POA\\\" | Arquivo\",\"inLanguage\":\"pt-BR\",\"isPartOf\":{\"@id\":\"https:\\\/\\\/www.jornalja.com.br\\\/arquivo\\\/#website\"},\"breadcrumb\":{\"@id\":\"https:\\\/\\\/www.jornalja.com.br\\\/arquivo\\\/nem-melo-nem-marchezan-o-equivoco-do-manifesto-por-uma-frente-popular-e-democratica-em-poa\\\/#breadcrumblist\"},\"author\":{\"@id\":\"https:\\\/\\\/www.jornalja.com.br\\\/arquivo\\\/author\\\/daredacao\\\/#author\"},\"creator\":{\"@id\":\"https:\\\/\\\/www.jornalja.com.br\\\/arquivo\\\/author\\\/daredacao\\\/#author\"},\"image\":{\"@type\":\"ImageObject\",\"url\":40420,\"@id\":\"https:\\\/\\\/www.jornalja.com.br\\\/arquivo\\\/nem-melo-nem-marchezan-o-equivoco-do-manifesto-por-uma-frente-popular-e-democratica-em-poa\\\/#mainImage\"},\"primaryImageOfPage\":{\"@id\":\"https:\\\/\\\/www.jornalja.com.br\\\/arquivo\\\/nem-melo-nem-marchezan-o-equivoco-do-manifesto-por-uma-frente-popular-e-democratica-em-poa\\\/#mainImage\"},\"datePublished\":\"2016-10-14T12:51:56-03:00\",\"dateModified\":\"2016-10-14T12:51:56-03:00\"},{\"@type\":\"WebSite\",\"@id\":\"https:\\\/\\\/www.jornalja.com.br\\\/arquivo\\\/#website\",\"url\":\"https:\\\/\\\/www.jornalja.com.br\\\/arquivo\\\/\",\"name\":\"Arquivo\",\"description\":\"Jornal J\\u00c1 | Porto Alegre\",\"inLanguage\":\"pt-BR\",\"publisher\":{\"@id\":\"https:\\\/\\\/www.jornalja.com.br\\\/arquivo\\\/#organization\"}}]}\n\t\t<\/script>\n\t\t<!-- All in One SEO -->\n\n","aioseo_head_json":{"title":"Nem Melo, nem Marchezan: o equ\u00edvoco do manifesto \u201cPor uma Frente Popular e Democr\u00e1tica em POA\" | Arquivo","description":"","canonical_url":"https:\/\/www.jornalja.com.br\/arquivo\/nem-melo-nem-marchezan-o-equivoco-do-manifesto-por-uma-frente-popular-e-democratica-em-poa\/","robots":"max-image-preview:large","keywords":"","webmasterTools":{"miscellaneous":""},"schema":{"@context":"https:\/\/schema.org","@graph":[{"@type":"BlogPosting","@id":"https:\/\/www.jornalja.com.br\/arquivo\/nem-melo-nem-marchezan-o-equivoco-do-manifesto-por-uma-frente-popular-e-democratica-em-poa\/#blogposting","name":"Nem Melo, nem Marchezan: o equ\u00edvoco do manifesto \u201cPor uma Frente Popular e Democr\u00e1tica em POA\" | Arquivo","headline":"Nem Melo, nem Marchezan: o equ\u00edvoco do manifesto \u201cPor uma Frente Popular e Democr\u00e1tica em POA&quot;","author":{"@id":"https:\/\/www.jornalja.com.br\/arquivo\/author\/daredacao\/#author"},"publisher":{"@id":"https:\/\/www.jornalja.com.br\/arquivo\/#organization"},"image":{"@type":"ImageObject","url":40420},"datePublished":"2016-10-14T12:51:56-03:00","dateModified":"2016-10-14T12:51:56-03:00","inLanguage":"pt-BR","mainEntityOfPage":{"@id":"https:\/\/www.jornalja.com.br\/arquivo\/nem-melo-nem-marchezan-o-equivoco-do-manifesto-por-uma-frente-popular-e-democratica-em-poa\/#webpage"},"isPartOf":{"@id":"https:\/\/www.jornalja.com.br\/arquivo\/nem-melo-nem-marchezan-o-equivoco-do-manifesto-por-uma-frente-popular-e-democratica-em-poa\/#webpage"},"articleSection":"CDD-artigo em destaque, HOTSITE Comit\u00ea pela Democracia"},{"@type":"BreadcrumbList","@id":"https:\/\/www.jornalja.com.br\/arquivo\/nem-melo-nem-marchezan-o-equivoco-do-manifesto-por-uma-frente-popular-e-democratica-em-poa\/#breadcrumblist","itemListElement":[{"@type":"ListItem","@id":"https:\/\/www.jornalja.com.br\/arquivo#listItem","position":1,"name":"Home","item":"https:\/\/www.jornalja.com.br\/arquivo","nextItem":{"@type":"ListItem","@id":"https:\/\/www.jornalja.com.br\/arquivo\/category\/destaque\/#listItem","name":"CDD-artigo em destaque"}},{"@type":"ListItem","@id":"https:\/\/www.jornalja.com.br\/arquivo\/category\/destaque\/#listItem","position":2,"name":"CDD-artigo em destaque","item":"https:\/\/www.jornalja.com.br\/arquivo\/category\/destaque\/","nextItem":{"@type":"ListItem","@id":"https:\/\/www.jornalja.com.br\/arquivo\/nem-melo-nem-marchezan-o-equivoco-do-manifesto-por-uma-frente-popular-e-democratica-em-poa\/#listItem","name":"Nem Melo, nem Marchezan: o equ\u00edvoco do manifesto \u201cPor uma Frente Popular e Democr\u00e1tica em POA&quot;"},"previousItem":{"@type":"ListItem","@id":"https:\/\/www.jornalja.com.br\/arquivo#listItem","name":"Home"}},{"@type":"ListItem","@id":"https:\/\/www.jornalja.com.br\/arquivo\/nem-melo-nem-marchezan-o-equivoco-do-manifesto-por-uma-frente-popular-e-democratica-em-poa\/#listItem","position":3,"name":"Nem Melo, nem Marchezan: o equ\u00edvoco do manifesto \u201cPor uma Frente Popular e Democr\u00e1tica em POA&quot;","previousItem":{"@type":"ListItem","@id":"https:\/\/www.jornalja.com.br\/arquivo\/category\/destaque\/#listItem","name":"CDD-artigo em destaque"}}]},{"@type":"Organization","@id":"https:\/\/www.jornalja.com.br\/arquivo\/#organization","name":"Jornal J\u00c1","description":"Jornal J\u00c1 | Porto Alegre","url":"https:\/\/www.jornalja.com.br\/arquivo\/","telephone":"+555133307272","logo":{"@type":"ImageObject","url":"https:\/\/www.jornalja.com.br\/wp-content\/uploads\/cards\/JAslogan.png","@id":"https:\/\/www.jornalja.com.br\/arquivo\/nem-melo-nem-marchezan-o-equivoco-do-manifesto-por-uma-frente-popular-e-democratica-em-poa\/#organizationLogo"},"image":{"@id":"https:\/\/www.jornalja.com.br\/arquivo\/nem-melo-nem-marchezan-o-equivoco-do-manifesto-por-uma-frente-popular-e-democratica-em-poa\/#organizationLogo"}},{"@type":"Person","@id":"https:\/\/www.jornalja.com.br\/arquivo\/author\/daredacao\/#author","url":"https:\/\/www.jornalja.com.br\/arquivo\/author\/daredacao\/","name":"da Reda\u00e7\u00e3o","image":{"@type":"ImageObject","@id":"https:\/\/www.jornalja.com.br\/arquivo\/nem-melo-nem-marchezan-o-equivoco-do-manifesto-por-uma-frente-popular-e-democratica-em-poa\/#authorImage","url":"https:\/\/secure.gravatar.com\/avatar\/469fd857d6605ad19919d27ed29d35a968a25f6e8fd9318356bbb7f57aae9c65?s=96&d=mm&r=g","width":96,"height":96,"caption":"da Reda\u00e7\u00e3o"}},{"@type":"WebPage","@id":"https:\/\/www.jornalja.com.br\/arquivo\/nem-melo-nem-marchezan-o-equivoco-do-manifesto-por-uma-frente-popular-e-democratica-em-poa\/#webpage","url":"https:\/\/www.jornalja.com.br\/arquivo\/nem-melo-nem-marchezan-o-equivoco-do-manifesto-por-uma-frente-popular-e-democratica-em-poa\/","name":"Nem Melo, nem Marchezan: o equ\u00edvoco do manifesto \u201cPor uma Frente Popular e Democr\u00e1tica em POA\" | Arquivo","inLanguage":"pt-BR","isPartOf":{"@id":"https:\/\/www.jornalja.com.br\/arquivo\/#website"},"breadcrumb":{"@id":"https:\/\/www.jornalja.com.br\/arquivo\/nem-melo-nem-marchezan-o-equivoco-do-manifesto-por-uma-frente-popular-e-democratica-em-poa\/#breadcrumblist"},"author":{"@id":"https:\/\/www.jornalja.com.br\/arquivo\/author\/daredacao\/#author"},"creator":{"@id":"https:\/\/www.jornalja.com.br\/arquivo\/author\/daredacao\/#author"},"image":{"@type":"ImageObject","url":40420,"@id":"https:\/\/www.jornalja.com.br\/arquivo\/nem-melo-nem-marchezan-o-equivoco-do-manifesto-por-uma-frente-popular-e-democratica-em-poa\/#mainImage"},"primaryImageOfPage":{"@id":"https:\/\/www.jornalja.com.br\/arquivo\/nem-melo-nem-marchezan-o-equivoco-do-manifesto-por-uma-frente-popular-e-democratica-em-poa\/#mainImage"},"datePublished":"2016-10-14T12:51:56-03:00","dateModified":"2016-10-14T12:51:56-03:00"},{"@type":"WebSite","@id":"https:\/\/www.jornalja.com.br\/arquivo\/#website","url":"https:\/\/www.jornalja.com.br\/arquivo\/","name":"Arquivo","description":"Jornal J\u00c1 | Porto Alegre","inLanguage":"pt-BR","publisher":{"@id":"https:\/\/www.jornalja.com.br\/arquivo\/#organization"}}]},"og:locale":"pt_BR","og:site_name":"Arquivo | Jornal J\u00c1 | Porto Alegre","og:type":"article","og:title":"Nem Melo, nem Marchezan: o equ\u00edvoco do manifesto \u201cPor uma Frente Popular e Democr\u00e1tica em POA&quot; | Arquivo","og:url":"https:\/\/www.jornalja.com.br\/arquivo\/nem-melo-nem-marchezan-o-equivoco-do-manifesto-por-uma-frente-popular-e-democratica-em-poa\/","og:image":"https:\/\/www.jornalja.com.br\/economics\/wp-content\/uploads\/sites\/11\/2026\/08\/ja-folhaderosto-facebook.jpg","og:image:secure_url":"https:\/\/www.jornalja.com.br\/economics\/wp-content\/uploads\/sites\/11\/2026\/08\/ja-folhaderosto-facebook.jpg","article:published_time":"2016-10-14T15:51:56+00:00","article:modified_time":"2016-10-14T15:51:56+00:00","twitter:card":"summary","twitter:title":"Nem Melo, nem Marchezan: o equ\u00edvoco do manifesto \u201cPor uma Frente Popular e Democr\u00e1tica em POA&quot; | Arquivo","twitter:image":"https:\/\/www.jornalja.com.br\/economics\/wp-content\/uploads\/sites\/11\/2026\/08\/ja-folhaderosto-facebook.jpg"},"aioseo_meta_data":{"post_id":"40419","title":null,"description":null,"keywords":null,"keyphrases":null,"primary_term":null,"canonical_url":null,"og_title":null,"og_description":null,"og_object_type":"default","og_image_type":"default","og_image_url":null,"og_image_width":null,"og_image_height":null,"og_image_custom_url":null,"og_image_custom_fields":null,"og_video":null,"og_custom_url":null,"og_article_section":null,"og_article_tags":null,"twitter_use_og":false,"twitter_card":"default","twitter_image_type":"default","twitter_image_url":null,"twitter_image_custom_url":null,"twitter_image_custom_fields":null,"twitter_title":null,"twitter_description":null,"schema":{"blockGraphs":[],"customGraphs":[],"default":{"data":{"Article":[],"Course":[],"Dataset":[],"FAQPage":[],"Movie":[],"Person":[],"Product":[],"ProductReview":[],"Car":[],"Recipe":[],"Service":[],"SoftwareApplication":[],"WebPage":[]},"graphName":"","isEnabled":true},"graphs":[]},"schema_type":null,"schema_type_options":null,"pillar_content":false,"robots_default":true,"robots_noindex":false,"robots_noarchive":false,"robots_nosnippet":false,"robots_nofollow":false,"robots_noimageindex":false,"robots_noodp":false,"robots_notranslate":false,"robots_max_snippet":null,"robots_max_videopreview":null,"robots_max_imagepreview":"large","priority":null,"frequency":null,"location":null,"local_seo":null,"breadcrumb_settings":null,"limit_modified_date":false,"ai":null,"created":"2020-12-20 20:49:37","updated":"2025-07-19 17:33:50","seo_analyzer_scan_date":null,"focus_keyword":null,"additional_keywords":null,"truseo_locale":null},"jetpack_sharing_enabled":true,"jetpack-related-posts":[{"id":13240,"url":"https:\/\/www.jornalja.com.br\/arquivo\/plano-diretor-estamos-construindo-o-caos\/","url_meta":{"origin":40419,"position":0},"title":"Plano diretor: &quot;Estamos construindo o caos&quot;","author":"Patr\u00edcia Marini","date":"26 de maio de 2014","format":false,"excerpt":"Desabafo que arquiteta Eliana Castilhos, delegada da Regi\u00e3o de Planejamento 1, postou nas redes sociais \u00e9 um testemunho do ambiente que se criou no Conselho do Plano Diretor de Porto Alegre, onde a aprova\u00e7\u00e3o de grandes empreendimentos \u00e9 empurrada guela abaixo dos conselheiros. Ao CMDUA Como delegada da Regi\u00e3o de\u2026","rel":"","context":"Em &quot;Geral&quot;","block_context":{"text":"Geral","link":"https:\/\/www.jornalja.com.br\/arquivo\/category\/geral\/"},"img":{"alt_text":"","src":"","width":0,"height":0},"classes":[]},{"id":13124,"url":"https:\/\/www.jornalja.com.br\/arquivo\/sangue-latino-no-iecine\/","url_meta":{"origin":40419,"position":1},"title":"Sangue latino no IECINE","author":"da Reda\u00e7\u00e3o","date":"18 de maio de 2014","format":false,"excerpt":"Francisco Ribeiro O Instituto Estadual de Cinema (IECINE) tem a frente, desde abril \u00faltimo, um novo diretor, o cineasta colombiano Juan Zapata, 36, que substitui Luiz Alberto Cassol. Radicado h\u00e1 dez anos em Porto Alegre, Zapata tem diante de si o desafio de conduzir at\u00e9 o final do ano um\u2026","rel":"","context":"Em &quot;Cultura-Geral&quot;","block_context":{"text":"Cultura-Geral","link":"https:\/\/www.jornalja.com.br\/arquivo\/category\/materiasecundaria\/"},"img":{"alt_text":"","src":"","width":0,"height":0},"classes":[]},{"id":12960,"url":"https:\/\/www.jornalja.com.br\/arquivo\/populacao-culpa-empresas-pela-greve-dos-rodoviarios\/","url_meta":{"origin":40419,"position":2},"title":"Popula\u00e7\u00e3o culpa empresas pela greve","author":"Patr\u00edcia Marini","date":"14 de fevereiro de 2014","format":false,"excerpt":"Pesquisa divulgada na edi\u00e7\u00e3o do jornal Metro desta sexta-feira,14, comprova o velho ditado: \u00e9 poss\u00edvel enganar muitos por algum tempo, mas n\u00e3o \u00e9 poss\u00edvel enganar a todos o tempo inteiro. A principal revela\u00e7\u00e3o foi que 59,8% dos entrevistados apontaram as empresas como as principais respons\u00e1veis pela grave e 46% culparam\u2026","rel":"","context":"Em &quot;X.Categorias velhas&quot;","block_context":{"text":"X.Categorias velhas","link":"https:\/\/www.jornalja.com.br\/arquivo\/category\/x-categorias-velhas\/"},"img":{"alt_text":"","src":"","width":0,"height":0},"classes":[]},{"id":5440,"url":"https:\/\/www.jornalja.com.br\/arquivo\/casarao-da-venancio-destino-permanece-incerto\/","url_meta":{"origin":40419,"position":3},"title":"Estado ainda n\u00e3o sabe o que fazer com casar\u00e3o abandonado h\u00e1 20 anos","author":"Elmar Bones","date":"6 de julho de 2009","format":false,"excerpt":"O casar\u00e3o amarelo, numa esquina nobre de Porto Alegre (Ven\u00e2ncio Aires com Jo\u00e3o Pessoa), j\u00e1 abrigou uma escola. H\u00e1 duas d\u00e9cadas, pelo menos, est\u00e1 abandonado, porque seu propriet\u00e1rio, o governo do Estado do Rio Grande do Sul, n\u00e3o consegue achar um destino para ele. Planos n\u00e3o faltaram. O governador Ol\u00edvio\u2026","rel":"","context":"Em &quot;X.Categorias velhas&quot;","block_context":{"text":"X.Categorias velhas","link":"https:\/\/www.jornalja.com.br\/arquivo\/category\/x-categorias-velhas\/"},"img":{"alt_text":"geraldo1","src":"https:\/\/i0.wp.com\/www.jornalja.com.br\/wp-content\/uploads\/2009\/07\/geraldo1.jpg?resize=350%2C200&ssl=1","width":350,"height":200},"classes":[]},{"id":14241,"url":"https:\/\/www.jornalja.com.br\/arquivo\/o-guaiba-nas-imagens-poeticas-de-achutti\/","url_meta":{"origin":40419,"position":4},"title":"O Gua\u00edba nas imagens po\u00e9ticas de Achutti","author":"da Reda\u00e7\u00e3o","date":"18 de junho de 2014","format":false,"excerpt":"Em \u201cO Gua\u00edba por Achutti\u201d \u2013 obra financiada via Minist\u00e9rio da Cultura, produ\u00e7\u00e3o executiva de Pedro Longhi, e Fl\u00e1vio Wild como designer \u2013, o fot\u00f3grafo revela a beleza e as mazelas de um espa\u00e7o aqu\u00e1tico de \u00e1guas sempre renovadas, cheio de hist\u00f3rias e lendas como as das cidades que foram\u2026","rel":"","context":"Em &quot;Cultura-Geral&quot;","block_context":{"text":"Cultura-Geral","link":"https:\/\/www.jornalja.com.br\/arquivo\/category\/materiasecundaria\/"},"img":{"alt_text":"","src":"","width":0,"height":0},"classes":[]},{"id":13239,"url":"https:\/\/www.jornalja.com.br\/arquivo\/conselho-desdenha-do-plano-diretor\/","url_meta":{"origin":40419,"position":5},"title":"Porto Alegre: Conselho detona Plano Diretor","author":"Patr\u00edcia Marini","date":"25 de maio de 2014","format":false,"excerpt":"Den\u00fancia do arquiteto e \u00a0urbanista Ibir\u00e1 Santos Lucas. Ele diz que os conselheiros est\u00e3o votando com \"enorme irresponsabilidade\". \"Mudam regime com a maior naturalidade,,,regularizam absurdos de constru\u00e7\u00f5es irregulares... \"O CMDUA est\u00e1 flexibilizando a lei do plano diretor, de uma forma impactante na vida da cidade. Mudam regime com a maior\u2026","rel":"","context":"Em &quot;Geral&quot;","block_context":{"text":"Geral","link":"https:\/\/www.jornalja.com.br\/arquivo\/category\/geral\/"},"img":{"alt_text":"","src":"","width":0,"height":0},"classes":[]}],"jetpack_shortlink":"https:\/\/wp.me\/pbQjBd-avV","jetpack_featured_media_url":"","_links":{"self":[{"href":"https:\/\/www.jornalja.com.br\/arquivo\/wp-json\/wp\/v2\/posts\/40419","targetHints":{"allow":["GET"]}}],"collection":[{"href":"https:\/\/www.jornalja.com.br\/arquivo\/wp-json\/wp\/v2\/posts"}],"about":[{"href":"https:\/\/www.jornalja.com.br\/arquivo\/wp-json\/wp\/v2\/types\/post"}],"author":[{"embeddable":true,"href":"https:\/\/www.jornalja.com.br\/arquivo\/wp-json\/wp\/v2\/users\/4"}],"replies":[{"embeddable":true,"href":"https:\/\/www.jornalja.com.br\/arquivo\/wp-json\/wp\/v2\/comments?post=40419"}],"version-history":[{"count":0,"href":"https:\/\/www.jornalja.com.br\/arquivo\/wp-json\/wp\/v2\/posts\/40419\/revisions"}],"wp:attachment":[{"href":"https:\/\/www.jornalja.com.br\/arquivo\/wp-json\/wp\/v2\/media?parent=40419"}],"wp:term":[{"taxonomy":"category","embeddable":true,"href":"https:\/\/www.jornalja.com.br\/arquivo\/wp-json\/wp\/v2\/categories?post=40419"},{"taxonomy":"post_tag","embeddable":true,"href":"https:\/\/www.jornalja.com.br\/arquivo\/wp-json\/wp\/v2\/tags?post=40419"}],"curies":[{"name":"wp","href":"https:\/\/api.w.org\/{rel}","templated":true}]}}