{"id":40452,"date":"2016-10-14T20:54:47","date_gmt":"2016-10-14T23:54:47","guid":{"rendered":"https:\/\/www.jornalja.com.br\/?p=40452"},"modified":"2016-10-14T20:54:47","modified_gmt":"2016-10-14T23:54:47","slug":"ospa-para-criancas-serie-concertos-didaticos-2016-comeca-sabado","status":"publish","type":"post","link":"https:\/\/www.jornalja.com.br\/arquivo\/ospa-para-criancas-serie-concertos-didaticos-2016-comeca-sabado\/","title":{"rendered":"Ospa para crian\u00e7as: S\u00e9rie Concertos Did\u00e1ticos 2016 come\u00e7a s\u00e1bado"},"content":{"rendered":"<div><\/div>\n<div><i>Neste ano, a j\u00e1 tradicional sequ\u00eancia de apresenta\u00e7\u00f5es da Ospa para escolas ser\u00e1 nas manh\u00e3s de 15, 17, 18 e 25 de outubro (s\u00e1bado, segunda e ter\u00e7as-feiras). As crian\u00e7as, orientadas pelo maestro Evandro Matt\u00e9, apreciar\u00e3o trilhas de anima\u00e7\u00f5es e repert\u00f3rio tradicional. O primeiro concerto da s\u00e9rie ser\u00e1 aberto ao p\u00fablico.<\/i><\/div>\n<p><i><\/i><br \/>\nQue instrumentos formam a orquestra? O que faz um maestro? Como se dividem os naipes? Estas e outras perguntas ser\u00e3o respondidas de forma divertida e interativa pela <b>Orquestra Sinf\u00f4nica de Porto Alegre<\/b> na <b>S\u00e9rie Concertos Did\u00e1ticos 2016<\/b>. Criada para\u00a0aproximar o p\u00fablico infantil da m\u00fasica orquestral, a s\u00e9rie este ano ter\u00e1\u00a0seis apresenta\u00e7\u00f5es, alternando obras sinf\u00f4nicas com uma conversa com o\u00a0regente.<br \/>\nConduzidas pelo maestro <b>Evandro Matt\u00e9<\/b>, diretor art\u00edstico da Ospa, as exibi\u00e7\u00f5es s\u00e3o destinadas a turmas de escolas previamente inscritas (segunda a quarta s\u00e9rie do ensino fundamental). Um total de 46 escolas se inscreveu para esta edi\u00e7\u00e3o, sendo 43 delas da rede p\u00fablica. Os concertos ocorrem nas manh\u00e3s de <b>15, 17, 18 de outubro (s\u00e1bado, segunda e ter\u00e7a-feira)<\/b>, no<b> Teatro Dante Barone da Assembleia Legislativa<\/b>, e de\u00a0<b>25 de outubro (ter\u00e7a-feira)<\/b>, no <b>Theatro S\u00e3o Pedro<\/b>.<br \/>\n<u>A inaugura\u00e7\u00e3o da S\u00e9rie 2016, dia <b>15 de outubro<\/b>, agendada para <b>10h30<\/b>, na Assembleia, ser\u00e1 aberta ao p\u00fablico \u2013 um \u00f3timo programa gratuito para as fam\u00edlias. O repert\u00f3rio destaca pe\u00e7as conhecidas do p\u00fablico infantil, como os temas dos filmes \u201cHarry Potter\u201d, \u201cO Rei Le\u00e3o\u201d, \u201cPiratas do Caribe\u201d e \u201cA Bela Adormecida\u201d, al\u00e9m de can\u00e7\u00f5es de roda e pe\u00e7as mais tradicionais da m\u00fasica de concerto.<\/u><br \/>\nA apresenta\u00e7\u00e3o ser\u00e1 do carism\u00e1tico \u201cCachorro Abelardo\u201d, personagem interpretado por <b>M\u00e1rio de Ballentti<\/b>, ator e manipulador de bonecos que atuou junto \u00e0 TV Colosso, da Rede Globo, e que fundou da Cia. Caixa do Elefante. No elenco de participa\u00e7\u00f5es especiais est\u00e1 tamb\u00e9m o jovem contrabaixista <b>Weslei F\u00e9lix Ajarda<\/b>, estudante da Escola de M\u00fasica da Ospa que venceu os \u00faltimos dois concursos internos do conservat\u00f3rio, e a cantora mirim <b>Maria Carolina Nogarett<\/b>, integrante do Musical Anchieta e do Coro Jovem da Escola da Ospa.<br \/>\nA inten\u00e7\u00e3o dos Concertos Did\u00e1ticos \u00e9 complementar a educa\u00e7\u00e3o musical dos alunos, contribuindo tamb\u00e9m para a forma\u00e7\u00e3o de novas plateias para a m\u00fasica de concerto. A programa\u00e7\u00e3o \u00e9 desenvolvida especialmente para os estudantes.<\/p>\n<div><\/div>\n<div>Nos dias 17 e 18 de outubro (Teatro Dante Barone), os concertos acontecem \u00e0s <b>9h<\/b> e \u00e0s <b>10h30<\/b>. No dia 25 de outubro (Theatro S\u00e3o Pedro), o concerto acontece \u00e0s <b>10h30<\/b>. Mais informa\u00e7\u00f5es pelo telefone<b> (51) 32227387<\/b> ou pelo site <b><a href=\"http:\/\/www.ospa.org.br\/\" target=\"_blank\" data-saferedirecturl=\"http:\/\/www.google.com\/url?hl=pt-BR&amp;q=http:\/\/www.ospa.org.br&amp;source=gmail&amp;ust=1476573206720000&amp;usg=AFQjCNGBnzpV_JL4HsItiIhVpBPbASol7g\" rel=\"noopener noreferrer\">www.ospa.org.br<\/a><\/b>.<\/p>\n<div><b><u><i>Concerto aberto ao p\u00fablico:<\/i><\/u><\/b><\/div>\n<div><b><u><i>\u00a0<\/i><\/u><\/b><\/div>\n<div>Quando: 15 de outubro, s\u00e1bado, \u00e0s 10h30<\/div>\n<div>Onde: Teatro Dante Barone (Assembleia Legislativa &#8211; Pra\u00e7a Marechal Deodoro, 101)<\/div>\n<div>ENTRADA FRANCA<\/div>\n<div><\/div>\n<div><\/div>\n<div><b><i><u>Concertos para as escolas previamente inscritas:<\/u><\/i><\/b><\/div>\n<div><\/div>\n<div>Quando: 17 e 18 de outubro, segunda e ter\u00e7a-feira, \u00e0s 9h e \u00e0s 10h30<\/div>\n<div>Onde: Teatro Dante Barone (Assembleia Legislativa &#8211; Pra\u00e7a Marechal Deodoro, 101)<\/div>\n<div><\/div>\n<div>Quando: 25 de outubro, ter\u00e7a-feira, \u00e0s 10h30<\/div>\n<div>Onde: Theatro S\u00e3o Pedro (Pra\u00e7a Mal. Deodoro, s\/n\u00ba)<\/div>\n<div><\/div>\n<div><b>PROGRAMA<\/b><\/div>\n<div>John Williams: Harry Potter<\/div>\n<div>G.Weiss\/H. Pereti\/L. Creatore: O Rei Le\u00e3o | The Lion Sleeps Tonight (Arranjo: Silvane Guerra)<\/div>\n<div>Can\u00e7\u00f5es de Roda (Arranjo: Alexandre Ostrovski Jr.)<\/div>\n<div>Classical Medley (Arranjo: Jeon Huen)<\/div>\n<div>Alan Abel: Tom Tom Foolery<\/div>\n<div>Domenico Dragonetti: Concerto para Contrabaixo e Orquestra (Allegro Moderato) | Solista: Weslei Felix Ajarda<\/div>\n<div>Sammy Fain e Jack Lawrence: A Bela Adormecida | Once Upon a Dream (Arranjo: Silvane Guerra) |Solista: Maria Carolina Nogarett<\/div>\n<div>Klaus Badelt: Piratas do Caribe<\/div>\n<div><\/div>\n<div>Reg\u00eancia: <b>Evandro Matt\u00e9<\/b><\/div>\n<div>Solistas: <b>Weslei Felix Ajarda (contrabaixo) e Maria Carolina Nogarett (voz)<\/b><\/div>\n<div>Participa\u00e7\u00e3o: <b>M\u00e1rio de Ballentti (Cachorro Abelardo)<\/b><\/div>\n<\/div>\n","protected":false},"excerpt":{"rendered":"<p>Neste ano, a j\u00e1 tradicional sequ\u00eancia de apresenta\u00e7\u00f5es da Ospa para escolas ser\u00e1 nas manh\u00e3s de 15, 17, 18 e 25 de outubro (s\u00e1bado, segunda e ter\u00e7as-feiras). As crian\u00e7as, orientadas pelo maestro Evandro Matt\u00e9, apreciar\u00e3o trilhas de anima\u00e7\u00f5es e repert\u00f3rio tradicional. O primeiro concerto da s\u00e9rie ser\u00e1 aberto ao p\u00fablico. Que instrumentos formam a orquestra? [&hellip;]<\/p>\n","protected":false},"author":4,"featured_media":40453,"comment_status":"open","ping_status":"closed","sticky":false,"template":"","format":"standard","meta":{"_jetpack_newsletter_access":"","_jetpack_dont_email_post_to_subs":false,"_jetpack_newsletter_tier_id":0,"_jetpack_memberships_contains_paywalled_content":false,"_jetpack_feature_clip_id":0,"_jetpack_memberships_contains_paid_content":false,"footnotes":"","jetpack_post_was_ever_published":false},"categories":[11],"tags":[],"class_list":["post-40452","post","type-post","status-publish","format-standard","has-post-thumbnail","hentry","category-materiasecundaria"],"aioseo_notices":[],"aioseo_head":"\n\t\t<!-- All in One SEO 5.0.1.1 - aioseo.com -->\n\t<meta name=\"robots\" content=\"max-image-preview:large\" \/>\n\t<meta name=\"author\" content=\"da Reda\u00e7\u00e3o\"\/>\n\t<link rel=\"canonical\" href=\"https:\/\/www.jornalja.com.br\/arquivo\/ospa-para-criancas-serie-concertos-didaticos-2016-comeca-sabado\/\" \/>\n\t<meta name=\"generator\" content=\"All in One SEO (AIOSEO) 5.0.1.1\" \/>\n\t\t<meta property=\"og:locale\" content=\"pt_BR\" \/>\n\t\t<meta property=\"og:site_name\" content=\"Arquivo | Jornal J\u00c1 | Porto Alegre\" \/>\n\t\t<meta property=\"og:type\" content=\"article\" \/>\n\t\t<meta property=\"og:title\" content=\"Ospa para crian\u00e7as: S\u00e9rie Concertos Did\u00e1ticos 2016 come\u00e7a s\u00e1bado | Arquivo\" \/>\n\t\t<meta property=\"og:url\" content=\"https:\/\/www.jornalja.com.br\/arquivo\/ospa-para-criancas-serie-concertos-didaticos-2016-comeca-sabado\/\" \/>\n\t\t<meta property=\"og:image\" content=\"https:\/\/www.jornalja.com.br\/economics\/wp-content\/uploads\/sites\/11\/2026\/08\/ja-folhaderosto-facebook.jpg\" \/>\n\t\t<meta property=\"og:image:secure_url\" content=\"https:\/\/www.jornalja.com.br\/economics\/wp-content\/uploads\/sites\/11\/2026\/08\/ja-folhaderosto-facebook.jpg\" \/>\n\t\t<meta property=\"article:published_time\" content=\"2016-10-14T23:54:47+00:00\" \/>\n\t\t<meta property=\"article:modified_time\" content=\"2016-10-14T23:54:47+00:00\" \/>\n\t\t<meta name=\"twitter:card\" content=\"summary\" \/>\n\t\t<meta name=\"twitter:title\" content=\"Ospa para crian\u00e7as: S\u00e9rie Concertos Did\u00e1ticos 2016 come\u00e7a s\u00e1bado | Arquivo\" \/>\n\t\t<meta name=\"twitter:image\" content=\"https:\/\/www.jornalja.com.br\/economics\/wp-content\/uploads\/sites\/11\/2026\/08\/ja-folhaderosto-facebook.jpg\" \/>\n\t\t<script type=\"application\/ld+json\" class=\"aioseo-schema\">\n\t\t\t{\"@context\":\"https:\\\/\\\/schema.org\",\"@graph\":[{\"@type\":\"BlogPosting\",\"@id\":\"https:\\\/\\\/www.jornalja.com.br\\\/arquivo\\\/ospa-para-criancas-serie-concertos-didaticos-2016-comeca-sabado\\\/#blogposting\",\"name\":\"Ospa para crian\\u00e7as: S\\u00e9rie Concertos Did\\u00e1ticos 2016 come\\u00e7a s\\u00e1bado | Arquivo\",\"headline\":\"Ospa para crian\\u00e7as: S\\u00e9rie Concertos Did\\u00e1ticos 2016 come\\u00e7a s\\u00e1bado\",\"author\":{\"@id\":\"https:\\\/\\\/www.jornalja.com.br\\\/arquivo\\\/author\\\/daredacao\\\/#author\"},\"publisher\":{\"@id\":\"https:\\\/\\\/www.jornalja.com.br\\\/arquivo\\\/#organization\"},\"image\":{\"@type\":\"ImageObject\",\"url\":40453},\"datePublished\":\"2016-10-14T20:54:47-03:00\",\"dateModified\":\"2016-10-14T20:54:47-03:00\",\"inLanguage\":\"pt-BR\",\"mainEntityOfPage\":{\"@id\":\"https:\\\/\\\/www.jornalja.com.br\\\/arquivo\\\/ospa-para-criancas-serie-concertos-didaticos-2016-comeca-sabado\\\/#webpage\"},\"isPartOf\":{\"@id\":\"https:\\\/\\\/www.jornalja.com.br\\\/arquivo\\\/ospa-para-criancas-serie-concertos-didaticos-2016-comeca-sabado\\\/#webpage\"},\"articleSection\":\"Cultura-Geral\"},{\"@type\":\"BreadcrumbList\",\"@id\":\"https:\\\/\\\/www.jornalja.com.br\\\/arquivo\\\/ospa-para-criancas-serie-concertos-didaticos-2016-comeca-sabado\\\/#breadcrumblist\",\"itemListElement\":[{\"@type\":\"ListItem\",\"@id\":\"https:\\\/\\\/www.jornalja.com.br\\\/arquivo#listItem\",\"position\":1,\"name\":\"Home\",\"item\":\"https:\\\/\\\/www.jornalja.com.br\\\/arquivo\",\"nextItem\":{\"@type\":\"ListItem\",\"@id\":\"https:\\\/\\\/www.jornalja.com.br\\\/arquivo\\\/category\\\/materiasecundaria\\\/#listItem\",\"name\":\"Cultura-Geral\"}},{\"@type\":\"ListItem\",\"@id\":\"https:\\\/\\\/www.jornalja.com.br\\\/arquivo\\\/category\\\/materiasecundaria\\\/#listItem\",\"position\":2,\"name\":\"Cultura-Geral\",\"item\":\"https:\\\/\\\/www.jornalja.com.br\\\/arquivo\\\/category\\\/materiasecundaria\\\/\",\"nextItem\":{\"@type\":\"ListItem\",\"@id\":\"https:\\\/\\\/www.jornalja.com.br\\\/arquivo\\\/ospa-para-criancas-serie-concertos-didaticos-2016-comeca-sabado\\\/#listItem\",\"name\":\"Ospa para crian\\u00e7as: S\\u00e9rie Concertos Did\\u00e1ticos 2016 come\\u00e7a s\\u00e1bado\"},\"previousItem\":{\"@type\":\"ListItem\",\"@id\":\"https:\\\/\\\/www.jornalja.com.br\\\/arquivo#listItem\",\"name\":\"Home\"}},{\"@type\":\"ListItem\",\"@id\":\"https:\\\/\\\/www.jornalja.com.br\\\/arquivo\\\/ospa-para-criancas-serie-concertos-didaticos-2016-comeca-sabado\\\/#listItem\",\"position\":3,\"name\":\"Ospa para crian\\u00e7as: S\\u00e9rie Concertos Did\\u00e1ticos 2016 come\\u00e7a s\\u00e1bado\",\"previousItem\":{\"@type\":\"ListItem\",\"@id\":\"https:\\\/\\\/www.jornalja.com.br\\\/arquivo\\\/category\\\/materiasecundaria\\\/#listItem\",\"name\":\"Cultura-Geral\"}}]},{\"@type\":\"Organization\",\"@id\":\"https:\\\/\\\/www.jornalja.com.br\\\/arquivo\\\/#organization\",\"name\":\"Jornal J\\u00c1\",\"description\":\"Jornal J\\u00c1 | Porto Alegre\",\"url\":\"https:\\\/\\\/www.jornalja.com.br\\\/arquivo\\\/\",\"telephone\":\"+555133307272\",\"logo\":{\"@type\":\"ImageObject\",\"url\":\"https:\\\/\\\/www.jornalja.com.br\\\/wp-content\\\/uploads\\\/cards\\\/JAslogan.png\",\"@id\":\"https:\\\/\\\/www.jornalja.com.br\\\/arquivo\\\/ospa-para-criancas-serie-concertos-didaticos-2016-comeca-sabado\\\/#organizationLogo\"},\"image\":{\"@id\":\"https:\\\/\\\/www.jornalja.com.br\\\/arquivo\\\/ospa-para-criancas-serie-concertos-didaticos-2016-comeca-sabado\\\/#organizationLogo\"}},{\"@type\":\"Person\",\"@id\":\"https:\\\/\\\/www.jornalja.com.br\\\/arquivo\\\/author\\\/daredacao\\\/#author\",\"url\":\"https:\\\/\\\/www.jornalja.com.br\\\/arquivo\\\/author\\\/daredacao\\\/\",\"name\":\"da Reda\\u00e7\\u00e3o\",\"image\":{\"@type\":\"ImageObject\",\"@id\":\"https:\\\/\\\/www.jornalja.com.br\\\/arquivo\\\/ospa-para-criancas-serie-concertos-didaticos-2016-comeca-sabado\\\/#authorImage\",\"url\":\"https:\\\/\\\/secure.gravatar.com\\\/avatar\\\/469fd857d6605ad19919d27ed29d35a968a25f6e8fd9318356bbb7f57aae9c65?s=96&d=mm&r=g\",\"width\":96,\"height\":96,\"caption\":\"da Reda\\u00e7\\u00e3o\"}},{\"@type\":\"WebPage\",\"@id\":\"https:\\\/\\\/www.jornalja.com.br\\\/arquivo\\\/ospa-para-criancas-serie-concertos-didaticos-2016-comeca-sabado\\\/#webpage\",\"url\":\"https:\\\/\\\/www.jornalja.com.br\\\/arquivo\\\/ospa-para-criancas-serie-concertos-didaticos-2016-comeca-sabado\\\/\",\"name\":\"Ospa para crian\\u00e7as: S\\u00e9rie Concertos Did\\u00e1ticos 2016 come\\u00e7a s\\u00e1bado | Arquivo\",\"inLanguage\":\"pt-BR\",\"isPartOf\":{\"@id\":\"https:\\\/\\\/www.jornalja.com.br\\\/arquivo\\\/#website\"},\"breadcrumb\":{\"@id\":\"https:\\\/\\\/www.jornalja.com.br\\\/arquivo\\\/ospa-para-criancas-serie-concertos-didaticos-2016-comeca-sabado\\\/#breadcrumblist\"},\"author\":{\"@id\":\"https:\\\/\\\/www.jornalja.com.br\\\/arquivo\\\/author\\\/daredacao\\\/#author\"},\"creator\":{\"@id\":\"https:\\\/\\\/www.jornalja.com.br\\\/arquivo\\\/author\\\/daredacao\\\/#author\"},\"image\":{\"@type\":\"ImageObject\",\"url\":40453,\"@id\":\"https:\\\/\\\/www.jornalja.com.br\\\/arquivo\\\/ospa-para-criancas-serie-concertos-didaticos-2016-comeca-sabado\\\/#mainImage\"},\"primaryImageOfPage\":{\"@id\":\"https:\\\/\\\/www.jornalja.com.br\\\/arquivo\\\/ospa-para-criancas-serie-concertos-didaticos-2016-comeca-sabado\\\/#mainImage\"},\"datePublished\":\"2016-10-14T20:54:47-03:00\",\"dateModified\":\"2016-10-14T20:54:47-03:00\"},{\"@type\":\"WebSite\",\"@id\":\"https:\\\/\\\/www.jornalja.com.br\\\/arquivo\\\/#website\",\"url\":\"https:\\\/\\\/www.jornalja.com.br\\\/arquivo\\\/\",\"name\":\"Arquivo\",\"description\":\"Jornal J\\u00c1 | Porto Alegre\",\"inLanguage\":\"pt-BR\",\"publisher\":{\"@id\":\"https:\\\/\\\/www.jornalja.com.br\\\/arquivo\\\/#organization\"}}]}\n\t\t<\/script>\n\t\t<!-- All in One SEO -->\n\n","aioseo_head_json":{"title":"Ospa para crian\u00e7as: S\u00e9rie Concertos Did\u00e1ticos 2016 come\u00e7a s\u00e1bado | Arquivo","description":"","canonical_url":"https:\/\/www.jornalja.com.br\/arquivo\/ospa-para-criancas-serie-concertos-didaticos-2016-comeca-sabado\/","robots":"max-image-preview:large","keywords":"","webmasterTools":{"miscellaneous":""},"schema":{"@context":"https:\/\/schema.org","@graph":[{"@type":"BlogPosting","@id":"https:\/\/www.jornalja.com.br\/arquivo\/ospa-para-criancas-serie-concertos-didaticos-2016-comeca-sabado\/#blogposting","name":"Ospa para crian\u00e7as: S\u00e9rie Concertos Did\u00e1ticos 2016 come\u00e7a s\u00e1bado | Arquivo","headline":"Ospa para crian\u00e7as: S\u00e9rie Concertos Did\u00e1ticos 2016 come\u00e7a s\u00e1bado","author":{"@id":"https:\/\/www.jornalja.com.br\/arquivo\/author\/daredacao\/#author"},"publisher":{"@id":"https:\/\/www.jornalja.com.br\/arquivo\/#organization"},"image":{"@type":"ImageObject","url":40453},"datePublished":"2016-10-14T20:54:47-03:00","dateModified":"2016-10-14T20:54:47-03:00","inLanguage":"pt-BR","mainEntityOfPage":{"@id":"https:\/\/www.jornalja.com.br\/arquivo\/ospa-para-criancas-serie-concertos-didaticos-2016-comeca-sabado\/#webpage"},"isPartOf":{"@id":"https:\/\/www.jornalja.com.br\/arquivo\/ospa-para-criancas-serie-concertos-didaticos-2016-comeca-sabado\/#webpage"},"articleSection":"Cultura-Geral"},{"@type":"BreadcrumbList","@id":"https:\/\/www.jornalja.com.br\/arquivo\/ospa-para-criancas-serie-concertos-didaticos-2016-comeca-sabado\/#breadcrumblist","itemListElement":[{"@type":"ListItem","@id":"https:\/\/www.jornalja.com.br\/arquivo#listItem","position":1,"name":"Home","item":"https:\/\/www.jornalja.com.br\/arquivo","nextItem":{"@type":"ListItem","@id":"https:\/\/www.jornalja.com.br\/arquivo\/category\/materiasecundaria\/#listItem","name":"Cultura-Geral"}},{"@type":"ListItem","@id":"https:\/\/www.jornalja.com.br\/arquivo\/category\/materiasecundaria\/#listItem","position":2,"name":"Cultura-Geral","item":"https:\/\/www.jornalja.com.br\/arquivo\/category\/materiasecundaria\/","nextItem":{"@type":"ListItem","@id":"https:\/\/www.jornalja.com.br\/arquivo\/ospa-para-criancas-serie-concertos-didaticos-2016-comeca-sabado\/#listItem","name":"Ospa para crian\u00e7as: S\u00e9rie Concertos Did\u00e1ticos 2016 come\u00e7a s\u00e1bado"},"previousItem":{"@type":"ListItem","@id":"https:\/\/www.jornalja.com.br\/arquivo#listItem","name":"Home"}},{"@type":"ListItem","@id":"https:\/\/www.jornalja.com.br\/arquivo\/ospa-para-criancas-serie-concertos-didaticos-2016-comeca-sabado\/#listItem","position":3,"name":"Ospa para crian\u00e7as: S\u00e9rie Concertos Did\u00e1ticos 2016 come\u00e7a s\u00e1bado","previousItem":{"@type":"ListItem","@id":"https:\/\/www.jornalja.com.br\/arquivo\/category\/materiasecundaria\/#listItem","name":"Cultura-Geral"}}]},{"@type":"Organization","@id":"https:\/\/www.jornalja.com.br\/arquivo\/#organization","name":"Jornal J\u00c1","description":"Jornal J\u00c1 | Porto Alegre","url":"https:\/\/www.jornalja.com.br\/arquivo\/","telephone":"+555133307272","logo":{"@type":"ImageObject","url":"https:\/\/www.jornalja.com.br\/wp-content\/uploads\/cards\/JAslogan.png","@id":"https:\/\/www.jornalja.com.br\/arquivo\/ospa-para-criancas-serie-concertos-didaticos-2016-comeca-sabado\/#organizationLogo"},"image":{"@id":"https:\/\/www.jornalja.com.br\/arquivo\/ospa-para-criancas-serie-concertos-didaticos-2016-comeca-sabado\/#organizationLogo"}},{"@type":"Person","@id":"https:\/\/www.jornalja.com.br\/arquivo\/author\/daredacao\/#author","url":"https:\/\/www.jornalja.com.br\/arquivo\/author\/daredacao\/","name":"da Reda\u00e7\u00e3o","image":{"@type":"ImageObject","@id":"https:\/\/www.jornalja.com.br\/arquivo\/ospa-para-criancas-serie-concertos-didaticos-2016-comeca-sabado\/#authorImage","url":"https:\/\/secure.gravatar.com\/avatar\/469fd857d6605ad19919d27ed29d35a968a25f6e8fd9318356bbb7f57aae9c65?s=96&d=mm&r=g","width":96,"height":96,"caption":"da Reda\u00e7\u00e3o"}},{"@type":"WebPage","@id":"https:\/\/www.jornalja.com.br\/arquivo\/ospa-para-criancas-serie-concertos-didaticos-2016-comeca-sabado\/#webpage","url":"https:\/\/www.jornalja.com.br\/arquivo\/ospa-para-criancas-serie-concertos-didaticos-2016-comeca-sabado\/","name":"Ospa para crian\u00e7as: S\u00e9rie Concertos Did\u00e1ticos 2016 come\u00e7a s\u00e1bado | Arquivo","inLanguage":"pt-BR","isPartOf":{"@id":"https:\/\/www.jornalja.com.br\/arquivo\/#website"},"breadcrumb":{"@id":"https:\/\/www.jornalja.com.br\/arquivo\/ospa-para-criancas-serie-concertos-didaticos-2016-comeca-sabado\/#breadcrumblist"},"author":{"@id":"https:\/\/www.jornalja.com.br\/arquivo\/author\/daredacao\/#author"},"creator":{"@id":"https:\/\/www.jornalja.com.br\/arquivo\/author\/daredacao\/#author"},"image":{"@type":"ImageObject","url":40453,"@id":"https:\/\/www.jornalja.com.br\/arquivo\/ospa-para-criancas-serie-concertos-didaticos-2016-comeca-sabado\/#mainImage"},"primaryImageOfPage":{"@id":"https:\/\/www.jornalja.com.br\/arquivo\/ospa-para-criancas-serie-concertos-didaticos-2016-comeca-sabado\/#mainImage"},"datePublished":"2016-10-14T20:54:47-03:00","dateModified":"2016-10-14T20:54:47-03:00"},{"@type":"WebSite","@id":"https:\/\/www.jornalja.com.br\/arquivo\/#website","url":"https:\/\/www.jornalja.com.br\/arquivo\/","name":"Arquivo","description":"Jornal J\u00c1 | Porto Alegre","inLanguage":"pt-BR","publisher":{"@id":"https:\/\/www.jornalja.com.br\/arquivo\/#organization"}}]},"og:locale":"pt_BR","og:site_name":"Arquivo | Jornal J\u00c1 | Porto Alegre","og:type":"article","og:title":"Ospa para crian\u00e7as: S\u00e9rie Concertos Did\u00e1ticos 2016 come\u00e7a s\u00e1bado | Arquivo","og:url":"https:\/\/www.jornalja.com.br\/arquivo\/ospa-para-criancas-serie-concertos-didaticos-2016-comeca-sabado\/","og:image":"https:\/\/www.jornalja.com.br\/economics\/wp-content\/uploads\/sites\/11\/2026\/08\/ja-folhaderosto-facebook.jpg","og:image:secure_url":"https:\/\/www.jornalja.com.br\/economics\/wp-content\/uploads\/sites\/11\/2026\/08\/ja-folhaderosto-facebook.jpg","article:published_time":"2016-10-14T23:54:47+00:00","article:modified_time":"2016-10-14T23:54:47+00:00","twitter:card":"summary","twitter:title":"Ospa para crian\u00e7as: S\u00e9rie Concertos Did\u00e1ticos 2016 come\u00e7a s\u00e1bado | Arquivo","twitter:image":"https:\/\/www.jornalja.com.br\/economics\/wp-content\/uploads\/sites\/11\/2026\/08\/ja-folhaderosto-facebook.jpg"},"aioseo_meta_data":{"post_id":"40452","title":null,"description":null,"keywords":null,"keyphrases":null,"primary_term":null,"canonical_url":null,"og_title":null,"og_description":null,"og_object_type":"default","og_image_type":"default","og_image_url":null,"og_image_width":null,"og_image_height":null,"og_image_custom_url":null,"og_image_custom_fields":null,"og_video":null,"og_custom_url":null,"og_article_section":null,"og_article_tags":null,"twitter_use_og":false,"twitter_card":"default","twitter_image_type":"default","twitter_image_url":null,"twitter_image_custom_url":null,"twitter_image_custom_fields":null,"twitter_title":null,"twitter_description":null,"schema":{"blockGraphs":[],"customGraphs":[],"default":{"data":{"Article":[],"Course":[],"Dataset":[],"FAQPage":[],"Movie":[],"Person":[],"Product":[],"ProductReview":[],"Car":[],"Recipe":[],"Service":[],"SoftwareApplication":[],"WebPage":[]},"graphName":"","isEnabled":true},"graphs":[],"defaultGraph":"","defaultPostTypeGraph":""},"schema_type":null,"schema_type_options":null,"pillar_content":false,"robots_default":true,"robots_noindex":false,"robots_noarchive":false,"robots_nosnippet":false,"robots_nofollow":false,"robots_noimageindex":false,"robots_noodp":false,"robots_notranslate":false,"robots_max_snippet":null,"robots_max_videopreview":null,"robots_max_imagepreview":"large","priority":null,"frequency":null,"location":null,"local_seo":null,"breadcrumb_settings":null,"limit_modified_date":false,"ai":null,"created":"2020-12-20 20:49:37","updated":"2025-07-19 17:33:50","seo_analyzer_scan_date":null,"focus_keyword":null,"additional_keywords":null,"truseo_locale":null},"jetpack_sharing_enabled":true,"jetpack-related-posts":[{"id":14241,"url":"https:\/\/www.jornalja.com.br\/arquivo\/o-guaiba-nas-imagens-poeticas-de-achutti\/","url_meta":{"origin":40452,"position":0},"title":"O Gua\u00edba nas imagens po\u00e9ticas de Achutti","author":"da Reda\u00e7\u00e3o","date":"18 de junho de 2014","format":false,"excerpt":"Em \u201cO Gua\u00edba por Achutti\u201d \u2013 obra financiada via Minist\u00e9rio da Cultura, produ\u00e7\u00e3o executiva de Pedro Longhi, e Fl\u00e1vio Wild como designer \u2013, o fot\u00f3grafo revela a beleza e as mazelas de um espa\u00e7o aqu\u00e1tico de \u00e1guas sempre renovadas, cheio de hist\u00f3rias e lendas como as das cidades que foram\u2026","rel":"","context":"Em &quot;Cultura-Geral&quot;","block_context":{"text":"Cultura-Geral","link":"https:\/\/www.jornalja.com.br\/arquivo\/category\/materiasecundaria\/"},"img":{"alt_text":"","src":"","width":0,"height":0},"classes":[]},{"id":13239,"url":"https:\/\/www.jornalja.com.br\/arquivo\/conselho-desdenha-do-plano-diretor\/","url_meta":{"origin":40452,"position":1},"title":"Porto Alegre: Conselho detona Plano Diretor","author":"Patr\u00edcia Marini","date":"25 de maio de 2014","format":false,"excerpt":"Den\u00fancia do arquiteto e \u00a0urbanista Ibir\u00e1 Santos Lucas. Ele diz que os conselheiros est\u00e3o votando com \"enorme irresponsabilidade\". \"Mudam regime com a maior naturalidade,,,regularizam absurdos de constru\u00e7\u00f5es irregulares... \"O CMDUA est\u00e1 flexibilizando a lei do plano diretor, de uma forma impactante na vida da cidade. Mudam regime com a maior\u2026","rel":"","context":"Em &quot;Geral&quot;","block_context":{"text":"Geral","link":"https:\/\/www.jornalja.com.br\/arquivo\/category\/geral\/"},"img":{"alt_text":"","src":"","width":0,"height":0},"classes":[]},{"id":13240,"url":"https:\/\/www.jornalja.com.br\/arquivo\/plano-diretor-estamos-construindo-o-caos\/","url_meta":{"origin":40452,"position":2},"title":"Plano diretor: &quot;Estamos construindo o caos&quot;","author":"Patr\u00edcia Marini","date":"26 de maio de 2014","format":false,"excerpt":"Desabafo que arquiteta Eliana Castilhos, delegada da Regi\u00e3o de Planejamento 1, postou nas redes sociais \u00e9 um testemunho do ambiente que se criou no Conselho do Plano Diretor de Porto Alegre, onde a aprova\u00e7\u00e3o de grandes empreendimentos \u00e9 empurrada guela abaixo dos conselheiros. Ao CMDUA Como delegada da Regi\u00e3o de\u2026","rel":"","context":"Em &quot;Geral&quot;","block_context":{"text":"Geral","link":"https:\/\/www.jornalja.com.br\/arquivo\/category\/geral\/"},"img":{"alt_text":"","src":"","width":0,"height":0},"classes":[]},{"id":13128,"url":"https:\/\/www.jornalja.com.br\/arquivo\/maconha-terra-diz-que-uso-medicinal-e-desculpa\/","url_meta":{"origin":40452,"position":3},"title":"Maconha: Terra diz que uso medicinal \u00e9 desculpa","author":"Patr\u00edcia Marini","date":"4 de junho de 2014","format":false,"excerpt":"A condi\u00e7\u00e3o de pol\u00edtico, em \u00e9poca de campanha de campanha eleitoral, tira for\u00e7a do discurso do m\u00e9dico Osmar Terra contra a legaliza\u00e7\u00e3o da maconha. A tese dele de que a libera\u00e7\u00e3o vai ampliar exponencialmente o consumo \u00e9 discutivel, o consumo \u00e9 corrente. Mas seus alertas quanto aos riscos tem que\u2026","rel":"","context":"Em &quot;X.Categorias velhas&quot;","block_context":{"text":"X.Categorias velhas","link":"https:\/\/www.jornalja.com.br\/arquivo\/category\/x-categorias-velhas\/"},"img":{"alt_text":"","src":"","width":0,"height":0},"classes":[]},{"id":13109,"url":"https:\/\/www.jornalja.com.br\/arquivo\/judiciario-reconhece-poluicao-eletromagnetica\/","url_meta":{"origin":40452,"position":4},"title":"Judici\u00e1rio reconhece polui\u00e7\u00e3o eletromagn\u00e9tica","author":"Patr\u00edcia Marini","date":"16 de maio de 2014","format":false,"excerpt":"A\u00e7\u00e3o de duas associa\u00e7\u00f5es de moradores foi acolhida pelo Tribunal de Justi\u00e7a de S\u00e3o Paulo que. em decis\u00e3o in\u00e9dita, determinou a redu\u00e7\u00e3o do campo eletromagn\u00e9tico gerado pelas linhas de transmiss\u00e3o de energia que cortam os bairros City Boa\u00e7ava e Alto de Pinheiros. \u00c9 a primeira vez que um tribunal do\u2026","rel":"","context":"Em &quot;X.Categorias velhas&quot;","block_context":{"text":"X.Categorias velhas","link":"https:\/\/www.jornalja.com.br\/arquivo\/category\/x-categorias-velhas\/"},"img":{"alt_text":"","src":"","width":0,"height":0},"classes":[]},{"id":12960,"url":"https:\/\/www.jornalja.com.br\/arquivo\/populacao-culpa-empresas-pela-greve-dos-rodoviarios\/","url_meta":{"origin":40452,"position":5},"title":"Popula\u00e7\u00e3o culpa empresas pela greve","author":"Patr\u00edcia Marini","date":"14 de fevereiro de 2014","format":false,"excerpt":"Pesquisa divulgada na edi\u00e7\u00e3o do jornal Metro desta sexta-feira,14, comprova o velho ditado: \u00e9 poss\u00edvel enganar muitos por algum tempo, mas n\u00e3o \u00e9 poss\u00edvel enganar a todos o tempo inteiro. A principal revela\u00e7\u00e3o foi que 59,8% dos entrevistados apontaram as empresas como as principais respons\u00e1veis pela grave e 46% culparam\u2026","rel":"","context":"Em &quot;X.Categorias velhas&quot;","block_context":{"text":"X.Categorias velhas","link":"https:\/\/www.jornalja.com.br\/arquivo\/category\/x-categorias-velhas\/"},"img":{"alt_text":"","src":"","width":0,"height":0},"classes":[]}],"jetpack_shortlink":"https:\/\/wp.me\/pbQjBd-aws","jetpack_featured_media_url":"","_links":{"self":[{"href":"https:\/\/www.jornalja.com.br\/arquivo\/wp-json\/wp\/v2\/posts\/40452","targetHints":{"allow":["GET"]}}],"collection":[{"href":"https:\/\/www.jornalja.com.br\/arquivo\/wp-json\/wp\/v2\/posts"}],"about":[{"href":"https:\/\/www.jornalja.com.br\/arquivo\/wp-json\/wp\/v2\/types\/post"}],"author":[{"embeddable":true,"href":"https:\/\/www.jornalja.com.br\/arquivo\/wp-json\/wp\/v2\/users\/4"}],"replies":[{"embeddable":true,"href":"https:\/\/www.jornalja.com.br\/arquivo\/wp-json\/wp\/v2\/comments?post=40452"}],"version-history":[{"count":0,"href":"https:\/\/www.jornalja.com.br\/arquivo\/wp-json\/wp\/v2\/posts\/40452\/revisions"}],"wp:attachment":[{"href":"https:\/\/www.jornalja.com.br\/arquivo\/wp-json\/wp\/v2\/media?parent=40452"}],"wp:term":[{"taxonomy":"category","embeddable":true,"href":"https:\/\/www.jornalja.com.br\/arquivo\/wp-json\/wp\/v2\/categories?post=40452"},{"taxonomy":"post_tag","embeddable":true,"href":"https:\/\/www.jornalja.com.br\/arquivo\/wp-json\/wp\/v2\/tags?post=40452"}],"curies":[{"name":"wp","href":"https:\/\/api.w.org\/{rel}","templated":true}]}}