{"id":40481,"date":"2016-10-17T09:11:45","date_gmt":"2016-10-17T12:11:45","guid":{"rendered":"https:\/\/www.jornalja.com.br\/?p=40481"},"modified":"2016-10-17T09:11:45","modified_gmt":"2016-10-17T12:11:45","slug":"corpo-humano-leva-14-dias-para-se-acostumar-com-horario-de-verao","status":"publish","type":"post","link":"https:\/\/www.jornalja.com.br\/arquivo\/corpo-humano-leva-14-dias-para-se-acostumar-com-horario-de-verao\/","title":{"rendered":"Corpo humano leva 14 dias para se acostumar com hor\u00e1rio de ver\u00e3o"},"content":{"rendered":"<p>O\u00a0corpo humano precisa de ao menos 14 dias para se adaptar totalmente ao hor\u00e1rio de ver\u00e3o. Enquanto essa adequa\u00e7\u00e3o n\u00e3o ocorre, s\u00e3o comuns problemas como falta de aten\u00e7\u00e3o, de mem\u00f3ria e sono fragmentado.<br \/>\nO hor\u00e1rio de ver\u00e3o 2016 come\u00e7a no Brasil neste dia 16 outubro, e vai at\u00e9 o dia 19 de fevereiro de 2017. Nesse per\u00edodo, o rel\u00f3gio \u00e9 adiantado em uma hora.<br \/>\nEle vai vigorar no Distrito Federal e nos Estados de Goi\u00e1s, Mato Grosso, Mato Grosso do Sul, Minas Gerais, Paran\u00e1, Rio de Janeiro, Rio Grande do Sul, Santa Catarina, S\u00e3o Paulo e Esp\u00edrito Santo<br \/>\nO objetivo \u00e9 economizar energia el\u00e9trica e gerar um ganho de R$ 147,5 milh\u00f5es, de acordo com estimativa do Operador Nacional do Sistema El\u00e9trico, o \u00f3rg\u00e3o governamental que controla o setor.<br \/>\nA medida \u00e9 comum em muitos pa\u00edses.<br \/>\nAs primeiras ideias sobre o tema surgiram no fim do s\u00e9culo 18 e um de seus maiores defensores foi o patriarca americano Benjamin Franklin. Ele dizia que a mudan\u00e7a no hor\u00e1rio era necess\u00e1ria para gerar &#8220;economia tanto em velas como em querosene&#8221;, segundo o pesquisador Guilherme Silva Umemura.<br \/>\nDe acordo com ele, o hor\u00e1rio de ver\u00e3o come\u00e7ou a ser adotado na d\u00e9cada de 1930 no Brasil. Mas as discuss\u00f5es acad\u00eamicas significativas sobre seu impacto na sa\u00fade come\u00e7aram nos anos de 1970.<br \/>\nO estudo desenvolvido por Umemura no Grupo Multidisciplinar de Desenvolvimento e Ritos Biol\u00f3gicos, vinculado ao Instituto de Psicologia da Universidade de S\u00e3o Paulo, se concentrou em como a mudan\u00e7a no rel\u00f3gio influi na temperatura do corpo humano.<br \/>\n&#8220;Com a mudan\u00e7a no hor\u00e1rio as pessoas s\u00e3o obrigadas a acordar mais cedo e isso gera uma s\u00e9rie de modifica\u00e7\u00f5es fisiol\u00f3gicas no organismo&#8221;, afirmou.<br \/>\n<strong>Fadiga<\/strong><br \/>\nSegundo ele, a temperatura do corpo come\u00e7a a subir mais cedo do que antes do hor\u00e1rio de ver\u00e3o. Isso aponta para uma desestabiliza\u00e7\u00e3o entre os ritmos da temperatura corporal e da atividade de repouso.<br \/>\n&#8220;Essa dessincroniza\u00e7\u00e3o entre diferentes ritmos gera problemas. Desde problemas fisiol\u00f3gicos como dist\u00farbios de sono.&#8221;<br \/>\n&#8220;A pessoa fica mais propensa a ter deficits de aten\u00e7\u00e3o, pode ter maior fadiga durante o dia, problemas para dormir, fragmenta\u00e7\u00e3o do sono e at\u00e9 mesmo a diminui\u00e7\u00e3o da dura\u00e7\u00e3o do sono&#8221;, disse ele.<br \/>\nA falta de aten\u00e7\u00e3o e a fadiga, afirma, podem ser causadores de acidentes de tr\u00e2nsito e acidentes de trabalho.<br \/>\nNo come\u00e7o do hor\u00e1rio de ver\u00e3o, de acordo com ele, a maior incid\u00eancia do sol em hor\u00e1rios considerados noturnos faz o organismo atrasar seu ritmo. Isso faz com que a pessoa tenda a ficar mais tempo acordada por sentir sono mais tarde &#8211; o que afetaria negativamente o sono noturno<br \/>\nOs grupos mais afetados s\u00e3o os adolescentes e os jovens adultos, segundo o pesquisador.<br \/>\n<strong>Adapta\u00e7\u00e3o<\/strong><br \/>\nPor\u00e9m, na maioria dos casos aos poucos o corpo come\u00e7a a &#8220;se acostumar&#8221; com a nova rotina.<br \/>\n&#8220;No nosso trabalho n\u00f3s observamos que 14 dias seria o m\u00ednimo necess\u00e1rio para a pessoa se adaptar ao hor\u00e1rio de ver\u00e3o&#8221;, disse Umemura.<br \/>\nMas, de acordo com ele, embora isso seja menos comum, para algumas pessoas os sintomas podem perdurar at\u00e9 fevereiro, quando ocorre a mudan\u00e7a para o hor\u00e1rio normal.<br \/>\nPara chegar a essas conclus\u00f5es Umemura fez uma pesquisa qualitativa, monitorando dia e noite com aparelhos um grupo de cerca de 20 pessoas &#8211; tanto no in\u00edcio como no fim do hor\u00e1rio de ver\u00e3o.<br \/>\nA mudan\u00e7a de hor\u00e1rio afeta mais quem tem rotinas mais r\u00edgidas de trabalho.<br \/>\nMas, para quem tem maior flexibilidade de tempo, o recomendado \u00e9 tentar minimizar os efeitos da mudan\u00e7a.<br \/>\nUma receita \u00e9 ir acordando 15 minutos mais cedo diariamente, para que a transi\u00e7\u00e3o ocorra aos poucos.<br \/>\n&nbsp;<br \/>\n(<em>Fonte: BBC\/USP)<\/em><\/p>\n","protected":false},"excerpt":{"rendered":"<p>O\u00a0corpo humano precisa de ao menos 14 dias para se adaptar totalmente ao hor\u00e1rio de ver\u00e3o. Enquanto essa adequa\u00e7\u00e3o n\u00e3o ocorre, s\u00e3o comuns problemas como falta de aten\u00e7\u00e3o, de mem\u00f3ria e sono fragmentado. O hor\u00e1rio de ver\u00e3o 2016 come\u00e7a no Brasil neste dia 16 outubro, e vai at\u00e9 o dia 19 de fevereiro de 2017. [&hellip;]<\/p>\n","protected":false},"author":4,"featured_media":0,"comment_status":"open","ping_status":"closed","sticky":false,"template":"","format":"standard","meta":{"_jetpack_newsletter_access":"","_jetpack_dont_email_post_to_subs":false,"_jetpack_newsletter_tier_id":0,"_jetpack_memberships_contains_paywalled_content":false,"_jetpack_feature_clip_id":0,"_jetpack_memberships_contains_paid_content":false,"footnotes":"","jetpack_post_was_ever_published":false},"categories":[2022],"tags":[],"class_list":["post-40481","post","type-post","status-publish","format-standard","hentry","category-notas"],"aioseo_notices":[],"aioseo_head":"\n\t\t<!-- All in One SEO 5.0.1.1 - aioseo.com -->\n\t<meta name=\"robots\" content=\"max-image-preview:large\" \/>\n\t<meta name=\"author\" content=\"da Reda\u00e7\u00e3o\"\/>\n\t<link rel=\"canonical\" href=\"https:\/\/www.jornalja.com.br\/arquivo\/corpo-humano-leva-14-dias-para-se-acostumar-com-horario-de-verao\/\" \/>\n\t<meta name=\"generator\" content=\"All in One SEO (AIOSEO) 5.0.1.1\" \/>\n\t\t<meta property=\"og:locale\" content=\"pt_BR\" \/>\n\t\t<meta property=\"og:site_name\" content=\"Arquivo | Jornal J\u00c1 | Porto Alegre\" \/>\n\t\t<meta property=\"og:type\" content=\"article\" \/>\n\t\t<meta property=\"og:title\" content=\"Corpo humano leva 14 dias para se acostumar com hor\u00e1rio de ver\u00e3o | Arquivo\" \/>\n\t\t<meta property=\"og:url\" content=\"https:\/\/www.jornalja.com.br\/arquivo\/corpo-humano-leva-14-dias-para-se-acostumar-com-horario-de-verao\/\" \/>\n\t\t<meta property=\"og:image\" content=\"https:\/\/www.jornalja.com.br\/economics\/wp-content\/uploads\/sites\/11\/2026\/08\/ja-folhaderosto-facebook.jpg\" \/>\n\t\t<meta property=\"og:image:secure_url\" content=\"https:\/\/www.jornalja.com.br\/economics\/wp-content\/uploads\/sites\/11\/2026\/08\/ja-folhaderosto-facebook.jpg\" \/>\n\t\t<meta property=\"article:published_time\" content=\"2016-10-17T12:11:45+00:00\" \/>\n\t\t<meta property=\"article:modified_time\" content=\"2016-10-17T12:11:45+00:00\" \/>\n\t\t<meta name=\"twitter:card\" content=\"summary\" \/>\n\t\t<meta name=\"twitter:title\" content=\"Corpo humano leva 14 dias para se acostumar com hor\u00e1rio de ver\u00e3o | Arquivo\" \/>\n\t\t<meta name=\"twitter:image\" content=\"https:\/\/www.jornalja.com.br\/economics\/wp-content\/uploads\/sites\/11\/2026\/08\/ja-folhaderosto-facebook.jpg\" \/>\n\t\t<script type=\"application\/ld+json\" class=\"aioseo-schema\">\n\t\t\t{\"@context\":\"https:\\\/\\\/schema.org\",\"@graph\":[{\"@type\":\"BlogPosting\",\"@id\":\"https:\\\/\\\/www.jornalja.com.br\\\/arquivo\\\/corpo-humano-leva-14-dias-para-se-acostumar-com-horario-de-verao\\\/#blogposting\",\"name\":\"Corpo humano leva 14 dias para se acostumar com hor\\u00e1rio de ver\\u00e3o | Arquivo\",\"headline\":\"Corpo humano leva 14 dias para se acostumar com hor\\u00e1rio de ver\\u00e3o\",\"author\":{\"@id\":\"https:\\\/\\\/www.jornalja.com.br\\\/arquivo\\\/author\\\/daredacao\\\/#author\"},\"publisher\":{\"@id\":\"https:\\\/\\\/www.jornalja.com.br\\\/arquivo\\\/#organization\"},\"image\":{\"@type\":\"ImageObject\",\"url\":\"https:\\\/\\\/www.jornalja.com.br\\\/wp-content\\\/uploads\\\/cards\\\/JAslogan.png\",\"@id\":\"https:\\\/\\\/www.jornalja.com.br\\\/arquivo\\\/#articleImage\"},\"datePublished\":\"2016-10-17T09:11:45-02:00\",\"dateModified\":\"2016-10-17T09:11:45-02:00\",\"inLanguage\":\"pt-BR\",\"mainEntityOfPage\":{\"@id\":\"https:\\\/\\\/www.jornalja.com.br\\\/arquivo\\\/corpo-humano-leva-14-dias-para-se-acostumar-com-horario-de-verao\\\/#webpage\"},\"isPartOf\":{\"@id\":\"https:\\\/\\\/www.jornalja.com.br\\\/arquivo\\\/corpo-humano-leva-14-dias-para-se-acostumar-com-horario-de-verao\\\/#webpage\"},\"articleSection\":\"NOTAS\"},{\"@type\":\"BreadcrumbList\",\"@id\":\"https:\\\/\\\/www.jornalja.com.br\\\/arquivo\\\/corpo-humano-leva-14-dias-para-se-acostumar-com-horario-de-verao\\\/#breadcrumblist\",\"itemListElement\":[{\"@type\":\"ListItem\",\"@id\":\"https:\\\/\\\/www.jornalja.com.br\\\/arquivo#listItem\",\"position\":1,\"name\":\"Home\",\"item\":\"https:\\\/\\\/www.jornalja.com.br\\\/arquivo\",\"nextItem\":{\"@type\":\"ListItem\",\"@id\":\"https:\\\/\\\/www.jornalja.com.br\\\/arquivo\\\/category\\\/notas\\\/#listItem\",\"name\":\"NOTAS\"}},{\"@type\":\"ListItem\",\"@id\":\"https:\\\/\\\/www.jornalja.com.br\\\/arquivo\\\/category\\\/notas\\\/#listItem\",\"position\":2,\"name\":\"NOTAS\",\"item\":\"https:\\\/\\\/www.jornalja.com.br\\\/arquivo\\\/category\\\/notas\\\/\",\"nextItem\":{\"@type\":\"ListItem\",\"@id\":\"https:\\\/\\\/www.jornalja.com.br\\\/arquivo\\\/corpo-humano-leva-14-dias-para-se-acostumar-com-horario-de-verao\\\/#listItem\",\"name\":\"Corpo humano leva 14 dias para se acostumar com hor\\u00e1rio de ver\\u00e3o\"},\"previousItem\":{\"@type\":\"ListItem\",\"@id\":\"https:\\\/\\\/www.jornalja.com.br\\\/arquivo#listItem\",\"name\":\"Home\"}},{\"@type\":\"ListItem\",\"@id\":\"https:\\\/\\\/www.jornalja.com.br\\\/arquivo\\\/corpo-humano-leva-14-dias-para-se-acostumar-com-horario-de-verao\\\/#listItem\",\"position\":3,\"name\":\"Corpo humano leva 14 dias para se acostumar com hor\\u00e1rio de ver\\u00e3o\",\"previousItem\":{\"@type\":\"ListItem\",\"@id\":\"https:\\\/\\\/www.jornalja.com.br\\\/arquivo\\\/category\\\/notas\\\/#listItem\",\"name\":\"NOTAS\"}}]},{\"@type\":\"Organization\",\"@id\":\"https:\\\/\\\/www.jornalja.com.br\\\/arquivo\\\/#organization\",\"name\":\"Jornal J\\u00c1\",\"description\":\"Jornal J\\u00c1 | Porto Alegre\",\"url\":\"https:\\\/\\\/www.jornalja.com.br\\\/arquivo\\\/\",\"telephone\":\"+555133307272\",\"logo\":{\"@type\":\"ImageObject\",\"url\":\"https:\\\/\\\/www.jornalja.com.br\\\/wp-content\\\/uploads\\\/cards\\\/JAslogan.png\",\"@id\":\"https:\\\/\\\/www.jornalja.com.br\\\/arquivo\\\/corpo-humano-leva-14-dias-para-se-acostumar-com-horario-de-verao\\\/#organizationLogo\"},\"image\":{\"@id\":\"https:\\\/\\\/www.jornalja.com.br\\\/arquivo\\\/corpo-humano-leva-14-dias-para-se-acostumar-com-horario-de-verao\\\/#organizationLogo\"}},{\"@type\":\"Person\",\"@id\":\"https:\\\/\\\/www.jornalja.com.br\\\/arquivo\\\/author\\\/daredacao\\\/#author\",\"url\":\"https:\\\/\\\/www.jornalja.com.br\\\/arquivo\\\/author\\\/daredacao\\\/\",\"name\":\"da Reda\\u00e7\\u00e3o\",\"image\":{\"@type\":\"ImageObject\",\"@id\":\"https:\\\/\\\/www.jornalja.com.br\\\/arquivo\\\/corpo-humano-leva-14-dias-para-se-acostumar-com-horario-de-verao\\\/#authorImage\",\"url\":\"https:\\\/\\\/secure.gravatar.com\\\/avatar\\\/469fd857d6605ad19919d27ed29d35a968a25f6e8fd9318356bbb7f57aae9c65?s=96&d=mm&r=g\",\"width\":96,\"height\":96,\"caption\":\"da Reda\\u00e7\\u00e3o\"}},{\"@type\":\"WebPage\",\"@id\":\"https:\\\/\\\/www.jornalja.com.br\\\/arquivo\\\/corpo-humano-leva-14-dias-para-se-acostumar-com-horario-de-verao\\\/#webpage\",\"url\":\"https:\\\/\\\/www.jornalja.com.br\\\/arquivo\\\/corpo-humano-leva-14-dias-para-se-acostumar-com-horario-de-verao\\\/\",\"name\":\"Corpo humano leva 14 dias para se acostumar com hor\\u00e1rio de ver\\u00e3o | Arquivo\",\"inLanguage\":\"pt-BR\",\"isPartOf\":{\"@id\":\"https:\\\/\\\/www.jornalja.com.br\\\/arquivo\\\/#website\"},\"breadcrumb\":{\"@id\":\"https:\\\/\\\/www.jornalja.com.br\\\/arquivo\\\/corpo-humano-leva-14-dias-para-se-acostumar-com-horario-de-verao\\\/#breadcrumblist\"},\"author\":{\"@id\":\"https:\\\/\\\/www.jornalja.com.br\\\/arquivo\\\/author\\\/daredacao\\\/#author\"},\"creator\":{\"@id\":\"https:\\\/\\\/www.jornalja.com.br\\\/arquivo\\\/author\\\/daredacao\\\/#author\"},\"datePublished\":\"2016-10-17T09:11:45-02:00\",\"dateModified\":\"2016-10-17T09:11:45-02:00\"},{\"@type\":\"WebSite\",\"@id\":\"https:\\\/\\\/www.jornalja.com.br\\\/arquivo\\\/#website\",\"url\":\"https:\\\/\\\/www.jornalja.com.br\\\/arquivo\\\/\",\"name\":\"Arquivo\",\"description\":\"Jornal J\\u00c1 | Porto Alegre\",\"inLanguage\":\"pt-BR\",\"publisher\":{\"@id\":\"https:\\\/\\\/www.jornalja.com.br\\\/arquivo\\\/#organization\"}}]}\n\t\t<\/script>\n\t\t<!-- All in One SEO -->\n\n","aioseo_head_json":{"title":"Corpo humano leva 14 dias para se acostumar com hor\u00e1rio de ver\u00e3o | Arquivo","description":"","canonical_url":"https:\/\/www.jornalja.com.br\/arquivo\/corpo-humano-leva-14-dias-para-se-acostumar-com-horario-de-verao\/","robots":"max-image-preview:large","keywords":"","webmasterTools":{"miscellaneous":""},"schema":{"@context":"https:\/\/schema.org","@graph":[{"@type":"BlogPosting","@id":"https:\/\/www.jornalja.com.br\/arquivo\/corpo-humano-leva-14-dias-para-se-acostumar-com-horario-de-verao\/#blogposting","name":"Corpo humano leva 14 dias para se acostumar com hor\u00e1rio de ver\u00e3o | Arquivo","headline":"Corpo humano leva 14 dias para se acostumar com hor\u00e1rio de ver\u00e3o","author":{"@id":"https:\/\/www.jornalja.com.br\/arquivo\/author\/daredacao\/#author"},"publisher":{"@id":"https:\/\/www.jornalja.com.br\/arquivo\/#organization"},"image":{"@type":"ImageObject","url":"https:\/\/www.jornalja.com.br\/wp-content\/uploads\/cards\/JAslogan.png","@id":"https:\/\/www.jornalja.com.br\/arquivo\/#articleImage"},"datePublished":"2016-10-17T09:11:45-02:00","dateModified":"2016-10-17T09:11:45-02:00","inLanguage":"pt-BR","mainEntityOfPage":{"@id":"https:\/\/www.jornalja.com.br\/arquivo\/corpo-humano-leva-14-dias-para-se-acostumar-com-horario-de-verao\/#webpage"},"isPartOf":{"@id":"https:\/\/www.jornalja.com.br\/arquivo\/corpo-humano-leva-14-dias-para-se-acostumar-com-horario-de-verao\/#webpage"},"articleSection":"NOTAS"},{"@type":"BreadcrumbList","@id":"https:\/\/www.jornalja.com.br\/arquivo\/corpo-humano-leva-14-dias-para-se-acostumar-com-horario-de-verao\/#breadcrumblist","itemListElement":[{"@type":"ListItem","@id":"https:\/\/www.jornalja.com.br\/arquivo#listItem","position":1,"name":"Home","item":"https:\/\/www.jornalja.com.br\/arquivo","nextItem":{"@type":"ListItem","@id":"https:\/\/www.jornalja.com.br\/arquivo\/category\/notas\/#listItem","name":"NOTAS"}},{"@type":"ListItem","@id":"https:\/\/www.jornalja.com.br\/arquivo\/category\/notas\/#listItem","position":2,"name":"NOTAS","item":"https:\/\/www.jornalja.com.br\/arquivo\/category\/notas\/","nextItem":{"@type":"ListItem","@id":"https:\/\/www.jornalja.com.br\/arquivo\/corpo-humano-leva-14-dias-para-se-acostumar-com-horario-de-verao\/#listItem","name":"Corpo humano leva 14 dias para se acostumar com hor\u00e1rio de ver\u00e3o"},"previousItem":{"@type":"ListItem","@id":"https:\/\/www.jornalja.com.br\/arquivo#listItem","name":"Home"}},{"@type":"ListItem","@id":"https:\/\/www.jornalja.com.br\/arquivo\/corpo-humano-leva-14-dias-para-se-acostumar-com-horario-de-verao\/#listItem","position":3,"name":"Corpo humano leva 14 dias para se acostumar com hor\u00e1rio de ver\u00e3o","previousItem":{"@type":"ListItem","@id":"https:\/\/www.jornalja.com.br\/arquivo\/category\/notas\/#listItem","name":"NOTAS"}}]},{"@type":"Organization","@id":"https:\/\/www.jornalja.com.br\/arquivo\/#organization","name":"Jornal J\u00c1","description":"Jornal J\u00c1 | Porto Alegre","url":"https:\/\/www.jornalja.com.br\/arquivo\/","telephone":"+555133307272","logo":{"@type":"ImageObject","url":"https:\/\/www.jornalja.com.br\/wp-content\/uploads\/cards\/JAslogan.png","@id":"https:\/\/www.jornalja.com.br\/arquivo\/corpo-humano-leva-14-dias-para-se-acostumar-com-horario-de-verao\/#organizationLogo"},"image":{"@id":"https:\/\/www.jornalja.com.br\/arquivo\/corpo-humano-leva-14-dias-para-se-acostumar-com-horario-de-verao\/#organizationLogo"}},{"@type":"Person","@id":"https:\/\/www.jornalja.com.br\/arquivo\/author\/daredacao\/#author","url":"https:\/\/www.jornalja.com.br\/arquivo\/author\/daredacao\/","name":"da Reda\u00e7\u00e3o","image":{"@type":"ImageObject","@id":"https:\/\/www.jornalja.com.br\/arquivo\/corpo-humano-leva-14-dias-para-se-acostumar-com-horario-de-verao\/#authorImage","url":"https:\/\/secure.gravatar.com\/avatar\/469fd857d6605ad19919d27ed29d35a968a25f6e8fd9318356bbb7f57aae9c65?s=96&d=mm&r=g","width":96,"height":96,"caption":"da Reda\u00e7\u00e3o"}},{"@type":"WebPage","@id":"https:\/\/www.jornalja.com.br\/arquivo\/corpo-humano-leva-14-dias-para-se-acostumar-com-horario-de-verao\/#webpage","url":"https:\/\/www.jornalja.com.br\/arquivo\/corpo-humano-leva-14-dias-para-se-acostumar-com-horario-de-verao\/","name":"Corpo humano leva 14 dias para se acostumar com hor\u00e1rio de ver\u00e3o | Arquivo","inLanguage":"pt-BR","isPartOf":{"@id":"https:\/\/www.jornalja.com.br\/arquivo\/#website"},"breadcrumb":{"@id":"https:\/\/www.jornalja.com.br\/arquivo\/corpo-humano-leva-14-dias-para-se-acostumar-com-horario-de-verao\/#breadcrumblist"},"author":{"@id":"https:\/\/www.jornalja.com.br\/arquivo\/author\/daredacao\/#author"},"creator":{"@id":"https:\/\/www.jornalja.com.br\/arquivo\/author\/daredacao\/#author"},"datePublished":"2016-10-17T09:11:45-02:00","dateModified":"2016-10-17T09:11:45-02:00"},{"@type":"WebSite","@id":"https:\/\/www.jornalja.com.br\/arquivo\/#website","url":"https:\/\/www.jornalja.com.br\/arquivo\/","name":"Arquivo","description":"Jornal J\u00c1 | Porto Alegre","inLanguage":"pt-BR","publisher":{"@id":"https:\/\/www.jornalja.com.br\/arquivo\/#organization"}}]},"og:locale":"pt_BR","og:site_name":"Arquivo | Jornal J\u00c1 | Porto Alegre","og:type":"article","og:title":"Corpo humano leva 14 dias para se acostumar com hor\u00e1rio de ver\u00e3o | Arquivo","og:url":"https:\/\/www.jornalja.com.br\/arquivo\/corpo-humano-leva-14-dias-para-se-acostumar-com-horario-de-verao\/","og:image":"https:\/\/www.jornalja.com.br\/economics\/wp-content\/uploads\/sites\/11\/2026\/08\/ja-folhaderosto-facebook.jpg","og:image:secure_url":"https:\/\/www.jornalja.com.br\/economics\/wp-content\/uploads\/sites\/11\/2026\/08\/ja-folhaderosto-facebook.jpg","article:published_time":"2016-10-17T12:11:45+00:00","article:modified_time":"2016-10-17T12:11:45+00:00","twitter:card":"summary","twitter:title":"Corpo humano leva 14 dias para se acostumar com hor\u00e1rio de ver\u00e3o | Arquivo","twitter:image":"https:\/\/www.jornalja.com.br\/economics\/wp-content\/uploads\/sites\/11\/2026\/08\/ja-folhaderosto-facebook.jpg"},"aioseo_meta_data":{"post_id":"40481","title":null,"description":null,"keywords":null,"keyphrases":null,"primary_term":null,"canonical_url":null,"og_title":null,"og_description":null,"og_object_type":"default","og_image_type":"default","og_image_url":null,"og_image_width":null,"og_image_height":null,"og_image_custom_url":null,"og_image_custom_fields":null,"og_video":null,"og_custom_url":null,"og_article_section":null,"og_article_tags":null,"twitter_use_og":false,"twitter_card":"default","twitter_image_type":"default","twitter_image_url":null,"twitter_image_custom_url":null,"twitter_image_custom_fields":null,"twitter_title":null,"twitter_description":null,"schema":{"blockGraphs":[],"customGraphs":[],"default":{"data":{"Article":[],"Course":[],"Dataset":[],"FAQPage":[],"Movie":[],"Person":[],"Product":[],"ProductReview":[],"Car":[],"Recipe":[],"Service":[],"SoftwareApplication":[],"WebPage":[]},"graphName":"","isEnabled":true},"graphs":[],"defaultGraph":"","defaultPostTypeGraph":""},"schema_type":null,"schema_type_options":null,"pillar_content":false,"robots_default":true,"robots_noindex":false,"robots_noarchive":false,"robots_nosnippet":false,"robots_nofollow":false,"robots_noimageindex":false,"robots_noodp":false,"robots_notranslate":false,"robots_max_snippet":null,"robots_max_videopreview":null,"robots_max_imagepreview":"large","priority":null,"frequency":null,"location":null,"local_seo":null,"breadcrumb_settings":null,"limit_modified_date":false,"ai":null,"created":"2020-12-20 20:49:37","updated":"2025-07-19 17:35:42","seo_analyzer_scan_date":null,"focus_keyword":null,"additional_keywords":null,"truseo_locale":null},"jetpack_sharing_enabled":true,"jetpack-related-posts":[{"id":13109,"url":"https:\/\/www.jornalja.com.br\/arquivo\/judiciario-reconhece-poluicao-eletromagnetica\/","url_meta":{"origin":40481,"position":0},"title":"Judici\u00e1rio reconhece polui\u00e7\u00e3o eletromagn\u00e9tica","author":"Patr\u00edcia Marini","date":"16 de maio de 2014","format":false,"excerpt":"A\u00e7\u00e3o de duas associa\u00e7\u00f5es de moradores foi acolhida pelo Tribunal de Justi\u00e7a de S\u00e3o Paulo que. em decis\u00e3o in\u00e9dita, determinou a redu\u00e7\u00e3o do campo eletromagn\u00e9tico gerado pelas linhas de transmiss\u00e3o de energia que cortam os bairros City Boa\u00e7ava e Alto de Pinheiros. \u00c9 a primeira vez que um tribunal do\u2026","rel":"","context":"Em &quot;X.Categorias velhas&quot;","block_context":{"text":"X.Categorias velhas","link":"https:\/\/www.jornalja.com.br\/arquivo\/category\/x-categorias-velhas\/"},"img":{"alt_text":"","src":"","width":0,"height":0},"classes":[]},{"id":14241,"url":"https:\/\/www.jornalja.com.br\/arquivo\/o-guaiba-nas-imagens-poeticas-de-achutti\/","url_meta":{"origin":40481,"position":1},"title":"O Gua\u00edba nas imagens po\u00e9ticas de Achutti","author":"da Reda\u00e7\u00e3o","date":"18 de junho de 2014","format":false,"excerpt":"Em \u201cO Gua\u00edba por Achutti\u201d \u2013 obra financiada via Minist\u00e9rio da Cultura, produ\u00e7\u00e3o executiva de Pedro Longhi, e Fl\u00e1vio Wild como designer \u2013, o fot\u00f3grafo revela a beleza e as mazelas de um espa\u00e7o aqu\u00e1tico de \u00e1guas sempre renovadas, cheio de hist\u00f3rias e lendas como as das cidades que foram\u2026","rel":"","context":"Em &quot;Cultura-Geral&quot;","block_context":{"text":"Cultura-Geral","link":"https:\/\/www.jornalja.com.br\/arquivo\/category\/materiasecundaria\/"},"img":{"alt_text":"","src":"","width":0,"height":0},"classes":[]},{"id":13124,"url":"https:\/\/www.jornalja.com.br\/arquivo\/sangue-latino-no-iecine\/","url_meta":{"origin":40481,"position":2},"title":"Sangue latino no IECINE","author":"da Reda\u00e7\u00e3o","date":"18 de maio de 2014","format":false,"excerpt":"Francisco Ribeiro O Instituto Estadual de Cinema (IECINE) tem a frente, desde abril \u00faltimo, um novo diretor, o cineasta colombiano Juan Zapata, 36, que substitui Luiz Alberto Cassol. Radicado h\u00e1 dez anos em Porto Alegre, Zapata tem diante de si o desafio de conduzir at\u00e9 o final do ano um\u2026","rel":"","context":"Em &quot;Cultura-Geral&quot;","block_context":{"text":"Cultura-Geral","link":"https:\/\/www.jornalja.com.br\/arquivo\/category\/materiasecundaria\/"},"img":{"alt_text":"","src":"","width":0,"height":0},"classes":[]},{"id":5440,"url":"https:\/\/www.jornalja.com.br\/arquivo\/casarao-da-venancio-destino-permanece-incerto\/","url_meta":{"origin":40481,"position":3},"title":"Estado ainda n\u00e3o sabe o que fazer com casar\u00e3o abandonado h\u00e1 20 anos","author":"Elmar Bones","date":"6 de julho de 2009","format":false,"excerpt":"O casar\u00e3o amarelo, numa esquina nobre de Porto Alegre (Ven\u00e2ncio Aires com Jo\u00e3o Pessoa), j\u00e1 abrigou uma escola. H\u00e1 duas d\u00e9cadas, pelo menos, est\u00e1 abandonado, porque seu propriet\u00e1rio, o governo do Estado do Rio Grande do Sul, n\u00e3o consegue achar um destino para ele. Planos n\u00e3o faltaram. O governador Ol\u00edvio\u2026","rel":"","context":"Em &quot;X.Categorias velhas&quot;","block_context":{"text":"X.Categorias velhas","link":"https:\/\/www.jornalja.com.br\/arquivo\/category\/x-categorias-velhas\/"},"img":{"alt_text":"geraldo1","src":"https:\/\/i0.wp.com\/www.jornalja.com.br\/wp-content\/uploads\/2009\/07\/geraldo1.jpg?resize=350%2C200&ssl=1","width":350,"height":200},"classes":[]},{"id":1280,"url":"https:\/\/www.jornalja.com.br\/arquivo\/o-menino-que-se-tornou-brizola\/","url_meta":{"origin":40481,"position":4},"title":"O Menino que se Tornou Brizola","author":"da Reda\u00e7\u00e3o","date":"28 de julho de 2008","format":false,"excerpt":"Autor: Cleber Dioni A vida de Leonel Brizola, com \u00eanfase para os primeiros anos em Porto Alegre, at\u00e9 o ex\u00edlio no Uruguai e a volta, quinze anos depois. \u00a0\"...\u00c9ramos todos jovens e nos identific\u00e1vamos com aquela massa an\u00f4nima a percorrer as ruas de Porto Alegre, gritando 'Get\u00falio', 'Get\u00falio' e empunhando\u2026","rel":"","context":"Em &quot;Livros&quot;","block_context":{"text":"Livros","link":"https:\/\/www.jornalja.com.br\/arquivo\/category\/livros\/"},"img":{"alt_text":"","src":"https:\/\/i0.wp.com\/www.jornalja.com.br\/wp-content\/uploads\/2008\/07\/brizola.gif?resize=350%2C200&ssl=1","width":350,"height":200},"classes":[]},{"id":13128,"url":"https:\/\/www.jornalja.com.br\/arquivo\/maconha-terra-diz-que-uso-medicinal-e-desculpa\/","url_meta":{"origin":40481,"position":5},"title":"Maconha: Terra diz que uso medicinal \u00e9 desculpa","author":"Patr\u00edcia Marini","date":"4 de junho de 2014","format":false,"excerpt":"A condi\u00e7\u00e3o de pol\u00edtico, em \u00e9poca de campanha de campanha eleitoral, tira for\u00e7a do discurso do m\u00e9dico Osmar Terra contra a legaliza\u00e7\u00e3o da maconha. A tese dele de que a libera\u00e7\u00e3o vai ampliar exponencialmente o consumo \u00e9 discutivel, o consumo \u00e9 corrente. Mas seus alertas quanto aos riscos tem que\u2026","rel":"","context":"Em &quot;X.Categorias velhas&quot;","block_context":{"text":"X.Categorias velhas","link":"https:\/\/www.jornalja.com.br\/arquivo\/category\/x-categorias-velhas\/"},"img":{"alt_text":"","src":"","width":0,"height":0},"classes":[]}],"jetpack_shortlink":"https:\/\/wp.me\/pbQjBd-awV","jetpack_featured_media_url":"","_links":{"self":[{"href":"https:\/\/www.jornalja.com.br\/arquivo\/wp-json\/wp\/v2\/posts\/40481","targetHints":{"allow":["GET"]}}],"collection":[{"href":"https:\/\/www.jornalja.com.br\/arquivo\/wp-json\/wp\/v2\/posts"}],"about":[{"href":"https:\/\/www.jornalja.com.br\/arquivo\/wp-json\/wp\/v2\/types\/post"}],"author":[{"embeddable":true,"href":"https:\/\/www.jornalja.com.br\/arquivo\/wp-json\/wp\/v2\/users\/4"}],"replies":[{"embeddable":true,"href":"https:\/\/www.jornalja.com.br\/arquivo\/wp-json\/wp\/v2\/comments?post=40481"}],"version-history":[{"count":0,"href":"https:\/\/www.jornalja.com.br\/arquivo\/wp-json\/wp\/v2\/posts\/40481\/revisions"}],"wp:attachment":[{"href":"https:\/\/www.jornalja.com.br\/arquivo\/wp-json\/wp\/v2\/media?parent=40481"}],"wp:term":[{"taxonomy":"category","embeddable":true,"href":"https:\/\/www.jornalja.com.br\/arquivo\/wp-json\/wp\/v2\/categories?post=40481"},{"taxonomy":"post_tag","embeddable":true,"href":"https:\/\/www.jornalja.com.br\/arquivo\/wp-json\/wp\/v2\/tags?post=40481"}],"curies":[{"name":"wp","href":"https:\/\/api.w.org\/{rel}","templated":true}]}}