{"id":40575,"date":"2016-10-18T21:38:16","date_gmt":"2016-10-19T00:38:16","guid":{"rendered":"https:\/\/www.jornalja.com.br\/?p=40575"},"modified":"2016-10-18T21:38:16","modified_gmt":"2016-10-19T00:38:16","slug":"por-que-querem-me-condenar","status":"publish","type":"post","link":"https:\/\/www.jornalja.com.br\/arquivo\/por-que-querem-me-condenar\/","title":{"rendered":"Por que querem me condenar"},"content":{"rendered":"<p>Luiz In\u00e1cio Lula da Silva &#8211; Ex-Presidente da Rep\u00fablica<br \/>\nEm mais de 40 anos de atua\u00e7\u00e3o p\u00fablica, minha vida pessoal foi permanentemente vasculhada -pelos \u00f3rg\u00e3os de seguran\u00e7a, pelos advers\u00e1rios pol\u00edticos, pela imprensa. Por lutar pela liberdade de organiza\u00e7\u00e3o dos trabalhadores, cheguei a ser preso, condenado como subversivo pela infame Lei de Seguran\u00e7a Nacional da ditadura. Mas jamais encontraram um ato desonesto de minha parte.<br \/>\nSei o que fiz antes, durante e depois de ter sido presidente. Nunca fiz nada ilegal, nada que pudesse manchar a minha hist\u00f3ria. Governei o Brasil com seriedade e dedica\u00e7\u00e3o, porque sabia que um trabalhador n\u00e3o podia falhar na Presid\u00eancia. As falsas acusa\u00e7\u00f5es que me lan\u00e7aram n\u00e3o visavam exatamente a minha pessoa, mas o projeto pol\u00edtico que sempre representei: de um Brasil mais justo, com oportunidades para todos.<br \/>\n\u00c0s v\u00e9speras de completar 71 anos, vejo meu nome no centro de uma verdadeira ca\u00e7ada judicial. Devassaram minhas contas pessoais, as de minha esposa e de meus filhos; grampearam meus telefonemas e divulgaram o conte\u00fado; invadiram minha casa e conduziram-me \u00e0 for\u00e7a para depor, sem motivo razo\u00e1vel e sem base legal. Est\u00e3o \u00e0 procura de um crime, para me acusar, mas n\u00e3o encontraram e nem v\u00e3o encontrar.<br \/>\nDesde que essa ca\u00e7ada come\u00e7ou, na campanha presidencial de 2014, percorro os caminhos da Justi\u00e7a sem abrir m\u00e3o de minha agenda. Continuo viajando pelo pa\u00eds, ao encontro dos sindicatos, dos movimentos sociais, dos partidos, para debater e defender o projeto de transforma\u00e7\u00e3o do Brasil. N\u00e3o parei para me lamentar e nem desisti da luta por igualdade e justi\u00e7a social.<br \/>\nNestes encontros renovo minha f\u00e9 no povo brasileiro e no futuro do pa\u00eds. Constato que est\u00e1 viva na mem\u00f3ria de nossa gente cada conquista alcan\u00e7ada nos governos do PT: o Bolsa Fam\u00edlia, o Luz Para Todos, o Minha Casa, Minha Vida, o novo Pronaf (Programa Nacional de Fortalecimento da Agricultura Familiar), o Programa de Aquisi\u00e7\u00e3o de Alimentos, a valoriza\u00e7\u00e3o dos sal\u00e1rios -em conjunto, proporcionaram a maior ascens\u00e3o social de todos os tempos.<br \/>\nNossa gente n\u00e3o esquecer\u00e1 dos milh\u00f5es de jovens pobres e negros que tiveram acesso ao ensino superior. Vai resistir aos retrocessos porque o Brasil quer mais, e n\u00e3o menos direitos.<br \/>\nN\u00e3o posso me calar, por\u00e9m, diante dos abusos cometidos por agentes do Estado que usam a lei como instrumento de persegui\u00e7\u00e3o pol\u00edtica. Basta observar a reta final das elei\u00e7\u00f5es municipais para constatar a ca\u00e7ada ao PT: a aceita\u00e7\u00e3o de uma den\u00fancia contra mim, cinco dias depois de apresentada, e a pris\u00e3o de dois ex-ministros de meu governo foram epis\u00f3dios espetaculosos que certamente interferiram no resultado do pleito.<br \/>\nJamais pratiquei, autorizei ou me beneficiei de atos il\u00edcitos na Petrobras ou em qualquer outro setor do governo. Desde a campanha eleitoral de 2014, trabalha-se a narrativa de ser o PT n\u00e3o mais partido, mas uma &#8220;organiza\u00e7\u00e3o criminosa&#8221;, e eu o chefe dessa organiza\u00e7\u00e3o. Essa ideia foi martelada sem descanso por manchetes, capas de revista, r\u00e1dio e televis\u00e3o. Precisa ser provada \u00e0 for\u00e7a, j\u00e1 que &#8220;n\u00e3o h\u00e1 fatos, mas convic\u00e7\u00f5es&#8221;.<br \/>\nN\u00e3o descarto que meus acusadores acreditem nessa tese maliciosa, talvez julgando os demais por seu pr\u00f3prio c\u00f3digo moral. Mas salta aos olhos at\u00e9 mesmo a despropor\u00e7\u00e3o entre os bilion\u00e1rios desvios investigados e o que apontam como suposto butim do &#8220;chefe&#8221;, evidenciando a fal\u00e1cia do enredo.<br \/>\nPercebo, tamb\u00e9m, uma perigosa ignor\u00e2ncia de agentes da lei quanto ao funcionamento do governo e das institui\u00e7\u00f5es. Cheguei a essa conclus\u00e3o nos depoimentos que prestei a delegados e promotores que n\u00e3o sabiam como funciona um governo de coaliz\u00e3o, como tramita uma medida provis\u00f3ria, como se procede numa licita\u00e7\u00e3o, como se d\u00e1 a an\u00e1lise e aprova\u00e7\u00e3o, colegiada e t\u00e9cnica, de financiamentos em um banco p\u00fablico, como o BNDES.<br \/>\nDe resto, nesses depoimentos, nada se perguntou de objetivo sobre as hip\u00f3teses da acusa\u00e7\u00e3o. Tenho mesmo a impress\u00e3o de que n\u00e3o passaram de ritos burocr\u00e1ticos vazios, para cumprir etapas e atender \u00e0s formalidades do processo. Definitivamente, n\u00e3o serviram ao exerc\u00edcio concreto do direito de defesa.<br \/>\nPassados dois anos de opera\u00e7\u00f5es, sempre vazadas com estardalha\u00e7o, n\u00e3o conseguiram encontrar nada capaz de vincular meu nome aos desvios investigados. Nenhum centavo n\u00e3o declarado em minhas contas, nenhuma empresa de fachada, nenhuma conta secreta.<br \/>\nH\u00e1 20 anos moro no mesmo apartamento em S\u00e3o Bernardo. Entre as dezenas de r\u00e9us delatores, nenhum disse que tratou de algo ilegal ou desonesto comigo, a despeito da insist\u00eancia dos agentes p\u00fablicos para que o fa\u00e7am, at\u00e9 mesmo como condi\u00e7\u00e3o para obter benef\u00edcios.<br \/>\nA leviandade, a despropor\u00e7\u00e3o e a falta de base legal das den\u00fancias surpreendem e causam indigna\u00e7\u00e3o, bem como a sofreguid\u00e3o com que s\u00e3o processadas em ju\u00edzo. N\u00e3o mais se importam com fatos, provas, normas do processo. Denunciam e processam por mera convic\u00e7\u00e3o -\u00e9 grave que as inst\u00e2ncias superiores e os \u00f3rg\u00e3os de controle funcional n\u00e3o tomem provid\u00eancias contra os abusos.<br \/>\nAcusam-me, por exemplo, de ter ganho ilicitamente um apartamento que nunca me pertenceu -e n\u00e3o pertenceu pela simples raz\u00e3o de que n\u00e3o quis compr\u00e1-lo quando me foi oferecida a oportunidade, nem mesmo depois das reformas que, obviamente, seriam acrescentadas ao pre\u00e7o. Como \u00e9 imposs\u00edvel demonstrar que a propriedade seria minha, pois nunca foi, acusam-me ent\u00e3o de ocult\u00e1-la, num enredo surreal.<br \/>\nAcusam-me de corrup\u00e7\u00e3o por ter proferido palestras para empresas investigadas na Opera\u00e7\u00e3o Lava Jato. Como posso ser acusado de corrup\u00e7\u00e3o, se n\u00e3o sou mais agente p\u00fablico desde 2011, quando comecei a dar palestras? E que rela\u00e7\u00e3o pode haver entre os desvios da Petrobras e as apresenta\u00e7\u00f5es, todas documentadas, que fiz para 42 empresas e organiza\u00e7\u00f5es de diversos setores, n\u00e3o apenas as cinco investigadas, cobrando pre\u00e7o fixo e recolhendo impostos?<br \/>\nMeus acusadores sabem que n\u00e3o roubei, n\u00e3o fui corrompido nem tentei obstruir a Justi\u00e7a, mas n\u00e3o podem admitir. N\u00e3o podem recuar depois do massacre que promoveram na m\u00eddia. Tornaram-se prisioneiros das mentiras que criaram, na maioria das vezes a partir de reportagens facciosas e mal apuradas. Est\u00e3o condenados a condenar e devem avaliar que, se n\u00e3o me prenderem, ser\u00e3o eles os desmoralizados perante a opini\u00e3o p\u00fablica.<br \/>\nTento compreender esta ca\u00e7ada como parte da disputa pol\u00edtica, muito embora seja um m\u00e9todo repugnante de luta. N\u00e3o \u00e9 o Lula que pretendem condenar: \u00e9 o projeto pol\u00edtico que represento junto com milh\u00f5es de brasileiros. Na tentativa de destruir uma corrente de pensamento, est\u00e3o destruindo os fundamentos da democracia no Brasil.<br \/>\n\u00c9 necess\u00e1rio frisar que n\u00f3s, do PT, sempre apoiamos a investiga\u00e7\u00e3o, o julgamento e a puni\u00e7\u00e3o de quem desvia dinheiro do povo. N\u00e3o \u00e9 uma afirma\u00e7\u00e3o ret\u00f3rica: n\u00f3s combatemos a corrup\u00e7\u00e3o na pr\u00e1tica.<br \/>\nNingu\u00e9m atuou tanto para criar mecanismos de transpar\u00eancia e controle de verbas p\u00fablicas, para fortalecer a Pol\u00edcia Federal, a Receita e o Minist\u00e9rio P\u00fablico, para aprovar no Congresso leis mais eficazes contra a corrup\u00e7\u00e3o e o crime organizado. Isso \u00e9 reconhecido at\u00e9 mesmo pelos procuradores que nos acusam.<br \/>\nTenho a consci\u00eancia tranquila e o reconhecimento do povo. Confio que cedo ou tarde a Justi\u00e7a e a verdade prevalecer\u00e3o, nem que seja nos livros de hist\u00f3ria. O que me preocupa, e a todos os democratas, s\u00e3o as cont\u00ednuas viola\u00e7\u00f5es ao Estado de Direito. \u00c9 a sombra do estado de exce\u00e7\u00e3o que vem se erguendo sobre o pa\u00eds.<\/p>\n","protected":false},"excerpt":{"rendered":"<p>Luiz In\u00e1cio Lula da Silva &#8211; Ex-Presidente da Rep\u00fablica Em mais de 40 anos de atua\u00e7\u00e3o p\u00fablica, minha vida pessoal foi permanentemente vasculhada -pelos \u00f3rg\u00e3os de seguran\u00e7a, pelos advers\u00e1rios pol\u00edticos, pela imprensa. Por lutar pela liberdade de organiza\u00e7\u00e3o dos trabalhadores, cheguei a ser preso, condenado como subversivo pela infame Lei de Seguran\u00e7a Nacional da ditadura. [&hellip;]<\/p>\n","protected":false},"author":4,"featured_media":40576,"comment_status":"open","ping_status":"closed","sticky":false,"template":"","format":"standard","meta":{"_jetpack_newsletter_access":"","_jetpack_dont_email_post_to_subs":false,"_jetpack_newsletter_tier_id":0,"_jetpack_memberships_contains_paywalled_content":false,"_jetpack_feature_clip_id":0,"_jetpack_memberships_contains_paid_content":false,"footnotes":"","jetpack_post_was_ever_published":false},"categories":[2011,2012],"tags":[],"class_list":["post-40575","post","type-post","status-publish","format-standard","has-post-thumbnail","hentry","category-destaque","category-debates"],"aioseo_notices":[],"aioseo_head":"\n\t\t<!-- All in One SEO 5.0.1.1 - aioseo.com -->\n\t<meta name=\"robots\" content=\"max-image-preview:large\" \/>\n\t<meta name=\"author\" content=\"da Reda\u00e7\u00e3o\"\/>\n\t<link rel=\"canonical\" href=\"https:\/\/www.jornalja.com.br\/arquivo\/por-que-querem-me-condenar\/\" \/>\n\t<meta name=\"generator\" content=\"All in One SEO (AIOSEO) 5.0.1.1\" \/>\n\t\t<meta property=\"og:locale\" content=\"pt_BR\" \/>\n\t\t<meta property=\"og:site_name\" content=\"Arquivo | Jornal J\u00c1 | Porto Alegre\" \/>\n\t\t<meta property=\"og:type\" content=\"article\" \/>\n\t\t<meta property=\"og:title\" content=\"Por que querem me condenar | Arquivo\" \/>\n\t\t<meta property=\"og:url\" content=\"https:\/\/www.jornalja.com.br\/arquivo\/por-que-querem-me-condenar\/\" \/>\n\t\t<meta property=\"og:image\" content=\"https:\/\/www.jornalja.com.br\/economics\/wp-content\/uploads\/sites\/11\/2026\/08\/ja-folhaderosto-facebook.jpg\" \/>\n\t\t<meta property=\"og:image:secure_url\" content=\"https:\/\/www.jornalja.com.br\/economics\/wp-content\/uploads\/sites\/11\/2026\/08\/ja-folhaderosto-facebook.jpg\" \/>\n\t\t<meta property=\"article:published_time\" content=\"2016-10-19T00:38:16+00:00\" \/>\n\t\t<meta property=\"article:modified_time\" content=\"2016-10-19T00:38:16+00:00\" \/>\n\t\t<meta name=\"twitter:card\" content=\"summary\" \/>\n\t\t<meta name=\"twitter:title\" content=\"Por que querem me condenar | Arquivo\" \/>\n\t\t<meta name=\"twitter:image\" content=\"https:\/\/www.jornalja.com.br\/economics\/wp-content\/uploads\/sites\/11\/2026\/08\/ja-folhaderosto-facebook.jpg\" \/>\n\t\t<script type=\"application\/ld+json\" class=\"aioseo-schema\">\n\t\t\t{\"@context\":\"https:\\\/\\\/schema.org\",\"@graph\":[{\"@type\":\"BlogPosting\",\"@id\":\"https:\\\/\\\/www.jornalja.com.br\\\/arquivo\\\/por-que-querem-me-condenar\\\/#blogposting\",\"name\":\"Por que querem me condenar | Arquivo\",\"headline\":\"Por que querem me condenar\",\"author\":{\"@id\":\"https:\\\/\\\/www.jornalja.com.br\\\/arquivo\\\/author\\\/daredacao\\\/#author\"},\"publisher\":{\"@id\":\"https:\\\/\\\/www.jornalja.com.br\\\/arquivo\\\/#organization\"},\"image\":{\"@type\":\"ImageObject\",\"url\":40576},\"datePublished\":\"2016-10-18T21:38:16-02:00\",\"dateModified\":\"2016-10-18T21:38:16-02:00\",\"inLanguage\":\"pt-BR\",\"mainEntityOfPage\":{\"@id\":\"https:\\\/\\\/www.jornalja.com.br\\\/arquivo\\\/por-que-querem-me-condenar\\\/#webpage\"},\"isPartOf\":{\"@id\":\"https:\\\/\\\/www.jornalja.com.br\\\/arquivo\\\/por-que-querem-me-condenar\\\/#webpage\"},\"articleSection\":\"CDD-artigo em destaque, HOTSITE Comit\\u00ea pela Democracia\"},{\"@type\":\"BreadcrumbList\",\"@id\":\"https:\\\/\\\/www.jornalja.com.br\\\/arquivo\\\/por-que-querem-me-condenar\\\/#breadcrumblist\",\"itemListElement\":[{\"@type\":\"ListItem\",\"@id\":\"https:\\\/\\\/www.jornalja.com.br\\\/arquivo#listItem\",\"position\":1,\"name\":\"Home\",\"item\":\"https:\\\/\\\/www.jornalja.com.br\\\/arquivo\",\"nextItem\":{\"@type\":\"ListItem\",\"@id\":\"https:\\\/\\\/www.jornalja.com.br\\\/arquivo\\\/category\\\/destaque\\\/#listItem\",\"name\":\"CDD-artigo em destaque\"}},{\"@type\":\"ListItem\",\"@id\":\"https:\\\/\\\/www.jornalja.com.br\\\/arquivo\\\/category\\\/destaque\\\/#listItem\",\"position\":2,\"name\":\"CDD-artigo em destaque\",\"item\":\"https:\\\/\\\/www.jornalja.com.br\\\/arquivo\\\/category\\\/destaque\\\/\",\"nextItem\":{\"@type\":\"ListItem\",\"@id\":\"https:\\\/\\\/www.jornalja.com.br\\\/arquivo\\\/por-que-querem-me-condenar\\\/#listItem\",\"name\":\"Por que querem me condenar\"},\"previousItem\":{\"@type\":\"ListItem\",\"@id\":\"https:\\\/\\\/www.jornalja.com.br\\\/arquivo#listItem\",\"name\":\"Home\"}},{\"@type\":\"ListItem\",\"@id\":\"https:\\\/\\\/www.jornalja.com.br\\\/arquivo\\\/por-que-querem-me-condenar\\\/#listItem\",\"position\":3,\"name\":\"Por que querem me condenar\",\"previousItem\":{\"@type\":\"ListItem\",\"@id\":\"https:\\\/\\\/www.jornalja.com.br\\\/arquivo\\\/category\\\/destaque\\\/#listItem\",\"name\":\"CDD-artigo em destaque\"}}]},{\"@type\":\"Organization\",\"@id\":\"https:\\\/\\\/www.jornalja.com.br\\\/arquivo\\\/#organization\",\"name\":\"Jornal J\\u00c1\",\"description\":\"Jornal J\\u00c1 | Porto Alegre\",\"url\":\"https:\\\/\\\/www.jornalja.com.br\\\/arquivo\\\/\",\"telephone\":\"+555133307272\",\"logo\":{\"@type\":\"ImageObject\",\"url\":\"https:\\\/\\\/www.jornalja.com.br\\\/wp-content\\\/uploads\\\/cards\\\/JAslogan.png\",\"@id\":\"https:\\\/\\\/www.jornalja.com.br\\\/arquivo\\\/por-que-querem-me-condenar\\\/#organizationLogo\"},\"image\":{\"@id\":\"https:\\\/\\\/www.jornalja.com.br\\\/arquivo\\\/por-que-querem-me-condenar\\\/#organizationLogo\"}},{\"@type\":\"Person\",\"@id\":\"https:\\\/\\\/www.jornalja.com.br\\\/arquivo\\\/author\\\/daredacao\\\/#author\",\"url\":\"https:\\\/\\\/www.jornalja.com.br\\\/arquivo\\\/author\\\/daredacao\\\/\",\"name\":\"da Reda\\u00e7\\u00e3o\",\"image\":{\"@type\":\"ImageObject\",\"@id\":\"https:\\\/\\\/www.jornalja.com.br\\\/arquivo\\\/por-que-querem-me-condenar\\\/#authorImage\",\"url\":\"https:\\\/\\\/secure.gravatar.com\\\/avatar\\\/469fd857d6605ad19919d27ed29d35a968a25f6e8fd9318356bbb7f57aae9c65?s=96&d=mm&r=g\",\"width\":96,\"height\":96,\"caption\":\"da Reda\\u00e7\\u00e3o\"}},{\"@type\":\"WebPage\",\"@id\":\"https:\\\/\\\/www.jornalja.com.br\\\/arquivo\\\/por-que-querem-me-condenar\\\/#webpage\",\"url\":\"https:\\\/\\\/www.jornalja.com.br\\\/arquivo\\\/por-que-querem-me-condenar\\\/\",\"name\":\"Por que querem me condenar | Arquivo\",\"inLanguage\":\"pt-BR\",\"isPartOf\":{\"@id\":\"https:\\\/\\\/www.jornalja.com.br\\\/arquivo\\\/#website\"},\"breadcrumb\":{\"@id\":\"https:\\\/\\\/www.jornalja.com.br\\\/arquivo\\\/por-que-querem-me-condenar\\\/#breadcrumblist\"},\"author\":{\"@id\":\"https:\\\/\\\/www.jornalja.com.br\\\/arquivo\\\/author\\\/daredacao\\\/#author\"},\"creator\":{\"@id\":\"https:\\\/\\\/www.jornalja.com.br\\\/arquivo\\\/author\\\/daredacao\\\/#author\"},\"image\":{\"@type\":\"ImageObject\",\"url\":40576,\"@id\":\"https:\\\/\\\/www.jornalja.com.br\\\/arquivo\\\/por-que-querem-me-condenar\\\/#mainImage\"},\"primaryImageOfPage\":{\"@id\":\"https:\\\/\\\/www.jornalja.com.br\\\/arquivo\\\/por-que-querem-me-condenar\\\/#mainImage\"},\"datePublished\":\"2016-10-18T21:38:16-02:00\",\"dateModified\":\"2016-10-18T21:38:16-02:00\"},{\"@type\":\"WebSite\",\"@id\":\"https:\\\/\\\/www.jornalja.com.br\\\/arquivo\\\/#website\",\"url\":\"https:\\\/\\\/www.jornalja.com.br\\\/arquivo\\\/\",\"name\":\"Arquivo\",\"description\":\"Jornal J\\u00c1 | Porto Alegre\",\"inLanguage\":\"pt-BR\",\"publisher\":{\"@id\":\"https:\\\/\\\/www.jornalja.com.br\\\/arquivo\\\/#organization\"}}]}\n\t\t<\/script>\n\t\t<!-- All in One SEO -->\n\n","aioseo_head_json":{"title":"Por que querem me condenar | Arquivo","description":"","canonical_url":"https:\/\/www.jornalja.com.br\/arquivo\/por-que-querem-me-condenar\/","robots":"max-image-preview:large","keywords":"","webmasterTools":{"miscellaneous":""},"schema":{"@context":"https:\/\/schema.org","@graph":[{"@type":"BlogPosting","@id":"https:\/\/www.jornalja.com.br\/arquivo\/por-que-querem-me-condenar\/#blogposting","name":"Por que querem me condenar | Arquivo","headline":"Por que querem me condenar","author":{"@id":"https:\/\/www.jornalja.com.br\/arquivo\/author\/daredacao\/#author"},"publisher":{"@id":"https:\/\/www.jornalja.com.br\/arquivo\/#organization"},"image":{"@type":"ImageObject","url":40576},"datePublished":"2016-10-18T21:38:16-02:00","dateModified":"2016-10-18T21:38:16-02:00","inLanguage":"pt-BR","mainEntityOfPage":{"@id":"https:\/\/www.jornalja.com.br\/arquivo\/por-que-querem-me-condenar\/#webpage"},"isPartOf":{"@id":"https:\/\/www.jornalja.com.br\/arquivo\/por-que-querem-me-condenar\/#webpage"},"articleSection":"CDD-artigo em destaque, HOTSITE Comit\u00ea pela Democracia"},{"@type":"BreadcrumbList","@id":"https:\/\/www.jornalja.com.br\/arquivo\/por-que-querem-me-condenar\/#breadcrumblist","itemListElement":[{"@type":"ListItem","@id":"https:\/\/www.jornalja.com.br\/arquivo#listItem","position":1,"name":"Home","item":"https:\/\/www.jornalja.com.br\/arquivo","nextItem":{"@type":"ListItem","@id":"https:\/\/www.jornalja.com.br\/arquivo\/category\/destaque\/#listItem","name":"CDD-artigo em destaque"}},{"@type":"ListItem","@id":"https:\/\/www.jornalja.com.br\/arquivo\/category\/destaque\/#listItem","position":2,"name":"CDD-artigo em destaque","item":"https:\/\/www.jornalja.com.br\/arquivo\/category\/destaque\/","nextItem":{"@type":"ListItem","@id":"https:\/\/www.jornalja.com.br\/arquivo\/por-que-querem-me-condenar\/#listItem","name":"Por que querem me condenar"},"previousItem":{"@type":"ListItem","@id":"https:\/\/www.jornalja.com.br\/arquivo#listItem","name":"Home"}},{"@type":"ListItem","@id":"https:\/\/www.jornalja.com.br\/arquivo\/por-que-querem-me-condenar\/#listItem","position":3,"name":"Por que querem me condenar","previousItem":{"@type":"ListItem","@id":"https:\/\/www.jornalja.com.br\/arquivo\/category\/destaque\/#listItem","name":"CDD-artigo em destaque"}}]},{"@type":"Organization","@id":"https:\/\/www.jornalja.com.br\/arquivo\/#organization","name":"Jornal J\u00c1","description":"Jornal J\u00c1 | Porto Alegre","url":"https:\/\/www.jornalja.com.br\/arquivo\/","telephone":"+555133307272","logo":{"@type":"ImageObject","url":"https:\/\/www.jornalja.com.br\/wp-content\/uploads\/cards\/JAslogan.png","@id":"https:\/\/www.jornalja.com.br\/arquivo\/por-que-querem-me-condenar\/#organizationLogo"},"image":{"@id":"https:\/\/www.jornalja.com.br\/arquivo\/por-que-querem-me-condenar\/#organizationLogo"}},{"@type":"Person","@id":"https:\/\/www.jornalja.com.br\/arquivo\/author\/daredacao\/#author","url":"https:\/\/www.jornalja.com.br\/arquivo\/author\/daredacao\/","name":"da Reda\u00e7\u00e3o","image":{"@type":"ImageObject","@id":"https:\/\/www.jornalja.com.br\/arquivo\/por-que-querem-me-condenar\/#authorImage","url":"https:\/\/secure.gravatar.com\/avatar\/469fd857d6605ad19919d27ed29d35a968a25f6e8fd9318356bbb7f57aae9c65?s=96&d=mm&r=g","width":96,"height":96,"caption":"da Reda\u00e7\u00e3o"}},{"@type":"WebPage","@id":"https:\/\/www.jornalja.com.br\/arquivo\/por-que-querem-me-condenar\/#webpage","url":"https:\/\/www.jornalja.com.br\/arquivo\/por-que-querem-me-condenar\/","name":"Por que querem me condenar | Arquivo","inLanguage":"pt-BR","isPartOf":{"@id":"https:\/\/www.jornalja.com.br\/arquivo\/#website"},"breadcrumb":{"@id":"https:\/\/www.jornalja.com.br\/arquivo\/por-que-querem-me-condenar\/#breadcrumblist"},"author":{"@id":"https:\/\/www.jornalja.com.br\/arquivo\/author\/daredacao\/#author"},"creator":{"@id":"https:\/\/www.jornalja.com.br\/arquivo\/author\/daredacao\/#author"},"image":{"@type":"ImageObject","url":40576,"@id":"https:\/\/www.jornalja.com.br\/arquivo\/por-que-querem-me-condenar\/#mainImage"},"primaryImageOfPage":{"@id":"https:\/\/www.jornalja.com.br\/arquivo\/por-que-querem-me-condenar\/#mainImage"},"datePublished":"2016-10-18T21:38:16-02:00","dateModified":"2016-10-18T21:38:16-02:00"},{"@type":"WebSite","@id":"https:\/\/www.jornalja.com.br\/arquivo\/#website","url":"https:\/\/www.jornalja.com.br\/arquivo\/","name":"Arquivo","description":"Jornal J\u00c1 | Porto Alegre","inLanguage":"pt-BR","publisher":{"@id":"https:\/\/www.jornalja.com.br\/arquivo\/#organization"}}]},"og:locale":"pt_BR","og:site_name":"Arquivo | Jornal J\u00c1 | Porto Alegre","og:type":"article","og:title":"Por que querem me condenar | Arquivo","og:url":"https:\/\/www.jornalja.com.br\/arquivo\/por-que-querem-me-condenar\/","og:image":"https:\/\/www.jornalja.com.br\/economics\/wp-content\/uploads\/sites\/11\/2026\/08\/ja-folhaderosto-facebook.jpg","og:image:secure_url":"https:\/\/www.jornalja.com.br\/economics\/wp-content\/uploads\/sites\/11\/2026\/08\/ja-folhaderosto-facebook.jpg","article:published_time":"2016-10-19T00:38:16+00:00","article:modified_time":"2016-10-19T00:38:16+00:00","twitter:card":"summary","twitter:title":"Por que querem me condenar | Arquivo","twitter:image":"https:\/\/www.jornalja.com.br\/economics\/wp-content\/uploads\/sites\/11\/2026\/08\/ja-folhaderosto-facebook.jpg"},"aioseo_meta_data":{"post_id":"40575","title":null,"description":null,"keywords":null,"keyphrases":null,"primary_term":null,"canonical_url":null,"og_title":null,"og_description":null,"og_object_type":"default","og_image_type":"default","og_image_url":null,"og_image_width":null,"og_image_height":null,"og_image_custom_url":null,"og_image_custom_fields":null,"og_video":null,"og_custom_url":null,"og_article_section":null,"og_article_tags":null,"twitter_use_og":false,"twitter_card":"default","twitter_image_type":"default","twitter_image_url":null,"twitter_image_custom_url":null,"twitter_image_custom_fields":null,"twitter_title":null,"twitter_description":null,"schema":{"blockGraphs":[],"customGraphs":[],"default":{"data":{"Article":[],"Course":[],"Dataset":[],"FAQPage":[],"Movie":[],"Person":[],"Product":[],"ProductReview":[],"Car":[],"Recipe":[],"Service":[],"SoftwareApplication":[],"WebPage":[]},"graphName":"","isEnabled":true},"graphs":[],"defaultGraph":"","defaultPostTypeGraph":""},"schema_type":null,"schema_type_options":null,"pillar_content":false,"robots_default":true,"robots_noindex":false,"robots_noarchive":false,"robots_nosnippet":false,"robots_nofollow":false,"robots_noimageindex":false,"robots_noodp":false,"robots_notranslate":false,"robots_max_snippet":null,"robots_max_videopreview":null,"robots_max_imagepreview":"large","priority":null,"frequency":null,"location":null,"local_seo":null,"breadcrumb_settings":null,"limit_modified_date":false,"ai":null,"created":"2020-12-20 20:45:49","updated":"2025-07-19 17:40:23","seo_analyzer_scan_date":null,"focus_keyword":null,"additional_keywords":null,"truseo_locale":null},"jetpack_sharing_enabled":true,"jetpack-related-posts":[{"id":13124,"url":"https:\/\/www.jornalja.com.br\/arquivo\/sangue-latino-no-iecine\/","url_meta":{"origin":40575,"position":0},"title":"Sangue latino no IECINE","author":"da Reda\u00e7\u00e3o","date":"18 de maio de 2014","format":false,"excerpt":"Francisco Ribeiro O Instituto Estadual de Cinema (IECINE) tem a frente, desde abril \u00faltimo, um novo diretor, o cineasta colombiano Juan Zapata, 36, que substitui Luiz Alberto Cassol. Radicado h\u00e1 dez anos em Porto Alegre, Zapata tem diante de si o desafio de conduzir at\u00e9 o final do ano um\u2026","rel":"","context":"Em &quot;Cultura-Geral&quot;","block_context":{"text":"Cultura-Geral","link":"https:\/\/www.jornalja.com.br\/arquivo\/category\/materiasecundaria\/"},"img":{"alt_text":"","src":"","width":0,"height":0},"classes":[]},{"id":5440,"url":"https:\/\/www.jornalja.com.br\/arquivo\/casarao-da-venancio-destino-permanece-incerto\/","url_meta":{"origin":40575,"position":1},"title":"Estado ainda n\u00e3o sabe o que fazer com casar\u00e3o abandonado h\u00e1 20 anos","author":"Elmar Bones","date":"6 de julho de 2009","format":false,"excerpt":"O casar\u00e3o amarelo, numa esquina nobre de Porto Alegre (Ven\u00e2ncio Aires com Jo\u00e3o Pessoa), j\u00e1 abrigou uma escola. H\u00e1 duas d\u00e9cadas, pelo menos, est\u00e1 abandonado, porque seu propriet\u00e1rio, o governo do Estado do Rio Grande do Sul, n\u00e3o consegue achar um destino para ele. Planos n\u00e3o faltaram. O governador Ol\u00edvio\u2026","rel":"","context":"Em &quot;X.Categorias velhas&quot;","block_context":{"text":"X.Categorias velhas","link":"https:\/\/www.jornalja.com.br\/arquivo\/category\/x-categorias-velhas\/"},"img":{"alt_text":"geraldo1","src":"https:\/\/i0.wp.com\/www.jornalja.com.br\/wp-content\/uploads\/2009\/07\/geraldo1.jpg?resize=350%2C200&ssl=1","width":350,"height":200},"classes":[]},{"id":13240,"url":"https:\/\/www.jornalja.com.br\/arquivo\/plano-diretor-estamos-construindo-o-caos\/","url_meta":{"origin":40575,"position":2},"title":"Plano diretor: &quot;Estamos construindo o caos&quot;","author":"Patr\u00edcia Marini","date":"26 de maio de 2014","format":false,"excerpt":"Desabafo que arquiteta Eliana Castilhos, delegada da Regi\u00e3o de Planejamento 1, postou nas redes sociais \u00e9 um testemunho do ambiente que se criou no Conselho do Plano Diretor de Porto Alegre, onde a aprova\u00e7\u00e3o de grandes empreendimentos \u00e9 empurrada guela abaixo dos conselheiros. Ao CMDUA Como delegada da Regi\u00e3o de\u2026","rel":"","context":"Em &quot;Geral&quot;","block_context":{"text":"Geral","link":"https:\/\/www.jornalja.com.br\/arquivo\/category\/geral\/"},"img":{"alt_text":"","src":"","width":0,"height":0},"classes":[]},{"id":13239,"url":"https:\/\/www.jornalja.com.br\/arquivo\/conselho-desdenha-do-plano-diretor\/","url_meta":{"origin":40575,"position":3},"title":"Porto Alegre: Conselho detona Plano Diretor","author":"Patr\u00edcia Marini","date":"25 de maio de 2014","format":false,"excerpt":"Den\u00fancia do arquiteto e \u00a0urbanista Ibir\u00e1 Santos Lucas. Ele diz que os conselheiros est\u00e3o votando com \"enorme irresponsabilidade\". \"Mudam regime com a maior naturalidade,,,regularizam absurdos de constru\u00e7\u00f5es irregulares... \"O CMDUA est\u00e1 flexibilizando a lei do plano diretor, de uma forma impactante na vida da cidade. Mudam regime com a maior\u2026","rel":"","context":"Em &quot;Geral&quot;","block_context":{"text":"Geral","link":"https:\/\/www.jornalja.com.br\/arquivo\/category\/geral\/"},"img":{"alt_text":"","src":"","width":0,"height":0},"classes":[]},{"id":14241,"url":"https:\/\/www.jornalja.com.br\/arquivo\/o-guaiba-nas-imagens-poeticas-de-achutti\/","url_meta":{"origin":40575,"position":4},"title":"O Gua\u00edba nas imagens po\u00e9ticas de Achutti","author":"da Reda\u00e7\u00e3o","date":"18 de junho de 2014","format":false,"excerpt":"Em \u201cO Gua\u00edba por Achutti\u201d \u2013 obra financiada via Minist\u00e9rio da Cultura, produ\u00e7\u00e3o executiva de Pedro Longhi, e Fl\u00e1vio Wild como designer \u2013, o fot\u00f3grafo revela a beleza e as mazelas de um espa\u00e7o aqu\u00e1tico de \u00e1guas sempre renovadas, cheio de hist\u00f3rias e lendas como as das cidades que foram\u2026","rel":"","context":"Em &quot;Cultura-Geral&quot;","block_context":{"text":"Cultura-Geral","link":"https:\/\/www.jornalja.com.br\/arquivo\/category\/materiasecundaria\/"},"img":{"alt_text":"","src":"","width":0,"height":0},"classes":[]},{"id":13109,"url":"https:\/\/www.jornalja.com.br\/arquivo\/judiciario-reconhece-poluicao-eletromagnetica\/","url_meta":{"origin":40575,"position":5},"title":"Judici\u00e1rio reconhece polui\u00e7\u00e3o eletromagn\u00e9tica","author":"Patr\u00edcia Marini","date":"16 de maio de 2014","format":false,"excerpt":"A\u00e7\u00e3o de duas associa\u00e7\u00f5es de moradores foi acolhida pelo Tribunal de Justi\u00e7a de S\u00e3o Paulo que. em decis\u00e3o in\u00e9dita, determinou a redu\u00e7\u00e3o do campo eletromagn\u00e9tico gerado pelas linhas de transmiss\u00e3o de energia que cortam os bairros City Boa\u00e7ava e Alto de Pinheiros. \u00c9 a primeira vez que um tribunal do\u2026","rel":"","context":"Em &quot;X.Categorias velhas&quot;","block_context":{"text":"X.Categorias velhas","link":"https:\/\/www.jornalja.com.br\/arquivo\/category\/x-categorias-velhas\/"},"img":{"alt_text":"","src":"","width":0,"height":0},"classes":[]}],"jetpack_shortlink":"https:\/\/wp.me\/pbQjBd-ayr","jetpack_featured_media_url":"","_links":{"self":[{"href":"https:\/\/www.jornalja.com.br\/arquivo\/wp-json\/wp\/v2\/posts\/40575","targetHints":{"allow":["GET"]}}],"collection":[{"href":"https:\/\/www.jornalja.com.br\/arquivo\/wp-json\/wp\/v2\/posts"}],"about":[{"href":"https:\/\/www.jornalja.com.br\/arquivo\/wp-json\/wp\/v2\/types\/post"}],"author":[{"embeddable":true,"href":"https:\/\/www.jornalja.com.br\/arquivo\/wp-json\/wp\/v2\/users\/4"}],"replies":[{"embeddable":true,"href":"https:\/\/www.jornalja.com.br\/arquivo\/wp-json\/wp\/v2\/comments?post=40575"}],"version-history":[{"count":0,"href":"https:\/\/www.jornalja.com.br\/arquivo\/wp-json\/wp\/v2\/posts\/40575\/revisions"}],"wp:attachment":[{"href":"https:\/\/www.jornalja.com.br\/arquivo\/wp-json\/wp\/v2\/media?parent=40575"}],"wp:term":[{"taxonomy":"category","embeddable":true,"href":"https:\/\/www.jornalja.com.br\/arquivo\/wp-json\/wp\/v2\/categories?post=40575"},{"taxonomy":"post_tag","embeddable":true,"href":"https:\/\/www.jornalja.com.br\/arquivo\/wp-json\/wp\/v2\/tags?post=40575"}],"curies":[{"name":"wp","href":"https:\/\/api.w.org\/{rel}","templated":true}]}}