{"id":40659,"date":"2016-10-20T15:16:51","date_gmt":"2016-10-20T18:16:51","guid":{"rendered":"https:\/\/www.jornalja.com.br\/?p=40659"},"modified":"2016-10-20T15:16:51","modified_gmt":"2016-10-20T18:16:51","slug":"a-prisao-de-cunha-nao-ameaca-lula","status":"publish","type":"post","link":"https:\/\/www.jornalja.com.br\/arquivo\/a-prisao-de-cunha-nao-ameaca-lula\/","title":{"rendered":"A pris\u00e3o de Cunha n\u00e3o amea\u00e7a Lula"},"content":{"rendered":"<p><span class=\"assina\">Pinheiro do Vale\u00a0<\/span><br \/>\nA pris\u00e3o de Lula pela Opera\u00e7\u00e3o Lava Jato ainda \u00e9 improv\u00e1vel, pelo menos at\u00e9 este momento, desde que seja seguida a regra principal do juiz S\u00e9rgio Moro para encarcerar suspeitos.<br \/>\nO ex-presidente da C\u00e2mara, Eduardo Cunha, foi levado a Curitiba porque havia possibilidade concreta de fuga para o Exterior: contas em bancos estrangeiros e, mais ainda, um passaporte italiano que lhe daria imunidade no Velho Mundo.<br \/>\nAt\u00e9 ser definitivamente condenado, Cunha estaria protegido, tal como o ex-diretor de Marketing do Banco do Brasil, Henrique Pizolato, condenado no processo do Mensal\u00e3o e que se encontrava exilado na It\u00e1lia protegido por sua dupla nacionalidade. Confirmada a senten\u00e7a, o governo de Roma mandou-o de volta para a Penitenci\u00e1ria da Papuda. Em Bras\u00edlia.<br \/>\nIsto invalida o diz-que-diz-que de que Cunha est\u00e1 l\u00e1 para abrir a porta da cadeia ao ex-presidente.<br \/>\nLula n\u00e3o perfaz nenhuma dessas amea\u00e7as a um eventual processo (at\u00e9 o momento ele foi apenas indiciado). N\u00e3o tem contas no Exterior e s\u00f3 \u00e9 brasileiro puro.<br \/>\nO ex-presidente n\u00e3o se cansa de desmentir que vai pedir asilo neste ou naquele pa\u00eds. Isto \u00e9 importante pois quem espalha esses boatos s\u00e3o seus pr\u00f3prios correligion\u00e1rios, achando que, com isto, est\u00e3o protegendo Lula. Ledo engano: a acenarem com essa possibilidade est\u00e3o chamando os agentes da Pol\u00edcia Federal com mandado da Justi\u00e7a por amea\u00e7a de fuga do Pa\u00eds. Gol contra dos \u201ccompanheiros\u201d. Mui amigos.<br \/>\nLula tamb\u00e9m n\u00e3o se cansa de dizer que seus bens s\u00e3o os declarados e que o dinheiro de que disp\u00f5e vem de seus sal\u00e1rios como deputado federal e presidente da Rep\u00fablica, al\u00e9m de doa\u00e7\u00f5es e ajudas de custo do partido.<br \/>\nNada errado: o ex-presidente nunca escondeu que fora pol\u00edtico profissional, sustentado pelo PT, com doa\u00e7\u00f5es de seus militantes. N\u00e3o se esque\u00e7am que os petistas que ocupavam cargos p\u00fablicos tinham o compromisso de doar parte de seus subs\u00eddios ao partido.<br \/>\nNos \u00faltimos tempos, j\u00e1 como cidad\u00e3o comum, sustentava-se com seu sal\u00e1rio de ex-presidente e cach\u00eas por confer\u00eancias, apari\u00e7\u00f5es p\u00fablicas e outros tipos de remunera\u00e7\u00e3o de celebridades. Cobrava caro, pois ningu\u00e9m discorda que era uma das maiores personalidades mundiais, quase t\u00e3o famoso quanto Pel\u00e9. Portanto, tudo explicadinho.<br \/>\nA suspeita de que Lula tenha fundos no Exterior atira no ar a cal\u00fania de que seu dinheiro estaria em Angola e Cuba, pa\u00edses fora dos controles do sistema financeiro internacional, com regimes ditatoriais que n\u00e3o permitem intrusos nas suas contas p\u00fablicas ou privadas.<br \/>\nNeste caso, se n\u00e3o fosse uma cal\u00fania rasteira, tais fundos estariam nos grandes bancos, mas triangulados com Cuba ou Angola, em nome de laranjas desconhecidos. Isto n\u00e3o \u00e9 poss\u00edvel, tanto que nada apareceu. S\u00f3 cal\u00fanias.<br \/>\nDe ter fundos secretos em Cuba nem se deve dar ouvidos, pois se houvesse alguma coisa j\u00e1 teria surgido na imprensa internacional: o pa\u00eds de Fidel Castro at\u00e9 muito pouco tempo estava na lista de estados terroristas do FBI, portanto estreitamente vigiado. N\u00e3o faltaria um bom vazamento.<br \/>\nQuanto a Angola, dizem que Lula investiu seu dinheiro em opera\u00e7\u00f5es acobertadas pela filha do presidente Jos\u00e9 Eduardo Santos, a empres\u00e1ria Isabel Santos, atualmente apontada pela revista<em> Forbes<\/em> como a maior fortuna pessoal do continente africano.<br \/>\n\u00c9 uma grande maldade acolherar Lula com Isabel. Ela \u00e9 uma pessoa soterrada por suspeitas, considerada pela Transpar\u00eancia Internacional como a sexta pessoa mais corrupta do mundo. Sua fortuna n\u00e3o est\u00e1 apenas em Angola. Ela \u00e9 grande acionista de v\u00e1rios bancos europeus e tem investimentos em mais de uma dezena de megaempresas na Uni\u00e3o Europeia e, especialmente, em Portugal. Seria uma laranja invulner\u00e1vel.<br \/>\nNa verdade, as suspeitas lan\u00e7adas sobre Isabel Santos \u00e9 que ela seria n\u00e3o uma laranja, mas um pomar inteiro, e que Angola seria o estado reciclador dos caixas dois de uma dezena de potentados do antigo mundo sovi\u00e9tico, dentre eles Vladimir Putin. De fato, tamanha fortuna seria de muitos donos e seu pai, o presidente Santos, teria infiltrado Lula e alguns outros amigos brasileiros. Uma blindagem impenetr\u00e1vel.<br \/>\nIsabel n\u00e3o \u00e9 uma figura grosseira de uma ditadura africana. Pelo contr\u00e1rio. Nasceu em Baku, na ent\u00e3o Rep\u00fablica Socialista Sovi\u00e9tica do Azerbaij\u00e3o, onde seu pai estava exilado e atuava como um dos chefes da guerrilha angolana, o MPLA, no posto de general revolucion\u00e1rio.<br \/>\nSua m\u00e3e, Tatiana Kukanova, \u00e9 azerbaijana de etnia russa, alta funcion\u00e1ria do PCUS. Isabel nasceu em 1973. Teve uma educa\u00e7\u00e3o esmerada mesmo para os padr\u00f5es europeus: fez sua forma\u00e7\u00e3o b\u00e1sica na escola para mo\u00e7as da nobreza brit\u00e2nica, a Saint Paul Girls School, e graduou-se em Engenharia Eletr\u00f4nica pelo Kings College de Londres. Tamb\u00e9m se casou com um homem refinado, o conhecido colecionador de arte Sindika Dokolo, natural da Rep\u00fablica Democr\u00e1tica do Congo.<br \/>\nQuando voltou a seu pa\u00eds, nos anos 1990, chegou a trabalhar como engenheira, mas logo deslocou-se para o mundo dos neg\u00f3cios, onde triunfou a ponto de se converter numa das 100 mulheres mais poderosas do mundo. Seu pai trabalha sua candidatura a presidente de Angola.<br \/>\nEla seria a s\u00f3cia de Lula, segundo seus detratores. N\u00e3o h\u00e1 como provar essa liga\u00e7\u00e3o nem minimamente. Tampouco h\u00e1 qualquer ind\u00edcio de algum investimento do ex-presidente em neg\u00f3cios comandados pela angolana.<br \/>\nNem mesmo fazendo os mais sinuosos contorcionismos legais o arrojado juiz S\u00e9rgio Moro pode invocar seja o que for para sugerir que Lula n\u00e3o fala a verdade quando diz que n\u00e3o quer nem tem como fugir do Pa\u00eds.<br \/>\nO que se fala em Bras\u00edlia relativamente \u00e0s poss\u00edveis den\u00fancias de Eduardo Cunha \u00e9 que podem apontar corruptos em outras plagas, tanto no ninho tucano como na toca das raposas do PMDB. N\u00e3o seria por nada que o presidente ileg\u00edtimo Michel Temer pegou o avi\u00e3o e voltou voando para o Brasil t\u00e3o logo soube que seu correligion\u00e1rio cassado estava atr\u00e1s das grades.<br \/>\nNa verdade, n\u00e3o \u00e9 Lula, mas Temer que deve botar as barbas de molho.<\/p>\n","protected":false},"excerpt":{"rendered":"<p>Pinheiro do Vale\u00a0 A pris\u00e3o de Lula pela Opera\u00e7\u00e3o Lava Jato ainda \u00e9 improv\u00e1vel, pelo menos at\u00e9 este momento, desde que seja seguida a regra principal do juiz S\u00e9rgio Moro para encarcerar suspeitos. O ex-presidente da C\u00e2mara, Eduardo Cunha, foi levado a Curitiba porque havia possibilidade concreta de fuga para o Exterior: contas em bancos [&hellip;]<\/p>\n","protected":false},"author":4,"featured_media":0,"comment_status":"open","ping_status":"closed","sticky":false,"template":"","format":"standard","meta":{"_jetpack_newsletter_access":"","_jetpack_dont_email_post_to_subs":false,"_jetpack_newsletter_tier_id":0,"_jetpack_memberships_contains_paywalled_content":false,"_jetpack_feature_clip_id":0,"_jetpack_memberships_contains_paid_content":false,"footnotes":"","jetpack_post_was_ever_published":false},"categories":[10],"tags":[],"class_list":["post-40659","post","type-post","status-publish","format-standard","hentry","category-analiseopiniao"],"aioseo_notices":[],"aioseo_head":"\n\t\t<!-- All in One SEO 5.0.1.1 - aioseo.com -->\n\t<meta name=\"robots\" content=\"max-image-preview:large\" \/>\n\t<meta name=\"author\" content=\"da Reda\u00e7\u00e3o\"\/>\n\t<link rel=\"canonical\" href=\"https:\/\/www.jornalja.com.br\/arquivo\/a-prisao-de-cunha-nao-ameaca-lula\/\" \/>\n\t<meta name=\"generator\" content=\"All in One SEO (AIOSEO) 5.0.1.1\" \/>\n\t\t<meta property=\"og:locale\" content=\"pt_BR\" \/>\n\t\t<meta property=\"og:site_name\" content=\"Arquivo | Jornal J\u00c1 | Porto Alegre\" \/>\n\t\t<meta property=\"og:type\" content=\"article\" \/>\n\t\t<meta property=\"og:title\" content=\"A pris\u00e3o de Cunha n\u00e3o amea\u00e7a Lula | Arquivo\" \/>\n\t\t<meta property=\"og:url\" content=\"https:\/\/www.jornalja.com.br\/arquivo\/a-prisao-de-cunha-nao-ameaca-lula\/\" \/>\n\t\t<meta property=\"og:image\" content=\"https:\/\/www.jornalja.com.br\/economics\/wp-content\/uploads\/sites\/11\/2026\/08\/ja-folhaderosto-facebook.jpg\" \/>\n\t\t<meta property=\"og:image:secure_url\" content=\"https:\/\/www.jornalja.com.br\/economics\/wp-content\/uploads\/sites\/11\/2026\/08\/ja-folhaderosto-facebook.jpg\" \/>\n\t\t<meta property=\"article:published_time\" content=\"2016-10-20T18:16:51+00:00\" \/>\n\t\t<meta property=\"article:modified_time\" content=\"2016-10-20T18:16:51+00:00\" \/>\n\t\t<meta name=\"twitter:card\" content=\"summary\" \/>\n\t\t<meta name=\"twitter:title\" content=\"A pris\u00e3o de Cunha n\u00e3o amea\u00e7a Lula | Arquivo\" \/>\n\t\t<meta name=\"twitter:image\" content=\"https:\/\/www.jornalja.com.br\/economics\/wp-content\/uploads\/sites\/11\/2026\/08\/ja-folhaderosto-facebook.jpg\" \/>\n\t\t<script type=\"application\/ld+json\" class=\"aioseo-schema\">\n\t\t\t{\"@context\":\"https:\\\/\\\/schema.org\",\"@graph\":[{\"@type\":\"BlogPosting\",\"@id\":\"https:\\\/\\\/www.jornalja.com.br\\\/arquivo\\\/a-prisao-de-cunha-nao-ameaca-lula\\\/#blogposting\",\"name\":\"A pris\\u00e3o de Cunha n\\u00e3o amea\\u00e7a Lula | Arquivo\",\"headline\":\"A pris\\u00e3o de Cunha n\\u00e3o amea\\u00e7a Lula\",\"author\":{\"@id\":\"https:\\\/\\\/www.jornalja.com.br\\\/arquivo\\\/author\\\/daredacao\\\/#author\"},\"publisher\":{\"@id\":\"https:\\\/\\\/www.jornalja.com.br\\\/arquivo\\\/#organization\"},\"image\":{\"@type\":\"ImageObject\",\"url\":\"https:\\\/\\\/www.jornalja.com.br\\\/wp-content\\\/uploads\\\/cards\\\/JAslogan.png\",\"@id\":\"https:\\\/\\\/www.jornalja.com.br\\\/arquivo\\\/#articleImage\"},\"datePublished\":\"2016-10-20T15:16:51-02:00\",\"dateModified\":\"2016-10-20T15:16:51-02:00\",\"inLanguage\":\"pt-BR\",\"mainEntityOfPage\":{\"@id\":\"https:\\\/\\\/www.jornalja.com.br\\\/arquivo\\\/a-prisao-de-cunha-nao-ameaca-lula\\\/#webpage\"},\"isPartOf\":{\"@id\":\"https:\\\/\\\/www.jornalja.com.br\\\/arquivo\\\/a-prisao-de-cunha-nao-ameaca-lula\\\/#webpage\"},\"articleSection\":\"AN\\u00c1LISE&amp;OPINI\\u00c3O\"},{\"@type\":\"BreadcrumbList\",\"@id\":\"https:\\\/\\\/www.jornalja.com.br\\\/arquivo\\\/a-prisao-de-cunha-nao-ameaca-lula\\\/#breadcrumblist\",\"itemListElement\":[{\"@type\":\"ListItem\",\"@id\":\"https:\\\/\\\/www.jornalja.com.br\\\/arquivo#listItem\",\"position\":1,\"name\":\"Home\",\"item\":\"https:\\\/\\\/www.jornalja.com.br\\\/arquivo\",\"nextItem\":{\"@type\":\"ListItem\",\"@id\":\"https:\\\/\\\/www.jornalja.com.br\\\/arquivo\\\/category\\\/analiseopiniao\\\/#listItem\",\"name\":\"AN\\u00c1LISE&amp;OPINI\\u00c3O\"}},{\"@type\":\"ListItem\",\"@id\":\"https:\\\/\\\/www.jornalja.com.br\\\/arquivo\\\/category\\\/analiseopiniao\\\/#listItem\",\"position\":2,\"name\":\"AN\\u00c1LISE&amp;OPINI\\u00c3O\",\"item\":\"https:\\\/\\\/www.jornalja.com.br\\\/arquivo\\\/category\\\/analiseopiniao\\\/\",\"nextItem\":{\"@type\":\"ListItem\",\"@id\":\"https:\\\/\\\/www.jornalja.com.br\\\/arquivo\\\/a-prisao-de-cunha-nao-ameaca-lula\\\/#listItem\",\"name\":\"A pris\\u00e3o de Cunha n\\u00e3o amea\\u00e7a Lula\"},\"previousItem\":{\"@type\":\"ListItem\",\"@id\":\"https:\\\/\\\/www.jornalja.com.br\\\/arquivo#listItem\",\"name\":\"Home\"}},{\"@type\":\"ListItem\",\"@id\":\"https:\\\/\\\/www.jornalja.com.br\\\/arquivo\\\/a-prisao-de-cunha-nao-ameaca-lula\\\/#listItem\",\"position\":3,\"name\":\"A pris\\u00e3o de Cunha n\\u00e3o amea\\u00e7a Lula\",\"previousItem\":{\"@type\":\"ListItem\",\"@id\":\"https:\\\/\\\/www.jornalja.com.br\\\/arquivo\\\/category\\\/analiseopiniao\\\/#listItem\",\"name\":\"AN\\u00c1LISE&amp;OPINI\\u00c3O\"}}]},{\"@type\":\"Organization\",\"@id\":\"https:\\\/\\\/www.jornalja.com.br\\\/arquivo\\\/#organization\",\"name\":\"Jornal J\\u00c1\",\"description\":\"Jornal J\\u00c1 | Porto Alegre\",\"url\":\"https:\\\/\\\/www.jornalja.com.br\\\/arquivo\\\/\",\"telephone\":\"+555133307272\",\"logo\":{\"@type\":\"ImageObject\",\"url\":\"https:\\\/\\\/www.jornalja.com.br\\\/wp-content\\\/uploads\\\/cards\\\/JAslogan.png\",\"@id\":\"https:\\\/\\\/www.jornalja.com.br\\\/arquivo\\\/a-prisao-de-cunha-nao-ameaca-lula\\\/#organizationLogo\"},\"image\":{\"@id\":\"https:\\\/\\\/www.jornalja.com.br\\\/arquivo\\\/a-prisao-de-cunha-nao-ameaca-lula\\\/#organizationLogo\"}},{\"@type\":\"Person\",\"@id\":\"https:\\\/\\\/www.jornalja.com.br\\\/arquivo\\\/author\\\/daredacao\\\/#author\",\"url\":\"https:\\\/\\\/www.jornalja.com.br\\\/arquivo\\\/author\\\/daredacao\\\/\",\"name\":\"da Reda\\u00e7\\u00e3o\",\"image\":{\"@type\":\"ImageObject\",\"@id\":\"https:\\\/\\\/www.jornalja.com.br\\\/arquivo\\\/a-prisao-de-cunha-nao-ameaca-lula\\\/#authorImage\",\"url\":\"https:\\\/\\\/secure.gravatar.com\\\/avatar\\\/469fd857d6605ad19919d27ed29d35a968a25f6e8fd9318356bbb7f57aae9c65?s=96&d=mm&r=g\",\"width\":96,\"height\":96,\"caption\":\"da Reda\\u00e7\\u00e3o\"}},{\"@type\":\"WebPage\",\"@id\":\"https:\\\/\\\/www.jornalja.com.br\\\/arquivo\\\/a-prisao-de-cunha-nao-ameaca-lula\\\/#webpage\",\"url\":\"https:\\\/\\\/www.jornalja.com.br\\\/arquivo\\\/a-prisao-de-cunha-nao-ameaca-lula\\\/\",\"name\":\"A pris\\u00e3o de Cunha n\\u00e3o amea\\u00e7a Lula | Arquivo\",\"inLanguage\":\"pt-BR\",\"isPartOf\":{\"@id\":\"https:\\\/\\\/www.jornalja.com.br\\\/arquivo\\\/#website\"},\"breadcrumb\":{\"@id\":\"https:\\\/\\\/www.jornalja.com.br\\\/arquivo\\\/a-prisao-de-cunha-nao-ameaca-lula\\\/#breadcrumblist\"},\"author\":{\"@id\":\"https:\\\/\\\/www.jornalja.com.br\\\/arquivo\\\/author\\\/daredacao\\\/#author\"},\"creator\":{\"@id\":\"https:\\\/\\\/www.jornalja.com.br\\\/arquivo\\\/author\\\/daredacao\\\/#author\"},\"datePublished\":\"2016-10-20T15:16:51-02:00\",\"dateModified\":\"2016-10-20T15:16:51-02:00\"},{\"@type\":\"WebSite\",\"@id\":\"https:\\\/\\\/www.jornalja.com.br\\\/arquivo\\\/#website\",\"url\":\"https:\\\/\\\/www.jornalja.com.br\\\/arquivo\\\/\",\"name\":\"Arquivo\",\"description\":\"Jornal J\\u00c1 | Porto Alegre\",\"inLanguage\":\"pt-BR\",\"publisher\":{\"@id\":\"https:\\\/\\\/www.jornalja.com.br\\\/arquivo\\\/#organization\"}}]}\n\t\t<\/script>\n\t\t<!-- All in One SEO -->\n\n","aioseo_head_json":{"title":"A pris\u00e3o de Cunha n\u00e3o amea\u00e7a Lula | Arquivo","description":"","canonical_url":"https:\/\/www.jornalja.com.br\/arquivo\/a-prisao-de-cunha-nao-ameaca-lula\/","robots":"max-image-preview:large","keywords":"","webmasterTools":{"miscellaneous":""},"schema":{"@context":"https:\/\/schema.org","@graph":[{"@type":"BlogPosting","@id":"https:\/\/www.jornalja.com.br\/arquivo\/a-prisao-de-cunha-nao-ameaca-lula\/#blogposting","name":"A pris\u00e3o de Cunha n\u00e3o amea\u00e7a Lula | Arquivo","headline":"A pris\u00e3o de Cunha n\u00e3o amea\u00e7a Lula","author":{"@id":"https:\/\/www.jornalja.com.br\/arquivo\/author\/daredacao\/#author"},"publisher":{"@id":"https:\/\/www.jornalja.com.br\/arquivo\/#organization"},"image":{"@type":"ImageObject","url":"https:\/\/www.jornalja.com.br\/wp-content\/uploads\/cards\/JAslogan.png","@id":"https:\/\/www.jornalja.com.br\/arquivo\/#articleImage"},"datePublished":"2016-10-20T15:16:51-02:00","dateModified":"2016-10-20T15:16:51-02:00","inLanguage":"pt-BR","mainEntityOfPage":{"@id":"https:\/\/www.jornalja.com.br\/arquivo\/a-prisao-de-cunha-nao-ameaca-lula\/#webpage"},"isPartOf":{"@id":"https:\/\/www.jornalja.com.br\/arquivo\/a-prisao-de-cunha-nao-ameaca-lula\/#webpage"},"articleSection":"AN\u00c1LISE&amp;OPINI\u00c3O"},{"@type":"BreadcrumbList","@id":"https:\/\/www.jornalja.com.br\/arquivo\/a-prisao-de-cunha-nao-ameaca-lula\/#breadcrumblist","itemListElement":[{"@type":"ListItem","@id":"https:\/\/www.jornalja.com.br\/arquivo#listItem","position":1,"name":"Home","item":"https:\/\/www.jornalja.com.br\/arquivo","nextItem":{"@type":"ListItem","@id":"https:\/\/www.jornalja.com.br\/arquivo\/category\/analiseopiniao\/#listItem","name":"AN\u00c1LISE&amp;OPINI\u00c3O"}},{"@type":"ListItem","@id":"https:\/\/www.jornalja.com.br\/arquivo\/category\/analiseopiniao\/#listItem","position":2,"name":"AN\u00c1LISE&amp;OPINI\u00c3O","item":"https:\/\/www.jornalja.com.br\/arquivo\/category\/analiseopiniao\/","nextItem":{"@type":"ListItem","@id":"https:\/\/www.jornalja.com.br\/arquivo\/a-prisao-de-cunha-nao-ameaca-lula\/#listItem","name":"A pris\u00e3o de Cunha n\u00e3o amea\u00e7a Lula"},"previousItem":{"@type":"ListItem","@id":"https:\/\/www.jornalja.com.br\/arquivo#listItem","name":"Home"}},{"@type":"ListItem","@id":"https:\/\/www.jornalja.com.br\/arquivo\/a-prisao-de-cunha-nao-ameaca-lula\/#listItem","position":3,"name":"A pris\u00e3o de Cunha n\u00e3o amea\u00e7a Lula","previousItem":{"@type":"ListItem","@id":"https:\/\/www.jornalja.com.br\/arquivo\/category\/analiseopiniao\/#listItem","name":"AN\u00c1LISE&amp;OPINI\u00c3O"}}]},{"@type":"Organization","@id":"https:\/\/www.jornalja.com.br\/arquivo\/#organization","name":"Jornal J\u00c1","description":"Jornal J\u00c1 | Porto Alegre","url":"https:\/\/www.jornalja.com.br\/arquivo\/","telephone":"+555133307272","logo":{"@type":"ImageObject","url":"https:\/\/www.jornalja.com.br\/wp-content\/uploads\/cards\/JAslogan.png","@id":"https:\/\/www.jornalja.com.br\/arquivo\/a-prisao-de-cunha-nao-ameaca-lula\/#organizationLogo"},"image":{"@id":"https:\/\/www.jornalja.com.br\/arquivo\/a-prisao-de-cunha-nao-ameaca-lula\/#organizationLogo"}},{"@type":"Person","@id":"https:\/\/www.jornalja.com.br\/arquivo\/author\/daredacao\/#author","url":"https:\/\/www.jornalja.com.br\/arquivo\/author\/daredacao\/","name":"da Reda\u00e7\u00e3o","image":{"@type":"ImageObject","@id":"https:\/\/www.jornalja.com.br\/arquivo\/a-prisao-de-cunha-nao-ameaca-lula\/#authorImage","url":"https:\/\/secure.gravatar.com\/avatar\/469fd857d6605ad19919d27ed29d35a968a25f6e8fd9318356bbb7f57aae9c65?s=96&d=mm&r=g","width":96,"height":96,"caption":"da Reda\u00e7\u00e3o"}},{"@type":"WebPage","@id":"https:\/\/www.jornalja.com.br\/arquivo\/a-prisao-de-cunha-nao-ameaca-lula\/#webpage","url":"https:\/\/www.jornalja.com.br\/arquivo\/a-prisao-de-cunha-nao-ameaca-lula\/","name":"A pris\u00e3o de Cunha n\u00e3o amea\u00e7a Lula | Arquivo","inLanguage":"pt-BR","isPartOf":{"@id":"https:\/\/www.jornalja.com.br\/arquivo\/#website"},"breadcrumb":{"@id":"https:\/\/www.jornalja.com.br\/arquivo\/a-prisao-de-cunha-nao-ameaca-lula\/#breadcrumblist"},"author":{"@id":"https:\/\/www.jornalja.com.br\/arquivo\/author\/daredacao\/#author"},"creator":{"@id":"https:\/\/www.jornalja.com.br\/arquivo\/author\/daredacao\/#author"},"datePublished":"2016-10-20T15:16:51-02:00","dateModified":"2016-10-20T15:16:51-02:00"},{"@type":"WebSite","@id":"https:\/\/www.jornalja.com.br\/arquivo\/#website","url":"https:\/\/www.jornalja.com.br\/arquivo\/","name":"Arquivo","description":"Jornal J\u00c1 | Porto Alegre","inLanguage":"pt-BR","publisher":{"@id":"https:\/\/www.jornalja.com.br\/arquivo\/#organization"}}]},"og:locale":"pt_BR","og:site_name":"Arquivo | Jornal J\u00c1 | Porto Alegre","og:type":"article","og:title":"A pris\u00e3o de Cunha n\u00e3o amea\u00e7a Lula | Arquivo","og:url":"https:\/\/www.jornalja.com.br\/arquivo\/a-prisao-de-cunha-nao-ameaca-lula\/","og:image":"https:\/\/www.jornalja.com.br\/economics\/wp-content\/uploads\/sites\/11\/2026\/08\/ja-folhaderosto-facebook.jpg","og:image:secure_url":"https:\/\/www.jornalja.com.br\/economics\/wp-content\/uploads\/sites\/11\/2026\/08\/ja-folhaderosto-facebook.jpg","article:published_time":"2016-10-20T18:16:51+00:00","article:modified_time":"2016-10-20T18:16:51+00:00","twitter:card":"summary","twitter:title":"A pris\u00e3o de Cunha n\u00e3o amea\u00e7a Lula | Arquivo","twitter:image":"https:\/\/www.jornalja.com.br\/economics\/wp-content\/uploads\/sites\/11\/2026\/08\/ja-folhaderosto-facebook.jpg"},"aioseo_meta_data":{"post_id":"40659","title":null,"description":null,"keywords":null,"keyphrases":null,"primary_term":null,"canonical_url":null,"og_title":null,"og_description":null,"og_object_type":"default","og_image_type":"default","og_image_url":null,"og_image_width":null,"og_image_height":null,"og_image_custom_url":null,"og_image_custom_fields":null,"og_video":null,"og_custom_url":null,"og_article_section":null,"og_article_tags":null,"twitter_use_og":false,"twitter_card":"default","twitter_image_type":"default","twitter_image_url":null,"twitter_image_custom_url":null,"twitter_image_custom_fields":null,"twitter_title":null,"twitter_description":null,"schema":{"blockGraphs":[],"customGraphs":[],"default":{"data":{"Article":[],"Course":[],"Dataset":[],"FAQPage":[],"Movie":[],"Person":[],"Product":[],"ProductReview":[],"Car":[],"Recipe":[],"Service":[],"SoftwareApplication":[],"WebPage":[]},"graphName":"","isEnabled":true},"graphs":[],"defaultGraph":"","defaultPostTypeGraph":""},"schema_type":null,"schema_type_options":null,"pillar_content":false,"robots_default":true,"robots_noindex":false,"robots_noarchive":false,"robots_nosnippet":false,"robots_nofollow":false,"robots_noimageindex":false,"robots_noodp":false,"robots_notranslate":false,"robots_max_snippet":null,"robots_max_videopreview":null,"robots_max_imagepreview":"large","priority":null,"frequency":null,"location":null,"local_seo":null,"breadcrumb_settings":null,"limit_modified_date":false,"ai":null,"created":"2020-12-20 20:45:49","updated":"2025-07-19 17:43:35","seo_analyzer_scan_date":null,"focus_keyword":null,"additional_keywords":null,"truseo_locale":null},"jetpack_sharing_enabled":true,"jetpack-related-posts":[{"id":13109,"url":"https:\/\/www.jornalja.com.br\/arquivo\/judiciario-reconhece-poluicao-eletromagnetica\/","url_meta":{"origin":40659,"position":0},"title":"Judici\u00e1rio reconhece polui\u00e7\u00e3o eletromagn\u00e9tica","author":"Patr\u00edcia Marini","date":"16 de maio de 2014","format":false,"excerpt":"A\u00e7\u00e3o de duas associa\u00e7\u00f5es de moradores foi acolhida pelo Tribunal de Justi\u00e7a de S\u00e3o Paulo que. em decis\u00e3o in\u00e9dita, determinou a redu\u00e7\u00e3o do campo eletromagn\u00e9tico gerado pelas linhas de transmiss\u00e3o de energia que cortam os bairros City Boa\u00e7ava e Alto de Pinheiros. \u00c9 a primeira vez que um tribunal do\u2026","rel":"","context":"Em &quot;X.Categorias velhas&quot;","block_context":{"text":"X.Categorias velhas","link":"https:\/\/www.jornalja.com.br\/arquivo\/category\/x-categorias-velhas\/"},"img":{"alt_text":"","src":"","width":0,"height":0},"classes":[]},{"id":13128,"url":"https:\/\/www.jornalja.com.br\/arquivo\/maconha-terra-diz-que-uso-medicinal-e-desculpa\/","url_meta":{"origin":40659,"position":1},"title":"Maconha: Terra diz que uso medicinal \u00e9 desculpa","author":"Patr\u00edcia Marini","date":"4 de junho de 2014","format":false,"excerpt":"A condi\u00e7\u00e3o de pol\u00edtico, em \u00e9poca de campanha de campanha eleitoral, tira for\u00e7a do discurso do m\u00e9dico Osmar Terra contra a legaliza\u00e7\u00e3o da maconha. A tese dele de que a libera\u00e7\u00e3o vai ampliar exponencialmente o consumo \u00e9 discutivel, o consumo \u00e9 corrente. Mas seus alertas quanto aos riscos tem que\u2026","rel":"","context":"Em &quot;X.Categorias velhas&quot;","block_context":{"text":"X.Categorias velhas","link":"https:\/\/www.jornalja.com.br\/arquivo\/category\/x-categorias-velhas\/"},"img":{"alt_text":"","src":"","width":0,"height":0},"classes":[]},{"id":5440,"url":"https:\/\/www.jornalja.com.br\/arquivo\/casarao-da-venancio-destino-permanece-incerto\/","url_meta":{"origin":40659,"position":2},"title":"Estado ainda n\u00e3o sabe o que fazer com casar\u00e3o abandonado h\u00e1 20 anos","author":"Elmar Bones","date":"6 de julho de 2009","format":false,"excerpt":"O casar\u00e3o amarelo, numa esquina nobre de Porto Alegre (Ven\u00e2ncio Aires com Jo\u00e3o Pessoa), j\u00e1 abrigou uma escola. H\u00e1 duas d\u00e9cadas, pelo menos, est\u00e1 abandonado, porque seu propriet\u00e1rio, o governo do Estado do Rio Grande do Sul, n\u00e3o consegue achar um destino para ele. Planos n\u00e3o faltaram. O governador Ol\u00edvio\u2026","rel":"","context":"Em &quot;X.Categorias velhas&quot;","block_context":{"text":"X.Categorias velhas","link":"https:\/\/www.jornalja.com.br\/arquivo\/category\/x-categorias-velhas\/"},"img":{"alt_text":"geraldo1","src":"https:\/\/i0.wp.com\/www.jornalja.com.br\/wp-content\/uploads\/2009\/07\/geraldo1.jpg?resize=350%2C200&ssl=1","width":350,"height":200},"classes":[]},{"id":14241,"url":"https:\/\/www.jornalja.com.br\/arquivo\/o-guaiba-nas-imagens-poeticas-de-achutti\/","url_meta":{"origin":40659,"position":3},"title":"O Gua\u00edba nas imagens po\u00e9ticas de Achutti","author":"da Reda\u00e7\u00e3o","date":"18 de junho de 2014","format":false,"excerpt":"Em \u201cO Gua\u00edba por Achutti\u201d \u2013 obra financiada via Minist\u00e9rio da Cultura, produ\u00e7\u00e3o executiva de Pedro Longhi, e Fl\u00e1vio Wild como designer \u2013, o fot\u00f3grafo revela a beleza e as mazelas de um espa\u00e7o aqu\u00e1tico de \u00e1guas sempre renovadas, cheio de hist\u00f3rias e lendas como as das cidades que foram\u2026","rel":"","context":"Em &quot;Cultura-Geral&quot;","block_context":{"text":"Cultura-Geral","link":"https:\/\/www.jornalja.com.br\/arquivo\/category\/materiasecundaria\/"},"img":{"alt_text":"","src":"","width":0,"height":0},"classes":[]},{"id":13101,"url":"https:\/\/www.jornalja.com.br\/arquivo\/morre-um-guerreiro-do-texto\/","url_meta":{"origin":40659,"position":4},"title":"Morre um guerreiro do texto","author":"Patr\u00edcia Marini","date":"14 de maio de 2014","format":false,"excerpt":"Por Ricardo Kotscho Reproduzido do blog do autor, 11\/5\/2014; t\u00edtulo original \u201cE l\u00e1 se foi o nosso Myltainho, guerreiro do texto\u201d. Mi\u00fado e franzino, meu amigo Myltainho era um valente e inconformado guerreiro na luta contra as injusti\u00e7as sociais, a hipocrisia, as maracutaias, o autoritarismo, a intoler\u00e2ncia, a viol\u00eancia, o\u2026","rel":"","context":"Em &quot;Geral&quot;","block_context":{"text":"Geral","link":"https:\/\/www.jornalja.com.br\/arquivo\/category\/geral\/"},"img":{"alt_text":"","src":"","width":0,"height":0},"classes":[]},{"id":13124,"url":"https:\/\/www.jornalja.com.br\/arquivo\/sangue-latino-no-iecine\/","url_meta":{"origin":40659,"position":5},"title":"Sangue latino no IECINE","author":"da Reda\u00e7\u00e3o","date":"18 de maio de 2014","format":false,"excerpt":"Francisco Ribeiro O Instituto Estadual de Cinema (IECINE) tem a frente, desde abril \u00faltimo, um novo diretor, o cineasta colombiano Juan Zapata, 36, que substitui Luiz Alberto Cassol. Radicado h\u00e1 dez anos em Porto Alegre, Zapata tem diante de si o desafio de conduzir at\u00e9 o final do ano um\u2026","rel":"","context":"Em &quot;Cultura-Geral&quot;","block_context":{"text":"Cultura-Geral","link":"https:\/\/www.jornalja.com.br\/arquivo\/category\/materiasecundaria\/"},"img":{"alt_text":"","src":"","width":0,"height":0},"classes":[]}],"jetpack_shortlink":"https:\/\/wp.me\/pbQjBd-azN","jetpack_featured_media_url":"","_links":{"self":[{"href":"https:\/\/www.jornalja.com.br\/arquivo\/wp-json\/wp\/v2\/posts\/40659","targetHints":{"allow":["GET"]}}],"collection":[{"href":"https:\/\/www.jornalja.com.br\/arquivo\/wp-json\/wp\/v2\/posts"}],"about":[{"href":"https:\/\/www.jornalja.com.br\/arquivo\/wp-json\/wp\/v2\/types\/post"}],"author":[{"embeddable":true,"href":"https:\/\/www.jornalja.com.br\/arquivo\/wp-json\/wp\/v2\/users\/4"}],"replies":[{"embeddable":true,"href":"https:\/\/www.jornalja.com.br\/arquivo\/wp-json\/wp\/v2\/comments?post=40659"}],"version-history":[{"count":0,"href":"https:\/\/www.jornalja.com.br\/arquivo\/wp-json\/wp\/v2\/posts\/40659\/revisions"}],"wp:attachment":[{"href":"https:\/\/www.jornalja.com.br\/arquivo\/wp-json\/wp\/v2\/media?parent=40659"}],"wp:term":[{"taxonomy":"category","embeddable":true,"href":"https:\/\/www.jornalja.com.br\/arquivo\/wp-json\/wp\/v2\/categories?post=40659"},{"taxonomy":"post_tag","embeddable":true,"href":"https:\/\/www.jornalja.com.br\/arquivo\/wp-json\/wp\/v2\/tags?post=40659"}],"curies":[{"name":"wp","href":"https:\/\/api.w.org\/{rel}","templated":true}]}}