{"id":40672,"date":"2016-10-20T19:24:35","date_gmt":"2016-10-20T22:24:35","guid":{"rendered":"https:\/\/www.jornalja.com.br\/?p=40672"},"modified":"2016-10-20T19:24:35","modified_gmt":"2016-10-20T22:24:35","slug":"mpf-denuncia-21-pessoas-por-homicidio-doloso-em-mariana","status":"publish","type":"post","link":"https:\/\/www.jornalja.com.br\/arquivo\/mpf-denuncia-21-pessoas-por-homicidio-doloso-em-mariana\/","title":{"rendered":"MPF denuncia 21 pessoas por homic\u00eddio doloso em Mariana"},"content":{"rendered":"<p>O Minist\u00e9rio P\u00fablico Federal (MPF) anunciou nesta quinta-feira (20) que denunciou 21 pessoas por homic\u00eddio doloso no rompimento da barragem de conten\u00e7\u00e3o da mineradora Samarco no distrito de Bento Rodrigues, em Mariana (MG), que ocorreu em novembro do ano passado. Ao todo, s\u00e3o 22 acusados por variados crimes.<br \/>\nQuatro empresas tamb\u00e9m foram denunciadas: a mineradora Samarco, respons\u00e1vel pela barragem; suas acionistas Vale e BHP Billiton; e a VogBR, empresa que assinou laudo atestando a estabilidade da estrutura. Os procuradores disseram que a Samarco tinha consci\u00eancia dos riscos de um rompimento, mas a gan\u00e2ncia na busca por lucro levou \u00e0 trag\u00e9dia.<br \/>\nA a\u00e7\u00e3o penal do MPF foi protocolada ontem (19). O documento de 272 p\u00e1ginas faz um hist\u00f3rico dos problemas ocorridos na barragem, que foram apresentados \u00e0 imprensa pelos procuradores Jos\u00e9 Ad\u00e9rcio Sampaio, Eduardo Henrique Aguiar, Eduardo de Oliveira e Jorge Munh\u00f3s.<br \/>\nEntre os denunciados est\u00e3o funcion\u00e1rios da Samarco: Ricardo Vescovi, presidente afastado; Kleber Luiz Terra, diretor afastado de Opera\u00e7\u00f5es e Infraestrutura; e tr\u00eas gerentes. Onze integrantes do Conselho de Administra\u00e7\u00e3o, que incluem representantes da Vale e da BHP Billiton, tamb\u00e9m s\u00e3o acusados. Se a den\u00fancia for aceita, todos responder\u00e3o por inunda\u00e7\u00e3o, desmoronamento, les\u00f5es corporais graves e homic\u00eddio doloso, que ocorre quando se tem a inten\u00e7\u00e3o ou assume o risco de matar. A condena\u00e7\u00e3o por todas as acusa\u00e7\u00f5es podem gerar penas de at\u00e9 54 anos de pris\u00e3o.<\/p>\n<figure class=\"default\"><img loading=\"lazy\" decoding=\"async\" class=\"Image img__fid__43213 img__view_mode__default attr__format__default\" title=\"\" src=\"http:\/\/agenciabrasil.ebc.com.br\/sites\/_agenciabrasil2013\/files\/styles\/interna_pequena\/public\/fotos\/983927-07112015-_wdo6772-2.jpg?itok=xJ__2h2e\" alt=\"Mariana (MG) - \u00c1rea afetada pelo rompimento de barragem no distrito de Bento Rodrigues, zona rural de Mariana, em Minas Gerais (Antonio Cruz\/Ag\u00eancia Brasil)\" width=\"277\" height=\"160\" \/><figcaption>Segundo os procuradores, a Samarco tinha consci\u00eancia dos riscos de um rompimento mas a gan\u00e2ncia na busca por lucro levou \u00e0 trag\u00e9dia<span class=\"author\">Arquivo Ag\u00eancia Brasil<\/span><br \/>\n<\/figcaption><\/figure>\n<p>Entre os representantes da Vale e da BHP Billiton denunciados est\u00e3o cinco estrangeiros. Dois norte-americanos, um asutraliano, um sul-africano e um franc\u00eas eram representantes da australiana BHP Billiton no Conselho de Administra\u00e7\u00e3o da Samarco. Al\u00e9m deles, um brit\u00e2nico representava a Vale. N\u00e3o h\u00e1, por enquanto, nenhum pedido de extradi\u00e7\u00e3o. Tamb\u00e9m n\u00e3o h\u00e1 at\u00e9 o momento nenhum pedido de pris\u00e3o preventiva.<br \/>\nSamarco, Vale e BHP Billiton foram denunciadas por 12 crimes ambientais previstos, entre eles polui\u00e7\u00e3o, inunda\u00e7\u00e3o, desmoronamento, crimes contra a fauna e a flora, crimes contra ordenamento urbano e contra o patrim\u00f4nio cultural. As penas para as empresas incluem multas, interdi\u00e7\u00e3o tempor\u00e1rias, proibi\u00e7\u00e3o de contratar o poder p\u00fablico e presta\u00e7\u00e3o de servi\u00e7os comunit\u00e1rios, tais como custear programas de \u00f3rg\u00e3os e entidades ambientais e executar de obras de \u00e1reas degradadas. J\u00e1 o engenheiro Samuel Loures e a empresa VogBR foram denunciados por emitirem laudo enganoso sobre a estabilidade da barragem.<br \/>\n<strong>Gan\u00e2ncia<\/strong><br \/>\nSegundo os procuradores, a Samarco tinha consci\u00eancia dos riscos de um rompimento mas a gan\u00e2ncia na busca por lucro levou \u00e0 trag\u00e9dia. Com o rompimento, um grande volume de lama de rejeitos se espalhou deixando 19 mortos, causando polui\u00e7\u00e3o \u00e0 bacia do Rio Doce e devastando vegeta\u00e7\u00e3o nativa. O epis\u00f3dio \u00e9 considerado a maior trag\u00e9dia ambiental do Brasil.<br \/>\n&#8220;Al\u00e9m de 19 pessoas assassinadas, outras quatro sofreram comprovadamente les\u00f5es corporais graves. Outras diversas v\u00edtimas que n\u00e3o tiveram suas les\u00f5es comprovadas. Os homic\u00eddios foram cometidos por motivo torpe e por isso foram considerados qualificados, o que pode resultar numa pena maior, j\u00e1 que ficou comprovado que a causa foi a gan\u00e2ncia da Samarco e suas acionistas&#8221;, disse o procurador Eduardo de Oliveira.<br \/>\nO MPF pede ainda repara\u00e7\u00e3o dos danos causados \u00e0s v\u00edtimas. Segundo os promotores, a defini\u00e7\u00e3o dos valores deve ser arbitrada pela Justi\u00e7a durante a instru\u00e7\u00e3o processual.<\/p>\n<figure class=\"teaser\"><img loading=\"lazy\" decoding=\"async\" class=\"Image img__fid__43396 img__view_mode__teaser attr__format__teaser\" title=\"\" src=\"http:\/\/agenciabrasil.ebc.com.br\/sites\/_agenciabrasil2013\/files\/styles\/interna_grande\/public\/fotos\/984191-mg09112015-_wdo7474.jpg?itok=fSXmTCdh\" alt=\"Mariana (MG) - Distrito de Bento Rodrigues, em Mariana (MG), atingido pelo rompimento de duas barragens de rejeitos da mineradora Samarco (Antonio Cruz\/Ag\u00eancia Brasil)\" width=\"580\" height=\"388\" \/><figcaption>MP encontrou provas de que em quatro ocasi\u00f5es chegou a suspender as opera\u00e7\u00f5es da barragem de Fund\u00e3o.<span class=\"author\">Antonio Cruz\/ Ag\u00eancia Brasil<\/span><br \/>\n<\/figcaption><\/figure>\n<p><strong>Provas<\/strong><br \/>\nSegundo o MPF, a investiga\u00e7\u00e3o encontrou documentos que atestam que a Samarco tinha conhecimento dos riscos na barragem de Fund\u00e3o. Apresenta\u00e7\u00f5es de slides do Conselho de Administra\u00e7\u00e3o da empresa, que tinha representantes tamb\u00e9m de suas acionistas Vale e BHP Billiton, comprova que houve neglig\u00eancia e omiss\u00e3o diante de recomenda\u00e7\u00f5es para preenchimento de um recuo na ombreira esquerda da barragem. O conselho tamb\u00e9m teria tomado delibera\u00e7\u00f5es que colaboraram para a trag\u00e9dia.<br \/>\nDocumentos internos da mineradora de 2015 obtidos pelo MPF traziam um progn\u00f3stico em caso de rompimento da barragem, apontando para a possibilidade de aproximadamente 20 mortes e paralisa\u00e7\u00e3o das atividades da empresa por at\u00e9 dois anos. Mesmo consciente dos riscos, a Samarco teria priorizado os resultados econ\u00f4micos em detrimento das pr\u00e1ticas de seguran\u00e7a.<br \/>\n&#8220;A Samarco tinha uma ger\u00eancia que atuava na gest\u00e3o de riscos. Em vez de paralisar as opera\u00e7\u00f5es da barragem, a empresa continuou mantendo sua opera\u00e7\u00e3o de forma irrespons\u00e1vel&#8221;, disse Munh\u00f3s.<br \/>\n<strong>Problema diagnosticado<\/strong><\/p>\n<figure class=\"default\"><img loading=\"lazy\" decoding=\"async\" class=\"Image img__fid__43733 img__view_mode__default attr__format__default\" title=\"\" src=\"http:\/\/agenciabrasil.ebc.com.br\/sites\/_agenciabrasil2013\/files\/styles\/interna_pequena\/public\/fotos\/984751-aaa886022_933209403421003_7769240750816393871_o-002.jpg?itok=DjPtGbNR\" alt=\"Governador Valadares (MG) - Passagem da lama pelo Rio Doce, por causa do rompimento de duas barragens em Mariana, Minas Gerais, causa desastre ambiental (Leonardo Mer\u00e7on\/Instituto \u00daltimos Ref\u00fagios\/Divulga\u00e7\u00e3o)\" width=\"277\" height=\"160\" \/><figcaption>Samarco, Vale e BHP Billiton foram denunciadas por 12 crimes ambientais<span class=\"author\">Leonardo Mer\u00e7on\/Instituto \u00daltimos Ref\u00fagios\/Divulga\u00e7\u00e3o<\/span><br \/>\n<\/figcaption><\/figure>\n<p>O procurador Jos\u00e9 Ad\u00e9rcio Sampaio disse que a pr\u00f3pria Samarco em quatro ocasi\u00f5es chegou a suspender as opera\u00e7\u00f5es da barragem de Fund\u00e3o. &#8220;Em abril de 2009 j\u00e1 havia sido diagnosticado um s\u00e9rio problema de eros\u00e3o e houve a necessidade de suspens\u00e3o do uso do dep\u00f3sito de rejeitos. O sistema interno da empresa mostra que at\u00e9 2010 foram feitas interven\u00e7\u00f5es para corrigir falhas no dreno da barragem&#8221;, disse.<br \/>\nSegundo o procurador, parte dos documentos levantados na investiga\u00e7\u00e3o foram obtidos nas opera\u00e7\u00f5es de busca e apreens\u00e3o. &#8220;A partir de julho desse ano, quando a Samarco passou por uma reformula\u00e7\u00e3o interna, tivemos mais colabora\u00e7\u00e3o por parte da empresa e nossas solicita\u00e7\u00f5es foram atendidas&#8221;. A a\u00e7\u00e3o tamb\u00e9m se baseou nas investiga\u00e7\u00f5es da Pol\u00edcia Civil que contou com intercepta\u00e7\u00f5es telef\u00f4nicas.<br \/>\nDe acordo com a a\u00e7\u00e3o, ao saber da trag\u00e9dia, a Samarco tamb\u00e9m n\u00e3o deu import\u00e2ncia \u00e0s comunidades situadas ao longo do Rio Doce. A neglig\u00eancia com seus pr\u00f3prios funcion\u00e1rios \u00e9 outro elemento apontado: teria faltado treinamento para situa\u00e7\u00f5es cr\u00edticas.<br \/>\n<strong>Outro lado<\/strong><br \/>\nEm nota, a Samarco refutou as den\u00fancias e disse que o MPF desconsiderou as defesas e depoimentos apresentados ao longo das investiga\u00e7\u00f5es, que comprovariam que a empresa n\u00e3o tinha qualquer conhecimento pr\u00e9vio de riscos \u00e0 sua estrutura. A mineradora alega que sempre deu prioridade em seguran\u00e7a e que nunca reduziu investimentos nesta \u00e1rea.<br \/>\n&#8220;A barragem de Fund\u00e3o era regularmente fiscalizada, n\u00e3o s\u00f3 pelas autoridades como tamb\u00e9m por consultores internacionais independentes. Toda e qualquer medida sugerida e implantada, no que diz respeito \u00e0 gest\u00e3o da estrutura, seguia as melhores pr\u00e1ticas de engenharia e seguran\u00e7a. A estabilidade da barragem de Fund\u00e3o foi atestada pela consultoria VogBR&#8221;, diz o texto.<\/p>\n","protected":false},"excerpt":{"rendered":"<p>O Minist\u00e9rio P\u00fablico Federal (MPF) anunciou nesta quinta-feira (20) que denunciou 21 pessoas por homic\u00eddio doloso no rompimento da barragem de conten\u00e7\u00e3o da mineradora Samarco no distrito de Bento Rodrigues, em Mariana (MG), que ocorreu em novembro do ano passado. Ao todo, s\u00e3o 22 acusados por variados crimes. Quatro empresas tamb\u00e9m foram denunciadas: a mineradora [&hellip;]<\/p>\n","protected":false},"author":4,"featured_media":0,"comment_status":"open","ping_status":"closed","sticky":false,"template":"","format":"standard","meta":{"_jetpack_newsletter_access":"","_jetpack_dont_email_post_to_subs":false,"_jetpack_newsletter_tier_id":0,"_jetpack_memberships_contains_paywalled_content":false,"_jetpack_feature_clip_id":0,"_jetpack_memberships_contains_paid_content":false,"footnotes":"","jetpack_post_was_ever_published":false},"categories":[2022],"tags":[],"class_list":["post-40672","post","type-post","status-publish","format-standard","hentry","category-notas"],"aioseo_notices":[],"aioseo_head":"\n\t\t<!-- All in One SEO 5.0.1.1 - aioseo.com -->\n\t<meta name=\"robots\" content=\"max-image-preview:large\" \/>\n\t<meta name=\"author\" content=\"da Reda\u00e7\u00e3o\"\/>\n\t<link rel=\"canonical\" href=\"https:\/\/www.jornalja.com.br\/arquivo\/mpf-denuncia-21-pessoas-por-homicidio-doloso-em-mariana\/\" \/>\n\t<meta name=\"generator\" content=\"All in One SEO (AIOSEO) 5.0.1.1\" \/>\n\t\t<meta property=\"og:locale\" content=\"pt_BR\" \/>\n\t\t<meta property=\"og:site_name\" content=\"Arquivo | Jornal J\u00c1 | Porto Alegre\" \/>\n\t\t<meta property=\"og:type\" content=\"article\" \/>\n\t\t<meta property=\"og:title\" content=\"MPF denuncia 21 pessoas por homic\u00eddio doloso em Mariana | Arquivo\" \/>\n\t\t<meta property=\"og:url\" content=\"https:\/\/www.jornalja.com.br\/arquivo\/mpf-denuncia-21-pessoas-por-homicidio-doloso-em-mariana\/\" \/>\n\t\t<meta property=\"og:image\" content=\"https:\/\/agenciabrasil.ebc.com.br\/sites\/_agenciabrasil2013\/files\/styles\/interna_pequena\/public\/fotos\/983927-07112015-_wdo6772-2.jpg?itok=xJ__2h2e\" \/>\n\t\t<meta property=\"og:image:secure_url\" content=\"https:\/\/agenciabrasil.ebc.com.br\/sites\/_agenciabrasil2013\/files\/styles\/interna_pequena\/public\/fotos\/983927-07112015-_wdo6772-2.jpg?itok=xJ__2h2e\" \/>\n\t\t<meta property=\"article:published_time\" content=\"2016-10-20T22:24:35+00:00\" \/>\n\t\t<meta property=\"article:modified_time\" content=\"2016-10-20T22:24:35+00:00\" \/>\n\t\t<meta name=\"twitter:card\" content=\"summary\" \/>\n\t\t<meta name=\"twitter:title\" content=\"MPF denuncia 21 pessoas por homic\u00eddio doloso em Mariana | Arquivo\" \/>\n\t\t<meta name=\"twitter:image\" content=\"https:\/\/www.jornalja.com.br\/economics\/wp-content\/uploads\/sites\/11\/2026\/08\/ja-folhaderosto-facebook.jpg\" \/>\n\t\t<script type=\"application\/ld+json\" class=\"aioseo-schema\">\n\t\t\t{\"@context\":\"https:\\\/\\\/schema.org\",\"@graph\":[{\"@type\":\"BlogPosting\",\"@id\":\"https:\\\/\\\/www.jornalja.com.br\\\/arquivo\\\/mpf-denuncia-21-pessoas-por-homicidio-doloso-em-mariana\\\/#blogposting\",\"name\":\"MPF denuncia 21 pessoas por homic\\u00eddio doloso em Mariana | Arquivo\",\"headline\":\"MPF denuncia 21 pessoas por homic\\u00eddio doloso em Mariana\",\"author\":{\"@id\":\"https:\\\/\\\/www.jornalja.com.br\\\/arquivo\\\/author\\\/daredacao\\\/#author\"},\"publisher\":{\"@id\":\"https:\\\/\\\/www.jornalja.com.br\\\/arquivo\\\/#organization\"},\"image\":{\"@type\":\"ImageObject\",\"url\":\"http:\\\/\\\/agenciabrasil.ebc.com.br\\\/sites\\\/_agenciabrasil2013\\\/files\\\/styles\\\/interna_pequena\\\/public\\\/fotos\\\/983927-07112015-_wdo6772-2.jpg?itok=xJ__2h2e\",\"@id\":\"https:\\\/\\\/www.jornalja.com.br\\\/arquivo\\\/mpf-denuncia-21-pessoas-por-homicidio-doloso-em-mariana\\\/#articleImage\"},\"datePublished\":\"2016-10-20T19:24:35-02:00\",\"dateModified\":\"2016-10-20T19:24:35-02:00\",\"inLanguage\":\"pt-BR\",\"mainEntityOfPage\":{\"@id\":\"https:\\\/\\\/www.jornalja.com.br\\\/arquivo\\\/mpf-denuncia-21-pessoas-por-homicidio-doloso-em-mariana\\\/#webpage\"},\"isPartOf\":{\"@id\":\"https:\\\/\\\/www.jornalja.com.br\\\/arquivo\\\/mpf-denuncia-21-pessoas-por-homicidio-doloso-em-mariana\\\/#webpage\"},\"articleSection\":\"NOTAS\"},{\"@type\":\"BreadcrumbList\",\"@id\":\"https:\\\/\\\/www.jornalja.com.br\\\/arquivo\\\/mpf-denuncia-21-pessoas-por-homicidio-doloso-em-mariana\\\/#breadcrumblist\",\"itemListElement\":[{\"@type\":\"ListItem\",\"@id\":\"https:\\\/\\\/www.jornalja.com.br\\\/arquivo#listItem\",\"position\":1,\"name\":\"Home\",\"item\":\"https:\\\/\\\/www.jornalja.com.br\\\/arquivo\",\"nextItem\":{\"@type\":\"ListItem\",\"@id\":\"https:\\\/\\\/www.jornalja.com.br\\\/arquivo\\\/category\\\/notas\\\/#listItem\",\"name\":\"NOTAS\"}},{\"@type\":\"ListItem\",\"@id\":\"https:\\\/\\\/www.jornalja.com.br\\\/arquivo\\\/category\\\/notas\\\/#listItem\",\"position\":2,\"name\":\"NOTAS\",\"item\":\"https:\\\/\\\/www.jornalja.com.br\\\/arquivo\\\/category\\\/notas\\\/\",\"nextItem\":{\"@type\":\"ListItem\",\"@id\":\"https:\\\/\\\/www.jornalja.com.br\\\/arquivo\\\/mpf-denuncia-21-pessoas-por-homicidio-doloso-em-mariana\\\/#listItem\",\"name\":\"MPF denuncia 21 pessoas por homic\\u00eddio doloso em Mariana\"},\"previousItem\":{\"@type\":\"ListItem\",\"@id\":\"https:\\\/\\\/www.jornalja.com.br\\\/arquivo#listItem\",\"name\":\"Home\"}},{\"@type\":\"ListItem\",\"@id\":\"https:\\\/\\\/www.jornalja.com.br\\\/arquivo\\\/mpf-denuncia-21-pessoas-por-homicidio-doloso-em-mariana\\\/#listItem\",\"position\":3,\"name\":\"MPF denuncia 21 pessoas por homic\\u00eddio doloso em Mariana\",\"previousItem\":{\"@type\":\"ListItem\",\"@id\":\"https:\\\/\\\/www.jornalja.com.br\\\/arquivo\\\/category\\\/notas\\\/#listItem\",\"name\":\"NOTAS\"}}]},{\"@type\":\"Organization\",\"@id\":\"https:\\\/\\\/www.jornalja.com.br\\\/arquivo\\\/#organization\",\"name\":\"Jornal J\\u00c1\",\"description\":\"Jornal J\\u00c1 | Porto Alegre\",\"url\":\"https:\\\/\\\/www.jornalja.com.br\\\/arquivo\\\/\",\"telephone\":\"+555133307272\",\"logo\":{\"@type\":\"ImageObject\",\"url\":\"https:\\\/\\\/www.jornalja.com.br\\\/wp-content\\\/uploads\\\/cards\\\/JAslogan.png\",\"@id\":\"https:\\\/\\\/www.jornalja.com.br\\\/arquivo\\\/mpf-denuncia-21-pessoas-por-homicidio-doloso-em-mariana\\\/#organizationLogo\"},\"image\":{\"@id\":\"https:\\\/\\\/www.jornalja.com.br\\\/arquivo\\\/mpf-denuncia-21-pessoas-por-homicidio-doloso-em-mariana\\\/#organizationLogo\"}},{\"@type\":\"Person\",\"@id\":\"https:\\\/\\\/www.jornalja.com.br\\\/arquivo\\\/author\\\/daredacao\\\/#author\",\"url\":\"https:\\\/\\\/www.jornalja.com.br\\\/arquivo\\\/author\\\/daredacao\\\/\",\"name\":\"da Reda\\u00e7\\u00e3o\",\"image\":{\"@type\":\"ImageObject\",\"@id\":\"https:\\\/\\\/www.jornalja.com.br\\\/arquivo\\\/mpf-denuncia-21-pessoas-por-homicidio-doloso-em-mariana\\\/#authorImage\",\"url\":\"https:\\\/\\\/secure.gravatar.com\\\/avatar\\\/469fd857d6605ad19919d27ed29d35a968a25f6e8fd9318356bbb7f57aae9c65?s=96&d=mm&r=g\",\"width\":96,\"height\":96,\"caption\":\"da Reda\\u00e7\\u00e3o\"}},{\"@type\":\"WebPage\",\"@id\":\"https:\\\/\\\/www.jornalja.com.br\\\/arquivo\\\/mpf-denuncia-21-pessoas-por-homicidio-doloso-em-mariana\\\/#webpage\",\"url\":\"https:\\\/\\\/www.jornalja.com.br\\\/arquivo\\\/mpf-denuncia-21-pessoas-por-homicidio-doloso-em-mariana\\\/\",\"name\":\"MPF denuncia 21 pessoas por homic\\u00eddio doloso em Mariana | Arquivo\",\"inLanguage\":\"pt-BR\",\"isPartOf\":{\"@id\":\"https:\\\/\\\/www.jornalja.com.br\\\/arquivo\\\/#website\"},\"breadcrumb\":{\"@id\":\"https:\\\/\\\/www.jornalja.com.br\\\/arquivo\\\/mpf-denuncia-21-pessoas-por-homicidio-doloso-em-mariana\\\/#breadcrumblist\"},\"author\":{\"@id\":\"https:\\\/\\\/www.jornalja.com.br\\\/arquivo\\\/author\\\/daredacao\\\/#author\"},\"creator\":{\"@id\":\"https:\\\/\\\/www.jornalja.com.br\\\/arquivo\\\/author\\\/daredacao\\\/#author\"},\"datePublished\":\"2016-10-20T19:24:35-02:00\",\"dateModified\":\"2016-10-20T19:24:35-02:00\"},{\"@type\":\"WebSite\",\"@id\":\"https:\\\/\\\/www.jornalja.com.br\\\/arquivo\\\/#website\",\"url\":\"https:\\\/\\\/www.jornalja.com.br\\\/arquivo\\\/\",\"name\":\"Arquivo\",\"description\":\"Jornal J\\u00c1 | Porto Alegre\",\"inLanguage\":\"pt-BR\",\"publisher\":{\"@id\":\"https:\\\/\\\/www.jornalja.com.br\\\/arquivo\\\/#organization\"}}]}\n\t\t<\/script>\n\t\t<!-- All in One SEO -->\n\n","aioseo_head_json":{"title":"MPF denuncia 21 pessoas por homic\u00eddio doloso em Mariana | Arquivo","description":"","canonical_url":"https:\/\/www.jornalja.com.br\/arquivo\/mpf-denuncia-21-pessoas-por-homicidio-doloso-em-mariana\/","robots":"max-image-preview:large","keywords":"","webmasterTools":{"miscellaneous":""},"schema":{"@context":"https:\/\/schema.org","@graph":[{"@type":"BlogPosting","@id":"https:\/\/www.jornalja.com.br\/arquivo\/mpf-denuncia-21-pessoas-por-homicidio-doloso-em-mariana\/#blogposting","name":"MPF denuncia 21 pessoas por homic\u00eddio doloso em Mariana | Arquivo","headline":"MPF denuncia 21 pessoas por homic\u00eddio doloso em Mariana","author":{"@id":"https:\/\/www.jornalja.com.br\/arquivo\/author\/daredacao\/#author"},"publisher":{"@id":"https:\/\/www.jornalja.com.br\/arquivo\/#organization"},"image":{"@type":"ImageObject","url":"http:\/\/agenciabrasil.ebc.com.br\/sites\/_agenciabrasil2013\/files\/styles\/interna_pequena\/public\/fotos\/983927-07112015-_wdo6772-2.jpg?itok=xJ__2h2e","@id":"https:\/\/www.jornalja.com.br\/arquivo\/mpf-denuncia-21-pessoas-por-homicidio-doloso-em-mariana\/#articleImage"},"datePublished":"2016-10-20T19:24:35-02:00","dateModified":"2016-10-20T19:24:35-02:00","inLanguage":"pt-BR","mainEntityOfPage":{"@id":"https:\/\/www.jornalja.com.br\/arquivo\/mpf-denuncia-21-pessoas-por-homicidio-doloso-em-mariana\/#webpage"},"isPartOf":{"@id":"https:\/\/www.jornalja.com.br\/arquivo\/mpf-denuncia-21-pessoas-por-homicidio-doloso-em-mariana\/#webpage"},"articleSection":"NOTAS"},{"@type":"BreadcrumbList","@id":"https:\/\/www.jornalja.com.br\/arquivo\/mpf-denuncia-21-pessoas-por-homicidio-doloso-em-mariana\/#breadcrumblist","itemListElement":[{"@type":"ListItem","@id":"https:\/\/www.jornalja.com.br\/arquivo#listItem","position":1,"name":"Home","item":"https:\/\/www.jornalja.com.br\/arquivo","nextItem":{"@type":"ListItem","@id":"https:\/\/www.jornalja.com.br\/arquivo\/category\/notas\/#listItem","name":"NOTAS"}},{"@type":"ListItem","@id":"https:\/\/www.jornalja.com.br\/arquivo\/category\/notas\/#listItem","position":2,"name":"NOTAS","item":"https:\/\/www.jornalja.com.br\/arquivo\/category\/notas\/","nextItem":{"@type":"ListItem","@id":"https:\/\/www.jornalja.com.br\/arquivo\/mpf-denuncia-21-pessoas-por-homicidio-doloso-em-mariana\/#listItem","name":"MPF denuncia 21 pessoas por homic\u00eddio doloso em Mariana"},"previousItem":{"@type":"ListItem","@id":"https:\/\/www.jornalja.com.br\/arquivo#listItem","name":"Home"}},{"@type":"ListItem","@id":"https:\/\/www.jornalja.com.br\/arquivo\/mpf-denuncia-21-pessoas-por-homicidio-doloso-em-mariana\/#listItem","position":3,"name":"MPF denuncia 21 pessoas por homic\u00eddio doloso em Mariana","previousItem":{"@type":"ListItem","@id":"https:\/\/www.jornalja.com.br\/arquivo\/category\/notas\/#listItem","name":"NOTAS"}}]},{"@type":"Organization","@id":"https:\/\/www.jornalja.com.br\/arquivo\/#organization","name":"Jornal J\u00c1","description":"Jornal J\u00c1 | Porto Alegre","url":"https:\/\/www.jornalja.com.br\/arquivo\/","telephone":"+555133307272","logo":{"@type":"ImageObject","url":"https:\/\/www.jornalja.com.br\/wp-content\/uploads\/cards\/JAslogan.png","@id":"https:\/\/www.jornalja.com.br\/arquivo\/mpf-denuncia-21-pessoas-por-homicidio-doloso-em-mariana\/#organizationLogo"},"image":{"@id":"https:\/\/www.jornalja.com.br\/arquivo\/mpf-denuncia-21-pessoas-por-homicidio-doloso-em-mariana\/#organizationLogo"}},{"@type":"Person","@id":"https:\/\/www.jornalja.com.br\/arquivo\/author\/daredacao\/#author","url":"https:\/\/www.jornalja.com.br\/arquivo\/author\/daredacao\/","name":"da Reda\u00e7\u00e3o","image":{"@type":"ImageObject","@id":"https:\/\/www.jornalja.com.br\/arquivo\/mpf-denuncia-21-pessoas-por-homicidio-doloso-em-mariana\/#authorImage","url":"https:\/\/secure.gravatar.com\/avatar\/469fd857d6605ad19919d27ed29d35a968a25f6e8fd9318356bbb7f57aae9c65?s=96&d=mm&r=g","width":96,"height":96,"caption":"da Reda\u00e7\u00e3o"}},{"@type":"WebPage","@id":"https:\/\/www.jornalja.com.br\/arquivo\/mpf-denuncia-21-pessoas-por-homicidio-doloso-em-mariana\/#webpage","url":"https:\/\/www.jornalja.com.br\/arquivo\/mpf-denuncia-21-pessoas-por-homicidio-doloso-em-mariana\/","name":"MPF denuncia 21 pessoas por homic\u00eddio doloso em Mariana | Arquivo","inLanguage":"pt-BR","isPartOf":{"@id":"https:\/\/www.jornalja.com.br\/arquivo\/#website"},"breadcrumb":{"@id":"https:\/\/www.jornalja.com.br\/arquivo\/mpf-denuncia-21-pessoas-por-homicidio-doloso-em-mariana\/#breadcrumblist"},"author":{"@id":"https:\/\/www.jornalja.com.br\/arquivo\/author\/daredacao\/#author"},"creator":{"@id":"https:\/\/www.jornalja.com.br\/arquivo\/author\/daredacao\/#author"},"datePublished":"2016-10-20T19:24:35-02:00","dateModified":"2016-10-20T19:24:35-02:00"},{"@type":"WebSite","@id":"https:\/\/www.jornalja.com.br\/arquivo\/#website","url":"https:\/\/www.jornalja.com.br\/arquivo\/","name":"Arquivo","description":"Jornal J\u00c1 | Porto Alegre","inLanguage":"pt-BR","publisher":{"@id":"https:\/\/www.jornalja.com.br\/arquivo\/#organization"}}]},"og:locale":"pt_BR","og:site_name":"Arquivo | Jornal J\u00c1 | Porto Alegre","og:type":"article","og:title":"MPF denuncia 21 pessoas por homic\u00eddio doloso em Mariana | Arquivo","og:url":"https:\/\/www.jornalja.com.br\/arquivo\/mpf-denuncia-21-pessoas-por-homicidio-doloso-em-mariana\/","og:image":"https:\/\/agenciabrasil.ebc.com.br\/sites\/_agenciabrasil2013\/files\/styles\/interna_pequena\/public\/fotos\/983927-07112015-_wdo6772-2.jpg?itok=xJ__2h2e","og:image:secure_url":"https:\/\/agenciabrasil.ebc.com.br\/sites\/_agenciabrasil2013\/files\/styles\/interna_pequena\/public\/fotos\/983927-07112015-_wdo6772-2.jpg?itok=xJ__2h2e","article:published_time":"2016-10-20T22:24:35+00:00","article:modified_time":"2016-10-20T22:24:35+00:00","twitter:card":"summary","twitter:title":"MPF denuncia 21 pessoas por homic\u00eddio doloso em Mariana | Arquivo","twitter:image":"https:\/\/www.jornalja.com.br\/economics\/wp-content\/uploads\/sites\/11\/2026\/08\/ja-folhaderosto-facebook.jpg"},"aioseo_meta_data":{"post_id":"40672","title":null,"description":null,"keywords":null,"keyphrases":null,"primary_term":null,"canonical_url":null,"og_title":null,"og_description":null,"og_object_type":"default","og_image_type":"default","og_image_url":null,"og_image_width":null,"og_image_height":null,"og_image_custom_url":null,"og_image_custom_fields":null,"og_video":null,"og_custom_url":null,"og_article_section":null,"og_article_tags":null,"twitter_use_og":false,"twitter_card":"default","twitter_image_type":"default","twitter_image_url":null,"twitter_image_custom_url":null,"twitter_image_custom_fields":null,"twitter_title":null,"twitter_description":null,"schema":{"blockGraphs":[],"customGraphs":[],"default":{"data":{"Article":[],"Course":[],"Dataset":[],"FAQPage":[],"Movie":[],"Person":[],"Product":[],"ProductReview":[],"Car":[],"Recipe":[],"Service":[],"SoftwareApplication":[],"WebPage":[]},"graphName":"","isEnabled":true},"graphs":[],"defaultGraph":"","defaultPostTypeGraph":""},"schema_type":null,"schema_type_options":null,"pillar_content":false,"robots_default":true,"robots_noindex":false,"robots_noarchive":false,"robots_nosnippet":false,"robots_nofollow":false,"robots_noimageindex":false,"robots_noodp":false,"robots_notranslate":false,"robots_max_snippet":null,"robots_max_videopreview":null,"robots_max_imagepreview":"large","priority":null,"frequency":null,"location":null,"local_seo":null,"breadcrumb_settings":null,"limit_modified_date":false,"ai":null,"created":"2020-12-20 20:45:49","updated":"2025-07-19 17:45:58","seo_analyzer_scan_date":null,"focus_keyword":null,"additional_keywords":null,"truseo_locale":null},"jetpack_sharing_enabled":true,"jetpack-related-posts":[{"id":12960,"url":"https:\/\/www.jornalja.com.br\/arquivo\/populacao-culpa-empresas-pela-greve-dos-rodoviarios\/","url_meta":{"origin":40672,"position":0},"title":"Popula\u00e7\u00e3o culpa empresas pela greve","author":"Patr\u00edcia Marini","date":"14 de fevereiro de 2014","format":false,"excerpt":"Pesquisa divulgada na edi\u00e7\u00e3o do jornal Metro desta sexta-feira,14, comprova o velho ditado: \u00e9 poss\u00edvel enganar muitos por algum tempo, mas n\u00e3o \u00e9 poss\u00edvel enganar a todos o tempo inteiro. A principal revela\u00e7\u00e3o foi que 59,8% dos entrevistados apontaram as empresas como as principais respons\u00e1veis pela grave e 46% culparam\u2026","rel":"","context":"Em &quot;X.Categorias velhas&quot;","block_context":{"text":"X.Categorias velhas","link":"https:\/\/www.jornalja.com.br\/arquivo\/category\/x-categorias-velhas\/"},"img":{"alt_text":"","src":"","width":0,"height":0},"classes":[]},{"id":13101,"url":"https:\/\/www.jornalja.com.br\/arquivo\/morre-um-guerreiro-do-texto\/","url_meta":{"origin":40672,"position":1},"title":"Morre um guerreiro do texto","author":"Patr\u00edcia Marini","date":"14 de maio de 2014","format":false,"excerpt":"Por Ricardo Kotscho Reproduzido do blog do autor, 11\/5\/2014; t\u00edtulo original \u201cE l\u00e1 se foi o nosso Myltainho, guerreiro do texto\u201d. Mi\u00fado e franzino, meu amigo Myltainho era um valente e inconformado guerreiro na luta contra as injusti\u00e7as sociais, a hipocrisia, as maracutaias, o autoritarismo, a intoler\u00e2ncia, a viol\u00eancia, o\u2026","rel":"","context":"Em &quot;Geral&quot;","block_context":{"text":"Geral","link":"https:\/\/www.jornalja.com.br\/arquivo\/category\/geral\/"},"img":{"alt_text":"","src":"","width":0,"height":0},"classes":[]},{"id":1280,"url":"https:\/\/www.jornalja.com.br\/arquivo\/o-menino-que-se-tornou-brizola\/","url_meta":{"origin":40672,"position":2},"title":"O Menino que se Tornou Brizola","author":"da Reda\u00e7\u00e3o","date":"28 de julho de 2008","format":false,"excerpt":"Autor: Cleber Dioni A vida de Leonel Brizola, com \u00eanfase para os primeiros anos em Porto Alegre, at\u00e9 o ex\u00edlio no Uruguai e a volta, quinze anos depois. \u00a0\"...\u00c9ramos todos jovens e nos identific\u00e1vamos com aquela massa an\u00f4nima a percorrer as ruas de Porto Alegre, gritando 'Get\u00falio', 'Get\u00falio' e empunhando\u2026","rel":"","context":"Em &quot;Livros&quot;","block_context":{"text":"Livros","link":"https:\/\/www.jornalja.com.br\/arquivo\/category\/livros\/"},"img":{"alt_text":"","src":"https:\/\/i0.wp.com\/www.jornalja.com.br\/wp-content\/uploads\/2008\/07\/brizola.gif?resize=350%2C200&ssl=1","width":350,"height":200},"classes":[]},{"id":13240,"url":"https:\/\/www.jornalja.com.br\/arquivo\/plano-diretor-estamos-construindo-o-caos\/","url_meta":{"origin":40672,"position":3},"title":"Plano diretor: &quot;Estamos construindo o caos&quot;","author":"Patr\u00edcia Marini","date":"26 de maio de 2014","format":false,"excerpt":"Desabafo que arquiteta Eliana Castilhos, delegada da Regi\u00e3o de Planejamento 1, postou nas redes sociais \u00e9 um testemunho do ambiente que se criou no Conselho do Plano Diretor de Porto Alegre, onde a aprova\u00e7\u00e3o de grandes empreendimentos \u00e9 empurrada guela abaixo dos conselheiros. Ao CMDUA Como delegada da Regi\u00e3o de\u2026","rel":"","context":"Em &quot;Geral&quot;","block_context":{"text":"Geral","link":"https:\/\/www.jornalja.com.br\/arquivo\/category\/geral\/"},"img":{"alt_text":"","src":"","width":0,"height":0},"classes":[]},{"id":13128,"url":"https:\/\/www.jornalja.com.br\/arquivo\/maconha-terra-diz-que-uso-medicinal-e-desculpa\/","url_meta":{"origin":40672,"position":4},"title":"Maconha: Terra diz que uso medicinal \u00e9 desculpa","author":"Patr\u00edcia Marini","date":"4 de junho de 2014","format":false,"excerpt":"A condi\u00e7\u00e3o de pol\u00edtico, em \u00e9poca de campanha de campanha eleitoral, tira for\u00e7a do discurso do m\u00e9dico Osmar Terra contra a legaliza\u00e7\u00e3o da maconha. A tese dele de que a libera\u00e7\u00e3o vai ampliar exponencialmente o consumo \u00e9 discutivel, o consumo \u00e9 corrente. Mas seus alertas quanto aos riscos tem que\u2026","rel":"","context":"Em &quot;X.Categorias velhas&quot;","block_context":{"text":"X.Categorias velhas","link":"https:\/\/www.jornalja.com.br\/arquivo\/category\/x-categorias-velhas\/"},"img":{"alt_text":"","src":"","width":0,"height":0},"classes":[]},{"id":5440,"url":"https:\/\/www.jornalja.com.br\/arquivo\/casarao-da-venancio-destino-permanece-incerto\/","url_meta":{"origin":40672,"position":5},"title":"Estado ainda n\u00e3o sabe o que fazer com casar\u00e3o abandonado h\u00e1 20 anos","author":"Elmar Bones","date":"6 de julho de 2009","format":false,"excerpt":"O casar\u00e3o amarelo, numa esquina nobre de Porto Alegre (Ven\u00e2ncio Aires com Jo\u00e3o Pessoa), j\u00e1 abrigou uma escola. H\u00e1 duas d\u00e9cadas, pelo menos, est\u00e1 abandonado, porque seu propriet\u00e1rio, o governo do Estado do Rio Grande do Sul, n\u00e3o consegue achar um destino para ele. Planos n\u00e3o faltaram. O governador Ol\u00edvio\u2026","rel":"","context":"Em &quot;X.Categorias velhas&quot;","block_context":{"text":"X.Categorias velhas","link":"https:\/\/www.jornalja.com.br\/arquivo\/category\/x-categorias-velhas\/"},"img":{"alt_text":"geraldo1","src":"https:\/\/i0.wp.com\/www.jornalja.com.br\/wp-content\/uploads\/2009\/07\/geraldo1.jpg?resize=350%2C200&ssl=1","width":350,"height":200},"classes":[]}],"jetpack_shortlink":"https:\/\/wp.me\/pbQjBd-aA0","jetpack_featured_media_url":"","_links":{"self":[{"href":"https:\/\/www.jornalja.com.br\/arquivo\/wp-json\/wp\/v2\/posts\/40672","targetHints":{"allow":["GET"]}}],"collection":[{"href":"https:\/\/www.jornalja.com.br\/arquivo\/wp-json\/wp\/v2\/posts"}],"about":[{"href":"https:\/\/www.jornalja.com.br\/arquivo\/wp-json\/wp\/v2\/types\/post"}],"author":[{"embeddable":true,"href":"https:\/\/www.jornalja.com.br\/arquivo\/wp-json\/wp\/v2\/users\/4"}],"replies":[{"embeddable":true,"href":"https:\/\/www.jornalja.com.br\/arquivo\/wp-json\/wp\/v2\/comments?post=40672"}],"version-history":[{"count":0,"href":"https:\/\/www.jornalja.com.br\/arquivo\/wp-json\/wp\/v2\/posts\/40672\/revisions"}],"wp:attachment":[{"href":"https:\/\/www.jornalja.com.br\/arquivo\/wp-json\/wp\/v2\/media?parent=40672"}],"wp:term":[{"taxonomy":"category","embeddable":true,"href":"https:\/\/www.jornalja.com.br\/arquivo\/wp-json\/wp\/v2\/categories?post=40672"},{"taxonomy":"post_tag","embeddable":true,"href":"https:\/\/www.jornalja.com.br\/arquivo\/wp-json\/wp\/v2\/tags?post=40672"}],"curies":[{"name":"wp","href":"https:\/\/api.w.org\/{rel}","templated":true}]}}