{"id":40739,"date":"2016-10-24T09:03:39","date_gmt":"2016-10-24T12:03:39","guid":{"rendered":"https:\/\/www.jornalja.com.br\/?p=40739"},"modified":"2016-10-24T09:03:39","modified_gmt":"2016-10-24T12:03:39","slug":"40739-2","status":"publish","type":"post","link":"https:\/\/www.jornalja.com.br\/arquivo\/40739-2\/","title":{"rendered":"Vereadores retomam regulamenta\u00e7\u00e3o do Uber em Porto Alegre"},"content":{"rendered":"<p>A C\u00e2mara Municipal de Porto Alegre retoma hoje (24) a vota\u00e7\u00e3o do <strong><a href=\"http:\/\/www.camarapoa.rs.gov.br\/processos\/128599\" target=\"_blank\" data-saferedirecturl=\"http:\/\/www.google.com\/url?hl=pt-BR&amp;q=http:\/\/www.camarapoa.rs.gov.br\/processos\/128599&amp;source=gmail&amp;ust=1477393915647000&amp;usg=AFQjCNFJjoHh_VmhttDhxQ-nLR5ES__Zag\" rel=\"noopener noreferrer\">projeto de lei do Executivo<\/a><\/strong>\u00a0que\u00a0<a href=\"http:\/\/camarapoa.rs.gov.br\/noticias\/comeca-a-tramitar-o-projeto-que-regula-o-transporte-individual-por-aplicativos\" target=\"_blank\" data-saferedirecturl=\"http:\/\/www.google.com\/url?hl=pt-BR&amp;q=http:\/\/camarapoa.rs.gov.br\/noticias\/comeca-a-tramitar-o-projeto-que-regula-o-transporte-individual-por-aplicativos&amp;source=gmail&amp;ust=1477393915647000&amp;usg=AFQjCNFjVEsIzDZv-WCFH0jX8ofFd0ebsw\" rel=\"noopener noreferrer\"><strong>regulamenta os aplicativos<\/strong><\/a>\u00a0de transporte individual de passageiros tipo Uber, Cabify e WillGo na Capital. Enquanto isso, a Uber Porto Alegre avisa os usu\u00e1rios que o pre\u00e7o do servi\u00e7o pode aumentar 30% com a regulamenta\u00e7\u00e3o.<br \/>\nNa sess\u00e3o desta tarde, no Plen\u00e1rio Ot\u00e1vio Rocha, os vereadores dever\u00e3o apreciar as 27 emendas restantes e o corpo do projeto. At\u00e9 quinta-feira passada (20), foram votadas 26 emendas, das quais nove foram aprovadas e 17 rejeitadas. Outras tr\u00eas ficaram prejudicadas e n\u00e3o ser\u00e3o mais votadas. Este \u00e9 o terceiro dia de vota\u00e7\u00e3o da mat\u00e9ria, que foi iniciada na sess\u00e3o do dia 29 de setembro. Na sess\u00e3o de hoje, a distribui\u00e7\u00e3o de senhas para taxistas e representantes dos aplicativos poderem ingressar nas galerias do plen\u00e1rio ser\u00e1 a partir das 13 horas.<br \/>\n<strong>Na lista abaixo, est\u00e3o todas as emendas, sua situa\u00e7\u00e3o e um resumo de seu conte\u00fado. Clique nos t\u00edtulos para acessar o texto completo de cada uma delas:<\/strong><br \/>\n<strong><a href=\"http:\/\/200.169.19.94\/documentos\/draco\/processos\/128599\/Proc1221E01_2016_2016_05_27_09_42_55_464.pdf\" target=\"_blank\" rel=\"noopener noreferrer\">Emenda n\u00ba 01<\/a>\u00a0<\/strong>(<strong>Aprovada<\/strong>)<strong>&#8211;\u00a0<\/strong>Permite a instala\u00e7\u00e3o de equipamento de \u00e1udio e v\u00eddeo para grava\u00e7\u00e3o das viagens. De Bernardino Vendruscolo (PROS), Idenir Cecchim (PMDB) e Dr. Thiago (DEM)<br \/>\n<strong><a href=\"http:\/\/200.169.19.94\/documentos\/draco\/processos\/128599\/Proc._1221-16_Emenda_n%C2%BA_02.pdf\" target=\"_blank\" rel=\"noopener noreferrer\">Emenda n\u00ba 02\u00a0<\/a><\/strong>(<strong>Rejeitada<\/strong>) &#8211; Elimina a Taxa de Gerenciamento Operacional (TGO) a ser cobrada pela EPTC das empresas que explorarem os aplicativos de transporte, no valor de 50 UFMs (R$ 182,50), prevista no artigo 3\u00ba do projeto. Tamb\u00e9m elimina a obrigatoriedade de identifica\u00e7\u00e3o visual dos ve\u00edculos de transporte por aplicativo, prevista no artigo 13\u00ba. De Mendes Ribeiro (PMDB). (Com a rejei\u00e7\u00e3o, foi prejudicada a emenda 25).<br \/>\n<strong><a href=\"http:\/\/200.169.19.94\/documentos\/draco\/processos\/128599\/Proc._1221-16_Emenda_n%C2%BA_03.pdf\" target=\"_blank\" rel=\"noopener noreferrer\">Emenda n\u00ba 03\u00a0<\/a><\/strong>(<strong>Rejeitada<\/strong>) &#8211; Empresa dever\u00e1 enviar ao usu\u00e1rio que contratar a viagem mensagem com previs\u00e3o de chegada, foto e telefone do condutor, placa e modelo do ve\u00edculo e valor do servi\u00e7o. De Dinho do Gr\u00eamio (DEM)<br \/>\n<strong><a href=\"http:\/\/200.169.19.94\/documentos\/draco\/processos\/128599\/Proc._1221-16_Emenda_n%C2%BA_04.pdf\" target=\"_blank\" rel=\"noopener noreferrer\">Emenda n\u00ba 04\u00a0<\/a><\/strong>(<strong>Rejeitada<\/strong>) &#8211; Limita o valor da TGO a 3% do valor auferido por quil\u00f4metro rodado ou 50 UFMs. De Dr. Thiago (DEM)<br \/>\n<strong><a href=\"http:\/\/200.169.19.94\/documentos\/draco\/processos\/128599\/Proc._1221-16_Emenda_n%C2%BA_05.pdf\" target=\"_blank\" rel=\"noopener noreferrer\">Emenda n\u00ba 05\u00a0<\/a><\/strong>(<strong>Rejeitada<\/strong>) &#8211; Elimina a exig\u00eancia de que o ve\u00edculo que operar na Capital tenha ser ser emplacado em Porto Alegre.De \u00a0Dr. Thiago (DEM)<br \/>\n<strong><a href=\"http:\/\/200.169.19.94\/documentos\/draco\/processos\/128599\/Proc._1221-16_Emenda_n%C2%BA_06.pdf\" target=\"_blank\" rel=\"noopener noreferrer\">Emenda n\u00ba 06\u00a0<\/a><\/strong>(<strong>Rejeitada<\/strong>) &#8211; Amplia o tempo de uso do ve\u00edculo de cinco para oito anos de vida \u00fatil. De Dr. Thiago (DEM)<br \/>\n<strong><a href=\"http:\/\/200.169.19.94\/documentos\/draco\/processos\/128599\/Proc._1221-16_Emenda_n%C2%BA_07.pdf\" target=\"_blank\" rel=\"noopener noreferrer\">Emenda n\u00ba 07\u00a0<\/a><\/strong>(<strong>Rejeitada<\/strong>) &#8211; Elimina a exig\u00eancia de vistorias peri\u00f3dicas da EPTC a cada 180 dias nos ve\u00edculos. De Dr. Thiago (DEM)<br \/>\n<strong><a href=\"http:\/\/200.169.19.94\/documentos\/draco\/processos\/128599\/Proc._1221-16_Emenda_n%C2%BA_08.pdf\" target=\"_blank\" rel=\"noopener noreferrer\">Emenda n\u00ba 08\u00a0<\/a><\/strong>(<strong>Aprovada<\/strong>) &#8211; Veda o cadastramento de mais de um condutor por ve\u00edculo dos aplicativos. Da Bancada do PT. (Aprova\u00e7\u00e3o prejudica o item 3 da emenda 56)<br \/>\n<strong><a href=\"http:\/\/200.169.19.94\/documentos\/draco\/processos\/128599\/Proc._1221-16_Sub01_E08.pdf\" target=\"_blank\" rel=\"noopener noreferrer\">Subemenda n\u00ba 01 \u00e0 Emenda n\u00ba 08\u00a0<\/a><\/strong>(<strong>Rejeitada<\/strong>) &#8211; Permite que, al\u00e9m do motorista cadastrado, outros dois condutores possam ser cadastrados para dirigir o mesmo ve\u00edculo de aplicativos. De Dr. Thiago (DEM)<br \/>\n<strong><a href=\"http:\/\/200.169.19.94\/documentos\/draco\/processos\/128599\/Proc._1221-16_Emenda_n%C2%BA_09.pdf\" target=\"_blank\" rel=\"noopener noreferrer\">Emenda n\u00ba 09\u00a0<\/a><\/strong>(<strong>Aprovada<\/strong>) &#8211; Exige comprova\u00e7\u00e3o de quita\u00e7\u00e3o de contrata\u00e7\u00e3o de seguro para passageiros e terceiros. Da Bancada do PT<br \/>\n<strong><a href=\"http:\/\/200.169.19.94\/documentos\/draco\/processos\/128599\/Proc._1221-16_Sub01_E09.pdf\" target=\"_blank\" rel=\"noopener noreferrer\">Subemenda n\u00ba 01 \u00e0 Emenda n\u00ba 09\u00a0<\/a><\/strong>(<strong>Aprovada<\/strong>) &#8211; Prev\u00ea apenas a comprova\u00e7\u00e3o da contrata\u00e7\u00e3o de seguro. De Dr. Thiago (DEM)<br \/>\n<strong><a href=\"http:\/\/200.169.19.94\/documentos\/draco\/processos\/128599\/Proc._1221-16_Sub02_E09.pdf\" target=\"_blank\" rel=\"noopener noreferrer\">Subemenda n\u00ba 02 \u00e0 Emenda n\u00ba 09\u00a0<\/a><\/strong>(<strong>Aprovada<\/strong>) &#8211; Permite que pessoas que tenham v\u00ednculo com secretarias municipais possam atuar como condutores dos ve\u00edculos. De Dr. Thiago (DEM)<br \/>\n<strong><a href=\"http:\/\/200.169.19.94\/documentos\/draco\/processos\/128599\/Proc._1221-16_Emenda_n%C2%BA_10.pdf\" target=\"_blank\" rel=\"noopener noreferrer\">Emenda n\u00ba 10\u00a0<\/a><\/strong>(<strong>Aprovada<\/strong>) &#8211; Veda o cadastramento de ve\u00edculo pertencente \u00e0queles que mantenham v\u00ednculo com as secretarias do Munic\u00edpio de Porto Alegre ou com a EPTC ou, ainda, que possuam cargos ou fun\u00e7\u00f5es na Administra\u00e7\u00e3o P\u00fablica, direta ou indireta, em qualquer de seus entes federativos, que sejam incompat\u00edveis com tal servi\u00e7o. Veda tamb\u00e9m o cadastramento \u00e0queles que j\u00e1 possuam autoriza\u00e7\u00e3o, permiss\u00e3o ou concess\u00e3o de servi\u00e7o p\u00fablico. Da Bancada do PT<br \/>\n<strong><a href=\"http:\/\/200.169.19.94\/documentos\/draco\/processos\/128599\/Proc._1221-16_Emenda_n%C2%BA_11.pdf\" target=\"_blank\" rel=\"noopener noreferrer\">Emenda n\u00ba 11\u00a0<\/a><\/strong>(<strong>Rejeitada<\/strong>) &#8211; Cria a Comiss\u00e3o Permanente de Avalia\u00e7\u00e3o e Monitoramento para fiscalizar o servi\u00e7o. De Fernanda Melchionna (PSOL), Alex Fraga (PSOL) e Marcelo Sgasbossa (PT). (Rejei\u00e7\u00e3o prejudica a Subemenda n\u00ba 01).<br \/>\n<strong><a href=\"http:\/\/200.169.19.94\/documentos\/draco\/processos\/128599\/Proc._1221-16_Sub01_E11.pdf\" target=\"_blank\" rel=\"noopener noreferrer\">Subemenda n\u00ba 01 \u00e0 Emenda n\u00ba 11\u00a0<\/a><\/strong>(<strong>Prejudicada<\/strong>) &#8211; Prev\u00ea que a comiss\u00e3o ter\u00e1 car\u00e1ter consultivo. De Dr. Thiago (DEM)<br \/>\n<strong><a href=\"http:\/\/200.169.19.94\/documentos\/draco\/processos\/128599\/Proc._1221-16_Emenda_n%C2%BA_12.pdf\" target=\"_blank\" rel=\"noopener noreferrer\">Emenda n\u00ba 12\u00a0<\/a><\/strong>(<strong>Aprovada<\/strong>) &#8211; Prev\u00ea que o servi\u00e7o dever\u00e1 ter, progressivamente, pelo menos 20% de mulheres condutoras. De Fernanda Melchionna e Alex Fraga (PSOL)<br \/>\n<strong><a href=\"http:\/\/200.169.19.94\/documentos\/draco\/processos\/128599\/Proc._1221-16_Emenda_n%C2%BA_13.pdf\" target=\"_blank\" rel=\"noopener noreferrer\">Emenda n\u00ba 13\u00a0<\/a><\/strong>(<strong>Rejeitada<\/strong>) &#8211; Veda o transporte de escolares pelos servi\u00e7os de aplicativos. De M\u00e1rcio Bins Ely (PDT)<br \/>\n<strong><a href=\"http:\/\/200.169.19.94\/documentos\/draco\/processos\/128599\/Proc._1221-16_Emenda_n%C2%BA_14.pdf\" target=\"_blank\" rel=\"noopener noreferrer\">Emenda n\u00ba 14\u00a0<\/a><\/strong>(<strong>Rejeitada<\/strong>) &#8211; Obriga os ve\u00edculos a serem emplacados em Porto Alegre e a utilizarem placa vermelha. De Cl\u00e1udio Janta (SD)<br \/>\n<strong><a href=\"http:\/\/200.169.19.94\/documentos\/draco\/processos\/128599\/Proc._1221-16_Emenda_n%C2%BA_15.pdf\" target=\"_blank\" rel=\"noopener noreferrer\">Emenda n\u00ba 15\u00a0<\/a><\/strong>(<strong>Rejeitada<\/strong>) &#8211; Prev\u00ea que os condutores tenham observa\u00e7\u00e3o em suas CNHs informando que exercem atividade remunerada de transporte de passageiros. De Cl\u00e1udio Janta (SD)<br \/>\n<strong><a href=\"http:\/\/200.169.19.94\/documentos\/draco\/processos\/128599\/Proc._1221-16_Emenda_n%C2%BA_16.pdf\" target=\"_blank\" rel=\"noopener noreferrer\">Emenda n\u00ba 16\u00a0<\/a><\/strong>(<strong>Rejeitada<\/strong>) &#8211; Prev\u00ea que poder\u00e3o ser utilizados ve\u00edculos leves de passageiros no servi\u00e7o. De Mauro Zacher (PDT)<br \/>\n<strong><a href=\"http:\/\/200.169.19.94\/documentos\/draco\/processos\/128599\/Proc._1221-16_Sub01_E16.pdf\" target=\"_blank\" rel=\"noopener noreferrer\">Subemenda n\u00ba 01 \u00e0 Emenda n\u00ba 16\u00a0<\/a><\/strong>(<strong>Prejudicada<\/strong>) &#8211; Permite a utiliza\u00e7\u00e3o de ve\u00edculos com capacidade para at\u00e9 oito passageiros al\u00e9m do motorista. De Cl\u00e1udio Janta (SD)<br \/>\n<strong><a href=\"http:\/\/200.169.19.94\/documentos\/draco\/processos\/128599\/Proc._1221-16_Emenda_n%C2%BA_17.pdf\" target=\"_blank\" rel=\"noopener noreferrer\">Emenda n\u00ba 17\u00a0<\/a><\/strong>(<strong>Rejeitada<\/strong>) &#8211; Exige comprova\u00e7\u00e3o, atrav\u00e9s da Carteira de Trabalho, de que o condutor n\u00e3o possui outro v\u00ednculo empregat\u00edcio. De Cl\u00e1udio Janta (SD)<br \/>\n<strong><a href=\"http:\/\/200.169.19.94\/documentos\/draco\/processos\/128599\/Proc._1221-16_Emenda_n%C2%BA_18.pdf\" target=\"_blank\" rel=\"noopener noreferrer\">Emenda n\u00ba 18\u00a0<\/a><\/strong>(<strong>Rejeitada<\/strong>) &#8211; Exige certid\u00e3o negativa de condutor na Junta Comercial comprovando que n\u00e3o possui empresa em seu nome. De Cl\u00e1udio Janta (SD)<br \/>\n<strong><a href=\"http:\/\/200.169.19.94\/documentos\/draco\/processos\/128599\/Proc._1221-16_Emenda_n%C2%BA_19.pdf\" target=\"_blank\" rel=\"noopener noreferrer\">Emenda n\u00ba 19\u00a0<\/a><\/strong>(<strong>Rejeitada<\/strong>) &#8211; Prev\u00ea que o n\u00famero de ve\u00edculos cadastrados para operar no servi\u00e7o por aplicativos n\u00e3o poder\u00e1 ultrapassar 1\/6 da frota de t\u00e1xi da Capital. De Cl\u00e1udio Janta (SD)<br \/>\n<strong><a href=\"http:\/\/200.169.19.94\/documentos\/draco\/processos\/128599\/Proc._1221-16_Emenda_n%C2%BA_20.pdf\" target=\"_blank\" rel=\"noopener noreferrer\">Emenda n\u00ba 20\u00a0<\/a><\/strong>(<strong>Aprovada<\/strong>) &#8211; Repasse de 25% da arrecada\u00e7\u00e3o da TGO para fundo de educa\u00e7\u00e3o no tr\u00e2nsito a ser criado. De Cl\u00e1udio Janta (SD)<br \/>\n<strong><a href=\"http:\/\/200.169.19.94\/documentos\/draco\/processos\/128599\/Proc._1221-16_Emenda_n%C2%BA_21.pdf\" target=\"_blank\" rel=\"noopener noreferrer\">Emenda n\u00ba 21\u00a0<\/a><\/strong>(<strong>Prejudicada<\/strong>) &#8211; Permite o cadastramento de dois ve\u00edculos por CPF, sendo que um deles pode ser do c\u00f4njuge, filho ou pais do parceiro credenciado. De Dinho do Gr\u00eamio (DEM)<br \/>\n<strong><a href=\"http:\/\/200.169.19.94\/documentos\/draco\/processos\/128599\/Proc._1221-16_Emenda_n%C2%BA_22.pdf\" target=\"_blank\" rel=\"noopener noreferrer\">Emenda n\u00ba 22\u00a0<\/a><\/strong>(<strong>Rejeitada<\/strong>) &#8211; Impede a EPTC de exigir das empresas que exploram o servi\u00e7o o fornecimento de dados sobre origem e destino da viagem, mapa do trajeto e itens do pre\u00e7o pago. De Dinho do Gr\u00eamio (DEM)<br \/>\n<strong><a href=\"http:\/\/200.169.19.94\/documentos\/draco\/processos\/128599\/Proc._1221-16_Emenda_n%C2%BA_23.pdf\" target=\"_blank\" rel=\"noopener noreferrer\">Emenda n\u00ba 23\u00a0<\/a><\/strong>(<strong>Rejeitada<\/strong>) &#8211; Limita a taxa cobrada pelas empresas a 20% do valor das viagens. De Dr. Thiago (DEM)<br \/>\n<strong><a href=\"http:\/\/200.169.19.94\/documentos\/draco\/processos\/128599\/Proc._1221-16_Emenda_n%C2%BA_24.pdf\" target=\"_blank\" rel=\"noopener noreferrer\">Emenda n\u00ba 24\u00a0<\/a><\/strong>(<strong>Aprovada<\/strong>) &#8211; Exclui a exig\u00eancia de identifica\u00e7\u00e3o visual dos ve\u00edculos que prestam o servi\u00e7o prevista no projeto original. De Dr. Thiago (DEM)<br \/>\n<strong><a href=\"http:\/\/200.169.19.94\/documentos\/draco\/processos\/128599\/Proc._1221-16_Emenda_n%C2%BA_25.pdf\" target=\"_blank\" rel=\"noopener noreferrer\">Emenda n\u00ba 25\u00a0<\/a><\/strong>(<strong>Prejudicada<\/strong>) &#8211; Exclui o artigo 13 do projeto, que trata de normas para identifica\u00e7\u00e3o visual dos ve\u00edculos. De Dr. Thiago (DEM)<br \/>\n<strong><a href=\"http:\/\/200.169.19.94\/documentos\/draco\/processos\/128599\/Proc._1221-16_Emenda_n%C2%BA_26.pdf\" target=\"_blank\" rel=\"noopener noreferrer\">Emenda n\u00ba 26\u00a0<\/a><\/strong>(<strong>Rejeitada<\/strong>) &#8211; Estabelece conte\u00fado m\u00ednimo para curso de forma\u00e7\u00e3o de condutores. De Dr. Thiago (DEM)<br \/>\n<strong><a href=\"http:\/\/200.169.19.94\/documentos\/draco\/processos\/128599\/Proc._1221-16_Emenda_n%C2%BA_27.pdf\" target=\"_blank\" rel=\"noopener noreferrer\">Emenda n\u00ba 27\u00a0<\/a><\/strong>(<strong>Aprovada<\/strong>) &#8211; As empresas que exploram os servi\u00e7os ter\u00e3o de informar o motivo pelo qual houve descredenciamento de condutor. De Dr. Thiago (DEM)<br \/>\n<strong><a href=\"http:\/\/200.169.19.94\/documentos\/draco\/processos\/128599\/Proc._1221-16_Emenda_n%C2%BA_28.pdf\" target=\"_blank\" rel=\"noopener noreferrer\">Emenda n\u00ba 28\u00a0<\/a><\/strong>(<strong>Aprovada<\/strong>) &#8211; Prev\u00ea que ve\u00edculos utilizados no servi\u00e7o tenham no m\u00e1ximo seis anos de vida \u00fatil. De Dr. Thiago (DEM)<br \/>\n<strong><a href=\"http:\/\/200.169.19.94\/documentos\/draco\/processos\/128599\/Proc._1221-16_Emenda_n%C2%BA_29.pdf\" target=\"_blank\" rel=\"noopener noreferrer\">Emenda n\u00ba 29\u00a0<\/a><\/strong>(\u00a0\u00a0\u00a0 ) &#8211; Estabelece que a TGO ser\u00e1 de 30 UFMs. De Dr. Thiago (DEM)<br \/>\n<strong><a href=\"http:\/\/200.169.19.94\/documentos\/draco\/processos\/128599\/Proc._1221-16_Emenda_n%C2%BA_30.pdf\" target=\"_blank\" rel=\"noopener noreferrer\">Emenda n\u00ba 30\u00a0<\/a><\/strong>(\u00a0\u00a0\u00a0 ) &#8211; Faz apenas altera\u00e7\u00e3o gramatical na reda\u00e7\u00e3o do projeto. De Jo\u00e3o Carlos Nedel (PP)<br \/>\n<strong><a href=\"http:\/\/200.169.19.94\/documentos\/draco\/processos\/128599\/Proc._1221-16_Emenda_n%C2%BA_31.pdf\" target=\"_blank\" rel=\"noopener noreferrer\">Emenda n\u00ba 31\u00a0<\/a><\/strong>(\u00a0\u00a0\u00a0 ) &#8211; Desobriga que os dados a serem fornecidos pelas empresas \u00e0 EPTC sobre as viagens sejam em tempo real. De Idenir Cecchim (PMDB)<br \/>\n<strong><a href=\"http:\/\/200.169.19.94\/documentos\/draco\/processos\/128599\/Proc._1221-16_Emenda_n%C2%BA_32.pdf\" target=\"_blank\" rel=\"noopener noreferrer\">Emenda n\u00ba 32\u00a0<\/a><\/strong>(\u00a0\u00a0\u00a0 ) &#8211;\u00a0Faz apenas altera\u00e7\u00e3o gramatical na reda\u00e7\u00e3o do projeto. De Jos\u00e9 Freitas (PRB)<br \/>\n<strong><a href=\"http:\/\/200.169.19.94\/documentos\/draco\/processos\/128599\/Proc._1221-16_Emenda_n%C2%BA_33.pdf\" target=\"_blank\" rel=\"noopener noreferrer\">Emenda n\u00ba 33\u00a0<\/a><\/strong>(\u00a0\u00a0\u00a0 ) &#8211;\u00a0Faz apenas altera\u00e7\u00e3o gramatical na reda\u00e7\u00e3o do projeto. De Jos\u00e9 Freitas (PRB)<br \/>\n<strong><a href=\"http:\/\/200.169.19.94\/documentos\/draco\/processos\/128599\/Proc._1221-16_Emenda_n%C2%BA_34.pdf\" target=\"_blank\" rel=\"noopener noreferrer\">Emenda n\u00ba 34\u00a0<\/a><\/strong>(\u00a0\u00a0\u00a0 ) &#8211; Prev\u00ea que ser\u00e1 cadastrada apenas uma pessoa f\u00edsica por ve\u00edculo, o registro de apenas um ve\u00edculo por pessoa f\u00edsica, veda o cadastramento de ve\u00edculo por pessoa jur\u00eddica e permite um condutor do ve\u00edculo al\u00e9m do propriet\u00e1rio, desde que este condutor esteja cadastrado na plataforma. De Jos\u00e9 Freitas (PRB)<br \/>\n<strong><a href=\"http:\/\/200.169.19.94\/documentos\/draco\/processos\/128599\/Proc._1221-16_Emenda_n%C2%BA_35.pdf\" target=\"_blank\" rel=\"noopener noreferrer\">Emenda n\u00ba 35\u00a0<\/a><\/strong>(\u00a0\u00a0\u00a0 ) &#8211;\u00a0 Prev\u00ea disponibiliza\u00e7\u00e3o de equipamentos que permitam o fornecimento de informa\u00e7\u00f5es para usu\u00e1rios com defici\u00eancia visual ou auditiva e ve\u00edculos adaptados para transporte de cadeirantes. De Jos\u00e9 Freitas (PRB)<br \/>\n<strong><a href=\"http:\/\/200.169.19.94\/documentos\/draco\/processos\/128599\/Proc._1221-16_Emenda_n%C2%BA_36.pdf\" target=\"_blank\" rel=\"noopener noreferrer\">Emenda n\u00ba 36\u00a0<\/a><\/strong>(\u00a0\u00a0\u00a0 ) &#8211; Prev\u00ea envio ao usu\u00e1rio, via celular, de foto do condutor, da placa e do ve\u00edculo que far\u00e1 a viagem. De Jos\u00e9 Freitas (PRB)<br \/>\n<strong><a href=\"http:\/\/200.169.19.94\/documentos\/draco\/processos\/128599\/Proc._1221-16_Emenda_n%C2%BA_37.pdf\" target=\"_blank\" rel=\"noopener noreferrer\">Emenda n\u00ba 37\u00a0<\/a><\/strong>(\u00a0\u00a0\u00a0 ) &#8211; Define que o pre\u00e7o da remunera\u00e7\u00e3o do servi\u00e7o ser\u00e1 estabelecido pela autorizat\u00e1ria. De Jos\u00e9 Freitas (PRB)<br \/>\n<strong><a href=\"http:\/\/200.169.19.94\/documentos\/draco\/processos\/128599\/Proc._1221-16_Emenda_n%C2%BA_38.pdf\" target=\"_blank\" rel=\"noopener noreferrer\">Emenda n\u00ba 38\u00a0<\/a><\/strong>(\u00a0\u00a0\u00a0 ) &#8211; Estabelece taxa de cobran\u00e7a extra de at\u00e9 20% do valor da viagem em caso de bagagem superior a duas malas. De Jos\u00e9 Freitas (PRB)<br \/>\n<strong><a href=\"http:\/\/200.169.19.94\/documentos\/draco\/processos\/128599\/Proc._1221-16_Emenda_n%C2%BA_39.pdf\" target=\"_blank\" rel=\"noopener noreferrer\">Emenda n\u00ba 39\u00a0<\/a><\/strong>(\u00a0\u00a0\u00a0 ) &#8211;\u00a0Faz apenas altera\u00e7\u00e3o gramatical na reda\u00e7\u00e3o do projeto. De Jos\u00e9 Freitas (PRB)<br \/>\n<strong><a href=\"http:\/\/200.169.19.94\/documentos\/draco\/processos\/128599\/Proc._1221-16_Emenda_n%C2%BA_40.pdf\" target=\"_blank\" rel=\"noopener noreferrer\">Emenda n\u00ba 40\u00a0<\/a><\/strong>(\u00a0\u00a0\u00a0 ) &#8211;\u00a0Faz apenas altera\u00e7\u00e3o gramatical na reda\u00e7\u00e3o do projeto. De Jos\u00e9 Freitas (PRB)<br \/>\n<strong><a href=\"http:\/\/200.169.19.94\/documentos\/draco\/processos\/128599\/Proc._1221-16_Emenda_n%C2%BA_41.pdf\" target=\"_blank\" rel=\"noopener noreferrer\">Emenda n\u00ba 41\u00a0<\/a><\/strong>(\u00a0\u00a0\u00a0 ) &#8211; Permite utiliza\u00e7\u00e3o de ve\u00edculos com at\u00e9 dez anos de vida \u00fatil nos primeiros tr\u00eas anos da nova lei. Ap\u00f3s isso, reduz para cinco anos a vida \u00fatil. Tamb\u00e9m prev\u00ea que o ve\u00edculo ter\u00e1 de ser emplacado em Porto Alegre e vistoriado pela EPTC. De Jos\u00e9 Freitas (PRB)<br \/>\n<strong><a href=\"http:\/\/200.169.19.94\/documentos\/draco\/processos\/128599\/Proc._1221-16_Emenda_n%C2%BA_42.pdf\" target=\"_blank\" rel=\"noopener noreferrer\">Emenda n\u00ba 42\u00a0<\/a><\/strong>(\u00a0\u00a0\u00a0 ) &#8211;\u00a0Faz apenas altera\u00e7\u00e3o gramatical na reda\u00e7\u00e3o do projeto. De Jos\u00e9 Freitas (PRB)<br \/>\n<strong><a href=\"http:\/\/200.169.19.94\/documentos\/draco\/processos\/128599\/Proc._1221-16_Emenda_n%C2%BA_43.pdf\" target=\"_blank\" rel=\"noopener noreferrer\">Emenda n\u00ba 43\u00a0<\/a><\/strong>(\u00a0\u00a0\u00a0 ) &#8211; Prev\u00ea que, entre os requisitos para cadastramento de ve\u00edculos, a inspe\u00e7\u00e3o e aprova\u00e7\u00e3o do mesmo por \u00f3rg\u00e3o autorizado pelo Inmetro e licenciado pelo Denatran. De Reginaldo Pujol (DEM)<br \/>\n<a href=\"http:\/\/200.169.19.94\/documentos\/draco\/processos\/128599\/PROC1221E44_2016_08_31_15_24_58_185.pdf\" target=\"_blank\" rel=\"noopener noreferrer\">Emenda n\u00ba 44\u00a0<\/a>(\u00a0\u00a0\u00a0 ) &#8211; Prev\u00ea que viagens realizadas por ve\u00edculos emplacados fora de Porto Alegre estar\u00e3o sujeitas a uma TGO de 1,5%. De Mauro Zacher (PDT)<br \/>\n<a href=\"http:\/\/200.169.19.94\/documentos\/draco\/processos\/128599\/PROC1221E45_2016_08_31_15_25_48_235.pdf\" target=\"_blank\" rel=\"noopener noreferrer\">Emenda n\u00ba 45\u00a0<\/a>(<strong>\u00a0 \u00a0\u00a0<\/strong>) &#8211; Estipula que a TGO ser\u00e1 equivalente a 1% do valor total de cada viagem realizada e que os valores ser\u00e3o repassados \u00e0 EPTC pelas empresas que explorarem o servi\u00e7o. De Mauro Zacher (PDT)<br \/>\n<a href=\"http:\/\/200.169.19.94\/documentos\/draco\/processos\/128599\/PROC1221E46_2016_08_31_15_26_55_207.pdf\" target=\"_blank\" rel=\"noopener noreferrer\">Emenda n\u00ba 46\u00a0<\/a>(<strong>Prejudicada<\/strong>) &#8211; Define que somente poder\u00e3o ser cadastrados para o servi\u00e7o os ve\u00edculos com no m\u00e1ximo oito anos de uso. De Mauro Zacher (PDT)<br \/>\n<a href=\"http:\/\/200.169.19.94\/documentos\/draco\/processos\/128599\/PROC1221E47_2016_08_31_15_27_27_422.pdf\" target=\"_blank\" rel=\"noopener noreferrer\">Emenda n\u00ba 47\u00a0<\/a>(\u00a0\u00a0\u00a0 ) &#8211; Estipula que os ve\u00edculos cadastrados para o servi\u00e7o ser\u00e3o submetidos a uma vistoria anual. De Mauro Zacher (PDT).<br \/>\n<a href=\"http:\/\/200.169.19.94\/documentos\/draco\/processos\/128599\/PROC1221E47_2016_08_31_15_27_27_422.pdf\" target=\"_blank\" rel=\"noopener noreferrer\"><br \/>\n<\/a><a href=\"http:\/\/200.169.19.94\/documentos\/draco\/processos\/128599\/PROC1221E48_2016_2016_09_29_14_08_42_712.pdf\" target=\"_blank\" rel=\"noopener noreferrer\">Emenda n\u00ba 48\u00a0<\/a>(\u00a0\u00a0\u00a0 )\u00a0 &#8211;\u00a0Condiciona a vig\u00eancia da nova lei \u00e0 apresenta\u00e7\u00e3o pelo Executivo de estudos t\u00e9cnicos que comprovem que o servi\u00e7o prestado via aplicativos n\u00e3o trar\u00e1 preju\u00edzos ao sistema de t\u00e1xis. Engenheiro Comassetto (PT)<br \/>\n<a href=\"http:\/\/200.169.19.94\/documentos\/draco\/processos\/128599\/Proc1221E49_2016_2016_09_29_14_48_39_858.pdf\" target=\"_blank\" rel=\"noopener noreferrer\">Emenda 49\u00a0<\/a>(\u00a0\u00a0\u00a0 ) &#8211;\u00a0Prev\u00ea que, quando n\u00e3o houver espa\u00e7o no porta-malas para colocar a cadeira de rodas, o condutor dever\u00e1 acomod\u00e1-la no banco traseiro e n\u00e3o poder\u00e1 recusar a corrida Paulo Brum (PTB) .<br \/>\n<a href=\"http:\/\/200.169.19.94\/documentos\/draco\/processos\/128599\/Proc1221E50_2016_2016_09_29_14_49_25_154.pdf\" target=\"_blank\" rel=\"noopener noreferrer\">Emenda n\u00ba 50\u00a0<\/a>(\u00a0\u00a0\u00a0 )\u00a0&#8211; As operadoras do servi\u00e7o ficam obrigadas a enviar mensalmente \u00e0 Fazenda municipal informa\u00e7\u00f5es sobre os valores recebidos pelas viagens. Reginaldo Pujol (DEM).<br \/>\n<a href=\"http:\/\/200.169.19.94\/documentos\/draco\/processos\/128599\/PROC1221E51_2016_09_29_15_00_13_853.pdf\" target=\"_blank\" rel=\"noopener noreferrer\">Emenda n\u00ba 51\u00a0<\/a>(\u00a0\u00a0\u00a0 ) &#8211;\u00a0Os permission\u00e1rios de t\u00e1xi que desejarem deixar o sistema ter\u00e3o um ano a partir da lei para requerer indeniza\u00e7\u00e3o pelos valores pagos na \u00faltima licita\u00e7\u00e3o Cl\u00e1udio Janta (SD).<br \/>\n<a href=\"http:\/\/200.169.19.94\/documentos\/draco\/processos\/128599\/PROC1221E52_2016_09_29_15_00_47_650.pdf\" target=\"_blank\" rel=\"noopener noreferrer\">Emenda n\u00ba 52<\/a>\u00a0&#8211;\u00a0Retirada<br \/>\n<a href=\"http:\/\/200.169.19.94\/documentos\/draco\/processos\/128599\/PROC1221E53_2016_09_29_15_40_20_347.pdf\" target=\"_blank\" rel=\"noopener noreferrer\">Emenda 53\u00a0<\/a>(\u00a0\u00a0\u00a0 ) &#8211;\u00a0Prev\u00ea vistoria anual para ve\u00edculos com at\u00e9 tr\u00eas anos de uso e duas vistorias ao ano para ve\u00edculos com mais de tr\u00eas anos de uso. Mauro Pinheiro (Rede).<br \/>\n<a href=\"http:\/\/200.169.19.94\/documentos\/draco\/processos\/128599\/Proc1221E54_2016_2016_09_29_17_05_42_172.pdf\" target=\"_blank\" rel=\"noopener noreferrer\">Emenda n\u00ba 54\u00a0<\/a>(\u00a0\u00a0\u00a0 ) &#8211;\u00a0Retira os artigos 15 e 16 do projeto, que tratam do chamado car sharing, o compartilhamento de ve\u00edculos para transporte de passageiros. De Reginaldo Pujol (DEM)<br \/>\n<a href=\"http:\/\/200.169.19.94\/documentos\/draco\/processos\/128599\/PROC1221E55_2016_09_30_07_54_53_970.pdf\" target=\"_blank\" rel=\"noopener noreferrer\">Emenda n\u00ba 55\u00a0<\/a>(\u00a0\u00a0\u00a0 ) &#8211;\u00a0Define o valor da TGO em 20 UFMs. Idenir Cecchim (PMDB).<br \/>\n<a href=\"http:\/\/200.169.19.94\/documentos\/draco\/processos\/128599\/PROC1221E56_2016_09_30_07_55_36_637.pdf\" target=\"_blank\" rel=\"noopener noreferrer\">Emenda n\u00ba 56\u00a0<\/a>(\u00a0\u00a0\u00a0 ) &#8211;\u00a0Retira a obrigatoriedade de as operadoras do servi\u00e7o compartilharem com a Prefeitura, em tempo real, os dados operacionais necess\u00e1rios para controle da mobilidade urbana. A emenda diz que a forma de compartilhamento ser\u00e1 definida em decreto que regulamentar a lei. A mesma emenda limita a dois o n\u00famero de condutores de um mesmo ve\u00edculo cadastrado, sendo que um deles dever\u00e1 ser o propriet\u00e1rio do autom\u00f3vel. A proposta ainda suprime o artigo 31 do projeto de lei, pelo qual o servi\u00e7o de transporte por aplicativo passaria a ser considerado de utilidade p\u00fablica. De Reginaldo Pujol (DEM).\u00a0<strong>(<\/strong><strong>Esta emenda teve seu item 3 prejudicado pela aprova\u00e7\u00e3o da emenda 8<\/strong>).<br \/>\n<a href=\"http:\/\/200.169.19.94\/documentos\/draco\/processos\/128599\/PROC1221E57_2016_09_30_07_56_46_753.pdf\" target=\"_blank\" rel=\"noopener noreferrer\">Emenda n\u00ba 57<\/a>\u00a0(\u00a0\u00a0\u00a0 )\u00a0&#8211; Institui o &#8220;vi\u00e1rio urbano&#8221; e cria a taxa de utiliza\u00e7\u00e3o e explora\u00e7\u00e3o dele no valor mensal equivalente a 100 UFMs por ve\u00edculo cadastrado, que ser\u00e1 recolhida junto com a TGO. Cl\u00e1udio Janta (SD)<br \/>\nObserva\u00e7\u00e3o: O valor da Unidade Financeira Municipal (UFM) \u00e9 de R$ 3,65.<br \/>\n<strong>Clique nos t\u00edtulos para acessar o conte\u00fado completo de cada emenda:<\/strong><br \/>\n<strong><a href=\"http:\/\/200.169.19.94\/documentos\/draco\/processos\/128599\/Proc1221E01_2016_2016_05_27_09_42_55_464.pdf\" target=\"_blank\" data-saferedirecturl=\"http:\/\/www.google.com\/url?hl=pt-BR&amp;q=http:\/\/200.169.19.94\/documentos\/draco\/processos\/128599\/Proc1221E01_2016_2016_05_27_09_42_55_464.pdf&amp;source=gmail&amp;ust=1477393915647000&amp;usg=AFQjCNErGoQJ_vWlKjCckEoRGQyLQyM8BQ\" rel=\"noopener noreferrer\">Emenda n\u00ba 01<\/a>\u00a0<\/strong>(<strong>Aprovada<\/strong>)<strong>&#8211;\u00a0<\/strong>Permite a instala\u00e7\u00e3o de equipamento de \u00e1udio e v\u00eddeo para grava\u00e7\u00e3o das viagens. De Bernardino Vendruscolo (PROS), Idenir Cecchim (PMDB) e Dr. Thiago (DEM)<br \/>\n<strong><a href=\"http:\/\/200.169.19.94\/documentos\/draco\/processos\/128599\/Proc._1221-16_Emenda_n%C2%BA_02.pdf\" target=\"_blank\" data-saferedirecturl=\"http:\/\/www.google.com\/url?hl=pt-BR&amp;q=http:\/\/200.169.19.94\/documentos\/draco\/processos\/128599\/Proc._1221-16_Emenda_n%25C2%25BA_02.pdf&amp;source=gmail&amp;ust=1477393915647000&amp;usg=AFQjCNFFUfLbEf0zH0r-08cAFUIl7vwVXA\" rel=\"noopener noreferrer\">Emenda n\u00ba 02\u00a0<\/a><\/strong>(<strong>Rejeitada<\/strong>) &#8211; Elimina a Taxa de Gerenciamento Operacional (TGO) a ser cobrada pela EPTC das empresas que explorarem os aplicativos de transporte, no valor de 50 UFMs (R$ 182,50), prevista no artigo 3\u00ba do projeto. Tamb\u00e9m elimina a obrigatoriedade de identifica\u00e7\u00e3o visual dos ve\u00edculos de transporte por aplicativo, prevista no artigo 13\u00ba. De Mendes Ribeiro (PMDB). (Com a rejei\u00e7\u00e3o, foi prejudicada a emenda 25).<br \/>\n<strong><a href=\"http:\/\/200.169.19.94\/documentos\/draco\/processos\/128599\/Proc._1221-16_Emenda_n%C2%BA_03.pdf\" target=\"_blank\" data-saferedirecturl=\"http:\/\/www.google.com\/url?hl=pt-BR&amp;q=http:\/\/200.169.19.94\/documentos\/draco\/processos\/128599\/Proc._1221-16_Emenda_n%25C2%25BA_03.pdf&amp;source=gmail&amp;ust=1477393915647000&amp;usg=AFQjCNFK-h5kJRtVwTytIN8dUNPO8JFj5w\" rel=\"noopener noreferrer\">Emenda n\u00ba 03\u00a0<\/a><\/strong>(<strong>Rejeitada<\/strong>) &#8211; Empresa dever\u00e1 enviar ao usu\u00e1rio que contratar a viagem mensagem com previs\u00e3o de chegada, foto e telefone do condutor, placa e modelo do ve\u00edculo e valor do servi\u00e7o. De Dinho do Gr\u00eamio (DEM)<br \/>\n<strong><a href=\"http:\/\/200.169.19.94\/documentos\/draco\/processos\/128599\/Proc._1221-16_Emenda_n%C2%BA_04.pdf\" target=\"_blank\" data-saferedirecturl=\"http:\/\/www.google.com\/url?hl=pt-BR&amp;q=http:\/\/200.169.19.94\/documentos\/draco\/processos\/128599\/Proc._1221-16_Emenda_n%25C2%25BA_04.pdf&amp;source=gmail&amp;ust=1477393915647000&amp;usg=AFQjCNGHbugI3G8pA9WWmBm-yFiQTAoJIA\" rel=\"noopener noreferrer\">Emenda n\u00ba 04\u00a0<\/a><\/strong>(<strong>Rejeitada<\/strong>) &#8211; Limita o valor da TGO a 3% do valor auferido por quil\u00f4metro rodado ou 50 UFMs. De Dr. Thiago (DEM)<br \/>\n<strong><a href=\"http:\/\/200.169.19.94\/documentos\/draco\/processos\/128599\/Proc._1221-16_Emenda_n%C2%BA_05.pdf\" target=\"_blank\" data-saferedirecturl=\"http:\/\/www.google.com\/url?hl=pt-BR&amp;q=http:\/\/200.169.19.94\/documentos\/draco\/processos\/128599\/Proc._1221-16_Emenda_n%25C2%25BA_05.pdf&amp;source=gmail&amp;ust=1477393915647000&amp;usg=AFQjCNH475FqAsDS0pBy_I-MhZ0CGo5CKg\" rel=\"noopener noreferrer\">Emenda n\u00ba 05\u00a0<\/a><\/strong>(<strong>Rejeitada<\/strong>) &#8211; Elimina a exig\u00eancia de que o ve\u00edculo que operar na Capital tenha ser ser emplacado em Porto Alegre.De \u00a0Dr. Thiago (DEM)<br \/>\n<strong><a href=\"http:\/\/200.169.19.94\/documentos\/draco\/processos\/128599\/Proc._1221-16_Emenda_n%C2%BA_06.pdf\" target=\"_blank\" data-saferedirecturl=\"http:\/\/www.google.com\/url?hl=pt-BR&amp;q=http:\/\/200.169.19.94\/documentos\/draco\/processos\/128599\/Proc._1221-16_Emenda_n%25C2%25BA_06.pdf&amp;source=gmail&amp;ust=1477393915647000&amp;usg=AFQjCNFtGdMZlmtP5F7LiDob7y3cgEkAmw\" rel=\"noopener noreferrer\">Emenda n\u00ba 06\u00a0<\/a><\/strong>(<strong>Rejeitada<\/strong>) &#8211; Amplia o tempo de uso do ve\u00edculo de cinco para oito anos de vida \u00fatil. De Dr. Thiago (DEM)<br \/>\n<strong><a href=\"http:\/\/200.169.19.94\/documentos\/draco\/processos\/128599\/Proc._1221-16_Emenda_n%C2%BA_07.pdf\" target=\"_blank\" data-saferedirecturl=\"http:\/\/www.google.com\/url?hl=pt-BR&amp;q=http:\/\/200.169.19.94\/documentos\/draco\/processos\/128599\/Proc._1221-16_Emenda_n%25C2%25BA_07.pdf&amp;source=gmail&amp;ust=1477393915647000&amp;usg=AFQjCNHINuu4RZ4AdLvi6zIiN8tsmvIGDw\" rel=\"noopener noreferrer\">Emenda n\u00ba 07\u00a0<\/a><\/strong>(<strong>Rejeitada<\/strong>) &#8211; Elimina a exig\u00eancia de vistorias peri\u00f3dicas da EPTC a cada 180 dias nos ve\u00edculos. De Dr. Thiago (DEM)<br \/>\n<strong><a href=\"http:\/\/200.169.19.94\/documentos\/draco\/processos\/128599\/Proc._1221-16_Emenda_n%C2%BA_08.pdf\" target=\"_blank\" data-saferedirecturl=\"http:\/\/www.google.com\/url?hl=pt-BR&amp;q=http:\/\/200.169.19.94\/documentos\/draco\/processos\/128599\/Proc._1221-16_Emenda_n%25C2%25BA_08.pdf&amp;source=gmail&amp;ust=1477393915647000&amp;usg=AFQjCNE85PCPNVhoWZ5Qs8rBhbPOjQR0Yw\" rel=\"noopener noreferrer\">Emenda n\u00ba 08\u00a0<\/a><\/strong>(<strong>Aprovada<\/strong>) &#8211; Veda o cadastramento de mais de um condutor por ve\u00edculo dos aplicativos. Da Bancada do PT. (Aprova\u00e7\u00e3o prejudica o item 3 da emenda 56)<br \/>\n<strong><a href=\"http:\/\/200.169.19.94\/documentos\/draco\/processos\/128599\/Proc._1221-16_Sub01_E08.pdf\" target=\"_blank\" data-saferedirecturl=\"http:\/\/www.google.com\/url?hl=pt-BR&amp;q=http:\/\/200.169.19.94\/documentos\/draco\/processos\/128599\/Proc._1221-16_Sub01_E08.pdf&amp;source=gmail&amp;ust=1477393915647000&amp;usg=AFQjCNHjzXzmvH0KnEOzG7BTA_B1CWdapw\" rel=\"noopener noreferrer\">Subemenda n\u00ba 01 \u00e0 Emenda n\u00ba 08\u00a0<\/a><\/strong>(<strong>Rejeitada<\/strong>) &#8211; Permite que, al\u00e9m do motorista cadastrado, outros dois condutores possam ser cadastrados para dirigir o mesmo ve\u00edculo de aplicativos. De Dr. Thiago (DEM)<br \/>\n<strong><a href=\"http:\/\/200.169.19.94\/documentos\/draco\/processos\/128599\/Proc._1221-16_Emenda_n%C2%BA_09.pdf\" target=\"_blank\" data-saferedirecturl=\"http:\/\/www.google.com\/url?hl=pt-BR&amp;q=http:\/\/200.169.19.94\/documentos\/draco\/processos\/128599\/Proc._1221-16_Emenda_n%25C2%25BA_09.pdf&amp;source=gmail&amp;ust=1477393915647000&amp;usg=AFQjCNEwqnYDVTY54kYkzYBUqt4UqpE08w\" rel=\"noopener noreferrer\">Emenda n\u00ba 09\u00a0<\/a><\/strong>(<strong>Aprovada<\/strong>) &#8211; Exige comprova\u00e7\u00e3o de quita\u00e7\u00e3o de contrata\u00e7\u00e3o de seguro para passageiros e terceiros. Da Bancada do PT<br \/>\n<strong><a href=\"http:\/\/200.169.19.94\/documentos\/draco\/processos\/128599\/Proc._1221-16_Sub01_E09.pdf\" target=\"_blank\" data-saferedirecturl=\"http:\/\/www.google.com\/url?hl=pt-BR&amp;q=http:\/\/200.169.19.94\/documentos\/draco\/processos\/128599\/Proc._1221-16_Sub01_E09.pdf&amp;source=gmail&amp;ust=1477393915647000&amp;usg=AFQjCNGYoG7khbxOzKYNuJQCRujVs3JD6w\" rel=\"noopener noreferrer\">Subemenda n\u00ba 01 \u00e0 Emenda n\u00ba 09\u00a0<\/a><\/strong>(<strong>Aprovada<\/strong>) &#8211; Prev\u00ea apenas a comprova\u00e7\u00e3o da contrata\u00e7\u00e3o de seguro. De Dr. Thiago (DEM)<br \/>\n<strong><a href=\"http:\/\/200.169.19.94\/documentos\/draco\/processos\/128599\/Proc._1221-16_Sub02_E09.pdf\" target=\"_blank\" data-saferedirecturl=\"http:\/\/www.google.com\/url?hl=pt-BR&amp;q=http:\/\/200.169.19.94\/documentos\/draco\/processos\/128599\/Proc._1221-16_Sub02_E09.pdf&amp;source=gmail&amp;ust=1477393915648000&amp;usg=AFQjCNGuzZybfLUPJ36WbW7s-2lpaj-VUQ\" rel=\"noopener noreferrer\">Subemenda n\u00ba 02 \u00e0 Emenda n\u00ba 09\u00a0<\/a><\/strong>(<strong>Aprovada<\/strong>) &#8211; Permite que pessoas que tenham v\u00ednculo com secretarias municipais possam atuar como condutores dos ve\u00edculos. De Dr. Thiago (DEM)<br \/>\n<strong><a href=\"http:\/\/200.169.19.94\/documentos\/draco\/processos\/128599\/Proc._1221-16_Emenda_n%C2%BA_10.pdf\" target=\"_blank\" data-saferedirecturl=\"http:\/\/www.google.com\/url?hl=pt-BR&amp;q=http:\/\/200.169.19.94\/documentos\/draco\/processos\/128599\/Proc._1221-16_Emenda_n%25C2%25BA_10.pdf&amp;source=gmail&amp;ust=1477393915648000&amp;usg=AFQjCNHhOayqrTX9Sg9hvXz4WEWDj0tr7g\" rel=\"noopener noreferrer\">Emenda n\u00ba 10\u00a0<\/a><\/strong>(<strong>Aprovada<\/strong>) &#8211; Veda o cadastramento de ve\u00edculo pertencente \u00e0queles que mantenham v\u00ednculo com as secretarias do Munic\u00edpio de Porto Alegre ou com a EPTC ou, ainda, que possuam cargos ou fun\u00e7\u00f5es na Administra\u00e7\u00e3o P\u00fablica, direta ou indireta, em qualquer de seus entes federativos, que sejam incompat\u00edveis com tal servi\u00e7o. Veda tamb\u00e9m o cadastramento \u00e0queles que j\u00e1 possuam autoriza\u00e7\u00e3o, permiss\u00e3o ou concess\u00e3o de servi\u00e7o p\u00fablico. Da Bancada do PT<br \/>\n<strong><a href=\"http:\/\/200.169.19.94\/documentos\/draco\/processos\/128599\/Proc._1221-16_Emenda_n%C2%BA_11.pdf\" target=\"_blank\" data-saferedirecturl=\"http:\/\/www.google.com\/url?hl=pt-BR&amp;q=http:\/\/200.169.19.94\/documentos\/draco\/processos\/128599\/Proc._1221-16_Emenda_n%25C2%25BA_11.pdf&amp;source=gmail&amp;ust=1477393915648000&amp;usg=AFQjCNHJ_eYYNbmPlK4Lfr2H7SVkqpJJAw\" rel=\"noopener noreferrer\">Emenda n\u00ba 11\u00a0<\/a><\/strong>(<strong>Rejeitada<\/strong>) &#8211; Cria a Comiss\u00e3o Permanente de Avalia\u00e7\u00e3o e Monitoramento para fiscalizar o servi\u00e7o. De Fernanda Melchionna (PSOL), Alex Fraga (PSOL) e Marcelo Sgasbossa (PT). (Rejei\u00e7\u00e3o prejudica a Subemenda n\u00ba 01).<br \/>\n<strong><a href=\"http:\/\/200.169.19.94\/documentos\/draco\/processos\/128599\/Proc._1221-16_Sub01_E11.pdf\" target=\"_blank\" data-saferedirecturl=\"http:\/\/www.google.com\/url?hl=pt-BR&amp;q=http:\/\/200.169.19.94\/documentos\/draco\/processos\/128599\/Proc._1221-16_Sub01_E11.pdf&amp;source=gmail&amp;ust=1477393915648000&amp;usg=AFQjCNGlPOi95k9bgwaieHiXfy4EtZYFaw\" rel=\"noopener noreferrer\">Subemenda n\u00ba 01 \u00e0 Emenda n\u00ba 11\u00a0<\/a><\/strong>(<strong>Prejudicada<\/strong>) &#8211; Prev\u00ea que a comiss\u00e3o ter\u00e1 car\u00e1ter consultivo. De Dr. Thiago (DEM)<br \/>\n<strong><a href=\"http:\/\/200.169.19.94\/documentos\/draco\/processos\/128599\/Proc._1221-16_Emenda_n%C2%BA_12.pdf\" target=\"_blank\" data-saferedirecturl=\"http:\/\/www.google.com\/url?hl=pt-BR&amp;q=http:\/\/200.169.19.94\/documentos\/draco\/processos\/128599\/Proc._1221-16_Emenda_n%25C2%25BA_12.pdf&amp;source=gmail&amp;ust=1477393915648000&amp;usg=AFQjCNHQ7ABD6b5jAjtuuDc6MI6KON3nFQ\" rel=\"noopener noreferrer\">Emenda n\u00ba 12\u00a0<\/a><\/strong>(<strong>Aprovada<\/strong>) &#8211; Prev\u00ea que o servi\u00e7o dever\u00e1 ter, progressivamente, pelo menos 20% de mulheres condutoras. De Fernanda Melchionna e Alex Fraga (PSOL)<br \/>\n<strong><a href=\"http:\/\/200.169.19.94\/documentos\/draco\/processos\/128599\/Proc._1221-16_Emenda_n%C2%BA_13.pdf\" target=\"_blank\" data-saferedirecturl=\"http:\/\/www.google.com\/url?hl=pt-BR&amp;q=http:\/\/200.169.19.94\/documentos\/draco\/processos\/128599\/Proc._1221-16_Emenda_n%25C2%25BA_13.pdf&amp;source=gmail&amp;ust=1477393915648000&amp;usg=AFQjCNFZtC0c15peVpWT6v9p9dWRJHCojg\" rel=\"noopener noreferrer\">Emenda n\u00ba 13\u00a0<\/a><\/strong>(<strong>Rejeitada<\/strong>) &#8211; Veda o transporte de escolares pelos servi\u00e7os de aplicativos. De M\u00e1rcio Bins Ely (PDT)<br \/>\n<strong><a href=\"http:\/\/200.169.19.94\/documentos\/draco\/processos\/128599\/Proc._1221-16_Emenda_n%C2%BA_14.pdf\" target=\"_blank\" data-saferedirecturl=\"http:\/\/www.google.com\/url?hl=pt-BR&amp;q=http:\/\/200.169.19.94\/documentos\/draco\/processos\/128599\/Proc._1221-16_Emenda_n%25C2%25BA_14.pdf&amp;source=gmail&amp;ust=1477393915648000&amp;usg=AFQjCNFRIwfY3u-7eoLQyAf-_R4Dms3N-A\" rel=\"noopener noreferrer\">Emenda n\u00ba 14\u00a0<\/a><\/strong>(<strong>Rejeitada<\/strong>) &#8211; Obriga os ve\u00edculos a serem emplacados em Porto Alegre e a utilizarem placa vermelha. De Cl\u00e1udio Janta (SD)<br \/>\n<strong><a href=\"http:\/\/200.169.19.94\/documentos\/draco\/processos\/128599\/Proc._1221-16_Emenda_n%C2%BA_15.pdf\" target=\"_blank\" data-saferedirecturl=\"http:\/\/www.google.com\/url?hl=pt-BR&amp;q=http:\/\/200.169.19.94\/documentos\/draco\/processos\/128599\/Proc._1221-16_Emenda_n%25C2%25BA_15.pdf&amp;source=gmail&amp;ust=1477393915648000&amp;usg=AFQjCNGZXyQhHHkSVsQHJ0Dmvb1l9Aa18Q\" rel=\"noopener noreferrer\">Emenda n\u00ba 15\u00a0<\/a><\/strong>(<strong>Rejeitada<\/strong>) &#8211; Prev\u00ea que os condutores tenham observa\u00e7\u00e3o em suas CNHs informando que exercem atividade remunerada de transporte de passageiros. De Cl\u00e1udio Janta (SD)<br \/>\n<strong><a href=\"http:\/\/200.169.19.94\/documentos\/draco\/processos\/128599\/Proc._1221-16_Emenda_n%C2%BA_16.pdf\" target=\"_blank\" data-saferedirecturl=\"http:\/\/www.google.com\/url?hl=pt-BR&amp;q=http:\/\/200.169.19.94\/documentos\/draco\/processos\/128599\/Proc._1221-16_Emenda_n%25C2%25BA_16.pdf&amp;source=gmail&amp;ust=1477393915648000&amp;usg=AFQjCNF0yOkIUC2I6d_zF6ZiHPQELrh3tQ\" rel=\"noopener noreferrer\">Emenda n\u00ba 16\u00a0<\/a><\/strong>(<strong>Rejeitada<\/strong>) &#8211; Prev\u00ea que poder\u00e3o ser utilizados ve\u00edculos leves de passageiros no servi\u00e7o. De Mauro Zacher (PDT)<br \/>\n<strong><a href=\"http:\/\/200.169.19.94\/documentos\/draco\/processos\/128599\/Proc._1221-16_Sub01_E16.pdf\" target=\"_blank\" data-saferedirecturl=\"http:\/\/www.google.com\/url?hl=pt-BR&amp;q=http:\/\/200.169.19.94\/documentos\/draco\/processos\/128599\/Proc._1221-16_Sub01_E16.pdf&amp;source=gmail&amp;ust=1477393915648000&amp;usg=AFQjCNGi7slamLLor8S0RBbcpesdoZ2svw\" rel=\"noopener noreferrer\">Subemenda n\u00ba 01 \u00e0 Emenda n\u00ba 16\u00a0<\/a><\/strong>(<strong>Prejudicada<\/strong>) &#8211; Permite a utiliza\u00e7\u00e3o de ve\u00edculos com capacidade para at\u00e9 oito passageiros al\u00e9m do motorista. De Cl\u00e1udio Janta (SD)<br \/>\n<strong><a href=\"http:\/\/200.169.19.94\/documentos\/draco\/processos\/128599\/Proc._1221-16_Emenda_n%C2%BA_17.pdf\" target=\"_blank\" data-saferedirecturl=\"http:\/\/www.google.com\/url?hl=pt-BR&amp;q=http:\/\/200.169.19.94\/documentos\/draco\/processos\/128599\/Proc._1221-16_Emenda_n%25C2%25BA_17.pdf&amp;source=gmail&amp;ust=1477393915648000&amp;usg=AFQjCNEABq5VkaeWAdZhisL_40J6lNfAJg\" rel=\"noopener noreferrer\">Emenda n\u00ba 17\u00a0<\/a><\/strong>(<strong>Rejeitada<\/strong>) &#8211; Exige comprova\u00e7\u00e3o, atrav\u00e9s da Carteira de Trabalho, de que o condutor n\u00e3o possui outro v\u00ednculo empregat\u00edcio. De Cl\u00e1udio Janta (SD)<br \/>\n<strong><a href=\"http:\/\/200.169.19.94\/documentos\/draco\/processos\/128599\/Proc._1221-16_Emenda_n%C2%BA_18.pdf\" target=\"_blank\" data-saferedirecturl=\"http:\/\/www.google.com\/url?hl=pt-BR&amp;q=http:\/\/200.169.19.94\/documentos\/draco\/processos\/128599\/Proc._1221-16_Emenda_n%25C2%25BA_18.pdf&amp;source=gmail&amp;ust=1477393915648000&amp;usg=AFQjCNGnxT38I1YhZ6MgqYX6nonWQZ8-EQ\" rel=\"noopener noreferrer\">Emenda n\u00ba 18\u00a0<\/a><\/strong>(<strong>Rejeitada<\/strong>) &#8211; Exige certid\u00e3o negativa de condutor na Junta Comercial comprovando que n\u00e3o possui empresa em seu nome. De Cl\u00e1udio Janta (SD)<br \/>\n<strong><a href=\"http:\/\/200.169.19.94\/documentos\/draco\/processos\/128599\/Proc._1221-16_Emenda_n%C2%BA_19.pdf\" target=\"_blank\" data-saferedirecturl=\"http:\/\/www.google.com\/url?hl=pt-BR&amp;q=http:\/\/200.169.19.94\/documentos\/draco\/processos\/128599\/Proc._1221-16_Emenda_n%25C2%25BA_19.pdf&amp;source=gmail&amp;ust=1477393915648000&amp;usg=AFQjCNGmuHtYoZxByIm6HjiAmDDloWcVqg\" rel=\"noopener noreferrer\">Emenda n\u00ba 19\u00a0<\/a><\/strong>(<strong>Rejeitada<\/strong>) &#8211; Prev\u00ea que o n\u00famero de ve\u00edculos cadastrados para operar no servi\u00e7o por aplicativos n\u00e3o poder\u00e1 ultrapassar 1\/6 da frota de t\u00e1xi da Capital. De Cl\u00e1udio Janta (SD)<br \/>\n<strong><a href=\"http:\/\/200.169.19.94\/documentos\/draco\/processos\/128599\/Proc._1221-16_Emenda_n%C2%BA_20.pdf\" target=\"_blank\" data-saferedirecturl=\"http:\/\/www.google.com\/url?hl=pt-BR&amp;q=http:\/\/200.169.19.94\/documentos\/draco\/processos\/128599\/Proc._1221-16_Emenda_n%25C2%25BA_20.pdf&amp;source=gmail&amp;ust=1477393915648000&amp;usg=AFQjCNFCShJJHQVIFrfSr6oLKeXAXsT-Ow\" rel=\"noopener noreferrer\">Emenda n\u00ba 20\u00a0<\/a><\/strong>(<strong>Aprovada<\/strong>) &#8211; Repasse de 25% da arrecada\u00e7\u00e3o da TGO para fundo de educa\u00e7\u00e3o no tr\u00e2nsito a ser criado. De Cl\u00e1udio Janta (SD)<br \/>\n<strong><a href=\"http:\/\/200.169.19.94\/documentos\/draco\/processos\/128599\/Proc._1221-16_Emenda_n%C2%BA_21.pdf\" target=\"_blank\" data-saferedirecturl=\"http:\/\/www.google.com\/url?hl=pt-BR&amp;q=http:\/\/200.169.19.94\/documentos\/draco\/processos\/128599\/Proc._1221-16_Emenda_n%25C2%25BA_21.pdf&amp;source=gmail&amp;ust=1477393915648000&amp;usg=AFQjCNFH31fErVgvqvaVLYzlpqUa6VyVrQ\" rel=\"noopener noreferrer\">Emenda n\u00ba 21\u00a0<\/a><\/strong>(<strong>Prejudicada<\/strong>) &#8211; Permite o cadastramento de dois ve\u00edculos por CPF, sendo que um deles pode ser do c\u00f4njuge, filho ou pais do parceiro credenciado. De Dinho do Gr\u00eamio (DEM)<br \/>\n<strong><a href=\"http:\/\/200.169.19.94\/documentos\/draco\/processos\/128599\/Proc._1221-16_Emenda_n%C2%BA_22.pdf\" target=\"_blank\" data-saferedirecturl=\"http:\/\/www.google.com\/url?hl=pt-BR&amp;q=http:\/\/200.169.19.94\/documentos\/draco\/processos\/128599\/Proc._1221-16_Emenda_n%25C2%25BA_22.pdf&amp;source=gmail&amp;ust=1477393915648000&amp;usg=AFQjCNF9jM-HAjPos6VWNpi4iC9DlmlP9g\" rel=\"noopener noreferrer\">Emenda n\u00ba 22\u00a0<\/a><\/strong>(<strong>Rejeitada<\/strong>) &#8211; Impede a EPTC de exigir das empresas que exploram o servi\u00e7o o fornecimento de dados sobre origem e destino da viagem, mapa do trajeto e itens do pre\u00e7o pago. De Dinho do Gr\u00eamio (DEM)<br \/>\n<strong><a href=\"http:\/\/200.169.19.94\/documentos\/draco\/processos\/128599\/Proc._1221-16_Emenda_n%C2%BA_23.pdf\" target=\"_blank\" data-saferedirecturl=\"http:\/\/www.google.com\/url?hl=pt-BR&amp;q=http:\/\/200.169.19.94\/documentos\/draco\/processos\/128599\/Proc._1221-16_Emenda_n%25C2%25BA_23.pdf&amp;source=gmail&amp;ust=1477393915648000&amp;usg=AFQjCNGaI-YasHH4Z4fwNlaueLQ0hiePPQ\" rel=\"noopener noreferrer\">Emenda n\u00ba 23\u00a0<\/a><\/strong>(<strong>Rejeitada<\/strong>) &#8211; Limita a taxa cobrada pelas empresas a 20% do valor das viagens. De Dr. Thiago (DEM)<br \/>\n<strong><a href=\"http:\/\/200.169.19.94\/documentos\/draco\/processos\/128599\/Proc._1221-16_Emenda_n%C2%BA_24.pdf\" target=\"_blank\" data-saferedirecturl=\"http:\/\/www.google.com\/url?hl=pt-BR&amp;q=http:\/\/200.169.19.94\/documentos\/draco\/processos\/128599\/Proc._1221-16_Emenda_n%25C2%25BA_24.pdf&amp;source=gmail&amp;ust=1477393915648000&amp;usg=AFQjCNFXkCaVQ3R0CqhEnuMVYCTQGu0lzg\" rel=\"noopener noreferrer\">Emenda n\u00ba 24\u00a0<\/a><\/strong>(<strong>Aprovada<\/strong>) &#8211; Exclui a exig\u00eancia de identifica\u00e7\u00e3o visual dos ve\u00edculos que prestam o servi\u00e7o prevista no projeto original. De Dr. Thiago (DEM)<br \/>\n<strong><a href=\"http:\/\/200.169.19.94\/documentos\/draco\/processos\/128599\/Proc._1221-16_Emenda_n%C2%BA_25.pdf\" target=\"_blank\" data-saferedirecturl=\"http:\/\/www.google.com\/url?hl=pt-BR&amp;q=http:\/\/200.169.19.94\/documentos\/draco\/processos\/128599\/Proc._1221-16_Emenda_n%25C2%25BA_25.pdf&amp;source=gmail&amp;ust=1477393915648000&amp;usg=AFQjCNG5WOIcH5-I4faOO6shFI0wiqcKJQ\" rel=\"noopener noreferrer\">Emenda n\u00ba 25\u00a0<\/a><\/strong>(<strong>Prejudicada<\/strong>) &#8211; Exclui o artigo 13 do projeto, que trata de normas para identifica\u00e7\u00e3o visual dos ve\u00edculos. De Dr. Thiago (DEM)<br \/>\n<strong><a href=\"http:\/\/200.169.19.94\/documentos\/draco\/processos\/128599\/Proc._1221-16_Emenda_n%C2%BA_26.pdf\" target=\"_blank\" data-saferedirecturl=\"http:\/\/www.google.com\/url?hl=pt-BR&amp;q=http:\/\/200.169.19.94\/documentos\/draco\/processos\/128599\/Proc._1221-16_Emenda_n%25C2%25BA_26.pdf&amp;source=gmail&amp;ust=1477393915648000&amp;usg=AFQjCNGxrrH2xCPxr4Bo4EPy1whADt2h_Q\" rel=\"noopener noreferrer\">Emenda n\u00ba 26\u00a0<\/a><\/strong>(<strong>Rejeitada<\/strong>) &#8211; Estabelece conte\u00fado m\u00ednimo para curso de forma\u00e7\u00e3o de condutores. De Dr. Thiago (DEM)<br \/>\n<strong><a href=\"http:\/\/200.169.19.94\/documentos\/draco\/processos\/128599\/Proc._1221-16_Emenda_n%C2%BA_27.pdf\" target=\"_blank\" data-saferedirecturl=\"http:\/\/www.google.com\/url?hl=pt-BR&amp;q=http:\/\/200.169.19.94\/documentos\/draco\/processos\/128599\/Proc._1221-16_Emenda_n%25C2%25BA_27.pdf&amp;source=gmail&amp;ust=1477393915648000&amp;usg=AFQjCNEmyMtEGF6y2ysHSI1bwFbfEvdsLg\" rel=\"noopener noreferrer\">Emenda n\u00ba 27\u00a0<\/a><\/strong>(<strong>Aprovada<\/strong>) &#8211; As empresas que exploram os servi\u00e7os ter\u00e3o de informar o motivo pelo qual houve descredenciamento de condutor. De Dr. Thiago (DEM)<br \/>\n<strong><a href=\"http:\/\/200.169.19.94\/documentos\/draco\/processos\/128599\/Proc._1221-16_Emenda_n%C2%BA_28.pdf\" target=\"_blank\" data-saferedirecturl=\"http:\/\/www.google.com\/url?hl=pt-BR&amp;q=http:\/\/200.169.19.94\/documentos\/draco\/processos\/128599\/Proc._1221-16_Emenda_n%25C2%25BA_28.pdf&amp;source=gmail&amp;ust=1477393915648000&amp;usg=AFQjCNGvajXpv2-GDsAhqGZ0AkXKnLIRGw\" rel=\"noopener noreferrer\">Emenda n\u00ba 28\u00a0<\/a><\/strong>(<strong>Aprovada<\/strong>) &#8211; Prev\u00ea que ve\u00edculos utilizados no servi\u00e7o tenham no m\u00e1ximo seis anos de vida \u00fatil. De Dr. Thiago (DEM)<br \/>\n<strong><a href=\"http:\/\/200.169.19.94\/documentos\/draco\/processos\/128599\/Proc._1221-16_Emenda_n%C2%BA_29.pdf\" target=\"_blank\" data-saferedirecturl=\"http:\/\/www.google.com\/url?hl=pt-BR&amp;q=http:\/\/200.169.19.94\/documentos\/draco\/processos\/128599\/Proc._1221-16_Emenda_n%25C2%25BA_29.pdf&amp;source=gmail&amp;ust=1477393915648000&amp;usg=AFQjCNGSzi9_mgGCt4QCQNUgcv6TKfVOqQ\" rel=\"noopener noreferrer\">Emenda n\u00ba 29\u00a0<\/a><\/strong>(\u00a0\u00a0\u00a0 ) &#8211; Estabelece que a TGO ser\u00e1 de 30 UFMs. De Dr. Thiago (DEM)<br \/>\n<strong><a href=\"http:\/\/200.169.19.94\/documentos\/draco\/processos\/128599\/Proc._1221-16_Emenda_n%C2%BA_30.pdf\" target=\"_blank\" data-saferedirecturl=\"http:\/\/www.google.com\/url?hl=pt-BR&amp;q=http:\/\/200.169.19.94\/documentos\/draco\/processos\/128599\/Proc._1221-16_Emenda_n%25C2%25BA_30.pdf&amp;source=gmail&amp;ust=1477393915648000&amp;usg=AFQjCNFeMPA-G4SqhEWW-6ZATYtU-AUJzg\" rel=\"noopener noreferrer\">Emenda n\u00ba 30\u00a0<\/a><\/strong>(\u00a0\u00a0\u00a0 ) &#8211; Faz apenas altera\u00e7\u00e3o gramatical na reda\u00e7\u00e3o do projeto. De Jo\u00e3o Carlos Nedel (PP)<br \/>\n<strong><a href=\"http:\/\/200.169.19.94\/documentos\/draco\/processos\/128599\/Proc._1221-16_Emenda_n%C2%BA_31.pdf\" target=\"_blank\" data-saferedirecturl=\"http:\/\/www.google.com\/url?hl=pt-BR&amp;q=http:\/\/200.169.19.94\/documentos\/draco\/processos\/128599\/Proc._1221-16_Emenda_n%25C2%25BA_31.pdf&amp;source=gmail&amp;ust=1477393915648000&amp;usg=AFQjCNEEIHMxbzI_lmwgifNo4Mxwvwsv4w\" rel=\"noopener noreferrer\">Emenda n\u00ba 31\u00a0<\/a><\/strong>(\u00a0\u00a0\u00a0 ) &#8211; Desobriga que os dados a serem fornecidos pelas empresas \u00e0 EPTC sobre as viagens sejam em tempo real. De Idenir Cecchim (PMDB)<br \/>\n<strong><a href=\"http:\/\/200.169.19.94\/documentos\/draco\/processos\/128599\/Proc._1221-16_Emenda_n%C2%BA_32.pdf\" target=\"_blank\" data-saferedirecturl=\"http:\/\/www.google.com\/url?hl=pt-BR&amp;q=http:\/\/200.169.19.94\/documentos\/draco\/processos\/128599\/Proc._1221-16_Emenda_n%25C2%25BA_32.pdf&amp;source=gmail&amp;ust=1477393915648000&amp;usg=AFQjCNHJZ5WmfxGiBcfoIOa3ea08Cmwdzw\" rel=\"noopener noreferrer\">Emenda n\u00ba 32\u00a0<\/a><\/strong>(\u00a0\u00a0\u00a0 ) &#8211;\u00a0Faz apenas altera\u00e7\u00e3o gramatical na reda\u00e7\u00e3o do projeto. De Jos\u00e9 Freitas (PRB)<br \/>\n<strong><a href=\"http:\/\/200.169.19.94\/documentos\/draco\/processos\/128599\/Proc._1221-16_Emenda_n%C2%BA_33.pdf\" target=\"_blank\" data-saferedirecturl=\"http:\/\/www.google.com\/url?hl=pt-BR&amp;q=http:\/\/200.169.19.94\/documentos\/draco\/processos\/128599\/Proc._1221-16_Emenda_n%25C2%25BA_33.pdf&amp;source=gmail&amp;ust=1477393915648000&amp;usg=AFQjCNF7-yMSOZ1pfaU7HnGs_R7NthX1mg\" rel=\"noopener noreferrer\">Emenda n\u00ba 33\u00a0<\/a><\/strong>(\u00a0\u00a0\u00a0 ) &#8211;\u00a0Faz apenas altera\u00e7\u00e3o gramatical na reda\u00e7\u00e3o do projeto. De Jos\u00e9 Freitas (PRB)<br \/>\n<strong><a href=\"http:\/\/200.169.19.94\/documentos\/draco\/processos\/128599\/Proc._1221-16_Emenda_n%C2%BA_34.pdf\" target=\"_blank\" data-saferedirecturl=\"http:\/\/www.google.com\/url?hl=pt-BR&amp;q=http:\/\/200.169.19.94\/documentos\/draco\/processos\/128599\/Proc._1221-16_Emenda_n%25C2%25BA_34.pdf&amp;source=gmail&amp;ust=1477393915648000&amp;usg=AFQjCNEQBsJ8MnWOZy_FUGaS2_ThQpKwfw\" rel=\"noopener noreferrer\">Emenda n\u00ba 34\u00a0<\/a><\/strong>(\u00a0\u00a0\u00a0 ) &#8211; Prev\u00ea que ser\u00e1 cadastrada apenas uma pessoa f\u00edsica por ve\u00edculo, o registro de apenas um ve\u00edculo por pessoa f\u00edsica, veda o cadastramento de ve\u00edculo por pessoa jur\u00eddica e permite um condutor do ve\u00edculo al\u00e9m do propriet\u00e1rio, desde que este condutor esteja cadastrado na plataforma. De Jos\u00e9 Freitas (PRB)<br \/>\n<strong><a href=\"http:\/\/200.169.19.94\/documentos\/draco\/processos\/128599\/Proc._1221-16_Emenda_n%C2%BA_35.pdf\" target=\"_blank\" data-saferedirecturl=\"http:\/\/www.google.com\/url?hl=pt-BR&amp;q=http:\/\/200.169.19.94\/documentos\/draco\/processos\/128599\/Proc._1221-16_Emenda_n%25C2%25BA_35.pdf&amp;source=gmail&amp;ust=1477393915648000&amp;usg=AFQjCNG-QagJBu5S4yuPvfkhKSCTaaHY3w\" rel=\"noopener noreferrer\">Emenda n\u00ba 35\u00a0<\/a><\/strong>(\u00a0\u00a0\u00a0 ) &#8211;\u00a0 Prev\u00ea disponibiliza\u00e7\u00e3o de equipamentos que permitam o fornecimento de informa\u00e7\u00f5es para usu\u00e1rios com defici\u00eancia visual ou auditiva e ve\u00edculos adaptados para transporte de cadeirantes. De Jos\u00e9 Freitas (PRB)<br \/>\n<strong><a href=\"http:\/\/200.169.19.94\/documentos\/draco\/processos\/128599\/Proc._1221-16_Emenda_n%C2%BA_36.pdf\" target=\"_blank\" data-saferedirecturl=\"http:\/\/www.google.com\/url?hl=pt-BR&amp;q=http:\/\/200.169.19.94\/documentos\/draco\/processos\/128599\/Proc._1221-16_Emenda_n%25C2%25BA_36.pdf&amp;source=gmail&amp;ust=1477393915649000&amp;usg=AFQjCNHWvOXWgaz_OHuLvYIIV7GisZDPeg\" rel=\"noopener noreferrer\">Emenda n\u00ba 36\u00a0<\/a><\/strong>(\u00a0\u00a0\u00a0 ) &#8211; Prev\u00ea envio ao usu\u00e1rio, via celular, de foto do condutor, da placa e do ve\u00edculo que far\u00e1 a viagem. De Jos\u00e9 Freitas (PRB)<br \/>\n<strong><a href=\"http:\/\/200.169.19.94\/documentos\/draco\/processos\/128599\/Proc._1221-16_Emenda_n%C2%BA_37.pdf\" target=\"_blank\" data-saferedirecturl=\"http:\/\/www.google.com\/url?hl=pt-BR&amp;q=http:\/\/200.169.19.94\/documentos\/draco\/processos\/128599\/Proc._1221-16_Emenda_n%25C2%25BA_37.pdf&amp;source=gmail&amp;ust=1477393915649000&amp;usg=AFQjCNERx3HwzCDhBVm7d7aQyjvbNdaqtw\" rel=\"noopener noreferrer\">Emenda n\u00ba 37\u00a0<\/a><\/strong>(\u00a0\u00a0\u00a0 ) &#8211; Define que o pre\u00e7o da remunera\u00e7\u00e3o do servi\u00e7o ser\u00e1 estabelecido pela autorizat\u00e1ria. De Jos\u00e9 Freitas (PRB)<br \/>\n<strong><a href=\"http:\/\/200.169.19.94\/documentos\/draco\/processos\/128599\/Proc._1221-16_Emenda_n%C2%BA_38.pdf\" target=\"_blank\" data-saferedirecturl=\"http:\/\/www.google.com\/url?hl=pt-BR&amp;q=http:\/\/200.169.19.94\/documentos\/draco\/processos\/128599\/Proc._1221-16_Emenda_n%25C2%25BA_38.pdf&amp;source=gmail&amp;ust=1477393915649000&amp;usg=AFQjCNEOTvOSCa8wd-6lLJtccstmJXATzw\" rel=\"noopener noreferrer\">Emenda n\u00ba 38\u00a0<\/a><\/strong>(\u00a0\u00a0\u00a0 ) &#8211; Estabelece taxa de cobran\u00e7a extra de at\u00e9 20% do valor da viagem em caso de bagagem superior a duas malas. De Jos\u00e9 Freitas (PRB)<br \/>\n<strong><a href=\"http:\/\/200.169.19.94\/documentos\/draco\/processos\/128599\/Proc._1221-16_Emenda_n%C2%BA_39.pdf\" target=\"_blank\" data-saferedirecturl=\"http:\/\/www.google.com\/url?hl=pt-BR&amp;q=http:\/\/200.169.19.94\/documentos\/draco\/processos\/128599\/Proc._1221-16_Emenda_n%25C2%25BA_39.pdf&amp;source=gmail&amp;ust=1477393915649000&amp;usg=AFQjCNHZfAGYN0EXFq2DmzZhKJp7L1Nhhg\" rel=\"noopener noreferrer\">Emenda n\u00ba 39\u00a0<\/a><\/strong>(\u00a0\u00a0\u00a0 ) &#8211;\u00a0Faz apenas altera\u00e7\u00e3o gramatical na reda\u00e7\u00e3o do projeto. De Jos\u00e9 Freitas (PRB)<br \/>\n<strong><a href=\"http:\/\/200.169.19.94\/documentos\/draco\/processos\/128599\/Proc._1221-16_Emenda_n%C2%BA_40.pdf\" target=\"_blank\" data-saferedirecturl=\"http:\/\/www.google.com\/url?hl=pt-BR&amp;q=http:\/\/200.169.19.94\/documentos\/draco\/processos\/128599\/Proc._1221-16_Emenda_n%25C2%25BA_40.pdf&amp;source=gmail&amp;ust=1477393915649000&amp;usg=AFQjCNFiaGrn804CCHPKGrRZBbV0dosZhg\" rel=\"noopener noreferrer\">Emenda n\u00ba 40\u00a0<\/a><\/strong>(\u00a0\u00a0\u00a0 ) &#8211;\u00a0Faz apenas altera\u00e7\u00e3o gramatical na reda\u00e7\u00e3o do projeto. De Jos\u00e9 Freitas (PRB)<br \/>\n<strong><a href=\"http:\/\/200.169.19.94\/documentos\/draco\/processos\/128599\/Proc._1221-16_Emenda_n%C2%BA_41.pdf\" target=\"_blank\" data-saferedirecturl=\"http:\/\/www.google.com\/url?hl=pt-BR&amp;q=http:\/\/200.169.19.94\/documentos\/draco\/processos\/128599\/Proc._1221-16_Emenda_n%25C2%25BA_41.pdf&amp;source=gmail&amp;ust=1477393915649000&amp;usg=AFQjCNGL3oKiEDUQr8fVTScXGLuA8KTzIQ\" rel=\"noopener noreferrer\">Emenda n\u00ba 41\u00a0<\/a><\/strong>(\u00a0\u00a0\u00a0 ) &#8211; Permite utiliza\u00e7\u00e3o de ve\u00edculos com at\u00e9 dez anos de vida \u00fatil nos primeiros tr\u00eas anos da nova lei. Ap\u00f3s isso, reduz para cinco anos a vida \u00fatil. Tamb\u00e9m prev\u00ea que o ve\u00edculo ter\u00e1 de ser emplacado em Porto Alegre e vistoriado pela EPTC. De Jos\u00e9 Freitas (PRB)<br \/>\n<strong><a href=\"http:\/\/200.169.19.94\/documentos\/draco\/processos\/128599\/Proc._1221-16_Emenda_n%C2%BA_42.pdf\" target=\"_blank\" data-saferedirecturl=\"http:\/\/www.google.com\/url?hl=pt-BR&amp;q=http:\/\/200.169.19.94\/documentos\/draco\/processos\/128599\/Proc._1221-16_Emenda_n%25C2%25BA_42.pdf&amp;source=gmail&amp;ust=1477393915649000&amp;usg=AFQjCNFon3XxXmZSggZ91pfqh8272bJvvw\" rel=\"noopener noreferrer\">Emenda n\u00ba 42\u00a0<\/a><\/strong>(\u00a0\u00a0\u00a0 ) &#8211;\u00a0Faz apenas altera\u00e7\u00e3o gramatical na reda\u00e7\u00e3o do projeto. De Jos\u00e9 Freitas (PRB)<br \/>\n<strong><a href=\"http:\/\/200.169.19.94\/documentos\/draco\/processos\/128599\/Proc._1221-16_Emenda_n%C2%BA_43.pdf\" target=\"_blank\" data-saferedirecturl=\"http:\/\/www.google.com\/url?hl=pt-BR&amp;q=http:\/\/200.169.19.94\/documentos\/draco\/processos\/128599\/Proc._1221-16_Emenda_n%25C2%25BA_43.pdf&amp;source=gmail&amp;ust=1477393915649000&amp;usg=AFQjCNH3eGvtpQDqssC0morbXzaZTWHnRw\" rel=\"noopener noreferrer\">Emenda n\u00ba 43\u00a0<\/a><\/strong>(\u00a0\u00a0\u00a0 ) &#8211; Prev\u00ea que, entre os requisitos para cadastramento de ve\u00edculos, a inspe\u00e7\u00e3o e aprova\u00e7\u00e3o do mesmo por \u00f3rg\u00e3o autorizado pelo Inmetro e licenciado pelo Denatran. De Reginaldo Pujol (DEM)<br \/>\n<a href=\"http:\/\/200.169.19.94\/documentos\/draco\/processos\/128599\/PROC1221E44_2016_08_31_15_24_58_185.pdf\" target=\"_blank\" data-saferedirecturl=\"http:\/\/www.google.com\/url?hl=pt-BR&amp;q=http:\/\/200.169.19.94\/documentos\/draco\/processos\/128599\/PROC1221E44_2016_08_31_15_24_58_185.pdf&amp;source=gmail&amp;ust=1477393915649000&amp;usg=AFQjCNE6xvYvkiwntpYCoRtu9CDshma4Xw\" rel=\"noopener noreferrer\">Emenda n\u00ba 44\u00a0<\/a>(\u00a0\u00a0\u00a0 ) &#8211; Prev\u00ea que viagens realizadas por ve\u00edculos emplacados fora de Porto Alegre estar\u00e3o sujeitas a uma TGO de 1,5%. De Mauro Zacher (PDT)<br \/>\n<a href=\"http:\/\/200.169.19.94\/documentos\/draco\/processos\/128599\/PROC1221E45_2016_08_31_15_25_48_235.pdf\" target=\"_blank\" data-saferedirecturl=\"http:\/\/www.google.com\/url?hl=pt-BR&amp;q=http:\/\/200.169.19.94\/documentos\/draco\/processos\/128599\/PROC1221E45_2016_08_31_15_25_48_235.pdf&amp;source=gmail&amp;ust=1477393915649000&amp;usg=AFQjCNH2BBEeY8b-7a09KS2she5VIh9bIQ\" rel=\"noopener noreferrer\">Emenda n\u00ba 45\u00a0<\/a>(<strong>\u00a0 \u00a0\u00a0<\/strong>) &#8211; Estipula que a TGO ser\u00e1 equivalente a 1% do valor total de cada viagem realizada e que os valores ser\u00e3o repassados \u00e0 EPTC pelas empresas que explorarem o servi\u00e7o. De Mauro Zacher (PDT)<br \/>\n<a href=\"http:\/\/200.169.19.94\/documentos\/draco\/processos\/128599\/PROC1221E46_2016_08_31_15_26_55_207.pdf\" target=\"_blank\" data-saferedirecturl=\"http:\/\/www.google.com\/url?hl=pt-BR&amp;q=http:\/\/200.169.19.94\/documentos\/draco\/processos\/128599\/PROC1221E46_2016_08_31_15_26_55_207.pdf&amp;source=gmail&amp;ust=1477393915649000&amp;usg=AFQjCNHPWiY5kLMYD4djT8d0QgHv8g1AYA\" rel=\"noopener noreferrer\">Emenda n\u00ba 46\u00a0<\/a>(<strong>Prejudicada<\/strong>) &#8211; Define que somente poder\u00e3o ser cadastrados para o servi\u00e7o os ve\u00edculos com no m\u00e1ximo oito anos de uso. De Mauro Zacher (PDT)<br \/>\n<a href=\"http:\/\/200.169.19.94\/documentos\/draco\/processos\/128599\/PROC1221E47_2016_08_31_15_27_27_422.pdf\" target=\"_blank\" data-saferedirecturl=\"http:\/\/www.google.com\/url?hl=pt-BR&amp;q=http:\/\/200.169.19.94\/documentos\/draco\/processos\/128599\/PROC1221E47_2016_08_31_15_27_27_422.pdf&amp;source=gmail&amp;ust=1477393915649000&amp;usg=AFQjCNGeQcVp2sUEhBJM8DSPdDuqjLDS-g\" rel=\"noopener noreferrer\">Emenda n\u00ba 47\u00a0<\/a>(\u00a0\u00a0\u00a0 ) &#8211; Estipula que os ve\u00edculos cadastrados para o servi\u00e7o ser\u00e3o submetidos a uma vistoria anual. De Mauro Zacher (PDT).<br \/>\n<a href=\"http:\/\/200.169.19.94\/documentos\/draco\/processos\/128599\/PROC1221E47_2016_08_31_15_27_27_422.pdf\" target=\"_blank\" data-saferedirecturl=\"http:\/\/www.google.com\/url?hl=pt-BR&amp;q=http:\/\/200.169.19.94\/documentos\/draco\/processos\/128599\/PROC1221E47_2016_08_31_15_27_27_422.pdf&amp;source=gmail&amp;ust=1477393915649000&amp;usg=AFQjCNGeQcVp2sUEhBJM8DSPdDuqjLDS-g\" rel=\"noopener noreferrer\"><br \/>\n<\/a><a href=\"http:\/\/200.169.19.94\/documentos\/draco\/processos\/128599\/PROC1221E48_2016_2016_09_29_14_08_42_712.pdf\" target=\"_blank\" data-saferedirecturl=\"http:\/\/www.google.com\/url?hl=pt-BR&amp;q=http:\/\/200.169.19.94\/documentos\/draco\/processos\/128599\/PROC1221E48_2016_2016_09_29_14_08_42_712.pdf&amp;source=gmail&amp;ust=1477393915649000&amp;usg=AFQjCNFUryG2VsSx1TT_K3tkHvVgSRLeDw\" rel=\"noopener noreferrer\">Emenda n\u00ba 48\u00a0<\/a>(\u00a0\u00a0\u00a0 )\u00a0 &#8211;\u00a0Condiciona a vig\u00eancia da nova lei \u00e0 apresenta\u00e7\u00e3o pelo Executivo de estudos t\u00e9cnicos que comprovem que o servi\u00e7o prestado via aplicativos n\u00e3o trar\u00e1 preju\u00edzos ao sistema de t\u00e1xis. Engenheiro Comassetto (PT)<br \/>\n<a href=\"http:\/\/200.169.19.94\/documentos\/draco\/processos\/128599\/Proc1221E49_2016_2016_09_29_14_48_39_858.pdf\" target=\"_blank\" data-saferedirecturl=\"http:\/\/www.google.com\/url?hl=pt-BR&amp;q=http:\/\/200.169.19.94\/documentos\/draco\/processos\/128599\/Proc1221E49_2016_2016_09_29_14_48_39_858.pdf&amp;source=gmail&amp;ust=1477393915649000&amp;usg=AFQjCNHKsewCLtajqP0kENm2ngVryM4JmA\" rel=\"noopener noreferrer\">Emenda 49\u00a0<\/a>(\u00a0\u00a0\u00a0 ) &#8211;\u00a0Prev\u00ea que, quando n\u00e3o houver espa\u00e7o no porta-malas para colocar a cadeira de rodas, o condutor dever\u00e1 acomod\u00e1-la no banco traseiro e n\u00e3o poder\u00e1 recusar a corrida Paulo Brum (PTB) .<br \/>\n<a href=\"http:\/\/200.169.19.94\/documentos\/draco\/processos\/128599\/Proc1221E50_2016_2016_09_29_14_49_25_154.pdf\" target=\"_blank\" data-saferedirecturl=\"http:\/\/www.google.com\/url?hl=pt-BR&amp;q=http:\/\/200.169.19.94\/documentos\/draco\/processos\/128599\/Proc1221E50_2016_2016_09_29_14_49_25_154.pdf&amp;source=gmail&amp;ust=1477393915649000&amp;usg=AFQjCNFOJi_3zGDUseCGBfgPYcu1amNsUg\" rel=\"noopener noreferrer\">Emenda n\u00ba 50\u00a0<\/a>(\u00a0\u00a0\u00a0 )\u00a0&#8211; As operadoras do servi\u00e7o ficam obrigadas a enviar mensalmente \u00e0 Fazenda municipal informa\u00e7\u00f5es sobre os valores recebidos pelas viagens. Reginaldo Pujol (DEM).<br \/>\n<a href=\"http:\/\/200.169.19.94\/documentos\/draco\/processos\/128599\/PROC1221E51_2016_09_29_15_00_13_853.pdf\" target=\"_blank\" data-saferedirecturl=\"http:\/\/www.google.com\/url?hl=pt-BR&amp;q=http:\/\/200.169.19.94\/documentos\/draco\/processos\/128599\/PROC1221E51_2016_09_29_15_00_13_853.pdf&amp;source=gmail&amp;ust=1477393915649000&amp;usg=AFQjCNHfsYCJ3dZE--kYbQtSvTDOBgIBLg\" rel=\"noopener noreferrer\">Emenda n\u00ba 51\u00a0<\/a>(\u00a0\u00a0\u00a0 ) &#8211;\u00a0Os permission\u00e1rios de t\u00e1xi que desejarem deixar o sistema ter\u00e3o um ano a partir da lei para requerer indeniza\u00e7\u00e3o pelos valores pagos na \u00faltima licita\u00e7\u00e3o Cl\u00e1udio Janta (SD).<br \/>\n<a href=\"http:\/\/200.169.19.94\/documentos\/draco\/processos\/128599\/PROC1221E52_2016_09_29_15_00_47_650.pdf\" target=\"_blank\" data-saferedirecturl=\"http:\/\/www.google.com\/url?hl=pt-BR&amp;q=http:\/\/200.169.19.94\/documentos\/draco\/processos\/128599\/PROC1221E52_2016_09_29_15_00_47_650.pdf&amp;source=gmail&amp;ust=1477393915649000&amp;usg=AFQjCNHOdamn0R1J-WxZYAbnKP1TeofqrA\" rel=\"noopener noreferrer\">Emenda n\u00ba 52<\/a>\u00a0&#8211;\u00a0Retirada<br \/>\n<a href=\"http:\/\/200.169.19.94\/documentos\/draco\/processos\/128599\/PROC1221E53_2016_09_29_15_40_20_347.pdf\" target=\"_blank\" data-saferedirecturl=\"http:\/\/www.google.com\/url?hl=pt-BR&amp;q=http:\/\/200.169.19.94\/documentos\/draco\/processos\/128599\/PROC1221E53_2016_09_29_15_40_20_347.pdf&amp;source=gmail&amp;ust=1477393915649000&amp;usg=AFQjCNFH0e18NNgvccbEd2ESbk9UUezGvg\" rel=\"noopener noreferrer\">Emenda 53\u00a0<\/a>(\u00a0\u00a0\u00a0 ) &#8211;\u00a0Prev\u00ea vistoria anual para ve\u00edculos com at\u00e9 tr\u00eas anos de uso e duas vistorias ao ano para ve\u00edculos com mais de tr\u00eas anos de uso. Mauro Pinheiro (Rede).<br \/>\n<a href=\"http:\/\/200.169.19.94\/documentos\/draco\/processos\/128599\/Proc1221E54_2016_2016_09_29_17_05_42_172.pdf\" target=\"_blank\" data-saferedirecturl=\"http:\/\/www.google.com\/url?hl=pt-BR&amp;q=http:\/\/200.169.19.94\/documentos\/draco\/processos\/128599\/Proc1221E54_2016_2016_09_29_17_05_42_172.pdf&amp;source=gmail&amp;ust=1477393915649000&amp;usg=AFQjCNF8FFkg_Tq9_q9Qd41d7wVIPdx7mw\" rel=\"noopener noreferrer\">Emenda n\u00ba 54\u00a0<\/a>(\u00a0\u00a0\u00a0 ) &#8211;\u00a0Retira os artigos 15 e 16 do projeto, que tratam do chamado car sharing, o compartilhamento de ve\u00edculos para transporte de passageiros. De Reginaldo Pujol (DEM)<br \/>\n<a href=\"http:\/\/200.169.19.94\/documentos\/draco\/processos\/128599\/PROC1221E55_2016_09_30_07_54_53_970.pdf\" target=\"_blank\" data-saferedirecturl=\"http:\/\/www.google.com\/url?hl=pt-BR&amp;q=http:\/\/200.169.19.94\/documentos\/draco\/processos\/128599\/PROC1221E55_2016_09_30_07_54_53_970.pdf&amp;source=gmail&amp;ust=1477393915649000&amp;usg=AFQjCNHUfTKqmvgusGW1_kzGBmHw1LL1_g\" rel=\"noopener noreferrer\">Emenda n\u00ba 55\u00a0<\/a>(\u00a0\u00a0\u00a0 ) &#8211;\u00a0Define o valor da TGO em 20 UFMs. Idenir Cecchim (PMDB).<br \/>\n<a href=\"http:\/\/200.169.19.94\/documentos\/draco\/processos\/128599\/PROC1221E56_2016_09_30_07_55_36_637.pdf\" target=\"_blank\" data-saferedirecturl=\"http:\/\/www.google.com\/url?hl=pt-BR&amp;q=http:\/\/200.169.19.94\/documentos\/draco\/processos\/128599\/PROC1221E56_2016_09_30_07_55_36_637.pdf&amp;source=gmail&amp;ust=1477393915649000&amp;usg=AFQjCNE1pctw7iRCs4fEmQ5SpEPS1OhFwg\" rel=\"noopener noreferrer\">Emenda n\u00ba 56\u00a0<\/a>(\u00a0\u00a0\u00a0 ) &#8211;\u00a0Retira a obrigatoriedade de as operadoras do servi\u00e7o compartilharem com a Prefeitura, em tempo real, os dados operacionais necess\u00e1rios para controle da mobilidade urbana. A emenda diz que a forma de compartilhamento ser\u00e1 definida em decreto que regulamentar a lei. A mesma emenda limita a dois o n\u00famero de condutores de um mesmo ve\u00edculo cadastrado, sendo que um deles dever\u00e1 ser o propriet\u00e1rio do autom\u00f3vel. A proposta ainda suprime o artigo 31 do projeto de lei, pelo qual o servi\u00e7o de transporte por aplicativo passaria a ser considerado de utilidade p\u00fablica. De Reginaldo Pujol (DEM).<strong>(<\/strong><strong>Esta emenda teve seu item 3 prejudicado pela aprova\u00e7\u00e3o da emenda 8<\/strong>).<br \/>\n<a href=\"http:\/\/200.169.19.94\/documentos\/draco\/processos\/128599\/PROC1221E57_2016_09_30_07_56_46_753.pdf\" target=\"_blank\" data-saferedirecturl=\"http:\/\/www.google.com\/url?hl=pt-BR&amp;q=http:\/\/200.169.19.94\/documentos\/draco\/processos\/128599\/PROC1221E57_2016_09_30_07_56_46_753.pdf&amp;source=gmail&amp;ust=1477393915649000&amp;usg=AFQjCNFPGLIk7ZzV5Llltj1g6grY-BF12A\" rel=\"noopener noreferrer\">Emenda n\u00ba 57<\/a>\u00a0(\u00a0\u00a0\u00a0 )\u00a0&#8211; Institui o &#8220;vi\u00e1rio urbano&#8221; e cria a taxa de utiliza\u00e7\u00e3o e explora\u00e7\u00e3o dele no valor mensal equivalente a 100 UFMs por ve\u00edculo cadastrado, que ser\u00e1 recolhida junto com a TGO. Cl\u00e1udio Janta (SD)<br \/>\nObserva\u00e7\u00e3o: O valor da Unidade Financeira Municipal (UFM) \u00e9 de R$ 3,65.<br \/>\n<em>(Fonte: CMPA)<\/em><\/p>\n","protected":false},"excerpt":{"rendered":"<p>A C\u00e2mara Municipal de Porto Alegre retoma hoje (24) a vota\u00e7\u00e3o do projeto de lei do Executivo\u00a0que\u00a0regulamenta os aplicativos\u00a0de transporte individual de passageiros tipo Uber, Cabify e WillGo na Capital. Enquanto isso, a Uber Porto Alegre avisa os usu\u00e1rios que o pre\u00e7o do servi\u00e7o pode aumentar 30% com a regulamenta\u00e7\u00e3o. Na sess\u00e3o desta tarde, no [&hellip;]<\/p>\n","protected":false},"author":4,"featured_media":40740,"comment_status":"open","ping_status":"closed","sticky":false,"template":"","format":"standard","meta":{"_jetpack_newsletter_access":"","_jetpack_dont_email_post_to_subs":false,"_jetpack_newsletter_tier_id":0,"_jetpack_memberships_contains_paywalled_content":false,"_jetpack_feature_clip_id":0,"_jetpack_memberships_contains_paid_content":false,"footnotes":"","jetpack_post_was_ever_published":false},"categories":[2016],"tags":[],"class_list":["post-40739","post","type-post","status-publish","format-standard","has-post-thumbnail","hentry","category-materia-vencida"],"aioseo_notices":[],"aioseo_head":"\n\t\t<!-- All in One SEO 5.0.1.1 - aioseo.com -->\n\t<meta name=\"robots\" content=\"max-image-preview:large\" \/>\n\t<meta name=\"author\" content=\"da Reda\u00e7\u00e3o\"\/>\n\t<link rel=\"canonical\" href=\"https:\/\/www.jornalja.com.br\/arquivo\/40739-2\/\" \/>\n\t<meta name=\"generator\" content=\"All in One SEO (AIOSEO) 5.0.1.1\" \/>\n\t\t<meta property=\"og:locale\" content=\"pt_BR\" \/>\n\t\t<meta property=\"og:site_name\" content=\"Arquivo | Jornal J\u00c1 | Porto Alegre\" \/>\n\t\t<meta property=\"og:type\" content=\"article\" \/>\n\t\t<meta property=\"og:title\" content=\"Vereadores retomam regulamenta\u00e7\u00e3o do Uber em Porto Alegre | Arquivo\" \/>\n\t\t<meta property=\"og:url\" content=\"https:\/\/www.jornalja.com.br\/arquivo\/40739-2\/\" \/>\n\t\t<meta property=\"og:image\" content=\"https:\/\/www.jornalja.com.br\/economics\/wp-content\/uploads\/sites\/11\/2026\/08\/ja-folhaderosto-facebook.jpg\" \/>\n\t\t<meta property=\"og:image:secure_url\" content=\"https:\/\/www.jornalja.com.br\/economics\/wp-content\/uploads\/sites\/11\/2026\/08\/ja-folhaderosto-facebook.jpg\" \/>\n\t\t<meta property=\"article:published_time\" content=\"2016-10-24T12:03:39+00:00\" \/>\n\t\t<meta property=\"article:modified_time\" content=\"2016-10-24T12:03:39+00:00\" \/>\n\t\t<meta name=\"twitter:card\" content=\"summary\" \/>\n\t\t<meta name=\"twitter:title\" content=\"Vereadores retomam regulamenta\u00e7\u00e3o do Uber em Porto Alegre | Arquivo\" \/>\n\t\t<meta name=\"twitter:image\" content=\"https:\/\/www.jornalja.com.br\/economics\/wp-content\/uploads\/sites\/11\/2026\/08\/ja-folhaderosto-facebook.jpg\" \/>\n\t\t<script type=\"application\/ld+json\" class=\"aioseo-schema\">\n\t\t\t{\"@context\":\"https:\\\/\\\/schema.org\",\"@graph\":[{\"@type\":\"BlogPosting\",\"@id\":\"https:\\\/\\\/www.jornalja.com.br\\\/arquivo\\\/40739-2\\\/#blogposting\",\"name\":\"Vereadores retomam regulamenta\\u00e7\\u00e3o do Uber em Porto Alegre | Arquivo\",\"headline\":\"Vereadores retomam regulamenta\\u00e7\\u00e3o do Uber em Porto Alegre\",\"author\":{\"@id\":\"https:\\\/\\\/www.jornalja.com.br\\\/arquivo\\\/author\\\/daredacao\\\/#author\"},\"publisher\":{\"@id\":\"https:\\\/\\\/www.jornalja.com.br\\\/arquivo\\\/#organization\"},\"image\":{\"@type\":\"ImageObject\",\"url\":40740},\"datePublished\":\"2016-10-24T09:03:39-02:00\",\"dateModified\":\"2016-10-24T09:03:39-02:00\",\"inLanguage\":\"pt-BR\",\"mainEntityOfPage\":{\"@id\":\"https:\\\/\\\/www.jornalja.com.br\\\/arquivo\\\/40739-2\\\/#webpage\"},\"isPartOf\":{\"@id\":\"https:\\\/\\\/www.jornalja.com.br\\\/arquivo\\\/40739-2\\\/#webpage\"},\"articleSection\":\"Mat\\u00e9ria vencida\"},{\"@type\":\"BreadcrumbList\",\"@id\":\"https:\\\/\\\/www.jornalja.com.br\\\/arquivo\\\/40739-2\\\/#breadcrumblist\",\"itemListElement\":[{\"@type\":\"ListItem\",\"@id\":\"https:\\\/\\\/www.jornalja.com.br\\\/arquivo#listItem\",\"position\":1,\"name\":\"Home\",\"item\":\"https:\\\/\\\/www.jornalja.com.br\\\/arquivo\",\"nextItem\":{\"@type\":\"ListItem\",\"@id\":\"https:\\\/\\\/www.jornalja.com.br\\\/arquivo\\\/category\\\/materia-vencida\\\/#listItem\",\"name\":\"Mat\\u00e9ria vencida\"}},{\"@type\":\"ListItem\",\"@id\":\"https:\\\/\\\/www.jornalja.com.br\\\/arquivo\\\/category\\\/materia-vencida\\\/#listItem\",\"position\":2,\"name\":\"Mat\\u00e9ria vencida\",\"item\":\"https:\\\/\\\/www.jornalja.com.br\\\/arquivo\\\/category\\\/materia-vencida\\\/\",\"nextItem\":{\"@type\":\"ListItem\",\"@id\":\"https:\\\/\\\/www.jornalja.com.br\\\/arquivo\\\/40739-2\\\/#listItem\",\"name\":\"Vereadores retomam regulamenta\\u00e7\\u00e3o do Uber em Porto Alegre\"},\"previousItem\":{\"@type\":\"ListItem\",\"@id\":\"https:\\\/\\\/www.jornalja.com.br\\\/arquivo#listItem\",\"name\":\"Home\"}},{\"@type\":\"ListItem\",\"@id\":\"https:\\\/\\\/www.jornalja.com.br\\\/arquivo\\\/40739-2\\\/#listItem\",\"position\":3,\"name\":\"Vereadores retomam regulamenta\\u00e7\\u00e3o do Uber em Porto Alegre\",\"previousItem\":{\"@type\":\"ListItem\",\"@id\":\"https:\\\/\\\/www.jornalja.com.br\\\/arquivo\\\/category\\\/materia-vencida\\\/#listItem\",\"name\":\"Mat\\u00e9ria vencida\"}}]},{\"@type\":\"Organization\",\"@id\":\"https:\\\/\\\/www.jornalja.com.br\\\/arquivo\\\/#organization\",\"name\":\"Jornal J\\u00c1\",\"description\":\"Jornal J\\u00c1 | Porto Alegre\",\"url\":\"https:\\\/\\\/www.jornalja.com.br\\\/arquivo\\\/\",\"telephone\":\"+555133307272\",\"logo\":{\"@type\":\"ImageObject\",\"url\":\"https:\\\/\\\/www.jornalja.com.br\\\/wp-content\\\/uploads\\\/cards\\\/JAslogan.png\",\"@id\":\"https:\\\/\\\/www.jornalja.com.br\\\/arquivo\\\/40739-2\\\/#organizationLogo\"},\"image\":{\"@id\":\"https:\\\/\\\/www.jornalja.com.br\\\/arquivo\\\/40739-2\\\/#organizationLogo\"}},{\"@type\":\"Person\",\"@id\":\"https:\\\/\\\/www.jornalja.com.br\\\/arquivo\\\/author\\\/daredacao\\\/#author\",\"url\":\"https:\\\/\\\/www.jornalja.com.br\\\/arquivo\\\/author\\\/daredacao\\\/\",\"name\":\"da Reda\\u00e7\\u00e3o\",\"image\":{\"@type\":\"ImageObject\",\"@id\":\"https:\\\/\\\/www.jornalja.com.br\\\/arquivo\\\/40739-2\\\/#authorImage\",\"url\":\"https:\\\/\\\/secure.gravatar.com\\\/avatar\\\/469fd857d6605ad19919d27ed29d35a968a25f6e8fd9318356bbb7f57aae9c65?s=96&d=mm&r=g\",\"width\":96,\"height\":96,\"caption\":\"da Reda\\u00e7\\u00e3o\"}},{\"@type\":\"WebPage\",\"@id\":\"https:\\\/\\\/www.jornalja.com.br\\\/arquivo\\\/40739-2\\\/#webpage\",\"url\":\"https:\\\/\\\/www.jornalja.com.br\\\/arquivo\\\/40739-2\\\/\",\"name\":\"Vereadores retomam regulamenta\\u00e7\\u00e3o do Uber em Porto Alegre | Arquivo\",\"inLanguage\":\"pt-BR\",\"isPartOf\":{\"@id\":\"https:\\\/\\\/www.jornalja.com.br\\\/arquivo\\\/#website\"},\"breadcrumb\":{\"@id\":\"https:\\\/\\\/www.jornalja.com.br\\\/arquivo\\\/40739-2\\\/#breadcrumblist\"},\"author\":{\"@id\":\"https:\\\/\\\/www.jornalja.com.br\\\/arquivo\\\/author\\\/daredacao\\\/#author\"},\"creator\":{\"@id\":\"https:\\\/\\\/www.jornalja.com.br\\\/arquivo\\\/author\\\/daredacao\\\/#author\"},\"image\":{\"@type\":\"ImageObject\",\"url\":40740,\"@id\":\"https:\\\/\\\/www.jornalja.com.br\\\/arquivo\\\/40739-2\\\/#mainImage\"},\"primaryImageOfPage\":{\"@id\":\"https:\\\/\\\/www.jornalja.com.br\\\/arquivo\\\/40739-2\\\/#mainImage\"},\"datePublished\":\"2016-10-24T09:03:39-02:00\",\"dateModified\":\"2016-10-24T09:03:39-02:00\"},{\"@type\":\"WebSite\",\"@id\":\"https:\\\/\\\/www.jornalja.com.br\\\/arquivo\\\/#website\",\"url\":\"https:\\\/\\\/www.jornalja.com.br\\\/arquivo\\\/\",\"name\":\"Arquivo\",\"description\":\"Jornal J\\u00c1 | Porto Alegre\",\"inLanguage\":\"pt-BR\",\"publisher\":{\"@id\":\"https:\\\/\\\/www.jornalja.com.br\\\/arquivo\\\/#organization\"}}]}\n\t\t<\/script>\n\t\t<!-- All in One SEO -->\n\n","aioseo_head_json":{"title":"Vereadores retomam regulamenta\u00e7\u00e3o do Uber em Porto Alegre | Arquivo","description":"","canonical_url":"https:\/\/www.jornalja.com.br\/arquivo\/40739-2\/","robots":"max-image-preview:large","keywords":"","webmasterTools":{"miscellaneous":""},"schema":{"@context":"https:\/\/schema.org","@graph":[{"@type":"BlogPosting","@id":"https:\/\/www.jornalja.com.br\/arquivo\/40739-2\/#blogposting","name":"Vereadores retomam regulamenta\u00e7\u00e3o do Uber em Porto Alegre | Arquivo","headline":"Vereadores retomam regulamenta\u00e7\u00e3o do Uber em Porto Alegre","author":{"@id":"https:\/\/www.jornalja.com.br\/arquivo\/author\/daredacao\/#author"},"publisher":{"@id":"https:\/\/www.jornalja.com.br\/arquivo\/#organization"},"image":{"@type":"ImageObject","url":40740},"datePublished":"2016-10-24T09:03:39-02:00","dateModified":"2016-10-24T09:03:39-02:00","inLanguage":"pt-BR","mainEntityOfPage":{"@id":"https:\/\/www.jornalja.com.br\/arquivo\/40739-2\/#webpage"},"isPartOf":{"@id":"https:\/\/www.jornalja.com.br\/arquivo\/40739-2\/#webpage"},"articleSection":"Mat\u00e9ria vencida"},{"@type":"BreadcrumbList","@id":"https:\/\/www.jornalja.com.br\/arquivo\/40739-2\/#breadcrumblist","itemListElement":[{"@type":"ListItem","@id":"https:\/\/www.jornalja.com.br\/arquivo#listItem","position":1,"name":"Home","item":"https:\/\/www.jornalja.com.br\/arquivo","nextItem":{"@type":"ListItem","@id":"https:\/\/www.jornalja.com.br\/arquivo\/category\/materia-vencida\/#listItem","name":"Mat\u00e9ria vencida"}},{"@type":"ListItem","@id":"https:\/\/www.jornalja.com.br\/arquivo\/category\/materia-vencida\/#listItem","position":2,"name":"Mat\u00e9ria vencida","item":"https:\/\/www.jornalja.com.br\/arquivo\/category\/materia-vencida\/","nextItem":{"@type":"ListItem","@id":"https:\/\/www.jornalja.com.br\/arquivo\/40739-2\/#listItem","name":"Vereadores retomam regulamenta\u00e7\u00e3o do Uber em Porto Alegre"},"previousItem":{"@type":"ListItem","@id":"https:\/\/www.jornalja.com.br\/arquivo#listItem","name":"Home"}},{"@type":"ListItem","@id":"https:\/\/www.jornalja.com.br\/arquivo\/40739-2\/#listItem","position":3,"name":"Vereadores retomam regulamenta\u00e7\u00e3o do Uber em Porto Alegre","previousItem":{"@type":"ListItem","@id":"https:\/\/www.jornalja.com.br\/arquivo\/category\/materia-vencida\/#listItem","name":"Mat\u00e9ria vencida"}}]},{"@type":"Organization","@id":"https:\/\/www.jornalja.com.br\/arquivo\/#organization","name":"Jornal J\u00c1","description":"Jornal J\u00c1 | Porto Alegre","url":"https:\/\/www.jornalja.com.br\/arquivo\/","telephone":"+555133307272","logo":{"@type":"ImageObject","url":"https:\/\/www.jornalja.com.br\/wp-content\/uploads\/cards\/JAslogan.png","@id":"https:\/\/www.jornalja.com.br\/arquivo\/40739-2\/#organizationLogo"},"image":{"@id":"https:\/\/www.jornalja.com.br\/arquivo\/40739-2\/#organizationLogo"}},{"@type":"Person","@id":"https:\/\/www.jornalja.com.br\/arquivo\/author\/daredacao\/#author","url":"https:\/\/www.jornalja.com.br\/arquivo\/author\/daredacao\/","name":"da Reda\u00e7\u00e3o","image":{"@type":"ImageObject","@id":"https:\/\/www.jornalja.com.br\/arquivo\/40739-2\/#authorImage","url":"https:\/\/secure.gravatar.com\/avatar\/469fd857d6605ad19919d27ed29d35a968a25f6e8fd9318356bbb7f57aae9c65?s=96&d=mm&r=g","width":96,"height":96,"caption":"da Reda\u00e7\u00e3o"}},{"@type":"WebPage","@id":"https:\/\/www.jornalja.com.br\/arquivo\/40739-2\/#webpage","url":"https:\/\/www.jornalja.com.br\/arquivo\/40739-2\/","name":"Vereadores retomam regulamenta\u00e7\u00e3o do Uber em Porto Alegre | Arquivo","inLanguage":"pt-BR","isPartOf":{"@id":"https:\/\/www.jornalja.com.br\/arquivo\/#website"},"breadcrumb":{"@id":"https:\/\/www.jornalja.com.br\/arquivo\/40739-2\/#breadcrumblist"},"author":{"@id":"https:\/\/www.jornalja.com.br\/arquivo\/author\/daredacao\/#author"},"creator":{"@id":"https:\/\/www.jornalja.com.br\/arquivo\/author\/daredacao\/#author"},"image":{"@type":"ImageObject","url":40740,"@id":"https:\/\/www.jornalja.com.br\/arquivo\/40739-2\/#mainImage"},"primaryImageOfPage":{"@id":"https:\/\/www.jornalja.com.br\/arquivo\/40739-2\/#mainImage"},"datePublished":"2016-10-24T09:03:39-02:00","dateModified":"2016-10-24T09:03:39-02:00"},{"@type":"WebSite","@id":"https:\/\/www.jornalja.com.br\/arquivo\/#website","url":"https:\/\/www.jornalja.com.br\/arquivo\/","name":"Arquivo","description":"Jornal J\u00c1 | Porto Alegre","inLanguage":"pt-BR","publisher":{"@id":"https:\/\/www.jornalja.com.br\/arquivo\/#organization"}}]},"og:locale":"pt_BR","og:site_name":"Arquivo | Jornal J\u00c1 | Porto Alegre","og:type":"article","og:title":"Vereadores retomam regulamenta\u00e7\u00e3o do Uber em Porto Alegre | Arquivo","og:url":"https:\/\/www.jornalja.com.br\/arquivo\/40739-2\/","og:image":"https:\/\/www.jornalja.com.br\/economics\/wp-content\/uploads\/sites\/11\/2026\/08\/ja-folhaderosto-facebook.jpg","og:image:secure_url":"https:\/\/www.jornalja.com.br\/economics\/wp-content\/uploads\/sites\/11\/2026\/08\/ja-folhaderosto-facebook.jpg","article:published_time":"2016-10-24T12:03:39+00:00","article:modified_time":"2016-10-24T12:03:39+00:00","twitter:card":"summary","twitter:title":"Vereadores retomam regulamenta\u00e7\u00e3o do Uber em Porto Alegre | Arquivo","twitter:image":"https:\/\/www.jornalja.com.br\/economics\/wp-content\/uploads\/sites\/11\/2026\/08\/ja-folhaderosto-facebook.jpg"},"aioseo_meta_data":{"post_id":"40739","title":null,"description":null,"keywords":null,"keyphrases":null,"primary_term":null,"canonical_url":null,"og_title":null,"og_description":null,"og_object_type":"default","og_image_type":"default","og_image_url":null,"og_image_width":null,"og_image_height":null,"og_image_custom_url":null,"og_image_custom_fields":null,"og_video":null,"og_custom_url":null,"og_article_section":null,"og_article_tags":null,"twitter_use_og":false,"twitter_card":"default","twitter_image_type":"default","twitter_image_url":null,"twitter_image_custom_url":null,"twitter_image_custom_fields":null,"twitter_title":null,"twitter_description":null,"schema":{"blockGraphs":[],"customGraphs":[],"default":{"data":{"Article":[],"Course":[],"Dataset":[],"FAQPage":[],"Movie":[],"Person":[],"Product":[],"ProductReview":[],"Car":[],"Recipe":[],"Service":[],"SoftwareApplication":[],"WebPage":[]},"graphName":"","isEnabled":true},"graphs":[],"defaultGraph":"","defaultPostTypeGraph":""},"schema_type":null,"schema_type_options":null,"pillar_content":false,"robots_default":true,"robots_noindex":false,"robots_noarchive":false,"robots_nosnippet":false,"robots_nofollow":false,"robots_noimageindex":false,"robots_noodp":false,"robots_notranslate":false,"robots_max_snippet":null,"robots_max_videopreview":null,"robots_max_imagepreview":"large","priority":null,"frequency":null,"location":null,"local_seo":null,"breadcrumb_settings":null,"limit_modified_date":false,"ai":null,"created":"2020-12-20 20:45:49","updated":"2025-07-19 17:47:43","seo_analyzer_scan_date":null,"focus_keyword":null,"additional_keywords":null,"truseo_locale":null},"jetpack_sharing_enabled":true,"jetpack-related-posts":[{"id":1280,"url":"https:\/\/www.jornalja.com.br\/arquivo\/o-menino-que-se-tornou-brizola\/","url_meta":{"origin":40739,"position":0},"title":"O Menino que se Tornou Brizola","author":"da Reda\u00e7\u00e3o","date":"28 de julho de 2008","format":false,"excerpt":"Autor: Cleber Dioni A vida de Leonel Brizola, com \u00eanfase para os primeiros anos em Porto Alegre, at\u00e9 o ex\u00edlio no Uruguai e a volta, quinze anos depois. \u00a0\"...\u00c9ramos todos jovens e nos identific\u00e1vamos com aquela massa an\u00f4nima a percorrer as ruas de Porto Alegre, gritando 'Get\u00falio', 'Get\u00falio' e empunhando\u2026","rel":"","context":"Em &quot;Livros&quot;","block_context":{"text":"Livros","link":"https:\/\/www.jornalja.com.br\/arquivo\/category\/livros\/"},"img":{"alt_text":"","src":"https:\/\/i0.wp.com\/www.jornalja.com.br\/wp-content\/uploads\/2008\/07\/brizola.gif?resize=350%2C200&ssl=1","width":350,"height":200},"classes":[]},{"id":13240,"url":"https:\/\/www.jornalja.com.br\/arquivo\/plano-diretor-estamos-construindo-o-caos\/","url_meta":{"origin":40739,"position":1},"title":"Plano diretor: &quot;Estamos construindo o caos&quot;","author":"Patr\u00edcia Marini","date":"26 de maio de 2014","format":false,"excerpt":"Desabafo que arquiteta Eliana Castilhos, delegada da Regi\u00e3o de Planejamento 1, postou nas redes sociais \u00e9 um testemunho do ambiente que se criou no Conselho do Plano Diretor de Porto Alegre, onde a aprova\u00e7\u00e3o de grandes empreendimentos \u00e9 empurrada guela abaixo dos conselheiros. Ao CMDUA Como delegada da Regi\u00e3o de\u2026","rel":"","context":"Em &quot;Geral&quot;","block_context":{"text":"Geral","link":"https:\/\/www.jornalja.com.br\/arquivo\/category\/geral\/"},"img":{"alt_text":"","src":"","width":0,"height":0},"classes":[]},{"id":13124,"url":"https:\/\/www.jornalja.com.br\/arquivo\/sangue-latino-no-iecine\/","url_meta":{"origin":40739,"position":2},"title":"Sangue latino no IECINE","author":"da Reda\u00e7\u00e3o","date":"18 de maio de 2014","format":false,"excerpt":"Francisco Ribeiro O Instituto Estadual de Cinema (IECINE) tem a frente, desde abril \u00faltimo, um novo diretor, o cineasta colombiano Juan Zapata, 36, que substitui Luiz Alberto Cassol. Radicado h\u00e1 dez anos em Porto Alegre, Zapata tem diante de si o desafio de conduzir at\u00e9 o final do ano um\u2026","rel":"","context":"Em &quot;Cultura-Geral&quot;","block_context":{"text":"Cultura-Geral","link":"https:\/\/www.jornalja.com.br\/arquivo\/category\/materiasecundaria\/"},"img":{"alt_text":"","src":"","width":0,"height":0},"classes":[]},{"id":14241,"url":"https:\/\/www.jornalja.com.br\/arquivo\/o-guaiba-nas-imagens-poeticas-de-achutti\/","url_meta":{"origin":40739,"position":3},"title":"O Gua\u00edba nas imagens po\u00e9ticas de Achutti","author":"da Reda\u00e7\u00e3o","date":"18 de junho de 2014","format":false,"excerpt":"Em \u201cO Gua\u00edba por Achutti\u201d \u2013 obra financiada via Minist\u00e9rio da Cultura, produ\u00e7\u00e3o executiva de Pedro Longhi, e Fl\u00e1vio Wild como designer \u2013, o fot\u00f3grafo revela a beleza e as mazelas de um espa\u00e7o aqu\u00e1tico de \u00e1guas sempre renovadas, cheio de hist\u00f3rias e lendas como as das cidades que foram\u2026","rel":"","context":"Em &quot;Cultura-Geral&quot;","block_context":{"text":"Cultura-Geral","link":"https:\/\/www.jornalja.com.br\/arquivo\/category\/materiasecundaria\/"},"img":{"alt_text":"","src":"","width":0,"height":0},"classes":[]},{"id":12960,"url":"https:\/\/www.jornalja.com.br\/arquivo\/populacao-culpa-empresas-pela-greve-dos-rodoviarios\/","url_meta":{"origin":40739,"position":4},"title":"Popula\u00e7\u00e3o culpa empresas pela greve","author":"Patr\u00edcia Marini","date":"14 de fevereiro de 2014","format":false,"excerpt":"Pesquisa divulgada na edi\u00e7\u00e3o do jornal Metro desta sexta-feira,14, comprova o velho ditado: \u00e9 poss\u00edvel enganar muitos por algum tempo, mas n\u00e3o \u00e9 poss\u00edvel enganar a todos o tempo inteiro. A principal revela\u00e7\u00e3o foi que 59,8% dos entrevistados apontaram as empresas como as principais respons\u00e1veis pela grave e 46% culparam\u2026","rel":"","context":"Em &quot;X.Categorias velhas&quot;","block_context":{"text":"X.Categorias velhas","link":"https:\/\/www.jornalja.com.br\/arquivo\/category\/x-categorias-velhas\/"},"img":{"alt_text":"","src":"","width":0,"height":0},"classes":[]},{"id":13239,"url":"https:\/\/www.jornalja.com.br\/arquivo\/conselho-desdenha-do-plano-diretor\/","url_meta":{"origin":40739,"position":5},"title":"Porto Alegre: Conselho detona Plano Diretor","author":"Patr\u00edcia Marini","date":"25 de maio de 2014","format":false,"excerpt":"Den\u00fancia do arquiteto e \u00a0urbanista Ibir\u00e1 Santos Lucas. Ele diz que os conselheiros est\u00e3o votando com \"enorme irresponsabilidade\". \"Mudam regime com a maior naturalidade,,,regularizam absurdos de constru\u00e7\u00f5es irregulares... \"O CMDUA est\u00e1 flexibilizando a lei do plano diretor, de uma forma impactante na vida da cidade. Mudam regime com a maior\u2026","rel":"","context":"Em &quot;Geral&quot;","block_context":{"text":"Geral","link":"https:\/\/www.jornalja.com.br\/arquivo\/category\/geral\/"},"img":{"alt_text":"","src":"","width":0,"height":0},"classes":[]}],"jetpack_shortlink":"https:\/\/wp.me\/pbQjBd-aB5","jetpack_featured_media_url":"","_links":{"self":[{"href":"https:\/\/www.jornalja.com.br\/arquivo\/wp-json\/wp\/v2\/posts\/40739","targetHints":{"allow":["GET"]}}],"collection":[{"href":"https:\/\/www.jornalja.com.br\/arquivo\/wp-json\/wp\/v2\/posts"}],"about":[{"href":"https:\/\/www.jornalja.com.br\/arquivo\/wp-json\/wp\/v2\/types\/post"}],"author":[{"embeddable":true,"href":"https:\/\/www.jornalja.com.br\/arquivo\/wp-json\/wp\/v2\/users\/4"}],"replies":[{"embeddable":true,"href":"https:\/\/www.jornalja.com.br\/arquivo\/wp-json\/wp\/v2\/comments?post=40739"}],"version-history":[{"count":0,"href":"https:\/\/www.jornalja.com.br\/arquivo\/wp-json\/wp\/v2\/posts\/40739\/revisions"}],"wp:attachment":[{"href":"https:\/\/www.jornalja.com.br\/arquivo\/wp-json\/wp\/v2\/media?parent=40739"}],"wp:term":[{"taxonomy":"category","embeddable":true,"href":"https:\/\/www.jornalja.com.br\/arquivo\/wp-json\/wp\/v2\/categories?post=40739"},{"taxonomy":"post_tag","embeddable":true,"href":"https:\/\/www.jornalja.com.br\/arquivo\/wp-json\/wp\/v2\/tags?post=40739"}],"curies":[{"name":"wp","href":"https:\/\/api.w.org\/{rel}","templated":true}]}}