{"id":40763,"date":"2016-10-24T18:38:40","date_gmt":"2016-10-24T21:38:40","guid":{"rendered":"https:\/\/www.jornalja.com.br\/?p=40763"},"modified":"2016-10-24T18:38:40","modified_gmt":"2016-10-24T21:38:40","slug":"professores-dos-cursos-de-artes-da-uergs-em-montenegro-decidem-aderir-as-frentes-de-resistencia-a-alteracao-da-ldb939496-assim-como-a-pec-241","status":"publish","type":"post","link":"https:\/\/www.jornalja.com.br\/arquivo\/professores-dos-cursos-de-artes-da-uergs-em-montenegro-decidem-aderir-as-frentes-de-resistencia-a-alteracao-da-ldb939496-assim-como-a-pec-241\/","title":{"rendered":"Professores dos cursos de Artes da UERGS em Montenegro decidem aderir \u00e0s frentes de resist\u00eancia \u00e0 altera\u00e7\u00e3o da LDB9394\/96 assim como \u00e0 PEC 241"},"content":{"rendered":"<p>O calend\u00e1rio de mobiliza\u00e7\u00f5es iniciar\u00e1 com paralisa\u00e7\u00e3o geral das atividades da Unidade na segunda-feira dia 24 de outubro e encontros pontuais para debates e proposi\u00e7\u00f5es ao longo da semana.<br \/>\nPrezadas e prezados alunas e alunos, colegas professoras e professores, funcion\u00e1rias e funcion\u00e1rios da Unidade Montenegro-Artes\/UERGS,<br \/>\nNos \u00faltimos dias, fomos tomados de maneira abrupta por uma s\u00e9rie de propostas de emenda constitucional (PEC) e medidas provis\u00f3rias (MP) que afetam os mais diferentes tecidos da sociedade brasileira. Medidas tomadas de maneira aleat\u00f3ria, sem o devido debate popular e com a forte possibilidade de produ\u00e7\u00e3o de efeitos escalonados ao longo dos pr\u00f3ximos anos que, em sua imensa maioria, produzem um horizonte nebuloso e de enormes sacrif\u00edcios dos extratos mais vulner\u00e1veis da popula\u00e7\u00e3o. Todas essas quest\u00f5es est\u00e3o em nossas pautas cotidianamente. No entanto, as Artes em todas as suas formas, foram alvo de um ataque noturno e grav\u00edssimo: a mudan\u00e7a do texto da LDB 9394\/96[i].<br \/>\nA lei de diretrizes e bases foi uma conquista de diversas associa\u00e7\u00f5es, institui\u00e7\u00f5es, professores e alunos. No caso da arte, os avan\u00e7os trazidos pela LDB 9394\/96 s\u00e3o resultados de uma forte movimenta\u00e7\u00e3o daqueles que entendiam a import\u00e2ncia de garantirmos aos estudantes do ensino b\u00e1sico e m\u00e9dio aulas de Artes Visuais, Dan\u00e7a, M\u00fasica e Teatro, em suas especificidades e ministradas por professores com forma\u00e7\u00e3o, tamb\u00e9m espec\u00edfica, em cada uma dessas modalidades em seus modos de pensar, criar e compreender as a\u00e7\u00f5es dos indiv\u00edduos em diferentes tempos e espa\u00e7os atrav\u00e9s da arte. Os reflexos dessa decis\u00e3o reverteram-se em fortalecimento e abertura de novos cursos de licenciatura em arte e garantia de atua\u00e7\u00e3o profissional para os seus egressos na escola, compreendendo as linguagens art\u00edsticas como conhecimentos leg\u00edtimos e indispens\u00e1veis \u00e0 forma\u00e7\u00e3o dos indiv\u00edduos.<br \/>\nCom a altera\u00e7\u00e3o da lei temos um forte retrocesso de, pelo menos, 30 anos nas lutas pela garantia de acesso e reconhecimento da arte como forma de saber, presente em uma escola que se pretende lugar de constru\u00e7\u00e3o, mobiliza\u00e7\u00e3o e movimento de conhecimentos que extrapolam a forma\u00e7\u00e3o para o mercado de trabalho e que se compreende como lugar de compreens\u00e3o e modifica\u00e7\u00e3o do mundo em suas forma\u00e7\u00f5es hist\u00f3ricas, contradi\u00e7\u00f5es e condi\u00e7\u00f5es sociais e culturais.<br \/>\nAssim, como forma de marcarmos nossa posi\u00e7\u00e3o na defesa dessas conquistas e da legitimidade de nossa \u00e1rea de atua\u00e7\u00e3o, n\u00f3s, professores dos cursos de licenciatura em Arte da Universidade Estadual do Rio Grande do Sul, decidimos nos unir \u00e0s manifesta\u00e7\u00f5es que ocorrem nessa segunda, dia 24 de outubro, juntamente com outras universidades ga\u00fachas e que, por sua vez, est\u00e3o aliadas a frentes de resist\u00eancia por todo o pa\u00eds.<br \/>\nAo mesmo tempo, cremos na import\u00e2ncia formadora que tem a participa\u00e7\u00e3o de toda a comunidade acad\u00eamica e, em especial, os estudantes, nessa luta. Propomos tamb\u00e9m que, a partir de ter\u00e7a feira, dia 25, comecemos uma semana de mobiliza\u00e7\u00f5es com encontros de pelo menos uma hora a cada dia, para marcarmos o posicionamento de nossa unidade.<br \/>\nSabemos dos preju\u00edzos que o cancelamento de um dia letivo pode trazer ao nosso calend\u00e1rio, mas compreendemos que nesse momento h\u00e1 algo maior que exige nossa tomada de decis\u00e3o. Pelo futuro das artes na escola, pelo futuro dos nossos cursos de forma\u00e7\u00e3o, pela garantia da vida profissional de nossos estudantes e, acima de tudo, pela manuten\u00e7\u00e3o da Arte em toda a sua complexidade no ambiente escolar em todos os n\u00edveis de ensino previstos no texto original da LDB, optamos por marcar nosso posicionamento e, refor\u00e7amos, contamos com o apoio de toda a comunidade.<br \/>\nEssa n\u00e3o \u00e9 uma pauta apenas dos professores de arte, mas de toda a sociedade que compreende que a escola deve mirar mais longe do que a mera reprodu\u00e7\u00e3o de verdades absolutas e que o conhecimento cr\u00edtico e criativo do ser humano \u00e9 instrumento indispens\u00e1vel para qualquer menino ou menina que chega a essa institui\u00e7\u00e3o. Conhecimento esse que n\u00e3o \u00e9 completo sem os saberes, problematiza\u00e7\u00f5es e deslocamentos que a arte pode produzir.<br \/>\ncronograma:<br \/>\nDia 24\/10: 8h30 em frente ao Cpers, (Av. Alberto Bins, 480 \u2013 Centro) + 13h Campus Central da UFRGS + 18h30 Esquina democr\u00e1tica.<br \/>\nA partir do dia 25\/10: a\u00e7\u00f5es pontuais na Unidade em Montenegro.<br \/>\n[i] \u201c\u00a7 2\u00ba O ensino da arte, especialmente em suas express\u00f5es regionais, constituir\u00e1 componente curricular obrigat\u00f3rio da educa\u00e7\u00e3o infantil e do ensino fundamental, de forma a promover o desenvolvimento cultural dos alunos.\u201d<br \/>\nImagem da campanha Arte pela Democracia: <a href=\"http:\/\/fonsecamonoart.files.wordpress.com\/2016\/05\/tudo0041-724\u00d71024-1-724\u00d71024.jpg\">http:\/\/fonsecamonoart.files.wordpress.com\/2016\/05\/tudo0041-724\u00d71024-1-724\u00d71024.jpg<\/a><\/p>\n","protected":false},"excerpt":{"rendered":"<p>O calend\u00e1rio de mobiliza\u00e7\u00f5es iniciar\u00e1 com paralisa\u00e7\u00e3o geral das atividades da Unidade na segunda-feira dia 24 de outubro e encontros pontuais para debates e proposi\u00e7\u00f5es ao longo da semana. Prezadas e prezados alunas e alunos, colegas professoras e professores, funcion\u00e1rias e funcion\u00e1rios da Unidade Montenegro-Artes\/UERGS, Nos \u00faltimos dias, fomos tomados de maneira abrupta por uma [&hellip;]<\/p>\n","protected":false},"author":4,"featured_media":40764,"comment_status":"open","ping_status":"closed","sticky":false,"template":"","format":"standard","meta":{"_jetpack_newsletter_access":"","_jetpack_dont_email_post_to_subs":false,"_jetpack_newsletter_tier_id":0,"_jetpack_memberships_contains_paywalled_content":false,"_jetpack_feature_clip_id":0,"_jetpack_memberships_contains_paid_content":false,"footnotes":"","jetpack_post_was_ever_published":false},"categories":[2013,2012],"tags":[],"class_list":["post-40763","post","type-post","status-publish","format-standard","has-post-thumbnail","hentry","category-cdd-mural","category-debates"],"aioseo_notices":[],"aioseo_head":"\n\t\t<!-- All in One SEO 5.0.1.1 - aioseo.com -->\n\t<meta name=\"robots\" content=\"max-image-preview:large\" \/>\n\t<meta name=\"author\" content=\"da Reda\u00e7\u00e3o\"\/>\n\t<link rel=\"canonical\" href=\"https:\/\/www.jornalja.com.br\/arquivo\/professores-dos-cursos-de-artes-da-uergs-em-montenegro-decidem-aderir-as-frentes-de-resistencia-a-alteracao-da-ldb939496-assim-como-a-pec-241\/\" \/>\n\t<meta name=\"generator\" content=\"All in One SEO (AIOSEO) 5.0.1.1\" \/>\n\t\t<meta property=\"og:locale\" content=\"pt_BR\" \/>\n\t\t<meta property=\"og:site_name\" content=\"Arquivo | Jornal J\u00c1 | Porto Alegre\" \/>\n\t\t<meta property=\"og:type\" content=\"article\" \/>\n\t\t<meta property=\"og:title\" content=\"Professores dos cursos de Artes da UERGS em Montenegro decidem aderir \u00e0s frentes de resist\u00eancia \u00e0 altera\u00e7\u00e3o da LDB9394\/96 assim como \u00e0 PEC 241 | Arquivo\" \/>\n\t\t<meta property=\"og:url\" content=\"https:\/\/www.jornalja.com.br\/arquivo\/professores-dos-cursos-de-artes-da-uergs-em-montenegro-decidem-aderir-as-frentes-de-resistencia-a-alteracao-da-ldb939496-assim-como-a-pec-241\/\" \/>\n\t\t<meta property=\"og:image\" content=\"https:\/\/www.jornalja.com.br\/economics\/wp-content\/uploads\/sites\/11\/2026\/08\/ja-folhaderosto-facebook.jpg\" \/>\n\t\t<meta property=\"og:image:secure_url\" content=\"https:\/\/www.jornalja.com.br\/economics\/wp-content\/uploads\/sites\/11\/2026\/08\/ja-folhaderosto-facebook.jpg\" \/>\n\t\t<meta property=\"article:published_time\" content=\"2016-10-24T21:38:40+00:00\" \/>\n\t\t<meta property=\"article:modified_time\" content=\"2016-10-24T21:38:40+00:00\" \/>\n\t\t<meta name=\"twitter:card\" content=\"summary\" \/>\n\t\t<meta name=\"twitter:title\" content=\"Professores dos cursos de Artes da UERGS em Montenegro decidem aderir \u00e0s frentes de resist\u00eancia \u00e0 altera\u00e7\u00e3o da LDB9394\/96 assim como \u00e0 PEC 241 | Arquivo\" \/>\n\t\t<meta name=\"twitter:image\" content=\"https:\/\/www.jornalja.com.br\/economics\/wp-content\/uploads\/sites\/11\/2026\/08\/ja-folhaderosto-facebook.jpg\" \/>\n\t\t<script type=\"application\/ld+json\" class=\"aioseo-schema\">\n\t\t\t{\"@context\":\"https:\\\/\\\/schema.org\",\"@graph\":[{\"@type\":\"BlogPosting\",\"@id\":\"https:\\\/\\\/www.jornalja.com.br\\\/arquivo\\\/professores-dos-cursos-de-artes-da-uergs-em-montenegro-decidem-aderir-as-frentes-de-resistencia-a-alteracao-da-ldb939496-assim-como-a-pec-241\\\/#blogposting\",\"name\":\"Professores dos cursos de Artes da UERGS em Montenegro decidem aderir \\u00e0s frentes de resist\\u00eancia \\u00e0 altera\\u00e7\\u00e3o da LDB9394\\\/96 assim como \\u00e0 PEC 241 | Arquivo\",\"headline\":\"Professores dos cursos de Artes da UERGS em Montenegro decidem aderir \\u00e0s frentes de resist\\u00eancia \\u00e0 altera\\u00e7\\u00e3o da LDB9394\\\/96 assim como \\u00e0 PEC 241\",\"author\":{\"@id\":\"https:\\\/\\\/www.jornalja.com.br\\\/arquivo\\\/author\\\/daredacao\\\/#author\"},\"publisher\":{\"@id\":\"https:\\\/\\\/www.jornalja.com.br\\\/arquivo\\\/#organization\"},\"image\":{\"@type\":\"ImageObject\",\"url\":40764},\"datePublished\":\"2016-10-24T18:38:40-02:00\",\"dateModified\":\"2016-10-24T18:38:40-02:00\",\"inLanguage\":\"pt-BR\",\"mainEntityOfPage\":{\"@id\":\"https:\\\/\\\/www.jornalja.com.br\\\/arquivo\\\/professores-dos-cursos-de-artes-da-uergs-em-montenegro-decidem-aderir-as-frentes-de-resistencia-a-alteracao-da-ldb939496-assim-como-a-pec-241\\\/#webpage\"},\"isPartOf\":{\"@id\":\"https:\\\/\\\/www.jornalja.com.br\\\/arquivo\\\/professores-dos-cursos-de-artes-da-uergs-em-montenegro-decidem-aderir-as-frentes-de-resistencia-a-alteracao-da-ldb939496-assim-como-a-pec-241\\\/#webpage\"},\"articleSection\":\"CDD-MURAL, HOTSITE Comit\\u00ea pela Democracia\"},{\"@type\":\"BreadcrumbList\",\"@id\":\"https:\\\/\\\/www.jornalja.com.br\\\/arquivo\\\/professores-dos-cursos-de-artes-da-uergs-em-montenegro-decidem-aderir-as-frentes-de-resistencia-a-alteracao-da-ldb939496-assim-como-a-pec-241\\\/#breadcrumblist\",\"itemListElement\":[{\"@type\":\"ListItem\",\"@id\":\"https:\\\/\\\/www.jornalja.com.br\\\/arquivo#listItem\",\"position\":1,\"name\":\"Home\",\"item\":\"https:\\\/\\\/www.jornalja.com.br\\\/arquivo\",\"nextItem\":{\"@type\":\"ListItem\",\"@id\":\"https:\\\/\\\/www.jornalja.com.br\\\/arquivo\\\/category\\\/debates\\\/#listItem\",\"name\":\"HOTSITE Comit\\u00ea pela Democracia\"}},{\"@type\":\"ListItem\",\"@id\":\"https:\\\/\\\/www.jornalja.com.br\\\/arquivo\\\/category\\\/debates\\\/#listItem\",\"position\":2,\"name\":\"HOTSITE Comit\\u00ea pela Democracia\",\"item\":\"https:\\\/\\\/www.jornalja.com.br\\\/arquivo\\\/category\\\/debates\\\/\",\"nextItem\":{\"@type\":\"ListItem\",\"@id\":\"https:\\\/\\\/www.jornalja.com.br\\\/arquivo\\\/professores-dos-cursos-de-artes-da-uergs-em-montenegro-decidem-aderir-as-frentes-de-resistencia-a-alteracao-da-ldb939496-assim-como-a-pec-241\\\/#listItem\",\"name\":\"Professores dos cursos de Artes da UERGS em Montenegro decidem aderir \\u00e0s frentes de resist\\u00eancia \\u00e0 altera\\u00e7\\u00e3o da LDB9394\\\/96 assim como \\u00e0 PEC 241\"},\"previousItem\":{\"@type\":\"ListItem\",\"@id\":\"https:\\\/\\\/www.jornalja.com.br\\\/arquivo#listItem\",\"name\":\"Home\"}},{\"@type\":\"ListItem\",\"@id\":\"https:\\\/\\\/www.jornalja.com.br\\\/arquivo\\\/professores-dos-cursos-de-artes-da-uergs-em-montenegro-decidem-aderir-as-frentes-de-resistencia-a-alteracao-da-ldb939496-assim-como-a-pec-241\\\/#listItem\",\"position\":3,\"name\":\"Professores dos cursos de Artes da UERGS em Montenegro decidem aderir \\u00e0s frentes de resist\\u00eancia \\u00e0 altera\\u00e7\\u00e3o da LDB9394\\\/96 assim como \\u00e0 PEC 241\",\"previousItem\":{\"@type\":\"ListItem\",\"@id\":\"https:\\\/\\\/www.jornalja.com.br\\\/arquivo\\\/category\\\/debates\\\/#listItem\",\"name\":\"HOTSITE Comit\\u00ea pela Democracia\"}}]},{\"@type\":\"Organization\",\"@id\":\"https:\\\/\\\/www.jornalja.com.br\\\/arquivo\\\/#organization\",\"name\":\"Jornal J\\u00c1\",\"description\":\"Jornal J\\u00c1 | Porto Alegre\",\"url\":\"https:\\\/\\\/www.jornalja.com.br\\\/arquivo\\\/\",\"telephone\":\"+555133307272\",\"logo\":{\"@type\":\"ImageObject\",\"url\":\"https:\\\/\\\/www.jornalja.com.br\\\/wp-content\\\/uploads\\\/cards\\\/JAslogan.png\",\"@id\":\"https:\\\/\\\/www.jornalja.com.br\\\/arquivo\\\/professores-dos-cursos-de-artes-da-uergs-em-montenegro-decidem-aderir-as-frentes-de-resistencia-a-alteracao-da-ldb939496-assim-como-a-pec-241\\\/#organizationLogo\"},\"image\":{\"@id\":\"https:\\\/\\\/www.jornalja.com.br\\\/arquivo\\\/professores-dos-cursos-de-artes-da-uergs-em-montenegro-decidem-aderir-as-frentes-de-resistencia-a-alteracao-da-ldb939496-assim-como-a-pec-241\\\/#organizationLogo\"}},{\"@type\":\"Person\",\"@id\":\"https:\\\/\\\/www.jornalja.com.br\\\/arquivo\\\/author\\\/daredacao\\\/#author\",\"url\":\"https:\\\/\\\/www.jornalja.com.br\\\/arquivo\\\/author\\\/daredacao\\\/\",\"name\":\"da Reda\\u00e7\\u00e3o\",\"image\":{\"@type\":\"ImageObject\",\"@id\":\"https:\\\/\\\/www.jornalja.com.br\\\/arquivo\\\/professores-dos-cursos-de-artes-da-uergs-em-montenegro-decidem-aderir-as-frentes-de-resistencia-a-alteracao-da-ldb939496-assim-como-a-pec-241\\\/#authorImage\",\"url\":\"https:\\\/\\\/secure.gravatar.com\\\/avatar\\\/469fd857d6605ad19919d27ed29d35a968a25f6e8fd9318356bbb7f57aae9c65?s=96&d=mm&r=g\",\"width\":96,\"height\":96,\"caption\":\"da Reda\\u00e7\\u00e3o\"}},{\"@type\":\"WebPage\",\"@id\":\"https:\\\/\\\/www.jornalja.com.br\\\/arquivo\\\/professores-dos-cursos-de-artes-da-uergs-em-montenegro-decidem-aderir-as-frentes-de-resistencia-a-alteracao-da-ldb939496-assim-como-a-pec-241\\\/#webpage\",\"url\":\"https:\\\/\\\/www.jornalja.com.br\\\/arquivo\\\/professores-dos-cursos-de-artes-da-uergs-em-montenegro-decidem-aderir-as-frentes-de-resistencia-a-alteracao-da-ldb939496-assim-como-a-pec-241\\\/\",\"name\":\"Professores dos cursos de Artes da UERGS em Montenegro decidem aderir \\u00e0s frentes de resist\\u00eancia \\u00e0 altera\\u00e7\\u00e3o da LDB9394\\\/96 assim como \\u00e0 PEC 241 | Arquivo\",\"inLanguage\":\"pt-BR\",\"isPartOf\":{\"@id\":\"https:\\\/\\\/www.jornalja.com.br\\\/arquivo\\\/#website\"},\"breadcrumb\":{\"@id\":\"https:\\\/\\\/www.jornalja.com.br\\\/arquivo\\\/professores-dos-cursos-de-artes-da-uergs-em-montenegro-decidem-aderir-as-frentes-de-resistencia-a-alteracao-da-ldb939496-assim-como-a-pec-241\\\/#breadcrumblist\"},\"author\":{\"@id\":\"https:\\\/\\\/www.jornalja.com.br\\\/arquivo\\\/author\\\/daredacao\\\/#author\"},\"creator\":{\"@id\":\"https:\\\/\\\/www.jornalja.com.br\\\/arquivo\\\/author\\\/daredacao\\\/#author\"},\"image\":{\"@type\":\"ImageObject\",\"url\":40764,\"@id\":\"https:\\\/\\\/www.jornalja.com.br\\\/arquivo\\\/professores-dos-cursos-de-artes-da-uergs-em-montenegro-decidem-aderir-as-frentes-de-resistencia-a-alteracao-da-ldb939496-assim-como-a-pec-241\\\/#mainImage\"},\"primaryImageOfPage\":{\"@id\":\"https:\\\/\\\/www.jornalja.com.br\\\/arquivo\\\/professores-dos-cursos-de-artes-da-uergs-em-montenegro-decidem-aderir-as-frentes-de-resistencia-a-alteracao-da-ldb939496-assim-como-a-pec-241\\\/#mainImage\"},\"datePublished\":\"2016-10-24T18:38:40-02:00\",\"dateModified\":\"2016-10-24T18:38:40-02:00\"},{\"@type\":\"WebSite\",\"@id\":\"https:\\\/\\\/www.jornalja.com.br\\\/arquivo\\\/#website\",\"url\":\"https:\\\/\\\/www.jornalja.com.br\\\/arquivo\\\/\",\"name\":\"Arquivo\",\"description\":\"Jornal J\\u00c1 | Porto Alegre\",\"inLanguage\":\"pt-BR\",\"publisher\":{\"@id\":\"https:\\\/\\\/www.jornalja.com.br\\\/arquivo\\\/#organization\"}}]}\n\t\t<\/script>\n\t\t<!-- All in One SEO -->\n\n","aioseo_head_json":{"title":"Professores dos cursos de Artes da UERGS em Montenegro decidem aderir \u00e0s frentes de resist\u00eancia \u00e0 altera\u00e7\u00e3o da LDB9394\/96 assim como \u00e0 PEC 241 | Arquivo","description":"","canonical_url":"https:\/\/www.jornalja.com.br\/arquivo\/professores-dos-cursos-de-artes-da-uergs-em-montenegro-decidem-aderir-as-frentes-de-resistencia-a-alteracao-da-ldb939496-assim-como-a-pec-241\/","robots":"max-image-preview:large","keywords":"","webmasterTools":{"miscellaneous":""},"schema":{"@context":"https:\/\/schema.org","@graph":[{"@type":"BlogPosting","@id":"https:\/\/www.jornalja.com.br\/arquivo\/professores-dos-cursos-de-artes-da-uergs-em-montenegro-decidem-aderir-as-frentes-de-resistencia-a-alteracao-da-ldb939496-assim-como-a-pec-241\/#blogposting","name":"Professores dos cursos de Artes da UERGS em Montenegro decidem aderir \u00e0s frentes de resist\u00eancia \u00e0 altera\u00e7\u00e3o da LDB9394\/96 assim como \u00e0 PEC 241 | Arquivo","headline":"Professores dos cursos de Artes da UERGS em Montenegro decidem aderir \u00e0s frentes de resist\u00eancia \u00e0 altera\u00e7\u00e3o da LDB9394\/96 assim como \u00e0 PEC 241","author":{"@id":"https:\/\/www.jornalja.com.br\/arquivo\/author\/daredacao\/#author"},"publisher":{"@id":"https:\/\/www.jornalja.com.br\/arquivo\/#organization"},"image":{"@type":"ImageObject","url":40764},"datePublished":"2016-10-24T18:38:40-02:00","dateModified":"2016-10-24T18:38:40-02:00","inLanguage":"pt-BR","mainEntityOfPage":{"@id":"https:\/\/www.jornalja.com.br\/arquivo\/professores-dos-cursos-de-artes-da-uergs-em-montenegro-decidem-aderir-as-frentes-de-resistencia-a-alteracao-da-ldb939496-assim-como-a-pec-241\/#webpage"},"isPartOf":{"@id":"https:\/\/www.jornalja.com.br\/arquivo\/professores-dos-cursos-de-artes-da-uergs-em-montenegro-decidem-aderir-as-frentes-de-resistencia-a-alteracao-da-ldb939496-assim-como-a-pec-241\/#webpage"},"articleSection":"CDD-MURAL, HOTSITE Comit\u00ea pela Democracia"},{"@type":"BreadcrumbList","@id":"https:\/\/www.jornalja.com.br\/arquivo\/professores-dos-cursos-de-artes-da-uergs-em-montenegro-decidem-aderir-as-frentes-de-resistencia-a-alteracao-da-ldb939496-assim-como-a-pec-241\/#breadcrumblist","itemListElement":[{"@type":"ListItem","@id":"https:\/\/www.jornalja.com.br\/arquivo#listItem","position":1,"name":"Home","item":"https:\/\/www.jornalja.com.br\/arquivo","nextItem":{"@type":"ListItem","@id":"https:\/\/www.jornalja.com.br\/arquivo\/category\/debates\/#listItem","name":"HOTSITE Comit\u00ea pela Democracia"}},{"@type":"ListItem","@id":"https:\/\/www.jornalja.com.br\/arquivo\/category\/debates\/#listItem","position":2,"name":"HOTSITE Comit\u00ea pela Democracia","item":"https:\/\/www.jornalja.com.br\/arquivo\/category\/debates\/","nextItem":{"@type":"ListItem","@id":"https:\/\/www.jornalja.com.br\/arquivo\/professores-dos-cursos-de-artes-da-uergs-em-montenegro-decidem-aderir-as-frentes-de-resistencia-a-alteracao-da-ldb939496-assim-como-a-pec-241\/#listItem","name":"Professores dos cursos de Artes da UERGS em Montenegro decidem aderir \u00e0s frentes de resist\u00eancia \u00e0 altera\u00e7\u00e3o da LDB9394\/96 assim como \u00e0 PEC 241"},"previousItem":{"@type":"ListItem","@id":"https:\/\/www.jornalja.com.br\/arquivo#listItem","name":"Home"}},{"@type":"ListItem","@id":"https:\/\/www.jornalja.com.br\/arquivo\/professores-dos-cursos-de-artes-da-uergs-em-montenegro-decidem-aderir-as-frentes-de-resistencia-a-alteracao-da-ldb939496-assim-como-a-pec-241\/#listItem","position":3,"name":"Professores dos cursos de Artes da UERGS em Montenegro decidem aderir \u00e0s frentes de resist\u00eancia \u00e0 altera\u00e7\u00e3o da LDB9394\/96 assim como \u00e0 PEC 241","previousItem":{"@type":"ListItem","@id":"https:\/\/www.jornalja.com.br\/arquivo\/category\/debates\/#listItem","name":"HOTSITE Comit\u00ea pela Democracia"}}]},{"@type":"Organization","@id":"https:\/\/www.jornalja.com.br\/arquivo\/#organization","name":"Jornal J\u00c1","description":"Jornal J\u00c1 | Porto Alegre","url":"https:\/\/www.jornalja.com.br\/arquivo\/","telephone":"+555133307272","logo":{"@type":"ImageObject","url":"https:\/\/www.jornalja.com.br\/wp-content\/uploads\/cards\/JAslogan.png","@id":"https:\/\/www.jornalja.com.br\/arquivo\/professores-dos-cursos-de-artes-da-uergs-em-montenegro-decidem-aderir-as-frentes-de-resistencia-a-alteracao-da-ldb939496-assim-como-a-pec-241\/#organizationLogo"},"image":{"@id":"https:\/\/www.jornalja.com.br\/arquivo\/professores-dos-cursos-de-artes-da-uergs-em-montenegro-decidem-aderir-as-frentes-de-resistencia-a-alteracao-da-ldb939496-assim-como-a-pec-241\/#organizationLogo"}},{"@type":"Person","@id":"https:\/\/www.jornalja.com.br\/arquivo\/author\/daredacao\/#author","url":"https:\/\/www.jornalja.com.br\/arquivo\/author\/daredacao\/","name":"da Reda\u00e7\u00e3o","image":{"@type":"ImageObject","@id":"https:\/\/www.jornalja.com.br\/arquivo\/professores-dos-cursos-de-artes-da-uergs-em-montenegro-decidem-aderir-as-frentes-de-resistencia-a-alteracao-da-ldb939496-assim-como-a-pec-241\/#authorImage","url":"https:\/\/secure.gravatar.com\/avatar\/469fd857d6605ad19919d27ed29d35a968a25f6e8fd9318356bbb7f57aae9c65?s=96&d=mm&r=g","width":96,"height":96,"caption":"da Reda\u00e7\u00e3o"}},{"@type":"WebPage","@id":"https:\/\/www.jornalja.com.br\/arquivo\/professores-dos-cursos-de-artes-da-uergs-em-montenegro-decidem-aderir-as-frentes-de-resistencia-a-alteracao-da-ldb939496-assim-como-a-pec-241\/#webpage","url":"https:\/\/www.jornalja.com.br\/arquivo\/professores-dos-cursos-de-artes-da-uergs-em-montenegro-decidem-aderir-as-frentes-de-resistencia-a-alteracao-da-ldb939496-assim-como-a-pec-241\/","name":"Professores dos cursos de Artes da UERGS em Montenegro decidem aderir \u00e0s frentes de resist\u00eancia \u00e0 altera\u00e7\u00e3o da LDB9394\/96 assim como \u00e0 PEC 241 | Arquivo","inLanguage":"pt-BR","isPartOf":{"@id":"https:\/\/www.jornalja.com.br\/arquivo\/#website"},"breadcrumb":{"@id":"https:\/\/www.jornalja.com.br\/arquivo\/professores-dos-cursos-de-artes-da-uergs-em-montenegro-decidem-aderir-as-frentes-de-resistencia-a-alteracao-da-ldb939496-assim-como-a-pec-241\/#breadcrumblist"},"author":{"@id":"https:\/\/www.jornalja.com.br\/arquivo\/author\/daredacao\/#author"},"creator":{"@id":"https:\/\/www.jornalja.com.br\/arquivo\/author\/daredacao\/#author"},"image":{"@type":"ImageObject","url":40764,"@id":"https:\/\/www.jornalja.com.br\/arquivo\/professores-dos-cursos-de-artes-da-uergs-em-montenegro-decidem-aderir-as-frentes-de-resistencia-a-alteracao-da-ldb939496-assim-como-a-pec-241\/#mainImage"},"primaryImageOfPage":{"@id":"https:\/\/www.jornalja.com.br\/arquivo\/professores-dos-cursos-de-artes-da-uergs-em-montenegro-decidem-aderir-as-frentes-de-resistencia-a-alteracao-da-ldb939496-assim-como-a-pec-241\/#mainImage"},"datePublished":"2016-10-24T18:38:40-02:00","dateModified":"2016-10-24T18:38:40-02:00"},{"@type":"WebSite","@id":"https:\/\/www.jornalja.com.br\/arquivo\/#website","url":"https:\/\/www.jornalja.com.br\/arquivo\/","name":"Arquivo","description":"Jornal J\u00c1 | Porto Alegre","inLanguage":"pt-BR","publisher":{"@id":"https:\/\/www.jornalja.com.br\/arquivo\/#organization"}}]},"og:locale":"pt_BR","og:site_name":"Arquivo | Jornal J\u00c1 | Porto Alegre","og:type":"article","og:title":"Professores dos cursos de Artes da UERGS em Montenegro decidem aderir \u00e0s frentes de resist\u00eancia \u00e0 altera\u00e7\u00e3o da LDB9394\/96 assim como \u00e0 PEC 241 | Arquivo","og:url":"https:\/\/www.jornalja.com.br\/arquivo\/professores-dos-cursos-de-artes-da-uergs-em-montenegro-decidem-aderir-as-frentes-de-resistencia-a-alteracao-da-ldb939496-assim-como-a-pec-241\/","og:image":"https:\/\/www.jornalja.com.br\/economics\/wp-content\/uploads\/sites\/11\/2026\/08\/ja-folhaderosto-facebook.jpg","og:image:secure_url":"https:\/\/www.jornalja.com.br\/economics\/wp-content\/uploads\/sites\/11\/2026\/08\/ja-folhaderosto-facebook.jpg","article:published_time":"2016-10-24T21:38:40+00:00","article:modified_time":"2016-10-24T21:38:40+00:00","twitter:card":"summary","twitter:title":"Professores dos cursos de Artes da UERGS em Montenegro decidem aderir \u00e0s frentes de resist\u00eancia \u00e0 altera\u00e7\u00e3o da LDB9394\/96 assim como \u00e0 PEC 241 | Arquivo","twitter:image":"https:\/\/www.jornalja.com.br\/economics\/wp-content\/uploads\/sites\/11\/2026\/08\/ja-folhaderosto-facebook.jpg"},"aioseo_meta_data":{"post_id":"40763","title":null,"description":null,"keywords":null,"keyphrases":null,"primary_term":null,"canonical_url":null,"og_title":null,"og_description":null,"og_object_type":"default","og_image_type":"default","og_image_url":null,"og_image_width":null,"og_image_height":null,"og_image_custom_url":null,"og_image_custom_fields":null,"og_video":null,"og_custom_url":null,"og_article_section":null,"og_article_tags":null,"twitter_use_og":false,"twitter_card":"default","twitter_image_type":"default","twitter_image_url":null,"twitter_image_custom_url":null,"twitter_image_custom_fields":null,"twitter_title":null,"twitter_description":null,"schema":{"blockGraphs":[],"customGraphs":[],"default":{"data":{"Article":[],"Course":[],"Dataset":[],"FAQPage":[],"Movie":[],"Person":[],"Product":[],"ProductReview":[],"Car":[],"Recipe":[],"Service":[],"SoftwareApplication":[],"WebPage":[]},"graphName":"","isEnabled":true},"graphs":[],"defaultGraph":"","defaultPostTypeGraph":""},"schema_type":null,"schema_type_options":null,"pillar_content":false,"robots_default":true,"robots_noindex":false,"robots_noarchive":false,"robots_nosnippet":false,"robots_nofollow":false,"robots_noimageindex":false,"robots_noodp":false,"robots_notranslate":false,"robots_max_snippet":null,"robots_max_videopreview":null,"robots_max_imagepreview":"large","priority":null,"frequency":null,"location":null,"local_seo":null,"breadcrumb_settings":null,"limit_modified_date":false,"ai":null,"created":"2020-12-20 20:45:49","updated":"2025-07-19 17:47:43","seo_analyzer_scan_date":null,"focus_keyword":null,"additional_keywords":null,"truseo_locale":null},"jetpack_sharing_enabled":true,"jetpack-related-posts":[{"id":13124,"url":"https:\/\/www.jornalja.com.br\/arquivo\/sangue-latino-no-iecine\/","url_meta":{"origin":40763,"position":0},"title":"Sangue latino no IECINE","author":"da Reda\u00e7\u00e3o","date":"18 de maio de 2014","format":false,"excerpt":"Francisco Ribeiro O Instituto Estadual de Cinema (IECINE) tem a frente, desde abril \u00faltimo, um novo diretor, o cineasta colombiano Juan Zapata, 36, que substitui Luiz Alberto Cassol. Radicado h\u00e1 dez anos em Porto Alegre, Zapata tem diante de si o desafio de conduzir at\u00e9 o final do ano um\u2026","rel":"","context":"Em &quot;Cultura-Geral&quot;","block_context":{"text":"Cultura-Geral","link":"https:\/\/www.jornalja.com.br\/arquivo\/category\/materiasecundaria\/"},"img":{"alt_text":"","src":"","width":0,"height":0},"classes":[]},{"id":13128,"url":"https:\/\/www.jornalja.com.br\/arquivo\/maconha-terra-diz-que-uso-medicinal-e-desculpa\/","url_meta":{"origin":40763,"position":1},"title":"Maconha: Terra diz que uso medicinal \u00e9 desculpa","author":"Patr\u00edcia Marini","date":"4 de junho de 2014","format":false,"excerpt":"A condi\u00e7\u00e3o de pol\u00edtico, em \u00e9poca de campanha de campanha eleitoral, tira for\u00e7a do discurso do m\u00e9dico Osmar Terra contra a legaliza\u00e7\u00e3o da maconha. A tese dele de que a libera\u00e7\u00e3o vai ampliar exponencialmente o consumo \u00e9 discutivel, o consumo \u00e9 corrente. Mas seus alertas quanto aos riscos tem que\u2026","rel":"","context":"Em &quot;X.Categorias velhas&quot;","block_context":{"text":"X.Categorias velhas","link":"https:\/\/www.jornalja.com.br\/arquivo\/category\/x-categorias-velhas\/"},"img":{"alt_text":"","src":"","width":0,"height":0},"classes":[]},{"id":13109,"url":"https:\/\/www.jornalja.com.br\/arquivo\/judiciario-reconhece-poluicao-eletromagnetica\/","url_meta":{"origin":40763,"position":2},"title":"Judici\u00e1rio reconhece polui\u00e7\u00e3o eletromagn\u00e9tica","author":"Patr\u00edcia Marini","date":"16 de maio de 2014","format":false,"excerpt":"A\u00e7\u00e3o de duas associa\u00e7\u00f5es de moradores foi acolhida pelo Tribunal de Justi\u00e7a de S\u00e3o Paulo que. em decis\u00e3o in\u00e9dita, determinou a redu\u00e7\u00e3o do campo eletromagn\u00e9tico gerado pelas linhas de transmiss\u00e3o de energia que cortam os bairros City Boa\u00e7ava e Alto de Pinheiros. \u00c9 a primeira vez que um tribunal do\u2026","rel":"","context":"Em &quot;X.Categorias velhas&quot;","block_context":{"text":"X.Categorias velhas","link":"https:\/\/www.jornalja.com.br\/arquivo\/category\/x-categorias-velhas\/"},"img":{"alt_text":"","src":"","width":0,"height":0},"classes":[]},{"id":13239,"url":"https:\/\/www.jornalja.com.br\/arquivo\/conselho-desdenha-do-plano-diretor\/","url_meta":{"origin":40763,"position":3},"title":"Porto Alegre: Conselho detona Plano Diretor","author":"Patr\u00edcia Marini","date":"25 de maio de 2014","format":false,"excerpt":"Den\u00fancia do arquiteto e \u00a0urbanista Ibir\u00e1 Santos Lucas. Ele diz que os conselheiros est\u00e3o votando com \"enorme irresponsabilidade\". \"Mudam regime com a maior naturalidade,,,regularizam absurdos de constru\u00e7\u00f5es irregulares... \"O CMDUA est\u00e1 flexibilizando a lei do plano diretor, de uma forma impactante na vida da cidade. Mudam regime com a maior\u2026","rel":"","context":"Em &quot;Geral&quot;","block_context":{"text":"Geral","link":"https:\/\/www.jornalja.com.br\/arquivo\/category\/geral\/"},"img":{"alt_text":"","src":"","width":0,"height":0},"classes":[]},{"id":13240,"url":"https:\/\/www.jornalja.com.br\/arquivo\/plano-diretor-estamos-construindo-o-caos\/","url_meta":{"origin":40763,"position":4},"title":"Plano diretor: &quot;Estamos construindo o caos&quot;","author":"Patr\u00edcia Marini","date":"26 de maio de 2014","format":false,"excerpt":"Desabafo que arquiteta Eliana Castilhos, delegada da Regi\u00e3o de Planejamento 1, postou nas redes sociais \u00e9 um testemunho do ambiente que se criou no Conselho do Plano Diretor de Porto Alegre, onde a aprova\u00e7\u00e3o de grandes empreendimentos \u00e9 empurrada guela abaixo dos conselheiros. Ao CMDUA Como delegada da Regi\u00e3o de\u2026","rel":"","context":"Em &quot;Geral&quot;","block_context":{"text":"Geral","link":"https:\/\/www.jornalja.com.br\/arquivo\/category\/geral\/"},"img":{"alt_text":"","src":"","width":0,"height":0},"classes":[]},{"id":14241,"url":"https:\/\/www.jornalja.com.br\/arquivo\/o-guaiba-nas-imagens-poeticas-de-achutti\/","url_meta":{"origin":40763,"position":5},"title":"O Gua\u00edba nas imagens po\u00e9ticas de Achutti","author":"da Reda\u00e7\u00e3o","date":"18 de junho de 2014","format":false,"excerpt":"Em \u201cO Gua\u00edba por Achutti\u201d \u2013 obra financiada via Minist\u00e9rio da Cultura, produ\u00e7\u00e3o executiva de Pedro Longhi, e Fl\u00e1vio Wild como designer \u2013, o fot\u00f3grafo revela a beleza e as mazelas de um espa\u00e7o aqu\u00e1tico de \u00e1guas sempre renovadas, cheio de hist\u00f3rias e lendas como as das cidades que foram\u2026","rel":"","context":"Em &quot;Cultura-Geral&quot;","block_context":{"text":"Cultura-Geral","link":"https:\/\/www.jornalja.com.br\/arquivo\/category\/materiasecundaria\/"},"img":{"alt_text":"","src":"","width":0,"height":0},"classes":[]}],"jetpack_shortlink":"https:\/\/wp.me\/pbQjBd-aBt","jetpack_featured_media_url":"","_links":{"self":[{"href":"https:\/\/www.jornalja.com.br\/arquivo\/wp-json\/wp\/v2\/posts\/40763","targetHints":{"allow":["GET"]}}],"collection":[{"href":"https:\/\/www.jornalja.com.br\/arquivo\/wp-json\/wp\/v2\/posts"}],"about":[{"href":"https:\/\/www.jornalja.com.br\/arquivo\/wp-json\/wp\/v2\/types\/post"}],"author":[{"embeddable":true,"href":"https:\/\/www.jornalja.com.br\/arquivo\/wp-json\/wp\/v2\/users\/4"}],"replies":[{"embeddable":true,"href":"https:\/\/www.jornalja.com.br\/arquivo\/wp-json\/wp\/v2\/comments?post=40763"}],"version-history":[{"count":0,"href":"https:\/\/www.jornalja.com.br\/arquivo\/wp-json\/wp\/v2\/posts\/40763\/revisions"}],"wp:attachment":[{"href":"https:\/\/www.jornalja.com.br\/arquivo\/wp-json\/wp\/v2\/media?parent=40763"}],"wp:term":[{"taxonomy":"category","embeddable":true,"href":"https:\/\/www.jornalja.com.br\/arquivo\/wp-json\/wp\/v2\/categories?post=40763"},{"taxonomy":"post_tag","embeddable":true,"href":"https:\/\/www.jornalja.com.br\/arquivo\/wp-json\/wp\/v2\/tags?post=40763"}],"curies":[{"name":"wp","href":"https:\/\/api.w.org\/{rel}","templated":true}]}}