{"id":40805,"date":"2016-10-25T17:24:52","date_gmt":"2016-10-25T20:24:52","guid":{"rendered":"https:\/\/www.jornalja.com.br\/?p=40805"},"modified":"2016-10-25T17:24:52","modified_gmt":"2016-10-25T20:24:52","slug":"os-desafios-do-sindicalismo-na-conjuntura-atual","status":"publish","type":"post","link":"https:\/\/www.jornalja.com.br\/arquivo\/os-desafios-do-sindicalismo-na-conjuntura-atual\/","title":{"rendered":"Os desafios do sindicalismo na conjuntura atual"},"content":{"rendered":"<p><em><strong>O desafio, portanto, \u00e9 redobrado. Ou o movimento social e sindical forma gente, se comunica melhor e combina a resist\u00eancia com alternativas, ou ser apenas contra e reivindicar n\u00e3o dar\u00e1 conta de impedir os retrocessos. M\u00e3os \u00e0 obra.<\/strong><\/em><br \/>\n<span class=\"assina\">Ant\u00f4nio Augusto de Queiroz<\/span><br \/>\n<span class=\"descreve\">Jornalista, analista pol\u00edtico e diretor de Documenta\u00e7\u00e3o do Diap<\/span><br \/>\nOs movimentos sociais e sindicais t\u00eam tr\u00eas desafios pela frente, em curto e m\u00e9dio prazos: 1) promover forma\u00e7\u00e3o pol\u00edtica, 2) melhorar sua comunica\u00e7\u00e3o institucional e interpessoal, e 3) ter sempre alternativa ao que critica ou se op\u00f5e.<br \/>\nO primeiro desafio \u00e9 o de qualificar os militantes, ativistas e dirigentes para o enfrentamento da agenda do Consenso de Washington, que esteve suspensa no Brasil durante os 12 anos de governos do PT.<br \/>\nO passo inicial nessa dire\u00e7\u00e3o \u00e9 conscientizar os cidad\u00e3os-trabalhadores, mediante cursos, semin\u00e1rios e oficinas, sobre o papel de cada um dos tr\u00eas setores do sistema social: o Estado, como primeiro setor; o mercado, como segundo setor, e a sociedade, como terceiro setor.<br \/>\nAs cartilhas editadas pelo DIAP sobre \u201cNo\u00e7\u00f5es de Cidadania no Brasil\u201d, \u201cAn\u00e1lise de Conjuntura\u201d, \u201cRela\u00e7\u00f5es Institucionais e governamentais\u201d e \u201cPol\u00edticas P\u00fablicas e Ciclo Or\u00e7ament\u00e1rio\u201d d\u00e3o uma boa base para entender esses processos.<br \/>\nO segundo desafio diz respeito \u00e0 forma de comunica\u00e7\u00e3o. As for\u00e7as neoliberais desenvolveram uma tecnologia que for\u00e7a o disparo do \u201cgatilho mental\u201d dos cidad\u00e3os contra determinadas ideias, especialmente se elas conflitarem com os interesses do mercado e dos rentistas.<br \/>\nA comunica\u00e7\u00e3o pol\u00edtica no Brasil passou para a fase da p\u00f3s-verdade, em que o fato e a verdade ficam em segundo plano e s\u00e3o explorados os comportamentos e rea\u00e7\u00f5es, com o objetivo de dizer ao cidad\u00e3o \u201csobre o que pensar\u201d e n\u00e3o \u201csobre como pensar\u201d.<br \/>\nA t\u00e1tica \u00e9 simples. Criminaliza-se os defensores dessas ideias, associando-os a desvios de conduta (corrup\u00e7\u00e3o, ilegalidade, irregularidade, etc) ou a agress\u00e3o a valores (familiares, religiosos, etc) e as pessoas automaticamente deixam de analisar as ideias e passam a condenar seus autores. Isso tem sido feito com partidos e tamb\u00e9m ser\u00e1 feito com os movimentos sindical e estudantil ou qualquer outro que seja visto como de esquerda.<br \/>\nNesse particular, os movimentos sociais, em geral, e o sindical, em particular, precisam se qualificar e \u2014 sem abrir m\u00e3o um mil\u00edmetro sequer em rela\u00e7\u00e3o as suas convic\u00e7\u00f5es e vis\u00e3o pol\u00edtica e ideol\u00f3gica \u2014 focar o debate no conte\u00fado do que prop\u00f5e ou recha\u00e7a, de tal modo que as pessoas possam perceber o que de fato est\u00e1 acontecendo.<br \/>\nEvitar o esquema \u201cpetralhas\u201d versus \u201ccoxinhas\u201d \u00e9 a melhor alternativa, porque desinterdita o di\u00e1logo. Por exemplo: muitos dos que foram a favor do impeachment de Dilma s\u00e3o contr\u00e1rios \u00e0s reformas em bases neoliberais de Michel Temer. Entretanto, se insistirmos na tese de que todos s\u00e3o \u201cgolpistas\u201d, isso interdita o debate e o di\u00e1logo.<br \/>\nSe as lideran\u00e7as dos movimentos sociais n\u00e3o tiverem toler\u00e2ncia, capacidade e disposi\u00e7\u00e3o para persuadir, pelo conhecimento, pelos argumentos e fatos, mostrando os malef\u00edcios de parte dessas reformas, vai persistir a polariza\u00e7\u00e3o e muitos que s\u00e3o aliados potenciais, e poderiam cooperar nessa batalha de resist\u00eancia \u00e0 supress\u00e3o de direitos, permanecer\u00e3o imperme\u00e1veis ao di\u00e1logo.<br \/>\nO terceiro desafio consistir\u00e1 em montar equipes e assessorias para formular e propor, com a agilidade que os novos tempos exigem, alternativas \u00e0s propostas patronais e governamentais.<br \/>\nO movimento sindical, no per\u00edodo p\u00f3s-64, passou por duas fases que foram muito eficazes: a de ser contra, em plena ditadura militar, e a de reivindicar, ap\u00f3s a derrota da ditadura. E ingressou na terceira fase em que n\u00e3o basta ser contra nem reivindicar: \u00e9 preciso formular, ter alternativas.<br \/>\nEsta terceira fase, que coincide com a chegada ao Brasil da agenda neoliberal, n\u00e3o estava suficientemente clara para o movimento sindical por ocasi\u00e3o dos governos Collor e FHC, quando houve alguns importantes retrocessos, exatamente porque o movimento insistiu nas t\u00e1ticas anteriores: apenas ser contra e reivindicar.<br \/>\nA investida em bases neoliberais \u2014 que esteve suspensa no Brasil, pelo menos por parte do Poder Executivo, nos 12 anos do governo do PT \u2014 agora volta com for\u00e7a total e sob a lideran\u00e7a de um governo cuja sobreviv\u00eancia depende de sua implementa\u00e7\u00e3o.<br \/>\nO desafio, portanto, \u00e9 redobrado. Ou o movimento social e sindical forma gente, se comunica melhor e combina a resist\u00eancia com alternativas, ou ser apenas contra e reivindicar n\u00e3o dar\u00e1 conta de impedir os retrocessos. M\u00e3os \u00e0 obra.<\/p>\n","protected":false},"excerpt":{"rendered":"<p>O desafio, portanto, \u00e9 redobrado. Ou o movimento social e sindical forma gente, se comunica melhor e combina a resist\u00eancia com alternativas, ou ser apenas contra e reivindicar n\u00e3o dar\u00e1 conta de impedir os retrocessos. M\u00e3os \u00e0 obra. Ant\u00f4nio Augusto de Queiroz Jornalista, analista pol\u00edtico e diretor de Documenta\u00e7\u00e3o do Diap Os movimentos sociais e [&hellip;]<\/p>\n","protected":false},"author":4,"featured_media":0,"comment_status":"open","ping_status":"closed","sticky":false,"template":"","format":"standard","meta":{"_jetpack_newsletter_access":"","_jetpack_dont_email_post_to_subs":false,"_jetpack_newsletter_tier_id":0,"_jetpack_memberships_contains_paywalled_content":false,"_jetpack_feature_clip_id":0,"_jetpack_memberships_contains_paid_content":false,"footnotes":"","jetpack_post_was_ever_published":false},"categories":[10],"tags":[],"class_list":["post-40805","post","type-post","status-publish","format-standard","hentry","category-analiseopiniao"],"aioseo_notices":[],"aioseo_head":"\n\t\t<!-- All in One SEO 5.0.1.1 - aioseo.com -->\n\t<meta name=\"robots\" content=\"max-image-preview:large\" \/>\n\t<meta name=\"author\" content=\"da Reda\u00e7\u00e3o\"\/>\n\t<link rel=\"canonical\" href=\"https:\/\/www.jornalja.com.br\/arquivo\/os-desafios-do-sindicalismo-na-conjuntura-atual\/\" \/>\n\t<meta name=\"generator\" content=\"All in One SEO (AIOSEO) 5.0.1.1\" \/>\n\t\t<meta property=\"og:locale\" content=\"pt_BR\" \/>\n\t\t<meta property=\"og:site_name\" content=\"Arquivo | Jornal J\u00c1 | Porto Alegre\" \/>\n\t\t<meta property=\"og:type\" content=\"article\" \/>\n\t\t<meta property=\"og:title\" content=\"Os desafios do sindicalismo na conjuntura atual | Arquivo\" \/>\n\t\t<meta property=\"og:url\" content=\"https:\/\/www.jornalja.com.br\/arquivo\/os-desafios-do-sindicalismo-na-conjuntura-atual\/\" \/>\n\t\t<meta property=\"og:image\" content=\"https:\/\/www.jornalja.com.br\/economics\/wp-content\/uploads\/sites\/11\/2026\/08\/ja-folhaderosto-facebook.jpg\" \/>\n\t\t<meta property=\"og:image:secure_url\" content=\"https:\/\/www.jornalja.com.br\/economics\/wp-content\/uploads\/sites\/11\/2026\/08\/ja-folhaderosto-facebook.jpg\" \/>\n\t\t<meta property=\"article:published_time\" content=\"2016-10-25T20:24:52+00:00\" \/>\n\t\t<meta property=\"article:modified_time\" content=\"2016-10-25T20:24:52+00:00\" \/>\n\t\t<meta name=\"twitter:card\" content=\"summary\" \/>\n\t\t<meta name=\"twitter:title\" content=\"Os desafios do sindicalismo na conjuntura atual | Arquivo\" \/>\n\t\t<meta name=\"twitter:image\" content=\"https:\/\/www.jornalja.com.br\/economics\/wp-content\/uploads\/sites\/11\/2026\/08\/ja-folhaderosto-facebook.jpg\" \/>\n\t\t<script type=\"application\/ld+json\" class=\"aioseo-schema\">\n\t\t\t{\"@context\":\"https:\\\/\\\/schema.org\",\"@graph\":[{\"@type\":\"BlogPosting\",\"@id\":\"https:\\\/\\\/www.jornalja.com.br\\\/arquivo\\\/os-desafios-do-sindicalismo-na-conjuntura-atual\\\/#blogposting\",\"name\":\"Os desafios do sindicalismo na conjuntura atual | Arquivo\",\"headline\":\"Os desafios do sindicalismo na conjuntura atual\",\"author\":{\"@id\":\"https:\\\/\\\/www.jornalja.com.br\\\/arquivo\\\/author\\\/daredacao\\\/#author\"},\"publisher\":{\"@id\":\"https:\\\/\\\/www.jornalja.com.br\\\/arquivo\\\/#organization\"},\"image\":{\"@type\":\"ImageObject\",\"url\":\"https:\\\/\\\/www.jornalja.com.br\\\/wp-content\\\/uploads\\\/cards\\\/JAslogan.png\",\"@id\":\"https:\\\/\\\/www.jornalja.com.br\\\/arquivo\\\/#articleImage\"},\"datePublished\":\"2016-10-25T17:24:52-02:00\",\"dateModified\":\"2016-10-25T17:24:52-02:00\",\"inLanguage\":\"pt-BR\",\"mainEntityOfPage\":{\"@id\":\"https:\\\/\\\/www.jornalja.com.br\\\/arquivo\\\/os-desafios-do-sindicalismo-na-conjuntura-atual\\\/#webpage\"},\"isPartOf\":{\"@id\":\"https:\\\/\\\/www.jornalja.com.br\\\/arquivo\\\/os-desafios-do-sindicalismo-na-conjuntura-atual\\\/#webpage\"},\"articleSection\":\"AN\\u00c1LISE&amp;OPINI\\u00c3O\"},{\"@type\":\"BreadcrumbList\",\"@id\":\"https:\\\/\\\/www.jornalja.com.br\\\/arquivo\\\/os-desafios-do-sindicalismo-na-conjuntura-atual\\\/#breadcrumblist\",\"itemListElement\":[{\"@type\":\"ListItem\",\"@id\":\"https:\\\/\\\/www.jornalja.com.br\\\/arquivo#listItem\",\"position\":1,\"name\":\"Home\",\"item\":\"https:\\\/\\\/www.jornalja.com.br\\\/arquivo\",\"nextItem\":{\"@type\":\"ListItem\",\"@id\":\"https:\\\/\\\/www.jornalja.com.br\\\/arquivo\\\/category\\\/analiseopiniao\\\/#listItem\",\"name\":\"AN\\u00c1LISE&amp;OPINI\\u00c3O\"}},{\"@type\":\"ListItem\",\"@id\":\"https:\\\/\\\/www.jornalja.com.br\\\/arquivo\\\/category\\\/analiseopiniao\\\/#listItem\",\"position\":2,\"name\":\"AN\\u00c1LISE&amp;OPINI\\u00c3O\",\"item\":\"https:\\\/\\\/www.jornalja.com.br\\\/arquivo\\\/category\\\/analiseopiniao\\\/\",\"nextItem\":{\"@type\":\"ListItem\",\"@id\":\"https:\\\/\\\/www.jornalja.com.br\\\/arquivo\\\/os-desafios-do-sindicalismo-na-conjuntura-atual\\\/#listItem\",\"name\":\"Os desafios do sindicalismo na conjuntura atual\"},\"previousItem\":{\"@type\":\"ListItem\",\"@id\":\"https:\\\/\\\/www.jornalja.com.br\\\/arquivo#listItem\",\"name\":\"Home\"}},{\"@type\":\"ListItem\",\"@id\":\"https:\\\/\\\/www.jornalja.com.br\\\/arquivo\\\/os-desafios-do-sindicalismo-na-conjuntura-atual\\\/#listItem\",\"position\":3,\"name\":\"Os desafios do sindicalismo na conjuntura atual\",\"previousItem\":{\"@type\":\"ListItem\",\"@id\":\"https:\\\/\\\/www.jornalja.com.br\\\/arquivo\\\/category\\\/analiseopiniao\\\/#listItem\",\"name\":\"AN\\u00c1LISE&amp;OPINI\\u00c3O\"}}]},{\"@type\":\"Organization\",\"@id\":\"https:\\\/\\\/www.jornalja.com.br\\\/arquivo\\\/#organization\",\"name\":\"Jornal J\\u00c1\",\"description\":\"Jornal J\\u00c1 | Porto Alegre\",\"url\":\"https:\\\/\\\/www.jornalja.com.br\\\/arquivo\\\/\",\"telephone\":\"+555133307272\",\"logo\":{\"@type\":\"ImageObject\",\"url\":\"https:\\\/\\\/www.jornalja.com.br\\\/wp-content\\\/uploads\\\/cards\\\/JAslogan.png\",\"@id\":\"https:\\\/\\\/www.jornalja.com.br\\\/arquivo\\\/os-desafios-do-sindicalismo-na-conjuntura-atual\\\/#organizationLogo\"},\"image\":{\"@id\":\"https:\\\/\\\/www.jornalja.com.br\\\/arquivo\\\/os-desafios-do-sindicalismo-na-conjuntura-atual\\\/#organizationLogo\"}},{\"@type\":\"Person\",\"@id\":\"https:\\\/\\\/www.jornalja.com.br\\\/arquivo\\\/author\\\/daredacao\\\/#author\",\"url\":\"https:\\\/\\\/www.jornalja.com.br\\\/arquivo\\\/author\\\/daredacao\\\/\",\"name\":\"da Reda\\u00e7\\u00e3o\",\"image\":{\"@type\":\"ImageObject\",\"@id\":\"https:\\\/\\\/www.jornalja.com.br\\\/arquivo\\\/os-desafios-do-sindicalismo-na-conjuntura-atual\\\/#authorImage\",\"url\":\"https:\\\/\\\/secure.gravatar.com\\\/avatar\\\/469fd857d6605ad19919d27ed29d35a968a25f6e8fd9318356bbb7f57aae9c65?s=96&d=mm&r=g\",\"width\":96,\"height\":96,\"caption\":\"da Reda\\u00e7\\u00e3o\"}},{\"@type\":\"WebPage\",\"@id\":\"https:\\\/\\\/www.jornalja.com.br\\\/arquivo\\\/os-desafios-do-sindicalismo-na-conjuntura-atual\\\/#webpage\",\"url\":\"https:\\\/\\\/www.jornalja.com.br\\\/arquivo\\\/os-desafios-do-sindicalismo-na-conjuntura-atual\\\/\",\"name\":\"Os desafios do sindicalismo na conjuntura atual | Arquivo\",\"inLanguage\":\"pt-BR\",\"isPartOf\":{\"@id\":\"https:\\\/\\\/www.jornalja.com.br\\\/arquivo\\\/#website\"},\"breadcrumb\":{\"@id\":\"https:\\\/\\\/www.jornalja.com.br\\\/arquivo\\\/os-desafios-do-sindicalismo-na-conjuntura-atual\\\/#breadcrumblist\"},\"author\":{\"@id\":\"https:\\\/\\\/www.jornalja.com.br\\\/arquivo\\\/author\\\/daredacao\\\/#author\"},\"creator\":{\"@id\":\"https:\\\/\\\/www.jornalja.com.br\\\/arquivo\\\/author\\\/daredacao\\\/#author\"},\"datePublished\":\"2016-10-25T17:24:52-02:00\",\"dateModified\":\"2016-10-25T17:24:52-02:00\"},{\"@type\":\"WebSite\",\"@id\":\"https:\\\/\\\/www.jornalja.com.br\\\/arquivo\\\/#website\",\"url\":\"https:\\\/\\\/www.jornalja.com.br\\\/arquivo\\\/\",\"name\":\"Arquivo\",\"description\":\"Jornal J\\u00c1 | Porto Alegre\",\"inLanguage\":\"pt-BR\",\"publisher\":{\"@id\":\"https:\\\/\\\/www.jornalja.com.br\\\/arquivo\\\/#organization\"}}]}\n\t\t<\/script>\n\t\t<!-- All in One SEO -->\n\n","aioseo_head_json":{"title":"Os desafios do sindicalismo na conjuntura atual | Arquivo","description":"","canonical_url":"https:\/\/www.jornalja.com.br\/arquivo\/os-desafios-do-sindicalismo-na-conjuntura-atual\/","robots":"max-image-preview:large","keywords":"","webmasterTools":{"miscellaneous":""},"schema":{"@context":"https:\/\/schema.org","@graph":[{"@type":"BlogPosting","@id":"https:\/\/www.jornalja.com.br\/arquivo\/os-desafios-do-sindicalismo-na-conjuntura-atual\/#blogposting","name":"Os desafios do sindicalismo na conjuntura atual | Arquivo","headline":"Os desafios do sindicalismo na conjuntura atual","author":{"@id":"https:\/\/www.jornalja.com.br\/arquivo\/author\/daredacao\/#author"},"publisher":{"@id":"https:\/\/www.jornalja.com.br\/arquivo\/#organization"},"image":{"@type":"ImageObject","url":"https:\/\/www.jornalja.com.br\/wp-content\/uploads\/cards\/JAslogan.png","@id":"https:\/\/www.jornalja.com.br\/arquivo\/#articleImage"},"datePublished":"2016-10-25T17:24:52-02:00","dateModified":"2016-10-25T17:24:52-02:00","inLanguage":"pt-BR","mainEntityOfPage":{"@id":"https:\/\/www.jornalja.com.br\/arquivo\/os-desafios-do-sindicalismo-na-conjuntura-atual\/#webpage"},"isPartOf":{"@id":"https:\/\/www.jornalja.com.br\/arquivo\/os-desafios-do-sindicalismo-na-conjuntura-atual\/#webpage"},"articleSection":"AN\u00c1LISE&amp;OPINI\u00c3O"},{"@type":"BreadcrumbList","@id":"https:\/\/www.jornalja.com.br\/arquivo\/os-desafios-do-sindicalismo-na-conjuntura-atual\/#breadcrumblist","itemListElement":[{"@type":"ListItem","@id":"https:\/\/www.jornalja.com.br\/arquivo#listItem","position":1,"name":"Home","item":"https:\/\/www.jornalja.com.br\/arquivo","nextItem":{"@type":"ListItem","@id":"https:\/\/www.jornalja.com.br\/arquivo\/category\/analiseopiniao\/#listItem","name":"AN\u00c1LISE&amp;OPINI\u00c3O"}},{"@type":"ListItem","@id":"https:\/\/www.jornalja.com.br\/arquivo\/category\/analiseopiniao\/#listItem","position":2,"name":"AN\u00c1LISE&amp;OPINI\u00c3O","item":"https:\/\/www.jornalja.com.br\/arquivo\/category\/analiseopiniao\/","nextItem":{"@type":"ListItem","@id":"https:\/\/www.jornalja.com.br\/arquivo\/os-desafios-do-sindicalismo-na-conjuntura-atual\/#listItem","name":"Os desafios do sindicalismo na conjuntura atual"},"previousItem":{"@type":"ListItem","@id":"https:\/\/www.jornalja.com.br\/arquivo#listItem","name":"Home"}},{"@type":"ListItem","@id":"https:\/\/www.jornalja.com.br\/arquivo\/os-desafios-do-sindicalismo-na-conjuntura-atual\/#listItem","position":3,"name":"Os desafios do sindicalismo na conjuntura atual","previousItem":{"@type":"ListItem","@id":"https:\/\/www.jornalja.com.br\/arquivo\/category\/analiseopiniao\/#listItem","name":"AN\u00c1LISE&amp;OPINI\u00c3O"}}]},{"@type":"Organization","@id":"https:\/\/www.jornalja.com.br\/arquivo\/#organization","name":"Jornal J\u00c1","description":"Jornal J\u00c1 | Porto Alegre","url":"https:\/\/www.jornalja.com.br\/arquivo\/","telephone":"+555133307272","logo":{"@type":"ImageObject","url":"https:\/\/www.jornalja.com.br\/wp-content\/uploads\/cards\/JAslogan.png","@id":"https:\/\/www.jornalja.com.br\/arquivo\/os-desafios-do-sindicalismo-na-conjuntura-atual\/#organizationLogo"},"image":{"@id":"https:\/\/www.jornalja.com.br\/arquivo\/os-desafios-do-sindicalismo-na-conjuntura-atual\/#organizationLogo"}},{"@type":"Person","@id":"https:\/\/www.jornalja.com.br\/arquivo\/author\/daredacao\/#author","url":"https:\/\/www.jornalja.com.br\/arquivo\/author\/daredacao\/","name":"da Reda\u00e7\u00e3o","image":{"@type":"ImageObject","@id":"https:\/\/www.jornalja.com.br\/arquivo\/os-desafios-do-sindicalismo-na-conjuntura-atual\/#authorImage","url":"https:\/\/secure.gravatar.com\/avatar\/469fd857d6605ad19919d27ed29d35a968a25f6e8fd9318356bbb7f57aae9c65?s=96&d=mm&r=g","width":96,"height":96,"caption":"da Reda\u00e7\u00e3o"}},{"@type":"WebPage","@id":"https:\/\/www.jornalja.com.br\/arquivo\/os-desafios-do-sindicalismo-na-conjuntura-atual\/#webpage","url":"https:\/\/www.jornalja.com.br\/arquivo\/os-desafios-do-sindicalismo-na-conjuntura-atual\/","name":"Os desafios do sindicalismo na conjuntura atual | Arquivo","inLanguage":"pt-BR","isPartOf":{"@id":"https:\/\/www.jornalja.com.br\/arquivo\/#website"},"breadcrumb":{"@id":"https:\/\/www.jornalja.com.br\/arquivo\/os-desafios-do-sindicalismo-na-conjuntura-atual\/#breadcrumblist"},"author":{"@id":"https:\/\/www.jornalja.com.br\/arquivo\/author\/daredacao\/#author"},"creator":{"@id":"https:\/\/www.jornalja.com.br\/arquivo\/author\/daredacao\/#author"},"datePublished":"2016-10-25T17:24:52-02:00","dateModified":"2016-10-25T17:24:52-02:00"},{"@type":"WebSite","@id":"https:\/\/www.jornalja.com.br\/arquivo\/#website","url":"https:\/\/www.jornalja.com.br\/arquivo\/","name":"Arquivo","description":"Jornal J\u00c1 | Porto Alegre","inLanguage":"pt-BR","publisher":{"@id":"https:\/\/www.jornalja.com.br\/arquivo\/#organization"}}]},"og:locale":"pt_BR","og:site_name":"Arquivo | Jornal J\u00c1 | Porto Alegre","og:type":"article","og:title":"Os desafios do sindicalismo na conjuntura atual | Arquivo","og:url":"https:\/\/www.jornalja.com.br\/arquivo\/os-desafios-do-sindicalismo-na-conjuntura-atual\/","og:image":"https:\/\/www.jornalja.com.br\/economics\/wp-content\/uploads\/sites\/11\/2026\/08\/ja-folhaderosto-facebook.jpg","og:image:secure_url":"https:\/\/www.jornalja.com.br\/economics\/wp-content\/uploads\/sites\/11\/2026\/08\/ja-folhaderosto-facebook.jpg","article:published_time":"2016-10-25T20:24:52+00:00","article:modified_time":"2016-10-25T20:24:52+00:00","twitter:card":"summary","twitter:title":"Os desafios do sindicalismo na conjuntura atual | Arquivo","twitter:image":"https:\/\/www.jornalja.com.br\/economics\/wp-content\/uploads\/sites\/11\/2026\/08\/ja-folhaderosto-facebook.jpg"},"aioseo_meta_data":{"post_id":"40805","title":null,"description":null,"keywords":null,"keyphrases":null,"primary_term":null,"canonical_url":null,"og_title":null,"og_description":null,"og_object_type":"default","og_image_type":"default","og_image_url":null,"og_image_width":null,"og_image_height":null,"og_image_custom_url":null,"og_image_custom_fields":null,"og_video":null,"og_custom_url":null,"og_article_section":null,"og_article_tags":null,"twitter_use_og":false,"twitter_card":"default","twitter_image_type":"default","twitter_image_url":null,"twitter_image_custom_url":null,"twitter_image_custom_fields":null,"twitter_title":null,"twitter_description":null,"schema":{"blockGraphs":[],"customGraphs":[],"default":{"data":{"Article":[],"Course":[],"Dataset":[],"FAQPage":[],"Movie":[],"Person":[],"Product":[],"ProductReview":[],"Car":[],"Recipe":[],"Service":[],"SoftwareApplication":[],"WebPage":[]},"graphName":"","isEnabled":true},"graphs":[],"defaultGraph":"","defaultPostTypeGraph":""},"schema_type":null,"schema_type_options":null,"pillar_content":false,"robots_default":true,"robots_noindex":false,"robots_noarchive":false,"robots_nosnippet":false,"robots_nofollow":false,"robots_noimageindex":false,"robots_noodp":false,"robots_notranslate":false,"robots_max_snippet":null,"robots_max_videopreview":null,"robots_max_imagepreview":"large","priority":null,"frequency":null,"location":null,"local_seo":null,"breadcrumb_settings":null,"limit_modified_date":false,"ai":null,"created":"2020-12-20 20:45:49","updated":"2025-07-19 17:48:29","seo_analyzer_scan_date":null,"focus_keyword":null,"additional_keywords":null,"truseo_locale":null},"jetpack_sharing_enabled":true,"jetpack-related-posts":[{"id":13124,"url":"https:\/\/www.jornalja.com.br\/arquivo\/sangue-latino-no-iecine\/","url_meta":{"origin":40805,"position":0},"title":"Sangue latino no IECINE","author":"da Reda\u00e7\u00e3o","date":"18 de maio de 2014","format":false,"excerpt":"Francisco Ribeiro O Instituto Estadual de Cinema (IECINE) tem a frente, desde abril \u00faltimo, um novo diretor, o cineasta colombiano Juan Zapata, 36, que substitui Luiz Alberto Cassol. Radicado h\u00e1 dez anos em Porto Alegre, Zapata tem diante de si o desafio de conduzir at\u00e9 o final do ano um\u2026","rel":"","context":"Em &quot;Cultura-Geral&quot;","block_context":{"text":"Cultura-Geral","link":"https:\/\/www.jornalja.com.br\/arquivo\/category\/materiasecundaria\/"},"img":{"alt_text":"","src":"","width":0,"height":0},"classes":[]},{"id":14241,"url":"https:\/\/www.jornalja.com.br\/arquivo\/o-guaiba-nas-imagens-poeticas-de-achutti\/","url_meta":{"origin":40805,"position":1},"title":"O Gua\u00edba nas imagens po\u00e9ticas de Achutti","author":"da Reda\u00e7\u00e3o","date":"18 de junho de 2014","format":false,"excerpt":"Em \u201cO Gua\u00edba por Achutti\u201d \u2013 obra financiada via Minist\u00e9rio da Cultura, produ\u00e7\u00e3o executiva de Pedro Longhi, e Fl\u00e1vio Wild como designer \u2013, o fot\u00f3grafo revela a beleza e as mazelas de um espa\u00e7o aqu\u00e1tico de \u00e1guas sempre renovadas, cheio de hist\u00f3rias e lendas como as das cidades que foram\u2026","rel":"","context":"Em &quot;Cultura-Geral&quot;","block_context":{"text":"Cultura-Geral","link":"https:\/\/www.jornalja.com.br\/arquivo\/category\/materiasecundaria\/"},"img":{"alt_text":"","src":"","width":0,"height":0},"classes":[]},{"id":13101,"url":"https:\/\/www.jornalja.com.br\/arquivo\/morre-um-guerreiro-do-texto\/","url_meta":{"origin":40805,"position":2},"title":"Morre um guerreiro do texto","author":"Patr\u00edcia Marini","date":"14 de maio de 2014","format":false,"excerpt":"Por Ricardo Kotscho Reproduzido do blog do autor, 11\/5\/2014; t\u00edtulo original \u201cE l\u00e1 se foi o nosso Myltainho, guerreiro do texto\u201d. Mi\u00fado e franzino, meu amigo Myltainho era um valente e inconformado guerreiro na luta contra as injusti\u00e7as sociais, a hipocrisia, as maracutaias, o autoritarismo, a intoler\u00e2ncia, a viol\u00eancia, o\u2026","rel":"","context":"Em &quot;Geral&quot;","block_context":{"text":"Geral","link":"https:\/\/www.jornalja.com.br\/arquivo\/category\/geral\/"},"img":{"alt_text":"","src":"","width":0,"height":0},"classes":[]},{"id":5440,"url":"https:\/\/www.jornalja.com.br\/arquivo\/casarao-da-venancio-destino-permanece-incerto\/","url_meta":{"origin":40805,"position":3},"title":"Estado ainda n\u00e3o sabe o que fazer com casar\u00e3o abandonado h\u00e1 20 anos","author":"Elmar Bones","date":"6 de julho de 2009","format":false,"excerpt":"O casar\u00e3o amarelo, numa esquina nobre de Porto Alegre (Ven\u00e2ncio Aires com Jo\u00e3o Pessoa), j\u00e1 abrigou uma escola. H\u00e1 duas d\u00e9cadas, pelo menos, est\u00e1 abandonado, porque seu propriet\u00e1rio, o governo do Estado do Rio Grande do Sul, n\u00e3o consegue achar um destino para ele. Planos n\u00e3o faltaram. O governador Ol\u00edvio\u2026","rel":"","context":"Em &quot;X.Categorias velhas&quot;","block_context":{"text":"X.Categorias velhas","link":"https:\/\/www.jornalja.com.br\/arquivo\/category\/x-categorias-velhas\/"},"img":{"alt_text":"geraldo1","src":"https:\/\/i0.wp.com\/www.jornalja.com.br\/wp-content\/uploads\/2009\/07\/geraldo1.jpg?resize=350%2C200&ssl=1","width":350,"height":200},"classes":[]},{"id":13128,"url":"https:\/\/www.jornalja.com.br\/arquivo\/maconha-terra-diz-que-uso-medicinal-e-desculpa\/","url_meta":{"origin":40805,"position":4},"title":"Maconha: Terra diz que uso medicinal \u00e9 desculpa","author":"Patr\u00edcia Marini","date":"4 de junho de 2014","format":false,"excerpt":"A condi\u00e7\u00e3o de pol\u00edtico, em \u00e9poca de campanha de campanha eleitoral, tira for\u00e7a do discurso do m\u00e9dico Osmar Terra contra a legaliza\u00e7\u00e3o da maconha. A tese dele de que a libera\u00e7\u00e3o vai ampliar exponencialmente o consumo \u00e9 discutivel, o consumo \u00e9 corrente. Mas seus alertas quanto aos riscos tem que\u2026","rel":"","context":"Em &quot;X.Categorias velhas&quot;","block_context":{"text":"X.Categorias velhas","link":"https:\/\/www.jornalja.com.br\/arquivo\/category\/x-categorias-velhas\/"},"img":{"alt_text":"","src":"","width":0,"height":0},"classes":[]},{"id":13240,"url":"https:\/\/www.jornalja.com.br\/arquivo\/plano-diretor-estamos-construindo-o-caos\/","url_meta":{"origin":40805,"position":5},"title":"Plano diretor: &quot;Estamos construindo o caos&quot;","author":"Patr\u00edcia Marini","date":"26 de maio de 2014","format":false,"excerpt":"Desabafo que arquiteta Eliana Castilhos, delegada da Regi\u00e3o de Planejamento 1, postou nas redes sociais \u00e9 um testemunho do ambiente que se criou no Conselho do Plano Diretor de Porto Alegre, onde a aprova\u00e7\u00e3o de grandes empreendimentos \u00e9 empurrada guela abaixo dos conselheiros. Ao CMDUA Como delegada da Regi\u00e3o de\u2026","rel":"","context":"Em &quot;Geral&quot;","block_context":{"text":"Geral","link":"https:\/\/www.jornalja.com.br\/arquivo\/category\/geral\/"},"img":{"alt_text":"","src":"","width":0,"height":0},"classes":[]}],"jetpack_shortlink":"https:\/\/wp.me\/pbQjBd-aC9","jetpack_featured_media_url":"","_links":{"self":[{"href":"https:\/\/www.jornalja.com.br\/arquivo\/wp-json\/wp\/v2\/posts\/40805","targetHints":{"allow":["GET"]}}],"collection":[{"href":"https:\/\/www.jornalja.com.br\/arquivo\/wp-json\/wp\/v2\/posts"}],"about":[{"href":"https:\/\/www.jornalja.com.br\/arquivo\/wp-json\/wp\/v2\/types\/post"}],"author":[{"embeddable":true,"href":"https:\/\/www.jornalja.com.br\/arquivo\/wp-json\/wp\/v2\/users\/4"}],"replies":[{"embeddable":true,"href":"https:\/\/www.jornalja.com.br\/arquivo\/wp-json\/wp\/v2\/comments?post=40805"}],"version-history":[{"count":0,"href":"https:\/\/www.jornalja.com.br\/arquivo\/wp-json\/wp\/v2\/posts\/40805\/revisions"}],"wp:attachment":[{"href":"https:\/\/www.jornalja.com.br\/arquivo\/wp-json\/wp\/v2\/media?parent=40805"}],"wp:term":[{"taxonomy":"category","embeddable":true,"href":"https:\/\/www.jornalja.com.br\/arquivo\/wp-json\/wp\/v2\/categories?post=40805"},{"taxonomy":"post_tag","embeddable":true,"href":"https:\/\/www.jornalja.com.br\/arquivo\/wp-json\/wp\/v2\/tags?post=40805"}],"curies":[{"name":"wp","href":"https:\/\/api.w.org\/{rel}","templated":true}]}}