{"id":40809,"date":"2016-10-25T19:41:15","date_gmt":"2016-10-25T22:41:15","guid":{"rendered":"https:\/\/www.jornalja.com.br\/?p=40809"},"modified":"2016-10-25T19:41:15","modified_gmt":"2016-10-25T22:41:15","slug":"retrospectiva-de-60-anos-da-arte-de-zoravia-bettiol-no-margs","status":"publish","type":"post","link":"https:\/\/www.jornalja.com.br\/arquivo\/retrospectiva-de-60-anos-da-arte-de-zoravia-bettiol-no-margs\/","title":{"rendered":"Retrospectiva de 60 anos da arte de Zoravia Bettiol no Margs"},"content":{"rendered":"<p><strong>O l\u00edrico e o on\u00edrico da obra de Zoravia Bettiol<\/strong>\u00a0 est\u00e1 no Museu de Arte do Rio Grande do Sul (Margs). \u00c9 um\u00a0acontecimento raro no cen\u00e1rio das artes pl\u00e1sticas do Brasil.\u00a0E uma oportunidade para os ga\u00fachos homenagearem em vida, com a forma mais correta &#8211; uma grande exposi\u00e7\u00e3o &#8211; sua artista mais representativa.<br \/>\nAbertura ao p\u00fablico a partir desta quarta-feira (26), a exposi\u00e7\u00e3o\u00a0tem curadoria dos historiadores e cr\u00edticos de arte Paula Ramos e Paulo Gomes. Eles trabalharam com obras efeitas ao longo de seis d\u00e9cadas, e deram \u00e0 mostra o nome de \u201cZoravia Bettiol- o l\u00edrico e o on\u00edrico\u201d para assinalar os 80 anos de vida da artista e 60 de profiss\u00e3o. Os curadores definem a empreitada como \u201cum exerc\u00edcio de s\u00edntese de sua numerosa e prol\u00edfica produ\u00e7\u00e3o\u201d.<br \/>\n<figure id=\"attachment_40816\" aria-describedby=\"caption-attachment-40816\" style=\"width: 227px\" class=\"wp-caption alignleft\"><img loading=\"lazy\" decoding=\"async\" class=\" wp-image-40816\" src=\"https:\/\/www.jornalja.com.br\/wp-content\/uploads\/2016\/10\/Zoravia-Bettiol_1-Trabalhar_s\u00e9rie_Sentar_Sentir_Ser_2005_2016-196x300.jpg\" alt=\"zoravia-bettiol_1-trabalhar_serie_sentar_sentir_ser_2005_2016\" width=\"227\" height=\"342\" \/><figcaption id=\"caption-attachment-40816\" class=\"wp-caption-text\">Trabalhar, da s\u00e9rie Sentar sentir ser, entre 2005 e 2016<\/figcaption><\/figure><br \/>\nA exposi\u00e7\u00e3o \u00e9 composta por desenhos, pinturas, gravuras, arte t\u00eaxtil, objetos, ornatos e joias, al\u00e9m de registros de performances. Entre os destaques, a s\u00e9rie <em>Sentar, sentir, ser, <\/em>iniciada em 2005 e conclu\u00edda em 2016. Surgida a partir da reflex\u00e3o do grande tempo que as pessoas permanecem sentadas, diariamente, a s\u00e9rie exibe a pr\u00f3pria artista em poses e situa\u00e7\u00f5es engra\u00e7adas, realizando distintas a\u00e7\u00f5es que podem ser feitas enquanto se est\u00e1, justamente, sentado, tais como: comer, legislar, celebrar, fofocar, magicar etc. Solta no espa\u00e7o, em meio \u00e0 representa\u00e7\u00e3o de elementos e adere\u00e7os que identificam as atividades empreendidas, a artista desponta em composi\u00e7\u00f5es de cores c\u00edtricas e ridentes, que articulam fotografia, desenho, pintura e colagem.<br \/>\nOutro destaque est\u00e1 no conjunto completo de xilogravuras para a lenda <em>A salamanca do Jarau, <\/em>publicada por Sim\u00f5es Lopes Neto (1856\u20131916) em seu livro <em>Lendas do Sul <\/em>(1913)<em>.<\/em> Zoravia ilustrou o texto no final dos anos 1950, produzindo 27 imagens que ser\u00e3o expostas pela primeira vez em sua totalidade, acompanhadas por v\u00e1rios estudos preparat\u00f3rios.<br \/>\n<strong>Trajet\u00f3ria da artista<\/strong><br \/>\nZoravia Bettiol (Porto Alegre, RS, 1935) iniciou sua trajet\u00f3ria no campo das artes visuais em 1952, quando ingressou no Instituto de Belas Artes (IBA), atual Instituto de Artes da UFRGS. Esse \u00e9 o marco da carreira de uma artista que transita por diversos g\u00eaneros e suportes: pintura (sua \u00eanfase acad\u00eamica), gravura, desenho, arte t\u00eaxtil, cria\u00e7\u00e3o de joias e de objetos, design de superf\u00edcie, performances e instala\u00e7\u00f5es. Com obras em acervos de alguns dos mais importantes museus de arte do mundo, Zoravia j\u00e1 realizou 136 exposi\u00e7\u00f5es individuais, tendo apresentado o seu trabalho em pelo menos 21 pa\u00edses.<br \/>\n<figure id=\"attachment_40818\" aria-describedby=\"caption-attachment-40818\" style=\"width: 219px\" class=\"wp-caption alignright\"><img loading=\"lazy\" decoding=\"async\" class=\"size-medium wp-image-40818\" src=\"https:\/\/www.jornalja.com.br\/wp-content\/uploads\/2016\/10\/Zoravia-Bettiol-4_No-grande-jardim_s\u00e9rie-Namorados_xilogravura_1965-219x300.jpg\" alt=\"No grande-jardim, xilogravura da s\u00e9rie Namorados (1965)\" width=\"219\" height=\"300\" \/><figcaption id=\"caption-attachment-40818\" class=\"wp-caption-text\">No grande jardim, xilogravura da s\u00e9rie Namorados (1965)<\/figcaption><\/figure><br \/>\nEm 1956, ela come\u00e7ou o seu percurso na gravura, quando passou a frequentar o ateli\u00ea do escultor e gravador Vasco Prado (Uruguaiana, RS, 1914 \u2013 Porto Alegre, RS, 1998), com quem dividiu grande parte da sua vida art\u00edstica e afetiva. Casou-se com Vasco em 1959, construindo com ele uma fam\u00edlia que originou tr\u00eas filhos, em uma rela\u00e7\u00e3o que perdurou por 24 anos. Administrou a carreira de ambos. Sua produ\u00e7\u00e3o em gravura e, em especial, em xilogravura, valeu-lhe diversos pr\u00eamios e o reconhecimento nacional e internacional.<br \/>\n<strong>Linguagem de uma gera\u00e7\u00e3o<\/strong><br \/>\nNo final dos anos 1960, encantada com as possibilidades da arte t\u00eaxtil, lan\u00e7ou-se a essa t\u00e9cnica, instaurando uma linguagem que pautaria a produ\u00e7\u00e3o de toda uma gera\u00e7\u00e3o. O t\u00eaxtil, por sua vez, a conduziria \u00e0s joias e essas aos <em>headdresses<\/em>, costumes e performances. Apesar da pluralidade, h\u00e1 uma inconteste unidade, manifestada nos temas e nas linguagens, bem como no aspecto narrativo de suas obras.<br \/>\nAo lado de suas pesquisas formais e de sua intensa produ\u00e7\u00e3o art\u00edstica, imposs\u00edvel esquecer o ativismo. Os interesses ecol\u00f3gicos, sociais e a cren\u00e7a em um mundo mais justo e fraterno movem-na incansavelmente. Revelar toda essa energia, esse modo de ser, pensar e criar est\u00e1 na base conceitual da exposi\u00e7\u00e3o, <em>Zoravia Bettiol \u2013 o l\u00edrico e o on\u00edrico. <\/em><br \/>\n<figure id=\"attachment_40819\" aria-describedby=\"caption-attachment-40819\" style=\"width: 250px\" class=\"wp-caption alignleft\"><img loading=\"lazy\" decoding=\"async\" class=\" wp-image-40819\" src=\"https:\/\/www.jornalja.com.br\/wp-content\/uploads\/2016\/10\/Zoravia-Bettiol-2_Voc\u00ea-acredita-na-mulher-serrada_s\u00e9rie-Circo_xilogravura_1967-276x300.jpg\" alt=\"Estandarte de Ox\u00f3ssi (1988)\" width=\"250\" height=\"271\" \/><figcaption id=\"caption-attachment-40819\" class=\"wp-caption-text\">Estandarte de Ox\u00f3ssi (1988)<\/figcaption><\/figure><br \/>\n<strong>Servi\u00e7o<\/strong><br \/>\nExposi\u00e7\u00e3o ZORAVIA BETTIOL \u2013 O l\u00edrico e o on\u00edrico<br \/>\nCuradoria de Paula Ramos e Paulo Gomes<br \/>\nVisita\u00e7\u00e3o de 26 de outubro a 11 de dezembro de 2016<br \/>\nTer\u00e7a a domingo, das 10h \u00e0s 19h<br \/>\nMARGS Ado Malagoli \u00a0<a href=\"http:\/\/www.margs.rs.gov.br\/\">www.margs.rs.gov.br<\/a><br \/>\nPra\u00e7a da Alf\u00e2ndega, Porto Alegre\/RS<br \/>\n&nbsp;<\/p>\n","protected":false},"excerpt":{"rendered":"<p>O l\u00edrico e o on\u00edrico da obra de Zoravia Bettiol\u00a0 est\u00e1 no Museu de Arte do Rio Grande do Sul (Margs). \u00c9 um\u00a0acontecimento raro no cen\u00e1rio das artes pl\u00e1sticas do Brasil.\u00a0E uma oportunidade para os ga\u00fachos homenagearem em vida, com a forma mais correta &#8211; uma grande exposi\u00e7\u00e3o &#8211; sua artista mais representativa. Abertura ao [&hellip;]<\/p>\n","protected":false},"author":4,"featured_media":40817,"comment_status":"open","ping_status":"closed","sticky":false,"template":"","format":"standard","meta":{"_jetpack_newsletter_access":"","_jetpack_dont_email_post_to_subs":false,"_jetpack_newsletter_tier_id":0,"_jetpack_memberships_contains_paywalled_content":false,"_jetpack_feature_clip_id":0,"_jetpack_memberships_contains_paid_content":false,"footnotes":"","jetpack_post_was_ever_published":false},"categories":[11],"tags":[],"class_list":["post-40809","post","type-post","status-publish","format-standard","has-post-thumbnail","hentry","category-materiasecundaria"],"aioseo_notices":[],"aioseo_head":"\n\t\t<!-- All in One SEO 5.0.1.1 - aioseo.com -->\n\t<meta name=\"robots\" content=\"max-image-preview:large\" \/>\n\t<meta name=\"author\" content=\"da Reda\u00e7\u00e3o\"\/>\n\t<link rel=\"canonical\" href=\"https:\/\/www.jornalja.com.br\/arquivo\/retrospectiva-de-60-anos-da-arte-de-zoravia-bettiol-no-margs\/\" \/>\n\t<meta name=\"generator\" content=\"All in One SEO (AIOSEO) 5.0.1.1\" \/>\n\t\t<meta property=\"og:locale\" content=\"pt_BR\" \/>\n\t\t<meta property=\"og:site_name\" content=\"Arquivo | Jornal J\u00c1 | Porto Alegre\" \/>\n\t\t<meta property=\"og:type\" content=\"article\" \/>\n\t\t<meta property=\"og:title\" content=\"Retrospectiva de 60 anos da arte de Zoravia Bettiol no Margs | Arquivo\" \/>\n\t\t<meta property=\"og:url\" content=\"https:\/\/www.jornalja.com.br\/arquivo\/retrospectiva-de-60-anos-da-arte-de-zoravia-bettiol-no-margs\/\" \/>\n\t\t<meta property=\"og:image\" content=\"https:\/\/www.jornalja.com.br\/wp-content\/uploads\/2016\/10\/Zoravia-Bettiol_1-Trabalhar_s\u00e9rie_Sentar_Sentir_Ser_2005_2016-196x300.jpg\" \/>\n\t\t<meta property=\"og:image:secure_url\" content=\"https:\/\/www.jornalja.com.br\/wp-content\/uploads\/2016\/10\/Zoravia-Bettiol_1-Trabalhar_s\u00e9rie_Sentar_Sentir_Ser_2005_2016-196x300.jpg\" \/>\n\t\t<meta property=\"article:published_time\" content=\"2016-10-25T22:41:15+00:00\" \/>\n\t\t<meta property=\"article:modified_time\" content=\"2016-10-25T22:41:15+00:00\" \/>\n\t\t<meta name=\"twitter:card\" content=\"summary\" \/>\n\t\t<meta name=\"twitter:title\" content=\"Retrospectiva de 60 anos da arte de Zoravia Bettiol no Margs | Arquivo\" \/>\n\t\t<meta name=\"twitter:image\" content=\"https:\/\/www.jornalja.com.br\/economics\/wp-content\/uploads\/sites\/11\/2026\/08\/ja-folhaderosto-facebook.jpg\" \/>\n\t\t<script type=\"application\/ld+json\" class=\"aioseo-schema\">\n\t\t\t{\"@context\":\"https:\\\/\\\/schema.org\",\"@graph\":[{\"@type\":\"BlogPosting\",\"@id\":\"https:\\\/\\\/www.jornalja.com.br\\\/arquivo\\\/retrospectiva-de-60-anos-da-arte-de-zoravia-bettiol-no-margs\\\/#blogposting\",\"name\":\"Retrospectiva de 60 anos da arte de Zoravia Bettiol no Margs | Arquivo\",\"headline\":\"Retrospectiva de 60 anos da arte de Zoravia Bettiol no Margs\",\"author\":{\"@id\":\"https:\\\/\\\/www.jornalja.com.br\\\/arquivo\\\/author\\\/daredacao\\\/#author\"},\"publisher\":{\"@id\":\"https:\\\/\\\/www.jornalja.com.br\\\/arquivo\\\/#organization\"},\"image\":{\"@type\":\"ImageObject\",\"url\":40817},\"datePublished\":\"2016-10-25T19:41:15-02:00\",\"dateModified\":\"2016-10-25T19:41:15-02:00\",\"inLanguage\":\"pt-BR\",\"mainEntityOfPage\":{\"@id\":\"https:\\\/\\\/www.jornalja.com.br\\\/arquivo\\\/retrospectiva-de-60-anos-da-arte-de-zoravia-bettiol-no-margs\\\/#webpage\"},\"isPartOf\":{\"@id\":\"https:\\\/\\\/www.jornalja.com.br\\\/arquivo\\\/retrospectiva-de-60-anos-da-arte-de-zoravia-bettiol-no-margs\\\/#webpage\"},\"articleSection\":\"Cultura-Geral\"},{\"@type\":\"BreadcrumbList\",\"@id\":\"https:\\\/\\\/www.jornalja.com.br\\\/arquivo\\\/retrospectiva-de-60-anos-da-arte-de-zoravia-bettiol-no-margs\\\/#breadcrumblist\",\"itemListElement\":[{\"@type\":\"ListItem\",\"@id\":\"https:\\\/\\\/www.jornalja.com.br\\\/arquivo#listItem\",\"position\":1,\"name\":\"Home\",\"item\":\"https:\\\/\\\/www.jornalja.com.br\\\/arquivo\",\"nextItem\":{\"@type\":\"ListItem\",\"@id\":\"https:\\\/\\\/www.jornalja.com.br\\\/arquivo\\\/category\\\/materiasecundaria\\\/#listItem\",\"name\":\"Cultura-Geral\"}},{\"@type\":\"ListItem\",\"@id\":\"https:\\\/\\\/www.jornalja.com.br\\\/arquivo\\\/category\\\/materiasecundaria\\\/#listItem\",\"position\":2,\"name\":\"Cultura-Geral\",\"item\":\"https:\\\/\\\/www.jornalja.com.br\\\/arquivo\\\/category\\\/materiasecundaria\\\/\",\"nextItem\":{\"@type\":\"ListItem\",\"@id\":\"https:\\\/\\\/www.jornalja.com.br\\\/arquivo\\\/retrospectiva-de-60-anos-da-arte-de-zoravia-bettiol-no-margs\\\/#listItem\",\"name\":\"Retrospectiva de 60 anos da arte de Zoravia Bettiol no Margs\"},\"previousItem\":{\"@type\":\"ListItem\",\"@id\":\"https:\\\/\\\/www.jornalja.com.br\\\/arquivo#listItem\",\"name\":\"Home\"}},{\"@type\":\"ListItem\",\"@id\":\"https:\\\/\\\/www.jornalja.com.br\\\/arquivo\\\/retrospectiva-de-60-anos-da-arte-de-zoravia-bettiol-no-margs\\\/#listItem\",\"position\":3,\"name\":\"Retrospectiva de 60 anos da arte de Zoravia Bettiol no Margs\",\"previousItem\":{\"@type\":\"ListItem\",\"@id\":\"https:\\\/\\\/www.jornalja.com.br\\\/arquivo\\\/category\\\/materiasecundaria\\\/#listItem\",\"name\":\"Cultura-Geral\"}}]},{\"@type\":\"Organization\",\"@id\":\"https:\\\/\\\/www.jornalja.com.br\\\/arquivo\\\/#organization\",\"name\":\"Jornal J\\u00c1\",\"description\":\"Jornal J\\u00c1 | Porto Alegre\",\"url\":\"https:\\\/\\\/www.jornalja.com.br\\\/arquivo\\\/\",\"telephone\":\"+555133307272\",\"logo\":{\"@type\":\"ImageObject\",\"url\":\"https:\\\/\\\/www.jornalja.com.br\\\/wp-content\\\/uploads\\\/cards\\\/JAslogan.png\",\"@id\":\"https:\\\/\\\/www.jornalja.com.br\\\/arquivo\\\/retrospectiva-de-60-anos-da-arte-de-zoravia-bettiol-no-margs\\\/#organizationLogo\"},\"image\":{\"@id\":\"https:\\\/\\\/www.jornalja.com.br\\\/arquivo\\\/retrospectiva-de-60-anos-da-arte-de-zoravia-bettiol-no-margs\\\/#organizationLogo\"}},{\"@type\":\"Person\",\"@id\":\"https:\\\/\\\/www.jornalja.com.br\\\/arquivo\\\/author\\\/daredacao\\\/#author\",\"url\":\"https:\\\/\\\/www.jornalja.com.br\\\/arquivo\\\/author\\\/daredacao\\\/\",\"name\":\"da Reda\\u00e7\\u00e3o\",\"image\":{\"@type\":\"ImageObject\",\"@id\":\"https:\\\/\\\/www.jornalja.com.br\\\/arquivo\\\/retrospectiva-de-60-anos-da-arte-de-zoravia-bettiol-no-margs\\\/#authorImage\",\"url\":\"https:\\\/\\\/secure.gravatar.com\\\/avatar\\\/469fd857d6605ad19919d27ed29d35a968a25f6e8fd9318356bbb7f57aae9c65?s=96&d=mm&r=g\",\"width\":96,\"height\":96,\"caption\":\"da Reda\\u00e7\\u00e3o\"}},{\"@type\":\"WebPage\",\"@id\":\"https:\\\/\\\/www.jornalja.com.br\\\/arquivo\\\/retrospectiva-de-60-anos-da-arte-de-zoravia-bettiol-no-margs\\\/#webpage\",\"url\":\"https:\\\/\\\/www.jornalja.com.br\\\/arquivo\\\/retrospectiva-de-60-anos-da-arte-de-zoravia-bettiol-no-margs\\\/\",\"name\":\"Retrospectiva de 60 anos da arte de Zoravia Bettiol no Margs | Arquivo\",\"inLanguage\":\"pt-BR\",\"isPartOf\":{\"@id\":\"https:\\\/\\\/www.jornalja.com.br\\\/arquivo\\\/#website\"},\"breadcrumb\":{\"@id\":\"https:\\\/\\\/www.jornalja.com.br\\\/arquivo\\\/retrospectiva-de-60-anos-da-arte-de-zoravia-bettiol-no-margs\\\/#breadcrumblist\"},\"author\":{\"@id\":\"https:\\\/\\\/www.jornalja.com.br\\\/arquivo\\\/author\\\/daredacao\\\/#author\"},\"creator\":{\"@id\":\"https:\\\/\\\/www.jornalja.com.br\\\/arquivo\\\/author\\\/daredacao\\\/#author\"},\"image\":{\"@type\":\"ImageObject\",\"url\":40817,\"@id\":\"https:\\\/\\\/www.jornalja.com.br\\\/arquivo\\\/retrospectiva-de-60-anos-da-arte-de-zoravia-bettiol-no-margs\\\/#mainImage\"},\"primaryImageOfPage\":{\"@id\":\"https:\\\/\\\/www.jornalja.com.br\\\/arquivo\\\/retrospectiva-de-60-anos-da-arte-de-zoravia-bettiol-no-margs\\\/#mainImage\"},\"datePublished\":\"2016-10-25T19:41:15-02:00\",\"dateModified\":\"2016-10-25T19:41:15-02:00\"},{\"@type\":\"WebSite\",\"@id\":\"https:\\\/\\\/www.jornalja.com.br\\\/arquivo\\\/#website\",\"url\":\"https:\\\/\\\/www.jornalja.com.br\\\/arquivo\\\/\",\"name\":\"Arquivo\",\"description\":\"Jornal J\\u00c1 | Porto Alegre\",\"inLanguage\":\"pt-BR\",\"publisher\":{\"@id\":\"https:\\\/\\\/www.jornalja.com.br\\\/arquivo\\\/#organization\"}}]}\n\t\t<\/script>\n\t\t<!-- All in One SEO -->\n\n","aioseo_head_json":{"title":"Retrospectiva de 60 anos da arte de Zoravia Bettiol no Margs | Arquivo","description":"","canonical_url":"https:\/\/www.jornalja.com.br\/arquivo\/retrospectiva-de-60-anos-da-arte-de-zoravia-bettiol-no-margs\/","robots":"max-image-preview:large","keywords":"","webmasterTools":{"miscellaneous":""},"schema":{"@context":"https:\/\/schema.org","@graph":[{"@type":"BlogPosting","@id":"https:\/\/www.jornalja.com.br\/arquivo\/retrospectiva-de-60-anos-da-arte-de-zoravia-bettiol-no-margs\/#blogposting","name":"Retrospectiva de 60 anos da arte de Zoravia Bettiol no Margs | Arquivo","headline":"Retrospectiva de 60 anos da arte de Zoravia Bettiol no Margs","author":{"@id":"https:\/\/www.jornalja.com.br\/arquivo\/author\/daredacao\/#author"},"publisher":{"@id":"https:\/\/www.jornalja.com.br\/arquivo\/#organization"},"image":{"@type":"ImageObject","url":40817},"datePublished":"2016-10-25T19:41:15-02:00","dateModified":"2016-10-25T19:41:15-02:00","inLanguage":"pt-BR","mainEntityOfPage":{"@id":"https:\/\/www.jornalja.com.br\/arquivo\/retrospectiva-de-60-anos-da-arte-de-zoravia-bettiol-no-margs\/#webpage"},"isPartOf":{"@id":"https:\/\/www.jornalja.com.br\/arquivo\/retrospectiva-de-60-anos-da-arte-de-zoravia-bettiol-no-margs\/#webpage"},"articleSection":"Cultura-Geral"},{"@type":"BreadcrumbList","@id":"https:\/\/www.jornalja.com.br\/arquivo\/retrospectiva-de-60-anos-da-arte-de-zoravia-bettiol-no-margs\/#breadcrumblist","itemListElement":[{"@type":"ListItem","@id":"https:\/\/www.jornalja.com.br\/arquivo#listItem","position":1,"name":"Home","item":"https:\/\/www.jornalja.com.br\/arquivo","nextItem":{"@type":"ListItem","@id":"https:\/\/www.jornalja.com.br\/arquivo\/category\/materiasecundaria\/#listItem","name":"Cultura-Geral"}},{"@type":"ListItem","@id":"https:\/\/www.jornalja.com.br\/arquivo\/category\/materiasecundaria\/#listItem","position":2,"name":"Cultura-Geral","item":"https:\/\/www.jornalja.com.br\/arquivo\/category\/materiasecundaria\/","nextItem":{"@type":"ListItem","@id":"https:\/\/www.jornalja.com.br\/arquivo\/retrospectiva-de-60-anos-da-arte-de-zoravia-bettiol-no-margs\/#listItem","name":"Retrospectiva de 60 anos da arte de Zoravia Bettiol no Margs"},"previousItem":{"@type":"ListItem","@id":"https:\/\/www.jornalja.com.br\/arquivo#listItem","name":"Home"}},{"@type":"ListItem","@id":"https:\/\/www.jornalja.com.br\/arquivo\/retrospectiva-de-60-anos-da-arte-de-zoravia-bettiol-no-margs\/#listItem","position":3,"name":"Retrospectiva de 60 anos da arte de Zoravia Bettiol no Margs","previousItem":{"@type":"ListItem","@id":"https:\/\/www.jornalja.com.br\/arquivo\/category\/materiasecundaria\/#listItem","name":"Cultura-Geral"}}]},{"@type":"Organization","@id":"https:\/\/www.jornalja.com.br\/arquivo\/#organization","name":"Jornal J\u00c1","description":"Jornal J\u00c1 | Porto Alegre","url":"https:\/\/www.jornalja.com.br\/arquivo\/","telephone":"+555133307272","logo":{"@type":"ImageObject","url":"https:\/\/www.jornalja.com.br\/wp-content\/uploads\/cards\/JAslogan.png","@id":"https:\/\/www.jornalja.com.br\/arquivo\/retrospectiva-de-60-anos-da-arte-de-zoravia-bettiol-no-margs\/#organizationLogo"},"image":{"@id":"https:\/\/www.jornalja.com.br\/arquivo\/retrospectiva-de-60-anos-da-arte-de-zoravia-bettiol-no-margs\/#organizationLogo"}},{"@type":"Person","@id":"https:\/\/www.jornalja.com.br\/arquivo\/author\/daredacao\/#author","url":"https:\/\/www.jornalja.com.br\/arquivo\/author\/daredacao\/","name":"da Reda\u00e7\u00e3o","image":{"@type":"ImageObject","@id":"https:\/\/www.jornalja.com.br\/arquivo\/retrospectiva-de-60-anos-da-arte-de-zoravia-bettiol-no-margs\/#authorImage","url":"https:\/\/secure.gravatar.com\/avatar\/469fd857d6605ad19919d27ed29d35a968a25f6e8fd9318356bbb7f57aae9c65?s=96&d=mm&r=g","width":96,"height":96,"caption":"da Reda\u00e7\u00e3o"}},{"@type":"WebPage","@id":"https:\/\/www.jornalja.com.br\/arquivo\/retrospectiva-de-60-anos-da-arte-de-zoravia-bettiol-no-margs\/#webpage","url":"https:\/\/www.jornalja.com.br\/arquivo\/retrospectiva-de-60-anos-da-arte-de-zoravia-bettiol-no-margs\/","name":"Retrospectiva de 60 anos da arte de Zoravia Bettiol no Margs | Arquivo","inLanguage":"pt-BR","isPartOf":{"@id":"https:\/\/www.jornalja.com.br\/arquivo\/#website"},"breadcrumb":{"@id":"https:\/\/www.jornalja.com.br\/arquivo\/retrospectiva-de-60-anos-da-arte-de-zoravia-bettiol-no-margs\/#breadcrumblist"},"author":{"@id":"https:\/\/www.jornalja.com.br\/arquivo\/author\/daredacao\/#author"},"creator":{"@id":"https:\/\/www.jornalja.com.br\/arquivo\/author\/daredacao\/#author"},"image":{"@type":"ImageObject","url":40817,"@id":"https:\/\/www.jornalja.com.br\/arquivo\/retrospectiva-de-60-anos-da-arte-de-zoravia-bettiol-no-margs\/#mainImage"},"primaryImageOfPage":{"@id":"https:\/\/www.jornalja.com.br\/arquivo\/retrospectiva-de-60-anos-da-arte-de-zoravia-bettiol-no-margs\/#mainImage"},"datePublished":"2016-10-25T19:41:15-02:00","dateModified":"2016-10-25T19:41:15-02:00"},{"@type":"WebSite","@id":"https:\/\/www.jornalja.com.br\/arquivo\/#website","url":"https:\/\/www.jornalja.com.br\/arquivo\/","name":"Arquivo","description":"Jornal J\u00c1 | Porto Alegre","inLanguage":"pt-BR","publisher":{"@id":"https:\/\/www.jornalja.com.br\/arquivo\/#organization"}}]},"og:locale":"pt_BR","og:site_name":"Arquivo | Jornal J\u00c1 | Porto Alegre","og:type":"article","og:title":"Retrospectiva de 60 anos da arte de Zoravia Bettiol no Margs | Arquivo","og:url":"https:\/\/www.jornalja.com.br\/arquivo\/retrospectiva-de-60-anos-da-arte-de-zoravia-bettiol-no-margs\/","og:image":"https:\/\/www.jornalja.com.br\/wp-content\/uploads\/2016\/10\/Zoravia-Bettiol_1-Trabalhar_s\u00e9rie_Sentar_Sentir_Ser_2005_2016-196x300.jpg","og:image:secure_url":"https:\/\/www.jornalja.com.br\/wp-content\/uploads\/2016\/10\/Zoravia-Bettiol_1-Trabalhar_s\u00e9rie_Sentar_Sentir_Ser_2005_2016-196x300.jpg","article:published_time":"2016-10-25T22:41:15+00:00","article:modified_time":"2016-10-25T22:41:15+00:00","twitter:card":"summary","twitter:title":"Retrospectiva de 60 anos da arte de Zoravia Bettiol no Margs | Arquivo","twitter:image":"https:\/\/www.jornalja.com.br\/economics\/wp-content\/uploads\/sites\/11\/2026\/08\/ja-folhaderosto-facebook.jpg"},"aioseo_meta_data":{"post_id":"40809","title":null,"description":null,"keywords":null,"keyphrases":null,"primary_term":null,"canonical_url":null,"og_title":null,"og_description":null,"og_object_type":"default","og_image_type":"default","og_image_url":null,"og_image_width":null,"og_image_height":null,"og_image_custom_url":null,"og_image_custom_fields":null,"og_video":null,"og_custom_url":null,"og_article_section":null,"og_article_tags":null,"twitter_use_og":false,"twitter_card":"default","twitter_image_type":"default","twitter_image_url":null,"twitter_image_custom_url":null,"twitter_image_custom_fields":null,"twitter_title":null,"twitter_description":null,"schema":{"blockGraphs":[],"customGraphs":[],"default":{"data":{"Article":[],"Course":[],"Dataset":[],"FAQPage":[],"Movie":[],"Person":[],"Product":[],"ProductReview":[],"Car":[],"Recipe":[],"Service":[],"SoftwareApplication":[],"WebPage":[]},"graphName":"","isEnabled":true},"graphs":[],"defaultGraph":"","defaultPostTypeGraph":""},"schema_type":null,"schema_type_options":null,"pillar_content":false,"robots_default":true,"robots_noindex":false,"robots_noarchive":false,"robots_nosnippet":false,"robots_nofollow":false,"robots_noimageindex":false,"robots_noodp":false,"robots_notranslate":false,"robots_max_snippet":null,"robots_max_videopreview":null,"robots_max_imagepreview":"large","priority":null,"frequency":null,"location":null,"local_seo":null,"breadcrumb_settings":null,"limit_modified_date":false,"ai":null,"created":"2020-12-20 20:45:48","updated":"2025-07-19 17:48:29","seo_analyzer_scan_date":null,"focus_keyword":null,"additional_keywords":null,"truseo_locale":null},"jetpack_sharing_enabled":true,"jetpack-related-posts":[{"id":13101,"url":"https:\/\/www.jornalja.com.br\/arquivo\/morre-um-guerreiro-do-texto\/","url_meta":{"origin":40809,"position":0},"title":"Morre um guerreiro do texto","author":"Patr\u00edcia Marini","date":"14 de maio de 2014","format":false,"excerpt":"Por Ricardo Kotscho Reproduzido do blog do autor, 11\/5\/2014; t\u00edtulo original \u201cE l\u00e1 se foi o nosso Myltainho, guerreiro do texto\u201d. Mi\u00fado e franzino, meu amigo Myltainho era um valente e inconformado guerreiro na luta contra as injusti\u00e7as sociais, a hipocrisia, as maracutaias, o autoritarismo, a intoler\u00e2ncia, a viol\u00eancia, o\u2026","rel":"","context":"Em &quot;Geral&quot;","block_context":{"text":"Geral","link":"https:\/\/www.jornalja.com.br\/arquivo\/category\/geral\/"},"img":{"alt_text":"","src":"","width":0,"height":0},"classes":[]},{"id":13109,"url":"https:\/\/www.jornalja.com.br\/arquivo\/judiciario-reconhece-poluicao-eletromagnetica\/","url_meta":{"origin":40809,"position":1},"title":"Judici\u00e1rio reconhece polui\u00e7\u00e3o eletromagn\u00e9tica","author":"Patr\u00edcia Marini","date":"16 de maio de 2014","format":false,"excerpt":"A\u00e7\u00e3o de duas associa\u00e7\u00f5es de moradores foi acolhida pelo Tribunal de Justi\u00e7a de S\u00e3o Paulo que. em decis\u00e3o in\u00e9dita, determinou a redu\u00e7\u00e3o do campo eletromagn\u00e9tico gerado pelas linhas de transmiss\u00e3o de energia que cortam os bairros City Boa\u00e7ava e Alto de Pinheiros. \u00c9 a primeira vez que um tribunal do\u2026","rel":"","context":"Em &quot;X.Categorias velhas&quot;","block_context":{"text":"X.Categorias velhas","link":"https:\/\/www.jornalja.com.br\/arquivo\/category\/x-categorias-velhas\/"},"img":{"alt_text":"","src":"","width":0,"height":0},"classes":[]},{"id":14241,"url":"https:\/\/www.jornalja.com.br\/arquivo\/o-guaiba-nas-imagens-poeticas-de-achutti\/","url_meta":{"origin":40809,"position":2},"title":"O Gua\u00edba nas imagens po\u00e9ticas de Achutti","author":"da Reda\u00e7\u00e3o","date":"18 de junho de 2014","format":false,"excerpt":"Em \u201cO Gua\u00edba por Achutti\u201d \u2013 obra financiada via Minist\u00e9rio da Cultura, produ\u00e7\u00e3o executiva de Pedro Longhi, e Fl\u00e1vio Wild como designer \u2013, o fot\u00f3grafo revela a beleza e as mazelas de um espa\u00e7o aqu\u00e1tico de \u00e1guas sempre renovadas, cheio de hist\u00f3rias e lendas como as das cidades que foram\u2026","rel":"","context":"Em &quot;Cultura-Geral&quot;","block_context":{"text":"Cultura-Geral","link":"https:\/\/www.jornalja.com.br\/arquivo\/category\/materiasecundaria\/"},"img":{"alt_text":"","src":"","width":0,"height":0},"classes":[]},{"id":13240,"url":"https:\/\/www.jornalja.com.br\/arquivo\/plano-diretor-estamos-construindo-o-caos\/","url_meta":{"origin":40809,"position":3},"title":"Plano diretor: &quot;Estamos construindo o caos&quot;","author":"Patr\u00edcia Marini","date":"26 de maio de 2014","format":false,"excerpt":"Desabafo que arquiteta Eliana Castilhos, delegada da Regi\u00e3o de Planejamento 1, postou nas redes sociais \u00e9 um testemunho do ambiente que se criou no Conselho do Plano Diretor de Porto Alegre, onde a aprova\u00e7\u00e3o de grandes empreendimentos \u00e9 empurrada guela abaixo dos conselheiros. Ao CMDUA Como delegada da Regi\u00e3o de\u2026","rel":"","context":"Em &quot;Geral&quot;","block_context":{"text":"Geral","link":"https:\/\/www.jornalja.com.br\/arquivo\/category\/geral\/"},"img":{"alt_text":"","src":"","width":0,"height":0},"classes":[]},{"id":1280,"url":"https:\/\/www.jornalja.com.br\/arquivo\/o-menino-que-se-tornou-brizola\/","url_meta":{"origin":40809,"position":4},"title":"O Menino que se Tornou Brizola","author":"da Reda\u00e7\u00e3o","date":"28 de julho de 2008","format":false,"excerpt":"Autor: Cleber Dioni A vida de Leonel Brizola, com \u00eanfase para os primeiros anos em Porto Alegre, at\u00e9 o ex\u00edlio no Uruguai e a volta, quinze anos depois. \u00a0\"...\u00c9ramos todos jovens e nos identific\u00e1vamos com aquela massa an\u00f4nima a percorrer as ruas de Porto Alegre, gritando 'Get\u00falio', 'Get\u00falio' e empunhando\u2026","rel":"","context":"Em &quot;Livros&quot;","block_context":{"text":"Livros","link":"https:\/\/www.jornalja.com.br\/arquivo\/category\/livros\/"},"img":{"alt_text":"","src":"https:\/\/i0.wp.com\/www.jornalja.com.br\/wp-content\/uploads\/2008\/07\/brizola.gif?resize=350%2C200&ssl=1","width":350,"height":200},"classes":[]},{"id":13124,"url":"https:\/\/www.jornalja.com.br\/arquivo\/sangue-latino-no-iecine\/","url_meta":{"origin":40809,"position":5},"title":"Sangue latino no IECINE","author":"da Reda\u00e7\u00e3o","date":"18 de maio de 2014","format":false,"excerpt":"Francisco Ribeiro O Instituto Estadual de Cinema (IECINE) tem a frente, desde abril \u00faltimo, um novo diretor, o cineasta colombiano Juan Zapata, 36, que substitui Luiz Alberto Cassol. Radicado h\u00e1 dez anos em Porto Alegre, Zapata tem diante de si o desafio de conduzir at\u00e9 o final do ano um\u2026","rel":"","context":"Em &quot;Cultura-Geral&quot;","block_context":{"text":"Cultura-Geral","link":"https:\/\/www.jornalja.com.br\/arquivo\/category\/materiasecundaria\/"},"img":{"alt_text":"","src":"","width":0,"height":0},"classes":[]}],"jetpack_shortlink":"https:\/\/wp.me\/pbQjBd-aCd","jetpack_featured_media_url":"","_links":{"self":[{"href":"https:\/\/www.jornalja.com.br\/arquivo\/wp-json\/wp\/v2\/posts\/40809","targetHints":{"allow":["GET"]}}],"collection":[{"href":"https:\/\/www.jornalja.com.br\/arquivo\/wp-json\/wp\/v2\/posts"}],"about":[{"href":"https:\/\/www.jornalja.com.br\/arquivo\/wp-json\/wp\/v2\/types\/post"}],"author":[{"embeddable":true,"href":"https:\/\/www.jornalja.com.br\/arquivo\/wp-json\/wp\/v2\/users\/4"}],"replies":[{"embeddable":true,"href":"https:\/\/www.jornalja.com.br\/arquivo\/wp-json\/wp\/v2\/comments?post=40809"}],"version-history":[{"count":0,"href":"https:\/\/www.jornalja.com.br\/arquivo\/wp-json\/wp\/v2\/posts\/40809\/revisions"}],"wp:attachment":[{"href":"https:\/\/www.jornalja.com.br\/arquivo\/wp-json\/wp\/v2\/media?parent=40809"}],"wp:term":[{"taxonomy":"category","embeddable":true,"href":"https:\/\/www.jornalja.com.br\/arquivo\/wp-json\/wp\/v2\/categories?post=40809"},{"taxonomy":"post_tag","embeddable":true,"href":"https:\/\/www.jornalja.com.br\/arquivo\/wp-json\/wp\/v2\/tags?post=40809"}],"curies":[{"name":"wp","href":"https:\/\/api.w.org\/{rel}","templated":true}]}}