{"id":40810,"date":"2016-10-25T18:08:27","date_gmt":"2016-10-25T21:08:27","guid":{"rendered":"https:\/\/www.jornalja.com.br\/?p=40810"},"modified":"2016-10-25T18:08:27","modified_gmt":"2016-10-25T21:08:27","slug":"o-cinismo-social","status":"publish","type":"post","link":"https:\/\/www.jornalja.com.br\/arquivo\/o-cinismo-social\/","title":{"rendered":"O cinismo social"},"content":{"rendered":"<p>Jo\u00e3o Alberto Wohlfart &#8211; Professor de filosofia<br \/>\nPouco a pouco ficam claros aos nossos olhos a abrang\u00eancia, os componentes, a estrutura e as inten\u00e7\u00f5es do golpe aplicado na Presidente Dilma Rousseff. O pano de fundo deste imenso espet\u00e1culo \u00e9 um determinado modelo de racionalidade que se construiu ao longo destes \u00faltimos s\u00e9culos e que na atualidade se tornou hegem\u00f4nico e dominador. Trata-se do calvinismo social, do subjetivismo moderno, do individualismo burgu\u00eas e da racionalidade econ\u00f4mica tecnocr\u00e1tica.<br \/>\nEstes componentes racionais se corporificam no sistema econ\u00f4mico capitalista que est\u00e1 adentrando em nova fase. Soma-se a isto uma onda global de reviravolta conservadora neoliberal, de fundamentalismos religiosos e pol\u00edticos, de espetaculariza\u00e7\u00e3o da m\u00eddia e de judicializa\u00e7\u00e3o da sociedade. Parece que se trata de uma rea\u00e7\u00e3o do capitalismo internacional diante da \u00faltima grande crise econ\u00f4mico-financeira que solapou as economias do primeiro mundo.<br \/>\nO que se v\u00ea na atualidade \u00e9 de que o primeiro mundo e o centro geogr\u00e1fico do capitalismo mundial esgotaram as suas reservas naturais, minerais, aqu\u00e1ticas e energ\u00e9ticas. Soma-se a isto a soberania internacional e a condi\u00e7\u00e3o de ator internacional que o Brasil construiu ao longo dos governos de Lula e de Dilma que assustou as na\u00e7\u00f5es hegem\u00f4nicas do planeta, especialmente os Estados Unidos.<br \/>\nEstamos assistindo a uma nova f\u00faria dominadora e conquistadora do capitalismo internacional. Trata-se de uma esp\u00e9cie de neocolonialismo, de neocapitalismo, de neoimperialismo no qual o territ\u00f3rio brasileiro est\u00e1 no epicentro deste movimento geopol\u00edtico global. Este movimento capitalista consiste simplesmente no roubo e no assalto das nossas riquezas naturais, como sabidamente o s\u00e3o o Pr\u00e9-sal, o Aqu\u00edfero Guarani, as \u00e1guas da Amaz\u00f4nia, os solos agr\u00edcolas, os recursos energ\u00e9ticos etc.<br \/>\nEsta onda dominadora e conquistadora tem as suas representa\u00e7\u00f5es internas. H\u00e1 for\u00e7as pol\u00edticas e religiosas poderosas que favorecem a entrega de presente do pa\u00eds a esta f\u00faria capitalista norte-americana, tais como o congresso nacional, o judici\u00e1rio, os meios de comunica\u00e7\u00e3o social, os partidos de direita, as religi\u00f5es neopentecostais, as alas conservadoras e fundamentalistas da Igreja Cat\u00f3lica, o grande empresariado etc.<br \/>\nO golpe branco foi comprado por grandes corpora\u00e7\u00f5es econ\u00f4micas e por pa\u00edses do primeiro mundo. Esta \u00e9 a raz\u00e3o pela qual a grande farsa nos \u00e9 dogmaticamente passada como verdade absoluta. O que assusta neste golpe que avan\u00e7a de forma avassaladora e galopante \u00e9 de que a sua ideologia penetrou na interioridade da estrutura social. O imagin\u00e1rio social est\u00e1 possu\u00eddo e radicalmente dominado por esta mentalidade. O interesse capitalista avassalador penetra nas rela\u00e7\u00f5es sociais de forma sutil e impercept\u00edvel, por um lado, e de forma extremamente violenta e dominadora, por outro. Na absoluta intensidade e totalidade, o que as pessoas pensam e falam entre si \u00e9 o reflexo subjetivo da ideologia dominante. As conversas interpessoais representam uma esp\u00e9cie de vulgariza\u00e7\u00e3o dos fundamentos filos\u00f3ficos da racionalidade vigente e uma legitima\u00e7\u00e3o do interesse dominante. Parece que o povo est\u00e1 agradecendo a Deus por uma d\u00e1diva divina salvadora.<br \/>\nO cinismo social \u00e9 uma das ramifica\u00e7\u00f5es do golpe. Ele \u00e9 necess\u00e1rio para dar legitimidade a todas as a\u00e7\u00f5es porque o povo precisa ficar anestesiado diante delas. O cinismo social se expressa em alguns jarg\u00f5es que se universalizaram e se dogmatizaram, o que revela a extrema superficialidade da opini\u00e3o p\u00fablica. Sabemos muito bem o que se fala contra Lula e contra o PT \u00e9 a express\u00e3o da mentalidade antipetista induzida massivamente pelos meios de comunica\u00e7\u00e3o na mentalidade popular.<br \/>\n\u00c9 muito comum que as pessoas falem contra a corrup\u00e7\u00e3o. O povo em geral quer ver estirpada a corrup\u00e7\u00e3o em nosso pa\u00eds. Mas esta postura \u00e9 uma reprodu\u00e7\u00e3o do discurso da televis\u00e3o como o principal meio de informa\u00e7\u00e3o das massas. Como a opini\u00e3o p\u00fablica apresenta aspectos contradit\u00f3rios, os discursos contra a corrup\u00e7\u00e3o a refor\u00e7am e a absolutizam. O discurso contra a corrup\u00e7\u00e3o legitima os grandes assaltos capitalistas \u00e0 na\u00e7\u00e3o brasileira e ao povo brasileiro. Neste movimento contradit\u00f3rio, o povo condena o que a televis\u00e3o mostra como corrup\u00e7\u00e3o, e nisto legitima uma estrutura de corrup\u00e7\u00e3o infinitamente maior e mais complexa.<br \/>\nEste fen\u00f4meno contradit\u00f3rio pode ser mostrado com exemplos concretos. As intensas manifesta\u00e7\u00f5es de 2013 seguiram com a elei\u00e7\u00e3o do congresso nacional mais corrupto e mais conservador no ano seguinte. Nas elei\u00e7\u00f5es municipais recentemente consolidadas foram eleitos traficantes de drogas, empres\u00e1rios com representativos patrim\u00f4nios, defensores de regimes mon\u00e1rquicos etc. Venceu a nega\u00e7\u00e3o da pol\u00edtica, o que significa dizer que seremos comandados por empres\u00e1rios, por marqueteiros da comunica\u00e7\u00e3o e por um poder econ\u00f4mico invis\u00edvel. A pretens\u00e3o dos ga\u00fachos de formar uma rep\u00fablica rio-grandense \u00e9 uma das express\u00f5es c\u00ednicas de orgulho e autossufici\u00eancia.<br \/>\nO cinismo social tem outro componente fundamental. Como express\u00e3o do liberalismo burgu\u00eas, vemos hoje uma burguesia dominante que atribui a si mesma o m\u00e9rito, a perfei\u00e7\u00e3o, a condi\u00e7\u00e3o de sujeito social, os donos das riquezas, do territ\u00f3rio, das terras e do trabalho. Isto lhes d\u00e1 o direito de odiar as classes exclu\u00eddas, como os negros, os \u00edndios, as mulheres, os nordestinos, os trabalhadores e os que integram outras op\u00e7\u00f5es sexuais. Estes seres humanos absolutos e perfeitos, que nasceram isentos do pecado original, com a salva\u00e7\u00e3o eterna assegurada, com uma santidade impl\u00edcita que n\u00e3o precisa do reconhecimento do Vaticano, s\u00e3o os eternos escolhidos e predestinados por Deus para gozar de sua beatitude. S\u00e3o eternos e absolutos santos na terra e nos c\u00e9us. S\u00e3o os \u00fanicos n\u00e3o manchados pelo pecado, muito mais santos que os m\u00e1rtires e as virgens.<br \/>\nEsta santidade tem um paradoxo. Estes mesmos santos produziram e difundiram o \u00f3dio social atualmente infiltrado em toda a estrutura social. Este \u00f3dio social est\u00e1 dissolvendo e acabando com o povo. As a\u00e7\u00f5es do governo golpista de congelar os gastos em sa\u00fade e educa\u00e7\u00e3o, de reduzir os sal\u00e1rios e arrochar a previd\u00eancia, de entregar as riquezas ao dem\u00f4nio, representam um massacre contra o povo brasileiro.<br \/>\nEntre o territ\u00f3rio brasileiro e os seus ecossistemas naturais, a na\u00e7\u00e3o brasileira e o povo, por um lado, e o sistema capitalista e o governo golpista, por outro, h\u00e1 uma cortina de fuma\u00e7a que impede o conhecimento da realidade e estende sobre o pa\u00eds uma absoluta cegueira epistemol\u00f3gica. Ela \u00e9 produzida pelos meios de comunica\u00e7\u00e3o social que imbecilizam e mediocrizam a popula\u00e7\u00e3o pela difus\u00e3o do \u00f3dio contra Lula e o PT. Os meios de comunica\u00e7\u00e3o falsificam tudo ao dizer uma coisa, quando a realidade \u00e9 completamente outra. O que duplica a cortina de fuma\u00e7a, a absoluta cegueira e anestesia social, s\u00e3o as religi\u00f5es neopentecostais e as tradicionais, inclusive a Cat\u00f3lica.<br \/>\nDiante do desdobramento do golpe, \u00e9 preciso questionar o papel da religi\u00e3o durante a hist\u00f3ria e na atualidade. A religi\u00e3o legitimou o patriarcalismo e o escravagismo ao invocar as b\u00ean\u00e7\u00e3os divinas sobre esta estrutura social. Batizou as castas sociais brancas e duvidou da dignidade da filia\u00e7\u00e3o divina aos negros e \u00edndios. As m\u00faltiplas a\u00e7\u00f5es de transforma\u00e7\u00e3o hist\u00f3rica e social foram objeto de persegui\u00e7\u00e3o de todos os lados, nomeadamente pelo papado romano, pela elite capitalista, pelas alas conservadoras do catolicismo brasileiro etc. O nome comum \u00e0s a\u00e7\u00f5es hist\u00f3ricas libertadoras \u00e9 conhecido muito bem na express\u00e3o \u201cpadres comunistas\u201d.<br \/>\nO povo est\u00e1 cego. N\u00e3o h\u00e1 mobiliza\u00e7\u00f5es sociais diante de um conjunto de assaltos que se desenham aos nossos olhos. Na atualidade, ou se organizam intensas manifesta\u00e7\u00f5es, ou ser\u00e1 tarde para sempre. Depois que o pa\u00eds estiver entregue ao bandido, depois de vendermos a alma ao diabo, o povo ser\u00e1 corro\u00eddo at\u00e9 os ossos. N\u00e3o teremos mais m\u00ednimas condi\u00e7\u00f5es de conv\u00edvio social, nem condi\u00e7\u00f5es econ\u00f4micas m\u00ednimas de sobreviv\u00eancia. Enquanto isto, o povo \u00e9 c\u00ednico, debocha ironicamente contra o seu pr\u00f3prio destino, e a fala contra Lula e o PT resulta na aliena\u00e7\u00e3o social e na cegueira epistemol\u00f3gica que legitima o atual est\u00e1gio de expropria\u00e7\u00e3o capitalista.<br \/>\nDiante deste cen\u00e1rio, as esquerdas est\u00e3o esfaceladas e desorganizadas. No momento, n\u00e3o sobra mais nenhuma for\u00e7a de organiza\u00e7\u00e3o e transforma\u00e7\u00e3o social. Na mesma dire\u00e7\u00e3o, o povo brasileiro est\u00e1 petrificado, envolvido numa n\u00e9voa ideol\u00f3gica de domina\u00e7\u00e3o capitalista, sem racionalidade e base pol\u00edtica de a\u00e7\u00e3o coletiva. Enquanto isto, a suprema for\u00e7a de organiza\u00e7\u00e3o capitalista \u00e9 sustentada por for\u00e7as geopol\u00edticas internacionais, pelo supremo tribunal federal e judici\u00e1rio, pelo congresso nacional e minist\u00e9rio p\u00fablico, pela grande m\u00eddia e pela cegueira epistemol\u00f3gica do povo. De onde vir\u00e3o as for\u00e7as de rea\u00e7\u00e3o?<br \/>\nhttp:\/\/youtu.be\/bjMzASRWFP0<\/p>\n","protected":false},"excerpt":{"rendered":"<p>Jo\u00e3o Alberto Wohlfart &#8211; Professor de filosofia Pouco a pouco ficam claros aos nossos olhos a abrang\u00eancia, os componentes, a estrutura e as inten\u00e7\u00f5es do golpe aplicado na Presidente Dilma Rousseff. O pano de fundo deste imenso espet\u00e1culo \u00e9 um determinado modelo de racionalidade que se construiu ao longo destes \u00faltimos s\u00e9culos e que na [&hellip;]<\/p>\n","protected":false},"author":4,"featured_media":40812,"comment_status":"open","ping_status":"closed","sticky":false,"template":"","format":"standard","meta":{"_jetpack_newsletter_access":"","_jetpack_dont_email_post_to_subs":false,"_jetpack_newsletter_tier_id":0,"_jetpack_memberships_contains_paywalled_content":false,"_jetpack_feature_clip_id":0,"_jetpack_memberships_contains_paid_content":false,"footnotes":"","jetpack_post_was_ever_published":false},"categories":[2011,2012],"tags":[],"class_list":["post-40810","post","type-post","status-publish","format-standard","has-post-thumbnail","hentry","category-destaque","category-debates"],"aioseo_notices":[],"aioseo_head":"\n\t\t<!-- All in One SEO 5.0.1.1 - aioseo.com -->\n\t<meta name=\"robots\" content=\"max-image-preview:large\" \/>\n\t<meta name=\"author\" content=\"da Reda\u00e7\u00e3o\"\/>\n\t<link rel=\"canonical\" href=\"https:\/\/www.jornalja.com.br\/arquivo\/o-cinismo-social\/\" \/>\n\t<meta name=\"generator\" content=\"All in One SEO (AIOSEO) 5.0.1.1\" \/>\n\t\t<meta property=\"og:locale\" content=\"pt_BR\" \/>\n\t\t<meta property=\"og:site_name\" content=\"Arquivo | Jornal J\u00c1 | Porto Alegre\" \/>\n\t\t<meta property=\"og:type\" content=\"article\" \/>\n\t\t<meta property=\"og:title\" content=\"O cinismo social | Arquivo\" \/>\n\t\t<meta property=\"og:url\" content=\"https:\/\/www.jornalja.com.br\/arquivo\/o-cinismo-social\/\" \/>\n\t\t<meta property=\"og:image\" content=\"https:\/\/www.jornalja.com.br\/economics\/wp-content\/uploads\/sites\/11\/2026\/08\/ja-folhaderosto-facebook.jpg\" \/>\n\t\t<meta property=\"og:image:secure_url\" content=\"https:\/\/www.jornalja.com.br\/economics\/wp-content\/uploads\/sites\/11\/2026\/08\/ja-folhaderosto-facebook.jpg\" \/>\n\t\t<meta property=\"article:published_time\" content=\"2016-10-25T21:08:27+00:00\" \/>\n\t\t<meta property=\"article:modified_time\" content=\"2016-10-25T21:08:27+00:00\" \/>\n\t\t<meta name=\"twitter:card\" content=\"summary\" \/>\n\t\t<meta name=\"twitter:title\" content=\"O cinismo social | Arquivo\" \/>\n\t\t<meta name=\"twitter:image\" content=\"https:\/\/www.jornalja.com.br\/economics\/wp-content\/uploads\/sites\/11\/2026\/08\/ja-folhaderosto-facebook.jpg\" \/>\n\t\t<script type=\"application\/ld+json\" class=\"aioseo-schema\">\n\t\t\t{\"@context\":\"https:\\\/\\\/schema.org\",\"@graph\":[{\"@type\":\"BlogPosting\",\"@id\":\"https:\\\/\\\/www.jornalja.com.br\\\/arquivo\\\/o-cinismo-social\\\/#blogposting\",\"name\":\"O cinismo social | Arquivo\",\"headline\":\"O cinismo social\",\"author\":{\"@id\":\"https:\\\/\\\/www.jornalja.com.br\\\/arquivo\\\/author\\\/daredacao\\\/#author\"},\"publisher\":{\"@id\":\"https:\\\/\\\/www.jornalja.com.br\\\/arquivo\\\/#organization\"},\"image\":{\"@type\":\"ImageObject\",\"url\":40812},\"datePublished\":\"2016-10-25T18:08:27-02:00\",\"dateModified\":\"2016-10-25T18:08:27-02:00\",\"inLanguage\":\"pt-BR\",\"mainEntityOfPage\":{\"@id\":\"https:\\\/\\\/www.jornalja.com.br\\\/arquivo\\\/o-cinismo-social\\\/#webpage\"},\"isPartOf\":{\"@id\":\"https:\\\/\\\/www.jornalja.com.br\\\/arquivo\\\/o-cinismo-social\\\/#webpage\"},\"articleSection\":\"CDD-artigo em destaque, HOTSITE Comit\\u00ea pela Democracia\"},{\"@type\":\"BreadcrumbList\",\"@id\":\"https:\\\/\\\/www.jornalja.com.br\\\/arquivo\\\/o-cinismo-social\\\/#breadcrumblist\",\"itemListElement\":[{\"@type\":\"ListItem\",\"@id\":\"https:\\\/\\\/www.jornalja.com.br\\\/arquivo#listItem\",\"position\":1,\"name\":\"Home\",\"item\":\"https:\\\/\\\/www.jornalja.com.br\\\/arquivo\",\"nextItem\":{\"@type\":\"ListItem\",\"@id\":\"https:\\\/\\\/www.jornalja.com.br\\\/arquivo\\\/category\\\/destaque\\\/#listItem\",\"name\":\"CDD-artigo em destaque\"}},{\"@type\":\"ListItem\",\"@id\":\"https:\\\/\\\/www.jornalja.com.br\\\/arquivo\\\/category\\\/destaque\\\/#listItem\",\"position\":2,\"name\":\"CDD-artigo em destaque\",\"item\":\"https:\\\/\\\/www.jornalja.com.br\\\/arquivo\\\/category\\\/destaque\\\/\",\"nextItem\":{\"@type\":\"ListItem\",\"@id\":\"https:\\\/\\\/www.jornalja.com.br\\\/arquivo\\\/o-cinismo-social\\\/#listItem\",\"name\":\"O cinismo social\"},\"previousItem\":{\"@type\":\"ListItem\",\"@id\":\"https:\\\/\\\/www.jornalja.com.br\\\/arquivo#listItem\",\"name\":\"Home\"}},{\"@type\":\"ListItem\",\"@id\":\"https:\\\/\\\/www.jornalja.com.br\\\/arquivo\\\/o-cinismo-social\\\/#listItem\",\"position\":3,\"name\":\"O cinismo social\",\"previousItem\":{\"@type\":\"ListItem\",\"@id\":\"https:\\\/\\\/www.jornalja.com.br\\\/arquivo\\\/category\\\/destaque\\\/#listItem\",\"name\":\"CDD-artigo em destaque\"}}]},{\"@type\":\"Organization\",\"@id\":\"https:\\\/\\\/www.jornalja.com.br\\\/arquivo\\\/#organization\",\"name\":\"Jornal J\\u00c1\",\"description\":\"Jornal J\\u00c1 | Porto Alegre\",\"url\":\"https:\\\/\\\/www.jornalja.com.br\\\/arquivo\\\/\",\"telephone\":\"+555133307272\",\"logo\":{\"@type\":\"ImageObject\",\"url\":\"https:\\\/\\\/www.jornalja.com.br\\\/wp-content\\\/uploads\\\/cards\\\/JAslogan.png\",\"@id\":\"https:\\\/\\\/www.jornalja.com.br\\\/arquivo\\\/o-cinismo-social\\\/#organizationLogo\"},\"image\":{\"@id\":\"https:\\\/\\\/www.jornalja.com.br\\\/arquivo\\\/o-cinismo-social\\\/#organizationLogo\"}},{\"@type\":\"Person\",\"@id\":\"https:\\\/\\\/www.jornalja.com.br\\\/arquivo\\\/author\\\/daredacao\\\/#author\",\"url\":\"https:\\\/\\\/www.jornalja.com.br\\\/arquivo\\\/author\\\/daredacao\\\/\",\"name\":\"da Reda\\u00e7\\u00e3o\",\"image\":{\"@type\":\"ImageObject\",\"@id\":\"https:\\\/\\\/www.jornalja.com.br\\\/arquivo\\\/o-cinismo-social\\\/#authorImage\",\"url\":\"https:\\\/\\\/secure.gravatar.com\\\/avatar\\\/469fd857d6605ad19919d27ed29d35a968a25f6e8fd9318356bbb7f57aae9c65?s=96&d=mm&r=g\",\"width\":96,\"height\":96,\"caption\":\"da Reda\\u00e7\\u00e3o\"}},{\"@type\":\"WebPage\",\"@id\":\"https:\\\/\\\/www.jornalja.com.br\\\/arquivo\\\/o-cinismo-social\\\/#webpage\",\"url\":\"https:\\\/\\\/www.jornalja.com.br\\\/arquivo\\\/o-cinismo-social\\\/\",\"name\":\"O cinismo social | Arquivo\",\"inLanguage\":\"pt-BR\",\"isPartOf\":{\"@id\":\"https:\\\/\\\/www.jornalja.com.br\\\/arquivo\\\/#website\"},\"breadcrumb\":{\"@id\":\"https:\\\/\\\/www.jornalja.com.br\\\/arquivo\\\/o-cinismo-social\\\/#breadcrumblist\"},\"author\":{\"@id\":\"https:\\\/\\\/www.jornalja.com.br\\\/arquivo\\\/author\\\/daredacao\\\/#author\"},\"creator\":{\"@id\":\"https:\\\/\\\/www.jornalja.com.br\\\/arquivo\\\/author\\\/daredacao\\\/#author\"},\"image\":{\"@type\":\"ImageObject\",\"url\":40812,\"@id\":\"https:\\\/\\\/www.jornalja.com.br\\\/arquivo\\\/o-cinismo-social\\\/#mainImage\"},\"primaryImageOfPage\":{\"@id\":\"https:\\\/\\\/www.jornalja.com.br\\\/arquivo\\\/o-cinismo-social\\\/#mainImage\"},\"datePublished\":\"2016-10-25T18:08:27-02:00\",\"dateModified\":\"2016-10-25T18:08:27-02:00\"},{\"@type\":\"WebSite\",\"@id\":\"https:\\\/\\\/www.jornalja.com.br\\\/arquivo\\\/#website\",\"url\":\"https:\\\/\\\/www.jornalja.com.br\\\/arquivo\\\/\",\"name\":\"Arquivo\",\"description\":\"Jornal J\\u00c1 | Porto Alegre\",\"inLanguage\":\"pt-BR\",\"publisher\":{\"@id\":\"https:\\\/\\\/www.jornalja.com.br\\\/arquivo\\\/#organization\"}}]}\n\t\t<\/script>\n\t\t<!-- All in One SEO -->\n\n","aioseo_head_json":{"title":"O cinismo social | Arquivo","description":"","canonical_url":"https:\/\/www.jornalja.com.br\/arquivo\/o-cinismo-social\/","robots":"max-image-preview:large","keywords":"","webmasterTools":{"miscellaneous":""},"schema":{"@context":"https:\/\/schema.org","@graph":[{"@type":"BlogPosting","@id":"https:\/\/www.jornalja.com.br\/arquivo\/o-cinismo-social\/#blogposting","name":"O cinismo social | Arquivo","headline":"O cinismo social","author":{"@id":"https:\/\/www.jornalja.com.br\/arquivo\/author\/daredacao\/#author"},"publisher":{"@id":"https:\/\/www.jornalja.com.br\/arquivo\/#organization"},"image":{"@type":"ImageObject","url":40812},"datePublished":"2016-10-25T18:08:27-02:00","dateModified":"2016-10-25T18:08:27-02:00","inLanguage":"pt-BR","mainEntityOfPage":{"@id":"https:\/\/www.jornalja.com.br\/arquivo\/o-cinismo-social\/#webpage"},"isPartOf":{"@id":"https:\/\/www.jornalja.com.br\/arquivo\/o-cinismo-social\/#webpage"},"articleSection":"CDD-artigo em destaque, HOTSITE Comit\u00ea pela Democracia"},{"@type":"BreadcrumbList","@id":"https:\/\/www.jornalja.com.br\/arquivo\/o-cinismo-social\/#breadcrumblist","itemListElement":[{"@type":"ListItem","@id":"https:\/\/www.jornalja.com.br\/arquivo#listItem","position":1,"name":"Home","item":"https:\/\/www.jornalja.com.br\/arquivo","nextItem":{"@type":"ListItem","@id":"https:\/\/www.jornalja.com.br\/arquivo\/category\/destaque\/#listItem","name":"CDD-artigo em destaque"}},{"@type":"ListItem","@id":"https:\/\/www.jornalja.com.br\/arquivo\/category\/destaque\/#listItem","position":2,"name":"CDD-artigo em destaque","item":"https:\/\/www.jornalja.com.br\/arquivo\/category\/destaque\/","nextItem":{"@type":"ListItem","@id":"https:\/\/www.jornalja.com.br\/arquivo\/o-cinismo-social\/#listItem","name":"O cinismo social"},"previousItem":{"@type":"ListItem","@id":"https:\/\/www.jornalja.com.br\/arquivo#listItem","name":"Home"}},{"@type":"ListItem","@id":"https:\/\/www.jornalja.com.br\/arquivo\/o-cinismo-social\/#listItem","position":3,"name":"O cinismo social","previousItem":{"@type":"ListItem","@id":"https:\/\/www.jornalja.com.br\/arquivo\/category\/destaque\/#listItem","name":"CDD-artigo em destaque"}}]},{"@type":"Organization","@id":"https:\/\/www.jornalja.com.br\/arquivo\/#organization","name":"Jornal J\u00c1","description":"Jornal J\u00c1 | Porto Alegre","url":"https:\/\/www.jornalja.com.br\/arquivo\/","telephone":"+555133307272","logo":{"@type":"ImageObject","url":"https:\/\/www.jornalja.com.br\/wp-content\/uploads\/cards\/JAslogan.png","@id":"https:\/\/www.jornalja.com.br\/arquivo\/o-cinismo-social\/#organizationLogo"},"image":{"@id":"https:\/\/www.jornalja.com.br\/arquivo\/o-cinismo-social\/#organizationLogo"}},{"@type":"Person","@id":"https:\/\/www.jornalja.com.br\/arquivo\/author\/daredacao\/#author","url":"https:\/\/www.jornalja.com.br\/arquivo\/author\/daredacao\/","name":"da Reda\u00e7\u00e3o","image":{"@type":"ImageObject","@id":"https:\/\/www.jornalja.com.br\/arquivo\/o-cinismo-social\/#authorImage","url":"https:\/\/secure.gravatar.com\/avatar\/469fd857d6605ad19919d27ed29d35a968a25f6e8fd9318356bbb7f57aae9c65?s=96&d=mm&r=g","width":96,"height":96,"caption":"da Reda\u00e7\u00e3o"}},{"@type":"WebPage","@id":"https:\/\/www.jornalja.com.br\/arquivo\/o-cinismo-social\/#webpage","url":"https:\/\/www.jornalja.com.br\/arquivo\/o-cinismo-social\/","name":"O cinismo social | Arquivo","inLanguage":"pt-BR","isPartOf":{"@id":"https:\/\/www.jornalja.com.br\/arquivo\/#website"},"breadcrumb":{"@id":"https:\/\/www.jornalja.com.br\/arquivo\/o-cinismo-social\/#breadcrumblist"},"author":{"@id":"https:\/\/www.jornalja.com.br\/arquivo\/author\/daredacao\/#author"},"creator":{"@id":"https:\/\/www.jornalja.com.br\/arquivo\/author\/daredacao\/#author"},"image":{"@type":"ImageObject","url":40812,"@id":"https:\/\/www.jornalja.com.br\/arquivo\/o-cinismo-social\/#mainImage"},"primaryImageOfPage":{"@id":"https:\/\/www.jornalja.com.br\/arquivo\/o-cinismo-social\/#mainImage"},"datePublished":"2016-10-25T18:08:27-02:00","dateModified":"2016-10-25T18:08:27-02:00"},{"@type":"WebSite","@id":"https:\/\/www.jornalja.com.br\/arquivo\/#website","url":"https:\/\/www.jornalja.com.br\/arquivo\/","name":"Arquivo","description":"Jornal J\u00c1 | Porto Alegre","inLanguage":"pt-BR","publisher":{"@id":"https:\/\/www.jornalja.com.br\/arquivo\/#organization"}}]},"og:locale":"pt_BR","og:site_name":"Arquivo | Jornal J\u00c1 | Porto Alegre","og:type":"article","og:title":"O cinismo social | Arquivo","og:url":"https:\/\/www.jornalja.com.br\/arquivo\/o-cinismo-social\/","og:image":"https:\/\/www.jornalja.com.br\/economics\/wp-content\/uploads\/sites\/11\/2026\/08\/ja-folhaderosto-facebook.jpg","og:image:secure_url":"https:\/\/www.jornalja.com.br\/economics\/wp-content\/uploads\/sites\/11\/2026\/08\/ja-folhaderosto-facebook.jpg","article:published_time":"2016-10-25T21:08:27+00:00","article:modified_time":"2016-10-25T21:08:27+00:00","twitter:card":"summary","twitter:title":"O cinismo social | Arquivo","twitter:image":"https:\/\/www.jornalja.com.br\/economics\/wp-content\/uploads\/sites\/11\/2026\/08\/ja-folhaderosto-facebook.jpg"},"aioseo_meta_data":{"post_id":"40810","title":null,"description":null,"keywords":null,"keyphrases":null,"primary_term":null,"canonical_url":null,"og_title":null,"og_description":null,"og_object_type":"default","og_image_type":"default","og_image_url":null,"og_image_width":null,"og_image_height":null,"og_image_custom_url":null,"og_image_custom_fields":null,"og_video":null,"og_custom_url":null,"og_article_section":null,"og_article_tags":null,"twitter_use_og":false,"twitter_card":"default","twitter_image_type":"default","twitter_image_url":null,"twitter_image_custom_url":null,"twitter_image_custom_fields":null,"twitter_title":null,"twitter_description":null,"schema":{"blockGraphs":[],"customGraphs":[],"default":{"data":{"Article":[],"Course":[],"Dataset":[],"FAQPage":[],"Movie":[],"Person":[],"Product":[],"ProductReview":[],"Car":[],"Recipe":[],"Service":[],"SoftwareApplication":[],"WebPage":[]},"graphName":"","isEnabled":true},"graphs":[],"defaultGraph":"","defaultPostTypeGraph":""},"schema_type":null,"schema_type_options":null,"pillar_content":false,"robots_default":true,"robots_noindex":false,"robots_noarchive":false,"robots_nosnippet":false,"robots_nofollow":false,"robots_noimageindex":false,"robots_noodp":false,"robots_notranslate":false,"robots_max_snippet":null,"robots_max_videopreview":null,"robots_max_imagepreview":"large","priority":null,"frequency":null,"location":null,"local_seo":null,"breadcrumb_settings":null,"limit_modified_date":false,"ai":null,"created":"2020-12-20 20:45:48","updated":"2025-07-19 17:48:29","seo_analyzer_scan_date":null,"focus_keyword":null,"additional_keywords":null,"truseo_locale":null},"jetpack_sharing_enabled":true,"jetpack-related-posts":[{"id":13124,"url":"https:\/\/www.jornalja.com.br\/arquivo\/sangue-latino-no-iecine\/","url_meta":{"origin":40810,"position":0},"title":"Sangue latino no IECINE","author":"da Reda\u00e7\u00e3o","date":"18 de maio de 2014","format":false,"excerpt":"Francisco Ribeiro O Instituto Estadual de Cinema (IECINE) tem a frente, desde abril \u00faltimo, um novo diretor, o cineasta colombiano Juan Zapata, 36, que substitui Luiz Alberto Cassol. Radicado h\u00e1 dez anos em Porto Alegre, Zapata tem diante de si o desafio de conduzir at\u00e9 o final do ano um\u2026","rel":"","context":"Em &quot;Cultura-Geral&quot;","block_context":{"text":"Cultura-Geral","link":"https:\/\/www.jornalja.com.br\/arquivo\/category\/materiasecundaria\/"},"img":{"alt_text":"","src":"","width":0,"height":0},"classes":[]},{"id":13240,"url":"https:\/\/www.jornalja.com.br\/arquivo\/plano-diretor-estamos-construindo-o-caos\/","url_meta":{"origin":40810,"position":1},"title":"Plano diretor: &quot;Estamos construindo o caos&quot;","author":"Patr\u00edcia Marini","date":"26 de maio de 2014","format":false,"excerpt":"Desabafo que arquiteta Eliana Castilhos, delegada da Regi\u00e3o de Planejamento 1, postou nas redes sociais \u00e9 um testemunho do ambiente que se criou no Conselho do Plano Diretor de Porto Alegre, onde a aprova\u00e7\u00e3o de grandes empreendimentos \u00e9 empurrada guela abaixo dos conselheiros. Ao CMDUA Como delegada da Regi\u00e3o de\u2026","rel":"","context":"Em &quot;Geral&quot;","block_context":{"text":"Geral","link":"https:\/\/www.jornalja.com.br\/arquivo\/category\/geral\/"},"img":{"alt_text":"","src":"","width":0,"height":0},"classes":[]},{"id":13101,"url":"https:\/\/www.jornalja.com.br\/arquivo\/morre-um-guerreiro-do-texto\/","url_meta":{"origin":40810,"position":2},"title":"Morre um guerreiro do texto","author":"Patr\u00edcia Marini","date":"14 de maio de 2014","format":false,"excerpt":"Por Ricardo Kotscho Reproduzido do blog do autor, 11\/5\/2014; t\u00edtulo original \u201cE l\u00e1 se foi o nosso Myltainho, guerreiro do texto\u201d. Mi\u00fado e franzino, meu amigo Myltainho era um valente e inconformado guerreiro na luta contra as injusti\u00e7as sociais, a hipocrisia, as maracutaias, o autoritarismo, a intoler\u00e2ncia, a viol\u00eancia, o\u2026","rel":"","context":"Em &quot;Geral&quot;","block_context":{"text":"Geral","link":"https:\/\/www.jornalja.com.br\/arquivo\/category\/geral\/"},"img":{"alt_text":"","src":"","width":0,"height":0},"classes":[]},{"id":13128,"url":"https:\/\/www.jornalja.com.br\/arquivo\/maconha-terra-diz-que-uso-medicinal-e-desculpa\/","url_meta":{"origin":40810,"position":3},"title":"Maconha: Terra diz que uso medicinal \u00e9 desculpa","author":"Patr\u00edcia Marini","date":"4 de junho de 2014","format":false,"excerpt":"A condi\u00e7\u00e3o de pol\u00edtico, em \u00e9poca de campanha de campanha eleitoral, tira for\u00e7a do discurso do m\u00e9dico Osmar Terra contra a legaliza\u00e7\u00e3o da maconha. A tese dele de que a libera\u00e7\u00e3o vai ampliar exponencialmente o consumo \u00e9 discutivel, o consumo \u00e9 corrente. Mas seus alertas quanto aos riscos tem que\u2026","rel":"","context":"Em &quot;X.Categorias velhas&quot;","block_context":{"text":"X.Categorias velhas","link":"https:\/\/www.jornalja.com.br\/arquivo\/category\/x-categorias-velhas\/"},"img":{"alt_text":"","src":"","width":0,"height":0},"classes":[]},{"id":14241,"url":"https:\/\/www.jornalja.com.br\/arquivo\/o-guaiba-nas-imagens-poeticas-de-achutti\/","url_meta":{"origin":40810,"position":4},"title":"O Gua\u00edba nas imagens po\u00e9ticas de Achutti","author":"da Reda\u00e7\u00e3o","date":"18 de junho de 2014","format":false,"excerpt":"Em \u201cO Gua\u00edba por Achutti\u201d \u2013 obra financiada via Minist\u00e9rio da Cultura, produ\u00e7\u00e3o executiva de Pedro Longhi, e Fl\u00e1vio Wild como designer \u2013, o fot\u00f3grafo revela a beleza e as mazelas de um espa\u00e7o aqu\u00e1tico de \u00e1guas sempre renovadas, cheio de hist\u00f3rias e lendas como as das cidades que foram\u2026","rel":"","context":"Em &quot;Cultura-Geral&quot;","block_context":{"text":"Cultura-Geral","link":"https:\/\/www.jornalja.com.br\/arquivo\/category\/materiasecundaria\/"},"img":{"alt_text":"","src":"","width":0,"height":0},"classes":[]},{"id":5440,"url":"https:\/\/www.jornalja.com.br\/arquivo\/casarao-da-venancio-destino-permanece-incerto\/","url_meta":{"origin":40810,"position":5},"title":"Estado ainda n\u00e3o sabe o que fazer com casar\u00e3o abandonado h\u00e1 20 anos","author":"Elmar Bones","date":"6 de julho de 2009","format":false,"excerpt":"O casar\u00e3o amarelo, numa esquina nobre de Porto Alegre (Ven\u00e2ncio Aires com Jo\u00e3o Pessoa), j\u00e1 abrigou uma escola. H\u00e1 duas d\u00e9cadas, pelo menos, est\u00e1 abandonado, porque seu propriet\u00e1rio, o governo do Estado do Rio Grande do Sul, n\u00e3o consegue achar um destino para ele. Planos n\u00e3o faltaram. O governador Ol\u00edvio\u2026","rel":"","context":"Em &quot;X.Categorias velhas&quot;","block_context":{"text":"X.Categorias velhas","link":"https:\/\/www.jornalja.com.br\/arquivo\/category\/x-categorias-velhas\/"},"img":{"alt_text":"geraldo1","src":"https:\/\/i0.wp.com\/www.jornalja.com.br\/wp-content\/uploads\/2009\/07\/geraldo1.jpg?resize=350%2C200&ssl=1","width":350,"height":200},"classes":[]}],"jetpack_shortlink":"https:\/\/wp.me\/pbQjBd-aCe","jetpack_featured_media_url":"","_links":{"self":[{"href":"https:\/\/www.jornalja.com.br\/arquivo\/wp-json\/wp\/v2\/posts\/40810","targetHints":{"allow":["GET"]}}],"collection":[{"href":"https:\/\/www.jornalja.com.br\/arquivo\/wp-json\/wp\/v2\/posts"}],"about":[{"href":"https:\/\/www.jornalja.com.br\/arquivo\/wp-json\/wp\/v2\/types\/post"}],"author":[{"embeddable":true,"href":"https:\/\/www.jornalja.com.br\/arquivo\/wp-json\/wp\/v2\/users\/4"}],"replies":[{"embeddable":true,"href":"https:\/\/www.jornalja.com.br\/arquivo\/wp-json\/wp\/v2\/comments?post=40810"}],"version-history":[{"count":0,"href":"https:\/\/www.jornalja.com.br\/arquivo\/wp-json\/wp\/v2\/posts\/40810\/revisions"}],"wp:attachment":[{"href":"https:\/\/www.jornalja.com.br\/arquivo\/wp-json\/wp\/v2\/media?parent=40810"}],"wp:term":[{"taxonomy":"category","embeddable":true,"href":"https:\/\/www.jornalja.com.br\/arquivo\/wp-json\/wp\/v2\/categories?post=40810"},{"taxonomy":"post_tag","embeddable":true,"href":"https:\/\/www.jornalja.com.br\/arquivo\/wp-json\/wp\/v2\/tags?post=40810"}],"curies":[{"name":"wp","href":"https:\/\/api.w.org\/{rel}","templated":true}]}}