{"id":40866,"date":"2016-10-27T15:20:44","date_gmt":"2016-10-27T18:20:44","guid":{"rendered":"https:\/\/www.jornalja.com.br\/?p=40866"},"modified":"2016-10-27T15:20:44","modified_gmt":"2016-10-27T18:20:44","slug":"treme-o-governo-temer","status":"publish","type":"post","link":"https:\/\/www.jornalja.com.br\/arquivo\/treme-o-governo-temer\/","title":{"rendered":"Treme o governo Temer"},"content":{"rendered":"<p><span class=\"assina\">Pinheiro do Vale\u00a0<\/span><br \/>\nO governo Temer treme. Na semana que vem, um dia depois de Finados, o governo ileg\u00edtimo do PMDB poder\u00e1 ver assinada sua senten\u00e7a de morte e iniciar sua derrocada afundando-se na ingovernabilidade e acabar expulso do Pal\u00e1cio do Planalto pelo improv\u00e1vel Gilmar Mendes, presidente do Tribunal Superior Eleitoral. Quem diria?<br \/>\nO primeiro choque vir\u00e1 do julgamento da Argui\u00e7\u00e3o de Descumprimento de Preceito Fundamental (ADPF), um dispositivo que impede a pessoas acusadas na Justi\u00e7a de ocupar cargos de vice-presidente da Rep\u00fablica, presidente da C\u00e2mara dos Deputados ou do Senado Federal.<br \/>\nPor isto que o ent\u00e3o presidente da C\u00e2mara, o ent\u00e3o deputado Eduardo Cunha, foi impedido de exercer o cargo. N\u00e3o cassado nem deposto, apenas foi afastado para que o Pa\u00eds n\u00e3o corresse o risco de ser governado por uma pessoa acusada de ter cometido crimes.<br \/>\nSe bastou para Cunha, vale para Renan. Ele \u00e9 o segundo na linha de sucess\u00e3o. O STF n\u00e3o vai cassar seu mandato; apenas transfere o poder para seu vice-presidente, senador Jorge Viana, do PT do Acre, ex-governador de seu estado e emin\u00eancia da Oposi\u00e7\u00e3o. \u00c9 a\u00ed que a porca torce o rabo.<br \/>\nA se manter esta agenda, a ADPF entrar\u00e1 em plen\u00e1rio, no Supremo, dia 3 de novembro. Se Renan cair, Viana assume a Presid\u00eancia do Senado. Ent\u00e3o desaba todo o programa econ\u00f4mico de Temer, pois ficar\u00e1 na m\u00e3o do petista a tramita\u00e7\u00e3o da PEC 241. \u00c9 um tiro no cora\u00e7\u00e3o.<br \/>\nA PEC da Morte n\u00e3o \u00e9 apenas um programa de arrocho or\u00e7ament\u00e1rio. Vai al\u00e9m. No curto prazo seu valor \u00e9 demonstrativo para o Brasil e o mundo do poder real do governo ileg\u00edtimo. Veja o que a aprova\u00e7\u00e3o da PEC diz: Dilma caiu porque n\u00e3o conseguia aprovar sequer um tema por maioria simples; Temer entra, faz passar toda a agenda (dezenas de MPs e vetos) contida e ainda altera a Constitui\u00e7\u00e3o \u00e0 hora e como bem quiser.<br \/>\n\u00c9 muita for\u00e7a pol\u00edtica, diz a todos, desprezando os n\u00fameros catastr\u00f3ficos da popularidade (aprova\u00e7\u00e3o na linguagem do IBOPE) e as manifesta\u00e7\u00f5es das ruas e ocupa\u00e7\u00f5es de mais de mil escolas em todo o Pa\u00eds gritando \u201cFora Temer\u201d e &#8220;abaixo a PEC 241&#8221;.<br \/>\nA quest\u00e3o \u00e9 que sem Renan, leia-se a confraria do PMDB\/PSDB, a casa cai. Viana e a aguerrida bancada oposicionista poder\u00e3o, mesmo minorit\u00e1rios do plen\u00e1rio, retardar, embara\u00e7ar, obstaculizar e, por fim, derrubar a ratifica\u00e7\u00e3o da PEC aprovada na C\u00e2mara. A derrota da PEC \u00e9 a p\u00e1 de cal na cova do golpismo.<br \/>\nCaindo a 241, zerada \u2018 \u201creforma\u201d, vem baixo a \u201cequipecon\u00f4mica\u201d do ministro Henrique Meirelles, o fiador do governo ileg\u00edtimo junto ao sistema financeiro. D\u00f3lar nas alturas, disparada da d\u00edvida, credibilidade no ch\u00e3o. Um quadro desestabilizador irrefut\u00e1vel.<br \/>\nEntretanto, enquanto tudo isto n\u00e3o acontece, Michel Temer tem uma maioria confort\u00e1vel no Senado. Quanto poder\u00e1 fazer um presidente hostil? Esta \u00e9 a quest\u00e3o. Na C\u00e2mara a arapuca que Cunha deixou armada n\u00e3o funcionou. E no Senado? Estabelece-se o clima de horror na alian\u00e7a golpista.<br \/>\nNo Senado ser\u00e1 diferente. Na C\u00e2mara, ao montar sua chapa rebelde, Cunha olhou para o outro lado da rua na Pra\u00e7a dos Tr\u00eas Poderes e viu que perigo corria a presidente Dilma Rousseff, que tinha uma raposa \u00e0 espreita no seu galinheiro. Com as barbas de molho, escolheu para vice-presidente a figura esdruxula do histri\u00f4nico deputado Waldir Maranh\u00e3o (PP\/MA).<br \/>\nEntretanto, n\u00e3o deu certo. Nem mesmo o baixo clero engoliu Maranh\u00e3o e tomaram o poder na mesa deixando o sucessor leg\u00edtimo de fora. Golpe dentro do golpe.<br \/>\nIsto n\u00e3o se reproduz com Jorge Viana, um ex-governador reeleito e aprovado nos dois mandatos em seu estado (fez o sucessor). Na Mesa Diretora, uma figura irrepreens\u00edvel, respeitado por todas as correntes, isento quando dirige os trabalhos. Um verdadeiro estadista. N\u00e3o d\u00e1 para comparar com Maranh\u00e3o.<br \/>\nViana, contudo, estar\u00e1 em minoria, apoiado numa bancada aguerrida, mas com suas lideran\u00e7as bastante agastadas por debates r\u00edspidos com as bancadas golpistas.<br \/>\nPor outro lado, o senador acreano n\u00e3o pode ser removido simplesmente. Embora afastado, Renan Calheiros ainda ser\u00e1 o presidente, tal qual foi Cunha no seu ocaso. Viana s\u00f3 pode ser substitu\u00eddo se o titular renunciar \u00e0 Presid\u00eancia.<br \/>\nNo caso de ren\u00fancia, haveria nova elei\u00e7\u00e3o, pois cai a Mesa. Entretanto, ningu\u00e9m espera que o senador alagoano abra m\u00e3o de suas prerrogativas antes de esgotar todos recursos. Nesse cen\u00e1rio, Renan fica at\u00e9 fevereiro de 2017, quando se extingue seu mandato. Ou seja: o tempo vai correr contra o governo.<br \/>\nA verdade \u00e9 que ningu\u00e9m esperava por esta pe\u00e7a inclu\u00edda no enredo pela presidente do Supremo, ministra C\u00e1rmen L\u00facia. Esta a\u00e7\u00e3o estava l\u00e1 h\u00e1 tempos, dormindo.<br \/>\nSoterrada a PEC 241, Meirelles pede as contas, Temer treme. Sua \u201cbase\u201d ancorada na poderosa e numerosa ala fisiol\u00f3gica dos minipartidos da direita, que j\u00e1 demonstrou sua perf\u00eddia quando abandonou a base aliada do governo Dilma cooptada por tucanos e peemedebistas, \u00e9 um castelo de cartas. Os rastros da trai\u00e7\u00e3o ainda est\u00e3o bem vis\u00edveis no gramado do Pal\u00e1cio do Planalto.<br \/>\nTemer ter\u00e1 que se arrastar at\u00e9 31 de dezembro. Virado o ano, muda o processo eleitoral: na falta de um vice, a elei\u00e7\u00e3o para o Executivo ser\u00e1 indireta, no Congresso. Nenhuma for\u00e7a, nem mesmo a oposi\u00e7\u00e3o, quer ir para as ruas pedir votos agora. A direita tem medo que o rep\u00fadio ao governo seja um tiro pela culatra; a oposi\u00e7\u00e3o ainda tem o lombo doendo pela sova que levou nas elei\u00e7\u00f5es municipais. Melhor um acord\u00e3o.<br \/>\nJ\u00e1 na virada do ano, poder\u00e1 desabar sobre o presidente ileg\u00edtimo a impugna\u00e7\u00e3o da chapa vencedora em 2014. No TSE os procuradores est\u00e3o assoprando as cinzas e reacendendo as brasas. Logo-logo volta a labareda.<br \/>\nCaso Renan seja torrado, ser\u00e1 necess\u00e1rio encontrar um nome que preencha as pr\u00e9-condi\u00e7\u00f5es para uma situa\u00e7\u00e3o t\u00e3o delicada. Deve ser uma pessoa que responda a uma reputa\u00e7\u00e3o ilibada, not\u00f3rio saber, acima de todas as controv\u00e9rsias. N\u00e3o \u00e9 dif\u00edcil supor que poderiam repetir a f\u00f3rmula da 1945, quando o poder foi depositado no colo do presidente de Supremo, ministro Jos\u00e9 Linhares. Deve ser uma pessoa que se sustente n\u00e3o s\u00f3 pelas qualidades individuais, mas tamb\u00e9m respaldada pela representatividade institucional. Quem seria? Vamos ver.<\/p>\n","protected":false},"excerpt":{"rendered":"<p>Pinheiro do Vale\u00a0 O governo Temer treme. Na semana que vem, um dia depois de Finados, o governo ileg\u00edtimo do PMDB poder\u00e1 ver assinada sua senten\u00e7a de morte e iniciar sua derrocada afundando-se na ingovernabilidade e acabar expulso do Pal\u00e1cio do Planalto pelo improv\u00e1vel Gilmar Mendes, presidente do Tribunal Superior Eleitoral. Quem diria? O primeiro [&hellip;]<\/p>\n","protected":false},"author":4,"featured_media":0,"comment_status":"open","ping_status":"closed","sticky":false,"template":"","format":"standard","meta":{"_jetpack_newsletter_access":"","_jetpack_dont_email_post_to_subs":false,"_jetpack_newsletter_tier_id":0,"_jetpack_memberships_contains_paywalled_content":false,"_jetpack_feature_clip_id":0,"_jetpack_memberships_contains_paid_content":false,"footnotes":"","jetpack_post_was_ever_published":false},"categories":[10],"tags":[],"class_list":["post-40866","post","type-post","status-publish","format-standard","hentry","category-analiseopiniao"],"aioseo_notices":[],"aioseo_head":"\n\t\t<!-- All in One SEO 5.0.1.1 - aioseo.com -->\n\t<meta name=\"robots\" content=\"max-image-preview:large\" \/>\n\t<meta name=\"author\" content=\"da Reda\u00e7\u00e3o\"\/>\n\t<link rel=\"canonical\" href=\"https:\/\/www.jornalja.com.br\/arquivo\/treme-o-governo-temer\/\" \/>\n\t<meta name=\"generator\" content=\"All in One SEO (AIOSEO) 5.0.1.1\" \/>\n\t\t<meta property=\"og:locale\" content=\"pt_BR\" \/>\n\t\t<meta property=\"og:site_name\" content=\"Arquivo | Jornal J\u00c1 | Porto Alegre\" \/>\n\t\t<meta property=\"og:type\" content=\"article\" \/>\n\t\t<meta property=\"og:title\" content=\"Treme o governo Temer | Arquivo\" \/>\n\t\t<meta property=\"og:url\" content=\"https:\/\/www.jornalja.com.br\/arquivo\/treme-o-governo-temer\/\" \/>\n\t\t<meta property=\"og:image\" content=\"https:\/\/www.jornalja.com.br\/economics\/wp-content\/uploads\/sites\/11\/2026\/08\/ja-folhaderosto-facebook.jpg\" \/>\n\t\t<meta property=\"og:image:secure_url\" content=\"https:\/\/www.jornalja.com.br\/economics\/wp-content\/uploads\/sites\/11\/2026\/08\/ja-folhaderosto-facebook.jpg\" \/>\n\t\t<meta property=\"article:published_time\" content=\"2016-10-27T18:20:44+00:00\" \/>\n\t\t<meta property=\"article:modified_time\" content=\"2016-10-27T18:20:44+00:00\" \/>\n\t\t<meta name=\"twitter:card\" content=\"summary\" \/>\n\t\t<meta name=\"twitter:title\" content=\"Treme o governo Temer | Arquivo\" \/>\n\t\t<meta name=\"twitter:image\" content=\"https:\/\/www.jornalja.com.br\/economics\/wp-content\/uploads\/sites\/11\/2026\/08\/ja-folhaderosto-facebook.jpg\" \/>\n\t\t<script type=\"application\/ld+json\" class=\"aioseo-schema\">\n\t\t\t{\"@context\":\"https:\\\/\\\/schema.org\",\"@graph\":[{\"@type\":\"BlogPosting\",\"@id\":\"https:\\\/\\\/www.jornalja.com.br\\\/arquivo\\\/treme-o-governo-temer\\\/#blogposting\",\"name\":\"Treme o governo Temer | Arquivo\",\"headline\":\"Treme o governo Temer\",\"author\":{\"@id\":\"https:\\\/\\\/www.jornalja.com.br\\\/arquivo\\\/author\\\/daredacao\\\/#author\"},\"publisher\":{\"@id\":\"https:\\\/\\\/www.jornalja.com.br\\\/arquivo\\\/#organization\"},\"image\":{\"@type\":\"ImageObject\",\"url\":\"https:\\\/\\\/www.jornalja.com.br\\\/wp-content\\\/uploads\\\/cards\\\/JAslogan.png\",\"@id\":\"https:\\\/\\\/www.jornalja.com.br\\\/arquivo\\\/#articleImage\"},\"datePublished\":\"2016-10-27T15:20:44-02:00\",\"dateModified\":\"2016-10-27T15:20:44-02:00\",\"inLanguage\":\"pt-BR\",\"mainEntityOfPage\":{\"@id\":\"https:\\\/\\\/www.jornalja.com.br\\\/arquivo\\\/treme-o-governo-temer\\\/#webpage\"},\"isPartOf\":{\"@id\":\"https:\\\/\\\/www.jornalja.com.br\\\/arquivo\\\/treme-o-governo-temer\\\/#webpage\"},\"articleSection\":\"AN\\u00c1LISE&amp;OPINI\\u00c3O\"},{\"@type\":\"BreadcrumbList\",\"@id\":\"https:\\\/\\\/www.jornalja.com.br\\\/arquivo\\\/treme-o-governo-temer\\\/#breadcrumblist\",\"itemListElement\":[{\"@type\":\"ListItem\",\"@id\":\"https:\\\/\\\/www.jornalja.com.br\\\/arquivo#listItem\",\"position\":1,\"name\":\"Home\",\"item\":\"https:\\\/\\\/www.jornalja.com.br\\\/arquivo\",\"nextItem\":{\"@type\":\"ListItem\",\"@id\":\"https:\\\/\\\/www.jornalja.com.br\\\/arquivo\\\/category\\\/analiseopiniao\\\/#listItem\",\"name\":\"AN\\u00c1LISE&amp;OPINI\\u00c3O\"}},{\"@type\":\"ListItem\",\"@id\":\"https:\\\/\\\/www.jornalja.com.br\\\/arquivo\\\/category\\\/analiseopiniao\\\/#listItem\",\"position\":2,\"name\":\"AN\\u00c1LISE&amp;OPINI\\u00c3O\",\"item\":\"https:\\\/\\\/www.jornalja.com.br\\\/arquivo\\\/category\\\/analiseopiniao\\\/\",\"nextItem\":{\"@type\":\"ListItem\",\"@id\":\"https:\\\/\\\/www.jornalja.com.br\\\/arquivo\\\/treme-o-governo-temer\\\/#listItem\",\"name\":\"Treme o governo Temer\"},\"previousItem\":{\"@type\":\"ListItem\",\"@id\":\"https:\\\/\\\/www.jornalja.com.br\\\/arquivo#listItem\",\"name\":\"Home\"}},{\"@type\":\"ListItem\",\"@id\":\"https:\\\/\\\/www.jornalja.com.br\\\/arquivo\\\/treme-o-governo-temer\\\/#listItem\",\"position\":3,\"name\":\"Treme o governo Temer\",\"previousItem\":{\"@type\":\"ListItem\",\"@id\":\"https:\\\/\\\/www.jornalja.com.br\\\/arquivo\\\/category\\\/analiseopiniao\\\/#listItem\",\"name\":\"AN\\u00c1LISE&amp;OPINI\\u00c3O\"}}]},{\"@type\":\"Organization\",\"@id\":\"https:\\\/\\\/www.jornalja.com.br\\\/arquivo\\\/#organization\",\"name\":\"Jornal J\\u00c1\",\"description\":\"Jornal J\\u00c1 | Porto Alegre\",\"url\":\"https:\\\/\\\/www.jornalja.com.br\\\/arquivo\\\/\",\"telephone\":\"+555133307272\",\"logo\":{\"@type\":\"ImageObject\",\"url\":\"https:\\\/\\\/www.jornalja.com.br\\\/wp-content\\\/uploads\\\/cards\\\/JAslogan.png\",\"@id\":\"https:\\\/\\\/www.jornalja.com.br\\\/arquivo\\\/treme-o-governo-temer\\\/#organizationLogo\"},\"image\":{\"@id\":\"https:\\\/\\\/www.jornalja.com.br\\\/arquivo\\\/treme-o-governo-temer\\\/#organizationLogo\"}},{\"@type\":\"Person\",\"@id\":\"https:\\\/\\\/www.jornalja.com.br\\\/arquivo\\\/author\\\/daredacao\\\/#author\",\"url\":\"https:\\\/\\\/www.jornalja.com.br\\\/arquivo\\\/author\\\/daredacao\\\/\",\"name\":\"da Reda\\u00e7\\u00e3o\",\"image\":{\"@type\":\"ImageObject\",\"@id\":\"https:\\\/\\\/www.jornalja.com.br\\\/arquivo\\\/treme-o-governo-temer\\\/#authorImage\",\"url\":\"https:\\\/\\\/secure.gravatar.com\\\/avatar\\\/469fd857d6605ad19919d27ed29d35a968a25f6e8fd9318356bbb7f57aae9c65?s=96&d=mm&r=g\",\"width\":96,\"height\":96,\"caption\":\"da Reda\\u00e7\\u00e3o\"}},{\"@type\":\"WebPage\",\"@id\":\"https:\\\/\\\/www.jornalja.com.br\\\/arquivo\\\/treme-o-governo-temer\\\/#webpage\",\"url\":\"https:\\\/\\\/www.jornalja.com.br\\\/arquivo\\\/treme-o-governo-temer\\\/\",\"name\":\"Treme o governo Temer | Arquivo\",\"inLanguage\":\"pt-BR\",\"isPartOf\":{\"@id\":\"https:\\\/\\\/www.jornalja.com.br\\\/arquivo\\\/#website\"},\"breadcrumb\":{\"@id\":\"https:\\\/\\\/www.jornalja.com.br\\\/arquivo\\\/treme-o-governo-temer\\\/#breadcrumblist\"},\"author\":{\"@id\":\"https:\\\/\\\/www.jornalja.com.br\\\/arquivo\\\/author\\\/daredacao\\\/#author\"},\"creator\":{\"@id\":\"https:\\\/\\\/www.jornalja.com.br\\\/arquivo\\\/author\\\/daredacao\\\/#author\"},\"datePublished\":\"2016-10-27T15:20:44-02:00\",\"dateModified\":\"2016-10-27T15:20:44-02:00\"},{\"@type\":\"WebSite\",\"@id\":\"https:\\\/\\\/www.jornalja.com.br\\\/arquivo\\\/#website\",\"url\":\"https:\\\/\\\/www.jornalja.com.br\\\/arquivo\\\/\",\"name\":\"Arquivo\",\"description\":\"Jornal J\\u00c1 | Porto Alegre\",\"inLanguage\":\"pt-BR\",\"publisher\":{\"@id\":\"https:\\\/\\\/www.jornalja.com.br\\\/arquivo\\\/#organization\"}}]}\n\t\t<\/script>\n\t\t<!-- All in One SEO -->\n\n","aioseo_head_json":{"title":"Treme o governo Temer | Arquivo","description":"","canonical_url":"https:\/\/www.jornalja.com.br\/arquivo\/treme-o-governo-temer\/","robots":"max-image-preview:large","keywords":"","webmasterTools":{"miscellaneous":""},"schema":{"@context":"https:\/\/schema.org","@graph":[{"@type":"BlogPosting","@id":"https:\/\/www.jornalja.com.br\/arquivo\/treme-o-governo-temer\/#blogposting","name":"Treme o governo Temer | Arquivo","headline":"Treme o governo Temer","author":{"@id":"https:\/\/www.jornalja.com.br\/arquivo\/author\/daredacao\/#author"},"publisher":{"@id":"https:\/\/www.jornalja.com.br\/arquivo\/#organization"},"image":{"@type":"ImageObject","url":"https:\/\/www.jornalja.com.br\/wp-content\/uploads\/cards\/JAslogan.png","@id":"https:\/\/www.jornalja.com.br\/arquivo\/#articleImage"},"datePublished":"2016-10-27T15:20:44-02:00","dateModified":"2016-10-27T15:20:44-02:00","inLanguage":"pt-BR","mainEntityOfPage":{"@id":"https:\/\/www.jornalja.com.br\/arquivo\/treme-o-governo-temer\/#webpage"},"isPartOf":{"@id":"https:\/\/www.jornalja.com.br\/arquivo\/treme-o-governo-temer\/#webpage"},"articleSection":"AN\u00c1LISE&amp;OPINI\u00c3O"},{"@type":"BreadcrumbList","@id":"https:\/\/www.jornalja.com.br\/arquivo\/treme-o-governo-temer\/#breadcrumblist","itemListElement":[{"@type":"ListItem","@id":"https:\/\/www.jornalja.com.br\/arquivo#listItem","position":1,"name":"Home","item":"https:\/\/www.jornalja.com.br\/arquivo","nextItem":{"@type":"ListItem","@id":"https:\/\/www.jornalja.com.br\/arquivo\/category\/analiseopiniao\/#listItem","name":"AN\u00c1LISE&amp;OPINI\u00c3O"}},{"@type":"ListItem","@id":"https:\/\/www.jornalja.com.br\/arquivo\/category\/analiseopiniao\/#listItem","position":2,"name":"AN\u00c1LISE&amp;OPINI\u00c3O","item":"https:\/\/www.jornalja.com.br\/arquivo\/category\/analiseopiniao\/","nextItem":{"@type":"ListItem","@id":"https:\/\/www.jornalja.com.br\/arquivo\/treme-o-governo-temer\/#listItem","name":"Treme o governo Temer"},"previousItem":{"@type":"ListItem","@id":"https:\/\/www.jornalja.com.br\/arquivo#listItem","name":"Home"}},{"@type":"ListItem","@id":"https:\/\/www.jornalja.com.br\/arquivo\/treme-o-governo-temer\/#listItem","position":3,"name":"Treme o governo Temer","previousItem":{"@type":"ListItem","@id":"https:\/\/www.jornalja.com.br\/arquivo\/category\/analiseopiniao\/#listItem","name":"AN\u00c1LISE&amp;OPINI\u00c3O"}}]},{"@type":"Organization","@id":"https:\/\/www.jornalja.com.br\/arquivo\/#organization","name":"Jornal J\u00c1","description":"Jornal J\u00c1 | Porto Alegre","url":"https:\/\/www.jornalja.com.br\/arquivo\/","telephone":"+555133307272","logo":{"@type":"ImageObject","url":"https:\/\/www.jornalja.com.br\/wp-content\/uploads\/cards\/JAslogan.png","@id":"https:\/\/www.jornalja.com.br\/arquivo\/treme-o-governo-temer\/#organizationLogo"},"image":{"@id":"https:\/\/www.jornalja.com.br\/arquivo\/treme-o-governo-temer\/#organizationLogo"}},{"@type":"Person","@id":"https:\/\/www.jornalja.com.br\/arquivo\/author\/daredacao\/#author","url":"https:\/\/www.jornalja.com.br\/arquivo\/author\/daredacao\/","name":"da Reda\u00e7\u00e3o","image":{"@type":"ImageObject","@id":"https:\/\/www.jornalja.com.br\/arquivo\/treme-o-governo-temer\/#authorImage","url":"https:\/\/secure.gravatar.com\/avatar\/469fd857d6605ad19919d27ed29d35a968a25f6e8fd9318356bbb7f57aae9c65?s=96&d=mm&r=g","width":96,"height":96,"caption":"da Reda\u00e7\u00e3o"}},{"@type":"WebPage","@id":"https:\/\/www.jornalja.com.br\/arquivo\/treme-o-governo-temer\/#webpage","url":"https:\/\/www.jornalja.com.br\/arquivo\/treme-o-governo-temer\/","name":"Treme o governo Temer | Arquivo","inLanguage":"pt-BR","isPartOf":{"@id":"https:\/\/www.jornalja.com.br\/arquivo\/#website"},"breadcrumb":{"@id":"https:\/\/www.jornalja.com.br\/arquivo\/treme-o-governo-temer\/#breadcrumblist"},"author":{"@id":"https:\/\/www.jornalja.com.br\/arquivo\/author\/daredacao\/#author"},"creator":{"@id":"https:\/\/www.jornalja.com.br\/arquivo\/author\/daredacao\/#author"},"datePublished":"2016-10-27T15:20:44-02:00","dateModified":"2016-10-27T15:20:44-02:00"},{"@type":"WebSite","@id":"https:\/\/www.jornalja.com.br\/arquivo\/#website","url":"https:\/\/www.jornalja.com.br\/arquivo\/","name":"Arquivo","description":"Jornal J\u00c1 | Porto Alegre","inLanguage":"pt-BR","publisher":{"@id":"https:\/\/www.jornalja.com.br\/arquivo\/#organization"}}]},"og:locale":"pt_BR","og:site_name":"Arquivo | Jornal J\u00c1 | Porto Alegre","og:type":"article","og:title":"Treme o governo Temer | Arquivo","og:url":"https:\/\/www.jornalja.com.br\/arquivo\/treme-o-governo-temer\/","og:image":"https:\/\/www.jornalja.com.br\/economics\/wp-content\/uploads\/sites\/11\/2026\/08\/ja-folhaderosto-facebook.jpg","og:image:secure_url":"https:\/\/www.jornalja.com.br\/economics\/wp-content\/uploads\/sites\/11\/2026\/08\/ja-folhaderosto-facebook.jpg","article:published_time":"2016-10-27T18:20:44+00:00","article:modified_time":"2016-10-27T18:20:44+00:00","twitter:card":"summary","twitter:title":"Treme o governo Temer | Arquivo","twitter:image":"https:\/\/www.jornalja.com.br\/economics\/wp-content\/uploads\/sites\/11\/2026\/08\/ja-folhaderosto-facebook.jpg"},"aioseo_meta_data":{"post_id":"40866","title":null,"description":null,"keywords":null,"keyphrases":null,"primary_term":null,"canonical_url":null,"og_title":null,"og_description":null,"og_object_type":"default","og_image_type":"default","og_image_url":null,"og_image_width":null,"og_image_height":null,"og_image_custom_url":null,"og_image_custom_fields":null,"og_video":null,"og_custom_url":null,"og_article_section":null,"og_article_tags":null,"twitter_use_og":false,"twitter_card":"default","twitter_image_type":"default","twitter_image_url":null,"twitter_image_custom_url":null,"twitter_image_custom_fields":null,"twitter_title":null,"twitter_description":null,"schema":{"blockGraphs":[],"customGraphs":[],"default":{"data":{"Article":[],"Course":[],"Dataset":[],"FAQPage":[],"Movie":[],"Person":[],"Product":[],"ProductReview":[],"Car":[],"Recipe":[],"Service":[],"SoftwareApplication":[],"WebPage":[]},"graphName":"","isEnabled":true},"graphs":[],"defaultGraph":"","defaultPostTypeGraph":""},"schema_type":null,"schema_type_options":null,"pillar_content":false,"robots_default":true,"robots_noindex":false,"robots_noarchive":false,"robots_nosnippet":false,"robots_nofollow":false,"robots_noimageindex":false,"robots_noodp":false,"robots_notranslate":false,"robots_max_snippet":null,"robots_max_videopreview":null,"robots_max_imagepreview":"large","priority":null,"frequency":null,"location":null,"local_seo":null,"breadcrumb_settings":null,"limit_modified_date":false,"ai":null,"created":"2020-12-20 20:45:48","updated":"2025-07-19 17:51:13","seo_analyzer_scan_date":null,"focus_keyword":null,"additional_keywords":null,"truseo_locale":null},"jetpack_sharing_enabled":true,"jetpack-related-posts":[{"id":13128,"url":"https:\/\/www.jornalja.com.br\/arquivo\/maconha-terra-diz-que-uso-medicinal-e-desculpa\/","url_meta":{"origin":40866,"position":0},"title":"Maconha: Terra diz que uso medicinal \u00e9 desculpa","author":"Patr\u00edcia Marini","date":"4 de junho de 2014","format":false,"excerpt":"A condi\u00e7\u00e3o de pol\u00edtico, em \u00e9poca de campanha de campanha eleitoral, tira for\u00e7a do discurso do m\u00e9dico Osmar Terra contra a legaliza\u00e7\u00e3o da maconha. A tese dele de que a libera\u00e7\u00e3o vai ampliar exponencialmente o consumo \u00e9 discutivel, o consumo \u00e9 corrente. Mas seus alertas quanto aos riscos tem que\u2026","rel":"","context":"Em &quot;X.Categorias velhas&quot;","block_context":{"text":"X.Categorias velhas","link":"https:\/\/www.jornalja.com.br\/arquivo\/category\/x-categorias-velhas\/"},"img":{"alt_text":"","src":"","width":0,"height":0},"classes":[]},{"id":5440,"url":"https:\/\/www.jornalja.com.br\/arquivo\/casarao-da-venancio-destino-permanece-incerto\/","url_meta":{"origin":40866,"position":1},"title":"Estado ainda n\u00e3o sabe o que fazer com casar\u00e3o abandonado h\u00e1 20 anos","author":"Elmar Bones","date":"6 de julho de 2009","format":false,"excerpt":"O casar\u00e3o amarelo, numa esquina nobre de Porto Alegre (Ven\u00e2ncio Aires com Jo\u00e3o Pessoa), j\u00e1 abrigou uma escola. H\u00e1 duas d\u00e9cadas, pelo menos, est\u00e1 abandonado, porque seu propriet\u00e1rio, o governo do Estado do Rio Grande do Sul, n\u00e3o consegue achar um destino para ele. Planos n\u00e3o faltaram. O governador Ol\u00edvio\u2026","rel":"","context":"Em &quot;X.Categorias velhas&quot;","block_context":{"text":"X.Categorias velhas","link":"https:\/\/www.jornalja.com.br\/arquivo\/category\/x-categorias-velhas\/"},"img":{"alt_text":"geraldo1","src":"https:\/\/i0.wp.com\/www.jornalja.com.br\/wp-content\/uploads\/2009\/07\/geraldo1.jpg?resize=350%2C200&ssl=1","width":350,"height":200},"classes":[]},{"id":13240,"url":"https:\/\/www.jornalja.com.br\/arquivo\/plano-diretor-estamos-construindo-o-caos\/","url_meta":{"origin":40866,"position":2},"title":"Plano diretor: &quot;Estamos construindo o caos&quot;","author":"Patr\u00edcia Marini","date":"26 de maio de 2014","format":false,"excerpt":"Desabafo que arquiteta Eliana Castilhos, delegada da Regi\u00e3o de Planejamento 1, postou nas redes sociais \u00e9 um testemunho do ambiente que se criou no Conselho do Plano Diretor de Porto Alegre, onde a aprova\u00e7\u00e3o de grandes empreendimentos \u00e9 empurrada guela abaixo dos conselheiros. Ao CMDUA Como delegada da Regi\u00e3o de\u2026","rel":"","context":"Em &quot;Geral&quot;","block_context":{"text":"Geral","link":"https:\/\/www.jornalja.com.br\/arquivo\/category\/geral\/"},"img":{"alt_text":"","src":"","width":0,"height":0},"classes":[]},{"id":13109,"url":"https:\/\/www.jornalja.com.br\/arquivo\/judiciario-reconhece-poluicao-eletromagnetica\/","url_meta":{"origin":40866,"position":3},"title":"Judici\u00e1rio reconhece polui\u00e7\u00e3o eletromagn\u00e9tica","author":"Patr\u00edcia Marini","date":"16 de maio de 2014","format":false,"excerpt":"A\u00e7\u00e3o de duas associa\u00e7\u00f5es de moradores foi acolhida pelo Tribunal de Justi\u00e7a de S\u00e3o Paulo que. em decis\u00e3o in\u00e9dita, determinou a redu\u00e7\u00e3o do campo eletromagn\u00e9tico gerado pelas linhas de transmiss\u00e3o de energia que cortam os bairros City Boa\u00e7ava e Alto de Pinheiros. \u00c9 a primeira vez que um tribunal do\u2026","rel":"","context":"Em &quot;X.Categorias velhas&quot;","block_context":{"text":"X.Categorias velhas","link":"https:\/\/www.jornalja.com.br\/arquivo\/category\/x-categorias-velhas\/"},"img":{"alt_text":"","src":"","width":0,"height":0},"classes":[]},{"id":13124,"url":"https:\/\/www.jornalja.com.br\/arquivo\/sangue-latino-no-iecine\/","url_meta":{"origin":40866,"position":4},"title":"Sangue latino no IECINE","author":"da Reda\u00e7\u00e3o","date":"18 de maio de 2014","format":false,"excerpt":"Francisco Ribeiro O Instituto Estadual de Cinema (IECINE) tem a frente, desde abril \u00faltimo, um novo diretor, o cineasta colombiano Juan Zapata, 36, que substitui Luiz Alberto Cassol. Radicado h\u00e1 dez anos em Porto Alegre, Zapata tem diante de si o desafio de conduzir at\u00e9 o final do ano um\u2026","rel":"","context":"Em &quot;Cultura-Geral&quot;","block_context":{"text":"Cultura-Geral","link":"https:\/\/www.jornalja.com.br\/arquivo\/category\/materiasecundaria\/"},"img":{"alt_text":"","src":"","width":0,"height":0},"classes":[]},{"id":12960,"url":"https:\/\/www.jornalja.com.br\/arquivo\/populacao-culpa-empresas-pela-greve-dos-rodoviarios\/","url_meta":{"origin":40866,"position":5},"title":"Popula\u00e7\u00e3o culpa empresas pela greve","author":"Patr\u00edcia Marini","date":"14 de fevereiro de 2014","format":false,"excerpt":"Pesquisa divulgada na edi\u00e7\u00e3o do jornal Metro desta sexta-feira,14, comprova o velho ditado: \u00e9 poss\u00edvel enganar muitos por algum tempo, mas n\u00e3o \u00e9 poss\u00edvel enganar a todos o tempo inteiro. A principal revela\u00e7\u00e3o foi que 59,8% dos entrevistados apontaram as empresas como as principais respons\u00e1veis pela grave e 46% culparam\u2026","rel":"","context":"Em &quot;X.Categorias velhas&quot;","block_context":{"text":"X.Categorias velhas","link":"https:\/\/www.jornalja.com.br\/arquivo\/category\/x-categorias-velhas\/"},"img":{"alt_text":"","src":"","width":0,"height":0},"classes":[]}],"jetpack_shortlink":"https:\/\/wp.me\/pbQjBd-aD8","jetpack_featured_media_url":"","_links":{"self":[{"href":"https:\/\/www.jornalja.com.br\/arquivo\/wp-json\/wp\/v2\/posts\/40866","targetHints":{"allow":["GET"]}}],"collection":[{"href":"https:\/\/www.jornalja.com.br\/arquivo\/wp-json\/wp\/v2\/posts"}],"about":[{"href":"https:\/\/www.jornalja.com.br\/arquivo\/wp-json\/wp\/v2\/types\/post"}],"author":[{"embeddable":true,"href":"https:\/\/www.jornalja.com.br\/arquivo\/wp-json\/wp\/v2\/users\/4"}],"replies":[{"embeddable":true,"href":"https:\/\/www.jornalja.com.br\/arquivo\/wp-json\/wp\/v2\/comments?post=40866"}],"version-history":[{"count":0,"href":"https:\/\/www.jornalja.com.br\/arquivo\/wp-json\/wp\/v2\/posts\/40866\/revisions"}],"wp:attachment":[{"href":"https:\/\/www.jornalja.com.br\/arquivo\/wp-json\/wp\/v2\/media?parent=40866"}],"wp:term":[{"taxonomy":"category","embeddable":true,"href":"https:\/\/www.jornalja.com.br\/arquivo\/wp-json\/wp\/v2\/categories?post=40866"},{"taxonomy":"post_tag","embeddable":true,"href":"https:\/\/www.jornalja.com.br\/arquivo\/wp-json\/wp\/v2\/tags?post=40866"}],"curies":[{"name":"wp","href":"https:\/\/api.w.org\/{rel}","templated":true}]}}