{"id":40990,"date":"2016-11-01T14:49:55","date_gmt":"2016-11-01T17:49:55","guid":{"rendered":"https:\/\/www.jornalja.com.br\/?p=40990"},"modified":"2016-11-01T14:49:55","modified_gmt":"2016-11-01T17:49:55","slug":"mec-recorre-a-impressao-digital-para-evitar-fraudes-no-enem","status":"publish","type":"post","link":"https:\/\/www.jornalja.com.br\/arquivo\/mec-recorre-a-impressao-digital-para-evitar-fraudes-no-enem\/","title":{"rendered":"MEC recorre \u00e0 impress\u00e3o digital para evitar fraudes no ENEM"},"content":{"rendered":"<p class=\"m_-5820034590304435409MsoNoSpacing\">No pr\u00f3ximo fim de semana, o Minist\u00e9rio da Educa\u00e7\u00e3o (MEC) vai recorrer \u00e0 biometria para fazer o reconhecimento individual dos inscritos no ENEM (<i>Exame Nacional do Ensino M\u00e9dio<\/i>). O MEC n\u00e3o divulga se o cadastramento das impress\u00f5es digitais ser\u00e1 realizado no primeiro ou no segundo dia (ou em ambos). O objetivo \u00e9 que os participantes sejam surpreendidos e n\u00e3o possam enviar outra pessoa para fazer a prova em seu lugar.<\/p>\n<p class=\"m_-5820034590304435409MsoNoSpacing\">Cerca de oito milh\u00f5es de jovens devem passar por essa experi\u00eancia \u2013 sendo que 2,2 milh\u00f5es de alunos est\u00e3o no \u00faltimo ano do Ensino M\u00e9dio e dependem desse exame para ingressar numa das 500 universidades que utilizam o resultado do ENEM como crit\u00e9rio de sele\u00e7\u00e3o.<u><\/u><u><\/u><\/p>\n<p>Na opini\u00e3o de <b>Phil Scarfo<\/b>, especialista em biometria e vice-presidente global de vendas e marketing da <span lang=\"EN-US\"><a href=\"http:\/\/www.hidglobal.com.br\/solutions\/biometric-solutions\" target=\"_blank\" data-saferedirecturl=\"http:\/\/www.google.com\/url?hl=pt-BR&amp;q=http:\/\/www.hidglobal.com.br\/solutions\/biometric-solutions&amp;source=gmail&amp;ust=1478107121448000&amp;usg=AFQjCNH-fAODCToZtDn6Fme8gtmYtSiUFg\" rel=\"noopener noreferrer\"><span lang=\"PT-BR\">HID Biometrics<\/span><\/a><\/span><span class=\"m_-5820034590304435409MsoHyperlink\">, <\/span>a autentica\u00e7\u00e3o da \u2018impress\u00e3o digital\u2019 tem o mais alto valor de uso no nosso dia a dia, j\u00e1 que se trata de um atributo f\u00edsico inviol\u00e1vel, que n\u00e3o pode ser alterado por criminosos. \u201cNum futuro pr\u00f3ximo, n\u00e3o vamos precisar de bolsa nem carteira, apenas dos nossos dedos para fazer uma s\u00e9rie de atividades, incluindo as acad\u00eamicas. Por isso, \u00e9 uma grande ideia usar a impress\u00e3o digital para autenticar pessoas que est\u00e3o participando de um grande processo de sele\u00e7\u00e3o. Quando os leitores de impress\u00e3o digital de alta qualidade e seguran\u00e7a estiverem dispon\u00edveis nos smartphones, meios de transporte, locais de trabalho, caixas eletr\u00f4nicos, escolas, hospitais, academias de gin\u00e1stica etc., tudo o que fizermos ter\u00e1 um n\u00edvel de seguran\u00e7a imensamente maior do que hoje\u201d.<u><\/u><u><\/u><br \/>\nO especialista destaca ainda que a maioria dos documentos expedidos atualmente conta com registros de impress\u00e3o digital: documento de identidade (RG), passaporte, t\u00edtulo de eleitor, carteira de motorista etc. \u201cO Brasil est\u00e1 fazendo um enorme banco de dados de impress\u00f5es digitais, o que permitir\u00e1 em breve cruzar informa\u00e7\u00f5es que ser\u00e3o muito \u00fateis para agilizar processos e aumentar a seguran\u00e7a dos cidad\u00e3os. A possibilidade de saber \u2018quem\u2019 est\u00e1 fazendo \u2018o qu\u00ea\u2019 evita um n\u00famero enorme de fraudes e a\u00e7\u00f5es mal-intencionadas. Al\u00e9m disso, finalmente as pessoas come\u00e7am a aposentar as senhas alfanum\u00e9ricas usadas nos \u00faltimos 60 anos\u201d.<u><\/u><u><\/u><br \/>\nNo \u00e2mbito acad\u00eamico, Scarfo diz que o uso de autentica\u00e7\u00e3o de impress\u00e3o digital n\u00e3o \u00e9 importante somente no controle de acesso dos estudantes \u00e0s escolas e universidades, mas em tantas outras situa\u00e7\u00f5es em que \u00e9 fundamental haver maior supervis\u00e3o. \u201cH\u00e1 \u00e1reas, dentro de uma institui\u00e7\u00e3o acad\u00eamica, com entrada permitida apenas a professores, pesquisadores ou colaboradores. Outras, em que s\u00e3o armazenadas subst\u00e2ncias mantidas sob r\u00edgido controle. H\u00e1 tamb\u00e9m departamentos com bens de alto valor \u2013 como computadores de \u00faltima gera\u00e7\u00e3o, equipamentos audiovisuais, telesc\u00f3pios etc. A implanta\u00e7\u00e3o de um sistema biom\u00e9trico para aumentar o controle de acesso a esses ambientes gera impacto positivo inclusive na \u00e1rea administrativa de modo geral, j\u00e1 que se restringe a possibilidade de mau uso, danos e furtos\u201d.<u><\/u><u><\/u><\/p>\n<p class=\"m_-5820034590304435409MsoNoSpacing\">\n","protected":false},"excerpt":{"rendered":"<p>No pr\u00f3ximo fim de semana, o Minist\u00e9rio da Educa\u00e7\u00e3o (MEC) vai recorrer \u00e0 biometria para fazer o reconhecimento individual dos inscritos no ENEM (Exame Nacional do Ensino M\u00e9dio). O MEC n\u00e3o divulga se o cadastramento das impress\u00f5es digitais ser\u00e1 realizado no primeiro ou no segundo dia (ou em ambos). O objetivo \u00e9 que os participantes [&hellip;]<\/p>\n","protected":false},"author":4,"featured_media":0,"comment_status":"open","ping_status":"closed","sticky":false,"template":"","format":"standard","meta":{"_jetpack_newsletter_access":"","_jetpack_dont_email_post_to_subs":false,"_jetpack_newsletter_tier_id":0,"_jetpack_memberships_contains_paywalled_content":false,"_jetpack_feature_clip_id":0,"_jetpack_memberships_contains_paid_content":false,"footnotes":"","jetpack_post_was_ever_published":false},"categories":[2022],"tags":[],"class_list":["post-40990","post","type-post","status-publish","format-standard","hentry","category-notas"],"aioseo_notices":[],"aioseo_head":"\n\t\t<!-- All in One SEO 5.0.1.1 - aioseo.com -->\n\t<meta name=\"robots\" content=\"max-image-preview:large\" \/>\n\t<meta name=\"author\" content=\"da Reda\u00e7\u00e3o\"\/>\n\t<link rel=\"canonical\" href=\"https:\/\/www.jornalja.com.br\/arquivo\/mec-recorre-a-impressao-digital-para-evitar-fraudes-no-enem\/\" \/>\n\t<meta name=\"generator\" content=\"All in One SEO (AIOSEO) 5.0.1.1\" \/>\n\t\t<meta property=\"og:locale\" content=\"pt_BR\" \/>\n\t\t<meta property=\"og:site_name\" content=\"Arquivo | Jornal J\u00c1 | Porto Alegre\" \/>\n\t\t<meta property=\"og:type\" content=\"article\" \/>\n\t\t<meta property=\"og:title\" content=\"MEC recorre \u00e0 impress\u00e3o digital para evitar fraudes no ENEM | Arquivo\" \/>\n\t\t<meta property=\"og:url\" content=\"https:\/\/www.jornalja.com.br\/arquivo\/mec-recorre-a-impressao-digital-para-evitar-fraudes-no-enem\/\" \/>\n\t\t<meta property=\"og:image\" content=\"https:\/\/www.jornalja.com.br\/economics\/wp-content\/uploads\/sites\/11\/2026\/08\/ja-folhaderosto-facebook.jpg\" \/>\n\t\t<meta property=\"og:image:secure_url\" content=\"https:\/\/www.jornalja.com.br\/economics\/wp-content\/uploads\/sites\/11\/2026\/08\/ja-folhaderosto-facebook.jpg\" \/>\n\t\t<meta property=\"article:published_time\" content=\"2016-11-01T17:49:55+00:00\" \/>\n\t\t<meta property=\"article:modified_time\" content=\"2016-11-01T17:49:55+00:00\" \/>\n\t\t<meta name=\"twitter:card\" content=\"summary\" \/>\n\t\t<meta name=\"twitter:title\" content=\"MEC recorre \u00e0 impress\u00e3o digital para evitar fraudes no ENEM | Arquivo\" \/>\n\t\t<meta name=\"twitter:image\" content=\"https:\/\/www.jornalja.com.br\/economics\/wp-content\/uploads\/sites\/11\/2026\/08\/ja-folhaderosto-facebook.jpg\" \/>\n\t\t<script type=\"application\/ld+json\" class=\"aioseo-schema\">\n\t\t\t{\"@context\":\"https:\\\/\\\/schema.org\",\"@graph\":[{\"@type\":\"BlogPosting\",\"@id\":\"https:\\\/\\\/www.jornalja.com.br\\\/arquivo\\\/mec-recorre-a-impressao-digital-para-evitar-fraudes-no-enem\\\/#blogposting\",\"name\":\"MEC recorre \\u00e0 impress\\u00e3o digital para evitar fraudes no ENEM | Arquivo\",\"headline\":\"MEC recorre \\u00e0 impress\\u00e3o digital para evitar fraudes no ENEM\",\"author\":{\"@id\":\"https:\\\/\\\/www.jornalja.com.br\\\/arquivo\\\/author\\\/daredacao\\\/#author\"},\"publisher\":{\"@id\":\"https:\\\/\\\/www.jornalja.com.br\\\/arquivo\\\/#organization\"},\"image\":{\"@type\":\"ImageObject\",\"url\":\"https:\\\/\\\/www.jornalja.com.br\\\/wp-content\\\/uploads\\\/cards\\\/JAslogan.png\",\"@id\":\"https:\\\/\\\/www.jornalja.com.br\\\/arquivo\\\/#articleImage\"},\"datePublished\":\"2016-11-01T14:49:55-02:00\",\"dateModified\":\"2016-11-01T14:49:55-02:00\",\"inLanguage\":\"pt-BR\",\"mainEntityOfPage\":{\"@id\":\"https:\\\/\\\/www.jornalja.com.br\\\/arquivo\\\/mec-recorre-a-impressao-digital-para-evitar-fraudes-no-enem\\\/#webpage\"},\"isPartOf\":{\"@id\":\"https:\\\/\\\/www.jornalja.com.br\\\/arquivo\\\/mec-recorre-a-impressao-digital-para-evitar-fraudes-no-enem\\\/#webpage\"},\"articleSection\":\"NOTAS\"},{\"@type\":\"BreadcrumbList\",\"@id\":\"https:\\\/\\\/www.jornalja.com.br\\\/arquivo\\\/mec-recorre-a-impressao-digital-para-evitar-fraudes-no-enem\\\/#breadcrumblist\",\"itemListElement\":[{\"@type\":\"ListItem\",\"@id\":\"https:\\\/\\\/www.jornalja.com.br\\\/arquivo#listItem\",\"position\":1,\"name\":\"Home\",\"item\":\"https:\\\/\\\/www.jornalja.com.br\\\/arquivo\",\"nextItem\":{\"@type\":\"ListItem\",\"@id\":\"https:\\\/\\\/www.jornalja.com.br\\\/arquivo\\\/category\\\/notas\\\/#listItem\",\"name\":\"NOTAS\"}},{\"@type\":\"ListItem\",\"@id\":\"https:\\\/\\\/www.jornalja.com.br\\\/arquivo\\\/category\\\/notas\\\/#listItem\",\"position\":2,\"name\":\"NOTAS\",\"item\":\"https:\\\/\\\/www.jornalja.com.br\\\/arquivo\\\/category\\\/notas\\\/\",\"nextItem\":{\"@type\":\"ListItem\",\"@id\":\"https:\\\/\\\/www.jornalja.com.br\\\/arquivo\\\/mec-recorre-a-impressao-digital-para-evitar-fraudes-no-enem\\\/#listItem\",\"name\":\"MEC recorre \\u00e0 impress\\u00e3o digital para evitar fraudes no ENEM\"},\"previousItem\":{\"@type\":\"ListItem\",\"@id\":\"https:\\\/\\\/www.jornalja.com.br\\\/arquivo#listItem\",\"name\":\"Home\"}},{\"@type\":\"ListItem\",\"@id\":\"https:\\\/\\\/www.jornalja.com.br\\\/arquivo\\\/mec-recorre-a-impressao-digital-para-evitar-fraudes-no-enem\\\/#listItem\",\"position\":3,\"name\":\"MEC recorre \\u00e0 impress\\u00e3o digital para evitar fraudes no ENEM\",\"previousItem\":{\"@type\":\"ListItem\",\"@id\":\"https:\\\/\\\/www.jornalja.com.br\\\/arquivo\\\/category\\\/notas\\\/#listItem\",\"name\":\"NOTAS\"}}]},{\"@type\":\"Organization\",\"@id\":\"https:\\\/\\\/www.jornalja.com.br\\\/arquivo\\\/#organization\",\"name\":\"Jornal J\\u00c1\",\"description\":\"Jornal J\\u00c1 | Porto Alegre\",\"url\":\"https:\\\/\\\/www.jornalja.com.br\\\/arquivo\\\/\",\"telephone\":\"+555133307272\",\"logo\":{\"@type\":\"ImageObject\",\"url\":\"https:\\\/\\\/www.jornalja.com.br\\\/wp-content\\\/uploads\\\/cards\\\/JAslogan.png\",\"@id\":\"https:\\\/\\\/www.jornalja.com.br\\\/arquivo\\\/mec-recorre-a-impressao-digital-para-evitar-fraudes-no-enem\\\/#organizationLogo\"},\"image\":{\"@id\":\"https:\\\/\\\/www.jornalja.com.br\\\/arquivo\\\/mec-recorre-a-impressao-digital-para-evitar-fraudes-no-enem\\\/#organizationLogo\"}},{\"@type\":\"Person\",\"@id\":\"https:\\\/\\\/www.jornalja.com.br\\\/arquivo\\\/author\\\/daredacao\\\/#author\",\"url\":\"https:\\\/\\\/www.jornalja.com.br\\\/arquivo\\\/author\\\/daredacao\\\/\",\"name\":\"da Reda\\u00e7\\u00e3o\",\"image\":{\"@type\":\"ImageObject\",\"@id\":\"https:\\\/\\\/www.jornalja.com.br\\\/arquivo\\\/mec-recorre-a-impressao-digital-para-evitar-fraudes-no-enem\\\/#authorImage\",\"url\":\"https:\\\/\\\/secure.gravatar.com\\\/avatar\\\/469fd857d6605ad19919d27ed29d35a968a25f6e8fd9318356bbb7f57aae9c65?s=96&d=mm&r=g\",\"width\":96,\"height\":96,\"caption\":\"da Reda\\u00e7\\u00e3o\"}},{\"@type\":\"WebPage\",\"@id\":\"https:\\\/\\\/www.jornalja.com.br\\\/arquivo\\\/mec-recorre-a-impressao-digital-para-evitar-fraudes-no-enem\\\/#webpage\",\"url\":\"https:\\\/\\\/www.jornalja.com.br\\\/arquivo\\\/mec-recorre-a-impressao-digital-para-evitar-fraudes-no-enem\\\/\",\"name\":\"MEC recorre \\u00e0 impress\\u00e3o digital para evitar fraudes no ENEM | Arquivo\",\"inLanguage\":\"pt-BR\",\"isPartOf\":{\"@id\":\"https:\\\/\\\/www.jornalja.com.br\\\/arquivo\\\/#website\"},\"breadcrumb\":{\"@id\":\"https:\\\/\\\/www.jornalja.com.br\\\/arquivo\\\/mec-recorre-a-impressao-digital-para-evitar-fraudes-no-enem\\\/#breadcrumblist\"},\"author\":{\"@id\":\"https:\\\/\\\/www.jornalja.com.br\\\/arquivo\\\/author\\\/daredacao\\\/#author\"},\"creator\":{\"@id\":\"https:\\\/\\\/www.jornalja.com.br\\\/arquivo\\\/author\\\/daredacao\\\/#author\"},\"datePublished\":\"2016-11-01T14:49:55-02:00\",\"dateModified\":\"2016-11-01T14:49:55-02:00\"},{\"@type\":\"WebSite\",\"@id\":\"https:\\\/\\\/www.jornalja.com.br\\\/arquivo\\\/#website\",\"url\":\"https:\\\/\\\/www.jornalja.com.br\\\/arquivo\\\/\",\"name\":\"Arquivo\",\"description\":\"Jornal J\\u00c1 | Porto Alegre\",\"inLanguage\":\"pt-BR\",\"publisher\":{\"@id\":\"https:\\\/\\\/www.jornalja.com.br\\\/arquivo\\\/#organization\"}}]}\n\t\t<\/script>\n\t\t<!-- All in One SEO -->\n\n","aioseo_head_json":{"title":"MEC recorre \u00e0 impress\u00e3o digital para evitar fraudes no ENEM | Arquivo","description":"","canonical_url":"https:\/\/www.jornalja.com.br\/arquivo\/mec-recorre-a-impressao-digital-para-evitar-fraudes-no-enem\/","robots":"max-image-preview:large","keywords":"","webmasterTools":{"miscellaneous":""},"schema":{"@context":"https:\/\/schema.org","@graph":[{"@type":"BlogPosting","@id":"https:\/\/www.jornalja.com.br\/arquivo\/mec-recorre-a-impressao-digital-para-evitar-fraudes-no-enem\/#blogposting","name":"MEC recorre \u00e0 impress\u00e3o digital para evitar fraudes no ENEM | Arquivo","headline":"MEC recorre \u00e0 impress\u00e3o digital para evitar fraudes no ENEM","author":{"@id":"https:\/\/www.jornalja.com.br\/arquivo\/author\/daredacao\/#author"},"publisher":{"@id":"https:\/\/www.jornalja.com.br\/arquivo\/#organization"},"image":{"@type":"ImageObject","url":"https:\/\/www.jornalja.com.br\/wp-content\/uploads\/cards\/JAslogan.png","@id":"https:\/\/www.jornalja.com.br\/arquivo\/#articleImage"},"datePublished":"2016-11-01T14:49:55-02:00","dateModified":"2016-11-01T14:49:55-02:00","inLanguage":"pt-BR","mainEntityOfPage":{"@id":"https:\/\/www.jornalja.com.br\/arquivo\/mec-recorre-a-impressao-digital-para-evitar-fraudes-no-enem\/#webpage"},"isPartOf":{"@id":"https:\/\/www.jornalja.com.br\/arquivo\/mec-recorre-a-impressao-digital-para-evitar-fraudes-no-enem\/#webpage"},"articleSection":"NOTAS"},{"@type":"BreadcrumbList","@id":"https:\/\/www.jornalja.com.br\/arquivo\/mec-recorre-a-impressao-digital-para-evitar-fraudes-no-enem\/#breadcrumblist","itemListElement":[{"@type":"ListItem","@id":"https:\/\/www.jornalja.com.br\/arquivo#listItem","position":1,"name":"Home","item":"https:\/\/www.jornalja.com.br\/arquivo","nextItem":{"@type":"ListItem","@id":"https:\/\/www.jornalja.com.br\/arquivo\/category\/notas\/#listItem","name":"NOTAS"}},{"@type":"ListItem","@id":"https:\/\/www.jornalja.com.br\/arquivo\/category\/notas\/#listItem","position":2,"name":"NOTAS","item":"https:\/\/www.jornalja.com.br\/arquivo\/category\/notas\/","nextItem":{"@type":"ListItem","@id":"https:\/\/www.jornalja.com.br\/arquivo\/mec-recorre-a-impressao-digital-para-evitar-fraudes-no-enem\/#listItem","name":"MEC recorre \u00e0 impress\u00e3o digital para evitar fraudes no ENEM"},"previousItem":{"@type":"ListItem","@id":"https:\/\/www.jornalja.com.br\/arquivo#listItem","name":"Home"}},{"@type":"ListItem","@id":"https:\/\/www.jornalja.com.br\/arquivo\/mec-recorre-a-impressao-digital-para-evitar-fraudes-no-enem\/#listItem","position":3,"name":"MEC recorre \u00e0 impress\u00e3o digital para evitar fraudes no ENEM","previousItem":{"@type":"ListItem","@id":"https:\/\/www.jornalja.com.br\/arquivo\/category\/notas\/#listItem","name":"NOTAS"}}]},{"@type":"Organization","@id":"https:\/\/www.jornalja.com.br\/arquivo\/#organization","name":"Jornal J\u00c1","description":"Jornal J\u00c1 | Porto Alegre","url":"https:\/\/www.jornalja.com.br\/arquivo\/","telephone":"+555133307272","logo":{"@type":"ImageObject","url":"https:\/\/www.jornalja.com.br\/wp-content\/uploads\/cards\/JAslogan.png","@id":"https:\/\/www.jornalja.com.br\/arquivo\/mec-recorre-a-impressao-digital-para-evitar-fraudes-no-enem\/#organizationLogo"},"image":{"@id":"https:\/\/www.jornalja.com.br\/arquivo\/mec-recorre-a-impressao-digital-para-evitar-fraudes-no-enem\/#organizationLogo"}},{"@type":"Person","@id":"https:\/\/www.jornalja.com.br\/arquivo\/author\/daredacao\/#author","url":"https:\/\/www.jornalja.com.br\/arquivo\/author\/daredacao\/","name":"da Reda\u00e7\u00e3o","image":{"@type":"ImageObject","@id":"https:\/\/www.jornalja.com.br\/arquivo\/mec-recorre-a-impressao-digital-para-evitar-fraudes-no-enem\/#authorImage","url":"https:\/\/secure.gravatar.com\/avatar\/469fd857d6605ad19919d27ed29d35a968a25f6e8fd9318356bbb7f57aae9c65?s=96&d=mm&r=g","width":96,"height":96,"caption":"da Reda\u00e7\u00e3o"}},{"@type":"WebPage","@id":"https:\/\/www.jornalja.com.br\/arquivo\/mec-recorre-a-impressao-digital-para-evitar-fraudes-no-enem\/#webpage","url":"https:\/\/www.jornalja.com.br\/arquivo\/mec-recorre-a-impressao-digital-para-evitar-fraudes-no-enem\/","name":"MEC recorre \u00e0 impress\u00e3o digital para evitar fraudes no ENEM | Arquivo","inLanguage":"pt-BR","isPartOf":{"@id":"https:\/\/www.jornalja.com.br\/arquivo\/#website"},"breadcrumb":{"@id":"https:\/\/www.jornalja.com.br\/arquivo\/mec-recorre-a-impressao-digital-para-evitar-fraudes-no-enem\/#breadcrumblist"},"author":{"@id":"https:\/\/www.jornalja.com.br\/arquivo\/author\/daredacao\/#author"},"creator":{"@id":"https:\/\/www.jornalja.com.br\/arquivo\/author\/daredacao\/#author"},"datePublished":"2016-11-01T14:49:55-02:00","dateModified":"2016-11-01T14:49:55-02:00"},{"@type":"WebSite","@id":"https:\/\/www.jornalja.com.br\/arquivo\/#website","url":"https:\/\/www.jornalja.com.br\/arquivo\/","name":"Arquivo","description":"Jornal J\u00c1 | Porto Alegre","inLanguage":"pt-BR","publisher":{"@id":"https:\/\/www.jornalja.com.br\/arquivo\/#organization"}}]},"og:locale":"pt_BR","og:site_name":"Arquivo | Jornal J\u00c1 | Porto Alegre","og:type":"article","og:title":"MEC recorre \u00e0 impress\u00e3o digital para evitar fraudes no ENEM | Arquivo","og:url":"https:\/\/www.jornalja.com.br\/arquivo\/mec-recorre-a-impressao-digital-para-evitar-fraudes-no-enem\/","og:image":"https:\/\/www.jornalja.com.br\/economics\/wp-content\/uploads\/sites\/11\/2026\/08\/ja-folhaderosto-facebook.jpg","og:image:secure_url":"https:\/\/www.jornalja.com.br\/economics\/wp-content\/uploads\/sites\/11\/2026\/08\/ja-folhaderosto-facebook.jpg","article:published_time":"2016-11-01T17:49:55+00:00","article:modified_time":"2016-11-01T17:49:55+00:00","twitter:card":"summary","twitter:title":"MEC recorre \u00e0 impress\u00e3o digital para evitar fraudes no ENEM | Arquivo","twitter:image":"https:\/\/www.jornalja.com.br\/economics\/wp-content\/uploads\/sites\/11\/2026\/08\/ja-folhaderosto-facebook.jpg"},"aioseo_meta_data":{"post_id":"40990","title":null,"description":null,"keywords":null,"keyphrases":null,"primary_term":null,"canonical_url":null,"og_title":null,"og_description":null,"og_object_type":"default","og_image_type":"default","og_image_url":null,"og_image_width":null,"og_image_height":null,"og_image_custom_url":null,"og_image_custom_fields":null,"og_video":null,"og_custom_url":null,"og_article_section":null,"og_article_tags":null,"twitter_use_og":false,"twitter_card":"default","twitter_image_type":"default","twitter_image_url":null,"twitter_image_custom_url":null,"twitter_image_custom_fields":null,"twitter_title":null,"twitter_description":null,"schema":{"blockGraphs":[],"customGraphs":[],"default":{"data":{"Article":[],"Course":[],"Dataset":[],"FAQPage":[],"Movie":[],"Person":[],"Product":[],"ProductReview":[],"Car":[],"Recipe":[],"Service":[],"SoftwareApplication":[],"WebPage":[]},"graphName":"","isEnabled":true},"graphs":[],"defaultGraph":"","defaultPostTypeGraph":""},"schema_type":null,"schema_type_options":null,"pillar_content":false,"robots_default":true,"robots_noindex":false,"robots_noarchive":false,"robots_nosnippet":false,"robots_nofollow":false,"robots_noimageindex":false,"robots_noodp":false,"robots_notranslate":false,"robots_max_snippet":null,"robots_max_videopreview":null,"robots_max_imagepreview":"large","priority":null,"frequency":null,"location":null,"local_seo":null,"breadcrumb_settings":null,"limit_modified_date":false,"ai":null,"created":"2020-12-20 20:45:48","updated":"2025-07-19 17:54:02","seo_analyzer_scan_date":null,"focus_keyword":null,"additional_keywords":null,"truseo_locale":null},"jetpack_sharing_enabled":true,"jetpack-related-posts":[{"id":5440,"url":"https:\/\/www.jornalja.com.br\/arquivo\/casarao-da-venancio-destino-permanece-incerto\/","url_meta":{"origin":40990,"position":0},"title":"Estado ainda n\u00e3o sabe o que fazer com casar\u00e3o abandonado h\u00e1 20 anos","author":"Elmar Bones","date":"6 de julho de 2009","format":false,"excerpt":"O casar\u00e3o amarelo, numa esquina nobre de Porto Alegre (Ven\u00e2ncio Aires com Jo\u00e3o Pessoa), j\u00e1 abrigou uma escola. H\u00e1 duas d\u00e9cadas, pelo menos, est\u00e1 abandonado, porque seu propriet\u00e1rio, o governo do Estado do Rio Grande do Sul, n\u00e3o consegue achar um destino para ele. Planos n\u00e3o faltaram. O governador Ol\u00edvio\u2026","rel":"","context":"Em &quot;X.Categorias velhas&quot;","block_context":{"text":"X.Categorias velhas","link":"https:\/\/www.jornalja.com.br\/arquivo\/category\/x-categorias-velhas\/"},"img":{"alt_text":"geraldo1","src":"https:\/\/i0.wp.com\/www.jornalja.com.br\/wp-content\/uploads\/2009\/07\/geraldo1.jpg?resize=350%2C200&ssl=1","width":350,"height":200},"classes":[]},{"id":13240,"url":"https:\/\/www.jornalja.com.br\/arquivo\/plano-diretor-estamos-construindo-o-caos\/","url_meta":{"origin":40990,"position":1},"title":"Plano diretor: &quot;Estamos construindo o caos&quot;","author":"Patr\u00edcia Marini","date":"26 de maio de 2014","format":false,"excerpt":"Desabafo que arquiteta Eliana Castilhos, delegada da Regi\u00e3o de Planejamento 1, postou nas redes sociais \u00e9 um testemunho do ambiente que se criou no Conselho do Plano Diretor de Porto Alegre, onde a aprova\u00e7\u00e3o de grandes empreendimentos \u00e9 empurrada guela abaixo dos conselheiros. Ao CMDUA Como delegada da Regi\u00e3o de\u2026","rel":"","context":"Em &quot;Geral&quot;","block_context":{"text":"Geral","link":"https:\/\/www.jornalja.com.br\/arquivo\/category\/geral\/"},"img":{"alt_text":"","src":"","width":0,"height":0},"classes":[]},{"id":13239,"url":"https:\/\/www.jornalja.com.br\/arquivo\/conselho-desdenha-do-plano-diretor\/","url_meta":{"origin":40990,"position":2},"title":"Porto Alegre: Conselho detona Plano Diretor","author":"Patr\u00edcia Marini","date":"25 de maio de 2014","format":false,"excerpt":"Den\u00fancia do arquiteto e \u00a0urbanista Ibir\u00e1 Santos Lucas. Ele diz que os conselheiros est\u00e3o votando com \"enorme irresponsabilidade\". \"Mudam regime com a maior naturalidade,,,regularizam absurdos de constru\u00e7\u00f5es irregulares... \"O CMDUA est\u00e1 flexibilizando a lei do plano diretor, de uma forma impactante na vida da cidade. Mudam regime com a maior\u2026","rel":"","context":"Em &quot;Geral&quot;","block_context":{"text":"Geral","link":"https:\/\/www.jornalja.com.br\/arquivo\/category\/geral\/"},"img":{"alt_text":"","src":"","width":0,"height":0},"classes":[]},{"id":14241,"url":"https:\/\/www.jornalja.com.br\/arquivo\/o-guaiba-nas-imagens-poeticas-de-achutti\/","url_meta":{"origin":40990,"position":3},"title":"O Gua\u00edba nas imagens po\u00e9ticas de Achutti","author":"da Reda\u00e7\u00e3o","date":"18 de junho de 2014","format":false,"excerpt":"Em \u201cO Gua\u00edba por Achutti\u201d \u2013 obra financiada via Minist\u00e9rio da Cultura, produ\u00e7\u00e3o executiva de Pedro Longhi, e Fl\u00e1vio Wild como designer \u2013, o fot\u00f3grafo revela a beleza e as mazelas de um espa\u00e7o aqu\u00e1tico de \u00e1guas sempre renovadas, cheio de hist\u00f3rias e lendas como as das cidades que foram\u2026","rel":"","context":"Em &quot;Cultura-Geral&quot;","block_context":{"text":"Cultura-Geral","link":"https:\/\/www.jornalja.com.br\/arquivo\/category\/materiasecundaria\/"},"img":{"alt_text":"","src":"","width":0,"height":0},"classes":[]},{"id":13124,"url":"https:\/\/www.jornalja.com.br\/arquivo\/sangue-latino-no-iecine\/","url_meta":{"origin":40990,"position":4},"title":"Sangue latino no IECINE","author":"da Reda\u00e7\u00e3o","date":"18 de maio de 2014","format":false,"excerpt":"Francisco Ribeiro O Instituto Estadual de Cinema (IECINE) tem a frente, desde abril \u00faltimo, um novo diretor, o cineasta colombiano Juan Zapata, 36, que substitui Luiz Alberto Cassol. Radicado h\u00e1 dez anos em Porto Alegre, Zapata tem diante de si o desafio de conduzir at\u00e9 o final do ano um\u2026","rel":"","context":"Em &quot;Cultura-Geral&quot;","block_context":{"text":"Cultura-Geral","link":"https:\/\/www.jornalja.com.br\/arquivo\/category\/materiasecundaria\/"},"img":{"alt_text":"","src":"","width":0,"height":0},"classes":[]},{"id":12960,"url":"https:\/\/www.jornalja.com.br\/arquivo\/populacao-culpa-empresas-pela-greve-dos-rodoviarios\/","url_meta":{"origin":40990,"position":5},"title":"Popula\u00e7\u00e3o culpa empresas pela greve","author":"Patr\u00edcia Marini","date":"14 de fevereiro de 2014","format":false,"excerpt":"Pesquisa divulgada na edi\u00e7\u00e3o do jornal Metro desta sexta-feira,14, comprova o velho ditado: \u00e9 poss\u00edvel enganar muitos por algum tempo, mas n\u00e3o \u00e9 poss\u00edvel enganar a todos o tempo inteiro. A principal revela\u00e7\u00e3o foi que 59,8% dos entrevistados apontaram as empresas como as principais respons\u00e1veis pela grave e 46% culparam\u2026","rel":"","context":"Em &quot;X.Categorias velhas&quot;","block_context":{"text":"X.Categorias velhas","link":"https:\/\/www.jornalja.com.br\/arquivo\/category\/x-categorias-velhas\/"},"img":{"alt_text":"","src":"","width":0,"height":0},"classes":[]}],"jetpack_shortlink":"https:\/\/wp.me\/pbQjBd-aF8","jetpack_featured_media_url":"","_links":{"self":[{"href":"https:\/\/www.jornalja.com.br\/arquivo\/wp-json\/wp\/v2\/posts\/40990","targetHints":{"allow":["GET"]}}],"collection":[{"href":"https:\/\/www.jornalja.com.br\/arquivo\/wp-json\/wp\/v2\/posts"}],"about":[{"href":"https:\/\/www.jornalja.com.br\/arquivo\/wp-json\/wp\/v2\/types\/post"}],"author":[{"embeddable":true,"href":"https:\/\/www.jornalja.com.br\/arquivo\/wp-json\/wp\/v2\/users\/4"}],"replies":[{"embeddable":true,"href":"https:\/\/www.jornalja.com.br\/arquivo\/wp-json\/wp\/v2\/comments?post=40990"}],"version-history":[{"count":0,"href":"https:\/\/www.jornalja.com.br\/arquivo\/wp-json\/wp\/v2\/posts\/40990\/revisions"}],"wp:attachment":[{"href":"https:\/\/www.jornalja.com.br\/arquivo\/wp-json\/wp\/v2\/media?parent=40990"}],"wp:term":[{"taxonomy":"category","embeddable":true,"href":"https:\/\/www.jornalja.com.br\/arquivo\/wp-json\/wp\/v2\/categories?post=40990"},{"taxonomy":"post_tag","embeddable":true,"href":"https:\/\/www.jornalja.com.br\/arquivo\/wp-json\/wp\/v2\/tags?post=40990"}],"curies":[{"name":"wp","href":"https:\/\/api.w.org\/{rel}","templated":true}]}}