{"id":41010,"date":"2016-11-01T21:10:44","date_gmt":"2016-11-02T00:10:44","guid":{"rendered":"https:\/\/www.jornalja.com.br\/?p=41010"},"modified":"2016-11-01T21:10:44","modified_gmt":"2016-11-02T00:10:44","slug":"o-brasil-nao-e-colonia","status":"publish","type":"post","link":"https:\/\/www.jornalja.com.br\/arquivo\/o-brasil-nao-e-colonia\/","title":{"rendered":"O Brasil n\u00e3o \u00e9 col\u00f4nia"},"content":{"rendered":"<p><span class=\"assinaespecial\">Jaime Rodrigues &#8211; Urbanista<\/span><br \/>\nAp\u00f3s a elei\u00e7\u00e3o municipal de 2 de outubro de 2016 muitas considera\u00e7\u00f5es cr\u00edticas\u00a0\u00a0 \u00a0\u00e0 pol\u00edtica no pa\u00eds e especificamente a toda sua esquerda est\u00e3o aparecendo. O resultado eleitoral altamente negativo para as for\u00e7as progressistas destaca as dificuldades para formular seus novos passos. Esta realidade permitiu o enorme crescimento das for\u00e7as conservadoras em particular seus setores mais organizados e conscientes para apresentar uma pol\u00edtica antipopular e antidemocr\u00e1tica.<br \/>\nNosso pa\u00eds vive um impasse profundo em seu desenvolvimento. A raiz desta limita\u00e7\u00e3o n\u00e3o pode ser entendida simplesmente como uma quest\u00e3o circunstancial, mas \u00e9 decorrente de dificuldades em toda a sociedade, agravado por press\u00f5es externas. O forte conflito conjuntural foi constru\u00eddo tendenciosamente e se arrasta por mais de um ano. Surgiu inicialmente com o objetivo de criar impeachment ao governo Dilma. Agora \u00e9 aproveitado para um caminho de desestrutura\u00e7\u00e3o do Estado brasileiro, supress\u00e3o da prote\u00e7\u00e3o trabalhista que foi conquistada na hist\u00f3ria do Brasil e aos valores decisivos na condi\u00e7\u00e3o de vida da popula\u00e7\u00e3o. Grandes temas em que as quest\u00f5es conjunturais n\u00e3o s\u00e3o o aspecto maior. Este \u00e9 o argumento alegado pelas for\u00e7as conservadoras e a m\u00eddia nacional.<br \/>\nO atual presidente do pa\u00eds assumiu o cargo com um desgaste pessoal muito grande e procura melhorar sua imagem. Apresenta um discurso intencionalmente confuso e procura amenizar sua rejei\u00e7\u00e3o e tamb\u00e9m criar satisfa\u00e7\u00f5es para as for\u00e7as que o colocaram no cargo. Afirma que existem problemas s\u00e9rios do momento, mas sua pr\u00e1tica, ao contr\u00e1rio, tem sido de enfrentar quest\u00f5es estruturais com solu\u00e7\u00f5es altamente conservadoras. Os efeitos junto \u00e0 popula\u00e7\u00e3o e a todo o pa\u00eds s\u00e3o muito graves. Na realidade \u00e9 um caminho de caracter\u00edsticas destrutivas \u00e0 pr\u00f3pria Na\u00e7\u00e3o.<br \/>\n\u00c9 muito comum falar de que a \u201cadministra\u00e7\u00e3o anterior era prec\u00e1ria\u201d, idem \u00e0 \u201ccorrup\u00e7\u00e3o recente\u201d, atualmente se fala em \u201cd\u00edvida enorme\u201d. \u00c9 dito que criaram problemas de crise que barram a economia nacional. Ocorre que nos momentos agudos da crise internacional em 2008 houve uma solu\u00e7\u00e3o audaciosa e progressista de manter o crescimento com medidas de investimento, o que mostra a capacidade da economia \u00e0s exig\u00eancias imediatas.<br \/>\nDepois das grandes manifesta\u00e7\u00f5es de 2013 o governo eleito encontrou barreiras pol\u00edticas de oposi\u00e7\u00e3o e, junto com equ\u00edvocos pr\u00f3prios, apareceram dificuldades que foram aproveitadas politicamente para sua derrubada. Agora s\u00e3o ignoradas as quest\u00f5es de conjuntura e existe a postura de priorizar o grande capital. \u00c9 afirmado que ser\u00e1 para um avan\u00e7o posterior de todo pa\u00eds e de toda sociedade. Um caminho p\u00f3s-neoliberal semelhante j\u00e1 foi adotado em v\u00e1rios pa\u00edses. Sempre um fracasso enorme.<br \/>\nTemer, o atual presidente, tem declarado que a d\u00edvida do pa\u00eds \u00e9 enorme e imp\u00f5e muita inseguran\u00e7a o que impede investimentos do exterior para permitir novas produ\u00e7\u00f5es e alcan\u00e7ar mais exporta\u00e7\u00f5es. Um mito do texto \u201cA ponte do futuro\u201d do PMDB. N\u00e3o explica porque a produ\u00e7\u00e3o j\u00e1 existente n\u00e3o amplia o mercado externo. E n\u00e3o diz como as novas dever\u00e3o alcan\u00e7ar este espa\u00e7o de expans\u00e3o.<br \/>\nJ\u00e1 o senhor Meirelles, ministro atual da fazenda, em entrevista recente e questionado se o Brasil teria condi\u00e7\u00f5es de enfrentar as poss\u00edveis dificuldades da sa\u00edda do Reino Unido da Uni\u00e3o Europeia declarou de maneira incisiva que as d\u00edvidas em sua maioria s\u00e3o em Reais e est\u00e3o programadas. O pa\u00eds det\u00e9m uma enorme reserva de capital em 350 bilh\u00f5es de d\u00f3lares, o que antes nunca teve. As quest\u00f5es de infla\u00e7\u00e3o ou mesmo de juros altos e outras quest\u00f5es administrativas ou financeiras exigem medidas menores. Assim ele afirmou.<br \/>\nNossos obst\u00e1culos no Brasil atingem as bases fundamentais de uma sociedade de depend\u00eancia, o <strong>Subdesenvolvimento, <\/strong>como \u00e9 definido o atual tempo hist\u00f3rico. A alternativa conduzida pelos conservadores conduz a um caminho da sociedade de <strong>Col\u00f4nia. <\/strong>Est\u00e1 caracterizado, por exemplo, com a pol\u00edtica de educa\u00e7\u00e3o e sa\u00fade que cria o despreparo dos jovens e mesmo de toda a popula\u00e7\u00e3o. Uma atitude destruidora \u00e0 Democracia impede a sociedade defender e construir sua transforma\u00e7\u00e3o. Da mesma maneira que com v\u00e1rias outras medidas aprofunda a inseguran\u00e7a na vida dos trabalhadores e diminui a grandeza de toda a Na\u00e7\u00e3o.<br \/>\n<span class=\"intertit\"><strong>O Conflito Que Existe e Gera Impasses Estruturais<\/strong><\/span><br \/>\nO objetivo empresarial hoje \u00e9 impulsionado de maneira obcecada pelo grande lucro. Supera barreiras at\u00e9 do pr\u00f3prio mercado, um dos grandes valores do neoliberalismo original. Diminu\u00edram a \u201cconcorr\u00eancia\u201d, sendo substitu\u00eddo por \u201cacordos entre partes\u201d na explora\u00e7\u00e3o. Os mecanismos operacionais para a\u00e7\u00e3o na economia s\u00e3o muito \u00e1geis. Consegue varia\u00e7\u00f5es na localiza\u00e7\u00e3o do espa\u00e7o, rapidez no tempo e articula\u00e7\u00e3o internacional. Existe dom\u00ednio com objetivos e valores definidos para a produ\u00e7\u00e3o, com\u00e9rcio, tecnologia, qualifica\u00e7\u00e3o da m\u00e3o de obra, instala\u00e7\u00e3o de empresas novas e destrui\u00e7\u00e3o das locais al\u00e9m de ter grande capacidade para realizar modifica\u00e7\u00f5es permanentes.<br \/>\nNo Brasil atuam em setores espec\u00edficos da economia, criando redes de empresas que s\u00e3o controladas pelo Sistema Financeiro e dependem de orienta\u00e7\u00e3o externa da produ\u00e7\u00e3o, que diz como fazer e o que pode ser feito. O Subdesenvolvimento conduz hoje o empres\u00e1rio local a n\u00e3o investir na pr\u00f3pria produ\u00e7\u00e3o. A sua grande debilidade \u00e9 a incapacidade de dar continuidade e elaborar uma vis\u00e3o ampla com solu\u00e7\u00f5es para toda a sociedade e proje\u00e7\u00e3o ao futuro.<br \/>\nNa vida atual o patr\u00e3o muitas vezes \u00e9 quase desconhecido e o controle empresarial atinge os famosos administradores de colarinho branco o que \u00e9 muito vol\u00favel. Estes \u201ct\u00e9cnicos\u201d est\u00e3o altamente integrados em condi\u00e7\u00f5es internacionais. Det\u00e9m muito poder e no Brasil contam com capacidade de interven\u00e7\u00e3o e decis\u00e3o na pol\u00edtica democr\u00e1tica do pa\u00eds, impondo sua forte decad\u00eancia atual. Este fen\u00f4meno existe, guardando diferen\u00e7as espec\u00edficas, em todos os pa\u00edses do mundo.<br \/>\nAs Rela\u00e7\u00f5es de Trabalho igualmente modificou sua estrutura. O tempo de perman\u00eancia do trabalhador na empresa \u00e9 acentuadamente curto, o que enfraquece a for\u00e7a coletiva. A maneira que \u00e9 utilizada a tecnologia moderna altera a estrutura da produ\u00e7\u00e3o e diminui ou modifica a solidariedade entre os trabalhadores, introduzindo elementos de concorr\u00eancia e modifica\u00e7\u00f5es profissionais acentuadas. As estruturas sociais como os sindicatos est\u00e3o debilitadas.<br \/>\nEsta situa\u00e7\u00e3o \u00e9 acompanhada com valores novos e desumanos.\u00a0 O medo que surge na popula\u00e7\u00e3o \u00e9 enorme, acentua o individualismo, o consumismo e acentua pr\u00e1ticas de viol\u00eancia. Surgem elementos como a \u201cidiotiza\u00e7\u00e3o\u201d do cotidiano da vida que cultua valores vazios e d\u00fabios. A ideologia \u00e9 um espa\u00e7o de conflito profundo. Valores de pensamento conservadores como \u201cfim da hist\u00f3ria\u201d e \u201csaber absoluto\u201d foram de grande disputa, embora n\u00e3o consigam mais convencer. Hoje n\u00e3o est\u00e3o devidamente caracterizados os pontos de conflito e estrutura pol\u00edtica. Temos uma realidade que une a ambiguidade e a inseguran\u00e7a. Uma \u201csociedade l\u00edquida\u201d.<br \/>\nNa composi\u00e7\u00e3o do Estado no Brasil est\u00e3o presentes valores de sua origem, alguns ainda do escravagismo e coronelismo. Existe um burocratismo que emperra as responsabilidades no desenvolvimento e n\u00e3o atende as necessidades da popula\u00e7\u00e3o. Para as for\u00e7as conservadoras o importante \u00e9 diminuir toda a Institui\u00e7\u00e3o, tornar como m\u00ednima a sua capacidade de a\u00e7\u00e3o econ\u00f4mica e pouca a sua interven\u00e7\u00e3o na sociedade. Para esta orienta\u00e7\u00e3o o poder deve ficar no dom\u00ednio empresarial e transferir mais o seu custo para a popula\u00e7\u00e3o. \u00c9 uma for\u00e7a poderosa com capacidade de derrubar, mas com uma absoluta falta de perspectiva. O seu crescimento gera uma polariza\u00e7\u00e3o social agora em pontos extremos Uma solu\u00e7\u00e3o progressista oposta deve ser constru\u00edda contando com alta participa\u00e7\u00e3o popular e amplo debate.<br \/>\n<span class=\"intertit\"><strong>Proposta Progressista<\/strong><\/span><br \/>\nAntes dos governos populares recentes, do presidente Lula e da Presidenta Dilma o Brasil era um pa\u00eds prec\u00e1rio em sua organiza\u00e7\u00e3o social, fr\u00e1gil e inclusive com amplas \u00e1reas de fome. A economia da mesma forma pequena e emperrada. Havia procuras para superar este quadro. Os neoliberalistas da \u00e9poca venderam amplos setores do Estado, mantiveram os sal\u00e1rios m\u00ednimos muito baixos e a d\u00edvida enorme do pa\u00eds fazia o ministro da fazenda visitar continuamente o FMI.<br \/>\nPara adotar um rumo progressista tivemos medidas sociais que beneficiavam a popula\u00e7\u00e3o e refor\u00e7ava em muito o mercado interno. Da mesma forma houve investimentos em setores como a infraestrutura e diversas \u00e1reas econ\u00f4micas que estavam contidos, como a constru\u00e7\u00e3o de navios, o que estimulou a economia. Na verdade ouve tamb\u00e9m est\u00edmulos externos favor\u00e1veis na \u00e9poca. Mas este avan\u00e7o n\u00e3o era ocasional, foi conquistado, trata-se de uma trajet\u00f3ria de lutas e elabora\u00e7\u00e3o de uma pol\u00edtica. \u00c9 fundamental considerarmos tamb\u00e9m que durante todos os governos, a condu\u00e7\u00e3o do executivo sempre procurou uma trajet\u00f3ria para o futuro.<br \/>\nFoi poss\u00edvel muita atividade no Estado, melhoras efetivas das condi\u00e7\u00f5es de vida da popula\u00e7\u00e3o pobre e junto aos trabalhadores que come\u00e7aram qualificar suas condi\u00e7\u00f5es de trabalho e de sua remunera\u00e7\u00e3o. Ocorre que esta enorme trajet\u00f3ria pol\u00edtica come\u00e7ou a ficar limitada e repetitiva. O Brasil, como em praticamente todos os pa\u00edses a sociedade tem sofrido modifica\u00e7\u00f5es profundas e as for\u00e7as de esquerda procuram compreender e alcan\u00e7ar repostas.<br \/>\nAtinge n\u00e3o s\u00f3 as rela\u00e7\u00f5es de produ\u00e7\u00e3o, mas a condi\u00e7\u00e3o de vida, as rela\u00e7\u00f5es de trabalho, a ideologia, a pr\u00f3pria cultura e toda a sociedade. \u00c9 necess\u00e1rio construir uma proposta que atinja todo o Brasil. Neste sentido devemos entender que a Democracia deve superar suas caracter\u00edsticas atuais porque no mundo todo est\u00e1 demonstrando limita\u00e7\u00f5es para responder as exig\u00eancias do momento.<br \/>\nA Utopia \u00e9 uma necessidade para qualquer proposta e \u00e9 essencial. As for\u00e7as reacion\u00e1rias falam que vivemos a maior crise da hist\u00f3ria do Brasil o que n\u00e3o \u00e9 verdadeiro. Procuram apresentar alternativa antipopular e antidemocr\u00e1tica como solu\u00e7\u00e3o decisiva. Ou seja, os pobres solucionam os desejos dos ricos.<br \/>\n\u00c9 necess\u00e1rio afirmar que nosso pa\u00eds, continental, com uma enorme produ\u00e7\u00e3o agr\u00edcola e industrial permite pol\u00edticas que valorize a Na\u00e7\u00e3o. \u00c9 importante para a organiza\u00e7\u00e3o da regi\u00e3o da Am\u00e9rica, articulada com os pa\u00edses emergentes e de v\u00e1rias regi\u00f5es do mundo, como estava sendo elaborado com o BRICS. Devemos ter barreiras a estas explora\u00e7\u00f5es ao pa\u00eds. Debater com a pr\u00f3pria burguesia brasileira que recuou e se submete \u00e0s determina\u00e7\u00f5es do grande capital. Negociar, mas para benef\u00edcio da popula\u00e7\u00e3o. Fortalecer a pequena e m\u00e9dia empresa de todo o pa\u00eds. Unir a estas atividades nacionais a Universidade, sindicatos, setores diversos da popula\u00e7\u00e3o. Um caminho para superar os limites atuais da Democracia. A pr\u00f3pria participa\u00e7\u00e3o, com poder real de decis\u00e3o e fiscaliza\u00e7\u00e3o deve ser adotada.<br \/>\n&nbsp;<br \/>\n&nbsp;<\/p>\n","protected":false},"excerpt":{"rendered":"<p>Jaime Rodrigues &#8211; Urbanista Ap\u00f3s a elei\u00e7\u00e3o municipal de 2 de outubro de 2016 muitas considera\u00e7\u00f5es cr\u00edticas\u00a0\u00a0 \u00a0\u00e0 pol\u00edtica no pa\u00eds e especificamente a toda sua esquerda est\u00e3o aparecendo. O resultado eleitoral altamente negativo para as for\u00e7as progressistas destaca as dificuldades para formular seus novos passos. Esta realidade permitiu o enorme crescimento das for\u00e7as conservadoras [&hellip;]<\/p>\n","protected":false},"author":4,"featured_media":41011,"comment_status":"open","ping_status":"closed","sticky":false,"template":"","format":"standard","meta":{"_jetpack_newsletter_access":"","_jetpack_dont_email_post_to_subs":false,"_jetpack_newsletter_tier_id":0,"_jetpack_memberships_contains_paywalled_content":false,"_jetpack_feature_clip_id":0,"_jetpack_memberships_contains_paid_content":false,"footnotes":"","jetpack_post_was_ever_published":false},"categories":[2011,2012],"tags":[],"class_list":["post-41010","post","type-post","status-publish","format-standard","has-post-thumbnail","hentry","category-destaque","category-debates"],"aioseo_notices":[],"aioseo_head":"\n\t\t<!-- All in One SEO 5.0.1.1 - aioseo.com -->\n\t<meta name=\"robots\" content=\"max-image-preview:large\" \/>\n\t<meta name=\"author\" content=\"da Reda\u00e7\u00e3o\"\/>\n\t<link rel=\"canonical\" href=\"https:\/\/www.jornalja.com.br\/arquivo\/o-brasil-nao-e-colonia\/\" \/>\n\t<meta name=\"generator\" content=\"All in One SEO (AIOSEO) 5.0.1.1\" \/>\n\t\t<meta property=\"og:locale\" content=\"pt_BR\" \/>\n\t\t<meta property=\"og:site_name\" content=\"Arquivo | Jornal J\u00c1 | Porto Alegre\" \/>\n\t\t<meta property=\"og:type\" content=\"article\" \/>\n\t\t<meta property=\"og:title\" content=\"O Brasil n\u00e3o \u00e9 col\u00f4nia | Arquivo\" \/>\n\t\t<meta property=\"og:url\" content=\"https:\/\/www.jornalja.com.br\/arquivo\/o-brasil-nao-e-colonia\/\" \/>\n\t\t<meta property=\"og:image\" content=\"https:\/\/www.jornalja.com.br\/economics\/wp-content\/uploads\/sites\/11\/2026\/08\/ja-folhaderosto-facebook.jpg\" \/>\n\t\t<meta property=\"og:image:secure_url\" content=\"https:\/\/www.jornalja.com.br\/economics\/wp-content\/uploads\/sites\/11\/2026\/08\/ja-folhaderosto-facebook.jpg\" \/>\n\t\t<meta property=\"article:published_time\" content=\"2016-11-02T00:10:44+00:00\" \/>\n\t\t<meta property=\"article:modified_time\" content=\"2016-11-02T00:10:44+00:00\" \/>\n\t\t<meta name=\"twitter:card\" content=\"summary\" \/>\n\t\t<meta name=\"twitter:title\" content=\"O Brasil n\u00e3o \u00e9 col\u00f4nia | Arquivo\" \/>\n\t\t<meta name=\"twitter:image\" content=\"https:\/\/www.jornalja.com.br\/economics\/wp-content\/uploads\/sites\/11\/2026\/08\/ja-folhaderosto-facebook.jpg\" \/>\n\t\t<script type=\"application\/ld+json\" class=\"aioseo-schema\">\n\t\t\t{\"@context\":\"https:\\\/\\\/schema.org\",\"@graph\":[{\"@type\":\"BlogPosting\",\"@id\":\"https:\\\/\\\/www.jornalja.com.br\\\/arquivo\\\/o-brasil-nao-e-colonia\\\/#blogposting\",\"name\":\"O Brasil n\\u00e3o \\u00e9 col\\u00f4nia | Arquivo\",\"headline\":\"O Brasil n\\u00e3o \\u00e9 col\\u00f4nia\",\"author\":{\"@id\":\"https:\\\/\\\/www.jornalja.com.br\\\/arquivo\\\/author\\\/daredacao\\\/#author\"},\"publisher\":{\"@id\":\"https:\\\/\\\/www.jornalja.com.br\\\/arquivo\\\/#organization\"},\"image\":{\"@type\":\"ImageObject\",\"url\":41011},\"datePublished\":\"2016-11-01T21:10:44-02:00\",\"dateModified\":\"2016-11-01T21:10:44-02:00\",\"inLanguage\":\"pt-BR\",\"mainEntityOfPage\":{\"@id\":\"https:\\\/\\\/www.jornalja.com.br\\\/arquivo\\\/o-brasil-nao-e-colonia\\\/#webpage\"},\"isPartOf\":{\"@id\":\"https:\\\/\\\/www.jornalja.com.br\\\/arquivo\\\/o-brasil-nao-e-colonia\\\/#webpage\"},\"articleSection\":\"CDD-artigo em destaque, HOTSITE Comit\\u00ea pela Democracia\"},{\"@type\":\"BreadcrumbList\",\"@id\":\"https:\\\/\\\/www.jornalja.com.br\\\/arquivo\\\/o-brasil-nao-e-colonia\\\/#breadcrumblist\",\"itemListElement\":[{\"@type\":\"ListItem\",\"@id\":\"https:\\\/\\\/www.jornalja.com.br\\\/arquivo#listItem\",\"position\":1,\"name\":\"Home\",\"item\":\"https:\\\/\\\/www.jornalja.com.br\\\/arquivo\",\"nextItem\":{\"@type\":\"ListItem\",\"@id\":\"https:\\\/\\\/www.jornalja.com.br\\\/arquivo\\\/category\\\/destaque\\\/#listItem\",\"name\":\"CDD-artigo em destaque\"}},{\"@type\":\"ListItem\",\"@id\":\"https:\\\/\\\/www.jornalja.com.br\\\/arquivo\\\/category\\\/destaque\\\/#listItem\",\"position\":2,\"name\":\"CDD-artigo em destaque\",\"item\":\"https:\\\/\\\/www.jornalja.com.br\\\/arquivo\\\/category\\\/destaque\\\/\",\"nextItem\":{\"@type\":\"ListItem\",\"@id\":\"https:\\\/\\\/www.jornalja.com.br\\\/arquivo\\\/o-brasil-nao-e-colonia\\\/#listItem\",\"name\":\"O Brasil n\\u00e3o \\u00e9 col\\u00f4nia\"},\"previousItem\":{\"@type\":\"ListItem\",\"@id\":\"https:\\\/\\\/www.jornalja.com.br\\\/arquivo#listItem\",\"name\":\"Home\"}},{\"@type\":\"ListItem\",\"@id\":\"https:\\\/\\\/www.jornalja.com.br\\\/arquivo\\\/o-brasil-nao-e-colonia\\\/#listItem\",\"position\":3,\"name\":\"O Brasil n\\u00e3o \\u00e9 col\\u00f4nia\",\"previousItem\":{\"@type\":\"ListItem\",\"@id\":\"https:\\\/\\\/www.jornalja.com.br\\\/arquivo\\\/category\\\/destaque\\\/#listItem\",\"name\":\"CDD-artigo em destaque\"}}]},{\"@type\":\"Organization\",\"@id\":\"https:\\\/\\\/www.jornalja.com.br\\\/arquivo\\\/#organization\",\"name\":\"Jornal J\\u00c1\",\"description\":\"Jornal J\\u00c1 | Porto Alegre\",\"url\":\"https:\\\/\\\/www.jornalja.com.br\\\/arquivo\\\/\",\"telephone\":\"+555133307272\",\"logo\":{\"@type\":\"ImageObject\",\"url\":\"https:\\\/\\\/www.jornalja.com.br\\\/wp-content\\\/uploads\\\/cards\\\/JAslogan.png\",\"@id\":\"https:\\\/\\\/www.jornalja.com.br\\\/arquivo\\\/o-brasil-nao-e-colonia\\\/#organizationLogo\"},\"image\":{\"@id\":\"https:\\\/\\\/www.jornalja.com.br\\\/arquivo\\\/o-brasil-nao-e-colonia\\\/#organizationLogo\"}},{\"@type\":\"Person\",\"@id\":\"https:\\\/\\\/www.jornalja.com.br\\\/arquivo\\\/author\\\/daredacao\\\/#author\",\"url\":\"https:\\\/\\\/www.jornalja.com.br\\\/arquivo\\\/author\\\/daredacao\\\/\",\"name\":\"da Reda\\u00e7\\u00e3o\",\"image\":{\"@type\":\"ImageObject\",\"@id\":\"https:\\\/\\\/www.jornalja.com.br\\\/arquivo\\\/o-brasil-nao-e-colonia\\\/#authorImage\",\"url\":\"https:\\\/\\\/secure.gravatar.com\\\/avatar\\\/469fd857d6605ad19919d27ed29d35a968a25f6e8fd9318356bbb7f57aae9c65?s=96&d=mm&r=g\",\"width\":96,\"height\":96,\"caption\":\"da Reda\\u00e7\\u00e3o\"}},{\"@type\":\"WebPage\",\"@id\":\"https:\\\/\\\/www.jornalja.com.br\\\/arquivo\\\/o-brasil-nao-e-colonia\\\/#webpage\",\"url\":\"https:\\\/\\\/www.jornalja.com.br\\\/arquivo\\\/o-brasil-nao-e-colonia\\\/\",\"name\":\"O Brasil n\\u00e3o \\u00e9 col\\u00f4nia | Arquivo\",\"inLanguage\":\"pt-BR\",\"isPartOf\":{\"@id\":\"https:\\\/\\\/www.jornalja.com.br\\\/arquivo\\\/#website\"},\"breadcrumb\":{\"@id\":\"https:\\\/\\\/www.jornalja.com.br\\\/arquivo\\\/o-brasil-nao-e-colonia\\\/#breadcrumblist\"},\"author\":{\"@id\":\"https:\\\/\\\/www.jornalja.com.br\\\/arquivo\\\/author\\\/daredacao\\\/#author\"},\"creator\":{\"@id\":\"https:\\\/\\\/www.jornalja.com.br\\\/arquivo\\\/author\\\/daredacao\\\/#author\"},\"image\":{\"@type\":\"ImageObject\",\"url\":41011,\"@id\":\"https:\\\/\\\/www.jornalja.com.br\\\/arquivo\\\/o-brasil-nao-e-colonia\\\/#mainImage\"},\"primaryImageOfPage\":{\"@id\":\"https:\\\/\\\/www.jornalja.com.br\\\/arquivo\\\/o-brasil-nao-e-colonia\\\/#mainImage\"},\"datePublished\":\"2016-11-01T21:10:44-02:00\",\"dateModified\":\"2016-11-01T21:10:44-02:00\"},{\"@type\":\"WebSite\",\"@id\":\"https:\\\/\\\/www.jornalja.com.br\\\/arquivo\\\/#website\",\"url\":\"https:\\\/\\\/www.jornalja.com.br\\\/arquivo\\\/\",\"name\":\"Arquivo\",\"description\":\"Jornal J\\u00c1 | Porto Alegre\",\"inLanguage\":\"pt-BR\",\"publisher\":{\"@id\":\"https:\\\/\\\/www.jornalja.com.br\\\/arquivo\\\/#organization\"}}]}\n\t\t<\/script>\n\t\t<!-- All in One SEO -->\n\n","aioseo_head_json":{"title":"O Brasil n\u00e3o \u00e9 col\u00f4nia | Arquivo","description":"","canonical_url":"https:\/\/www.jornalja.com.br\/arquivo\/o-brasil-nao-e-colonia\/","robots":"max-image-preview:large","keywords":"","webmasterTools":{"miscellaneous":""},"schema":{"@context":"https:\/\/schema.org","@graph":[{"@type":"BlogPosting","@id":"https:\/\/www.jornalja.com.br\/arquivo\/o-brasil-nao-e-colonia\/#blogposting","name":"O Brasil n\u00e3o \u00e9 col\u00f4nia | Arquivo","headline":"O Brasil n\u00e3o \u00e9 col\u00f4nia","author":{"@id":"https:\/\/www.jornalja.com.br\/arquivo\/author\/daredacao\/#author"},"publisher":{"@id":"https:\/\/www.jornalja.com.br\/arquivo\/#organization"},"image":{"@type":"ImageObject","url":41011},"datePublished":"2016-11-01T21:10:44-02:00","dateModified":"2016-11-01T21:10:44-02:00","inLanguage":"pt-BR","mainEntityOfPage":{"@id":"https:\/\/www.jornalja.com.br\/arquivo\/o-brasil-nao-e-colonia\/#webpage"},"isPartOf":{"@id":"https:\/\/www.jornalja.com.br\/arquivo\/o-brasil-nao-e-colonia\/#webpage"},"articleSection":"CDD-artigo em destaque, HOTSITE Comit\u00ea pela Democracia"},{"@type":"BreadcrumbList","@id":"https:\/\/www.jornalja.com.br\/arquivo\/o-brasil-nao-e-colonia\/#breadcrumblist","itemListElement":[{"@type":"ListItem","@id":"https:\/\/www.jornalja.com.br\/arquivo#listItem","position":1,"name":"Home","item":"https:\/\/www.jornalja.com.br\/arquivo","nextItem":{"@type":"ListItem","@id":"https:\/\/www.jornalja.com.br\/arquivo\/category\/destaque\/#listItem","name":"CDD-artigo em destaque"}},{"@type":"ListItem","@id":"https:\/\/www.jornalja.com.br\/arquivo\/category\/destaque\/#listItem","position":2,"name":"CDD-artigo em destaque","item":"https:\/\/www.jornalja.com.br\/arquivo\/category\/destaque\/","nextItem":{"@type":"ListItem","@id":"https:\/\/www.jornalja.com.br\/arquivo\/o-brasil-nao-e-colonia\/#listItem","name":"O Brasil n\u00e3o \u00e9 col\u00f4nia"},"previousItem":{"@type":"ListItem","@id":"https:\/\/www.jornalja.com.br\/arquivo#listItem","name":"Home"}},{"@type":"ListItem","@id":"https:\/\/www.jornalja.com.br\/arquivo\/o-brasil-nao-e-colonia\/#listItem","position":3,"name":"O Brasil n\u00e3o \u00e9 col\u00f4nia","previousItem":{"@type":"ListItem","@id":"https:\/\/www.jornalja.com.br\/arquivo\/category\/destaque\/#listItem","name":"CDD-artigo em destaque"}}]},{"@type":"Organization","@id":"https:\/\/www.jornalja.com.br\/arquivo\/#organization","name":"Jornal J\u00c1","description":"Jornal J\u00c1 | Porto Alegre","url":"https:\/\/www.jornalja.com.br\/arquivo\/","telephone":"+555133307272","logo":{"@type":"ImageObject","url":"https:\/\/www.jornalja.com.br\/wp-content\/uploads\/cards\/JAslogan.png","@id":"https:\/\/www.jornalja.com.br\/arquivo\/o-brasil-nao-e-colonia\/#organizationLogo"},"image":{"@id":"https:\/\/www.jornalja.com.br\/arquivo\/o-brasil-nao-e-colonia\/#organizationLogo"}},{"@type":"Person","@id":"https:\/\/www.jornalja.com.br\/arquivo\/author\/daredacao\/#author","url":"https:\/\/www.jornalja.com.br\/arquivo\/author\/daredacao\/","name":"da Reda\u00e7\u00e3o","image":{"@type":"ImageObject","@id":"https:\/\/www.jornalja.com.br\/arquivo\/o-brasil-nao-e-colonia\/#authorImage","url":"https:\/\/secure.gravatar.com\/avatar\/469fd857d6605ad19919d27ed29d35a968a25f6e8fd9318356bbb7f57aae9c65?s=96&d=mm&r=g","width":96,"height":96,"caption":"da Reda\u00e7\u00e3o"}},{"@type":"WebPage","@id":"https:\/\/www.jornalja.com.br\/arquivo\/o-brasil-nao-e-colonia\/#webpage","url":"https:\/\/www.jornalja.com.br\/arquivo\/o-brasil-nao-e-colonia\/","name":"O Brasil n\u00e3o \u00e9 col\u00f4nia | Arquivo","inLanguage":"pt-BR","isPartOf":{"@id":"https:\/\/www.jornalja.com.br\/arquivo\/#website"},"breadcrumb":{"@id":"https:\/\/www.jornalja.com.br\/arquivo\/o-brasil-nao-e-colonia\/#breadcrumblist"},"author":{"@id":"https:\/\/www.jornalja.com.br\/arquivo\/author\/daredacao\/#author"},"creator":{"@id":"https:\/\/www.jornalja.com.br\/arquivo\/author\/daredacao\/#author"},"image":{"@type":"ImageObject","url":41011,"@id":"https:\/\/www.jornalja.com.br\/arquivo\/o-brasil-nao-e-colonia\/#mainImage"},"primaryImageOfPage":{"@id":"https:\/\/www.jornalja.com.br\/arquivo\/o-brasil-nao-e-colonia\/#mainImage"},"datePublished":"2016-11-01T21:10:44-02:00","dateModified":"2016-11-01T21:10:44-02:00"},{"@type":"WebSite","@id":"https:\/\/www.jornalja.com.br\/arquivo\/#website","url":"https:\/\/www.jornalja.com.br\/arquivo\/","name":"Arquivo","description":"Jornal J\u00c1 | Porto Alegre","inLanguage":"pt-BR","publisher":{"@id":"https:\/\/www.jornalja.com.br\/arquivo\/#organization"}}]},"og:locale":"pt_BR","og:site_name":"Arquivo | Jornal J\u00c1 | Porto Alegre","og:type":"article","og:title":"O Brasil n\u00e3o \u00e9 col\u00f4nia | Arquivo","og:url":"https:\/\/www.jornalja.com.br\/arquivo\/o-brasil-nao-e-colonia\/","og:image":"https:\/\/www.jornalja.com.br\/economics\/wp-content\/uploads\/sites\/11\/2026\/08\/ja-folhaderosto-facebook.jpg","og:image:secure_url":"https:\/\/www.jornalja.com.br\/economics\/wp-content\/uploads\/sites\/11\/2026\/08\/ja-folhaderosto-facebook.jpg","article:published_time":"2016-11-02T00:10:44+00:00","article:modified_time":"2016-11-02T00:10:44+00:00","twitter:card":"summary","twitter:title":"O Brasil n\u00e3o \u00e9 col\u00f4nia | Arquivo","twitter:image":"https:\/\/www.jornalja.com.br\/economics\/wp-content\/uploads\/sites\/11\/2026\/08\/ja-folhaderosto-facebook.jpg"},"aioseo_meta_data":{"post_id":"41010","title":null,"description":null,"keywords":null,"keyphrases":null,"primary_term":null,"canonical_url":null,"og_title":null,"og_description":null,"og_object_type":"default","og_image_type":"default","og_image_url":null,"og_image_width":null,"og_image_height":null,"og_image_custom_url":null,"og_image_custom_fields":null,"og_video":null,"og_custom_url":null,"og_article_section":null,"og_article_tags":null,"twitter_use_og":false,"twitter_card":"default","twitter_image_type":"default","twitter_image_url":null,"twitter_image_custom_url":null,"twitter_image_custom_fields":null,"twitter_title":null,"twitter_description":null,"schema":{"blockGraphs":[],"customGraphs":[],"default":{"data":{"Article":[],"Course":[],"Dataset":[],"FAQPage":[],"Movie":[],"Person":[],"Product":[],"ProductReview":[],"Car":[],"Recipe":[],"Service":[],"SoftwareApplication":[],"WebPage":[]},"graphName":"","isEnabled":true},"graphs":[]},"schema_type":null,"schema_type_options":null,"pillar_content":false,"robots_default":true,"robots_noindex":false,"robots_noarchive":false,"robots_nosnippet":false,"robots_nofollow":false,"robots_noimageindex":false,"robots_noodp":false,"robots_notranslate":false,"robots_max_snippet":null,"robots_max_videopreview":null,"robots_max_imagepreview":"large","priority":null,"frequency":null,"location":null,"local_seo":null,"breadcrumb_settings":null,"limit_modified_date":false,"ai":null,"created":"2020-12-20 20:45:48","updated":"2025-07-19 17:54:02","seo_analyzer_scan_date":null,"focus_keyword":null,"additional_keywords":null,"truseo_locale":null},"jetpack_sharing_enabled":true,"jetpack-related-posts":[{"id":13128,"url":"https:\/\/www.jornalja.com.br\/arquivo\/maconha-terra-diz-que-uso-medicinal-e-desculpa\/","url_meta":{"origin":41010,"position":0},"title":"Maconha: Terra diz que uso medicinal \u00e9 desculpa","author":"Patr\u00edcia Marini","date":"4 de junho de 2014","format":false,"excerpt":"A condi\u00e7\u00e3o de pol\u00edtico, em \u00e9poca de campanha de campanha eleitoral, tira for\u00e7a do discurso do m\u00e9dico Osmar Terra contra a legaliza\u00e7\u00e3o da maconha. A tese dele de que a libera\u00e7\u00e3o vai ampliar exponencialmente o consumo \u00e9 discutivel, o consumo \u00e9 corrente. Mas seus alertas quanto aos riscos tem que\u2026","rel":"","context":"Em &quot;X.Categorias velhas&quot;","block_context":{"text":"X.Categorias velhas","link":"https:\/\/www.jornalja.com.br\/arquivo\/category\/x-categorias-velhas\/"},"img":{"alt_text":"","src":"","width":0,"height":0},"classes":[]},{"id":13124,"url":"https:\/\/www.jornalja.com.br\/arquivo\/sangue-latino-no-iecine\/","url_meta":{"origin":41010,"position":1},"title":"Sangue latino no IECINE","author":"da Reda\u00e7\u00e3o","date":"18 de maio de 2014","format":false,"excerpt":"Francisco Ribeiro O Instituto Estadual de Cinema (IECINE) tem a frente, desde abril \u00faltimo, um novo diretor, o cineasta colombiano Juan Zapata, 36, que substitui Luiz Alberto Cassol. Radicado h\u00e1 dez anos em Porto Alegre, Zapata tem diante de si o desafio de conduzir at\u00e9 o final do ano um\u2026","rel":"","context":"Em &quot;Cultura-Geral&quot;","block_context":{"text":"Cultura-Geral","link":"https:\/\/www.jornalja.com.br\/arquivo\/category\/materiasecundaria\/"},"img":{"alt_text":"","src":"","width":0,"height":0},"classes":[]},{"id":13109,"url":"https:\/\/www.jornalja.com.br\/arquivo\/judiciario-reconhece-poluicao-eletromagnetica\/","url_meta":{"origin":41010,"position":2},"title":"Judici\u00e1rio reconhece polui\u00e7\u00e3o eletromagn\u00e9tica","author":"Patr\u00edcia Marini","date":"16 de maio de 2014","format":false,"excerpt":"A\u00e7\u00e3o de duas associa\u00e7\u00f5es de moradores foi acolhida pelo Tribunal de Justi\u00e7a de S\u00e3o Paulo que. em decis\u00e3o in\u00e9dita, determinou a redu\u00e7\u00e3o do campo eletromagn\u00e9tico gerado pelas linhas de transmiss\u00e3o de energia que cortam os bairros City Boa\u00e7ava e Alto de Pinheiros. \u00c9 a primeira vez que um tribunal do\u2026","rel":"","context":"Em &quot;X.Categorias velhas&quot;","block_context":{"text":"X.Categorias velhas","link":"https:\/\/www.jornalja.com.br\/arquivo\/category\/x-categorias-velhas\/"},"img":{"alt_text":"","src":"","width":0,"height":0},"classes":[]},{"id":5440,"url":"https:\/\/www.jornalja.com.br\/arquivo\/casarao-da-venancio-destino-permanece-incerto\/","url_meta":{"origin":41010,"position":3},"title":"Estado ainda n\u00e3o sabe o que fazer com casar\u00e3o abandonado h\u00e1 20 anos","author":"Elmar Bones","date":"6 de julho de 2009","format":false,"excerpt":"O casar\u00e3o amarelo, numa esquina nobre de Porto Alegre (Ven\u00e2ncio Aires com Jo\u00e3o Pessoa), j\u00e1 abrigou uma escola. H\u00e1 duas d\u00e9cadas, pelo menos, est\u00e1 abandonado, porque seu propriet\u00e1rio, o governo do Estado do Rio Grande do Sul, n\u00e3o consegue achar um destino para ele. Planos n\u00e3o faltaram. O governador Ol\u00edvio\u2026","rel":"","context":"Em &quot;X.Categorias velhas&quot;","block_context":{"text":"X.Categorias velhas","link":"https:\/\/www.jornalja.com.br\/arquivo\/category\/x-categorias-velhas\/"},"img":{"alt_text":"geraldo1","src":"https:\/\/i0.wp.com\/www.jornalja.com.br\/wp-content\/uploads\/2009\/07\/geraldo1.jpg?resize=350%2C200&ssl=1","width":350,"height":200},"classes":[]},{"id":14241,"url":"https:\/\/www.jornalja.com.br\/arquivo\/o-guaiba-nas-imagens-poeticas-de-achutti\/","url_meta":{"origin":41010,"position":4},"title":"O Gua\u00edba nas imagens po\u00e9ticas de Achutti","author":"da Reda\u00e7\u00e3o","date":"18 de junho de 2014","format":false,"excerpt":"Em \u201cO Gua\u00edba por Achutti\u201d \u2013 obra financiada via Minist\u00e9rio da Cultura, produ\u00e7\u00e3o executiva de Pedro Longhi, e Fl\u00e1vio Wild como designer \u2013, o fot\u00f3grafo revela a beleza e as mazelas de um espa\u00e7o aqu\u00e1tico de \u00e1guas sempre renovadas, cheio de hist\u00f3rias e lendas como as das cidades que foram\u2026","rel":"","context":"Em &quot;Cultura-Geral&quot;","block_context":{"text":"Cultura-Geral","link":"https:\/\/www.jornalja.com.br\/arquivo\/category\/materiasecundaria\/"},"img":{"alt_text":"","src":"","width":0,"height":0},"classes":[]},{"id":13239,"url":"https:\/\/www.jornalja.com.br\/arquivo\/conselho-desdenha-do-plano-diretor\/","url_meta":{"origin":41010,"position":5},"title":"Porto Alegre: Conselho detona Plano Diretor","author":"Patr\u00edcia Marini","date":"25 de maio de 2014","format":false,"excerpt":"Den\u00fancia do arquiteto e \u00a0urbanista Ibir\u00e1 Santos Lucas. Ele diz que os conselheiros est\u00e3o votando com \"enorme irresponsabilidade\". \"Mudam regime com a maior naturalidade,,,regularizam absurdos de constru\u00e7\u00f5es irregulares... \"O CMDUA est\u00e1 flexibilizando a lei do plano diretor, de uma forma impactante na vida da cidade. Mudam regime com a maior\u2026","rel":"","context":"Em &quot;Geral&quot;","block_context":{"text":"Geral","link":"https:\/\/www.jornalja.com.br\/arquivo\/category\/geral\/"},"img":{"alt_text":"","src":"","width":0,"height":0},"classes":[]}],"jetpack_shortlink":"https:\/\/wp.me\/pbQjBd-aFs","jetpack_featured_media_url":"","_links":{"self":[{"href":"https:\/\/www.jornalja.com.br\/arquivo\/wp-json\/wp\/v2\/posts\/41010","targetHints":{"allow":["GET"]}}],"collection":[{"href":"https:\/\/www.jornalja.com.br\/arquivo\/wp-json\/wp\/v2\/posts"}],"about":[{"href":"https:\/\/www.jornalja.com.br\/arquivo\/wp-json\/wp\/v2\/types\/post"}],"author":[{"embeddable":true,"href":"https:\/\/www.jornalja.com.br\/arquivo\/wp-json\/wp\/v2\/users\/4"}],"replies":[{"embeddable":true,"href":"https:\/\/www.jornalja.com.br\/arquivo\/wp-json\/wp\/v2\/comments?post=41010"}],"version-history":[{"count":0,"href":"https:\/\/www.jornalja.com.br\/arquivo\/wp-json\/wp\/v2\/posts\/41010\/revisions"}],"wp:attachment":[{"href":"https:\/\/www.jornalja.com.br\/arquivo\/wp-json\/wp\/v2\/media?parent=41010"}],"wp:term":[{"taxonomy":"category","embeddable":true,"href":"https:\/\/www.jornalja.com.br\/arquivo\/wp-json\/wp\/v2\/categories?post=41010"},{"taxonomy":"post_tag","embeddable":true,"href":"https:\/\/www.jornalja.com.br\/arquivo\/wp-json\/wp\/v2\/tags?post=41010"}],"curies":[{"name":"wp","href":"https:\/\/api.w.org\/{rel}","templated":true}]}}