{"id":41035,"date":"2016-11-03T11:50:48","date_gmt":"2016-11-03T14:50:48","guid":{"rendered":"https:\/\/www.jornalja.com.br\/?p=41035"},"modified":"2016-11-03T11:50:48","modified_gmt":"2016-11-03T14:50:48","slug":"resquicios-da-casa-grande-em-tempos-de-conquista-de-direitos-pela-senzala","status":"publish","type":"post","link":"https:\/\/www.jornalja.com.br\/arquivo\/resquicios-da-casa-grande-em-tempos-de-conquista-de-direitos-pela-senzala\/","title":{"rendered":"Resqu\u00edcios da Casa Grande em tempos de conquista de direitos pela Senzala"},"content":{"rendered":"<div class=\"linha_fina\"><strong>Magda Barros Biavaschi<\/strong> &#8211; Desembargadora aposentada do TRT4, p\u00f3s-doutora em Economia do Trabalho pelo IE\/UNICAMP e pesquisadora no CESIT\/IE\/UNICAMP.<\/div>\n<div class=\"linha_fina\"><\/div>\n<div class=\"linha_fina\"><strong>Miguel Soldatelli Rossetto<\/strong> &#8211; Vice-governador do Rio Grande do Sul (1999\/2003) e ministro do Desenvolvimento Agr\u00e1rio e do Trabalho e Emprego, respectivamente, nos governos dos presidentes Lula e Dilma Rousseff.<\/div>\n<div class=\"linha_fina\"><\/div>\n<div class=\"linha_fina\"><span class=\"olho\">A PEC 241, aprovada na C\u00e2mara, \u00e9 estruturante do modelo ultraliberal que buscam implementar, como tamb\u00e9m a reforma da Previd\u00eancia, a preval\u00eancia do negociado sobre o legislado, o projeto da terceiriza\u00e7\u00e3o, entre outros. O movimento \u00e9 de regresso. Nessa dan\u00e7a, a Casa Grande d\u00e1 o tom e o som.<\/span><\/div>\n<div class=\"entry\">\nAs desigualdades se aprofundam em tempos de capitalismo globalizado e hegemonizado pelos interesses das finan\u00e7as. Enquanto em 1973 a popula\u00e7\u00e3o 1% mais rica detinha 10% da renda, em 2013 passou a deter 20% (PIKETTY, 2014). Nesse cen\u00e1rio, os direitos sociais sucumbem \u00e0 for\u00e7a bruta e \u00e0s pol\u00edticas de ajuste que, apesar de comprovadamente ineficazes, continuam sendo \u201crecomendadas\u201d pelos organismos emprestadores de dinheiro.<br \/>\nMovido por um desejo insaci\u00e1vel de acumula\u00e7\u00e3o de riqueza abstrata (BELLUZZO, 2013), o capitalismo vai engendrando novas formas de organiza\u00e7\u00e3o, buscando eliminar quaisquer obst\u00e1culos ao seu livre tr\u00e2nsito. No Brasil, por exemplo, as pol\u00edticas sociais p\u00fablicas inclusivas, o Direito do Trabalho e a Justi\u00e7a do Trabalho. N\u00e3o \u00e0 toa, em recursos extraordin\u00e1rios, est\u00e1 sendo postulado do STF que \u201croube a fala\u201d do TST para que este, em suas decis\u00f5es, n\u00e3o ofere\u00e7a limites \u201c\u00e0 livre iniciativa\u201d, como se estiv\u00e9ssemos no s\u00e9culo XIX, em tempos da Constitui\u00e7\u00e3o liberal de 1891.<br \/>\nGilberto Freyre, em Casa Grande &amp; Senzala, desnudou o car\u00e1ter desp\u00f3tico da sociedade escravocrata brasileira. Uma sociedade centrada na vontade e no poder do senhor da <em>Casa-Grande<\/em>, o qual n\u00e3o conhece o bem e o mal; apenas seus desejos, a tudo e a todos objetivando para realiz\u00e1-los (BIAVASCHI, 2007).<br \/>\nEm 1888, a Aboli\u00e7\u00e3o livrou o pa\u00eds de seus inconvenientes. Quanto aos negros, por\u00e9m, abandonou-os <em>\u00e0 sorte. <\/em>Nesse processo, consolidou-se a explora\u00e7\u00e3o de uma m\u00e3o de obra barata, em uma sociedade cujo tecido era costurado pelo signo da desigualdade e da exclus\u00e3o (OLIVEIRA, 1990). As dificuldades de integra\u00e7\u00e3o \u00e0 sociedade eram atribu\u00eddas \u00e0 inferioridade racial: marcas de uma heran\u00e7a que acabaram inscritas na estrutura social, econ\u00f4mica e pol\u00edtica deste Brasil de <em>mil e tantas mis\u00e9rias<\/em><a href=\"http:\/\/brasildebate.com.br\/resquicios-da-casa-grande-em-tempos-de-conquista-de-direitos-pela-senzala-2\/#_ftn1\" name=\"_ftnref1\">[1]<\/a><em>. <\/em>Assim, a rela\u00e7\u00e3o entre escravo e senhor apenas formalmente acabou por culminar no homem \u201clivre\u201d, sem que fossem superadas as condi\u00e7\u00f5es instituintes da domina\u00e7\u00e3o e sujei\u00e7\u00e3o (BIAVASCHI, 2007).<br \/>\nAinda hoje h\u00e1 resqu\u00edcios dessa heran\u00e7a que se expressam, por exemplo, na aus\u00eancia de uma pol\u00edtica eficaz de democratiza\u00e7\u00e3o do acesso \u00e0 terra e \u00e0 renda; nas dificuldades enfrentadas para regulamentar a \u201cPEC das dom\u00e9sticas\u201d e a PEC 57A\/1999\u00a0que permite a expropria\u00e7\u00e3o da propriedade quando evidenciada explora\u00e7\u00e3o da for\u00e7a de trabalho an\u00e1loga \u00e0 de escravo; nas tentativas de flexibiliza\u00e7\u00e3o do conceito de trabalho escravo; nas formas de preconceito e discrimina\u00e7\u00e3o presentes na forma\u00e7\u00e3o da sociedade brasileira que, extrapolando a esfera dom\u00e9stica, volta e meia afloram em diversos setores da sociedade, da pol\u00edtica e do Judici\u00e1rio (BIAVASCHI, 2007).<br \/>\nA partir de 1930, em processo n\u00e3o linear completado pela Constitui\u00e7\u00e3o de 1988 \u2013 que elevou os direitos do trabalho \u00e0 condi\u00e7\u00e3o de direitos fundamentais sociais e condicionou a livre iniciativa aos princ\u00edpios da dignidade humana e do valor social do trabalho -, mulheres e homens trabalhadores, a ferro e fogo, foram conquistando o <em>status<\/em> de sujeitos de direitos trabalhistas, passando pela: cria\u00e7\u00e3o das Juntas de Concilia\u00e7\u00e3o e Julgamento, em 1932; CLT, em 1943; regulamenta\u00e7\u00e3o da Justi\u00e7a do Trabalho em 1939, instalada em 1941 e integrante do Judici\u00e1rio em 1946.<br \/>\nJusti\u00e7a essa incumbida de concretizar um direito novo, profundamente social que, desde sua g\u00eanese, buscou compensar a assimetria nas rela\u00e7\u00f5es de poder entre empregado e empregador, colocando diques \u00e0 a\u00e7\u00e3o trituradora do movimento do capital. Da\u00ed porque esse Direito e as institui\u00e7\u00f5es aptas a diz\u00ea-lo t\u00eam sofrido duros golpes em tempos de regresso liberal (BIAVASCHI, 2007).<br \/>\nNos governos Lula e Dilma, a pol\u00edtica de valoriza\u00e7\u00e3o do sal\u00e1rio m\u00ednimo, os programas sociais como Bolsa Fam\u00edlia e outros, os benef\u00edcios da Previd\u00eancia, o Pro-Uni, os sistemas de quotas, enfim, constitu\u00edram um patamar civilizat\u00f3rio que melhorou a vida dos menos favorecidos. Mesmo assim, ainda que os dados da distribui\u00e7\u00e3o de renda evidenciem melhoras, o Brasil permanece entre as piores posi\u00e7\u00f5es, como os gr\u00e1ficos a seguir mostram-no em rela\u00e7\u00e3o a alguns pa\u00edses do mundo e a evolu\u00e7\u00e3o recente do \u00edndice no Pa\u00eds.<br \/>\n<a href=\"http:\/\/brasildebate.com.br\/wp-content\/uploads\/grafico-distrib-de-renda.jpg\" rel=\"shadowbox[sbpost-4981];player=img;\"><img loading=\"lazy\" decoding=\"async\" class=\"alignnone size-full wp-image-4979\" src=\"http:\/\/brasildebate.com.br\/wp-content\/uploads\/grafico-distrib-de-renda.jpg\" alt=\"grafico distrib de renda\" width=\"539\" height=\"519\" \/><\/a><br \/>\nAinda que muito se precise andar para completar a caminhada de supera\u00e7\u00e3o das heran\u00e7as coloniais, interesses econ\u00f4micos e financeiros internos e externos ao Brasil interromperam esse processo. O impeachment da Presidente Dilma, sem prova de crime que o justifique, golpeou a democracia brasileira.<br \/>\nAs for\u00e7as que se aglutinam em torno dele deixam a cada dia evidente que, al\u00e9m dos temas relacionados \u00e0 soberania nacional, a quest\u00e3o que as move \u00e9 introduzir uma agenda ultraliberal, com potencial altamente desigualador e impacto negativo \u00e0s pol\u00edticas inclusivas, justo em tempos em que as desigualdades s\u00e3o acirradas pela ditadura dos mercados financeiros (BIAVASCHI, KREIN, 2016).<br \/>\nA PEC 241, aprovada na C\u00e2mara, \u00e9 estruturante do modelo que buscam implementar, como tamb\u00e9m: a reforma da Previd\u00eancia; a preval\u00eancia do negociado sobre o legislado; o PLC 30\/2015 (PL 4330\/04 na C\u00e2mara) que libera a terceiriza\u00e7\u00e3o para quaisquer atividades; a flexibiliza\u00e7\u00e3o do conceito de trabalho escravo; a redu\u00e7\u00e3o da idade para o trabalho, entre outras.<br \/>\nOs que as defendem apostam no aprofundamento do ajuste fiscal, com severo corte de gastos p\u00fablicos. E ao argumento falacioso da conquista da \u201cmodernidade\u201d, maior produtividade e competitividade, clamam pela \u201cquebra\u201d da \u201crigidez\u201d das normas da CLT de 1943, verticalizadas pela Constitui\u00e7\u00e3o de 1988. O movimento \u00e9 de regresso. Nessa dan\u00e7a, a <em>Casa Grande<\/em> d\u00e1 o tom e o som.<br \/>\nO programa <a href=\"http:\/\/pmdb.org.br\/wp-content\/uploads\/2015\/10\/RELEASE-TEMER_A4-28.10.15-Online.pdf\" target=\"_blank\" rel=\"noopener noreferrer\">\u201cUma Ponte para o Futuro\u201d<\/a>, do PMDB,\u00a0 fundamenta muitas das propostas do governo Temer. Acaso aprovadas, mais uma vez ser\u00e3o colocados obst\u00e1culos \u00e0 dif\u00edcil caminhada superadora das heran\u00e7as coloniais rumo a uma na\u00e7\u00e3o moderna e industrializada, hoje integrante do G20 e dos Brics. Sua n\u00e3o ado\u00e7\u00e3o pela ent\u00e3o Presidente \u2013 segundo o Presidente Temer referiu nos EUA em encontro com empres\u00e1rios \u2013 teria sido uma das raz\u00f5es do impeachment.<br \/>\nDa\u00ed causarem perplexidade as declara\u00e7\u00f5es do Ministro do STF, Gilmar Mendes, incumbido de zelar pela Constitui\u00e7\u00e3o, sobre Bolsa Fam\u00edlia, afirmando ser \u201ccompra de voto\u201d, e sobre a Justi\u00e7a do Trabalho. Em liminar, que se confia n\u00e3o ter\u00e1 chancela da Corte, suspendeu o andamento das a\u00e7\u00f5es sobre ultra-atividade de normas coletivas, forte na S\u00famula 277 do TST, assinalando que essa interpreta\u00e7\u00e3o atende a uma \u201cl\u00f3gica voltada a beneficiar apenas os trabalhadores\u201d, cogitando de \u201cfraude hermen\u00eautica\u201d, \u201cjurisprud\u00eancia sentimental\u201d.<br \/>\nEm S\u00e3o Paulo, vaticinou: \u201cTenho a impress\u00e3o de que houve uma radicaliza\u00e7\u00e3o da jurisprud\u00eancia, no sentido de uma hiperprote\u00e7\u00e3o do trabalhador, tratando-o quase como um sujeito dependente de tutela\u201d, afirmando que o Brasil \u00e9 \u201cdesenvolvido industrialmente\u201d com \u201csindicatos fortes e aut\u00f4nomos\u201d e, inclusive, um Presidente \u201cvindo da classe trabalhadora\u201d.<a href=\"http:\/\/brasildebate.com.br\/resquicios-da-casa-grande-em-tempos-de-conquista-de-direitos-pela-senzala-2\/#_ftn1\" name=\"_ftnref1\">[2]<\/a><br \/>\nEm um pa\u00eds de profundas desigualdades, com desemprego novamente alarmante e formas de contrata\u00e7\u00e3o burladas que retiram da prote\u00e7\u00e3o social milhares de brasileiros, tais afirma\u00e7\u00f5es privilegiam um dos polos da rela\u00e7\u00e3o, o capital. Op\u00e7\u00e3o que, contraposta ao princ\u00edpio constitucional do valor social do trabalho que fundamenta a ordem social e a econ\u00f4mica (artigos 1\u00ba, IV e 170), acirra as inseguran\u00e7as, fomenta a viol\u00eancia e traz s\u00e9rias dificuldades \u00e0 constru\u00e7\u00e3o de uma sociedade civilizada e democr\u00e1tica. Sonho do qual a humanidade ainda n\u00e3o acordou. Muito menos o Brasil.<br \/>\nPublicado originalmente no site <a href=\"http:\/\/brasildebate.com.br\/resquicios-da-casa-grande-em-tempos-de-conquista-de-direitos-pela-senzala-2\/\">Brasil Debates<\/a>.<br \/>\n<strong>Refer\u00eancias bibliogr\u00e1ficas<\/strong><br \/>\nBELLUZZO, Luiz Gonzaga. <em>O capital e suas metamorfoses<\/em>. S\u00e3o Paulo: UNESP, 2013.<br \/>\nBIAVASCHI, Magda Barros. <em>O direito do trabalho no Brasil \u2013 1930-1942. <\/em>S\u00e3o Paulo: LTr, 2007;<br \/>\nBIAVASCHI, Magda Barros; KREIN, Jos\u00e9 Dari. <u>O retorno ao passado II: o canto da sereia e os desencantos na nova ordem<\/u>. In: RAMOS, <a href=\"http:\/\/www.amazon.com.br\/s\/ref=dp_byline_sr_ebooks_1?ie=UTF8&amp;text=Gustavo+Teixeira+Ramos&amp;search-alias=digital-text&amp;field-author=Gustavo+Teixeira+Ramos&amp;sort=relevancerank\">Gustavo Teixeira; MELO FILHO, Hugo Cavalcanti, LOGUERCIO, <\/a>Jos\u00e9 Eymard, RAMOS FILHO, Wilson (Orgs.). <em>A Classe trabalhadora e a resist\u00eancia ao golpe de 2016.<\/em> \u00a0Baur\u00fa: Editorial Praxis, 2016.<br \/>\nBARBOSA DE OLIVEIRA, Carlos Alonso; HENRIQUES, Wiln\u00eas. <em>Cadernos do CESIT.<\/em> Texto para discuss\u00e3o n\u00ba. 03. Determinantes da Pobreza no Brasil. Campinas, julho de 1990<br \/>\nPIKETTY, Thomas. <em>O Capital no s\u00e9culo XXI. <\/em>Rio de Janeiro: Intr\u00ednseca, 2014.<br \/>\nPMDB. Uma Ponte para o Futuro. S\u00e3o Paulo: Funda\u00e7\u00e3o Ulisses Guimar\u00e3es, 2015. In. <a href=\"http:\/\/pmdb.org.br\/wp-content\/uploads\/2015\/10\/RELEASE-TEMER_A4-28.10.15-Online.pdf\">http:\/\/pmdb.org.br\/wp-content\/uploads\/2015\/10\/RELEASE-TEMER_A4-28.10.15-Online.pdf<\/a>. Acessado em 25 de abril de 2016.<br \/>\nNota<br \/>\n<a href=\"http:\/\/brasildebate.com.br\/resquicios-da-casa-grande-em-tempos-de-conquista-de-direitos-pela-senzala-2\/#_ftnref1\" name=\"_ftn1\">[1]<\/a> Em refer\u00eancia a Guimar\u00e3es Rosa, Grande Sert\u00e3o:Veredas.<br \/>\n<a href=\"http:\/\/brasildebate.com.br\/resquicios-da-casa-grande-em-tempos-de-conquista-de-direitos-pela-senzala-2\/#_ftnref1\" name=\"_ftn1\">[2]<\/a> Dispon\u00edvel em: <a href=\"http:\/\/www.valor.com.br\/politica\/4752055\/gilmar-mendes-acusa-justica-trabalhista-de-hiperprotecao\">http:\/\/www.valor.com.br\/politica\/4752055\/gilmar-mendes-acusa-justica-trabalhista-de-hiperprotecao<\/a>.\n<\/div>\n<p><img loading=\"lazy\" decoding=\"async\" class=\"alignnone  wp-image-41040\" src=\"https:\/\/www.jornalja.com.br\/wp-content\/uploads\/2016\/11\/MagdaBarros-52.jpg\" alt=\"magdabarros-52\" width=\"161\" height=\"173\" \/><br \/>\n<span class=\"assina\">Magda Barros Biavaschi &#8211; Desembargadora aposentada do TRT4, p\u00f3s-doutora em Economia do Trabalho pelo IE\/UNICAMP e pesquisadora no CESIT\/IE\/UNICAMP.<\/span><br \/>\n<img loading=\"lazy\" decoding=\"async\" class=\"alignnone  wp-image-41039\" src=\"https:\/\/www.jornalja.com.br\/wp-content\/uploads\/2016\/11\/MiguelRossetto-279.jpg\" alt=\"miguelrossetto-279\" width=\"144\" height=\"198\" \/><br \/>\n<span class=\"assina\">Miguel Soldatelli Rossetto &#8211; Vice-governador do Rio Grande do Sul (1999\/2003) e ministro do Desenvolvimento Agr\u00e1rio e do Trabalho e Emprego, respectivamente, nos governos dos presidentes Lula e Dilma Rousseff.<\/span><\/p>\n","protected":false},"excerpt":{"rendered":"<p>Magda Barros Biavaschi &#8211; Desembargadora aposentada do TRT4, p\u00f3s-doutora em Economia do Trabalho pelo IE\/UNICAMP e pesquisadora no CESIT\/IE\/UNICAMP. Miguel Soldatelli Rossetto &#8211; Vice-governador do Rio Grande do Sul (1999\/2003) e ministro do Desenvolvimento Agr\u00e1rio e do Trabalho e Emprego, respectivamente, nos governos dos presidentes Lula e Dilma Rousseff. A PEC 241, aprovada na C\u00e2mara, [&hellip;]<\/p>\n","protected":false},"author":4,"featured_media":41042,"comment_status":"open","ping_status":"closed","sticky":false,"template":"","format":"standard","meta":{"_jetpack_newsletter_access":"","_jetpack_dont_email_post_to_subs":false,"_jetpack_newsletter_tier_id":0,"_jetpack_memberships_contains_paywalled_content":false,"_jetpack_feature_clip_id":0,"_jetpack_memberships_contains_paid_content":false,"footnotes":"","jetpack_post_was_ever_published":false},"categories":[2011,2012],"tags":[],"class_list":["post-41035","post","type-post","status-publish","format-standard","has-post-thumbnail","hentry","category-destaque","category-debates"],"aioseo_notices":[],"aioseo_head":"\n\t\t<!-- All in One SEO 5.0.1.1 - aioseo.com -->\n\t<meta name=\"robots\" content=\"max-image-preview:large\" \/>\n\t<meta name=\"author\" content=\"da Reda\u00e7\u00e3o\"\/>\n\t<link rel=\"canonical\" href=\"https:\/\/www.jornalja.com.br\/arquivo\/resquicios-da-casa-grande-em-tempos-de-conquista-de-direitos-pela-senzala\/\" \/>\n\t<meta name=\"generator\" content=\"All in One SEO (AIOSEO) 5.0.1.1\" \/>\n\t\t<meta property=\"og:locale\" content=\"pt_BR\" \/>\n\t\t<meta property=\"og:site_name\" content=\"Arquivo | Jornal J\u00c1 | Porto Alegre\" \/>\n\t\t<meta property=\"og:type\" content=\"article\" \/>\n\t\t<meta property=\"og:title\" content=\"Resqu\u00edcios da Casa Grande em tempos de conquista de direitos pela Senzala | Arquivo\" \/>\n\t\t<meta property=\"og:url\" content=\"https:\/\/www.jornalja.com.br\/arquivo\/resquicios-da-casa-grande-em-tempos-de-conquista-de-direitos-pela-senzala\/\" \/>\n\t\t<meta property=\"og:image\" content=\"https:\/\/brasildebate.com.br\/wp-content\/uploads\/grafico-distrib-de-renda.jpg\" \/>\n\t\t<meta property=\"og:image:secure_url\" content=\"https:\/\/brasildebate.com.br\/wp-content\/uploads\/grafico-distrib-de-renda.jpg\" \/>\n\t\t<meta property=\"article:published_time\" content=\"2016-11-03T14:50:48+00:00\" \/>\n\t\t<meta property=\"article:modified_time\" content=\"2016-11-03T14:50:48+00:00\" \/>\n\t\t<meta name=\"twitter:card\" content=\"summary\" \/>\n\t\t<meta name=\"twitter:title\" content=\"Resqu\u00edcios da Casa Grande em tempos de conquista de direitos pela Senzala | Arquivo\" \/>\n\t\t<meta name=\"twitter:image\" content=\"https:\/\/www.jornalja.com.br\/economics\/wp-content\/uploads\/sites\/11\/2026\/08\/ja-folhaderosto-facebook.jpg\" \/>\n\t\t<script type=\"application\/ld+json\" class=\"aioseo-schema\">\n\t\t\t{\"@context\":\"https:\\\/\\\/schema.org\",\"@graph\":[{\"@type\":\"BlogPosting\",\"@id\":\"https:\\\/\\\/www.jornalja.com.br\\\/arquivo\\\/resquicios-da-casa-grande-em-tempos-de-conquista-de-direitos-pela-senzala\\\/#blogposting\",\"name\":\"Resqu\\u00edcios da Casa Grande em tempos de conquista de direitos pela Senzala | Arquivo\",\"headline\":\"Resqu\\u00edcios da Casa Grande em tempos de conquista de direitos pela Senzala\",\"author\":{\"@id\":\"https:\\\/\\\/www.jornalja.com.br\\\/arquivo\\\/author\\\/daredacao\\\/#author\"},\"publisher\":{\"@id\":\"https:\\\/\\\/www.jornalja.com.br\\\/arquivo\\\/#organization\"},\"image\":{\"@type\":\"ImageObject\",\"url\":41042},\"datePublished\":\"2016-11-03T11:50:48-02:00\",\"dateModified\":\"2016-11-03T11:50:48-02:00\",\"inLanguage\":\"pt-BR\",\"mainEntityOfPage\":{\"@id\":\"https:\\\/\\\/www.jornalja.com.br\\\/arquivo\\\/resquicios-da-casa-grande-em-tempos-de-conquista-de-direitos-pela-senzala\\\/#webpage\"},\"isPartOf\":{\"@id\":\"https:\\\/\\\/www.jornalja.com.br\\\/arquivo\\\/resquicios-da-casa-grande-em-tempos-de-conquista-de-direitos-pela-senzala\\\/#webpage\"},\"articleSection\":\"CDD-artigo em destaque, HOTSITE Comit\\u00ea pela Democracia\"},{\"@type\":\"BreadcrumbList\",\"@id\":\"https:\\\/\\\/www.jornalja.com.br\\\/arquivo\\\/resquicios-da-casa-grande-em-tempos-de-conquista-de-direitos-pela-senzala\\\/#breadcrumblist\",\"itemListElement\":[{\"@type\":\"ListItem\",\"@id\":\"https:\\\/\\\/www.jornalja.com.br\\\/arquivo#listItem\",\"position\":1,\"name\":\"Home\",\"item\":\"https:\\\/\\\/www.jornalja.com.br\\\/arquivo\",\"nextItem\":{\"@type\":\"ListItem\",\"@id\":\"https:\\\/\\\/www.jornalja.com.br\\\/arquivo\\\/category\\\/destaque\\\/#listItem\",\"name\":\"CDD-artigo em destaque\"}},{\"@type\":\"ListItem\",\"@id\":\"https:\\\/\\\/www.jornalja.com.br\\\/arquivo\\\/category\\\/destaque\\\/#listItem\",\"position\":2,\"name\":\"CDD-artigo em destaque\",\"item\":\"https:\\\/\\\/www.jornalja.com.br\\\/arquivo\\\/category\\\/destaque\\\/\",\"nextItem\":{\"@type\":\"ListItem\",\"@id\":\"https:\\\/\\\/www.jornalja.com.br\\\/arquivo\\\/resquicios-da-casa-grande-em-tempos-de-conquista-de-direitos-pela-senzala\\\/#listItem\",\"name\":\"Resqu\\u00edcios da Casa Grande em tempos de conquista de direitos pela Senzala\"},\"previousItem\":{\"@type\":\"ListItem\",\"@id\":\"https:\\\/\\\/www.jornalja.com.br\\\/arquivo#listItem\",\"name\":\"Home\"}},{\"@type\":\"ListItem\",\"@id\":\"https:\\\/\\\/www.jornalja.com.br\\\/arquivo\\\/resquicios-da-casa-grande-em-tempos-de-conquista-de-direitos-pela-senzala\\\/#listItem\",\"position\":3,\"name\":\"Resqu\\u00edcios da Casa Grande em tempos de conquista de direitos pela Senzala\",\"previousItem\":{\"@type\":\"ListItem\",\"@id\":\"https:\\\/\\\/www.jornalja.com.br\\\/arquivo\\\/category\\\/destaque\\\/#listItem\",\"name\":\"CDD-artigo em destaque\"}}]},{\"@type\":\"Organization\",\"@id\":\"https:\\\/\\\/www.jornalja.com.br\\\/arquivo\\\/#organization\",\"name\":\"Jornal J\\u00c1\",\"description\":\"Jornal J\\u00c1 | Porto Alegre\",\"url\":\"https:\\\/\\\/www.jornalja.com.br\\\/arquivo\\\/\",\"telephone\":\"+555133307272\",\"logo\":{\"@type\":\"ImageObject\",\"url\":\"https:\\\/\\\/www.jornalja.com.br\\\/wp-content\\\/uploads\\\/cards\\\/JAslogan.png\",\"@id\":\"https:\\\/\\\/www.jornalja.com.br\\\/arquivo\\\/resquicios-da-casa-grande-em-tempos-de-conquista-de-direitos-pela-senzala\\\/#organizationLogo\"},\"image\":{\"@id\":\"https:\\\/\\\/www.jornalja.com.br\\\/arquivo\\\/resquicios-da-casa-grande-em-tempos-de-conquista-de-direitos-pela-senzala\\\/#organizationLogo\"}},{\"@type\":\"Person\",\"@id\":\"https:\\\/\\\/www.jornalja.com.br\\\/arquivo\\\/author\\\/daredacao\\\/#author\",\"url\":\"https:\\\/\\\/www.jornalja.com.br\\\/arquivo\\\/author\\\/daredacao\\\/\",\"name\":\"da Reda\\u00e7\\u00e3o\",\"image\":{\"@type\":\"ImageObject\",\"@id\":\"https:\\\/\\\/www.jornalja.com.br\\\/arquivo\\\/resquicios-da-casa-grande-em-tempos-de-conquista-de-direitos-pela-senzala\\\/#authorImage\",\"url\":\"https:\\\/\\\/secure.gravatar.com\\\/avatar\\\/469fd857d6605ad19919d27ed29d35a968a25f6e8fd9318356bbb7f57aae9c65?s=96&d=mm&r=g\",\"width\":96,\"height\":96,\"caption\":\"da Reda\\u00e7\\u00e3o\"}},{\"@type\":\"WebPage\",\"@id\":\"https:\\\/\\\/www.jornalja.com.br\\\/arquivo\\\/resquicios-da-casa-grande-em-tempos-de-conquista-de-direitos-pela-senzala\\\/#webpage\",\"url\":\"https:\\\/\\\/www.jornalja.com.br\\\/arquivo\\\/resquicios-da-casa-grande-em-tempos-de-conquista-de-direitos-pela-senzala\\\/\",\"name\":\"Resqu\\u00edcios da Casa Grande em tempos de conquista de direitos pela Senzala | Arquivo\",\"inLanguage\":\"pt-BR\",\"isPartOf\":{\"@id\":\"https:\\\/\\\/www.jornalja.com.br\\\/arquivo\\\/#website\"},\"breadcrumb\":{\"@id\":\"https:\\\/\\\/www.jornalja.com.br\\\/arquivo\\\/resquicios-da-casa-grande-em-tempos-de-conquista-de-direitos-pela-senzala\\\/#breadcrumblist\"},\"author\":{\"@id\":\"https:\\\/\\\/www.jornalja.com.br\\\/arquivo\\\/author\\\/daredacao\\\/#author\"},\"creator\":{\"@id\":\"https:\\\/\\\/www.jornalja.com.br\\\/arquivo\\\/author\\\/daredacao\\\/#author\"},\"image\":{\"@type\":\"ImageObject\",\"url\":41042,\"@id\":\"https:\\\/\\\/www.jornalja.com.br\\\/arquivo\\\/resquicios-da-casa-grande-em-tempos-de-conquista-de-direitos-pela-senzala\\\/#mainImage\"},\"primaryImageOfPage\":{\"@id\":\"https:\\\/\\\/www.jornalja.com.br\\\/arquivo\\\/resquicios-da-casa-grande-em-tempos-de-conquista-de-direitos-pela-senzala\\\/#mainImage\"},\"datePublished\":\"2016-11-03T11:50:48-02:00\",\"dateModified\":\"2016-11-03T11:50:48-02:00\"},{\"@type\":\"WebSite\",\"@id\":\"https:\\\/\\\/www.jornalja.com.br\\\/arquivo\\\/#website\",\"url\":\"https:\\\/\\\/www.jornalja.com.br\\\/arquivo\\\/\",\"name\":\"Arquivo\",\"description\":\"Jornal J\\u00c1 | Porto Alegre\",\"inLanguage\":\"pt-BR\",\"publisher\":{\"@id\":\"https:\\\/\\\/www.jornalja.com.br\\\/arquivo\\\/#organization\"}}]}\n\t\t<\/script>\n\t\t<!-- All in One SEO -->\n\n","aioseo_head_json":{"title":"Resqu\u00edcios da Casa Grande em tempos de conquista de direitos pela Senzala | Arquivo","description":"","canonical_url":"https:\/\/www.jornalja.com.br\/arquivo\/resquicios-da-casa-grande-em-tempos-de-conquista-de-direitos-pela-senzala\/","robots":"max-image-preview:large","keywords":"","webmasterTools":{"miscellaneous":""},"schema":{"@context":"https:\/\/schema.org","@graph":[{"@type":"BlogPosting","@id":"https:\/\/www.jornalja.com.br\/arquivo\/resquicios-da-casa-grande-em-tempos-de-conquista-de-direitos-pela-senzala\/#blogposting","name":"Resqu\u00edcios da Casa Grande em tempos de conquista de direitos pela Senzala | Arquivo","headline":"Resqu\u00edcios da Casa Grande em tempos de conquista de direitos pela Senzala","author":{"@id":"https:\/\/www.jornalja.com.br\/arquivo\/author\/daredacao\/#author"},"publisher":{"@id":"https:\/\/www.jornalja.com.br\/arquivo\/#organization"},"image":{"@type":"ImageObject","url":41042},"datePublished":"2016-11-03T11:50:48-02:00","dateModified":"2016-11-03T11:50:48-02:00","inLanguage":"pt-BR","mainEntityOfPage":{"@id":"https:\/\/www.jornalja.com.br\/arquivo\/resquicios-da-casa-grande-em-tempos-de-conquista-de-direitos-pela-senzala\/#webpage"},"isPartOf":{"@id":"https:\/\/www.jornalja.com.br\/arquivo\/resquicios-da-casa-grande-em-tempos-de-conquista-de-direitos-pela-senzala\/#webpage"},"articleSection":"CDD-artigo em destaque, HOTSITE Comit\u00ea pela Democracia"},{"@type":"BreadcrumbList","@id":"https:\/\/www.jornalja.com.br\/arquivo\/resquicios-da-casa-grande-em-tempos-de-conquista-de-direitos-pela-senzala\/#breadcrumblist","itemListElement":[{"@type":"ListItem","@id":"https:\/\/www.jornalja.com.br\/arquivo#listItem","position":1,"name":"Home","item":"https:\/\/www.jornalja.com.br\/arquivo","nextItem":{"@type":"ListItem","@id":"https:\/\/www.jornalja.com.br\/arquivo\/category\/destaque\/#listItem","name":"CDD-artigo em destaque"}},{"@type":"ListItem","@id":"https:\/\/www.jornalja.com.br\/arquivo\/category\/destaque\/#listItem","position":2,"name":"CDD-artigo em destaque","item":"https:\/\/www.jornalja.com.br\/arquivo\/category\/destaque\/","nextItem":{"@type":"ListItem","@id":"https:\/\/www.jornalja.com.br\/arquivo\/resquicios-da-casa-grande-em-tempos-de-conquista-de-direitos-pela-senzala\/#listItem","name":"Resqu\u00edcios da Casa Grande em tempos de conquista de direitos pela Senzala"},"previousItem":{"@type":"ListItem","@id":"https:\/\/www.jornalja.com.br\/arquivo#listItem","name":"Home"}},{"@type":"ListItem","@id":"https:\/\/www.jornalja.com.br\/arquivo\/resquicios-da-casa-grande-em-tempos-de-conquista-de-direitos-pela-senzala\/#listItem","position":3,"name":"Resqu\u00edcios da Casa Grande em tempos de conquista de direitos pela Senzala","previousItem":{"@type":"ListItem","@id":"https:\/\/www.jornalja.com.br\/arquivo\/category\/destaque\/#listItem","name":"CDD-artigo em destaque"}}]},{"@type":"Organization","@id":"https:\/\/www.jornalja.com.br\/arquivo\/#organization","name":"Jornal J\u00c1","description":"Jornal J\u00c1 | Porto Alegre","url":"https:\/\/www.jornalja.com.br\/arquivo\/","telephone":"+555133307272","logo":{"@type":"ImageObject","url":"https:\/\/www.jornalja.com.br\/wp-content\/uploads\/cards\/JAslogan.png","@id":"https:\/\/www.jornalja.com.br\/arquivo\/resquicios-da-casa-grande-em-tempos-de-conquista-de-direitos-pela-senzala\/#organizationLogo"},"image":{"@id":"https:\/\/www.jornalja.com.br\/arquivo\/resquicios-da-casa-grande-em-tempos-de-conquista-de-direitos-pela-senzala\/#organizationLogo"}},{"@type":"Person","@id":"https:\/\/www.jornalja.com.br\/arquivo\/author\/daredacao\/#author","url":"https:\/\/www.jornalja.com.br\/arquivo\/author\/daredacao\/","name":"da Reda\u00e7\u00e3o","image":{"@type":"ImageObject","@id":"https:\/\/www.jornalja.com.br\/arquivo\/resquicios-da-casa-grande-em-tempos-de-conquista-de-direitos-pela-senzala\/#authorImage","url":"https:\/\/secure.gravatar.com\/avatar\/469fd857d6605ad19919d27ed29d35a968a25f6e8fd9318356bbb7f57aae9c65?s=96&d=mm&r=g","width":96,"height":96,"caption":"da Reda\u00e7\u00e3o"}},{"@type":"WebPage","@id":"https:\/\/www.jornalja.com.br\/arquivo\/resquicios-da-casa-grande-em-tempos-de-conquista-de-direitos-pela-senzala\/#webpage","url":"https:\/\/www.jornalja.com.br\/arquivo\/resquicios-da-casa-grande-em-tempos-de-conquista-de-direitos-pela-senzala\/","name":"Resqu\u00edcios da Casa Grande em tempos de conquista de direitos pela Senzala | Arquivo","inLanguage":"pt-BR","isPartOf":{"@id":"https:\/\/www.jornalja.com.br\/arquivo\/#website"},"breadcrumb":{"@id":"https:\/\/www.jornalja.com.br\/arquivo\/resquicios-da-casa-grande-em-tempos-de-conquista-de-direitos-pela-senzala\/#breadcrumblist"},"author":{"@id":"https:\/\/www.jornalja.com.br\/arquivo\/author\/daredacao\/#author"},"creator":{"@id":"https:\/\/www.jornalja.com.br\/arquivo\/author\/daredacao\/#author"},"image":{"@type":"ImageObject","url":41042,"@id":"https:\/\/www.jornalja.com.br\/arquivo\/resquicios-da-casa-grande-em-tempos-de-conquista-de-direitos-pela-senzala\/#mainImage"},"primaryImageOfPage":{"@id":"https:\/\/www.jornalja.com.br\/arquivo\/resquicios-da-casa-grande-em-tempos-de-conquista-de-direitos-pela-senzala\/#mainImage"},"datePublished":"2016-11-03T11:50:48-02:00","dateModified":"2016-11-03T11:50:48-02:00"},{"@type":"WebSite","@id":"https:\/\/www.jornalja.com.br\/arquivo\/#website","url":"https:\/\/www.jornalja.com.br\/arquivo\/","name":"Arquivo","description":"Jornal J\u00c1 | Porto Alegre","inLanguage":"pt-BR","publisher":{"@id":"https:\/\/www.jornalja.com.br\/arquivo\/#organization"}}]},"og:locale":"pt_BR","og:site_name":"Arquivo | Jornal J\u00c1 | Porto Alegre","og:type":"article","og:title":"Resqu\u00edcios da Casa Grande em tempos de conquista de direitos pela Senzala | Arquivo","og:url":"https:\/\/www.jornalja.com.br\/arquivo\/resquicios-da-casa-grande-em-tempos-de-conquista-de-direitos-pela-senzala\/","og:image":"https:\/\/brasildebate.com.br\/wp-content\/uploads\/grafico-distrib-de-renda.jpg","og:image:secure_url":"https:\/\/brasildebate.com.br\/wp-content\/uploads\/grafico-distrib-de-renda.jpg","article:published_time":"2016-11-03T14:50:48+00:00","article:modified_time":"2016-11-03T14:50:48+00:00","twitter:card":"summary","twitter:title":"Resqu\u00edcios da Casa Grande em tempos de conquista de direitos pela Senzala | Arquivo","twitter:image":"https:\/\/www.jornalja.com.br\/economics\/wp-content\/uploads\/sites\/11\/2026\/08\/ja-folhaderosto-facebook.jpg"},"aioseo_meta_data":{"post_id":"41035","title":null,"description":null,"keywords":null,"keyphrases":null,"primary_term":null,"canonical_url":null,"og_title":null,"og_description":null,"og_object_type":"default","og_image_type":"default","og_image_url":null,"og_image_width":null,"og_image_height":null,"og_image_custom_url":null,"og_image_custom_fields":null,"og_video":null,"og_custom_url":null,"og_article_section":null,"og_article_tags":null,"twitter_use_og":false,"twitter_card":"default","twitter_image_type":"default","twitter_image_url":null,"twitter_image_custom_url":null,"twitter_image_custom_fields":null,"twitter_title":null,"twitter_description":null,"schema":{"blockGraphs":[],"customGraphs":[],"default":{"data":{"Article":[],"Course":[],"Dataset":[],"FAQPage":[],"Movie":[],"Person":[],"Product":[],"ProductReview":[],"Car":[],"Recipe":[],"Service":[],"SoftwareApplication":[],"WebPage":[]},"graphName":"","isEnabled":true},"graphs":[]},"schema_type":null,"schema_type_options":null,"pillar_content":false,"robots_default":true,"robots_noindex":false,"robots_noarchive":false,"robots_nosnippet":false,"robots_nofollow":false,"robots_noimageindex":false,"robots_noodp":false,"robots_notranslate":false,"robots_max_snippet":null,"robots_max_videopreview":null,"robots_max_imagepreview":"large","priority":null,"frequency":null,"location":null,"local_seo":null,"breadcrumb_settings":null,"limit_modified_date":false,"ai":null,"created":"2020-12-20 20:45:48","updated":"2025-07-19 17:54:56","seo_analyzer_scan_date":null,"focus_keyword":null,"additional_keywords":null,"truseo_locale":null},"jetpack_sharing_enabled":true,"jetpack-related-posts":[{"id":12960,"url":"https:\/\/www.jornalja.com.br\/arquivo\/populacao-culpa-empresas-pela-greve-dos-rodoviarios\/","url_meta":{"origin":41035,"position":0},"title":"Popula\u00e7\u00e3o culpa empresas pela greve","author":"Patr\u00edcia Marini","date":"14 de fevereiro de 2014","format":false,"excerpt":"Pesquisa divulgada na edi\u00e7\u00e3o do jornal Metro desta sexta-feira,14, comprova o velho ditado: \u00e9 poss\u00edvel enganar muitos por algum tempo, mas n\u00e3o \u00e9 poss\u00edvel enganar a todos o tempo inteiro. A principal revela\u00e7\u00e3o foi que 59,8% dos entrevistados apontaram as empresas como as principais respons\u00e1veis pela grave e 46% culparam\u2026","rel":"","context":"Em &quot;X.Categorias velhas&quot;","block_context":{"text":"X.Categorias velhas","link":"https:\/\/www.jornalja.com.br\/arquivo\/category\/x-categorias-velhas\/"},"img":{"alt_text":"","src":"","width":0,"height":0},"classes":[]},{"id":5440,"url":"https:\/\/www.jornalja.com.br\/arquivo\/casarao-da-venancio-destino-permanece-incerto\/","url_meta":{"origin":41035,"position":1},"title":"Estado ainda n\u00e3o sabe o que fazer com casar\u00e3o abandonado h\u00e1 20 anos","author":"Elmar Bones","date":"6 de julho de 2009","format":false,"excerpt":"O casar\u00e3o amarelo, numa esquina nobre de Porto Alegre (Ven\u00e2ncio Aires com Jo\u00e3o Pessoa), j\u00e1 abrigou uma escola. H\u00e1 duas d\u00e9cadas, pelo menos, est\u00e1 abandonado, porque seu propriet\u00e1rio, o governo do Estado do Rio Grande do Sul, n\u00e3o consegue achar um destino para ele. Planos n\u00e3o faltaram. O governador Ol\u00edvio\u2026","rel":"","context":"Em &quot;X.Categorias velhas&quot;","block_context":{"text":"X.Categorias velhas","link":"https:\/\/www.jornalja.com.br\/arquivo\/category\/x-categorias-velhas\/"},"img":{"alt_text":"geraldo1","src":"https:\/\/i0.wp.com\/www.jornalja.com.br\/wp-content\/uploads\/2009\/07\/geraldo1.jpg?resize=350%2C200&ssl=1","width":350,"height":200},"classes":[]},{"id":13101,"url":"https:\/\/www.jornalja.com.br\/arquivo\/morre-um-guerreiro-do-texto\/","url_meta":{"origin":41035,"position":2},"title":"Morre um guerreiro do texto","author":"Patr\u00edcia Marini","date":"14 de maio de 2014","format":false,"excerpt":"Por Ricardo Kotscho Reproduzido do blog do autor, 11\/5\/2014; t\u00edtulo original \u201cE l\u00e1 se foi o nosso Myltainho, guerreiro do texto\u201d. Mi\u00fado e franzino, meu amigo Myltainho era um valente e inconformado guerreiro na luta contra as injusti\u00e7as sociais, a hipocrisia, as maracutaias, o autoritarismo, a intoler\u00e2ncia, a viol\u00eancia, o\u2026","rel":"","context":"Em &quot;Geral&quot;","block_context":{"text":"Geral","link":"https:\/\/www.jornalja.com.br\/arquivo\/category\/geral\/"},"img":{"alt_text":"","src":"","width":0,"height":0},"classes":[]},{"id":14241,"url":"https:\/\/www.jornalja.com.br\/arquivo\/o-guaiba-nas-imagens-poeticas-de-achutti\/","url_meta":{"origin":41035,"position":3},"title":"O Gua\u00edba nas imagens po\u00e9ticas de Achutti","author":"da Reda\u00e7\u00e3o","date":"18 de junho de 2014","format":false,"excerpt":"Em \u201cO Gua\u00edba por Achutti\u201d \u2013 obra financiada via Minist\u00e9rio da Cultura, produ\u00e7\u00e3o executiva de Pedro Longhi, e Fl\u00e1vio Wild como designer \u2013, o fot\u00f3grafo revela a beleza e as mazelas de um espa\u00e7o aqu\u00e1tico de \u00e1guas sempre renovadas, cheio de hist\u00f3rias e lendas como as das cidades que foram\u2026","rel":"","context":"Em &quot;Cultura-Geral&quot;","block_context":{"text":"Cultura-Geral","link":"https:\/\/www.jornalja.com.br\/arquivo\/category\/materiasecundaria\/"},"img":{"alt_text":"","src":"","width":0,"height":0},"classes":[]},{"id":13240,"url":"https:\/\/www.jornalja.com.br\/arquivo\/plano-diretor-estamos-construindo-o-caos\/","url_meta":{"origin":41035,"position":4},"title":"Plano diretor: &quot;Estamos construindo o caos&quot;","author":"Patr\u00edcia Marini","date":"26 de maio de 2014","format":false,"excerpt":"Desabafo que arquiteta Eliana Castilhos, delegada da Regi\u00e3o de Planejamento 1, postou nas redes sociais \u00e9 um testemunho do ambiente que se criou no Conselho do Plano Diretor de Porto Alegre, onde a aprova\u00e7\u00e3o de grandes empreendimentos \u00e9 empurrada guela abaixo dos conselheiros. Ao CMDUA Como delegada da Regi\u00e3o de\u2026","rel":"","context":"Em &quot;Geral&quot;","block_context":{"text":"Geral","link":"https:\/\/www.jornalja.com.br\/arquivo\/category\/geral\/"},"img":{"alt_text":"","src":"","width":0,"height":0},"classes":[]},{"id":13124,"url":"https:\/\/www.jornalja.com.br\/arquivo\/sangue-latino-no-iecine\/","url_meta":{"origin":41035,"position":5},"title":"Sangue latino no IECINE","author":"da Reda\u00e7\u00e3o","date":"18 de maio de 2014","format":false,"excerpt":"Francisco Ribeiro O Instituto Estadual de Cinema (IECINE) tem a frente, desde abril \u00faltimo, um novo diretor, o cineasta colombiano Juan Zapata, 36, que substitui Luiz Alberto Cassol. Radicado h\u00e1 dez anos em Porto Alegre, Zapata tem diante de si o desafio de conduzir at\u00e9 o final do ano um\u2026","rel":"","context":"Em &quot;Cultura-Geral&quot;","block_context":{"text":"Cultura-Geral","link":"https:\/\/www.jornalja.com.br\/arquivo\/category\/materiasecundaria\/"},"img":{"alt_text":"","src":"","width":0,"height":0},"classes":[]}],"jetpack_shortlink":"https:\/\/wp.me\/pbQjBd-aFR","jetpack_featured_media_url":"","_links":{"self":[{"href":"https:\/\/www.jornalja.com.br\/arquivo\/wp-json\/wp\/v2\/posts\/41035","targetHints":{"allow":["GET"]}}],"collection":[{"href":"https:\/\/www.jornalja.com.br\/arquivo\/wp-json\/wp\/v2\/posts"}],"about":[{"href":"https:\/\/www.jornalja.com.br\/arquivo\/wp-json\/wp\/v2\/types\/post"}],"author":[{"embeddable":true,"href":"https:\/\/www.jornalja.com.br\/arquivo\/wp-json\/wp\/v2\/users\/4"}],"replies":[{"embeddable":true,"href":"https:\/\/www.jornalja.com.br\/arquivo\/wp-json\/wp\/v2\/comments?post=41035"}],"version-history":[{"count":0,"href":"https:\/\/www.jornalja.com.br\/arquivo\/wp-json\/wp\/v2\/posts\/41035\/revisions"}],"wp:attachment":[{"href":"https:\/\/www.jornalja.com.br\/arquivo\/wp-json\/wp\/v2\/media?parent=41035"}],"wp:term":[{"taxonomy":"category","embeddable":true,"href":"https:\/\/www.jornalja.com.br\/arquivo\/wp-json\/wp\/v2\/categories?post=41035"},{"taxonomy":"post_tag","embeddable":true,"href":"https:\/\/www.jornalja.com.br\/arquivo\/wp-json\/wp\/v2\/tags?post=41035"}],"curies":[{"name":"wp","href":"https:\/\/api.w.org\/{rel}","templated":true}]}}