{"id":41210,"date":"2016-11-09T17:17:17","date_gmt":"2016-11-09T20:17:17","guid":{"rendered":"https:\/\/www.jornalja.com.br\/?p=41210"},"modified":"2016-11-09T17:17:17","modified_gmt":"2016-11-09T20:17:17","slug":"armazem-digital-leva-parte-da-producao-academica-gaucha-a-feira-do-livro","status":"publish","type":"post","link":"https:\/\/www.jornalja.com.br\/arquivo\/armazem-digital-leva-parte-da-producao-academica-gaucha-a-feira-do-livro\/","title":{"rendered":"Armaz\u00e9m Digital leva parte da produ\u00e7\u00e3o acad\u00eamica ga\u00facha \u00e0 Feira do Livro"},"content":{"rendered":"<p>Uma pequena editora de Porto Alegre, sem banca na Feira do Livro, vem h\u00e1 15 anos montando um cat\u00e1logo publicando t\u00edtulos sa\u00eddos da produ\u00e7\u00e3o acad\u00eamica brasileira nas suas mais diversas \u00e1reas, nas principais universidades do pa\u00eds. \u00c9 a Armaz\u00e9m Digital, interessada em Comunica\u00e7\u00e3o, Cultura e tudo que remeta \u00e0 hist\u00f3ria de Porto Alegre.<br \/>\nHoje \u00e0 noite (20hs) a Armaz\u00e9m leva dois aujtores para autografar na Pra\u00e7a da Alf\u00e2ndega: o pesquisador da Funda\u00e7\u00e3o de Economia e Estatat\u00edstica Tom\u00e1s Pinheiro Fiori, com o livro <strong><em>Economia e Pol\u00edtica do Desenvolvimento Regional no Rio Grande do Sul (1988-2010,)<\/em><\/strong> e Mara Cristina de Matos Rodrigues, professora do Programa de P\u00f3s-Gradua\u00e7\u00e3o em da Hist\u00f3ria\u00a0da UFRGS, com o estudo na narrativa local intitulado <strong><em>As Tramas Entre Prov\u00edncia e Na\u00e7\u00e3o, Literatura e Hist\u00f3ria &#8211; O Tempo e o Vento e Capitania d&#8217;El-Rei<\/em><\/strong><br \/>\n<strong>Tom\u00e1s Pinheiro Fiori<\/strong>, coordenador do n\u00facleo de desenvolvimento regional da FEE e professor da Faculdade de Administra\u00e7\u00e3o e Ci\u00eancias Econ\u00f4micas da PUCRS, investiga quais as possibilidades de o<strong>\u00a0<\/strong>Rio Grande do Sul<strong>\u00a0<\/strong>retomar um desenvolvimento regional equilibrado, com suporte do Estado e maior din\u00e2mica interna<strong>.\u00a0<\/strong><br \/>\n<strong> <img decoding=\"async\" class=\"size-medium wp-image-41220 alignleft\" src=\"https:\/\/www.jornalja.com.br\/wp-content\/uploads\/2016\/11\/Capa-As-tramas-entre-provincia-e-nacao-frente-200x300.jpg\" alt=\"capa-as-tramas-entre-provincia-e-nacao-frente\" width=\"200\" height=\"300\" \/>Mara Cristina de Matos Rodrigues<\/strong>, professora do Programa de P\u00f3s-Gradua\u00e7\u00e3o em da Hist\u00f3ria\u00a0da UFRGS, enfocou sua an\u00e1lise em textos de outros livros: a partir de <strong><em>Capitania d\u2019El-Rei<\/em>, <\/strong>composto de escritos de Moys\u00e9s Vellinho nos anos 1950, chegando a sua forma final de livro no ano de 1964, a autora explora as rela\u00e7\u00f5es destes ensaios de car\u00e1ter sociol\u00f3gico e historiogr\u00e1fico com textos anteriores de cr\u00edtica liter\u00e1ria do mesmo autor e de outros autores contempor\u00e2neos ao processo da escrita de\u00a0<em>Capitania d\u2019El-Rei.<\/em>\u00a0Contudo,\u00a0o\u00a0principal objeto de interlocu\u00e7\u00e3o com este livro foi a grande\u00a0trilogia de Erico Verissimo,<strong>\u00a0<em>O tempo e o vento,\u00a0<\/em><\/strong>escrita entre os anos 1949 e 1962.<br \/>\nEntrela\u00e7ando Hist\u00f3ria e Literatura,\u00a0a autora de<em>\u00a0<strong>As Tramas Entre Prov\u00edncia e Na\u00e7\u00e3o, Literatura e Hist\u00f3ria\u00a0&#8211; O Tempo e o Vento e Capitania d&#8217;El-Rei<\/strong><\/em>\u00a0procura mostrar como se configurou uma narrativa sobre o Rio Grande do Sul\u00a0a partir da\u00a0obra de Moys\u00e9s\u00a0Vellinho e Erico Verissimo.<br \/>\nOs livros da Armaz\u00e9m Digital est\u00e3o \u00e0 venda no estande n\u00famero 58, da livraria Nova Roma:<br \/>\n&nbsp;<br \/>\n&nbsp;<\/p>\n","protected":false},"excerpt":{"rendered":"<p>Uma pequena editora de Porto Alegre, sem banca na Feira do Livro, vem h\u00e1 15 anos montando um cat\u00e1logo publicando t\u00edtulos sa\u00eddos da produ\u00e7\u00e3o acad\u00eamica brasileira nas suas mais diversas \u00e1reas, nas principais universidades do pa\u00eds. \u00c9 a Armaz\u00e9m Digital, interessada em Comunica\u00e7\u00e3o, Cultura e tudo que remeta \u00e0 hist\u00f3ria de Porto Alegre. Hoje \u00e0 [&hellip;]<\/p>\n","protected":false},"author":4,"featured_media":41219,"comment_status":"open","ping_status":"closed","sticky":false,"template":"","format":"standard","meta":{"_jetpack_memberships_contains_paid_content":false,"footnotes":""},"categories":[26],"tags":[],"class_list":["post-41210","post","type-post","status-publish","format-standard","has-post-thumbnail","hentry","category-geral"],"aioseo_notices":[],"jetpack_featured_media_url":"","jetpack_sharing_enabled":true,"jetpack-related-posts":[{"id":1280,"url":"https:\/\/www.jornalja.com.br\/arquivo\/o-menino-que-se-tornou-brizola\/","url_meta":{"origin":41210,"position":0},"title":"O Menino que se Tornou Brizola","author":"da Reda\u00e7\u00e3o","date":"28 de julho de 2008","format":false,"excerpt":"Autor: Cleber Dioni A vida de Leonel Brizola, com \u00eanfase para os primeiros anos em Porto Alegre, at\u00e9 o ex\u00edlio no Uruguai e a volta, quinze anos depois. \u00a0\"...\u00c9ramos todos jovens e nos identific\u00e1vamos com aquela massa an\u00f4nima a percorrer as ruas de Porto Alegre, gritando 'Get\u00falio', 'Get\u00falio' e empunhando\u2026","rel":"","context":"Em &quot;Livros&quot;","block_context":{"text":"Livros","link":"https:\/\/www.jornalja.com.br\/arquivo\/category\/livros\/"},"img":{"alt_text":"","src":"https:\/\/i0.wp.com\/www.jornalja.com.br\/wp-content\/uploads\/2008\/07\/brizola.gif?resize=350%2C200&ssl=1","width":350,"height":200},"classes":[]}],"jetpack_shortlink":"https:\/\/wp.me\/pbQjBd-aIG","_links":{"self":[{"href":"https:\/\/www.jornalja.com.br\/arquivo\/wp-json\/wp\/v2\/posts\/41210","targetHints":{"allow":["GET"]}}],"collection":[{"href":"https:\/\/www.jornalja.com.br\/arquivo\/wp-json\/wp\/v2\/posts"}],"about":[{"href":"https:\/\/www.jornalja.com.br\/arquivo\/wp-json\/wp\/v2\/types\/post"}],"author":[{"embeddable":true,"href":"https:\/\/www.jornalja.com.br\/arquivo\/wp-json\/wp\/v2\/users\/4"}],"replies":[{"embeddable":true,"href":"https:\/\/www.jornalja.com.br\/arquivo\/wp-json\/wp\/v2\/comments?post=41210"}],"version-history":[{"count":0,"href":"https:\/\/www.jornalja.com.br\/arquivo\/wp-json\/wp\/v2\/posts\/41210\/revisions"}],"wp:featuredmedia":[{"embeddable":true,"href":"https:\/\/www.jornalja.com.br\/arquivo\/wp-json\/"}],"wp:attachment":[{"href":"https:\/\/www.jornalja.com.br\/arquivo\/wp-json\/wp\/v2\/media?parent=41210"}],"wp:term":[{"taxonomy":"category","embeddable":true,"href":"https:\/\/www.jornalja.com.br\/arquivo\/wp-json\/wp\/v2\/categories?post=41210"},{"taxonomy":"post_tag","embeddable":true,"href":"https:\/\/www.jornalja.com.br\/arquivo\/wp-json\/wp\/v2\/tags?post=41210"}],"curies":[{"name":"wp","href":"https:\/\/api.w.org\/{rel}","templated":true}]}}