{"id":41214,"date":"2016-11-10T10:46:21","date_gmt":"2016-11-10T13:46:21","guid":{"rendered":"https:\/\/www.jornalja.com.br\/?p=41214"},"modified":"2016-11-10T10:46:21","modified_gmt":"2016-11-10T13:46:21","slug":"gentrificacao-hipster-no-bom-fim","status":"publish","type":"post","link":"https:\/\/www.jornalja.com.br\/arquivo\/gentrificacao-hipster-no-bom-fim\/","title":{"rendered":"\u201cGentrifica\u00e7\u00e3o hipster\u201d no Bom Fim"},"content":{"rendered":"<p>A palavra \u00e9 estranha: gentrifica\u00e7\u00e3o \u00e9 um processo de revaloriza\u00e7\u00e3o de \u00e1rea de determinada \u00e1rea de uma cidade que tenha sido desvalorizada com o tempo. O processo gera uma revitaliza\u00e7\u00e3o, mas, em casos extremos, pode promover a substitui\u00e7\u00e3o de uma popula\u00e7\u00e3o tradicional por outra, de maior poder aquisitivo, ou por neg\u00f3cios de um mesmo perfil, criando os chamados \u201cbairros tem\u00e1ticos\u201d.<br \/>\nO conceito vem sendo utilizado em estudos acad\u00eamicos sobre a cidade desde a d\u00e9cada de 60. Alguns exemplos cl\u00e1ssicos s\u00e3o os bairros Greenwich Village e Soho em Nova Iorque e o El Born, em Barcelona. Paulo Roberto Soares \u00e9 morador do Bom Fim h\u00e1 dez anos. Al\u00e9m disso \u00e9 doutor em geografia urbana pela Universidad de Barcelona, professor da UFRGS e membro do Observat\u00f3rio das Metr\u00f3poles. Ele enxerga no bairro ind\u00edcios do que se tem chamado atualmente de gentrifica\u00e7\u00e3o hipster.<br \/>\n<strong>\u00c9 poss\u00edvel explicar rapidamente o que \u00e9 gentrifica\u00e7\u00e3o?<\/strong><br \/>\nA cidade \u00e9 viva, ent\u00e3o ela vai se transformando ao longo dos anos. O pr\u00f3prio Bom Fim tem suas modifica\u00e7\u00f5es, se formos voltar no tempo. Neste processo de transforma\u00e7\u00e3o da cidade, algumas \u00e1reas s\u00e3o valorizadas, outras s\u00e3o desvalorizadas. Quando uma \u00e1rea entra em decad\u00eancia, depois de uma ou duas d\u00e9cadas ela volta a ser valorizada. Esse retorno da valoriza\u00e7\u00e3o chamamos de gentrifica\u00e7\u00e3o.<br \/>\n<strong>Como se deu este processo ao longo do tempo?<\/strong><br \/>\nCostumamos dividir em tr\u00eas ondas. Primeiro momento, anos 70, estados unidos, eram os artistas, designers, o pessoal da moda, que ocuparam os bairros do sul de Manhattan e fizeram a mudan\u00e7a de perfil do bairro. Eram casas antigas, que estavam baratas e foram aumentando seu valor imobili\u00e1rio. Nos anos 90, eram os yuppies, o pessoal do mercado financeiro. E agora, neste per\u00edodo que estamos vivendo, s\u00e3o os chamados hipsters, o pessoal do capitalismo cognitivo, da economia criativa. \u00c9 um grupo social, um grupo cultural que atua em determinadas \u00e1reas, mas n\u00e3o \u00e9 uma coisa assim \u2018vamos gentrificar esta \u00e1rea&#8217;, \u00e9 um processo que vai acontecendo.<br \/>\n<strong>Quais as caracter\u00edsticas da \u00e1rea para que ocorra este processo e suas consequ\u00eancias?<\/strong><br \/>\nGeralmente s\u00e3o bairros centrais. Em S\u00e3o Paulo, est\u00e1 acontecendo em Santa Cec\u00edlia, no Rio de Janeiro, \u00e9 mais na regi\u00e3o de Santa Tereza. S\u00e3o bairros acess\u00edveis, onde tu n\u00e3o depende do carro e que j\u00e1 t\u00eam uma vida urbana, uma vida de bairro. Essa gentrifica\u00e7\u00e3o aproveita essa vitalidade e esse \u00e9 o lado interessante da coisa: ter uma rela\u00e7\u00e3o com a vida do bairro, n\u00e3o destruindo a vida que existe no local. O que se discute em alguns artigos \u00e9 quando este processo avan\u00e7a muito e tu come\u00e7a a eliminar a vida do bairro em favor deste processo.<br \/>\nNo Bom Fim mesmo, havia um s\u00f3lido com\u00e9rcio de m\u00f3veis na Osvaldo, tem cada vez menos. Tem aquele edif\u00edcio empresarial onde era o cinema, aquilo ali \u00e9 completamente fora da rela\u00e7\u00e3o da trajet\u00f3ria do bairro. Quantos com\u00e9rcios de cal\u00e7ada poderia ter ali que tu colocou tudo em um edif\u00edcio. Isso n\u00e3o e bom pro bairro, esterilizou um pouco a paisagem urbana.<br \/>\n<strong>Tem outros exemplos em Porto Alegre?<\/strong><br \/>\nNo Quarto Distrito est\u00e1 havendo um processo de retomada, tem o pessoal do Vila Flores, no bairro Floresta. Temos outros processo de valoriza\u00e7\u00e3o em Porto Alegre, como Petr\u00f3polis e Menino Deus, mas n\u00e3o \u00e9 bem uma gentrifica\u00e7\u00e3o, \u00e9 uma valoriza\u00e7\u00e3o imobili\u00e1ria.<br \/>\n<strong>O que s\u00e3o os chamados bairros tem\u00e1ticos?<\/strong><br \/>\nH\u00e1 alguns casos, como o bairro El Born, em Barcelona, onde tem at\u00e9 um movimento dos moradores que permanecem que \u00e9 contra o bairro tem\u00e1tico. Acaba o bairro todo se dedicando a uma atividade econ\u00f4mica mais l\u00fadica, de entretenimento, e o bairro perde a vida urbana. Por exemplo, na Cidade Baixa, teve um boom. Aquele monte de bares na Jo\u00e3o Alfredo, aquela vida noturna, mas j\u00e1 est\u00e1 entrando em decad\u00eancia, n\u00e3o \u00e9 como era h\u00e1 5 ou 10 anos. Da\u00ed acaba sendo isso do bairro tem\u00e1tico: de dia um deserto, de noite superlota\u00e7\u00e3o.<br \/>\nMas tamb\u00e9m \u00e9 dif\u00edcil o poder publico, os agentes econ\u00f4micos e os agentes sociais manejarem, gerenciarem este processo. E tamb\u00e9m o mercado funciona: abre uma casa noturna, outra quer abrir tamb\u00e9m porque todo mundo vai ali.<\/p>\n","protected":false},"excerpt":{"rendered":"<p>A palavra \u00e9 estranha: gentrifica\u00e7\u00e3o \u00e9 um processo de revaloriza\u00e7\u00e3o de \u00e1rea de determinada \u00e1rea de uma cidade que tenha sido desvalorizada com o tempo. O processo gera uma revitaliza\u00e7\u00e3o, mas, em casos extremos, pode promover a substitui\u00e7\u00e3o de uma popula\u00e7\u00e3o tradicional por outra, de maior poder aquisitivo, ou por neg\u00f3cios de um mesmo perfil, [&hellip;]<\/p>\n","protected":false},"author":4,"featured_media":41215,"comment_status":"open","ping_status":"closed","sticky":false,"template":"","format":"standard","meta":{"_jetpack_newsletter_access":"","_jetpack_dont_email_post_to_subs":false,"_jetpack_newsletter_tier_id":0,"_jetpack_memberships_contains_paywalled_content":false,"_jetpack_feature_clip_id":0,"_jetpack_memberships_contains_paid_content":false,"footnotes":"","jetpack_post_was_ever_published":false},"categories":[11],"tags":[],"class_list":["post-41214","post","type-post","status-publish","format-standard","has-post-thumbnail","hentry","category-materiasecundaria"],"aioseo_notices":[],"aioseo_head":"\n\t\t<!-- All in One SEO 5.0.1.1 - aioseo.com -->\n\t<meta name=\"robots\" content=\"max-image-preview:large\" \/>\n\t<meta name=\"author\" content=\"da Reda\u00e7\u00e3o\"\/>\n\t<link rel=\"canonical\" href=\"https:\/\/www.jornalja.com.br\/arquivo\/gentrificacao-hipster-no-bom-fim\/\" \/>\n\t<meta name=\"generator\" content=\"All in One SEO (AIOSEO) 5.0.1.1\" \/>\n\t\t<meta property=\"og:locale\" content=\"pt_BR\" \/>\n\t\t<meta property=\"og:site_name\" content=\"Arquivo | Jornal J\u00c1 | Porto Alegre\" \/>\n\t\t<meta property=\"og:type\" content=\"article\" \/>\n\t\t<meta property=\"og:title\" content=\"\u201cGentrifica\u00e7\u00e3o hipster\u201d no Bom Fim | Arquivo\" \/>\n\t\t<meta property=\"og:url\" content=\"https:\/\/www.jornalja.com.br\/arquivo\/gentrificacao-hipster-no-bom-fim\/\" \/>\n\t\t<meta property=\"og:image\" content=\"https:\/\/www.jornalja.com.br\/economics\/wp-content\/uploads\/sites\/11\/2026\/08\/ja-folhaderosto-facebook.jpg\" \/>\n\t\t<meta property=\"og:image:secure_url\" content=\"https:\/\/www.jornalja.com.br\/economics\/wp-content\/uploads\/sites\/11\/2026\/08\/ja-folhaderosto-facebook.jpg\" \/>\n\t\t<meta property=\"article:published_time\" content=\"2016-11-10T13:46:21+00:00\" \/>\n\t\t<meta property=\"article:modified_time\" content=\"2016-11-10T13:46:21+00:00\" \/>\n\t\t<meta name=\"twitter:card\" content=\"summary\" \/>\n\t\t<meta name=\"twitter:title\" content=\"\u201cGentrifica\u00e7\u00e3o hipster\u201d no Bom Fim | Arquivo\" \/>\n\t\t<meta name=\"twitter:image\" content=\"https:\/\/www.jornalja.com.br\/economics\/wp-content\/uploads\/sites\/11\/2026\/08\/ja-folhaderosto-facebook.jpg\" \/>\n\t\t<script type=\"application\/ld+json\" class=\"aioseo-schema\">\n\t\t\t{\"@context\":\"https:\\\/\\\/schema.org\",\"@graph\":[{\"@type\":\"BlogPosting\",\"@id\":\"https:\\\/\\\/www.jornalja.com.br\\\/arquivo\\\/gentrificacao-hipster-no-bom-fim\\\/#blogposting\",\"name\":\"\\u201cGentrifica\\u00e7\\u00e3o hipster\\u201d no Bom Fim | Arquivo\",\"headline\":\"\\u201cGentrifica\\u00e7\\u00e3o hipster\\u201d no Bom Fim\",\"author\":{\"@id\":\"https:\\\/\\\/www.jornalja.com.br\\\/arquivo\\\/author\\\/daredacao\\\/#author\"},\"publisher\":{\"@id\":\"https:\\\/\\\/www.jornalja.com.br\\\/arquivo\\\/#organization\"},\"image\":{\"@type\":\"ImageObject\",\"url\":41215},\"datePublished\":\"2016-11-10T10:46:21-02:00\",\"dateModified\":\"2016-11-10T10:46:21-02:00\",\"inLanguage\":\"pt-BR\",\"commentCount\":3,\"mainEntityOfPage\":{\"@id\":\"https:\\\/\\\/www.jornalja.com.br\\\/arquivo\\\/gentrificacao-hipster-no-bom-fim\\\/#webpage\"},\"isPartOf\":{\"@id\":\"https:\\\/\\\/www.jornalja.com.br\\\/arquivo\\\/gentrificacao-hipster-no-bom-fim\\\/#webpage\"},\"articleSection\":\"Cultura-Geral\"},{\"@type\":\"BreadcrumbList\",\"@id\":\"https:\\\/\\\/www.jornalja.com.br\\\/arquivo\\\/gentrificacao-hipster-no-bom-fim\\\/#breadcrumblist\",\"itemListElement\":[{\"@type\":\"ListItem\",\"@id\":\"https:\\\/\\\/www.jornalja.com.br\\\/arquivo#listItem\",\"position\":1,\"name\":\"Home\",\"item\":\"https:\\\/\\\/www.jornalja.com.br\\\/arquivo\",\"nextItem\":{\"@type\":\"ListItem\",\"@id\":\"https:\\\/\\\/www.jornalja.com.br\\\/arquivo\\\/category\\\/materiasecundaria\\\/#listItem\",\"name\":\"Cultura-Geral\"}},{\"@type\":\"ListItem\",\"@id\":\"https:\\\/\\\/www.jornalja.com.br\\\/arquivo\\\/category\\\/materiasecundaria\\\/#listItem\",\"position\":2,\"name\":\"Cultura-Geral\",\"item\":\"https:\\\/\\\/www.jornalja.com.br\\\/arquivo\\\/category\\\/materiasecundaria\\\/\",\"nextItem\":{\"@type\":\"ListItem\",\"@id\":\"https:\\\/\\\/www.jornalja.com.br\\\/arquivo\\\/gentrificacao-hipster-no-bom-fim\\\/#listItem\",\"name\":\"\\u201cGentrifica\\u00e7\\u00e3o hipster\\u201d no Bom Fim\"},\"previousItem\":{\"@type\":\"ListItem\",\"@id\":\"https:\\\/\\\/www.jornalja.com.br\\\/arquivo#listItem\",\"name\":\"Home\"}},{\"@type\":\"ListItem\",\"@id\":\"https:\\\/\\\/www.jornalja.com.br\\\/arquivo\\\/gentrificacao-hipster-no-bom-fim\\\/#listItem\",\"position\":3,\"name\":\"\\u201cGentrifica\\u00e7\\u00e3o hipster\\u201d no Bom Fim\",\"previousItem\":{\"@type\":\"ListItem\",\"@id\":\"https:\\\/\\\/www.jornalja.com.br\\\/arquivo\\\/category\\\/materiasecundaria\\\/#listItem\",\"name\":\"Cultura-Geral\"}}]},{\"@type\":\"Organization\",\"@id\":\"https:\\\/\\\/www.jornalja.com.br\\\/arquivo\\\/#organization\",\"name\":\"Jornal J\\u00c1\",\"description\":\"Jornal J\\u00c1 | Porto Alegre\",\"url\":\"https:\\\/\\\/www.jornalja.com.br\\\/arquivo\\\/\",\"telephone\":\"+555133307272\",\"logo\":{\"@type\":\"ImageObject\",\"url\":\"https:\\\/\\\/www.jornalja.com.br\\\/wp-content\\\/uploads\\\/cards\\\/JAslogan.png\",\"@id\":\"https:\\\/\\\/www.jornalja.com.br\\\/arquivo\\\/gentrificacao-hipster-no-bom-fim\\\/#organizationLogo\"},\"image\":{\"@id\":\"https:\\\/\\\/www.jornalja.com.br\\\/arquivo\\\/gentrificacao-hipster-no-bom-fim\\\/#organizationLogo\"}},{\"@type\":\"Person\",\"@id\":\"https:\\\/\\\/www.jornalja.com.br\\\/arquivo\\\/author\\\/daredacao\\\/#author\",\"url\":\"https:\\\/\\\/www.jornalja.com.br\\\/arquivo\\\/author\\\/daredacao\\\/\",\"name\":\"da Reda\\u00e7\\u00e3o\",\"image\":{\"@type\":\"ImageObject\",\"@id\":\"https:\\\/\\\/www.jornalja.com.br\\\/arquivo\\\/gentrificacao-hipster-no-bom-fim\\\/#authorImage\",\"url\":\"https:\\\/\\\/secure.gravatar.com\\\/avatar\\\/469fd857d6605ad19919d27ed29d35a968a25f6e8fd9318356bbb7f57aae9c65?s=96&d=mm&r=g\",\"width\":96,\"height\":96,\"caption\":\"da Reda\\u00e7\\u00e3o\"}},{\"@type\":\"WebPage\",\"@id\":\"https:\\\/\\\/www.jornalja.com.br\\\/arquivo\\\/gentrificacao-hipster-no-bom-fim\\\/#webpage\",\"url\":\"https:\\\/\\\/www.jornalja.com.br\\\/arquivo\\\/gentrificacao-hipster-no-bom-fim\\\/\",\"name\":\"\\u201cGentrifica\\u00e7\\u00e3o hipster\\u201d no Bom Fim | Arquivo\",\"inLanguage\":\"pt-BR\",\"isPartOf\":{\"@id\":\"https:\\\/\\\/www.jornalja.com.br\\\/arquivo\\\/#website\"},\"breadcrumb\":{\"@id\":\"https:\\\/\\\/www.jornalja.com.br\\\/arquivo\\\/gentrificacao-hipster-no-bom-fim\\\/#breadcrumblist\"},\"author\":{\"@id\":\"https:\\\/\\\/www.jornalja.com.br\\\/arquivo\\\/author\\\/daredacao\\\/#author\"},\"creator\":{\"@id\":\"https:\\\/\\\/www.jornalja.com.br\\\/arquivo\\\/author\\\/daredacao\\\/#author\"},\"image\":{\"@type\":\"ImageObject\",\"url\":41215,\"@id\":\"https:\\\/\\\/www.jornalja.com.br\\\/arquivo\\\/gentrificacao-hipster-no-bom-fim\\\/#mainImage\"},\"primaryImageOfPage\":{\"@id\":\"https:\\\/\\\/www.jornalja.com.br\\\/arquivo\\\/gentrificacao-hipster-no-bom-fim\\\/#mainImage\"},\"datePublished\":\"2016-11-10T10:46:21-02:00\",\"dateModified\":\"2016-11-10T10:46:21-02:00\"},{\"@type\":\"WebSite\",\"@id\":\"https:\\\/\\\/www.jornalja.com.br\\\/arquivo\\\/#website\",\"url\":\"https:\\\/\\\/www.jornalja.com.br\\\/arquivo\\\/\",\"name\":\"Arquivo\",\"description\":\"Jornal J\\u00c1 | Porto Alegre\",\"inLanguage\":\"pt-BR\",\"publisher\":{\"@id\":\"https:\\\/\\\/www.jornalja.com.br\\\/arquivo\\\/#organization\"}}]}\n\t\t<\/script>\n\t\t<!-- All in One SEO -->\n\n","aioseo_head_json":{"title":"\u201cGentrifica\u00e7\u00e3o hipster\u201d no Bom Fim | Arquivo","description":"","canonical_url":"https:\/\/www.jornalja.com.br\/arquivo\/gentrificacao-hipster-no-bom-fim\/","robots":"max-image-preview:large","keywords":"","webmasterTools":{"miscellaneous":""},"schema":{"@context":"https:\/\/schema.org","@graph":[{"@type":"BlogPosting","@id":"https:\/\/www.jornalja.com.br\/arquivo\/gentrificacao-hipster-no-bom-fim\/#blogposting","name":"\u201cGentrifica\u00e7\u00e3o hipster\u201d no Bom Fim | Arquivo","headline":"\u201cGentrifica\u00e7\u00e3o hipster\u201d no Bom Fim","author":{"@id":"https:\/\/www.jornalja.com.br\/arquivo\/author\/daredacao\/#author"},"publisher":{"@id":"https:\/\/www.jornalja.com.br\/arquivo\/#organization"},"image":{"@type":"ImageObject","url":41215},"datePublished":"2016-11-10T10:46:21-02:00","dateModified":"2016-11-10T10:46:21-02:00","inLanguage":"pt-BR","commentCount":3,"mainEntityOfPage":{"@id":"https:\/\/www.jornalja.com.br\/arquivo\/gentrificacao-hipster-no-bom-fim\/#webpage"},"isPartOf":{"@id":"https:\/\/www.jornalja.com.br\/arquivo\/gentrificacao-hipster-no-bom-fim\/#webpage"},"articleSection":"Cultura-Geral"},{"@type":"BreadcrumbList","@id":"https:\/\/www.jornalja.com.br\/arquivo\/gentrificacao-hipster-no-bom-fim\/#breadcrumblist","itemListElement":[{"@type":"ListItem","@id":"https:\/\/www.jornalja.com.br\/arquivo#listItem","position":1,"name":"Home","item":"https:\/\/www.jornalja.com.br\/arquivo","nextItem":{"@type":"ListItem","@id":"https:\/\/www.jornalja.com.br\/arquivo\/category\/materiasecundaria\/#listItem","name":"Cultura-Geral"}},{"@type":"ListItem","@id":"https:\/\/www.jornalja.com.br\/arquivo\/category\/materiasecundaria\/#listItem","position":2,"name":"Cultura-Geral","item":"https:\/\/www.jornalja.com.br\/arquivo\/category\/materiasecundaria\/","nextItem":{"@type":"ListItem","@id":"https:\/\/www.jornalja.com.br\/arquivo\/gentrificacao-hipster-no-bom-fim\/#listItem","name":"\u201cGentrifica\u00e7\u00e3o hipster\u201d no Bom Fim"},"previousItem":{"@type":"ListItem","@id":"https:\/\/www.jornalja.com.br\/arquivo#listItem","name":"Home"}},{"@type":"ListItem","@id":"https:\/\/www.jornalja.com.br\/arquivo\/gentrificacao-hipster-no-bom-fim\/#listItem","position":3,"name":"\u201cGentrifica\u00e7\u00e3o hipster\u201d no Bom Fim","previousItem":{"@type":"ListItem","@id":"https:\/\/www.jornalja.com.br\/arquivo\/category\/materiasecundaria\/#listItem","name":"Cultura-Geral"}}]},{"@type":"Organization","@id":"https:\/\/www.jornalja.com.br\/arquivo\/#organization","name":"Jornal J\u00c1","description":"Jornal J\u00c1 | Porto Alegre","url":"https:\/\/www.jornalja.com.br\/arquivo\/","telephone":"+555133307272","logo":{"@type":"ImageObject","url":"https:\/\/www.jornalja.com.br\/wp-content\/uploads\/cards\/JAslogan.png","@id":"https:\/\/www.jornalja.com.br\/arquivo\/gentrificacao-hipster-no-bom-fim\/#organizationLogo"},"image":{"@id":"https:\/\/www.jornalja.com.br\/arquivo\/gentrificacao-hipster-no-bom-fim\/#organizationLogo"}},{"@type":"Person","@id":"https:\/\/www.jornalja.com.br\/arquivo\/author\/daredacao\/#author","url":"https:\/\/www.jornalja.com.br\/arquivo\/author\/daredacao\/","name":"da Reda\u00e7\u00e3o","image":{"@type":"ImageObject","@id":"https:\/\/www.jornalja.com.br\/arquivo\/gentrificacao-hipster-no-bom-fim\/#authorImage","url":"https:\/\/secure.gravatar.com\/avatar\/469fd857d6605ad19919d27ed29d35a968a25f6e8fd9318356bbb7f57aae9c65?s=96&d=mm&r=g","width":96,"height":96,"caption":"da Reda\u00e7\u00e3o"}},{"@type":"WebPage","@id":"https:\/\/www.jornalja.com.br\/arquivo\/gentrificacao-hipster-no-bom-fim\/#webpage","url":"https:\/\/www.jornalja.com.br\/arquivo\/gentrificacao-hipster-no-bom-fim\/","name":"\u201cGentrifica\u00e7\u00e3o hipster\u201d no Bom Fim | Arquivo","inLanguage":"pt-BR","isPartOf":{"@id":"https:\/\/www.jornalja.com.br\/arquivo\/#website"},"breadcrumb":{"@id":"https:\/\/www.jornalja.com.br\/arquivo\/gentrificacao-hipster-no-bom-fim\/#breadcrumblist"},"author":{"@id":"https:\/\/www.jornalja.com.br\/arquivo\/author\/daredacao\/#author"},"creator":{"@id":"https:\/\/www.jornalja.com.br\/arquivo\/author\/daredacao\/#author"},"image":{"@type":"ImageObject","url":41215,"@id":"https:\/\/www.jornalja.com.br\/arquivo\/gentrificacao-hipster-no-bom-fim\/#mainImage"},"primaryImageOfPage":{"@id":"https:\/\/www.jornalja.com.br\/arquivo\/gentrificacao-hipster-no-bom-fim\/#mainImage"},"datePublished":"2016-11-10T10:46:21-02:00","dateModified":"2016-11-10T10:46:21-02:00"},{"@type":"WebSite","@id":"https:\/\/www.jornalja.com.br\/arquivo\/#website","url":"https:\/\/www.jornalja.com.br\/arquivo\/","name":"Arquivo","description":"Jornal J\u00c1 | Porto Alegre","inLanguage":"pt-BR","publisher":{"@id":"https:\/\/www.jornalja.com.br\/arquivo\/#organization"}}]},"og:locale":"pt_BR","og:site_name":"Arquivo | Jornal J\u00c1 | Porto Alegre","og:type":"article","og:title":"\u201cGentrifica\u00e7\u00e3o hipster\u201d no Bom Fim | Arquivo","og:url":"https:\/\/www.jornalja.com.br\/arquivo\/gentrificacao-hipster-no-bom-fim\/","og:image":"https:\/\/www.jornalja.com.br\/economics\/wp-content\/uploads\/sites\/11\/2026\/08\/ja-folhaderosto-facebook.jpg","og:image:secure_url":"https:\/\/www.jornalja.com.br\/economics\/wp-content\/uploads\/sites\/11\/2026\/08\/ja-folhaderosto-facebook.jpg","article:published_time":"2016-11-10T13:46:21+00:00","article:modified_time":"2016-11-10T13:46:21+00:00","twitter:card":"summary","twitter:title":"\u201cGentrifica\u00e7\u00e3o hipster\u201d no Bom Fim | Arquivo","twitter:image":"https:\/\/www.jornalja.com.br\/economics\/wp-content\/uploads\/sites\/11\/2026\/08\/ja-folhaderosto-facebook.jpg"},"aioseo_meta_data":{"post_id":"41214","title":null,"description":null,"keywords":null,"keyphrases":null,"primary_term":null,"canonical_url":null,"og_title":null,"og_description":null,"og_object_type":"default","og_image_type":"default","og_image_url":null,"og_image_width":null,"og_image_height":null,"og_image_custom_url":null,"og_image_custom_fields":null,"og_video":null,"og_custom_url":null,"og_article_section":null,"og_article_tags":null,"twitter_use_og":false,"twitter_card":"default","twitter_image_type":"default","twitter_image_url":null,"twitter_image_custom_url":null,"twitter_image_custom_fields":null,"twitter_title":null,"twitter_description":null,"schema":{"blockGraphs":[],"customGraphs":[],"default":{"data":{"Article":[],"Course":[],"Dataset":[],"FAQPage":[],"Movie":[],"Person":[],"Product":[],"ProductReview":[],"Car":[],"Recipe":[],"Service":[],"SoftwareApplication":[],"WebPage":[]},"graphName":"","isEnabled":true},"graphs":[],"defaultGraph":"","defaultPostTypeGraph":""},"schema_type":null,"schema_type_options":null,"pillar_content":false,"robots_default":true,"robots_noindex":false,"robots_noarchive":false,"robots_nosnippet":false,"robots_nofollow":false,"robots_noimageindex":false,"robots_noodp":false,"robots_notranslate":false,"robots_max_snippet":null,"robots_max_videopreview":null,"robots_max_imagepreview":"large","priority":null,"frequency":null,"location":null,"local_seo":null,"breadcrumb_settings":null,"limit_modified_date":false,"ai":null,"created":"2020-12-20 20:44:55","updated":"2025-07-19 18:12:15","seo_analyzer_scan_date":null,"focus_keyword":null,"additional_keywords":null,"truseo_locale":null},"jetpack_sharing_enabled":true,"jetpack-related-posts":[{"id":13109,"url":"https:\/\/www.jornalja.com.br\/arquivo\/judiciario-reconhece-poluicao-eletromagnetica\/","url_meta":{"origin":41214,"position":0},"title":"Judici\u00e1rio reconhece polui\u00e7\u00e3o eletromagn\u00e9tica","author":"Patr\u00edcia Marini","date":"16 de maio de 2014","format":false,"excerpt":"A\u00e7\u00e3o de duas associa\u00e7\u00f5es de moradores foi acolhida pelo Tribunal de Justi\u00e7a de S\u00e3o Paulo que. em decis\u00e3o in\u00e9dita, determinou a redu\u00e7\u00e3o do campo eletromagn\u00e9tico gerado pelas linhas de transmiss\u00e3o de energia que cortam os bairros City Boa\u00e7ava e Alto de Pinheiros. \u00c9 a primeira vez que um tribunal do\u2026","rel":"","context":"Em &quot;X.Categorias velhas&quot;","block_context":{"text":"X.Categorias velhas","link":"https:\/\/www.jornalja.com.br\/arquivo\/category\/x-categorias-velhas\/"},"img":{"alt_text":"","src":"","width":0,"height":0},"classes":[]},{"id":13124,"url":"https:\/\/www.jornalja.com.br\/arquivo\/sangue-latino-no-iecine\/","url_meta":{"origin":41214,"position":1},"title":"Sangue latino no IECINE","author":"da Reda\u00e7\u00e3o","date":"18 de maio de 2014","format":false,"excerpt":"Francisco Ribeiro O Instituto Estadual de Cinema (IECINE) tem a frente, desde abril \u00faltimo, um novo diretor, o cineasta colombiano Juan Zapata, 36, que substitui Luiz Alberto Cassol. Radicado h\u00e1 dez anos em Porto Alegre, Zapata tem diante de si o desafio de conduzir at\u00e9 o final do ano um\u2026","rel":"","context":"Em &quot;Cultura-Geral&quot;","block_context":{"text":"Cultura-Geral","link":"https:\/\/www.jornalja.com.br\/arquivo\/category\/materiasecundaria\/"},"img":{"alt_text":"","src":"","width":0,"height":0},"classes":[]},{"id":14241,"url":"https:\/\/www.jornalja.com.br\/arquivo\/o-guaiba-nas-imagens-poeticas-de-achutti\/","url_meta":{"origin":41214,"position":2},"title":"O Gua\u00edba nas imagens po\u00e9ticas de Achutti","author":"da Reda\u00e7\u00e3o","date":"18 de junho de 2014","format":false,"excerpt":"Em \u201cO Gua\u00edba por Achutti\u201d \u2013 obra financiada via Minist\u00e9rio da Cultura, produ\u00e7\u00e3o executiva de Pedro Longhi, e Fl\u00e1vio Wild como designer \u2013, o fot\u00f3grafo revela a beleza e as mazelas de um espa\u00e7o aqu\u00e1tico de \u00e1guas sempre renovadas, cheio de hist\u00f3rias e lendas como as das cidades que foram\u2026","rel":"","context":"Em &quot;Cultura-Geral&quot;","block_context":{"text":"Cultura-Geral","link":"https:\/\/www.jornalja.com.br\/arquivo\/category\/materiasecundaria\/"},"img":{"alt_text":"","src":"","width":0,"height":0},"classes":[]},{"id":5440,"url":"https:\/\/www.jornalja.com.br\/arquivo\/casarao-da-venancio-destino-permanece-incerto\/","url_meta":{"origin":41214,"position":3},"title":"Estado ainda n\u00e3o sabe o que fazer com casar\u00e3o abandonado h\u00e1 20 anos","author":"Elmar Bones","date":"6 de julho de 2009","format":false,"excerpt":"O casar\u00e3o amarelo, numa esquina nobre de Porto Alegre (Ven\u00e2ncio Aires com Jo\u00e3o Pessoa), j\u00e1 abrigou uma escola. H\u00e1 duas d\u00e9cadas, pelo menos, est\u00e1 abandonado, porque seu propriet\u00e1rio, o governo do Estado do Rio Grande do Sul, n\u00e3o consegue achar um destino para ele. Planos n\u00e3o faltaram. O governador Ol\u00edvio\u2026","rel":"","context":"Em &quot;X.Categorias velhas&quot;","block_context":{"text":"X.Categorias velhas","link":"https:\/\/www.jornalja.com.br\/arquivo\/category\/x-categorias-velhas\/"},"img":{"alt_text":"geraldo1","src":"https:\/\/i0.wp.com\/www.jornalja.com.br\/wp-content\/uploads\/2009\/07\/geraldo1.jpg?resize=350%2C200&ssl=1","width":350,"height":200},"classes":[]},{"id":13239,"url":"https:\/\/www.jornalja.com.br\/arquivo\/conselho-desdenha-do-plano-diretor\/","url_meta":{"origin":41214,"position":4},"title":"Porto Alegre: Conselho detona Plano Diretor","author":"Patr\u00edcia Marini","date":"25 de maio de 2014","format":false,"excerpt":"Den\u00fancia do arquiteto e \u00a0urbanista Ibir\u00e1 Santos Lucas. Ele diz que os conselheiros est\u00e3o votando com \"enorme irresponsabilidade\". \"Mudam regime com a maior naturalidade,,,regularizam absurdos de constru\u00e7\u00f5es irregulares... \"O CMDUA est\u00e1 flexibilizando a lei do plano diretor, de uma forma impactante na vida da cidade. Mudam regime com a maior\u2026","rel":"","context":"Em &quot;Geral&quot;","block_context":{"text":"Geral","link":"https:\/\/www.jornalja.com.br\/arquivo\/category\/geral\/"},"img":{"alt_text":"","src":"","width":0,"height":0},"classes":[]},{"id":13240,"url":"https:\/\/www.jornalja.com.br\/arquivo\/plano-diretor-estamos-construindo-o-caos\/","url_meta":{"origin":41214,"position":5},"title":"Plano diretor: &quot;Estamos construindo o caos&quot;","author":"Patr\u00edcia Marini","date":"26 de maio de 2014","format":false,"excerpt":"Desabafo que arquiteta Eliana Castilhos, delegada da Regi\u00e3o de Planejamento 1, postou nas redes sociais \u00e9 um testemunho do ambiente que se criou no Conselho do Plano Diretor de Porto Alegre, onde a aprova\u00e7\u00e3o de grandes empreendimentos \u00e9 empurrada guela abaixo dos conselheiros. Ao CMDUA Como delegada da Regi\u00e3o de\u2026","rel":"","context":"Em &quot;Geral&quot;","block_context":{"text":"Geral","link":"https:\/\/www.jornalja.com.br\/arquivo\/category\/geral\/"},"img":{"alt_text":"","src":"","width":0,"height":0},"classes":[]}],"jetpack_shortlink":"https:\/\/wp.me\/pbQjBd-aIK","jetpack_featured_media_url":"","_links":{"self":[{"href":"https:\/\/www.jornalja.com.br\/arquivo\/wp-json\/wp\/v2\/posts\/41214","targetHints":{"allow":["GET"]}}],"collection":[{"href":"https:\/\/www.jornalja.com.br\/arquivo\/wp-json\/wp\/v2\/posts"}],"about":[{"href":"https:\/\/www.jornalja.com.br\/arquivo\/wp-json\/wp\/v2\/types\/post"}],"author":[{"embeddable":true,"href":"https:\/\/www.jornalja.com.br\/arquivo\/wp-json\/wp\/v2\/users\/4"}],"replies":[{"embeddable":true,"href":"https:\/\/www.jornalja.com.br\/arquivo\/wp-json\/wp\/v2\/comments?post=41214"}],"version-history":[{"count":0,"href":"https:\/\/www.jornalja.com.br\/arquivo\/wp-json\/wp\/v2\/posts\/41214\/revisions"}],"wp:attachment":[{"href":"https:\/\/www.jornalja.com.br\/arquivo\/wp-json\/wp\/v2\/media?parent=41214"}],"wp:term":[{"taxonomy":"category","embeddable":true,"href":"https:\/\/www.jornalja.com.br\/arquivo\/wp-json\/wp\/v2\/categories?post=41214"},{"taxonomy":"post_tag","embeddable":true,"href":"https:\/\/www.jornalja.com.br\/arquivo\/wp-json\/wp\/v2\/tags?post=41214"}],"curies":[{"name":"wp","href":"https:\/\/api.w.org\/{rel}","templated":true}]}}