{"id":41232,"date":"2016-11-10T09:17:03","date_gmt":"2016-11-10T12:17:03","guid":{"rendered":"https:\/\/www.jornalja.com.br\/?p=41232"},"modified":"2016-11-10T09:17:03","modified_gmt":"2016-11-10T12:17:03","slug":"o-monumental-viaduto-otavio-rocha-vira-retrato-do-descaso","status":"publish","type":"post","link":"https:\/\/www.jornalja.com.br\/arquivo\/o-monumental-viaduto-otavio-rocha-vira-retrato-do-descaso\/","title":{"rendered":"O monumental viaduto Ot\u00e1vio Rocha vira retrato do descaso"},"content":{"rendered":"<p>Adacir Jos\u00e9 Flores falou na Tribuna Popular da C\u00e2mara Municipal na tarde desta quarta-feira (9). Ele foi pedir socorro aos vereadores. Flores preside a Associa\u00e7\u00e3o Representativa e Cultural dos Comerciantes do Viaduto Ot\u00e1vio Rocha (Arccov). \u00a0H\u00e1 anos a Arccov tenta levar adiante um projeto para recuperar a \u00e1rea, um monumento do patrim\u00f4nio hist\u00f3rico, popularmente conhecido como Viaduto da Borges.<br \/>\nNos \u00faltimos dois anos, mesmo a Prefeitura afirmando que tem um projeto na gaveta \u00e0 espera de recursos, a situa\u00e7\u00e3o s\u00f3 piorou. Com o aumento de habitantes sem moradia na cidade, o viaduto virou teto provis\u00f3rio de muita gente, que ali tamb\u00e9m encontra um banheiro p\u00fablico. Mas esta popula\u00e7\u00e3o desassistida n\u00e3o \u00e9 a causa do abandono, e sim a consequ\u00eancia.<br \/>\n<figure id=\"attachment_41233\" aria-describedby=\"caption-attachment-41233\" style=\"width: 300px\" class=\"wp-caption alignleft\"><img decoding=\"async\" class=\"size-medium wp-image-41233\" src=\"https:\/\/www.jornalja.com.br\/wp-content\/uploads\/2016\/11\/EDE_2722-300x199.jpg\" alt=\"Viaduto Ot\u00e1vio Rocha \u00e9 tema da Tribuna da C\u00e2mara, com a Associa\u00e7\u00e3o representativa e Cultural dos Comerciantes do Viaduto - Arcov. Na foto, Adacir Jos\u00e9 Flores \/ Foto: Ederson Nunes\/CMPA\" width=\"300\" height=\"199\" \/><figcaption id=\"caption-attachment-41233\" class=\"wp-caption-text\">Na Tribuna da C\u00e2mara, Adacir Flores, presidente da Associa\u00e7\u00e3o do Viaduto, pede aten\u00e7\u00e3o dos vereadores \/ Foto: Ederson Nunes\/CMPA<\/figcaption><\/figure><br \/>\nFlores relembrou que o grupo trabalha desde 2005, incentivado pelo ent\u00e3o prefeito Jos\u00e9 Foga\u00e7a. \u201cFomos desafiados sobre o que poder\u00edamos fazer pelo viaduto, e ent\u00e3o elaboramos junto \u00e0 comunidade o projeto de restaura\u00e7\u00e3o\u201d, explicou. \u201cHoje, este projeto, que envolve v\u00e1rias secretarias e \u00f3rg\u00e3os municipais, est\u00e1 aos cuidados do Gabinete de Desenvolvimento e Assuntos Especiais\u201d, contou.<br \/>\nFlores apresentou, em nome da entidade, uma solu\u00e7\u00e3o para a execu\u00e7\u00e3o do projeto de revitaliza\u00e7\u00e3o, que passa pela coopera\u00e7\u00e3o da Prefeitura com a Arccov. Eles querem buscar os recursos, mas como, se a Prefeitura n\u00e3o libera o projeto? \u201cQueremos formalizar esta parceria para, posteriormente, reivindicar recursos para a obra atrav\u00e9s da Lei Rouanet (Lei de Incentivo \u00e0 Cultura)\u201d, afirmou, ressaltando que a entidade tem condi\u00e7\u00f5es para pleitear verbas e classificando o local como um patrim\u00f4nio cultural da cidade. \u201cQueremos deixar um legado para a \u00e1rea social, pol\u00edtica e humana de Porto Alegre\u201d, completou Flores.<br \/>\nO presidente da Arccov tamb\u00e9m classificou a situa\u00e7\u00e3o atual do Viaduto Ot\u00e1vio Rocha, situado na Avenida Borges de Medeiros, como \u201ccr\u00edtica\u201d e citou os moradores de rua que ocupam o espa\u00e7o. Dono de um dos estabelecimentos mais tradicionais do viaduto &#8211; o sebo de livros e discos quase na esquina com a Jer\u00f4nimo Coelho -, ele tem visto o viaduto tornar-se a s\u00edntese da aus\u00eancia de pol\u00edticas p\u00fablicas de habita\u00e7\u00e3o na cidade. \u201c\u00c9 necess\u00e1ria uma solu\u00e7\u00e3o humana para os moradores em situa\u00e7\u00e3o de rua que l\u00e1 se encontram, a fim de emancip\u00e1-los\u201d, destacou.<br \/>\nEm agosto, no Dia Nacional do Patrim\u00f4nio Hist\u00f3rico (17), um grupo de arquitetos e comerciantes tentou para chamar a aten\u00e7\u00e3o da popula\u00e7\u00e3o sobre a situa\u00e7\u00e3o do viaduto Ot\u00e1vio Rocha.<br \/>\n<strong>Ningu\u00e9m discorda, ningu\u00e9m resolve<\/strong><br \/>\nA arquiteta Adriana Cunha, do Grupo Paralelos Cruzados, disse que a iniciativa teve o objetivo de chamar a aten\u00e7\u00e3o para o local e a data, mostrando que \u00e9 poss\u00edvel transformar um espa\u00e7o visivelmente degradado. \u201c\u00c9 poss\u00edvel tornar esta \u00e1rea em pleno Centro Hist\u00f3rico um local agrad\u00e1vel\u201d, explicou.<br \/>\nMas o cheiro de urina humana era t\u00e3o forte, que os volunt\u00e1rios deixaram de realizar a pr\u00e1tica de ioga. Os arquitetos e designers montaram um \u201ctapete verde de grama natural\u201d no viaduto Ot\u00e1vio Rocha, nas proximidades da rua Jer\u00f4nimo Coelho. No local, foram colocados cadeiras, livros, gibis e uma roda de chimarr\u00e3o foi feita no local. Para utilizar a \u00e1rea o grupo de arquitetos e comerciantes pagou o estacionamento da vaga da \u00e1rea azul.<\/p>\n<div id=\"sas_38013\">A arquiteta S\u00edlvia Dighero explicou que a ideia do Grupo Paralelos Cruzados foi realizar a integra\u00e7\u00e3o com a comunidade que frequenta o espa\u00e7o. O presidente da Associa\u00e7\u00e3o Representativa e Cultural dos Comerciantes do Viaduto Ot\u00e1vio Rocha, (Arccov), Adacir Flores, disse que o objetivo da iniciativa \u00e9 chamar a aten\u00e7\u00e3o do poder p\u00fablico que tem a obriga\u00e7\u00e3o de proteger, restaurar e humanizar o viaduto Ot\u00e1vio.<\/div>\n<p><b>Solu\u00e7\u00e3o para moradores de rua\u00a0<\/b><br \/>\nFlores compreende que os moradores da rua que vivem no espa\u00e7o n\u00e3o est\u00e3o ali por op\u00e7\u00e3o. Ele prop\u00f4s a realiza\u00e7\u00e3o de uma feira permanente no viaduto como forma de revitalizar a \u00e1rea. \u201cQueremos trazer mais vida para o viaduto e que as pessoas possam andar com tranquilidade na regi\u00e3o\u201d, acrescentou. O\u00a0viaduto, um ponto privilegiado em pleno Centro da cidade, encontra-se completamente abandonado.<br \/>\nSegundo os envolvidos, tudo o que falta \u00e9 o compartilhamento do projeto de restaura\u00e7\u00e3o para que tenha in\u00edcio a tentativa d\u00a0capta\u00e7\u00e3o dos recursos pela Lei de Incentivo a Cultura. Flores relata que diariamente um ou outro habitante da regi\u00e3o pergunta: \u201cQuando \u00e9 que a Prefeitura e voc\u00eas da Associa\u00e7\u00e3o v\u00e3o acabar com esse pardieiro?\u201d<\/p>\n","protected":false},"excerpt":{"rendered":"<p>Adacir Jos\u00e9 Flores falou na Tribuna Popular da C\u00e2mara Municipal na tarde desta quarta-feira (9). Ele foi pedir socorro aos vereadores. Flores preside a Associa\u00e7\u00e3o Representativa e Cultural dos Comerciantes do Viaduto Ot\u00e1vio Rocha (Arccov). \u00a0H\u00e1 anos a Arccov tenta levar adiante um projeto para recuperar a \u00e1rea, um monumento do patrim\u00f4nio hist\u00f3rico, popularmente conhecido [&hellip;]<\/p>\n","protected":false},"author":4,"featured_media":41244,"comment_status":"open","ping_status":"closed","sticky":false,"template":"","format":"standard","meta":{"_jetpack_memberships_contains_paid_content":false,"footnotes":""},"categories":[26],"tags":[],"class_list":["post-41232","post","type-post","status-publish","format-standard","has-post-thumbnail","hentry","category-geral"],"aioseo_notices":[],"jetpack_featured_media_url":"","jetpack_sharing_enabled":true,"jetpack-related-posts":[{"id":1280,"url":"https:\/\/www.jornalja.com.br\/arquivo\/o-menino-que-se-tornou-brizola\/","url_meta":{"origin":41232,"position":0},"title":"O Menino que se Tornou Brizola","author":"da Reda\u00e7\u00e3o","date":"28 de julho de 2008","format":false,"excerpt":"Autor: Cleber Dioni A vida de Leonel Brizola, com \u00eanfase para os primeiros anos em Porto Alegre, at\u00e9 o ex\u00edlio no Uruguai e a volta, quinze anos depois. \u00a0\"...\u00c9ramos todos jovens e nos identific\u00e1vamos com aquela massa an\u00f4nima a percorrer as ruas de Porto Alegre, gritando 'Get\u00falio', 'Get\u00falio' e empunhando\u2026","rel":"","context":"Em &quot;Livros&quot;","block_context":{"text":"Livros","link":"https:\/\/www.jornalja.com.br\/arquivo\/category\/livros\/"},"img":{"alt_text":"","src":"https:\/\/i0.wp.com\/www.jornalja.com.br\/wp-content\/uploads\/2008\/07\/brizola.gif?resize=350%2C200&ssl=1","width":350,"height":200},"classes":[]}],"jetpack_shortlink":"https:\/\/wp.me\/pbQjBd-aJ2","_links":{"self":[{"href":"https:\/\/www.jornalja.com.br\/arquivo\/wp-json\/wp\/v2\/posts\/41232","targetHints":{"allow":["GET"]}}],"collection":[{"href":"https:\/\/www.jornalja.com.br\/arquivo\/wp-json\/wp\/v2\/posts"}],"about":[{"href":"https:\/\/www.jornalja.com.br\/arquivo\/wp-json\/wp\/v2\/types\/post"}],"author":[{"embeddable":true,"href":"https:\/\/www.jornalja.com.br\/arquivo\/wp-json\/wp\/v2\/users\/4"}],"replies":[{"embeddable":true,"href":"https:\/\/www.jornalja.com.br\/arquivo\/wp-json\/wp\/v2\/comments?post=41232"}],"version-history":[{"count":0,"href":"https:\/\/www.jornalja.com.br\/arquivo\/wp-json\/wp\/v2\/posts\/41232\/revisions"}],"wp:featuredmedia":[{"embeddable":true,"href":"https:\/\/www.jornalja.com.br\/arquivo\/wp-json\/"}],"wp:attachment":[{"href":"https:\/\/www.jornalja.com.br\/arquivo\/wp-json\/wp\/v2\/media?parent=41232"}],"wp:term":[{"taxonomy":"category","embeddable":true,"href":"https:\/\/www.jornalja.com.br\/arquivo\/wp-json\/wp\/v2\/categories?post=41232"},{"taxonomy":"post_tag","embeddable":true,"href":"https:\/\/www.jornalja.com.br\/arquivo\/wp-json\/wp\/v2\/tags?post=41232"}],"curies":[{"name":"wp","href":"https:\/\/api.w.org\/{rel}","templated":true}]}}