{"id":41253,"date":"2016-11-10T13:38:09","date_gmt":"2016-11-10T16:38:09","guid":{"rendered":"https:\/\/www.jornalja.com.br\/?p=41253"},"modified":"2016-11-10T13:38:09","modified_gmt":"2016-11-10T16:38:09","slug":"debate-busca-dialogo-com-as-ocupacoes","status":"publish","type":"post","link":"https:\/\/www.jornalja.com.br\/arquivo\/debate-busca-dialogo-com-as-ocupacoes\/","title":{"rendered":"Debate busca di\u00e1logo com as ocupa\u00e7\u00f5es"},"content":{"rendered":"<p>Ocorre nesta quinta, 10, no Sindibanc\u00e1rios, o debate <em>&#8220;A juventude, as ocupa\u00e7\u00f5es e o movimento contra o golpe&#8221;<\/em>. O evento ser\u00e1 mediado pela professora doutora Russel Dutra da Rosa, que atua na Faculdade de Educa\u00e7\u00e3o da UFRGS.<br \/>\nA doutora Russel participa ativamente do debate sobre o projeto <em>&#8220;escola sem partido&#8221;<\/em> e tem promovido palestras alertando sobre as consequ\u00eancias da aprova\u00e7\u00e3o dessas medidas. Ela defende que o projeto \u00e9 danoso n\u00e3o s\u00f3 para o corpo docente, mas para a educa\u00e7\u00e3o como um todo.<br \/>\nConfirmaram presen\u00e7a no debate\u00a0os representantes dos movimentos<em> &#8220;Ocupa\u00e7\u00e3o da Letra&#8221;<\/em>, Laura Castilhos, da<em> &#8220;Ocupa\u00e7\u00e3o da FACED&#8221;<\/em>, Haniel Monteiro e da ocupa\u00e7\u00e3o do Instituto Federal de Sapucaia do Sul.<br \/>\nOs temas que ser\u00e3o discutidos no debate ir\u00e3o girar em torno das medidas do Executivo, que tem o apoio legislativo, nas quest\u00f5es referentes \u00e0 Educa\u00e7\u00e3o e sua infra-estrutura, assim como a repress\u00e3o do Estado e de parte da sociedade civil contra os movimentos de ocupa\u00e7\u00e3o que visam barrar essas medidas.<br \/>\nSegundo a mediadora Russel, a imprensa corporativa &#8220;tem tido uma atitude lament\u00e1vel, criminalizando os movimentos, sempre\u00a0dando destaque \u00e0s consequ\u00eancias negativas das ocupa\u00e7\u00f5es, evitando focar nas reais raz\u00f5es da mobiliza\u00e7\u00e3o&#8221;. Como consequ\u00eancia disso, os movimentos tem repelido a presen\u00e7a da imprensa nos locais das ocupa\u00e7\u00f5es.<br \/>\nNesse contexto, o debate tem o objetivo de preencher o v\u00e1cuo de informa\u00e7\u00e3o ocasionado pelo impasse criado entre o Estado, a imprensa corporativa e os\u00a0movimentos de ocupa\u00e7\u00e3o.<br \/>\nO evento inicia \u00e0s 19 horas, na rua General C\u00e2mara 424, com entrada livre, sem a necessidade de inscri\u00e7\u00e3o pr\u00e9via. O debate \u00e9 promovido pelo <em>Comit\u00ea em Defesa da\u00a0Democracia e do Estado Democr\u00e1tico de Direito<\/em>.<\/p>\n","protected":false},"excerpt":{"rendered":"<p>Ocorre nesta quinta, 10, no Sindibanc\u00e1rios, o debate &#8220;A juventude, as ocupa\u00e7\u00f5es e o movimento contra o golpe&#8221;. O evento ser\u00e1 mediado pela professora doutora Russel Dutra da Rosa, que atua na Faculdade de Educa\u00e7\u00e3o da UFRGS. A doutora Russel participa ativamente do debate sobre o projeto &#8220;escola sem partido&#8221; e tem promovido palestras alertando [&hellip;]<\/p>\n","protected":false},"author":4,"featured_media":41260,"comment_status":"open","ping_status":"closed","sticky":false,"template":"","format":"standard","meta":{"_jetpack_memberships_contains_paid_content":false,"footnotes":""},"categories":[26],"tags":[],"class_list":["post-41253","post","type-post","status-publish","format-standard","has-post-thumbnail","hentry","category-geral"],"aioseo_notices":[],"jetpack_featured_media_url":"","jetpack_sharing_enabled":true,"jetpack-related-posts":[],"jetpack_shortlink":"https:\/\/wp.me\/pbQjBd-aJn","_links":{"self":[{"href":"https:\/\/www.jornalja.com.br\/arquivo\/wp-json\/wp\/v2\/posts\/41253","targetHints":{"allow":["GET"]}}],"collection":[{"href":"https:\/\/www.jornalja.com.br\/arquivo\/wp-json\/wp\/v2\/posts"}],"about":[{"href":"https:\/\/www.jornalja.com.br\/arquivo\/wp-json\/wp\/v2\/types\/post"}],"author":[{"embeddable":true,"href":"https:\/\/www.jornalja.com.br\/arquivo\/wp-json\/wp\/v2\/users\/4"}],"replies":[{"embeddable":true,"href":"https:\/\/www.jornalja.com.br\/arquivo\/wp-json\/wp\/v2\/comments?post=41253"}],"version-history":[{"count":0,"href":"https:\/\/www.jornalja.com.br\/arquivo\/wp-json\/wp\/v2\/posts\/41253\/revisions"}],"wp:featuredmedia":[{"embeddable":true,"href":"https:\/\/www.jornalja.com.br\/arquivo\/wp-json\/"}],"wp:attachment":[{"href":"https:\/\/www.jornalja.com.br\/arquivo\/wp-json\/wp\/v2\/media?parent=41253"}],"wp:term":[{"taxonomy":"category","embeddable":true,"href":"https:\/\/www.jornalja.com.br\/arquivo\/wp-json\/wp\/v2\/categories?post=41253"},{"taxonomy":"post_tag","embeddable":true,"href":"https:\/\/www.jornalja.com.br\/arquivo\/wp-json\/wp\/v2\/tags?post=41253"}],"curies":[{"name":"wp","href":"https:\/\/api.w.org\/{rel}","templated":true}]}}