{"id":41267,"date":"2016-11-10T20:20:47","date_gmt":"2016-11-10T23:20:47","guid":{"rendered":"https:\/\/www.jornalja.com.br\/?p=41267"},"modified":"2016-11-10T20:20:47","modified_gmt":"2016-11-10T23:20:47","slug":"nova-edicao-impressa-do-jornal-ja-bom-fim-ja-esta-circulando-na-cidade","status":"publish","type":"post","link":"https:\/\/www.jornalja.com.br\/arquivo\/nova-edicao-impressa-do-jornal-ja-bom-fim-ja-esta-circulando-na-cidade\/","title":{"rendered":"Nova edi\u00e7\u00e3o impressa do jornal J\u00c1 Bom Fim j\u00e1 est\u00e1 circulando na cidade"},"content":{"rendered":"<p>Acaba de sair para as ruas a mais recente edi\u00e7\u00e3o do jornal J\u00c1 Bom Fim. O jornal circula em dez bairros no entorno do Bom Fim e, nesta \u00e9poca, tamb\u00e9m \u00e9 disponibilizado ao p\u00fablico na banca da ARI na Feira do Livro.<br \/>\nA Feira est\u00e1 na capa: o momento da atual da Feira do Livro de Porto Alegre, uma breve retrospectiva sobre esses 61 anos da Feira.<br \/>\nO editorial prop\u00f5e uma reflex\u00e3o sobre a import\u00e2ncia do jornalismo local, mote do J\u00c1 Bom Fim h\u00e1 28 anos, que agora aparece como novo foco dos grandes grupos de comunica\u00e7\u00e3o. Com o amplo acesso \u00e0 internet, falta ao leitor informa\u00e7\u00e3o local.<br \/>\n&#8220;Agora os campe\u00f5es da liberdade de imprensa est\u00e3o descobrindo o jornalismo local. Antes tarde do que nunca&#8221;, inicia o texto do editor.<br \/>\nEm entrevista ao J\u00c1 Bom Fim, o professor de geografia urbana da UFRGS, e morador do bairro, Paulo Roberto Soares fala sobre os ind\u00edcios de um processo que ele classifica como &#8220;gentrifica\u00e7\u00e3o hipster&#8221;, e sobre as transforma\u00e7\u00f5es do bairro ao longo do tempo.<br \/>\nNa sess\u00e3o Rua Viva, hist\u00f3rias da avenida Jer\u00f4nimo de Ornelas &#8211; suas pra\u00e7as, bares,\u00a0restaurantes, os novos caf\u00e9s, os servi\u00e7os. A avenida leva o nome do propriet\u00e1rio das terras onde iniciou o povoamento da vila de Porto Alegre. A pe\u00f3xima Rua Viva em pauta ser\u00e1 a avenida Independ\u00eancia.<br \/>\nA edi\u00e7\u00e3o de outubro\/novembro registra ainda os festejos dos 27 anos da feira de org\u00e2nicos da Jos\u00e9 Bonif\u00e1cio aos s\u00e1bados,\u00a0e uma novidade que se agregou \u00e0 FAE: a\u00a0roda de capoeira\u00a0&#8211; s\u00e1bado sim, outro n\u00e3o, tem roda na Reden\u00e7\u00e3o, entre a feira e o Mercado do Bom Fim, sempre \u00e0s 11hs. \u00c9 a roda da feira org\u00e2nica, que re\u00fane capoeiristas de diversos grupos de Porto Alegre.<br \/>\nA pr\u00f3xima edi\u00e7\u00e3o do J\u00c1 Bom Fim circula em dezembro, com fechamento publicit\u00e1rio no dia 5. O jornal, de distribui\u00e7\u00e3o gratuita, vive do prest\u00edgio dos leitores de uma regi\u00e3o culturalmente efervescente, e dos an\u00fancios publicit\u00e1rios do com\u00e9rcio e servi\u00e7os da regi\u00e3o que reconhecem a import\u00e2ncia da informa\u00e7\u00e3o local. Em alguns per\u00edodos, os jornais de bairro tamb\u00e9m s\u00e3o contemplados na distribui\u00e7\u00e3o de verbas publicit\u00e1rias p\u00fablicas.<br \/>\nFora do impresso, o notici\u00e1rio continua em <a href=\"https:\/\/www.jornalja.com.br\">www.jornalja.com.br<\/a>.<\/p>\n","protected":false},"excerpt":{"rendered":"<p>Acaba de sair para as ruas a mais recente edi\u00e7\u00e3o do jornal J\u00c1 Bom Fim. O jornal circula em dez bairros no entorno do Bom Fim e, nesta \u00e9poca, tamb\u00e9m \u00e9 disponibilizado ao p\u00fablico na banca da ARI na Feira do Livro. A Feira est\u00e1 na capa: o momento da atual da Feira do Livro [&hellip;]<\/p>\n","protected":false},"author":4,"featured_media":41278,"comment_status":"open","ping_status":"closed","sticky":false,"template":"","format":"standard","meta":{"_jetpack_memberships_contains_paid_content":false,"footnotes":""},"categories":[26],"tags":[],"class_list":["post-41267","post","type-post","status-publish","format-standard","has-post-thumbnail","hentry","category-geral"],"aioseo_notices":[],"jetpack_featured_media_url":"","jetpack_sharing_enabled":true,"jetpack-related-posts":[{"id":1280,"url":"https:\/\/www.jornalja.com.br\/arquivo\/o-menino-que-se-tornou-brizola\/","url_meta":{"origin":41267,"position":0},"title":"O Menino que se Tornou Brizola","author":"da Reda\u00e7\u00e3o","date":"28 de julho de 2008","format":false,"excerpt":"Autor: Cleber Dioni A vida de Leonel Brizola, com \u00eanfase para os primeiros anos em Porto Alegre, at\u00e9 o ex\u00edlio no Uruguai e a volta, quinze anos depois. \u00a0\"...\u00c9ramos todos jovens e nos identific\u00e1vamos com aquela massa an\u00f4nima a percorrer as ruas de Porto Alegre, gritando 'Get\u00falio', 'Get\u00falio' e empunhando\u2026","rel":"","context":"Em &quot;Livros&quot;","block_context":{"text":"Livros","link":"https:\/\/www.jornalja.com.br\/arquivo\/category\/livros\/"},"img":{"alt_text":"","src":"https:\/\/i0.wp.com\/www.jornalja.com.br\/wp-content\/uploads\/2008\/07\/brizola.gif?resize=350%2C200&ssl=1","width":350,"height":200},"classes":[]}],"jetpack_shortlink":"https:\/\/wp.me\/pbQjBd-aJB","_links":{"self":[{"href":"https:\/\/www.jornalja.com.br\/arquivo\/wp-json\/wp\/v2\/posts\/41267","targetHints":{"allow":["GET"]}}],"collection":[{"href":"https:\/\/www.jornalja.com.br\/arquivo\/wp-json\/wp\/v2\/posts"}],"about":[{"href":"https:\/\/www.jornalja.com.br\/arquivo\/wp-json\/wp\/v2\/types\/post"}],"author":[{"embeddable":true,"href":"https:\/\/www.jornalja.com.br\/arquivo\/wp-json\/wp\/v2\/users\/4"}],"replies":[{"embeddable":true,"href":"https:\/\/www.jornalja.com.br\/arquivo\/wp-json\/wp\/v2\/comments?post=41267"}],"version-history":[{"count":0,"href":"https:\/\/www.jornalja.com.br\/arquivo\/wp-json\/wp\/v2\/posts\/41267\/revisions"}],"wp:featuredmedia":[{"embeddable":true,"href":"https:\/\/www.jornalja.com.br\/arquivo\/wp-json\/"}],"wp:attachment":[{"href":"https:\/\/www.jornalja.com.br\/arquivo\/wp-json\/wp\/v2\/media?parent=41267"}],"wp:term":[{"taxonomy":"category","embeddable":true,"href":"https:\/\/www.jornalja.com.br\/arquivo\/wp-json\/wp\/v2\/categories?post=41267"},{"taxonomy":"post_tag","embeddable":true,"href":"https:\/\/www.jornalja.com.br\/arquivo\/wp-json\/wp\/v2\/tags?post=41267"}],"curies":[{"name":"wp","href":"https:\/\/api.w.org\/{rel}","templated":true}]}}