{"id":41297,"date":"2016-11-14T14:21:23","date_gmt":"2016-11-14T17:21:23","guid":{"rendered":"https:\/\/www.jornalja.com.br\/?p=41297"},"modified":"2016-11-14T14:21:23","modified_gmt":"2016-11-14T17:21:23","slug":"manifestacoes-nas-ruas-silencio-na-midia-repressao-policial","status":"publish","type":"post","link":"https:\/\/www.jornalja.com.br\/arquivo\/manifestacoes-nas-ruas-silencio-na-midia-repressao-policial\/","title":{"rendered":"Manifesta\u00e7\u00f5es nas ruas: sil\u00eancio na m\u00eddia, repress\u00e3o policial"},"content":{"rendered":"<p style=\"margin-bottom: 19.5pt\"><span style=\"font-size: 11.5pt;font-family: 'Helvetica','sans-serif';color: #333333\">Ainda aconteciam passeatas contra o governo Temer, na noite de sexta-feira (11), quando os telespectadores do Jornal Nacional foram informados que estudantes haviam feito manifesta\u00e7\u00f5es &#8211; nos Estados Unidos, contra Trump, o antipol\u00edtico eleito na ter\u00e7a-feira presidente dos EUA. <\/span><\/p>\n<p style=\"margin-bottom: 19.5pt\"><span style=\"font-size: 11.5pt;font-family: 'Helvetica','sans-serif';color: #333333\">O JN sequer citou as numerosas manifesta\u00e7\u00f5es em pelo menos 16 estados brasileiros, nem registrou as ocupa\u00e7\u00f5es por estudantes secundaristas e universit\u00e1rios, declara\u00e7\u00f5es de apoio de professores e paralisa\u00e7\u00f5es visando greve nas universidades federais e escolas de Ensino M\u00e9dio no pa\u00eds.\u00a0<\/span><\/p>\n<p style=\"margin-bottom: 19.5pt;text-align: start\"><span style=\"font-size: 11.5pt;font-family: 'Helvetica','sans-serif';color: #333333\">No Rio Grande do Sul, n\u00e3o foi diferente. Desde cedo os jornais anunciavam: os policiais iriam endurecer se fosse necess\u00e1rio, por ordem do secret\u00e1rio de Seguran\u00e7a. N\u00e3o faltaram not\u00edcias sobre os &#8220;bloqueios de ruas&#8221; e &#8220;dispers\u00e3o pela BM para desobstruir as vias p\u00fablicas&#8221;, atualizadas o dia todo, e entrevistas com motoristas irritados com a lentid\u00e3o do tr\u00e2nsito opinando que &#8220;deveriam deixar quem quer trabalhar&#8221;.<\/span><\/p>\n<figure id=\"attachment_41298\" aria-describedby=\"caption-attachment-41298\" style=\"width: 300px\" class=\"wp-caption alignleft\"><img decoding=\"async\" class=\"size-medium wp-image-41298\" src=\"https:\/\/www.jornalja.com.br\/wp-content\/uploads\/2016\/11\/ocupa-11-11-na-osvaldo-foto-ocupas-300x180.jpg\" alt=\"T\u00e9cnicos em greve na UFRGS, UFCSPA e institutos federais na esquina da Osvaldo Aranha com Sarmento Leite, de manh\u00e3 \/ Foto Divulga\u00e7\u00e3o\" width=\"300\" height=\"180\" \/><figcaption id=\"caption-attachment-41298\" class=\"wp-caption-text\">T\u00e9cnicos em greve na UFRGS, UFCSPA e institutos federais na esquina da Osvaldo Aranha com Sarmento Leite, de manh\u00e3 \/ Foto Divulga\u00e7\u00e3o<\/figcaption><\/figure>\n<p style=\"margin-bottom: 19.5pt\"><span style=\"font-size: 11.5pt;font-family: 'Helvetica','sans-serif';color: #333333\">Pela manh\u00e3, um dos atos em Porto Alegre foi protagonizado por t\u00e9<\/span><span style=\"font-size: 10.5pt;font-family: 'Helvetica','sans-serif';color: #1d2129;background: white\">cnicos em greve da UFRGS, UFCSPA e IFRS, que trancaram temporariamente avenidas do centro em apoio \u00e0s ocupa\u00e7\u00f5es dos estudantes e contra a PEC 55.<\/span> Os \u201ctranca\u00e7os\u201d n\u00e3o s\u00e3o para atrapalhar o tr\u00e2nsito, mas para dar visibilidade ao movimento. S\u00e3o breves, e em v\u00e1rios pontos.<\/p>\n<p style=\"margin-bottom: 19.5pt;text-align: start\"><span style=\"font-size: 11.5pt;font-family: 'Helvetica','sans-serif';color: #333333\">Centrais sindicais, sindicatos e movimentos sociais de tend\u00eancias pol\u00edticas diferentes, com os estudantes e profissionais do meio acad\u00eamico\u00a0participando, fizeram protestos em diversos pontos de Porto Alegre. Foi o Dia Nacional de Greve e Manifesta\u00e7\u00f5es contra a PEC dos Gastos. Reuniu manifestantes de ocupa\u00e7\u00f5es de v\u00e1rios pontos da Regi\u00e3o Metropolitana, ao todo foram mais de dez mil pessoas.<\/span><\/p>\n<p style=\"margin-bottom: 19.5pt;text-align: start\"><span style=\"font-size: 11.5pt;font-family: 'Helvetica','sans-serif';color: #333333\">Em comum, um fato: a repress\u00e3o da pol\u00edcia militar, que usou bombas de g\u00e1s e spray de pimenta para desobstruir ruas e tirar manifestantes da via p\u00fablica.\u00a0<\/span><span style=\"color: #333333;font-family: Helvetica, sans-serif;font-size: 11.5pt\">At\u00e9 dentro do campus central da Ufrgs, perto do pr\u00e9dio da Reitoria, foi jogada uma bomba de g\u00e1s.<\/span><\/p>\n<p style=\"margin-bottom: 19.5pt;text-align: start\"><span style=\"font-size: 11.5pt;font-family: 'Helvetica','sans-serif';color: #333333\">Aos ve\u00edculos de comunica\u00e7\u00e3o da Capital, o secret\u00e1rio da Seguran\u00e7a, Cesar Schirmer, confirmou a orienta\u00e7\u00e3o dada \u00e0 BM de agir com rigor. Ela foi posta em pr\u00e1tica em frente a garagens de empresas de transporte p\u00fablico j\u00e1 antes do dia amanhecer.<\/span><\/p>\n<p style=\"margin-bottom: 19.5pt;text-align: start\"><span style=\"font-size: 11.5pt;font-family: 'Helvetica','sans-serif';color: #333333\">Em Porto Alegre, a manifesta\u00e7\u00e3o conjunta \u2013 de estudantes dos Ocupa e de sindicatos \u2013 acabou com violenta repress\u00e3o policial a partir das 21 horas, no bairro Cidade Baixa. Durante o dia, cinco interven\u00e7\u00f5es contra os estudantes ocorreram no campus do Vale e no campus Central, durante o dia. A cada tentativa de bloqueio de rua feitas pr\u00f3ximas a esses locais, soldados da Brigada Militar interviram provocando p\u00e2nico, protestos e den\u00fancias de viol\u00eancia. O Comando, no entanto, classificou essas interven\u00e7\u00f5es como as mais adequadas por evitar contato entre manifestantes e brigadianos, al\u00e9m de n\u00e3o usar balas de borracha, como em ocasi\u00f5es anteriores.<\/span><\/p>\n<p style=\"margin-bottom: 19.5pt;text-align: start\"><span style=\"font-size: 11.5pt;font-family: 'Helvetica','sans-serif';color: #333333\">Para o presidente da Central \u00danica dos Trabalhadores, Claudir Nespolo, a postura da Brigada Militar foi \u201cexagerada, intempestiva e inconsequente\u201d. A CUT saiu ao lado do Cpers\/Sindicato e o Sindicato dos Escriv\u00e3es, Inspetores e Investigadores de Pol\u00edcia do RS (Ugeirm-Sindicato), engrossando as manifesta\u00e7\u00f5es contra a PEC com protestos contra o governo Sartori pelos parcelamentos dos sal\u00e1rios do funcionalismo estadual e a falta de investimentos. Escolas da rede p\u00fablica estadual n\u00e3o tiveram aulas, assim como nas delegacias e outros \u00f3rg\u00e3o de Seguran\u00e7a, n\u00e3o houve atendimento ao p\u00fablico.<\/span><\/p>\n<p style=\"margin-bottom: 19.5pt;text-align: start\"><span style=\"font-size: 11.5pt;font-family: 'Helvetica','sans-serif';color: #333333\">J\u00e1 a Central de Trabalhadores do Brasil (CTB) organizou os protestos e os piquetes nas empresas de \u00f4nibus no in\u00edcio da manh\u00e3. A Brigada Militar concentrou suas tropas e impediu que manifestantes evitassem as sa\u00eddas dos ve\u00edculos nas empresas Carris, Nortran e Sudeste, que conduzem o maior n\u00famero de passageiros.<\/span><\/p>\n<p style=\"margin-bottom: 19.5pt;text-align: start\">Fotos Thais Ratier\/J\u00c1<\/p>\n<p style=\"margin-bottom: 19.5pt;text-align: start\"><img decoding=\"async\" class=\"alignnone size-full wp-image-41306\" src=\"https:\/\/www.jornalja.com.br\/wp-content\/uploads\/2016\/11\/ocupaI-11-1-16-thaisratier.jpg\" alt=\"ocupai-11-1-16-thaisratier\" width=\"725\" height=\"485\" \/><\/p>\n<p style=\"margin-bottom: 19.5pt;text-align: start\"><img decoding=\"async\" class=\"alignnone size-full wp-image-41307\" src=\"https:\/\/www.jornalja.com.br\/wp-content\/uploads\/2016\/11\/ocupaII-11-11-16-thaisratier.jpg\" alt=\"ocupaii-11-11-16-thaisratier\" width=\"725\" height=\"485\" \/><\/p>\n<p style=\"margin-bottom: 19.5pt;text-align: start\"><img decoding=\"async\" class=\"alignnone size-full wp-image-41308\" src=\"https:\/\/www.jornalja.com.br\/wp-content\/uploads\/2016\/11\/ocupaIII-11-11-thais.jpg\" alt=\"ocupaiii-11-11-thais\" width=\"725\" height=\"487\" \/><\/p>\n<p style=\"margin-bottom: 19.5pt;text-align: start\"><img decoding=\"async\" class=\"alignnone size-full wp-image-41309\" src=\"https:\/\/www.jornalja.com.br\/wp-content\/uploads\/2016\/11\/ocupaV-11-11-thais.jpg\" alt=\"ocupav-11-11-thais\" width=\"725\" height=\"485\" \/><\/p>\n<p style=\"margin-bottom: 19.5pt;text-align: start\"><img decoding=\"async\" class=\"alignnone size-full wp-image-41310\" src=\"https:\/\/www.jornalja.com.br\/wp-content\/uploads\/2016\/11\/ocuapa-VIII-11-11-thais.jpg\" alt=\"ocuapa-viii-11-11-thais\" width=\"725\" height=\"485\" \/><\/p>\n<p style=\"margin-bottom: 19.5pt;text-align: start\"><img decoding=\"async\" class=\"alignnone size-full wp-image-41311\" src=\"https:\/\/www.jornalja.com.br\/wp-content\/uploads\/2016\/11\/ocuapaVII-11-11-tahais.jpg\" alt=\"ocuapavii-11-11-tahais\" width=\"725\" height=\"485\" \/><\/p>\n","protected":false},"excerpt":{"rendered":"<p>Ainda aconteciam passeatas contra o governo Temer, na noite de sexta-feira (11), quando os telespectadores do Jornal Nacional foram informados que estudantes haviam feito manifesta\u00e7\u00f5es &#8211; nos Estados Unidos, contra Trump, o antipol\u00edtico eleito na ter\u00e7a-feira presidente dos EUA. O JN sequer citou as numerosas manifesta\u00e7\u00f5es em pelo menos 16 estados brasileiros, nem registrou as [&hellip;]<\/p>\n","protected":false},"author":4,"featured_media":41305,"comment_status":"open","ping_status":"closed","sticky":false,"template":"","format":"standard","meta":{"_jetpack_memberships_contains_paid_content":false,"footnotes":""},"categories":[26],"tags":[],"class_list":["post-41297","post","type-post","status-publish","format-standard","has-post-thumbnail","hentry","category-geral"],"aioseo_notices":[],"jetpack_featured_media_url":"","jetpack_sharing_enabled":true,"jetpack-related-posts":[],"jetpack_shortlink":"https:\/\/wp.me\/pbQjBd-aK5","_links":{"self":[{"href":"https:\/\/www.jornalja.com.br\/arquivo\/wp-json\/wp\/v2\/posts\/41297","targetHints":{"allow":["GET"]}}],"collection":[{"href":"https:\/\/www.jornalja.com.br\/arquivo\/wp-json\/wp\/v2\/posts"}],"about":[{"href":"https:\/\/www.jornalja.com.br\/arquivo\/wp-json\/wp\/v2\/types\/post"}],"author":[{"embeddable":true,"href":"https:\/\/www.jornalja.com.br\/arquivo\/wp-json\/wp\/v2\/users\/4"}],"replies":[{"embeddable":true,"href":"https:\/\/www.jornalja.com.br\/arquivo\/wp-json\/wp\/v2\/comments?post=41297"}],"version-history":[{"count":0,"href":"https:\/\/www.jornalja.com.br\/arquivo\/wp-json\/wp\/v2\/posts\/41297\/revisions"}],"wp:featuredmedia":[{"embeddable":true,"href":"https:\/\/www.jornalja.com.br\/arquivo\/wp-json\/"}],"wp:attachment":[{"href":"https:\/\/www.jornalja.com.br\/arquivo\/wp-json\/wp\/v2\/media?parent=41297"}],"wp:term":[{"taxonomy":"category","embeddable":true,"href":"https:\/\/www.jornalja.com.br\/arquivo\/wp-json\/wp\/v2\/categories?post=41297"},{"taxonomy":"post_tag","embeddable":true,"href":"https:\/\/www.jornalja.com.br\/arquivo\/wp-json\/wp\/v2\/tags?post=41297"}],"curies":[{"name":"wp","href":"https:\/\/api.w.org\/{rel}","templated":true}]}}