{"id":41314,"date":"2016-11-14T14:25:21","date_gmt":"2016-11-14T17:25:21","guid":{"rendered":"https:\/\/www.jornalja.com.br\/?p=41314"},"modified":"2016-11-14T14:25:21","modified_gmt":"2016-11-14T17:25:21","slug":"defensoria-publica-inaugura-novo-local-em-porto-alegre","status":"publish","type":"post","link":"https:\/\/www.jornalja.com.br\/arquivo\/defensoria-publica-inaugura-novo-local-em-porto-alegre\/","title":{"rendered":"Defensoria P\u00fablica inaugura novo local em Porto Alegre"},"content":{"rendered":"<div><b><\/b><b><\/b> A Defensoria P\u00fablica do Estado do Rio Grande do Sul inaugura na pr\u00f3xima quinta-feira, <b>dia 17, \u00e0s 11h<\/b>, um novo local de atendimento em Porto Alegre, na rua <b>Sete de Setembro, n\u00ba 745<\/b>, Centro Hist\u00f3rico (ao lado do ProconRS).<\/div>\n<div><\/div>\n<div>O espa\u00e7o atender\u00e1, exclusivamente, <b>as \u00e1reas de Fam\u00edlia e da Inf\u00e2ncia e Juventude. A Unidade Central de Atendimento e de Ajuizamento (UCAA)<\/b>, como \u00e9 conhecida, al\u00e9m de atendimentos \u00e0 popula\u00e7\u00e3o, tamb\u00e9m \u00e9 respons\u00e1vel pela triagem e pelo direcionamento dos processos para os foros regionais da Capital.<\/div>\n<div><\/div>\n<div>Os hor\u00e1rios de funcionamento permanecem os mesmos: das 8h \u00e0s 12h e das 13h30 \u00e0s 17h30.<\/div>\n<div><b>\u00a0<\/b><\/div>\n<div><b><\/b>O espa\u00e7o de 539,90 m\u00b2 possui 11 salas individuais para o atendimento com Defensores P\u00fablicos, sala de triagem com capacidade para 43 lugares e salas privativas para o acolhimento de mulheres v\u00edtimas de viol\u00eancia dom\u00e9stica.<\/div>\n<div><\/div>\n<div>As novas instala\u00e7\u00f5es oferecem acessibilidade completa, banheiros universais, balc\u00f5es destinados \u00e0s orienta\u00e7\u00f5es gerais, al\u00e9m de uma sala reservada com 36 lugares para os assistidos com consultas j\u00e1 agendadas.<\/div>\n<div><\/div>\n<div><\/div>\n","protected":false},"excerpt":{"rendered":"<p>A Defensoria P\u00fablica do Estado do Rio Grande do Sul inaugura na pr\u00f3xima quinta-feira, dia 17, \u00e0s 11h, um novo local de atendimento em Porto Alegre, na rua Sete de Setembro, n\u00ba 745, Centro Hist\u00f3rico (ao lado do ProconRS). O espa\u00e7o atender\u00e1, exclusivamente, as \u00e1reas de Fam\u00edlia e da Inf\u00e2ncia e Juventude. A Unidade Central [&hellip;]<\/p>\n","protected":false},"author":4,"featured_media":41315,"comment_status":"open","ping_status":"closed","sticky":false,"template":"","format":"standard","meta":{"_jetpack_memberships_contains_paid_content":false,"footnotes":""},"categories":[26],"tags":[],"class_list":["post-41314","post","type-post","status-publish","format-standard","has-post-thumbnail","hentry","category-geral"],"aioseo_notices":[],"jetpack_featured_media_url":"","jetpack_sharing_enabled":true,"jetpack-related-posts":[{"id":1280,"url":"https:\/\/www.jornalja.com.br\/arquivo\/o-menino-que-se-tornou-brizola\/","url_meta":{"origin":41314,"position":0},"title":"O Menino que se Tornou Brizola","author":"da Reda\u00e7\u00e3o","date":"28 de julho de 2008","format":false,"excerpt":"Autor: Cleber Dioni A vida de Leonel Brizola, com \u00eanfase para os primeiros anos em Porto Alegre, at\u00e9 o ex\u00edlio no Uruguai e a volta, quinze anos depois. \u00a0\"...\u00c9ramos todos jovens e nos identific\u00e1vamos com aquela massa an\u00f4nima a percorrer as ruas de Porto Alegre, gritando 'Get\u00falio', 'Get\u00falio' e empunhando\u2026","rel":"","context":"Em &quot;Livros&quot;","block_context":{"text":"Livros","link":"https:\/\/www.jornalja.com.br\/arquivo\/category\/livros\/"},"img":{"alt_text":"","src":"https:\/\/i0.wp.com\/www.jornalja.com.br\/wp-content\/uploads\/2008\/07\/brizola.gif?resize=350%2C200&ssl=1","width":350,"height":200},"classes":[]}],"jetpack_shortlink":"https:\/\/wp.me\/pbQjBd-aKm","_links":{"self":[{"href":"https:\/\/www.jornalja.com.br\/arquivo\/wp-json\/wp\/v2\/posts\/41314","targetHints":{"allow":["GET"]}}],"collection":[{"href":"https:\/\/www.jornalja.com.br\/arquivo\/wp-json\/wp\/v2\/posts"}],"about":[{"href":"https:\/\/www.jornalja.com.br\/arquivo\/wp-json\/wp\/v2\/types\/post"}],"author":[{"embeddable":true,"href":"https:\/\/www.jornalja.com.br\/arquivo\/wp-json\/wp\/v2\/users\/4"}],"replies":[{"embeddable":true,"href":"https:\/\/www.jornalja.com.br\/arquivo\/wp-json\/wp\/v2\/comments?post=41314"}],"version-history":[{"count":0,"href":"https:\/\/www.jornalja.com.br\/arquivo\/wp-json\/wp\/v2\/posts\/41314\/revisions"}],"wp:featuredmedia":[{"embeddable":true,"href":"https:\/\/www.jornalja.com.br\/arquivo\/wp-json\/"}],"wp:attachment":[{"href":"https:\/\/www.jornalja.com.br\/arquivo\/wp-json\/wp\/v2\/media?parent=41314"}],"wp:term":[{"taxonomy":"category","embeddable":true,"href":"https:\/\/www.jornalja.com.br\/arquivo\/wp-json\/wp\/v2\/categories?post=41314"},{"taxonomy":"post_tag","embeddable":true,"href":"https:\/\/www.jornalja.com.br\/arquivo\/wp-json\/wp\/v2\/tags?post=41314"}],"curies":[{"name":"wp","href":"https:\/\/api.w.org\/{rel}","templated":true}]}}