{"id":41317,"date":"2016-11-14T19:36:59","date_gmt":"2016-11-14T22:36:59","guid":{"rendered":"https:\/\/www.jornalja.com.br\/?p=41317"},"modified":"2016-11-14T19:36:59","modified_gmt":"2016-11-14T22:36:59","slug":"mst-volta-a-ocupar-area-desativada-da-ceee-em-charqueadas","status":"publish","type":"post","link":"https:\/\/www.jornalja.com.br\/arquivo\/mst-volta-a-ocupar-area-desativada-da-ceee-em-charqueadas\/","title":{"rendered":"MST volta a ocupar \u00e1rea desativada da CEEE em Charqueadas"},"content":{"rendered":"<div>Cerca de 500 pessoas ligadas ao MST ocupam, desde a madrugada desta segunda-feira (14), o Horto Florestal Carola, da Companhia Estadual de Distribui\u00e7\u00e3o de Energia El\u00e9trica (CEEE), situado no munic\u00edpio de Charqueadas, 54 quil\u00f4metros a oeste de\u00a0Porto Alegre. Segundo os Sem Terra, a ocupa\u00e7\u00e3o tem como objetivo pressionar para o cumprimento de Termo de Compromisso assinado, ainda em 2014, entre a\u00a0CEEE e o Instituto Nacional de Coloniza\u00e7\u00e3o e Reforma Agr\u00e1ria (Incra).<\/div>\n<div><\/div>\n<div>O documento revela o interesse do Incra em comprar o horto, que tem 1.080 hectares, para assentar fam\u00edlias acampadas no Estado. Para isto, a CEEE precisaria retirar a vegeta\u00e7\u00e3o e tocos de \u00e1rvores do local, como\u00a0tamb\u00e9m embalagens cheias e com res\u00edduos de arseniato de cobre cromatado, produto considerado t\u00f3xico utilizado na Usina de Preserva\u00e7\u00e3o de Madeira, que deixou de funcionar no ano de 2013.<\/div>\n<div><\/div>\n<div>O termo, de car\u00e1ter \u201cirretrat\u00e1vel e irrevog\u00e1vel\u201d, registra ainda o interesse da CEEE em se desfazer da \u00e1rea, uma vez que, conforme alegado pela pr\u00f3pria companhia, n\u00e3o pretende mais utiliz\u00e1-la para a sua atividade-fim \u2013 florestamento de \u00e1rvores para a fabrica\u00e7\u00e3o de postes. Atualmente, apenas funcion\u00e1rios de uma empresa de seguran\u00e7a est\u00e3o no local. \u00c0 \u00e9poca, a empresa e o Instituto tinham 60 dias para o cumprimento do compromisso, contudo, o prazo n\u00e3o foi respeitado.<\/div>\n<div><\/div>\n<div>\u201cO governo do Estado n\u00e3o criou nenhum assentamento nos \u00faltimos anos, sendo que h\u00e1 \u00e1reas, como esta, com caracter\u00edsticas para isso. Queremos que o acordo entre a CEEE e o Incra seja cumprido, e que a \u00e1rea seja destinada \u00e0 reforma agr\u00e1ria para podermos produzir nossos alimentos\u201d, diz o acampado Laerte Lima, que lembra que esta \u00e9 a terceira vez que o Movimento ocupa o im\u00f3vel desde 2014.<\/div>\n<div><\/div>\n<div>A maioria dos Sem Terra que participa da ocupa\u00e7\u00e3o \u00e9 oriunda de acampamentos da Regi\u00e3o Metropolitana. Fam\u00edlias que estavam acampadas at\u00e9 o final do m\u00eas de outubro em outra \u00e1rea da CEEE, em Candiota, tamb\u00e9m est\u00e3o na mobiliza\u00e7\u00e3o. Segundo os trabalhadores rurais, a \u00e1rea da companhia na regi\u00e3o da Campanha tamb\u00e9m estava encaminhada para a reforma agr\u00e1ria quando ocorreu o despejo &#8211; as fam\u00edlias estavam acampadas h\u00e1 quase 2 anos no local.<\/div>\n","protected":false},"excerpt":{"rendered":"<p>Cerca de 500 pessoas ligadas ao MST ocupam, desde a madrugada desta segunda-feira (14), o Horto Florestal Carola, da Companhia Estadual de Distribui\u00e7\u00e3o de Energia El\u00e9trica (CEEE), situado no munic\u00edpio de Charqueadas, 54 quil\u00f4metros a oeste de\u00a0Porto Alegre. Segundo os Sem Terra, a ocupa\u00e7\u00e3o tem como objetivo pressionar para o cumprimento de Termo de Compromisso [&hellip;]<\/p>\n","protected":false},"author":4,"featured_media":41322,"comment_status":"open","ping_status":"closed","sticky":false,"template":"","format":"standard","meta":{"_jetpack_memberships_contains_paid_content":false,"footnotes":""},"categories":[26],"tags":[],"class_list":["post-41317","post","type-post","status-publish","format-standard","has-post-thumbnail","hentry","category-geral"],"aioseo_notices":[],"jetpack_featured_media_url":"","jetpack_sharing_enabled":true,"jetpack-related-posts":[],"jetpack_shortlink":"https:\/\/wp.me\/pbQjBd-aKp","_links":{"self":[{"href":"https:\/\/www.jornalja.com.br\/arquivo\/wp-json\/wp\/v2\/posts\/41317","targetHints":{"allow":["GET"]}}],"collection":[{"href":"https:\/\/www.jornalja.com.br\/arquivo\/wp-json\/wp\/v2\/posts"}],"about":[{"href":"https:\/\/www.jornalja.com.br\/arquivo\/wp-json\/wp\/v2\/types\/post"}],"author":[{"embeddable":true,"href":"https:\/\/www.jornalja.com.br\/arquivo\/wp-json\/wp\/v2\/users\/4"}],"replies":[{"embeddable":true,"href":"https:\/\/www.jornalja.com.br\/arquivo\/wp-json\/wp\/v2\/comments?post=41317"}],"version-history":[{"count":0,"href":"https:\/\/www.jornalja.com.br\/arquivo\/wp-json\/wp\/v2\/posts\/41317\/revisions"}],"wp:featuredmedia":[{"embeddable":true,"href":"https:\/\/www.jornalja.com.br\/arquivo\/wp-json\/"}],"wp:attachment":[{"href":"https:\/\/www.jornalja.com.br\/arquivo\/wp-json\/wp\/v2\/media?parent=41317"}],"wp:term":[{"taxonomy":"category","embeddable":true,"href":"https:\/\/www.jornalja.com.br\/arquivo\/wp-json\/wp\/v2\/categories?post=41317"},{"taxonomy":"post_tag","embeddable":true,"href":"https:\/\/www.jornalja.com.br\/arquivo\/wp-json\/wp\/v2\/tags?post=41317"}],"curies":[{"name":"wp","href":"https:\/\/api.w.org\/{rel}","templated":true}]}}