{"id":41327,"date":"2016-11-16T12:09:58","date_gmt":"2016-11-16T15:09:58","guid":{"rendered":"https:\/\/www.jornalja.com.br\/?p=41327"},"modified":"2016-11-16T12:09:58","modified_gmt":"2016-11-16T15:09:58","slug":"semana-da-consciencia-negra-enfoca-educacao-e-empreendedorismo","status":"publish","type":"post","link":"https:\/\/www.jornalja.com.br\/arquivo\/semana-da-consciencia-negra-enfoca-educacao-e-empreendedorismo\/","title":{"rendered":"Semana da Consci\u00eancia Negra enfoca educa\u00e7\u00e3o e empreendedorismo"},"content":{"rendered":"<p><figure id=\"attachment_41347\" aria-describedby=\"caption-attachment-41347\" style=\"width: 363px\" class=\"wp-caption alignright\"><img decoding=\"async\" class=\" wp-image-41347\" src=\"https:\/\/www.jornalja.com.br\/wp-content\/uploads\/2016\/11\/26a-semana-negra-abre.jpg\" alt=\"Empreendedores de origem afro exp\u00f5em seus produtos no Largo, at\u00e9 domingo \/ Foto PM\/J\u00c1 \" width=\"363\" height=\"209\" \/><figcaption id=\"caption-attachment-41347\" class=\"wp-caption-text\">Empreendedores de origem afro exp\u00f5em seus produtos no Largo, at\u00e9 domingo \/PM\/J\u00c1<\/figcaption><\/figure><br \/>\nCome\u00e7ou oficialmente na segunda-feira, 14, a 26\u00aa Semana da Consci\u00eancia Negra de Porto Alegre, no Largo Zumbi dos Palmares. Num dia \u00fatil entre um domingo e um feriado, o movimento foi pouco, mas logo aqueceu.<br \/>\nNa ter\u00e7a-feira, feriado ensolarado, a 2a Marcha do Orgulho Crespo atraiu centenas de pessoas, saindo do Parque da Reden\u00e7\u00e3o ate o Largo. A ades\u00e3o \u00e0 primeira Marcha foi tamanha, ano passado, que entrou para a programa\u00e7\u00e3o oficial da Semana. A inspira\u00e7\u00e3o \u00e9 mostrar que\u00a0mostrar, principalmente \u00e0s meninas, que o padr\u00e3o do liso \u00e9 s\u00f3 uma das op\u00e7\u00f5es, e portanto assumir o cabelo crespo pode ser libertador &#8211; com ganho de tempo, dinheiro e autenticidade.<br \/>\nO tema da Seamana deste ano \u00e9 \u201cFortalecimento da Cultura Negra atrav\u00e9s da Educa\u00e7\u00e3o e Empreendedorismo\u201d.\u00a0Uma extensa programa\u00e7\u00e3o se desenrola no Largo, com\u00a0apresenta\u00e7\u00f5es art\u00edsticas e a exposi\u00e7\u00e3o de uma feira de empreendedores de origem afro.<br \/>\nAt\u00e9 domingo, diversos grupos culturais do munic\u00edpio se apresentam no palco do Largo Zumbi, como o Pagode do Dorinho, Brazil Estrangeiro, Paded\u00ea do Samba e Puro Astral, al\u00e9m das escolas de samba Areal do Futuro e Imperatriz Dona Leopoldina.<br \/>\nDiversas oficinas ser\u00e3o desenvolvidas no Largo &#8211; a tem\u00e1tica negra, religiosidade, educa\u00e7\u00e3o e empreendedorismo &#8211; e rodas de conversas.<br \/>\nA D\u00e9cima Marcha Estadual Zumbi dos Palmares ser\u00e1 na na sexta-feira, dia 18.<br \/>\nSegundo a secret\u00e1ria adjunta do Povo Negro, Samanta Nunes, \u201co tema desta 26\u00aa Semana da Consci\u00eancia Negra \u00e9 atual\u00edssimo, foi escolhido pelo coletiva da comunidade e trata \u00a0do fortalecimento da Cultura Negra atrav\u00e9s da educa\u00e7\u00e3o e do empreendorismo\u201d.<br \/>\n<em>(Com informa\u00e7\u00f5es da Prefeitura de Porto Alegre)<\/em><\/p>\n","protected":false},"excerpt":{"rendered":"<p>Come\u00e7ou oficialmente na segunda-feira, 14, a 26\u00aa Semana da Consci\u00eancia Negra de Porto Alegre, no Largo Zumbi dos Palmares. Num dia \u00fatil entre um domingo e um feriado, o movimento foi pouco, mas logo aqueceu. Na ter\u00e7a-feira, feriado ensolarado, a 2a Marcha do Orgulho Crespo atraiu centenas de pessoas, saindo do Parque da Reden\u00e7\u00e3o ate [&hellip;]<\/p>\n","protected":false},"author":4,"featured_media":41346,"comment_status":"open","ping_status":"closed","sticky":false,"template":"","format":"standard","meta":{"_jetpack_memberships_contains_paid_content":false,"footnotes":""},"categories":[26],"tags":[],"class_list":["post-41327","post","type-post","status-publish","format-standard","has-post-thumbnail","hentry","category-geral"],"aioseo_notices":[],"jetpack_featured_media_url":"","jetpack_sharing_enabled":true,"jetpack-related-posts":[{"id":1280,"url":"https:\/\/www.jornalja.com.br\/arquivo\/o-menino-que-se-tornou-brizola\/","url_meta":{"origin":41327,"position":0},"title":"O Menino que se Tornou Brizola","author":"da Reda\u00e7\u00e3o","date":"28 de julho de 2008","format":false,"excerpt":"Autor: Cleber Dioni A vida de Leonel Brizola, com \u00eanfase para os primeiros anos em Porto Alegre, at\u00e9 o ex\u00edlio no Uruguai e a volta, quinze anos depois. \u00a0\"...\u00c9ramos todos jovens e nos identific\u00e1vamos com aquela massa an\u00f4nima a percorrer as ruas de Porto Alegre, gritando 'Get\u00falio', 'Get\u00falio' e empunhando\u2026","rel":"","context":"Em &quot;Livros&quot;","block_context":{"text":"Livros","link":"https:\/\/www.jornalja.com.br\/arquivo\/category\/livros\/"},"img":{"alt_text":"","src":"https:\/\/i0.wp.com\/www.jornalja.com.br\/wp-content\/uploads\/2008\/07\/brizola.gif?resize=350%2C200&ssl=1","width":350,"height":200},"classes":[]}],"jetpack_shortlink":"https:\/\/wp.me\/pbQjBd-aKz","_links":{"self":[{"href":"https:\/\/www.jornalja.com.br\/arquivo\/wp-json\/wp\/v2\/posts\/41327","targetHints":{"allow":["GET"]}}],"collection":[{"href":"https:\/\/www.jornalja.com.br\/arquivo\/wp-json\/wp\/v2\/posts"}],"about":[{"href":"https:\/\/www.jornalja.com.br\/arquivo\/wp-json\/wp\/v2\/types\/post"}],"author":[{"embeddable":true,"href":"https:\/\/www.jornalja.com.br\/arquivo\/wp-json\/wp\/v2\/users\/4"}],"replies":[{"embeddable":true,"href":"https:\/\/www.jornalja.com.br\/arquivo\/wp-json\/wp\/v2\/comments?post=41327"}],"version-history":[{"count":0,"href":"https:\/\/www.jornalja.com.br\/arquivo\/wp-json\/wp\/v2\/posts\/41327\/revisions"}],"wp:featuredmedia":[{"embeddable":true,"href":"https:\/\/www.jornalja.com.br\/arquivo\/wp-json\/"}],"wp:attachment":[{"href":"https:\/\/www.jornalja.com.br\/arquivo\/wp-json\/wp\/v2\/media?parent=41327"}],"wp:term":[{"taxonomy":"category","embeddable":true,"href":"https:\/\/www.jornalja.com.br\/arquivo\/wp-json\/wp\/v2\/categories?post=41327"},{"taxonomy":"post_tag","embeddable":true,"href":"https:\/\/www.jornalja.com.br\/arquivo\/wp-json\/wp\/v2\/tags?post=41327"}],"curies":[{"name":"wp","href":"https:\/\/api.w.org\/{rel}","templated":true}]}}