{"id":41329,"date":"2016-11-15T10:43:05","date_gmt":"2016-11-15T13:43:05","guid":{"rendered":"https:\/\/www.jornalja.com.br\/?p=41329"},"modified":"2016-11-15T10:43:05","modified_gmt":"2016-11-15T13:43:05","slug":"onu-faz-em-porto-alegre-1o-simposio-internacional-sobre-saude-dos-negros","status":"publish","type":"post","link":"https:\/\/www.jornalja.com.br\/arquivo\/onu-faz-em-porto-alegre-1o-simposio-internacional-sobre-saude-dos-negros\/","title":{"rendered":"ONU faz em Porto Alegre 1o simp\u00f3sio internacional sobre sa\u00fade dos negros"},"content":{"rendered":"<p>Neste 15 de novembro, dia da Rep\u00fablica, come\u00e7a em Porto Alegre o 1\u00ba Simp\u00f3sio Internacional de Sa\u00fade da Popula\u00e7\u00e3o Negra. \u00c9 uma a\u00e7\u00e3o da <a href=\"http:\/\/decada-afro-onu.org\/\">D\u00e9cada dos Afrodescendente<\/a>, per\u00edodo estabelecido na ONU &#8211; 2015 a 2024 &#8211; para promover\u00a0equidade social e racial.<br \/>\nSer\u00e3o tr\u00eas dias, com discuss\u00f5es no Sal\u00e3o de Atos da Universidade Federal do Rio Grande do Sul (UFRGS), e no Kilombo do SUS, estrutura montada entre o Espelho d&#8217;\u00c1gua do Parque Farroupilha (Reden\u00e7\u00e3o) e a avenida Setembrina. Est\u00e3o envolvidos na realiza\u00e7\u00e3o dos eventos o Minist\u00e9rio da Justi\u00e7a e a Prefeitura.<br \/>\nA abertura oficial do evento ocorre \u00e0s 15h de ter\u00e7a-feira, 15, no Sal\u00e3o de Atos da UFRGS (confira a <u><strong><a href=\"http:\/\/www.sispn2016.com.br\/programacao-programme\" target=\"_blank\" rel=\"noopener noreferrer\">programa\u00e7\u00e3o completa<\/a><\/strong>)<\/u>. \u00c0s 16 se forma a mesa magna, sob o mote Ra\u00e7a, Etnia e Inclus\u00e3o Social &#8211; com Zakiya Carr, da Johnsons&#8217; Affairs, e Fernanda Lopes, pelo Fundo da Popula\u00e7\u00e3o Negra da ONU\/UNFPA, e media\u00e7\u00e3o do secret\u00e1rio municipal da Sa\u00fade, Fernando Ritter.<br \/>\n<strong>Kilombo do SUS<\/strong> &#8211;\u00a0Uma estrutura com palco, \u00e1rea de exposi\u00e7\u00f5es e atividades culturais, pra\u00e7a de alimenta\u00e7\u00e3o e estandes com informa\u00e7\u00f5es e orienta\u00e7\u00f5es de sa\u00fade da popula\u00e7\u00e3o negra comp\u00f5e o Kilombo do SUS &#8211; assim, com K. Vai funcionar paralelamente ao 1\u00ba Simp\u00f3sio Internacional de Sa\u00fade da Popula\u00e7\u00e3o Negra, de 15 a 17 de novembro.<br \/>\nUm dos servi\u00e7os ser\u00e1 o fornecimento do Cart\u00e3o SUS \u00e0 popula\u00e7\u00e3o, al\u00e9m de orienta\u00e7\u00e3o a respeito da doen\u00e7a falciforme, que atinge especialmente pardos e negros.<br \/>\nA doen\u00e7a falciforme \u00e9 um termo utilizado para definir um grupo de altera\u00e7\u00f5es gen\u00e9ticas caracterizadas pelo predom\u00ednio da hemoglobina S (Hb S), que incluem a anemia falciforme, al\u00e9m de complica\u00e7\u00f5es que podem afetar quase todos os \u00f3rg\u00e3os e sistemas, com expressiva morbidade, redu\u00e7\u00e3o da capacidade de trabalho e da expectativa de vida.<br \/>\nNo Brasil, a doen\u00e7a \u00e9 heterogenia na popula\u00e7\u00e3o, sendo mais prevalente em regi\u00f5es com maior presen\u00e7a de afro-descendentes. No Sudeste do Brasil, a preval\u00eancia m\u00e9dia de portadores \u00e9 de 2%. No entanto, observa-se que esse valor sobe 6 a 10% entre os afro-descendentes. Estima-se a exist\u00eancia de mais de 7 milh\u00f5es de portadores.<br \/>\n<strong>Gera\u00e7\u00e3o Poa <\/strong><br \/>\nProdutos diferentes e exclusivos, como cadernos e blocos de papel reciclado criados especialmente para o evento, al\u00e9m de\u00a0colares,\u00a0camisetas e bolsas confeccionados por integrantes do Gera\u00e7\u00e3o Poa &#8211; Oficina Sa\u00fade e Trabalho, tamb\u00e9m estar\u00e3o \u00e0 venda no Kilombo do SUS.<br \/>\nO grupo participou ainda da cria\u00e7\u00e3o das sacolas que ser\u00e3o entregues aos participantes do simp\u00f3sio, em conjunto com moradores de quilombos da Capital. Servi\u00e7o da \u00e1rea de aten\u00e7\u00e3o psicossocial da\u00a0SMS, o Gera\u00e7\u00e3o Poa mant\u00e9m oficinas de trabalho e gera\u00e7\u00e3o de renda a usu\u00e1rios da rede de sa\u00fade mental, com \u00eanfase em serigrafia, papel artesanal, confec\u00e7\u00e3o de velas e costura. O servi\u00e7o prop\u00f5e o acompanhamento\u00a0em express\u00e3o e arte, servindo de refer\u00eancia para toda a cidade, a partir do encaminhamento das unidades de sa\u00fade. Informa\u00e7\u00f5es e encomendas pelo fone 3321-1976 ou na p\u00e1gina <a href=\"http:\/\/www.facebook.com\/geracaopoa\/\">www.facebook.com\/geracaopoa\/<\/a>.<br \/>\nDia 15, das 12h \u00e0s 22h, dia 16,\u00a0das 8h30 \u00e0s 19h, e\u00a0dia 17, das 8h30\u00a0\u00e0s 18h<\/p>\n","protected":false},"excerpt":{"rendered":"<p>Neste 15 de novembro, dia da Rep\u00fablica, come\u00e7a em Porto Alegre o 1\u00ba Simp\u00f3sio Internacional de Sa\u00fade da Popula\u00e7\u00e3o Negra. \u00c9 uma a\u00e7\u00e3o da D\u00e9cada dos Afrodescendente, per\u00edodo estabelecido na ONU &#8211; 2015 a 2024 &#8211; para promover\u00a0equidade social e racial. Ser\u00e3o tr\u00eas dias, com discuss\u00f5es no Sal\u00e3o de Atos da Universidade Federal do Rio [&hellip;]<\/p>\n","protected":false},"author":4,"featured_media":41331,"comment_status":"open","ping_status":"closed","sticky":false,"template":"","format":"standard","meta":{"_jetpack_memberships_contains_paid_content":false,"footnotes":""},"categories":[26],"tags":[],"class_list":["post-41329","post","type-post","status-publish","format-standard","has-post-thumbnail","hentry","category-geral"],"aioseo_notices":[],"jetpack_featured_media_url":"","jetpack_sharing_enabled":true,"jetpack-related-posts":[{"id":1280,"url":"https:\/\/www.jornalja.com.br\/arquivo\/o-menino-que-se-tornou-brizola\/","url_meta":{"origin":41329,"position":0},"title":"O Menino que se Tornou Brizola","author":"da Reda\u00e7\u00e3o","date":"28 de julho de 2008","format":false,"excerpt":"Autor: Cleber Dioni A vida de Leonel Brizola, com \u00eanfase para os primeiros anos em Porto Alegre, at\u00e9 o ex\u00edlio no Uruguai e a volta, quinze anos depois. \u00a0\"...\u00c9ramos todos jovens e nos identific\u00e1vamos com aquela massa an\u00f4nima a percorrer as ruas de Porto Alegre, gritando 'Get\u00falio', 'Get\u00falio' e empunhando\u2026","rel":"","context":"Em &quot;Livros&quot;","block_context":{"text":"Livros","link":"https:\/\/www.jornalja.com.br\/arquivo\/category\/livros\/"},"img":{"alt_text":"","src":"https:\/\/i0.wp.com\/www.jornalja.com.br\/wp-content\/uploads\/2008\/07\/brizola.gif?resize=350%2C200&ssl=1","width":350,"height":200},"classes":[]}],"jetpack_shortlink":"https:\/\/wp.me\/pbQjBd-aKB","_links":{"self":[{"href":"https:\/\/www.jornalja.com.br\/arquivo\/wp-json\/wp\/v2\/posts\/41329","targetHints":{"allow":["GET"]}}],"collection":[{"href":"https:\/\/www.jornalja.com.br\/arquivo\/wp-json\/wp\/v2\/posts"}],"about":[{"href":"https:\/\/www.jornalja.com.br\/arquivo\/wp-json\/wp\/v2\/types\/post"}],"author":[{"embeddable":true,"href":"https:\/\/www.jornalja.com.br\/arquivo\/wp-json\/wp\/v2\/users\/4"}],"replies":[{"embeddable":true,"href":"https:\/\/www.jornalja.com.br\/arquivo\/wp-json\/wp\/v2\/comments?post=41329"}],"version-history":[{"count":0,"href":"https:\/\/www.jornalja.com.br\/arquivo\/wp-json\/wp\/v2\/posts\/41329\/revisions"}],"wp:featuredmedia":[{"embeddable":true,"href":"https:\/\/www.jornalja.com.br\/arquivo\/wp-json\/"}],"wp:attachment":[{"href":"https:\/\/www.jornalja.com.br\/arquivo\/wp-json\/wp\/v2\/media?parent=41329"}],"wp:term":[{"taxonomy":"category","embeddable":true,"href":"https:\/\/www.jornalja.com.br\/arquivo\/wp-json\/wp\/v2\/categories?post=41329"},{"taxonomy":"post_tag","embeddable":true,"href":"https:\/\/www.jornalja.com.br\/arquivo\/wp-json\/wp\/v2\/tags?post=41329"}],"curies":[{"name":"wp","href":"https:\/\/api.w.org\/{rel}","templated":true}]}}