{"id":41337,"date":"2016-11-16T11:33:04","date_gmt":"2016-11-16T14:33:04","guid":{"rendered":"https:\/\/www.jornalja.com.br\/?p=41337"},"modified":"2016-11-16T11:33:04","modified_gmt":"2016-11-16T14:33:04","slug":"vem-ai-mais-uma-boa-safra-de-graos-quase-a-metade-e-soja","status":"publish","type":"post","link":"https:\/\/www.jornalja.com.br\/arquivo\/vem-ai-mais-uma-boa-safra-de-graos-quase-a-metade-e-soja\/","title":{"rendered":"Vem a\u00ed mais uma boa safra de gr\u00e3os. Quase a metade \u00e9 soja"},"content":{"rendered":"<p>A estimativa da<span class=\"m_358110644300440305Apple-converted-space\">\u00a0<\/span>safra 2016\/17<span class=\"m_358110644300440305Apple-converted-space\">\u00a0<\/span>de gr\u00e3os varia de 210,9 milh\u00f5es de toneladas a 215,1 milh\u00f5es de toneladas, de acordo com o segundo levantamento da produ\u00e7\u00e3o agr\u00edcola divulgado no dia 10\/11 pela Companhia Nacional de Abastecimento (Conab). O crescimento poder\u00e1 ser de at\u00e9 15,6% em rela\u00e7\u00e3o \u00e0 safra anterior, de 186,1 milh\u00f5es. Tamb\u00e9m h\u00e1 previs\u00e3o de amplia\u00e7\u00e3o da \u00e1rea total plantada, que deve ficar entre 58,5 milh\u00f5es de hectares e 59,7 milh\u00f5es de hectares &#8212; crescimento de at\u00e9 2,3% na compara\u00e7\u00e3o com a safra 2015\/16.<br \/>\nNos \u00faltimos 10 anos, a \u00e1rea plantada cresceu em cerca de 10 milh\u00f5es de hectares, com aumento de 20%, enquanto a produtividade aumentou entre 50% e 60%. \u201cA eleva\u00e7\u00e3o do rendimento no campo ocorre gra\u00e7as \u00e0 compet\u00eancia do nosso produtor, ao clima, mas, principalmente, \u00e0 incorpora\u00e7\u00e3o de tecnologias, al\u00e9m do cr\u00e9dito em linhas de longo prazo&#8221;, disse Neri Geller, secret\u00e1rio executivo do Minist\u00e9rio da Agricultura.<br \/>\nDas principais culturas, a soja segue na ponta, podendo atingir o recorde de 103,5 milh\u00f5es de toneladas. O milho de primeira safra poder\u00e1 alcan\u00e7ar entre 27,1 milh\u00f5es de toneladas a 28,6 milh\u00f5es de toneladas (o milho safrinha, plantado em fevereiro, j\u00e1 \u00e9 predominante). J\u00e1 o arroz, com a retomada de \u00e1reas n\u00e3o cultivadas, registra uma perspectiva de produ\u00e7\u00e3o entre 11,5 milh\u00f5es de toneladas e 12,1 milh\u00f5es de toneladas, superior \u00e0 safra passada entre 8,4% e 13,9%.<br \/>\nNa colheita de trigo 2016, ainda em andamento, a produ\u00e7\u00e3o dever\u00e1 ser de 6,3 milh\u00f5es de toneladas, ou seja, 14,5% superior \u00e0 safra passada.<br \/>\n<em>(Com base em informa\u00e7\u00f5es do Minist\u00e9rio da Agricultura)<\/em><\/p>\n","protected":false},"excerpt":{"rendered":"<p>A estimativa da\u00a0safra 2016\/17\u00a0de gr\u00e3os varia de 210,9 milh\u00f5es de toneladas a 215,1 milh\u00f5es de toneladas, de acordo com o segundo levantamento da produ\u00e7\u00e3o agr\u00edcola divulgado no dia 10\/11 pela Companhia Nacional de Abastecimento (Conab). O crescimento poder\u00e1 ser de at\u00e9 15,6% em rela\u00e7\u00e3o \u00e0 safra anterior, de 186,1 milh\u00f5es. Tamb\u00e9m h\u00e1 previs\u00e3o de amplia\u00e7\u00e3o [&hellip;]<\/p>\n","protected":false},"author":4,"featured_media":41342,"comment_status":"open","ping_status":"closed","sticky":false,"template":"","format":"standard","meta":{"_jetpack_memberships_contains_paid_content":false,"footnotes":""},"categories":[26],"tags":[],"class_list":["post-41337","post","type-post","status-publish","format-standard","has-post-thumbnail","hentry","category-geral"],"aioseo_notices":[],"jetpack_featured_media_url":"","jetpack_sharing_enabled":true,"jetpack-related-posts":[{"id":1280,"url":"https:\/\/www.jornalja.com.br\/arquivo\/o-menino-que-se-tornou-brizola\/","url_meta":{"origin":41337,"position":0},"title":"O Menino que se Tornou Brizola","author":"da Reda\u00e7\u00e3o","date":"28 de julho de 2008","format":false,"excerpt":"Autor: Cleber Dioni A vida de Leonel Brizola, com \u00eanfase para os primeiros anos em Porto Alegre, at\u00e9 o ex\u00edlio no Uruguai e a volta, quinze anos depois. \u00a0\"...\u00c9ramos todos jovens e nos identific\u00e1vamos com aquela massa an\u00f4nima a percorrer as ruas de Porto Alegre, gritando 'Get\u00falio', 'Get\u00falio' e empunhando\u2026","rel":"","context":"Em &quot;Livros&quot;","block_context":{"text":"Livros","link":"https:\/\/www.jornalja.com.br\/arquivo\/category\/livros\/"},"img":{"alt_text":"","src":"https:\/\/i0.wp.com\/www.jornalja.com.br\/wp-content\/uploads\/2008\/07\/brizola.gif?resize=350%2C200&ssl=1","width":350,"height":200},"classes":[]}],"jetpack_shortlink":"https:\/\/wp.me\/pbQjBd-aKJ","_links":{"self":[{"href":"https:\/\/www.jornalja.com.br\/arquivo\/wp-json\/wp\/v2\/posts\/41337","targetHints":{"allow":["GET"]}}],"collection":[{"href":"https:\/\/www.jornalja.com.br\/arquivo\/wp-json\/wp\/v2\/posts"}],"about":[{"href":"https:\/\/www.jornalja.com.br\/arquivo\/wp-json\/wp\/v2\/types\/post"}],"author":[{"embeddable":true,"href":"https:\/\/www.jornalja.com.br\/arquivo\/wp-json\/wp\/v2\/users\/4"}],"replies":[{"embeddable":true,"href":"https:\/\/www.jornalja.com.br\/arquivo\/wp-json\/wp\/v2\/comments?post=41337"}],"version-history":[{"count":0,"href":"https:\/\/www.jornalja.com.br\/arquivo\/wp-json\/wp\/v2\/posts\/41337\/revisions"}],"wp:featuredmedia":[{"embeddable":true,"href":"https:\/\/www.jornalja.com.br\/arquivo\/wp-json\/"}],"wp:attachment":[{"href":"https:\/\/www.jornalja.com.br\/arquivo\/wp-json\/wp\/v2\/media?parent=41337"}],"wp:term":[{"taxonomy":"category","embeddable":true,"href":"https:\/\/www.jornalja.com.br\/arquivo\/wp-json\/wp\/v2\/categories?post=41337"},{"taxonomy":"post_tag","embeddable":true,"href":"https:\/\/www.jornalja.com.br\/arquivo\/wp-json\/wp\/v2\/tags?post=41337"}],"curies":[{"name":"wp","href":"https:\/\/api.w.org\/{rel}","templated":true}]}}