{"id":41341,"date":"2016-11-16T11:37:29","date_gmt":"2016-11-16T14:37:29","guid":{"rendered":"https:\/\/www.jornalja.com.br\/?p=41341"},"modified":"2016-11-16T11:37:29","modified_gmt":"2016-11-16T14:37:29","slug":"2o-grande-ato-contra-a-pec-24155-frente-de-esquerda-e-a-licao-dada-pelos-anarquistas","status":"publish","type":"post","link":"https:\/\/www.jornalja.com.br\/arquivo\/2o-grande-ato-contra-a-pec-24155-frente-de-esquerda-e-a-licao-dada-pelos-anarquistas\/","title":{"rendered":"2\u00ba Grande Ato Contra a PEC 241\/55: Frente de Esquerda e a li\u00e7\u00e3o dada pelos Anarquistas"},"content":{"rendered":"<p>Adriana Lameir\u00e3o &#8211; Doutoranda em Ci\u00eancia Pol\u00edtica no Programa de P\u00f3s-Gradua\u00e7\u00e3o em Ci\u00eancia Pol\u00edtica da UFRGS.<br \/>\nH\u00e1 um consenso geral sobre o ato do dia 11 de novembro: foi lindo e emocionante! Portanto, n\u00e3o serei mais uma a falar mais do mesmo.<br \/>\nQuero abordar outro aspecto que me emocionou muito e que me deu esperan\u00e7a de que \u00e9 poss\u00edvel construir uma unidade na esquerda: a unidade dos anarquistas nesse ato.<br \/>\nOs anarquistas participaram desse ato agrupados em um grande bloco anarquista.<br \/>\nMas, foi mais do que um simples agrupamento de todos os coletivos anarquistas. Foi uma unidade! Unidade, essa, fruto de uma constru\u00e7\u00e3o que vem sendo realizada h\u00e1 alguns meses.<br \/>\n<img loading=\"lazy\" decoding=\"async\" class=\"alignnone size-medium wp-image-41310\" src=\"https:\/\/www.jornalja.com.br\/wp-content\/uploads\/2016\/11\/ocuapa-VIII-11-11-thais-300x201.jpg\" alt=\"ocuapa-viii-11-11-thais\" width=\"300\" height=\"201\" \/><br \/>\nEssa constru\u00e7\u00e3o teve como ponto de partida o entendimento comum a todos os coletivos de que era necess\u00e1ria essa unidade dos de baixo frente aos ataques do andar de cima (elite pol\u00edtica e econ\u00f4mica). Unidade imprescind\u00edvel para criar o ????? ???????, \u00fanica for\u00e7a capaz de enfrentar esses ataques.<br \/>\nA partir da\u00ed, a\u00e7\u00f5es e atividades constru\u00eddas coletivamente come\u00e7aram a ser realizadas. Mas n\u00e3o ficou s\u00f3 nisso: foram realizadas avalia\u00e7\u00f5es sobre os pontos positivos e negativos das atividades. Al\u00e9m disso, os problemas que surgiram foram expostos e resolvidos. N\u00e3o foi uma tarefa f\u00e1cil tampouco agrad\u00e1vel, pois consumiu tempo e energia de v\u00e1rias pessoas. Mas, tratava-se de um desgaste necess\u00e1rio em prol da unidade.<br \/>\nE essa unidade constru\u00edda manifestou-se no bloco anarquista participante desse ato. Nesse bloco n\u00e3o havia o nosso coletivo e o coletivo deles; os(as) nossos(as) companheiros(as) e os(as) deles. \u00c9ramos todos um s\u00f3: os anarquistas. E todos, da sa\u00edda at\u00e9 a dispers\u00e3o, cuidavam uns dos outros, independentemente de ser membro ou n\u00e3o do seu coletivo.<br \/>\nAl\u00e9m disso, n\u00e3o era um grupo fechado em si mesmo. Nele tamb\u00e9m cabiam pessoas de outros grupos e movimentos com os quais companheiros(as) anarquistas desenvolvem algum trabalho de base ou profissional, como o movimento da popula\u00e7\u00e3o de rua, por exemplo.<br \/>\n<img loading=\"lazy\" decoding=\"async\" class=\"alignnone size-medium wp-image-41307\" src=\"https:\/\/www.jornalja.com.br\/wp-content\/uploads\/2016\/11\/ocupaII-11-11-16-thaisratier-300x201.jpg\" alt=\"ocupaii-11-11-16-thaisratier\" width=\"300\" height=\"201\" \/><br \/>\nTodos \u00e9ramos um! E esse sentimento expressou-se fortemente quando a rampa do trensurb foi tomada por pessoas de diversos movimentos, tremulando suas bandeiras. T\u00e3o logo isso aconteceu, o bloco anarquista puxou o c\u00e2ntico &#8220;?????, ?????, ????? ???????&#8221;, a plenos pulm\u00f5es.<br \/>\n\u00c9 isso! Somente a unidade dos de baixo pode criar o poder popular e derrubar o golpe, que \u00e9, antes de tudo, contra o povo.<br \/>\nA li\u00e7\u00e3o dada \u00e9 essa: enquanto parte da esquerda olha com preconceito para os anarquistas, inclusive usando adjetiva\u00e7\u00f5es como black blocs ou v\u00e2ndalos para se referir a este grupo de esquerda, \u00e9, justamente, esse grupo que deu o primeiro passo para a unidade da esquerda e apontou caminhos de como ela pode ser alcan\u00e7ada.<br \/>\n<em>(Fotos de Thais Ratier\/J\u00c1)<\/em><\/p>\n","protected":false},"excerpt":{"rendered":"<p>Adriana Lameir\u00e3o &#8211; Doutoranda em Ci\u00eancia Pol\u00edtica no Programa de P\u00f3s-Gradua\u00e7\u00e3o em Ci\u00eancia Pol\u00edtica da UFRGS. H\u00e1 um consenso geral sobre o ato do dia 11 de novembro: foi lindo e emocionante! Portanto, n\u00e3o serei mais uma a falar mais do mesmo. Quero abordar outro aspecto que me emocionou muito e que me deu esperan\u00e7a [&hellip;]<\/p>\n","protected":false},"author":4,"featured_media":41306,"comment_status":"open","ping_status":"closed","sticky":false,"template":"","format":"standard","meta":{"_jetpack_newsletter_access":"","_jetpack_dont_email_post_to_subs":false,"_jetpack_newsletter_tier_id":0,"_jetpack_memberships_contains_paywalled_content":false,"_jetpack_feature_clip_id":0,"_jetpack_memberships_contains_paid_content":false,"footnotes":"","jetpack_post_was_ever_published":false},"categories":[2011,2012],"tags":[],"class_list":["post-41341","post","type-post","status-publish","format-standard","has-post-thumbnail","hentry","category-destaque","category-debates"],"aioseo_notices":[],"aioseo_head":"\n\t\t<!-- All in One SEO 5.0.1.1 - aioseo.com -->\n\t<meta name=\"robots\" content=\"max-image-preview:large\" \/>\n\t<meta name=\"author\" content=\"da Reda\u00e7\u00e3o\"\/>\n\t<link rel=\"canonical\" href=\"https:\/\/www.jornalja.com.br\/arquivo\/2o-grande-ato-contra-a-pec-24155-frente-de-esquerda-e-a-licao-dada-pelos-anarquistas\/\" \/>\n\t<meta name=\"generator\" content=\"All in One SEO (AIOSEO) 5.0.1.1\" \/>\n\t\t<meta property=\"og:locale\" content=\"pt_BR\" \/>\n\t\t<meta property=\"og:site_name\" content=\"Arquivo | Jornal J\u00c1 | Porto Alegre\" \/>\n\t\t<meta property=\"og:type\" content=\"article\" \/>\n\t\t<meta property=\"og:title\" content=\"2\u00ba Grande Ato Contra a PEC 241\/55: Frente de Esquerda e a li\u00e7\u00e3o dada pelos Anarquistas | Arquivo\" \/>\n\t\t<meta property=\"og:url\" content=\"https:\/\/www.jornalja.com.br\/arquivo\/2o-grande-ato-contra-a-pec-24155-frente-de-esquerda-e-a-licao-dada-pelos-anarquistas\/\" \/>\n\t\t<meta property=\"og:image\" content=\"https:\/\/www.jornalja.com.br\/wp-content\/uploads\/2016\/11\/ocuapa-VIII-11-11-thais-300x201.jpg\" \/>\n\t\t<meta property=\"og:image:secure_url\" content=\"https:\/\/www.jornalja.com.br\/wp-content\/uploads\/2016\/11\/ocuapa-VIII-11-11-thais-300x201.jpg\" \/>\n\t\t<meta property=\"article:published_time\" content=\"2016-11-16T14:37:29+00:00\" \/>\n\t\t<meta property=\"article:modified_time\" content=\"2016-11-16T14:37:29+00:00\" \/>\n\t\t<meta name=\"twitter:card\" content=\"summary\" \/>\n\t\t<meta name=\"twitter:title\" content=\"2\u00ba Grande Ato Contra a PEC 241\/55: Frente de Esquerda e a li\u00e7\u00e3o dada pelos Anarquistas | Arquivo\" \/>\n\t\t<meta name=\"twitter:image\" content=\"https:\/\/www.jornalja.com.br\/economics\/wp-content\/uploads\/sites\/11\/2026\/08\/ja-folhaderosto-facebook.jpg\" \/>\n\t\t<script type=\"application\/ld+json\" class=\"aioseo-schema\">\n\t\t\t{\"@context\":\"https:\\\/\\\/schema.org\",\"@graph\":[{\"@type\":\"BlogPosting\",\"@id\":\"https:\\\/\\\/www.jornalja.com.br\\\/arquivo\\\/2o-grande-ato-contra-a-pec-24155-frente-de-esquerda-e-a-licao-dada-pelos-anarquistas\\\/#blogposting\",\"name\":\"2\\u00ba Grande Ato Contra a PEC 241\\\/55: Frente de Esquerda e a li\\u00e7\\u00e3o dada pelos Anarquistas | Arquivo\",\"headline\":\"2\\u00ba Grande Ato Contra a PEC 241\\\/55: Frente de Esquerda e a li\\u00e7\\u00e3o dada pelos Anarquistas\",\"author\":{\"@id\":\"https:\\\/\\\/www.jornalja.com.br\\\/arquivo\\\/author\\\/daredacao\\\/#author\"},\"publisher\":{\"@id\":\"https:\\\/\\\/www.jornalja.com.br\\\/arquivo\\\/#organization\"},\"image\":{\"@type\":\"ImageObject\",\"url\":41306},\"datePublished\":\"2016-11-16T11:37:29-02:00\",\"dateModified\":\"2016-11-16T11:37:29-02:00\",\"inLanguage\":\"pt-BR\",\"mainEntityOfPage\":{\"@id\":\"https:\\\/\\\/www.jornalja.com.br\\\/arquivo\\\/2o-grande-ato-contra-a-pec-24155-frente-de-esquerda-e-a-licao-dada-pelos-anarquistas\\\/#webpage\"},\"isPartOf\":{\"@id\":\"https:\\\/\\\/www.jornalja.com.br\\\/arquivo\\\/2o-grande-ato-contra-a-pec-24155-frente-de-esquerda-e-a-licao-dada-pelos-anarquistas\\\/#webpage\"},\"articleSection\":\"CDD-artigo em destaque, HOTSITE Comit\\u00ea pela Democracia\"},{\"@type\":\"BreadcrumbList\",\"@id\":\"https:\\\/\\\/www.jornalja.com.br\\\/arquivo\\\/2o-grande-ato-contra-a-pec-24155-frente-de-esquerda-e-a-licao-dada-pelos-anarquistas\\\/#breadcrumblist\",\"itemListElement\":[{\"@type\":\"ListItem\",\"@id\":\"https:\\\/\\\/www.jornalja.com.br\\\/arquivo#listItem\",\"position\":1,\"name\":\"Home\",\"item\":\"https:\\\/\\\/www.jornalja.com.br\\\/arquivo\",\"nextItem\":{\"@type\":\"ListItem\",\"@id\":\"https:\\\/\\\/www.jornalja.com.br\\\/arquivo\\\/category\\\/destaque\\\/#listItem\",\"name\":\"CDD-artigo em destaque\"}},{\"@type\":\"ListItem\",\"@id\":\"https:\\\/\\\/www.jornalja.com.br\\\/arquivo\\\/category\\\/destaque\\\/#listItem\",\"position\":2,\"name\":\"CDD-artigo em destaque\",\"item\":\"https:\\\/\\\/www.jornalja.com.br\\\/arquivo\\\/category\\\/destaque\\\/\",\"nextItem\":{\"@type\":\"ListItem\",\"@id\":\"https:\\\/\\\/www.jornalja.com.br\\\/arquivo\\\/2o-grande-ato-contra-a-pec-24155-frente-de-esquerda-e-a-licao-dada-pelos-anarquistas\\\/#listItem\",\"name\":\"2\\u00ba Grande Ato Contra a PEC 241\\\/55: Frente de Esquerda e a li\\u00e7\\u00e3o dada pelos Anarquistas\"},\"previousItem\":{\"@type\":\"ListItem\",\"@id\":\"https:\\\/\\\/www.jornalja.com.br\\\/arquivo#listItem\",\"name\":\"Home\"}},{\"@type\":\"ListItem\",\"@id\":\"https:\\\/\\\/www.jornalja.com.br\\\/arquivo\\\/2o-grande-ato-contra-a-pec-24155-frente-de-esquerda-e-a-licao-dada-pelos-anarquistas\\\/#listItem\",\"position\":3,\"name\":\"2\\u00ba Grande Ato Contra a PEC 241\\\/55: Frente de Esquerda e a li\\u00e7\\u00e3o dada pelos Anarquistas\",\"previousItem\":{\"@type\":\"ListItem\",\"@id\":\"https:\\\/\\\/www.jornalja.com.br\\\/arquivo\\\/category\\\/destaque\\\/#listItem\",\"name\":\"CDD-artigo em destaque\"}}]},{\"@type\":\"Organization\",\"@id\":\"https:\\\/\\\/www.jornalja.com.br\\\/arquivo\\\/#organization\",\"name\":\"Jornal J\\u00c1\",\"description\":\"Jornal J\\u00c1 | Porto Alegre\",\"url\":\"https:\\\/\\\/www.jornalja.com.br\\\/arquivo\\\/\",\"telephone\":\"+555133307272\",\"logo\":{\"@type\":\"ImageObject\",\"url\":\"https:\\\/\\\/www.jornalja.com.br\\\/wp-content\\\/uploads\\\/cards\\\/JAslogan.png\",\"@id\":\"https:\\\/\\\/www.jornalja.com.br\\\/arquivo\\\/2o-grande-ato-contra-a-pec-24155-frente-de-esquerda-e-a-licao-dada-pelos-anarquistas\\\/#organizationLogo\"},\"image\":{\"@id\":\"https:\\\/\\\/www.jornalja.com.br\\\/arquivo\\\/2o-grande-ato-contra-a-pec-24155-frente-de-esquerda-e-a-licao-dada-pelos-anarquistas\\\/#organizationLogo\"}},{\"@type\":\"Person\",\"@id\":\"https:\\\/\\\/www.jornalja.com.br\\\/arquivo\\\/author\\\/daredacao\\\/#author\",\"url\":\"https:\\\/\\\/www.jornalja.com.br\\\/arquivo\\\/author\\\/daredacao\\\/\",\"name\":\"da Reda\\u00e7\\u00e3o\",\"image\":{\"@type\":\"ImageObject\",\"@id\":\"https:\\\/\\\/www.jornalja.com.br\\\/arquivo\\\/2o-grande-ato-contra-a-pec-24155-frente-de-esquerda-e-a-licao-dada-pelos-anarquistas\\\/#authorImage\",\"url\":\"https:\\\/\\\/secure.gravatar.com\\\/avatar\\\/469fd857d6605ad19919d27ed29d35a968a25f6e8fd9318356bbb7f57aae9c65?s=96&d=mm&r=g\",\"width\":96,\"height\":96,\"caption\":\"da Reda\\u00e7\\u00e3o\"}},{\"@type\":\"WebPage\",\"@id\":\"https:\\\/\\\/www.jornalja.com.br\\\/arquivo\\\/2o-grande-ato-contra-a-pec-24155-frente-de-esquerda-e-a-licao-dada-pelos-anarquistas\\\/#webpage\",\"url\":\"https:\\\/\\\/www.jornalja.com.br\\\/arquivo\\\/2o-grande-ato-contra-a-pec-24155-frente-de-esquerda-e-a-licao-dada-pelos-anarquistas\\\/\",\"name\":\"2\\u00ba Grande Ato Contra a PEC 241\\\/55: Frente de Esquerda e a li\\u00e7\\u00e3o dada pelos Anarquistas | Arquivo\",\"inLanguage\":\"pt-BR\",\"isPartOf\":{\"@id\":\"https:\\\/\\\/www.jornalja.com.br\\\/arquivo\\\/#website\"},\"breadcrumb\":{\"@id\":\"https:\\\/\\\/www.jornalja.com.br\\\/arquivo\\\/2o-grande-ato-contra-a-pec-24155-frente-de-esquerda-e-a-licao-dada-pelos-anarquistas\\\/#breadcrumblist\"},\"author\":{\"@id\":\"https:\\\/\\\/www.jornalja.com.br\\\/arquivo\\\/author\\\/daredacao\\\/#author\"},\"creator\":{\"@id\":\"https:\\\/\\\/www.jornalja.com.br\\\/arquivo\\\/author\\\/daredacao\\\/#author\"},\"image\":{\"@type\":\"ImageObject\",\"url\":41306,\"@id\":\"https:\\\/\\\/www.jornalja.com.br\\\/arquivo\\\/2o-grande-ato-contra-a-pec-24155-frente-de-esquerda-e-a-licao-dada-pelos-anarquistas\\\/#mainImage\"},\"primaryImageOfPage\":{\"@id\":\"https:\\\/\\\/www.jornalja.com.br\\\/arquivo\\\/2o-grande-ato-contra-a-pec-24155-frente-de-esquerda-e-a-licao-dada-pelos-anarquistas\\\/#mainImage\"},\"datePublished\":\"2016-11-16T11:37:29-02:00\",\"dateModified\":\"2016-11-16T11:37:29-02:00\"},{\"@type\":\"WebSite\",\"@id\":\"https:\\\/\\\/www.jornalja.com.br\\\/arquivo\\\/#website\",\"url\":\"https:\\\/\\\/www.jornalja.com.br\\\/arquivo\\\/\",\"name\":\"Arquivo\",\"description\":\"Jornal J\\u00c1 | Porto Alegre\",\"inLanguage\":\"pt-BR\",\"publisher\":{\"@id\":\"https:\\\/\\\/www.jornalja.com.br\\\/arquivo\\\/#organization\"}}]}\n\t\t<\/script>\n\t\t<!-- All in One SEO -->\n\n","aioseo_head_json":{"title":"2\u00ba Grande Ato Contra a PEC 241\/55: Frente de Esquerda e a li\u00e7\u00e3o dada pelos Anarquistas | Arquivo","description":"","canonical_url":"https:\/\/www.jornalja.com.br\/arquivo\/2o-grande-ato-contra-a-pec-24155-frente-de-esquerda-e-a-licao-dada-pelos-anarquistas\/","robots":"max-image-preview:large","keywords":"","webmasterTools":{"miscellaneous":""},"schema":{"@context":"https:\/\/schema.org","@graph":[{"@type":"BlogPosting","@id":"https:\/\/www.jornalja.com.br\/arquivo\/2o-grande-ato-contra-a-pec-24155-frente-de-esquerda-e-a-licao-dada-pelos-anarquistas\/#blogposting","name":"2\u00ba Grande Ato Contra a PEC 241\/55: Frente de Esquerda e a li\u00e7\u00e3o dada pelos Anarquistas | Arquivo","headline":"2\u00ba Grande Ato Contra a PEC 241\/55: Frente de Esquerda e a li\u00e7\u00e3o dada pelos Anarquistas","author":{"@id":"https:\/\/www.jornalja.com.br\/arquivo\/author\/daredacao\/#author"},"publisher":{"@id":"https:\/\/www.jornalja.com.br\/arquivo\/#organization"},"image":{"@type":"ImageObject","url":41306},"datePublished":"2016-11-16T11:37:29-02:00","dateModified":"2016-11-16T11:37:29-02:00","inLanguage":"pt-BR","mainEntityOfPage":{"@id":"https:\/\/www.jornalja.com.br\/arquivo\/2o-grande-ato-contra-a-pec-24155-frente-de-esquerda-e-a-licao-dada-pelos-anarquistas\/#webpage"},"isPartOf":{"@id":"https:\/\/www.jornalja.com.br\/arquivo\/2o-grande-ato-contra-a-pec-24155-frente-de-esquerda-e-a-licao-dada-pelos-anarquistas\/#webpage"},"articleSection":"CDD-artigo em destaque, HOTSITE Comit\u00ea pela Democracia"},{"@type":"BreadcrumbList","@id":"https:\/\/www.jornalja.com.br\/arquivo\/2o-grande-ato-contra-a-pec-24155-frente-de-esquerda-e-a-licao-dada-pelos-anarquistas\/#breadcrumblist","itemListElement":[{"@type":"ListItem","@id":"https:\/\/www.jornalja.com.br\/arquivo#listItem","position":1,"name":"Home","item":"https:\/\/www.jornalja.com.br\/arquivo","nextItem":{"@type":"ListItem","@id":"https:\/\/www.jornalja.com.br\/arquivo\/category\/destaque\/#listItem","name":"CDD-artigo em destaque"}},{"@type":"ListItem","@id":"https:\/\/www.jornalja.com.br\/arquivo\/category\/destaque\/#listItem","position":2,"name":"CDD-artigo em destaque","item":"https:\/\/www.jornalja.com.br\/arquivo\/category\/destaque\/","nextItem":{"@type":"ListItem","@id":"https:\/\/www.jornalja.com.br\/arquivo\/2o-grande-ato-contra-a-pec-24155-frente-de-esquerda-e-a-licao-dada-pelos-anarquistas\/#listItem","name":"2\u00ba Grande Ato Contra a PEC 241\/55: Frente de Esquerda e a li\u00e7\u00e3o dada pelos Anarquistas"},"previousItem":{"@type":"ListItem","@id":"https:\/\/www.jornalja.com.br\/arquivo#listItem","name":"Home"}},{"@type":"ListItem","@id":"https:\/\/www.jornalja.com.br\/arquivo\/2o-grande-ato-contra-a-pec-24155-frente-de-esquerda-e-a-licao-dada-pelos-anarquistas\/#listItem","position":3,"name":"2\u00ba Grande Ato Contra a PEC 241\/55: Frente de Esquerda e a li\u00e7\u00e3o dada pelos Anarquistas","previousItem":{"@type":"ListItem","@id":"https:\/\/www.jornalja.com.br\/arquivo\/category\/destaque\/#listItem","name":"CDD-artigo em destaque"}}]},{"@type":"Organization","@id":"https:\/\/www.jornalja.com.br\/arquivo\/#organization","name":"Jornal J\u00c1","description":"Jornal J\u00c1 | Porto Alegre","url":"https:\/\/www.jornalja.com.br\/arquivo\/","telephone":"+555133307272","logo":{"@type":"ImageObject","url":"https:\/\/www.jornalja.com.br\/wp-content\/uploads\/cards\/JAslogan.png","@id":"https:\/\/www.jornalja.com.br\/arquivo\/2o-grande-ato-contra-a-pec-24155-frente-de-esquerda-e-a-licao-dada-pelos-anarquistas\/#organizationLogo"},"image":{"@id":"https:\/\/www.jornalja.com.br\/arquivo\/2o-grande-ato-contra-a-pec-24155-frente-de-esquerda-e-a-licao-dada-pelos-anarquistas\/#organizationLogo"}},{"@type":"Person","@id":"https:\/\/www.jornalja.com.br\/arquivo\/author\/daredacao\/#author","url":"https:\/\/www.jornalja.com.br\/arquivo\/author\/daredacao\/","name":"da Reda\u00e7\u00e3o","image":{"@type":"ImageObject","@id":"https:\/\/www.jornalja.com.br\/arquivo\/2o-grande-ato-contra-a-pec-24155-frente-de-esquerda-e-a-licao-dada-pelos-anarquistas\/#authorImage","url":"https:\/\/secure.gravatar.com\/avatar\/469fd857d6605ad19919d27ed29d35a968a25f6e8fd9318356bbb7f57aae9c65?s=96&d=mm&r=g","width":96,"height":96,"caption":"da Reda\u00e7\u00e3o"}},{"@type":"WebPage","@id":"https:\/\/www.jornalja.com.br\/arquivo\/2o-grande-ato-contra-a-pec-24155-frente-de-esquerda-e-a-licao-dada-pelos-anarquistas\/#webpage","url":"https:\/\/www.jornalja.com.br\/arquivo\/2o-grande-ato-contra-a-pec-24155-frente-de-esquerda-e-a-licao-dada-pelos-anarquistas\/","name":"2\u00ba Grande Ato Contra a PEC 241\/55: Frente de Esquerda e a li\u00e7\u00e3o dada pelos Anarquistas | Arquivo","inLanguage":"pt-BR","isPartOf":{"@id":"https:\/\/www.jornalja.com.br\/arquivo\/#website"},"breadcrumb":{"@id":"https:\/\/www.jornalja.com.br\/arquivo\/2o-grande-ato-contra-a-pec-24155-frente-de-esquerda-e-a-licao-dada-pelos-anarquistas\/#breadcrumblist"},"author":{"@id":"https:\/\/www.jornalja.com.br\/arquivo\/author\/daredacao\/#author"},"creator":{"@id":"https:\/\/www.jornalja.com.br\/arquivo\/author\/daredacao\/#author"},"image":{"@type":"ImageObject","url":41306,"@id":"https:\/\/www.jornalja.com.br\/arquivo\/2o-grande-ato-contra-a-pec-24155-frente-de-esquerda-e-a-licao-dada-pelos-anarquistas\/#mainImage"},"primaryImageOfPage":{"@id":"https:\/\/www.jornalja.com.br\/arquivo\/2o-grande-ato-contra-a-pec-24155-frente-de-esquerda-e-a-licao-dada-pelos-anarquistas\/#mainImage"},"datePublished":"2016-11-16T11:37:29-02:00","dateModified":"2016-11-16T11:37:29-02:00"},{"@type":"WebSite","@id":"https:\/\/www.jornalja.com.br\/arquivo\/#website","url":"https:\/\/www.jornalja.com.br\/arquivo\/","name":"Arquivo","description":"Jornal J\u00c1 | Porto Alegre","inLanguage":"pt-BR","publisher":{"@id":"https:\/\/www.jornalja.com.br\/arquivo\/#organization"}}]},"og:locale":"pt_BR","og:site_name":"Arquivo | Jornal J\u00c1 | Porto Alegre","og:type":"article","og:title":"2\u00ba Grande Ato Contra a PEC 241\/55: Frente de Esquerda e a li\u00e7\u00e3o dada pelos Anarquistas | Arquivo","og:url":"https:\/\/www.jornalja.com.br\/arquivo\/2o-grande-ato-contra-a-pec-24155-frente-de-esquerda-e-a-licao-dada-pelos-anarquistas\/","og:image":"https:\/\/www.jornalja.com.br\/wp-content\/uploads\/2016\/11\/ocuapa-VIII-11-11-thais-300x201.jpg","og:image:secure_url":"https:\/\/www.jornalja.com.br\/wp-content\/uploads\/2016\/11\/ocuapa-VIII-11-11-thais-300x201.jpg","article:published_time":"2016-11-16T14:37:29+00:00","article:modified_time":"2016-11-16T14:37:29+00:00","twitter:card":"summary","twitter:title":"2\u00ba Grande Ato Contra a PEC 241\/55: Frente de Esquerda e a li\u00e7\u00e3o dada pelos Anarquistas | Arquivo","twitter:image":"https:\/\/www.jornalja.com.br\/economics\/wp-content\/uploads\/sites\/11\/2026\/08\/ja-folhaderosto-facebook.jpg"},"aioseo_meta_data":{"post_id":"41341","title":null,"description":null,"keywords":null,"keyphrases":null,"primary_term":null,"canonical_url":null,"og_title":null,"og_description":null,"og_object_type":"default","og_image_type":"default","og_image_url":null,"og_image_width":null,"og_image_height":null,"og_image_custom_url":null,"og_image_custom_fields":null,"og_video":null,"og_custom_url":null,"og_article_section":null,"og_article_tags":null,"twitter_use_og":false,"twitter_card":"default","twitter_image_type":"default","twitter_image_url":null,"twitter_image_custom_url":null,"twitter_image_custom_fields":null,"twitter_title":null,"twitter_description":null,"schema":{"blockGraphs":[],"customGraphs":[],"default":{"data":{"Article":[],"Course":[],"Dataset":[],"FAQPage":[],"Movie":[],"Person":[],"Product":[],"ProductReview":[],"Car":[],"Recipe":[],"Service":[],"SoftwareApplication":[],"WebPage":[]},"graphName":"","isEnabled":true},"graphs":[],"defaultGraph":"","defaultPostTypeGraph":""},"schema_type":null,"schema_type_options":null,"pillar_content":false,"robots_default":true,"robots_noindex":false,"robots_noarchive":false,"robots_nosnippet":false,"robots_nofollow":false,"robots_noimageindex":false,"robots_noodp":false,"robots_notranslate":false,"robots_max_snippet":null,"robots_max_videopreview":null,"robots_max_imagepreview":"large","priority":null,"frequency":null,"location":null,"local_seo":null,"breadcrumb_settings":null,"limit_modified_date":false,"ai":null,"created":"2020-12-20 20:44:55","updated":"2025-07-19 18:13:25","seo_analyzer_scan_date":null,"focus_keyword":null,"additional_keywords":null,"truseo_locale":null},"jetpack_sharing_enabled":true,"jetpack-related-posts":[{"id":13124,"url":"https:\/\/www.jornalja.com.br\/arquivo\/sangue-latino-no-iecine\/","url_meta":{"origin":41341,"position":0},"title":"Sangue latino no IECINE","author":"da Reda\u00e7\u00e3o","date":"18 de maio de 2014","format":false,"excerpt":"Francisco Ribeiro O Instituto Estadual de Cinema (IECINE) tem a frente, desde abril \u00faltimo, um novo diretor, o cineasta colombiano Juan Zapata, 36, que substitui Luiz Alberto Cassol. Radicado h\u00e1 dez anos em Porto Alegre, Zapata tem diante de si o desafio de conduzir at\u00e9 o final do ano um\u2026","rel":"","context":"Em &quot;Cultura-Geral&quot;","block_context":{"text":"Cultura-Geral","link":"https:\/\/www.jornalja.com.br\/arquivo\/category\/materiasecundaria\/"},"img":{"alt_text":"","src":"","width":0,"height":0},"classes":[]},{"id":14241,"url":"https:\/\/www.jornalja.com.br\/arquivo\/o-guaiba-nas-imagens-poeticas-de-achutti\/","url_meta":{"origin":41341,"position":1},"title":"O Gua\u00edba nas imagens po\u00e9ticas de Achutti","author":"da Reda\u00e7\u00e3o","date":"18 de junho de 2014","format":false,"excerpt":"Em \u201cO Gua\u00edba por Achutti\u201d \u2013 obra financiada via Minist\u00e9rio da Cultura, produ\u00e7\u00e3o executiva de Pedro Longhi, e Fl\u00e1vio Wild como designer \u2013, o fot\u00f3grafo revela a beleza e as mazelas de um espa\u00e7o aqu\u00e1tico de \u00e1guas sempre renovadas, cheio de hist\u00f3rias e lendas como as das cidades que foram\u2026","rel":"","context":"Em &quot;Cultura-Geral&quot;","block_context":{"text":"Cultura-Geral","link":"https:\/\/www.jornalja.com.br\/arquivo\/category\/materiasecundaria\/"},"img":{"alt_text":"","src":"","width":0,"height":0},"classes":[]},{"id":5440,"url":"https:\/\/www.jornalja.com.br\/arquivo\/casarao-da-venancio-destino-permanece-incerto\/","url_meta":{"origin":41341,"position":2},"title":"Estado ainda n\u00e3o sabe o que fazer com casar\u00e3o abandonado h\u00e1 20 anos","author":"Elmar Bones","date":"6 de julho de 2009","format":false,"excerpt":"O casar\u00e3o amarelo, numa esquina nobre de Porto Alegre (Ven\u00e2ncio Aires com Jo\u00e3o Pessoa), j\u00e1 abrigou uma escola. H\u00e1 duas d\u00e9cadas, pelo menos, est\u00e1 abandonado, porque seu propriet\u00e1rio, o governo do Estado do Rio Grande do Sul, n\u00e3o consegue achar um destino para ele. Planos n\u00e3o faltaram. O governador Ol\u00edvio\u2026","rel":"","context":"Em &quot;X.Categorias velhas&quot;","block_context":{"text":"X.Categorias velhas","link":"https:\/\/www.jornalja.com.br\/arquivo\/category\/x-categorias-velhas\/"},"img":{"alt_text":"geraldo1","src":"https:\/\/i0.wp.com\/www.jornalja.com.br\/wp-content\/uploads\/2009\/07\/geraldo1.jpg?resize=350%2C200&ssl=1","width":350,"height":200},"classes":[]},{"id":13240,"url":"https:\/\/www.jornalja.com.br\/arquivo\/plano-diretor-estamos-construindo-o-caos\/","url_meta":{"origin":41341,"position":3},"title":"Plano diretor: &quot;Estamos construindo o caos&quot;","author":"Patr\u00edcia Marini","date":"26 de maio de 2014","format":false,"excerpt":"Desabafo que arquiteta Eliana Castilhos, delegada da Regi\u00e3o de Planejamento 1, postou nas redes sociais \u00e9 um testemunho do ambiente que se criou no Conselho do Plano Diretor de Porto Alegre, onde a aprova\u00e7\u00e3o de grandes empreendimentos \u00e9 empurrada guela abaixo dos conselheiros. Ao CMDUA Como delegada da Regi\u00e3o de\u2026","rel":"","context":"Em &quot;Geral&quot;","block_context":{"text":"Geral","link":"https:\/\/www.jornalja.com.br\/arquivo\/category\/geral\/"},"img":{"alt_text":"","src":"","width":0,"height":0},"classes":[]},{"id":13128,"url":"https:\/\/www.jornalja.com.br\/arquivo\/maconha-terra-diz-que-uso-medicinal-e-desculpa\/","url_meta":{"origin":41341,"position":4},"title":"Maconha: Terra diz que uso medicinal \u00e9 desculpa","author":"Patr\u00edcia Marini","date":"4 de junho de 2014","format":false,"excerpt":"A condi\u00e7\u00e3o de pol\u00edtico, em \u00e9poca de campanha de campanha eleitoral, tira for\u00e7a do discurso do m\u00e9dico Osmar Terra contra a legaliza\u00e7\u00e3o da maconha. A tese dele de que a libera\u00e7\u00e3o vai ampliar exponencialmente o consumo \u00e9 discutivel, o consumo \u00e9 corrente. Mas seus alertas quanto aos riscos tem que\u2026","rel":"","context":"Em &quot;X.Categorias velhas&quot;","block_context":{"text":"X.Categorias velhas","link":"https:\/\/www.jornalja.com.br\/arquivo\/category\/x-categorias-velhas\/"},"img":{"alt_text":"","src":"","width":0,"height":0},"classes":[]},{"id":12960,"url":"https:\/\/www.jornalja.com.br\/arquivo\/populacao-culpa-empresas-pela-greve-dos-rodoviarios\/","url_meta":{"origin":41341,"position":5},"title":"Popula\u00e7\u00e3o culpa empresas pela greve","author":"Patr\u00edcia Marini","date":"14 de fevereiro de 2014","format":false,"excerpt":"Pesquisa divulgada na edi\u00e7\u00e3o do jornal Metro desta sexta-feira,14, comprova o velho ditado: \u00e9 poss\u00edvel enganar muitos por algum tempo, mas n\u00e3o \u00e9 poss\u00edvel enganar a todos o tempo inteiro. A principal revela\u00e7\u00e3o foi que 59,8% dos entrevistados apontaram as empresas como as principais respons\u00e1veis pela grave e 46% culparam\u2026","rel":"","context":"Em &quot;X.Categorias velhas&quot;","block_context":{"text":"X.Categorias velhas","link":"https:\/\/www.jornalja.com.br\/arquivo\/category\/x-categorias-velhas\/"},"img":{"alt_text":"","src":"","width":0,"height":0},"classes":[]}],"jetpack_shortlink":"https:\/\/wp.me\/pbQjBd-aKN","jetpack_featured_media_url":"","_links":{"self":[{"href":"https:\/\/www.jornalja.com.br\/arquivo\/wp-json\/wp\/v2\/posts\/41341","targetHints":{"allow":["GET"]}}],"collection":[{"href":"https:\/\/www.jornalja.com.br\/arquivo\/wp-json\/wp\/v2\/posts"}],"about":[{"href":"https:\/\/www.jornalja.com.br\/arquivo\/wp-json\/wp\/v2\/types\/post"}],"author":[{"embeddable":true,"href":"https:\/\/www.jornalja.com.br\/arquivo\/wp-json\/wp\/v2\/users\/4"}],"replies":[{"embeddable":true,"href":"https:\/\/www.jornalja.com.br\/arquivo\/wp-json\/wp\/v2\/comments?post=41341"}],"version-history":[{"count":0,"href":"https:\/\/www.jornalja.com.br\/arquivo\/wp-json\/wp\/v2\/posts\/41341\/revisions"}],"wp:attachment":[{"href":"https:\/\/www.jornalja.com.br\/arquivo\/wp-json\/wp\/v2\/media?parent=41341"}],"wp:term":[{"taxonomy":"category","embeddable":true,"href":"https:\/\/www.jornalja.com.br\/arquivo\/wp-json\/wp\/v2\/categories?post=41341"},{"taxonomy":"post_tag","embeddable":true,"href":"https:\/\/www.jornalja.com.br\/arquivo\/wp-json\/wp\/v2\/tags?post=41341"}],"curies":[{"name":"wp","href":"https:\/\/api.w.org\/{rel}","templated":true}]}}