{"id":41355,"date":"2016-11-16T15:20:23","date_gmt":"2016-11-16T18:20:23","guid":{"rendered":"https:\/\/www.jornalja.com.br\/?p=41355"},"modified":"2016-11-16T15:20:23","modified_gmt":"2016-11-16T18:20:23","slug":"morre-aos-89-anos-irmao-antonio-cechin-um-pioneiro-da-ecologia","status":"publish","type":"post","link":"https:\/\/www.jornalja.com.br\/arquivo\/morre-aos-89-anos-irmao-antonio-cechin-um-pioneiro-da-ecologia\/","title":{"rendered":"Morre aos 89 anos Irm\u00e3o Antonio Cechin, um pioneiro da ecologia"},"content":{"rendered":"<p>Ant\u00f4nio Pires Cechin, fundador da Comiss\u00e3o Pastoral da Terra no RS, morreu aos 89 anos nesta quarta-feira, 16. Ele estava internado no Hospital S\u00e3o Lucas da PUCRS se recuperando de uma fratura na bacia. Irm\u00e3o Cechin foi militante de movimentos sociais ligado a causas ambientais e irm\u00e3o Marista. Foi fundador da Pastoral da Ecologia, da ONG Caminho das \u00c1guas, do Movimento dos Trabalhadores Rurais Sem Terra (MST), criador da Romaria da Terra e da Romaria das \u00c1guas, idealizador da missa em honra a Sep\u00e9 Tiaraju.<br \/>\nNascido no dia 17 de junho de 1927, em Santa Maria, Ingressou no Juvenato dos Irm\u00e3os Maristas em 1937, com 10 anos incompletos. Aos 16 anos, em 24 de janeiro de 1944, emitiu os votos tempor\u00e1rios, tornando-se Irm\u00e3o Marista. Formado em Letras Cl\u00e1ssicas e em Direito pela Pontif\u00edcia Universidade Cat\u00f3lica do Rio Grande do Sul, em Porto Alegre, foi professor e diretor em col\u00e9gios da Congrega\u00e7\u00e3o Marista e secret\u00e1rio da Faculdade de Filosofia da PUC-RS.<br \/>\nPreso pol\u00edtico em 1968, o irm\u00e3o deixou o Col\u00e9gio Ros\u00e1rio e a PUC, onde lecionava, e foi trabalhar em comunidades eclesiais de base na periferia de Canoas. Em 1979, organizou a primeiro ocupa\u00e7\u00e3o urbana na Regi\u00e3o Metropolitana. Em 1986, junto com sua irm\u00e3, Matilde Pires Cechin, come\u00e7ou a trabalhar com a popula\u00e7\u00e3o da Ilha Grande dos Marinheiros, na \u00e9poca, com cerca de 2 mil habitantes vivendo em extrema pobreza.<br \/>\nO sepultamento acontece nesta quarta-feira, \u00e0s 17h30, no Cemit\u00e9rio Marista de Viam\u00e3o.<br \/>\n<span class=\"intertit\">Pioneiro no trabalho com reciclagem<\/span><br \/>\nIrm\u00e3o Ant\u00f4nio Cechin \u00e9 reconhecido nacionalmente por seu pioneirismo com as unidades de reciclagem e com a organiza\u00e7\u00e3o de catadores de material recicl\u00e1vel, considerados por ele \u201cprofetas da ecologia\u201d. Parte de seu trabalho com unidades de reciclagem \u00e9 contada no livro \u201cPioneiros da Ecologia\u201d, lan\u00e7ado pela J\u00c1 Editores em 2002.<br \/>\n<strong>Confira um trecho<\/strong>:<br \/>\n<em>\u201c\u2018Os papeleiros que moravam l\u00e1 eram muito pobres, viviam na maior promiscuidade\u2019, diz ele. Criadores de porcos, em sua maioria, eles viviam cercados de lixo e suas crian\u00e7as \u00a0cresciam soltas nesse ambiente marcado por enchentes duas vezes por ano. Ao contr\u00e1rio de Canoas, onde o trabalho envolvia pessoas com emprego fixo e uma certa estrutura familiar, na ilha os irm\u00e3os Cechin lidavam com gente vinda do interior ou deca\u00edda no meio urbano, cuja sobreviv\u00eancia era tirada do lixo. Pessoas sem profiss\u00e3o, membros de fam\u00edlias desestruturadas, viviam todos em conflitos m\u00fatuos e eram, ainda, estigmatizados como \u2018 ladr\u00f5es de lixo\u2019 pelas autoridade municipais da \u00e9poca.<\/em><br \/>\n<em>Inicialmente, os irm\u00e3os Cechin tentaram organizar a separa\u00e7\u00e3o do lixo seco. \u2018Naturalmente n\u00e3o foi f\u00e1cil, pois o pessoal desconfiava de tudo, at\u00e9 das nossas inten\u00e7\u00f5es\u2019, diz ele. Enquanto lutava \u00a0para convencer a comunidade a aderir ao projeto, ele procurou o chefe do departamento de Limpeza urbana, Vieira da Cunha, que concordou com o trabalho, mesmo lembrando que a ilha era um parque ecol\u00f3gico. Em seguida, Cechin conseguiu junto \u00e0 C\u00e1ritas, da Igreja Cat\u00f3lica, uma verba (\u2018irris\u00f3ria\u2019) para levantar um galp\u00e3o &#8211; s\u00f3 telha, sem paredes. Do Col\u00e9gio Bom Conselho, das irm\u00e3s franciscanas, veio como doa\u00e7\u00e3o um caminh\u00e3o para recolher o lixo.\u201d<\/em><br \/>\nO livro Pioneiros da Ecologia (J\u00e1 Editores, 2002) <a href=\"https:\/\/www.jornalja.com.br\/loja\/inicio\/15-pioneiros-da-ecologia.html\" target=\"_blank\" rel=\"noopener noreferrer\">est\u00e1 \u00e0 venda no site do J\u00c1<\/a>\u00a0e nas boas livrarias.<\/p>\n","protected":false},"excerpt":{"rendered":"<p>Ant\u00f4nio Pires Cechin, fundador da Comiss\u00e3o Pastoral da Terra no RS, morreu aos 89 anos nesta quarta-feira, 16. Ele estava internado no Hospital S\u00e3o Lucas da PUCRS se recuperando de uma fratura na bacia. Irm\u00e3o Cechin foi militante de movimentos sociais ligado a causas ambientais e irm\u00e3o Marista. Foi fundador da Pastoral da Ecologia, da [&hellip;]<\/p>\n","protected":false},"author":4,"featured_media":41359,"comment_status":"open","ping_status":"closed","sticky":false,"template":"","format":"standard","meta":{"_jetpack_memberships_contains_paid_content":false,"footnotes":""},"categories":[26],"tags":[],"class_list":["post-41355","post","type-post","status-publish","format-standard","has-post-thumbnail","hentry","category-geral"],"aioseo_notices":[],"jetpack_featured_media_url":"","jetpack_sharing_enabled":true,"jetpack-related-posts":[{"id":1280,"url":"https:\/\/www.jornalja.com.br\/arquivo\/o-menino-que-se-tornou-brizola\/","url_meta":{"origin":41355,"position":0},"title":"O Menino que se Tornou Brizola","author":"da Reda\u00e7\u00e3o","date":"28 de julho de 2008","format":false,"excerpt":"Autor: Cleber Dioni A vida de Leonel Brizola, com \u00eanfase para os primeiros anos em Porto Alegre, at\u00e9 o ex\u00edlio no Uruguai e a volta, quinze anos depois. \u00a0\"...\u00c9ramos todos jovens e nos identific\u00e1vamos com aquela massa an\u00f4nima a percorrer as ruas de Porto Alegre, gritando 'Get\u00falio', 'Get\u00falio' e empunhando\u2026","rel":"","context":"Em &quot;Livros&quot;","block_context":{"text":"Livros","link":"https:\/\/www.jornalja.com.br\/arquivo\/category\/livros\/"},"img":{"alt_text":"","src":"https:\/\/i0.wp.com\/www.jornalja.com.br\/wp-content\/uploads\/2008\/07\/brizola.gif?resize=350%2C200&ssl=1","width":350,"height":200},"classes":[]}],"jetpack_shortlink":"https:\/\/wp.me\/pbQjBd-aL1","_links":{"self":[{"href":"https:\/\/www.jornalja.com.br\/arquivo\/wp-json\/wp\/v2\/posts\/41355","targetHints":{"allow":["GET"]}}],"collection":[{"href":"https:\/\/www.jornalja.com.br\/arquivo\/wp-json\/wp\/v2\/posts"}],"about":[{"href":"https:\/\/www.jornalja.com.br\/arquivo\/wp-json\/wp\/v2\/types\/post"}],"author":[{"embeddable":true,"href":"https:\/\/www.jornalja.com.br\/arquivo\/wp-json\/wp\/v2\/users\/4"}],"replies":[{"embeddable":true,"href":"https:\/\/www.jornalja.com.br\/arquivo\/wp-json\/wp\/v2\/comments?post=41355"}],"version-history":[{"count":0,"href":"https:\/\/www.jornalja.com.br\/arquivo\/wp-json\/wp\/v2\/posts\/41355\/revisions"}],"wp:featuredmedia":[{"embeddable":true,"href":"https:\/\/www.jornalja.com.br\/arquivo\/wp-json\/"}],"wp:attachment":[{"href":"https:\/\/www.jornalja.com.br\/arquivo\/wp-json\/wp\/v2\/media?parent=41355"}],"wp:term":[{"taxonomy":"category","embeddable":true,"href":"https:\/\/www.jornalja.com.br\/arquivo\/wp-json\/wp\/v2\/categories?post=41355"},{"taxonomy":"post_tag","embeddable":true,"href":"https:\/\/www.jornalja.com.br\/arquivo\/wp-json\/wp\/v2\/tags?post=41355"}],"curies":[{"name":"wp","href":"https:\/\/api.w.org\/{rel}","templated":true}]}}