{"id":41368,"date":"2016-11-17T08:14:35","date_gmt":"2016-11-17T11:14:35","guid":{"rendered":"https:\/\/www.jornalja.com.br\/?p=41368"},"modified":"2016-11-17T08:14:35","modified_gmt":"2016-11-17T11:14:35","slug":"prisao-de-sergio-cabral-torna-explosiva-a-situacao-no-rio","status":"publish","type":"post","link":"https:\/\/www.jornalja.com.br\/arquivo\/prisao-de-sergio-cabral-torna-explosiva-a-situacao-no-rio\/","title":{"rendered":"Pris\u00e3o de S\u00e9rgio Cabral torna explosiva a situa\u00e7\u00e3o no Rio"},"content":{"rendered":"<p>A pris\u00e3o do ex-governador S\u00e9rgio Cabral na manh\u00e3 desta quinta-feira, 17, torna explosiva a situa\u00e7\u00e3o no Rio de Janeiro, onde o governo do Estado enfrenta desde ontem manifesta\u00e7\u00f5es violentas contra um pacote de medidas impopulares em vota\u00e7\u00e3o na Assembl\u00e9ia Legislativa.<br \/>\nA Pol\u00edcia Federal bateu na casa de Cabral \u00e0s 6h da manh\u00e3, com dois mandatos judiciais, um do\u00a0juiz Marcelo Bretas, do Rio de Janeiro, outro do juiz S\u00e9rgio Moro, que comanda a Opera\u00e7\u00e3o Lava Jato a partir de Curitiba.<br \/>\nO ex governador foi apontado nas dela\u00e7\u00f5es premiadas\u00a0do empres\u00e1rio Fernando Cavendish e de dirigentes das empreiteiras \u00a0Andrade Gutierrez e Carioca Engenharia, como o l\u00edder de um grupo que desviou cerca de R$ 224 milh\u00f5es em contratos de diversas obras, entre elas a reforma do Maracan\u00e3, para a Copa de 2014..<br \/>\nOs agentes da pol\u00edcia federal que conduziram Cabral tiveram que usar spray de pimenta\u00a0para dispersar manifestantes, que gritavam &#8220;ladr\u00e3o, ladr\u00e3o&#8221;. \u00a0Al\u00e9m de Cabral, outras nove pessoas foram presas esta manh\u00e3 no Rio.<br \/>\nA pris\u00e3o de Cabral, que se soma \u00e0 de Antony Garotinho, tamb\u00e9m ex-governador do Rio, preso no dia anterior, acusado de comprar votos, vai esquentar as manifesta\u00e7\u00f5es marcadas para a tarde de hoje, quando os deputados seguem a discuss\u00e3o do pacote de arrocho ao funcionalismo, que j\u00e1 est\u00e1 recebendo os sal\u00e1rios com atraso.<br \/>\nNo primeiro dia de vota\u00e7\u00e3o, houve confronto da policia militar com os manifestantes que tentavam invadir a Assembl\u00e9ia. Cinco pessoas sairam feridas\u00a0(quatro homens do Batalh\u00e3o de Choque e um bombeiro), segundo informa\u00e7\u00e3o da GloboNews. Os manifestantes chegaram a derrubar a grade instalada na frente da Assembl\u00e9ia durante o feriado.<br \/>\nOs protestos foram marcados tamb\u00e9m por agress\u00f5es a jornalistas, entre eles o rep\u00f3rter Caco Barcellos, da Rede Globo, que foi hostilizado e atingido na cabe\u00e7a por um cone de sinaliza\u00e7\u00e3o e teve que sair escoltado sob os gritos de &#8220;golpista, golpista&#8221;.<br \/>\nAs agress\u00f5es ao rep\u00f3rter refletem uma rejei\u00e7\u00e3o crescente \u00e0 atua\u00e7\u00e3o da imprensa nos \u00faltimos eventos pol\u00edticos, principalmente a Rede Globo, que teve papel decisivo no processo que culminou com a queda da presidente Dilma Rousseff e mant\u00e9m uma cobertura hostil ao ex-presidente Lula.<br \/>\nUm estudo do soci\u00f3logo e cientista pol\u00edtico Jo\u00e3o Feres Junior divulgado ontem esquentou ainda mais os \u00e2nimos. Feres Junior analisou as transmiss\u00f5es do Jornal Nacional da Globo entre dezembro de 2015 e agosto deste ano e concluiu que nesse per\u00edodo o JN divulgou um total de 13 horas de notici\u00e1rio negativo em rela\u00e7\u00e3o a Lula. Foram 185 noticias negativas, 71 neutras e apenas uma favor\u00e1vel ao ex-presidente.<br \/>\n&nbsp;<br \/>\n&nbsp;<\/p>\n","protected":false},"excerpt":{"rendered":"<p>A pris\u00e3o do ex-governador S\u00e9rgio Cabral na manh\u00e3 desta quinta-feira, 17, torna explosiva a situa\u00e7\u00e3o no Rio de Janeiro, onde o governo do Estado enfrenta desde ontem manifesta\u00e7\u00f5es violentas contra um pacote de medidas impopulares em vota\u00e7\u00e3o na Assembl\u00e9ia Legislativa. A Pol\u00edcia Federal bateu na casa de Cabral \u00e0s 6h da manh\u00e3, com dois mandatos [&hellip;]<\/p>\n","protected":false},"author":4,"featured_media":41370,"comment_status":"open","ping_status":"closed","sticky":false,"template":"","format":"standard","meta":{"_jetpack_memberships_contains_paid_content":false,"footnotes":""},"categories":[26],"tags":[],"class_list":["post-41368","post","type-post","status-publish","format-standard","has-post-thumbnail","hentry","category-geral"],"aioseo_notices":[],"jetpack_featured_media_url":"","jetpack_sharing_enabled":true,"jetpack-related-posts":[{"id":1280,"url":"https:\/\/www.jornalja.com.br\/arquivo\/o-menino-que-se-tornou-brizola\/","url_meta":{"origin":41368,"position":0},"title":"O Menino que se Tornou Brizola","author":"da Reda\u00e7\u00e3o","date":"28 de julho de 2008","format":false,"excerpt":"Autor: Cleber Dioni A vida de Leonel Brizola, com \u00eanfase para os primeiros anos em Porto Alegre, at\u00e9 o ex\u00edlio no Uruguai e a volta, quinze anos depois. \u00a0\"...\u00c9ramos todos jovens e nos identific\u00e1vamos com aquela massa an\u00f4nima a percorrer as ruas de Porto Alegre, gritando 'Get\u00falio', 'Get\u00falio' e empunhando\u2026","rel":"","context":"Em &quot;Livros&quot;","block_context":{"text":"Livros","link":"https:\/\/www.jornalja.com.br\/arquivo\/category\/livros\/"},"img":{"alt_text":"","src":"https:\/\/i0.wp.com\/www.jornalja.com.br\/wp-content\/uploads\/2008\/07\/brizola.gif?resize=350%2C200&ssl=1","width":350,"height":200},"classes":[]}],"jetpack_shortlink":"https:\/\/wp.me\/pbQjBd-aLe","_links":{"self":[{"href":"https:\/\/www.jornalja.com.br\/arquivo\/wp-json\/wp\/v2\/posts\/41368","targetHints":{"allow":["GET"]}}],"collection":[{"href":"https:\/\/www.jornalja.com.br\/arquivo\/wp-json\/wp\/v2\/posts"}],"about":[{"href":"https:\/\/www.jornalja.com.br\/arquivo\/wp-json\/wp\/v2\/types\/post"}],"author":[{"embeddable":true,"href":"https:\/\/www.jornalja.com.br\/arquivo\/wp-json\/wp\/v2\/users\/4"}],"replies":[{"embeddable":true,"href":"https:\/\/www.jornalja.com.br\/arquivo\/wp-json\/wp\/v2\/comments?post=41368"}],"version-history":[{"count":0,"href":"https:\/\/www.jornalja.com.br\/arquivo\/wp-json\/wp\/v2\/posts\/41368\/revisions"}],"wp:featuredmedia":[{"embeddable":true,"href":"https:\/\/www.jornalja.com.br\/arquivo\/wp-json\/"}],"wp:attachment":[{"href":"https:\/\/www.jornalja.com.br\/arquivo\/wp-json\/wp\/v2\/media?parent=41368"}],"wp:term":[{"taxonomy":"category","embeddable":true,"href":"https:\/\/www.jornalja.com.br\/arquivo\/wp-json\/wp\/v2\/categories?post=41368"},{"taxonomy":"post_tag","embeddable":true,"href":"https:\/\/www.jornalja.com.br\/arquivo\/wp-json\/wp\/v2\/tags?post=41368"}],"curies":[{"name":"wp","href":"https:\/\/api.w.org\/{rel}","templated":true}]}}