{"id":41375,"date":"2016-11-17T09:32:57","date_gmt":"2016-11-17T12:32:57","guid":{"rendered":"https:\/\/www.jornalja.com.br\/?p=41375"},"modified":"2016-11-17T09:32:57","modified_gmt":"2016-11-17T12:32:57","slug":"frente-daucha-em-defesa-do-sistema-unico-de-assistencia-social","status":"publish","type":"post","link":"https:\/\/www.jornalja.com.br\/arquivo\/frente-daucha-em-defesa-do-sistema-unico-de-assistencia-social\/","title":{"rendered":"Frente Ga\u00facha em Defesa do Sistema \u00danico de Assist\u00eancia Social"},"content":{"rendered":"<div class=\"_3058 _ui9 _hh7 _s1- _52mr _3oh-\"><span class=\"_3oh- _58nk\">Profissionais da Assist\u00eancia Social reunem-se hoje, a partir das 17h30, para articular a Frente Ga\u00facha em Defesa do SUAS (Sistema \u00danico de Assist\u00eancia Social) e da Seguridade Social. A reuni\u00e3o ser\u00e1 no Simpa, o sindicato dos municip\u00e1rios, na rua Jo\u00e3o Alfredo, 61, bairro Cidade Baixa, aberta ao p\u00fablico interessado em direitos humanos e pol\u00edticas sociais.\u00a0<\/span><\/div>\n<div class=\"_3058 _ui9 _hh7 _s1- _52mr _3oh-\"><span class=\"_3oh- _58nk\"><br \/>\nEstamos diante de muitos ataques aos direitos de trabalhadoras e trabalhadores, usu\u00e1rias e usu\u00e1rios do SUAS, al\u00e9m de ataques \u00e0 Previd\u00eancia e \u00e0 Seguridade Social como um todo. Al\u00e9m do desrespeito a pactua\u00e7\u00f5es e delibera\u00e7\u00f5es de confer\u00eancias, estamos enfrentando, especificamente no \u00e2mbito da Assist\u00eancia Social, pelo menos tr\u00eas grandes ataques:<br \/>\n&#8211; PEC 55 (ex-PEC 241): Segundo estudo t\u00e9cnico do<span class=\"text_exposed_show\"> IPEA, apenas a pol\u00edtica de Assist\u00eancia Social ter\u00e1 perda acumulada de quase 200 bilh\u00f5es at\u00e9 2026 e de 868 bilh\u00f5es at\u00e9 2036 (tempo de validade da PEC, se for aprovada no Senado);<br \/>\n&#8211; Programa Crian\u00e7a Feliz: este programa j\u00e1 est\u00e1 previsto no or\u00e7amento da Assist\u00eancia Social. A Frente avalia que se trata de um retrocesso, &#8220;pois reintroduz a desarticula\u00e7\u00e3o entre servi\u00e7os, precariza v\u00ednculos de trabalho, refor\u00e7a o primeiro-damismo e ainda ilude a popula\u00e7\u00e3o, como se isso fosse alterar o quadro de pobreza no pa\u00eds&#8221;;<br \/>\n&#8211; BPC (Benef\u00edcio de Presta\u00e7\u00e3o Continuada): o BPC sofreu altera\u00e7\u00f5es em sua regulamenta\u00e7\u00e3o sem debate e sem amplia\u00e7\u00e3o de recursos para que a Prote\u00e7\u00e3o Social B\u00e1sica nos munic\u00edpios possam atender \u00e0s demandas.\u00a0<\/span><\/span><\/div>\n<div class=\"_3058 _ui9 _hh7 _s1- _52mr _3oh-\"><span class=\"_3oh- _58nk\"><br \/>\n<a href=\"http:\/\/www.facebook.com\/events\/327339020971871\/?__mref=message_bubble\" target=\"_blank\" rel=\"noopener noreferrer\">http:\/\/www.facebook.com\/events\/327339020971871\/?ti=cl<\/a><\/span><\/div>\n<div class=\"_3058 _15gf\">\n<div class=\"_52mr _2poz _ui9\">\n<div class=\" _52mr _5i_d\"><a class=\"_5rw4\" href=\"http:\/\/www.facebook.com\/events\/327339020971871\/?object_id=327339020971871&amp;event_action_source=48\" target=\"_blank\" rel=\"noopener noreferrer\"><img loading=\"lazy\" decoding=\"async\" class=\"_1shx img\" src=\"http:\/\/scontent.fcwb1-1.fna.fbcdn.net\/v\/t1.0-0\/c0.150.800.301\/p600x600\/15055846_572895856239234_5694093333307520487_n.jpg?oh=4400c4371e54f89793e67368612db4ca&amp;oe=58C2EF71\" alt=\"\" width=\"700\" height=\"264\" \/><\/a><\/p>\n<div class=\" _2ph_\">\n<table class=\"uiGrid _51mz\" cellspacing=\"0\" cellpadding=\"0\">\n<tbody>\n<tr class=\"_51mx\">\n<td class=\"_2pij _51m- vMid\">\n<div><a class=\"_5rw4\" href=\"http:\/\/www.facebook.com\/events\/327339020971871\/?object_id=327339020971871&amp;event_action_source=48\" target=\"_blank\" rel=\"noopener noreferrer\">Frente Ga\u00facha em Defesa do SUAS e da Seguridade Social<\/a><\/div>\n<div class=\"_54aq\"><\/div>\n<\/td>\n<\/tr>\n<\/tbody>\n<\/table>\n<\/div>\n<\/div>\n<\/div>\n<\/div>\n","protected":false},"excerpt":{"rendered":"<p>Profissionais da Assist\u00eancia Social reunem-se hoje, a partir das 17h30, para articular a Frente Ga\u00facha em Defesa do SUAS (Sistema \u00danico de Assist\u00eancia Social) e da Seguridade Social. A reuni\u00e3o ser\u00e1 no Simpa, o sindicato dos municip\u00e1rios, na rua Jo\u00e3o Alfredo, 61, bairro Cidade Baixa, aberta ao p\u00fablico interessado em direitos humanos e pol\u00edticas sociais.\u00a0 [&hellip;]<\/p>\n","protected":false},"author":4,"featured_media":0,"comment_status":"open","ping_status":"closed","sticky":false,"template":"","format":"standard","meta":{"_jetpack_newsletter_access":"","_jetpack_dont_email_post_to_subs":false,"_jetpack_newsletter_tier_id":0,"_jetpack_memberships_contains_paywalled_content":false,"_jetpack_feature_clip_id":0,"_jetpack_memberships_contains_paid_content":false,"footnotes":"","jetpack_post_was_ever_published":false},"categories":[2022],"tags":[],"class_list":["post-41375","post","type-post","status-publish","format-standard","hentry","category-notas"],"aioseo_notices":[],"aioseo_head":"\n\t\t<!-- All in One SEO 5.0.1.1 - aioseo.com -->\n\t<meta name=\"robots\" content=\"max-image-preview:large\" \/>\n\t<meta name=\"author\" content=\"da Reda\u00e7\u00e3o\"\/>\n\t<link rel=\"canonical\" href=\"https:\/\/www.jornalja.com.br\/arquivo\/frente-daucha-em-defesa-do-sistema-unico-de-assistencia-social\/\" \/>\n\t<meta name=\"generator\" content=\"All in One SEO (AIOSEO) 5.0.1.1\" \/>\n\t\t<meta property=\"og:locale\" content=\"pt_BR\" \/>\n\t\t<meta property=\"og:site_name\" content=\"Arquivo | Jornal J\u00c1 | Porto Alegre\" \/>\n\t\t<meta property=\"og:type\" content=\"article\" \/>\n\t\t<meta property=\"og:title\" content=\"Frente Ga\u00facha em Defesa do Sistema \u00danico de Assist\u00eancia Social | Arquivo\" \/>\n\t\t<meta property=\"og:url\" content=\"https:\/\/www.jornalja.com.br\/arquivo\/frente-daucha-em-defesa-do-sistema-unico-de-assistencia-social\/\" \/>\n\t\t<meta property=\"og:image\" content=\"https:\/\/scontent.fcwb1-1.fna.fbcdn.net\/v\/t1.0-0\/c0.150.800.301\/p600x600\/15055846_572895856239234_5694093333307520487_n.jpg?oh=4400c4371e54f89793e67368612db4ca&#038;oe=58C2EF71\" \/>\n\t\t<meta property=\"og:image:secure_url\" content=\"https:\/\/scontent.fcwb1-1.fna.fbcdn.net\/v\/t1.0-0\/c0.150.800.301\/p600x600\/15055846_572895856239234_5694093333307520487_n.jpg?oh=4400c4371e54f89793e67368612db4ca&#038;oe=58C2EF71\" \/>\n\t\t<meta property=\"article:published_time\" content=\"2016-11-17T12:32:57+00:00\" \/>\n\t\t<meta property=\"article:modified_time\" content=\"2016-11-17T12:32:57+00:00\" \/>\n\t\t<meta name=\"twitter:card\" content=\"summary\" \/>\n\t\t<meta name=\"twitter:title\" content=\"Frente Ga\u00facha em Defesa do Sistema \u00danico de Assist\u00eancia Social | Arquivo\" \/>\n\t\t<meta name=\"twitter:image\" content=\"https:\/\/www.jornalja.com.br\/economics\/wp-content\/uploads\/sites\/11\/2026\/08\/ja-folhaderosto-facebook.jpg\" \/>\n\t\t<script type=\"application\/ld+json\" class=\"aioseo-schema\">\n\t\t\t{\"@context\":\"https:\\\/\\\/schema.org\",\"@graph\":[{\"@type\":\"BlogPosting\",\"@id\":\"https:\\\/\\\/www.jornalja.com.br\\\/arquivo\\\/frente-daucha-em-defesa-do-sistema-unico-de-assistencia-social\\\/#blogposting\",\"name\":\"Frente Ga\\u00facha em Defesa do Sistema \\u00danico de Assist\\u00eancia Social | Arquivo\",\"headline\":\"Frente Ga\\u00facha em Defesa do Sistema \\u00danico de Assist\\u00eancia Social\",\"author\":{\"@id\":\"https:\\\/\\\/www.jornalja.com.br\\\/arquivo\\\/author\\\/daredacao\\\/#author\"},\"publisher\":{\"@id\":\"https:\\\/\\\/www.jornalja.com.br\\\/arquivo\\\/#organization\"},\"image\":{\"@type\":\"ImageObject\",\"url\":\"http:\\\/\\\/scontent.fcwb1-1.fna.fbcdn.net\\\/v\\\/t1.0-0\\\/c0.150.800.301\\\/p600x600\\\/15055846_572895856239234_5694093333307520487_n.jpg?oh=4400c4371e54f89793e67368612db4ca&amp;oe=58C2EF71\",\"@id\":\"https:\\\/\\\/www.jornalja.com.br\\\/arquivo\\\/frente-daucha-em-defesa-do-sistema-unico-de-assistencia-social\\\/#articleImage\"},\"datePublished\":\"2016-11-17T09:32:57-02:00\",\"dateModified\":\"2016-11-17T09:32:57-02:00\",\"inLanguage\":\"pt-BR\",\"mainEntityOfPage\":{\"@id\":\"https:\\\/\\\/www.jornalja.com.br\\\/arquivo\\\/frente-daucha-em-defesa-do-sistema-unico-de-assistencia-social\\\/#webpage\"},\"isPartOf\":{\"@id\":\"https:\\\/\\\/www.jornalja.com.br\\\/arquivo\\\/frente-daucha-em-defesa-do-sistema-unico-de-assistencia-social\\\/#webpage\"},\"articleSection\":\"NOTAS\"},{\"@type\":\"BreadcrumbList\",\"@id\":\"https:\\\/\\\/www.jornalja.com.br\\\/arquivo\\\/frente-daucha-em-defesa-do-sistema-unico-de-assistencia-social\\\/#breadcrumblist\",\"itemListElement\":[{\"@type\":\"ListItem\",\"@id\":\"https:\\\/\\\/www.jornalja.com.br\\\/arquivo#listItem\",\"position\":1,\"name\":\"Home\",\"item\":\"https:\\\/\\\/www.jornalja.com.br\\\/arquivo\",\"nextItem\":{\"@type\":\"ListItem\",\"@id\":\"https:\\\/\\\/www.jornalja.com.br\\\/arquivo\\\/category\\\/notas\\\/#listItem\",\"name\":\"NOTAS\"}},{\"@type\":\"ListItem\",\"@id\":\"https:\\\/\\\/www.jornalja.com.br\\\/arquivo\\\/category\\\/notas\\\/#listItem\",\"position\":2,\"name\":\"NOTAS\",\"item\":\"https:\\\/\\\/www.jornalja.com.br\\\/arquivo\\\/category\\\/notas\\\/\",\"nextItem\":{\"@type\":\"ListItem\",\"@id\":\"https:\\\/\\\/www.jornalja.com.br\\\/arquivo\\\/frente-daucha-em-defesa-do-sistema-unico-de-assistencia-social\\\/#listItem\",\"name\":\"Frente Ga\\u00facha em Defesa do Sistema \\u00danico de Assist\\u00eancia Social\"},\"previousItem\":{\"@type\":\"ListItem\",\"@id\":\"https:\\\/\\\/www.jornalja.com.br\\\/arquivo#listItem\",\"name\":\"Home\"}},{\"@type\":\"ListItem\",\"@id\":\"https:\\\/\\\/www.jornalja.com.br\\\/arquivo\\\/frente-daucha-em-defesa-do-sistema-unico-de-assistencia-social\\\/#listItem\",\"position\":3,\"name\":\"Frente Ga\\u00facha em Defesa do Sistema \\u00danico de Assist\\u00eancia Social\",\"previousItem\":{\"@type\":\"ListItem\",\"@id\":\"https:\\\/\\\/www.jornalja.com.br\\\/arquivo\\\/category\\\/notas\\\/#listItem\",\"name\":\"NOTAS\"}}]},{\"@type\":\"Organization\",\"@id\":\"https:\\\/\\\/www.jornalja.com.br\\\/arquivo\\\/#organization\",\"name\":\"Jornal J\\u00c1\",\"description\":\"Jornal J\\u00c1 | Porto Alegre\",\"url\":\"https:\\\/\\\/www.jornalja.com.br\\\/arquivo\\\/\",\"telephone\":\"+555133307272\",\"logo\":{\"@type\":\"ImageObject\",\"url\":\"https:\\\/\\\/www.jornalja.com.br\\\/wp-content\\\/uploads\\\/cards\\\/JAslogan.png\",\"@id\":\"https:\\\/\\\/www.jornalja.com.br\\\/arquivo\\\/frente-daucha-em-defesa-do-sistema-unico-de-assistencia-social\\\/#organizationLogo\"},\"image\":{\"@id\":\"https:\\\/\\\/www.jornalja.com.br\\\/arquivo\\\/frente-daucha-em-defesa-do-sistema-unico-de-assistencia-social\\\/#organizationLogo\"}},{\"@type\":\"Person\",\"@id\":\"https:\\\/\\\/www.jornalja.com.br\\\/arquivo\\\/author\\\/daredacao\\\/#author\",\"url\":\"https:\\\/\\\/www.jornalja.com.br\\\/arquivo\\\/author\\\/daredacao\\\/\",\"name\":\"da Reda\\u00e7\\u00e3o\",\"image\":{\"@type\":\"ImageObject\",\"@id\":\"https:\\\/\\\/www.jornalja.com.br\\\/arquivo\\\/frente-daucha-em-defesa-do-sistema-unico-de-assistencia-social\\\/#authorImage\",\"url\":\"https:\\\/\\\/secure.gravatar.com\\\/avatar\\\/469fd857d6605ad19919d27ed29d35a968a25f6e8fd9318356bbb7f57aae9c65?s=96&d=mm&r=g\",\"width\":96,\"height\":96,\"caption\":\"da Reda\\u00e7\\u00e3o\"}},{\"@type\":\"WebPage\",\"@id\":\"https:\\\/\\\/www.jornalja.com.br\\\/arquivo\\\/frente-daucha-em-defesa-do-sistema-unico-de-assistencia-social\\\/#webpage\",\"url\":\"https:\\\/\\\/www.jornalja.com.br\\\/arquivo\\\/frente-daucha-em-defesa-do-sistema-unico-de-assistencia-social\\\/\",\"name\":\"Frente Ga\\u00facha em Defesa do Sistema \\u00danico de Assist\\u00eancia Social | Arquivo\",\"inLanguage\":\"pt-BR\",\"isPartOf\":{\"@id\":\"https:\\\/\\\/www.jornalja.com.br\\\/arquivo\\\/#website\"},\"breadcrumb\":{\"@id\":\"https:\\\/\\\/www.jornalja.com.br\\\/arquivo\\\/frente-daucha-em-defesa-do-sistema-unico-de-assistencia-social\\\/#breadcrumblist\"},\"author\":{\"@id\":\"https:\\\/\\\/www.jornalja.com.br\\\/arquivo\\\/author\\\/daredacao\\\/#author\"},\"creator\":{\"@id\":\"https:\\\/\\\/www.jornalja.com.br\\\/arquivo\\\/author\\\/daredacao\\\/#author\"},\"datePublished\":\"2016-11-17T09:32:57-02:00\",\"dateModified\":\"2016-11-17T09:32:57-02:00\"},{\"@type\":\"WebSite\",\"@id\":\"https:\\\/\\\/www.jornalja.com.br\\\/arquivo\\\/#website\",\"url\":\"https:\\\/\\\/www.jornalja.com.br\\\/arquivo\\\/\",\"name\":\"Arquivo\",\"description\":\"Jornal J\\u00c1 | Porto Alegre\",\"inLanguage\":\"pt-BR\",\"publisher\":{\"@id\":\"https:\\\/\\\/www.jornalja.com.br\\\/arquivo\\\/#organization\"}}]}\n\t\t<\/script>\n\t\t<!-- All in One SEO -->\n\n","aioseo_head_json":{"title":"Frente Ga\u00facha em Defesa do Sistema \u00danico de Assist\u00eancia Social | Arquivo","description":"","canonical_url":"https:\/\/www.jornalja.com.br\/arquivo\/frente-daucha-em-defesa-do-sistema-unico-de-assistencia-social\/","robots":"max-image-preview:large","keywords":"","webmasterTools":{"miscellaneous":""},"schema":{"@context":"https:\/\/schema.org","@graph":[{"@type":"BlogPosting","@id":"https:\/\/www.jornalja.com.br\/arquivo\/frente-daucha-em-defesa-do-sistema-unico-de-assistencia-social\/#blogposting","name":"Frente Ga\u00facha em Defesa do Sistema \u00danico de Assist\u00eancia Social | Arquivo","headline":"Frente Ga\u00facha em Defesa do Sistema \u00danico de Assist\u00eancia Social","author":{"@id":"https:\/\/www.jornalja.com.br\/arquivo\/author\/daredacao\/#author"},"publisher":{"@id":"https:\/\/www.jornalja.com.br\/arquivo\/#organization"},"image":{"@type":"ImageObject","url":"http:\/\/scontent.fcwb1-1.fna.fbcdn.net\/v\/t1.0-0\/c0.150.800.301\/p600x600\/15055846_572895856239234_5694093333307520487_n.jpg?oh=4400c4371e54f89793e67368612db4ca&amp;oe=58C2EF71","@id":"https:\/\/www.jornalja.com.br\/arquivo\/frente-daucha-em-defesa-do-sistema-unico-de-assistencia-social\/#articleImage"},"datePublished":"2016-11-17T09:32:57-02:00","dateModified":"2016-11-17T09:32:57-02:00","inLanguage":"pt-BR","mainEntityOfPage":{"@id":"https:\/\/www.jornalja.com.br\/arquivo\/frente-daucha-em-defesa-do-sistema-unico-de-assistencia-social\/#webpage"},"isPartOf":{"@id":"https:\/\/www.jornalja.com.br\/arquivo\/frente-daucha-em-defesa-do-sistema-unico-de-assistencia-social\/#webpage"},"articleSection":"NOTAS"},{"@type":"BreadcrumbList","@id":"https:\/\/www.jornalja.com.br\/arquivo\/frente-daucha-em-defesa-do-sistema-unico-de-assistencia-social\/#breadcrumblist","itemListElement":[{"@type":"ListItem","@id":"https:\/\/www.jornalja.com.br\/arquivo#listItem","position":1,"name":"Home","item":"https:\/\/www.jornalja.com.br\/arquivo","nextItem":{"@type":"ListItem","@id":"https:\/\/www.jornalja.com.br\/arquivo\/category\/notas\/#listItem","name":"NOTAS"}},{"@type":"ListItem","@id":"https:\/\/www.jornalja.com.br\/arquivo\/category\/notas\/#listItem","position":2,"name":"NOTAS","item":"https:\/\/www.jornalja.com.br\/arquivo\/category\/notas\/","nextItem":{"@type":"ListItem","@id":"https:\/\/www.jornalja.com.br\/arquivo\/frente-daucha-em-defesa-do-sistema-unico-de-assistencia-social\/#listItem","name":"Frente Ga\u00facha em Defesa do Sistema \u00danico de Assist\u00eancia Social"},"previousItem":{"@type":"ListItem","@id":"https:\/\/www.jornalja.com.br\/arquivo#listItem","name":"Home"}},{"@type":"ListItem","@id":"https:\/\/www.jornalja.com.br\/arquivo\/frente-daucha-em-defesa-do-sistema-unico-de-assistencia-social\/#listItem","position":3,"name":"Frente Ga\u00facha em Defesa do Sistema \u00danico de Assist\u00eancia Social","previousItem":{"@type":"ListItem","@id":"https:\/\/www.jornalja.com.br\/arquivo\/category\/notas\/#listItem","name":"NOTAS"}}]},{"@type":"Organization","@id":"https:\/\/www.jornalja.com.br\/arquivo\/#organization","name":"Jornal J\u00c1","description":"Jornal J\u00c1 | Porto Alegre","url":"https:\/\/www.jornalja.com.br\/arquivo\/","telephone":"+555133307272","logo":{"@type":"ImageObject","url":"https:\/\/www.jornalja.com.br\/wp-content\/uploads\/cards\/JAslogan.png","@id":"https:\/\/www.jornalja.com.br\/arquivo\/frente-daucha-em-defesa-do-sistema-unico-de-assistencia-social\/#organizationLogo"},"image":{"@id":"https:\/\/www.jornalja.com.br\/arquivo\/frente-daucha-em-defesa-do-sistema-unico-de-assistencia-social\/#organizationLogo"}},{"@type":"Person","@id":"https:\/\/www.jornalja.com.br\/arquivo\/author\/daredacao\/#author","url":"https:\/\/www.jornalja.com.br\/arquivo\/author\/daredacao\/","name":"da Reda\u00e7\u00e3o","image":{"@type":"ImageObject","@id":"https:\/\/www.jornalja.com.br\/arquivo\/frente-daucha-em-defesa-do-sistema-unico-de-assistencia-social\/#authorImage","url":"https:\/\/secure.gravatar.com\/avatar\/469fd857d6605ad19919d27ed29d35a968a25f6e8fd9318356bbb7f57aae9c65?s=96&d=mm&r=g","width":96,"height":96,"caption":"da Reda\u00e7\u00e3o"}},{"@type":"WebPage","@id":"https:\/\/www.jornalja.com.br\/arquivo\/frente-daucha-em-defesa-do-sistema-unico-de-assistencia-social\/#webpage","url":"https:\/\/www.jornalja.com.br\/arquivo\/frente-daucha-em-defesa-do-sistema-unico-de-assistencia-social\/","name":"Frente Ga\u00facha em Defesa do Sistema \u00danico de Assist\u00eancia Social | Arquivo","inLanguage":"pt-BR","isPartOf":{"@id":"https:\/\/www.jornalja.com.br\/arquivo\/#website"},"breadcrumb":{"@id":"https:\/\/www.jornalja.com.br\/arquivo\/frente-daucha-em-defesa-do-sistema-unico-de-assistencia-social\/#breadcrumblist"},"author":{"@id":"https:\/\/www.jornalja.com.br\/arquivo\/author\/daredacao\/#author"},"creator":{"@id":"https:\/\/www.jornalja.com.br\/arquivo\/author\/daredacao\/#author"},"datePublished":"2016-11-17T09:32:57-02:00","dateModified":"2016-11-17T09:32:57-02:00"},{"@type":"WebSite","@id":"https:\/\/www.jornalja.com.br\/arquivo\/#website","url":"https:\/\/www.jornalja.com.br\/arquivo\/","name":"Arquivo","description":"Jornal J\u00c1 | Porto Alegre","inLanguage":"pt-BR","publisher":{"@id":"https:\/\/www.jornalja.com.br\/arquivo\/#organization"}}]},"og:locale":"pt_BR","og:site_name":"Arquivo | Jornal J\u00c1 | Porto Alegre","og:type":"article","og:title":"Frente Ga\u00facha em Defesa do Sistema \u00danico de Assist\u00eancia Social | Arquivo","og:url":"https:\/\/www.jornalja.com.br\/arquivo\/frente-daucha-em-defesa-do-sistema-unico-de-assistencia-social\/","og:image":"https:\/\/scontent.fcwb1-1.fna.fbcdn.net\/v\/t1.0-0\/c0.150.800.301\/p600x600\/15055846_572895856239234_5694093333307520487_n.jpg?oh=4400c4371e54f89793e67368612db4ca&#038;oe=58C2EF71","og:image:secure_url":"https:\/\/scontent.fcwb1-1.fna.fbcdn.net\/v\/t1.0-0\/c0.150.800.301\/p600x600\/15055846_572895856239234_5694093333307520487_n.jpg?oh=4400c4371e54f89793e67368612db4ca&#038;oe=58C2EF71","article:published_time":"2016-11-17T12:32:57+00:00","article:modified_time":"2016-11-17T12:32:57+00:00","twitter:card":"summary","twitter:title":"Frente Ga\u00facha em Defesa do Sistema \u00danico de Assist\u00eancia Social | Arquivo","twitter:image":"https:\/\/www.jornalja.com.br\/economics\/wp-content\/uploads\/sites\/11\/2026\/08\/ja-folhaderosto-facebook.jpg"},"aioseo_meta_data":{"post_id":"41375","title":null,"description":null,"keywords":null,"keyphrases":null,"primary_term":null,"canonical_url":null,"og_title":null,"og_description":null,"og_object_type":"default","og_image_type":"default","og_image_url":null,"og_image_width":null,"og_image_height":null,"og_image_custom_url":null,"og_image_custom_fields":null,"og_video":null,"og_custom_url":null,"og_article_section":null,"og_article_tags":null,"twitter_use_og":false,"twitter_card":"default","twitter_image_type":"default","twitter_image_url":null,"twitter_image_custom_url":null,"twitter_image_custom_fields":null,"twitter_title":null,"twitter_description":null,"schema":{"blockGraphs":[],"customGraphs":[],"default":{"data":{"Article":[],"Course":[],"Dataset":[],"FAQPage":[],"Movie":[],"Person":[],"Product":[],"ProductReview":[],"Car":[],"Recipe":[],"Service":[],"SoftwareApplication":[],"WebPage":[]},"graphName":"","isEnabled":true},"graphs":[],"defaultGraph":"","defaultPostTypeGraph":""},"schema_type":null,"schema_type_options":null,"pillar_content":false,"robots_default":true,"robots_noindex":false,"robots_noarchive":false,"robots_nosnippet":false,"robots_nofollow":false,"robots_noimageindex":false,"robots_noodp":false,"robots_notranslate":false,"robots_max_snippet":null,"robots_max_videopreview":null,"robots_max_imagepreview":"large","priority":null,"frequency":null,"location":null,"local_seo":null,"breadcrumb_settings":null,"limit_modified_date":false,"ai":null,"created":"2020-12-20 20:44:55","updated":"2025-07-19 18:13:25","seo_analyzer_scan_date":null,"focus_keyword":null,"additional_keywords":null,"truseo_locale":null},"jetpack_sharing_enabled":true,"jetpack-related-posts":[{"id":13124,"url":"https:\/\/www.jornalja.com.br\/arquivo\/sangue-latino-no-iecine\/","url_meta":{"origin":41375,"position":0},"title":"Sangue latino no IECINE","author":"da Reda\u00e7\u00e3o","date":"18 de maio de 2014","format":false,"excerpt":"Francisco Ribeiro O Instituto Estadual de Cinema (IECINE) tem a frente, desde abril \u00faltimo, um novo diretor, o cineasta colombiano Juan Zapata, 36, que substitui Luiz Alberto Cassol. Radicado h\u00e1 dez anos em Porto Alegre, Zapata tem diante de si o desafio de conduzir at\u00e9 o final do ano um\u2026","rel":"","context":"Em &quot;Cultura-Geral&quot;","block_context":{"text":"Cultura-Geral","link":"https:\/\/www.jornalja.com.br\/arquivo\/category\/materiasecundaria\/"},"img":{"alt_text":"","src":"","width":0,"height":0},"classes":[]},{"id":5440,"url":"https:\/\/www.jornalja.com.br\/arquivo\/casarao-da-venancio-destino-permanece-incerto\/","url_meta":{"origin":41375,"position":1},"title":"Estado ainda n\u00e3o sabe o que fazer com casar\u00e3o abandonado h\u00e1 20 anos","author":"Elmar Bones","date":"6 de julho de 2009","format":false,"excerpt":"O casar\u00e3o amarelo, numa esquina nobre de Porto Alegre (Ven\u00e2ncio Aires com Jo\u00e3o Pessoa), j\u00e1 abrigou uma escola. H\u00e1 duas d\u00e9cadas, pelo menos, est\u00e1 abandonado, porque seu propriet\u00e1rio, o governo do Estado do Rio Grande do Sul, n\u00e3o consegue achar um destino para ele. Planos n\u00e3o faltaram. O governador Ol\u00edvio\u2026","rel":"","context":"Em &quot;X.Categorias velhas&quot;","block_context":{"text":"X.Categorias velhas","link":"https:\/\/www.jornalja.com.br\/arquivo\/category\/x-categorias-velhas\/"},"img":{"alt_text":"geraldo1","src":"https:\/\/i0.wp.com\/www.jornalja.com.br\/wp-content\/uploads\/2009\/07\/geraldo1.jpg?resize=350%2C200&ssl=1","width":350,"height":200},"classes":[]},{"id":13109,"url":"https:\/\/www.jornalja.com.br\/arquivo\/judiciario-reconhece-poluicao-eletromagnetica\/","url_meta":{"origin":41375,"position":2},"title":"Judici\u00e1rio reconhece polui\u00e7\u00e3o eletromagn\u00e9tica","author":"Patr\u00edcia Marini","date":"16 de maio de 2014","format":false,"excerpt":"A\u00e7\u00e3o de duas associa\u00e7\u00f5es de moradores foi acolhida pelo Tribunal de Justi\u00e7a de S\u00e3o Paulo que. em decis\u00e3o in\u00e9dita, determinou a redu\u00e7\u00e3o do campo eletromagn\u00e9tico gerado pelas linhas de transmiss\u00e3o de energia que cortam os bairros City Boa\u00e7ava e Alto de Pinheiros. \u00c9 a primeira vez que um tribunal do\u2026","rel":"","context":"Em &quot;X.Categorias velhas&quot;","block_context":{"text":"X.Categorias velhas","link":"https:\/\/www.jornalja.com.br\/arquivo\/category\/x-categorias-velhas\/"},"img":{"alt_text":"","src":"","width":0,"height":0},"classes":[]},{"id":14241,"url":"https:\/\/www.jornalja.com.br\/arquivo\/o-guaiba-nas-imagens-poeticas-de-achutti\/","url_meta":{"origin":41375,"position":3},"title":"O Gua\u00edba nas imagens po\u00e9ticas de Achutti","author":"da Reda\u00e7\u00e3o","date":"18 de junho de 2014","format":false,"excerpt":"Em \u201cO Gua\u00edba por Achutti\u201d \u2013 obra financiada via Minist\u00e9rio da Cultura, produ\u00e7\u00e3o executiva de Pedro Longhi, e Fl\u00e1vio Wild como designer \u2013, o fot\u00f3grafo revela a beleza e as mazelas de um espa\u00e7o aqu\u00e1tico de \u00e1guas sempre renovadas, cheio de hist\u00f3rias e lendas como as das cidades que foram\u2026","rel":"","context":"Em &quot;Cultura-Geral&quot;","block_context":{"text":"Cultura-Geral","link":"https:\/\/www.jornalja.com.br\/arquivo\/category\/materiasecundaria\/"},"img":{"alt_text":"","src":"","width":0,"height":0},"classes":[]},{"id":13240,"url":"https:\/\/www.jornalja.com.br\/arquivo\/plano-diretor-estamos-construindo-o-caos\/","url_meta":{"origin":41375,"position":4},"title":"Plano diretor: &quot;Estamos construindo o caos&quot;","author":"Patr\u00edcia Marini","date":"26 de maio de 2014","format":false,"excerpt":"Desabafo que arquiteta Eliana Castilhos, delegada da Regi\u00e3o de Planejamento 1, postou nas redes sociais \u00e9 um testemunho do ambiente que se criou no Conselho do Plano Diretor de Porto Alegre, onde a aprova\u00e7\u00e3o de grandes empreendimentos \u00e9 empurrada guela abaixo dos conselheiros. Ao CMDUA Como delegada da Regi\u00e3o de\u2026","rel":"","context":"Em &quot;Geral&quot;","block_context":{"text":"Geral","link":"https:\/\/www.jornalja.com.br\/arquivo\/category\/geral\/"},"img":{"alt_text":"","src":"","width":0,"height":0},"classes":[]}],"jetpack_shortlink":"https:\/\/wp.me\/pbQjBd-aLl","jetpack_featured_media_url":"","_links":{"self":[{"href":"https:\/\/www.jornalja.com.br\/arquivo\/wp-json\/wp\/v2\/posts\/41375","targetHints":{"allow":["GET"]}}],"collection":[{"href":"https:\/\/www.jornalja.com.br\/arquivo\/wp-json\/wp\/v2\/posts"}],"about":[{"href":"https:\/\/www.jornalja.com.br\/arquivo\/wp-json\/wp\/v2\/types\/post"}],"author":[{"embeddable":true,"href":"https:\/\/www.jornalja.com.br\/arquivo\/wp-json\/wp\/v2\/users\/4"}],"replies":[{"embeddable":true,"href":"https:\/\/www.jornalja.com.br\/arquivo\/wp-json\/wp\/v2\/comments?post=41375"}],"version-history":[{"count":0,"href":"https:\/\/www.jornalja.com.br\/arquivo\/wp-json\/wp\/v2\/posts\/41375\/revisions"}],"wp:attachment":[{"href":"https:\/\/www.jornalja.com.br\/arquivo\/wp-json\/wp\/v2\/media?parent=41375"}],"wp:term":[{"taxonomy":"category","embeddable":true,"href":"https:\/\/www.jornalja.com.br\/arquivo\/wp-json\/wp\/v2\/categories?post=41375"},{"taxonomy":"post_tag","embeddable":true,"href":"https:\/\/www.jornalja.com.br\/arquivo\/wp-json\/wp\/v2\/tags?post=41375"}],"curies":[{"name":"wp","href":"https:\/\/api.w.org\/{rel}","templated":true}]}}