{"id":41382,"date":"2016-11-17T14:54:41","date_gmt":"2016-11-17T17:54:41","guid":{"rendered":"https:\/\/www.jornalja.com.br\/?p=41382"},"modified":"2016-11-17T14:54:41","modified_gmt":"2016-11-17T17:54:41","slug":"apos-decisao-judicial-reitoria-convoca-estudantes-para-discutir-desocupacao-da-ufrgs","status":"publish","type":"post","link":"https:\/\/www.jornalja.com.br\/arquivo\/apos-decisao-judicial-reitoria-convoca-estudantes-para-discutir-desocupacao-da-ufrgs\/","title":{"rendered":"Ap\u00f3s decis\u00e3o judicial, Reitoria convoca estudantes para discutir desocupa\u00e7\u00e3o da UFRGS"},"content":{"rendered":"<p>Estudantes e Reitoria da Universidade Federal do Rio Grande do Sul se re\u00fanem nesta sexta-feira (17) para discutir a desocupa\u00e7\u00e3o dos pr\u00e9dios da universidade. A reuni\u00e3o foi convocada pelo reitor Rui Vicente Oppermann. Um mandado de seguran\u00e7a, movido por quatro estudantes contr\u00e1rios \u00e0s ocupa\u00e7\u00f5es, foi o que motivou a iniciativa. No documento, o grupo sustenta que \u201cn\u00e3o se viu a tomada de qualquer tipo de medida por parte do dign\u00edssimo Reitor, imediata e inteiramente respons\u00e1vel pelo resguardo do patrim\u00f4nio e atividades desenvolvidas pela UFRGS\u201d.<br \/>\nA Reitoria convidou dois integrantes de cada Unidade ocupada para debater os efeitos do despacho e a desocupa\u00e7\u00e3o das unidades ocupadas. O encontro contar\u00e1 ainda\u00a0com uma comiss\u00e3o composta por quatro diretores, um pr\u00f3-reitor e um t\u00e9cnico em assuntos educacionais. A reuni\u00e3o ser\u00e1 realizada nesta sexta-feira, 18, \u00e0s 10h, no ILEA (Instituto Latino-americano de Estudos Avan\u00e7ados), no Campus do Vale.<br \/>\nNa pr\u00f3xima semana, o reitor deve se manifestar em rela\u00e7\u00e3o\u00a0a a\u00e7\u00e3o movida pelos estudantes. Na noite desta quarta-feira, estudantes ocuparam o pr\u00e9dio do Instituto de Ci\u00eancias B\u00e1sicas da Sa\u00fade (ICBS). S\u00e3o mais de 30 cursos em 19 unidades ocupadas de um total de 28.<\/p>\n","protected":false},"excerpt":{"rendered":"<p>Estudantes e Reitoria da Universidade Federal do Rio Grande do Sul se re\u00fanem nesta sexta-feira (17) para discutir a desocupa\u00e7\u00e3o dos pr\u00e9dios da universidade. A reuni\u00e3o foi convocada pelo reitor Rui Vicente Oppermann. Um mandado de seguran\u00e7a, movido por quatro estudantes contr\u00e1rios \u00e0s ocupa\u00e7\u00f5es, foi o que motivou a iniciativa. No documento, o grupo sustenta [&hellip;]<\/p>\n","protected":false},"author":4,"featured_media":41159,"comment_status":"open","ping_status":"closed","sticky":false,"template":"","format":"standard","meta":{"_jetpack_memberships_contains_paid_content":false,"footnotes":""},"categories":[26],"tags":[],"class_list":["post-41382","post","type-post","status-publish","format-standard","has-post-thumbnail","hentry","category-geral"],"aioseo_notices":[],"jetpack_featured_media_url":"","jetpack_sharing_enabled":true,"jetpack-related-posts":[],"jetpack_shortlink":"https:\/\/wp.me\/pbQjBd-aLs","_links":{"self":[{"href":"https:\/\/www.jornalja.com.br\/arquivo\/wp-json\/wp\/v2\/posts\/41382","targetHints":{"allow":["GET"]}}],"collection":[{"href":"https:\/\/www.jornalja.com.br\/arquivo\/wp-json\/wp\/v2\/posts"}],"about":[{"href":"https:\/\/www.jornalja.com.br\/arquivo\/wp-json\/wp\/v2\/types\/post"}],"author":[{"embeddable":true,"href":"https:\/\/www.jornalja.com.br\/arquivo\/wp-json\/wp\/v2\/users\/4"}],"replies":[{"embeddable":true,"href":"https:\/\/www.jornalja.com.br\/arquivo\/wp-json\/wp\/v2\/comments?post=41382"}],"version-history":[{"count":0,"href":"https:\/\/www.jornalja.com.br\/arquivo\/wp-json\/wp\/v2\/posts\/41382\/revisions"}],"wp:featuredmedia":[{"embeddable":true,"href":"https:\/\/www.jornalja.com.br\/arquivo\/wp-json\/"}],"wp:attachment":[{"href":"https:\/\/www.jornalja.com.br\/arquivo\/wp-json\/wp\/v2\/media?parent=41382"}],"wp:term":[{"taxonomy":"category","embeddable":true,"href":"https:\/\/www.jornalja.com.br\/arquivo\/wp-json\/wp\/v2\/categories?post=41382"},{"taxonomy":"post_tag","embeddable":true,"href":"https:\/\/www.jornalja.com.br\/arquivo\/wp-json\/wp\/v2\/tags?post=41382"}],"curies":[{"name":"wp","href":"https:\/\/api.w.org\/{rel}","templated":true}]}}