{"id":41385,"date":"2016-11-17T14:32:45","date_gmt":"2016-11-17T17:32:45","guid":{"rendered":"https:\/\/www.jornalja.com.br\/?p=41385"},"modified":"2016-11-17T14:32:45","modified_gmt":"2016-11-17T17:32:45","slug":"rua-viva-jeronimo-de-ornelas","status":"publish","type":"post","link":"https:\/\/www.jornalja.com.br\/arquivo\/rua-viva-jeronimo-de-ornelas\/","title":{"rendered":"Rua Viva: Jer\u00f4nimo de Ornelas"},"content":{"rendered":"<p>Ter\u00e7a-feira \u00e9 dia de roda de samba no bar da Tia Vilma. Um dos pontos mais cl\u00e1ssicos do bairro Santana \u00e9 um bar de cal\u00e7ada que re\u00fane velhos moradores do bairro, calouros e veteranos das faculdades do entorno, um p\u00fablico muito fiel. H\u00e1 relatos inclusive de frequentadores carentes que, nos poucos dias em que fica fechado, entre o natal e o ano novo, levam sua pr\u00f3pria cerveja e cadeira de praia para acampar em frente ao bar.<br \/>\n<figure id=\"attachment_41388\" aria-describedby=\"caption-attachment-41388\" style=\"width: 230px\" class=\"wp-caption alignleft\"><img loading=\"lazy\" decoding=\"async\" class=\" wp-image-41388\" src=\"https:\/\/www.jornalja.com.br\/wp-content\/uploads\/2016\/11\/TIA-VILMA.-foto-Dora-Giuliani-200x300.jpg\" alt=\"O Restaurante Tia Vilma \u00e9 um dos pontos mais cl\u00e1ssicos na Jeronimo de Ornelas \/ Dora Giuliani\" width=\"230\" height=\"339\" \/><figcaption id=\"caption-attachment-41388\" class=\"wp-caption-text\">O Restaurante Tia Vilma \u00e9 um dos pontos mais cl\u00e1ssicos na Jeronimo de Ornelas \/ Dora Giuliani\/J\u00c1<\/figcaption><\/figure><br \/>\nA Tia Vilma fica na quadra entre as ruas Santa Teresinha e Jacinto Gomes, onde h\u00e1 maior concentra\u00e7\u00e3o comercial. Ali se avizinham neg\u00f3cios tradicionais, como o restaurante Pampulh\u00e3o, criado h\u00e1 42 anos, e a Casa de Carnes Elite, h\u00e1 33 anos, e neg\u00f3cios novos, como o caf\u00e9 Jer\u00f4nimo, inaugurado em abril deste ano. No trecho, h\u00e1 ainda duas bancas de jornal, farm\u00e1cias, lavanderias, minimercado e lancheria, loja de produtos naturais.<br \/>\nA Jer\u00f4nimo tem ainda duas pra\u00e7as: a Major Joaquim de Queiroz, em frente ao supermercado Asun e ao Col\u00e9gio Luciana de Abreu, e a Dom Paulo I, que foi reformada no ano passado, ganhou pracinha, ilumina\u00e7\u00e3o e bancos novos. E um novo movimento.<br \/>\nO resultado das obras foi satisfat\u00f3rio, mas houve duas reclama\u00e7\u00f5es por parte dos moradores: com a reforma do pergolado, a pracinha perdeu os caracter\u00edsticos bouganvilles, respons\u00e1veis por um belo cen\u00e1rio nas- primaveras e as pedras da cal\u00e7ada, que soltam com frequ\u00eancia.<br \/>\n<figure id=\"attachment_41387\" aria-describedby=\"caption-attachment-41387\" style=\"width: 461px\" class=\"wp-caption alignnone\"><img loading=\"lazy\" decoding=\"async\" class=\"wp-image-41387 \" src=\"https:\/\/www.jornalja.com.br\/wp-content\/uploads\/2016\/11\/Rua-Viva.-Jeronimo.-Caf\u00e9-Jeronimo-J\u00c1-Nuvems-conflicted-copy-2016-11-09.jpg\" alt=\"rua-viva-jeronimo-cafe-jeronimo-ja-nuvems-conflicted-copy-2016-11-09\" width=\"461\" height=\"264\" \/><figcaption id=\"caption-attachment-41387\" class=\"wp-caption-text\">Wagner Rufino e Daiane Stremel, do Jer\u00f4nimo Caf\u00e9: os mais novos da rua \/ Fotos Matheus Chaparini\/J\u00c1<\/figcaption><\/figure><br \/>\n<figure id=\"attachment_41390\" aria-describedby=\"caption-attachment-41390\" style=\"width: 482px\" class=\"wp-caption alignright\"><img loading=\"lazy\" decoding=\"async\" class=\"wp-image-41390 \" src=\"https:\/\/www.jornalja.com.br\/wp-content\/uploads\/2016\/11\/Rua-Viva-Jeronimo.-Pampulh\u00e3o-2.jpg\" alt=\"rua-viva-jeronimo-pampulhao-2\" width=\"482\" height=\"276\" \/><figcaption id=\"caption-attachment-41390\" class=\"wp-caption-text\">Ao centro os propriet\u00e1rios, dois Fernando Marques Pinheiro, pai e filho, nas laterais os dois gar\u00e7ons chamados Jo\u00e3o<\/figcaption><\/figure><br \/>\n<figure id=\"attachment_41386\" aria-describedby=\"caption-attachment-41386\" style=\"width: 725px\" class=\"wp-caption alignnone\"><img loading=\"lazy\" decoding=\"async\" class=\"wp-image-41386 size-full\" src=\"https:\/\/www.jornalja.com.br\/wp-content\/uploads\/2016\/11\/Rua-Viva.-Jeronimo.-A\u00e7ougue-Avenida-2-J\u00c1-Nuvems-conflicted-copy-2016-11-09.jpg\" alt=\"rua-viva-jeronimo-acougue-avenida-2-ja-nuvems-conflicted-copy-2016-11-09\" width=\"725\" height=\"408\" \/><figcaption id=\"caption-attachment-41386\" class=\"wp-caption-text\">Telmo, Geovane e Leandro: a equipe que garante o bom atendimento da Casa de Carnes Elite<\/figcaption><\/figure><br \/>\n<span class=\"intertit\">O dono da sesmaria<\/span><br \/>\nQuase toda a Porto alegre pertenceu a ele. Jer\u00f4nimo de Ornelas Menezes e Vasconcelos foi um dos primeiros sesmeiros estabelecidos no Munic\u00edpio. Nascido em 1691, na Ilha da Madeira, estabeleceu-se em 1732 na regi\u00e3o do morro Santana, no local que ficou conhecido como \u201cS\u00edtio do Dorneles\u201d, corruptela de \u201cde Ornelas\u201d. Em 1740, obteve a concess\u00e3o provis\u00f3ria da sesmaria, confirmada quatro ano depois. A atual \u00e1rea do munic\u00edpio de Porto Alegre era ent\u00e3o dividida entre tr\u00eas sesmeiros: Jer\u00f4nimo de Ornelas, Sebasti\u00e3o Francisco Chaves e Dyonisios Rodrigues Mendes. Cada est\u00e2ncia ocupava cerca de 13 mil hectares.<br \/>\nAs terras de Jer\u00f4nimo iam do arroio Dil\u00favio at\u00e9 o Rio Gravata\u00ed, atual divisa com o munic\u00edpio de Canoas, e da margem do rio Gua\u00edba at\u00e9 o Morro Santana, na zona leste. A \u00e1rea abrangia o n\u00facleo de origem da cidade. A sede ficava localizada no morro Santana, dando nome \u00e0 Est\u00e2ncia de Santa Ana.<br \/>\n<figure id=\"attachment_41392\" aria-describedby=\"caption-attachment-41392\" style=\"width: 206px\" class=\"wp-caption alignleft\"><img loading=\"lazy\" decoding=\"async\" class=\" wp-image-41392\" src=\"https:\/\/www.jornalja.com.br\/wp-content\/uploads\/2016\/11\/jeronimo-de-ornellas-246x300.jpg\" alt=\"Jeronimo de Ornelas foi propriet\u00e1rio da \u00e1rea onde surgiu a vila de Porto Alegre\" width=\"206\" height=\"248\" \/><figcaption id=\"caption-attachment-41392\" class=\"wp-caption-text\">Jeronimo de Ornelas foi propriet\u00e1rio da \u00e1rea onde surgiu a vila de Porto Alegre<\/figcaption><\/figure><br \/>\nNa antiga desembocadura do arroio Dil\u00favio, havia um ancoradouro, conhecido como Porto de Viam\u00e3o, ou Porto do Dorneles. Insatisfeito com a ocupa\u00e7\u00e3o dos casais a\u00e7orianos nesta \u00e1rea, decidiu-se por vender a est\u00e2ncia, em 1763, para In\u00e1cio Francisco. Mudou-se, ent\u00e3o, para a regi\u00e3o de Triunfo, onde morreu em 1771.<\/p>\n","protected":false},"excerpt":{"rendered":"<p>Ter\u00e7a-feira \u00e9 dia de roda de samba no bar da Tia Vilma. Um dos pontos mais cl\u00e1ssicos do bairro Santana \u00e9 um bar de cal\u00e7ada que re\u00fane velhos moradores do bairro, calouros e veteranos das faculdades do entorno, um p\u00fablico muito fiel. H\u00e1 relatos inclusive de frequentadores carentes que, nos poucos dias em que fica [&hellip;]<\/p>\n","protected":false},"author":4,"featured_media":41389,"comment_status":"open","ping_status":"closed","sticky":false,"template":"","format":"standard","meta":{"_jetpack_newsletter_access":"","_jetpack_dont_email_post_to_subs":false,"_jetpack_newsletter_tier_id":0,"_jetpack_memberships_contains_paywalled_content":false,"_jetpack_feature_clip_id":0,"_jetpack_memberships_contains_paid_content":false,"footnotes":"","jetpack_post_was_ever_published":false},"categories":[11],"tags":[],"class_list":["post-41385","post","type-post","status-publish","format-standard","has-post-thumbnail","hentry","category-materiasecundaria"],"aioseo_notices":[],"aioseo_head":"\n\t\t<!-- All in One SEO 5.0.1.1 - aioseo.com -->\n\t<meta name=\"robots\" content=\"max-image-preview:large\" \/>\n\t<meta name=\"author\" content=\"da Reda\u00e7\u00e3o\"\/>\n\t<link rel=\"canonical\" href=\"https:\/\/www.jornalja.com.br\/arquivo\/rua-viva-jeronimo-de-ornelas\/\" \/>\n\t<meta name=\"generator\" content=\"All in One SEO (AIOSEO) 5.0.1.1\" \/>\n\t\t<meta property=\"og:locale\" content=\"pt_BR\" \/>\n\t\t<meta property=\"og:site_name\" content=\"Arquivo | Jornal J\u00c1 | Porto Alegre\" \/>\n\t\t<meta property=\"og:type\" content=\"article\" \/>\n\t\t<meta property=\"og:title\" content=\"Rua Viva: Jer\u00f4nimo de Ornelas | Arquivo\" \/>\n\t\t<meta property=\"og:url\" content=\"https:\/\/www.jornalja.com.br\/arquivo\/rua-viva-jeronimo-de-ornelas\/\" \/>\n\t\t<meta property=\"og:image\" content=\"https:\/\/www.jornalja.com.br\/wp-content\/uploads\/2016\/11\/TIA-VILMA.-foto-Dora-Giuliani-200x300.jpg\" \/>\n\t\t<meta property=\"og:image:secure_url\" content=\"https:\/\/www.jornalja.com.br\/wp-content\/uploads\/2016\/11\/TIA-VILMA.-foto-Dora-Giuliani-200x300.jpg\" \/>\n\t\t<meta property=\"article:published_time\" content=\"2016-11-17T17:32:45+00:00\" \/>\n\t\t<meta property=\"article:modified_time\" content=\"2016-11-17T17:32:45+00:00\" \/>\n\t\t<meta name=\"twitter:card\" content=\"summary\" \/>\n\t\t<meta name=\"twitter:title\" content=\"Rua Viva: Jer\u00f4nimo de Ornelas | Arquivo\" \/>\n\t\t<meta name=\"twitter:image\" content=\"https:\/\/www.jornalja.com.br\/economics\/wp-content\/uploads\/sites\/11\/2026\/08\/ja-folhaderosto-facebook.jpg\" \/>\n\t\t<script type=\"application\/ld+json\" class=\"aioseo-schema\">\n\t\t\t{\"@context\":\"https:\\\/\\\/schema.org\",\"@graph\":[{\"@type\":\"BlogPosting\",\"@id\":\"https:\\\/\\\/www.jornalja.com.br\\\/arquivo\\\/rua-viva-jeronimo-de-ornelas\\\/#blogposting\",\"name\":\"Rua Viva: Jer\\u00f4nimo de Ornelas | Arquivo\",\"headline\":\"Rua Viva: Jer\\u00f4nimo de Ornelas\",\"author\":{\"@id\":\"https:\\\/\\\/www.jornalja.com.br\\\/arquivo\\\/author\\\/daredacao\\\/#author\"},\"publisher\":{\"@id\":\"https:\\\/\\\/www.jornalja.com.br\\\/arquivo\\\/#organization\"},\"image\":{\"@type\":\"ImageObject\",\"url\":41389},\"datePublished\":\"2016-11-17T14:32:45-02:00\",\"dateModified\":\"2016-11-17T14:32:45-02:00\",\"inLanguage\":\"pt-BR\",\"mainEntityOfPage\":{\"@id\":\"https:\\\/\\\/www.jornalja.com.br\\\/arquivo\\\/rua-viva-jeronimo-de-ornelas\\\/#webpage\"},\"isPartOf\":{\"@id\":\"https:\\\/\\\/www.jornalja.com.br\\\/arquivo\\\/rua-viva-jeronimo-de-ornelas\\\/#webpage\"},\"articleSection\":\"Cultura-Geral\"},{\"@type\":\"BreadcrumbList\",\"@id\":\"https:\\\/\\\/www.jornalja.com.br\\\/arquivo\\\/rua-viva-jeronimo-de-ornelas\\\/#breadcrumblist\",\"itemListElement\":[{\"@type\":\"ListItem\",\"@id\":\"https:\\\/\\\/www.jornalja.com.br\\\/arquivo#listItem\",\"position\":1,\"name\":\"Home\",\"item\":\"https:\\\/\\\/www.jornalja.com.br\\\/arquivo\",\"nextItem\":{\"@type\":\"ListItem\",\"@id\":\"https:\\\/\\\/www.jornalja.com.br\\\/arquivo\\\/category\\\/materiasecundaria\\\/#listItem\",\"name\":\"Cultura-Geral\"}},{\"@type\":\"ListItem\",\"@id\":\"https:\\\/\\\/www.jornalja.com.br\\\/arquivo\\\/category\\\/materiasecundaria\\\/#listItem\",\"position\":2,\"name\":\"Cultura-Geral\",\"item\":\"https:\\\/\\\/www.jornalja.com.br\\\/arquivo\\\/category\\\/materiasecundaria\\\/\",\"nextItem\":{\"@type\":\"ListItem\",\"@id\":\"https:\\\/\\\/www.jornalja.com.br\\\/arquivo\\\/rua-viva-jeronimo-de-ornelas\\\/#listItem\",\"name\":\"Rua Viva: Jer\\u00f4nimo de Ornelas\"},\"previousItem\":{\"@type\":\"ListItem\",\"@id\":\"https:\\\/\\\/www.jornalja.com.br\\\/arquivo#listItem\",\"name\":\"Home\"}},{\"@type\":\"ListItem\",\"@id\":\"https:\\\/\\\/www.jornalja.com.br\\\/arquivo\\\/rua-viva-jeronimo-de-ornelas\\\/#listItem\",\"position\":3,\"name\":\"Rua Viva: Jer\\u00f4nimo de Ornelas\",\"previousItem\":{\"@type\":\"ListItem\",\"@id\":\"https:\\\/\\\/www.jornalja.com.br\\\/arquivo\\\/category\\\/materiasecundaria\\\/#listItem\",\"name\":\"Cultura-Geral\"}}]},{\"@type\":\"Organization\",\"@id\":\"https:\\\/\\\/www.jornalja.com.br\\\/arquivo\\\/#organization\",\"name\":\"Jornal J\\u00c1\",\"description\":\"Jornal J\\u00c1 | Porto Alegre\",\"url\":\"https:\\\/\\\/www.jornalja.com.br\\\/arquivo\\\/\",\"telephone\":\"+555133307272\",\"logo\":{\"@type\":\"ImageObject\",\"url\":\"https:\\\/\\\/www.jornalja.com.br\\\/wp-content\\\/uploads\\\/cards\\\/JAslogan.png\",\"@id\":\"https:\\\/\\\/www.jornalja.com.br\\\/arquivo\\\/rua-viva-jeronimo-de-ornelas\\\/#organizationLogo\"},\"image\":{\"@id\":\"https:\\\/\\\/www.jornalja.com.br\\\/arquivo\\\/rua-viva-jeronimo-de-ornelas\\\/#organizationLogo\"}},{\"@type\":\"Person\",\"@id\":\"https:\\\/\\\/www.jornalja.com.br\\\/arquivo\\\/author\\\/daredacao\\\/#author\",\"url\":\"https:\\\/\\\/www.jornalja.com.br\\\/arquivo\\\/author\\\/daredacao\\\/\",\"name\":\"da Reda\\u00e7\\u00e3o\",\"image\":{\"@type\":\"ImageObject\",\"@id\":\"https:\\\/\\\/www.jornalja.com.br\\\/arquivo\\\/rua-viva-jeronimo-de-ornelas\\\/#authorImage\",\"url\":\"https:\\\/\\\/secure.gravatar.com\\\/avatar\\\/469fd857d6605ad19919d27ed29d35a968a25f6e8fd9318356bbb7f57aae9c65?s=96&d=mm&r=g\",\"width\":96,\"height\":96,\"caption\":\"da Reda\\u00e7\\u00e3o\"}},{\"@type\":\"WebPage\",\"@id\":\"https:\\\/\\\/www.jornalja.com.br\\\/arquivo\\\/rua-viva-jeronimo-de-ornelas\\\/#webpage\",\"url\":\"https:\\\/\\\/www.jornalja.com.br\\\/arquivo\\\/rua-viva-jeronimo-de-ornelas\\\/\",\"name\":\"Rua Viva: Jer\\u00f4nimo de Ornelas | Arquivo\",\"inLanguage\":\"pt-BR\",\"isPartOf\":{\"@id\":\"https:\\\/\\\/www.jornalja.com.br\\\/arquivo\\\/#website\"},\"breadcrumb\":{\"@id\":\"https:\\\/\\\/www.jornalja.com.br\\\/arquivo\\\/rua-viva-jeronimo-de-ornelas\\\/#breadcrumblist\"},\"author\":{\"@id\":\"https:\\\/\\\/www.jornalja.com.br\\\/arquivo\\\/author\\\/daredacao\\\/#author\"},\"creator\":{\"@id\":\"https:\\\/\\\/www.jornalja.com.br\\\/arquivo\\\/author\\\/daredacao\\\/#author\"},\"image\":{\"@type\":\"ImageObject\",\"url\":41389,\"@id\":\"https:\\\/\\\/www.jornalja.com.br\\\/arquivo\\\/rua-viva-jeronimo-de-ornelas\\\/#mainImage\"},\"primaryImageOfPage\":{\"@id\":\"https:\\\/\\\/www.jornalja.com.br\\\/arquivo\\\/rua-viva-jeronimo-de-ornelas\\\/#mainImage\"},\"datePublished\":\"2016-11-17T14:32:45-02:00\",\"dateModified\":\"2016-11-17T14:32:45-02:00\"},{\"@type\":\"WebSite\",\"@id\":\"https:\\\/\\\/www.jornalja.com.br\\\/arquivo\\\/#website\",\"url\":\"https:\\\/\\\/www.jornalja.com.br\\\/arquivo\\\/\",\"name\":\"Arquivo\",\"description\":\"Jornal J\\u00c1 | Porto Alegre\",\"inLanguage\":\"pt-BR\",\"publisher\":{\"@id\":\"https:\\\/\\\/www.jornalja.com.br\\\/arquivo\\\/#organization\"}}]}\n\t\t<\/script>\n\t\t<!-- All in One SEO -->\n\n","aioseo_head_json":{"title":"Rua Viva: Jer\u00f4nimo de Ornelas | Arquivo","description":"","canonical_url":"https:\/\/www.jornalja.com.br\/arquivo\/rua-viva-jeronimo-de-ornelas\/","robots":"max-image-preview:large","keywords":"","webmasterTools":{"miscellaneous":""},"schema":{"@context":"https:\/\/schema.org","@graph":[{"@type":"BlogPosting","@id":"https:\/\/www.jornalja.com.br\/arquivo\/rua-viva-jeronimo-de-ornelas\/#blogposting","name":"Rua Viva: Jer\u00f4nimo de Ornelas | Arquivo","headline":"Rua Viva: Jer\u00f4nimo de Ornelas","author":{"@id":"https:\/\/www.jornalja.com.br\/arquivo\/author\/daredacao\/#author"},"publisher":{"@id":"https:\/\/www.jornalja.com.br\/arquivo\/#organization"},"image":{"@type":"ImageObject","url":41389},"datePublished":"2016-11-17T14:32:45-02:00","dateModified":"2016-11-17T14:32:45-02:00","inLanguage":"pt-BR","mainEntityOfPage":{"@id":"https:\/\/www.jornalja.com.br\/arquivo\/rua-viva-jeronimo-de-ornelas\/#webpage"},"isPartOf":{"@id":"https:\/\/www.jornalja.com.br\/arquivo\/rua-viva-jeronimo-de-ornelas\/#webpage"},"articleSection":"Cultura-Geral"},{"@type":"BreadcrumbList","@id":"https:\/\/www.jornalja.com.br\/arquivo\/rua-viva-jeronimo-de-ornelas\/#breadcrumblist","itemListElement":[{"@type":"ListItem","@id":"https:\/\/www.jornalja.com.br\/arquivo#listItem","position":1,"name":"Home","item":"https:\/\/www.jornalja.com.br\/arquivo","nextItem":{"@type":"ListItem","@id":"https:\/\/www.jornalja.com.br\/arquivo\/category\/materiasecundaria\/#listItem","name":"Cultura-Geral"}},{"@type":"ListItem","@id":"https:\/\/www.jornalja.com.br\/arquivo\/category\/materiasecundaria\/#listItem","position":2,"name":"Cultura-Geral","item":"https:\/\/www.jornalja.com.br\/arquivo\/category\/materiasecundaria\/","nextItem":{"@type":"ListItem","@id":"https:\/\/www.jornalja.com.br\/arquivo\/rua-viva-jeronimo-de-ornelas\/#listItem","name":"Rua Viva: Jer\u00f4nimo de Ornelas"},"previousItem":{"@type":"ListItem","@id":"https:\/\/www.jornalja.com.br\/arquivo#listItem","name":"Home"}},{"@type":"ListItem","@id":"https:\/\/www.jornalja.com.br\/arquivo\/rua-viva-jeronimo-de-ornelas\/#listItem","position":3,"name":"Rua Viva: Jer\u00f4nimo de Ornelas","previousItem":{"@type":"ListItem","@id":"https:\/\/www.jornalja.com.br\/arquivo\/category\/materiasecundaria\/#listItem","name":"Cultura-Geral"}}]},{"@type":"Organization","@id":"https:\/\/www.jornalja.com.br\/arquivo\/#organization","name":"Jornal J\u00c1","description":"Jornal J\u00c1 | Porto Alegre","url":"https:\/\/www.jornalja.com.br\/arquivo\/","telephone":"+555133307272","logo":{"@type":"ImageObject","url":"https:\/\/www.jornalja.com.br\/wp-content\/uploads\/cards\/JAslogan.png","@id":"https:\/\/www.jornalja.com.br\/arquivo\/rua-viva-jeronimo-de-ornelas\/#organizationLogo"},"image":{"@id":"https:\/\/www.jornalja.com.br\/arquivo\/rua-viva-jeronimo-de-ornelas\/#organizationLogo"}},{"@type":"Person","@id":"https:\/\/www.jornalja.com.br\/arquivo\/author\/daredacao\/#author","url":"https:\/\/www.jornalja.com.br\/arquivo\/author\/daredacao\/","name":"da Reda\u00e7\u00e3o","image":{"@type":"ImageObject","@id":"https:\/\/www.jornalja.com.br\/arquivo\/rua-viva-jeronimo-de-ornelas\/#authorImage","url":"https:\/\/secure.gravatar.com\/avatar\/469fd857d6605ad19919d27ed29d35a968a25f6e8fd9318356bbb7f57aae9c65?s=96&d=mm&r=g","width":96,"height":96,"caption":"da Reda\u00e7\u00e3o"}},{"@type":"WebPage","@id":"https:\/\/www.jornalja.com.br\/arquivo\/rua-viva-jeronimo-de-ornelas\/#webpage","url":"https:\/\/www.jornalja.com.br\/arquivo\/rua-viva-jeronimo-de-ornelas\/","name":"Rua Viva: Jer\u00f4nimo de Ornelas | Arquivo","inLanguage":"pt-BR","isPartOf":{"@id":"https:\/\/www.jornalja.com.br\/arquivo\/#website"},"breadcrumb":{"@id":"https:\/\/www.jornalja.com.br\/arquivo\/rua-viva-jeronimo-de-ornelas\/#breadcrumblist"},"author":{"@id":"https:\/\/www.jornalja.com.br\/arquivo\/author\/daredacao\/#author"},"creator":{"@id":"https:\/\/www.jornalja.com.br\/arquivo\/author\/daredacao\/#author"},"image":{"@type":"ImageObject","url":41389,"@id":"https:\/\/www.jornalja.com.br\/arquivo\/rua-viva-jeronimo-de-ornelas\/#mainImage"},"primaryImageOfPage":{"@id":"https:\/\/www.jornalja.com.br\/arquivo\/rua-viva-jeronimo-de-ornelas\/#mainImage"},"datePublished":"2016-11-17T14:32:45-02:00","dateModified":"2016-11-17T14:32:45-02:00"},{"@type":"WebSite","@id":"https:\/\/www.jornalja.com.br\/arquivo\/#website","url":"https:\/\/www.jornalja.com.br\/arquivo\/","name":"Arquivo","description":"Jornal J\u00c1 | Porto Alegre","inLanguage":"pt-BR","publisher":{"@id":"https:\/\/www.jornalja.com.br\/arquivo\/#organization"}}]},"og:locale":"pt_BR","og:site_name":"Arquivo | Jornal J\u00c1 | Porto Alegre","og:type":"article","og:title":"Rua Viva: Jer\u00f4nimo de Ornelas | Arquivo","og:url":"https:\/\/www.jornalja.com.br\/arquivo\/rua-viva-jeronimo-de-ornelas\/","og:image":"https:\/\/www.jornalja.com.br\/wp-content\/uploads\/2016\/11\/TIA-VILMA.-foto-Dora-Giuliani-200x300.jpg","og:image:secure_url":"https:\/\/www.jornalja.com.br\/wp-content\/uploads\/2016\/11\/TIA-VILMA.-foto-Dora-Giuliani-200x300.jpg","article:published_time":"2016-11-17T17:32:45+00:00","article:modified_time":"2016-11-17T17:32:45+00:00","twitter:card":"summary","twitter:title":"Rua Viva: Jer\u00f4nimo de Ornelas | Arquivo","twitter:image":"https:\/\/www.jornalja.com.br\/economics\/wp-content\/uploads\/sites\/11\/2026\/08\/ja-folhaderosto-facebook.jpg"},"aioseo_meta_data":{"post_id":"41385","title":null,"description":null,"keywords":null,"keyphrases":null,"primary_term":null,"canonical_url":null,"og_title":null,"og_description":null,"og_object_type":"default","og_image_type":"default","og_image_url":null,"og_image_width":null,"og_image_height":null,"og_image_custom_url":null,"og_image_custom_fields":null,"og_video":null,"og_custom_url":null,"og_article_section":null,"og_article_tags":null,"twitter_use_og":false,"twitter_card":"default","twitter_image_type":"default","twitter_image_url":null,"twitter_image_custom_url":null,"twitter_image_custom_fields":null,"twitter_title":null,"twitter_description":null,"schema":{"blockGraphs":[],"customGraphs":[],"default":{"data":{"Article":[],"Course":[],"Dataset":[],"FAQPage":[],"Movie":[],"Person":[],"Product":[],"ProductReview":[],"Car":[],"Recipe":[],"Service":[],"SoftwareApplication":[],"WebPage":[]},"graphName":"","isEnabled":true},"graphs":[],"defaultGraph":"","defaultPostTypeGraph":""},"schema_type":null,"schema_type_options":null,"pillar_content":false,"robots_default":true,"robots_noindex":false,"robots_noarchive":false,"robots_nosnippet":false,"robots_nofollow":false,"robots_noimageindex":false,"robots_noodp":false,"robots_notranslate":false,"robots_max_snippet":null,"robots_max_videopreview":null,"robots_max_imagepreview":"large","priority":null,"frequency":null,"location":null,"local_seo":null,"breadcrumb_settings":null,"limit_modified_date":false,"ai":null,"created":"2020-12-20 20:44:55","updated":"2025-07-19 18:14:30","seo_analyzer_scan_date":null,"focus_keyword":null,"additional_keywords":null,"truseo_locale":null},"jetpack_sharing_enabled":true,"jetpack-related-posts":[{"id":5440,"url":"https:\/\/www.jornalja.com.br\/arquivo\/casarao-da-venancio-destino-permanece-incerto\/","url_meta":{"origin":41385,"position":0},"title":"Estado ainda n\u00e3o sabe o que fazer com casar\u00e3o abandonado h\u00e1 20 anos","author":"Elmar Bones","date":"6 de julho de 2009","format":false,"excerpt":"O casar\u00e3o amarelo, numa esquina nobre de Porto Alegre (Ven\u00e2ncio Aires com Jo\u00e3o Pessoa), j\u00e1 abrigou uma escola. H\u00e1 duas d\u00e9cadas, pelo menos, est\u00e1 abandonado, porque seu propriet\u00e1rio, o governo do Estado do Rio Grande do Sul, n\u00e3o consegue achar um destino para ele. Planos n\u00e3o faltaram. O governador Ol\u00edvio\u2026","rel":"","context":"Em &quot;X.Categorias velhas&quot;","block_context":{"text":"X.Categorias velhas","link":"https:\/\/www.jornalja.com.br\/arquivo\/category\/x-categorias-velhas\/"},"img":{"alt_text":"geraldo1","src":"https:\/\/i0.wp.com\/www.jornalja.com.br\/wp-content\/uploads\/2009\/07\/geraldo1.jpg?resize=350%2C200&ssl=1","width":350,"height":200},"classes":[]},{"id":14241,"url":"https:\/\/www.jornalja.com.br\/arquivo\/o-guaiba-nas-imagens-poeticas-de-achutti\/","url_meta":{"origin":41385,"position":1},"title":"O Gua\u00edba nas imagens po\u00e9ticas de Achutti","author":"da Reda\u00e7\u00e3o","date":"18 de junho de 2014","format":false,"excerpt":"Em \u201cO Gua\u00edba por Achutti\u201d \u2013 obra financiada via Minist\u00e9rio da Cultura, produ\u00e7\u00e3o executiva de Pedro Longhi, e Fl\u00e1vio Wild como designer \u2013, o fot\u00f3grafo revela a beleza e as mazelas de um espa\u00e7o aqu\u00e1tico de \u00e1guas sempre renovadas, cheio de hist\u00f3rias e lendas como as das cidades que foram\u2026","rel":"","context":"Em &quot;Cultura-Geral&quot;","block_context":{"text":"Cultura-Geral","link":"https:\/\/www.jornalja.com.br\/arquivo\/category\/materiasecundaria\/"},"img":{"alt_text":"","src":"","width":0,"height":0},"classes":[]},{"id":13124,"url":"https:\/\/www.jornalja.com.br\/arquivo\/sangue-latino-no-iecine\/","url_meta":{"origin":41385,"position":2},"title":"Sangue latino no IECINE","author":"da Reda\u00e7\u00e3o","date":"18 de maio de 2014","format":false,"excerpt":"Francisco Ribeiro O Instituto Estadual de Cinema (IECINE) tem a frente, desde abril \u00faltimo, um novo diretor, o cineasta colombiano Juan Zapata, 36, que substitui Luiz Alberto Cassol. Radicado h\u00e1 dez anos em Porto Alegre, Zapata tem diante de si o desafio de conduzir at\u00e9 o final do ano um\u2026","rel":"","context":"Em &quot;Cultura-Geral&quot;","block_context":{"text":"Cultura-Geral","link":"https:\/\/www.jornalja.com.br\/arquivo\/category\/materiasecundaria\/"},"img":{"alt_text":"","src":"","width":0,"height":0},"classes":[]},{"id":13109,"url":"https:\/\/www.jornalja.com.br\/arquivo\/judiciario-reconhece-poluicao-eletromagnetica\/","url_meta":{"origin":41385,"position":3},"title":"Judici\u00e1rio reconhece polui\u00e7\u00e3o eletromagn\u00e9tica","author":"Patr\u00edcia Marini","date":"16 de maio de 2014","format":false,"excerpt":"A\u00e7\u00e3o de duas associa\u00e7\u00f5es de moradores foi acolhida pelo Tribunal de Justi\u00e7a de S\u00e3o Paulo que. em decis\u00e3o in\u00e9dita, determinou a redu\u00e7\u00e3o do campo eletromagn\u00e9tico gerado pelas linhas de transmiss\u00e3o de energia que cortam os bairros City Boa\u00e7ava e Alto de Pinheiros. \u00c9 a primeira vez que um tribunal do\u2026","rel":"","context":"Em &quot;X.Categorias velhas&quot;","block_context":{"text":"X.Categorias velhas","link":"https:\/\/www.jornalja.com.br\/arquivo\/category\/x-categorias-velhas\/"},"img":{"alt_text":"","src":"","width":0,"height":0},"classes":[]},{"id":13240,"url":"https:\/\/www.jornalja.com.br\/arquivo\/plano-diretor-estamos-construindo-o-caos\/","url_meta":{"origin":41385,"position":4},"title":"Plano diretor: &quot;Estamos construindo o caos&quot;","author":"Patr\u00edcia Marini","date":"26 de maio de 2014","format":false,"excerpt":"Desabafo que arquiteta Eliana Castilhos, delegada da Regi\u00e3o de Planejamento 1, postou nas redes sociais \u00e9 um testemunho do ambiente que se criou no Conselho do Plano Diretor de Porto Alegre, onde a aprova\u00e7\u00e3o de grandes empreendimentos \u00e9 empurrada guela abaixo dos conselheiros. Ao CMDUA Como delegada da Regi\u00e3o de\u2026","rel":"","context":"Em &quot;Geral&quot;","block_context":{"text":"Geral","link":"https:\/\/www.jornalja.com.br\/arquivo\/category\/geral\/"},"img":{"alt_text":"","src":"","width":0,"height":0},"classes":[]},{"id":13101,"url":"https:\/\/www.jornalja.com.br\/arquivo\/morre-um-guerreiro-do-texto\/","url_meta":{"origin":41385,"position":5},"title":"Morre um guerreiro do texto","author":"Patr\u00edcia Marini","date":"14 de maio de 2014","format":false,"excerpt":"Por Ricardo Kotscho Reproduzido do blog do autor, 11\/5\/2014; t\u00edtulo original \u201cE l\u00e1 se foi o nosso Myltainho, guerreiro do texto\u201d. Mi\u00fado e franzino, meu amigo Myltainho era um valente e inconformado guerreiro na luta contra as injusti\u00e7as sociais, a hipocrisia, as maracutaias, o autoritarismo, a intoler\u00e2ncia, a viol\u00eancia, o\u2026","rel":"","context":"Em &quot;Geral&quot;","block_context":{"text":"Geral","link":"https:\/\/www.jornalja.com.br\/arquivo\/category\/geral\/"},"img":{"alt_text":"","src":"","width":0,"height":0},"classes":[]}],"jetpack_shortlink":"https:\/\/wp.me\/pbQjBd-aLv","jetpack_featured_media_url":"","_links":{"self":[{"href":"https:\/\/www.jornalja.com.br\/arquivo\/wp-json\/wp\/v2\/posts\/41385","targetHints":{"allow":["GET"]}}],"collection":[{"href":"https:\/\/www.jornalja.com.br\/arquivo\/wp-json\/wp\/v2\/posts"}],"about":[{"href":"https:\/\/www.jornalja.com.br\/arquivo\/wp-json\/wp\/v2\/types\/post"}],"author":[{"embeddable":true,"href":"https:\/\/www.jornalja.com.br\/arquivo\/wp-json\/wp\/v2\/users\/4"}],"replies":[{"embeddable":true,"href":"https:\/\/www.jornalja.com.br\/arquivo\/wp-json\/wp\/v2\/comments?post=41385"}],"version-history":[{"count":0,"href":"https:\/\/www.jornalja.com.br\/arquivo\/wp-json\/wp\/v2\/posts\/41385\/revisions"}],"wp:attachment":[{"href":"https:\/\/www.jornalja.com.br\/arquivo\/wp-json\/wp\/v2\/media?parent=41385"}],"wp:term":[{"taxonomy":"category","embeddable":true,"href":"https:\/\/www.jornalja.com.br\/arquivo\/wp-json\/wp\/v2\/categories?post=41385"},{"taxonomy":"post_tag","embeddable":true,"href":"https:\/\/www.jornalja.com.br\/arquivo\/wp-json\/wp\/v2\/tags?post=41385"}],"curies":[{"name":"wp","href":"https:\/\/api.w.org\/{rel}","templated":true}]}}