{"id":41447,"date":"2016-11-18T15:17:25","date_gmt":"2016-11-18T18:17:25","guid":{"rendered":"https:\/\/www.jornalja.com.br\/?p=41447"},"modified":"2016-11-18T15:17:25","modified_gmt":"2016-11-18T18:17:25","slug":"grupos-de-teatro-terao-de-deixar-o-hospital-psiquiatrico-sao-pedro","status":"publish","type":"post","link":"https:\/\/www.jornalja.com.br\/arquivo\/grupos-de-teatro-terao-de-deixar-o-hospital-psiquiatrico-sao-pedro\/","title":{"rendered":"Grupos de teatro ter\u00e3o de deixar o Hospital Psiqui\u00e1trico S\u00e3o Pedro"},"content":{"rendered":"<p>V\u00e1rios grupos teatrais de Porto Alegre ensaiam e encenam desde a virada do s\u00e9culo nos pavilh\u00f5es desativados que no ano 2000 tornaram-se o Condom\u00ednio C\u00eanico do Hospital Psiqui\u00e1trico S\u00e3o Pedro.\u00a0Agora\u00a0ter\u00e3o de deixar os pavilh\u00f5es, que ser\u00e3o devolvidos \u00e0 Secretaria da Sa\u00fade. O secret\u00e1rio da Cultura, Victor Hugo, se comprometeu a ajudar no levantamento de espa\u00e7os ociosos que possam acolher as atividades dos grupos de forma definitiva e a intermediar este processo. Os locais, entretanto, n\u00e3o foram anunciados. Uma nova reuni\u00e3o deve ser marcada para a pr\u00f3xima semana, para se discutir os poss\u00edveis espa\u00e7os.<br \/>\nH\u00e1 ainda outra quest\u00e3o envolvida. O Falos e Stercus, um dos grupos que comp\u00f5em o Condom\u00ednio C\u00eanico, teve uma apresenta\u00e7\u00e3o cancelada em fun\u00e7\u00e3o da interdi\u00e7\u00e3o do espa\u00e7o pelos bombeiros na quinta-feira da semana passada (10\/11). O secret\u00e1rio ofereceu o Multipalco como possibilidade para viabilizar a apresenta\u00e7\u00e3o.<br \/>\n<figure id=\"attachment_41449\" aria-describedby=\"caption-attachment-41449\" style=\"width: 725px\" class=\"wp-caption alignnone\"><img decoding=\"async\" class=\"wp-image-41449 size-full\" src=\"https:\/\/www.jornalja.com.br\/wp-content\/uploads\/2016\/11\/Reuni\u00e3o-Sedac-Grupos-de-Teatro-7.jpg\" alt=\"Secret\u00e1rio se comprometeu a colaborar na busca por um novo espa\u00e7o \/ Matheus Chaparini\" width=\"725\" height=\"408\" \/><figcaption id=\"caption-attachment-41449\" class=\"wp-caption-text\">Secret\u00e1rio se comprometeu a colaborar na busca por um novo espa\u00e7o \/ Matheus Chaparini<\/figcaption><\/figure><br \/>\nA estreia do espet\u00e1culo Mithos, que comemora os 25 de atividades do grupo, estava marcada para s\u00e1bado (12\/11). Na sexta-feira, os bombeiros interditaram os seis pavilh\u00f5es hist\u00f3ricos do S\u00e3o Pedro por falta de alvar\u00e1 e PPCI (Plano de \u00a0Preven\u00e7\u00e3o e Prote\u00e7\u00e3o contra Inc\u00eandios). \u201cO que \u00e9 estranho para n\u00f3s \u00e9 que os bombeiros tenham interditado somente os seis pavilh\u00f5es. N\u00e3o existe PPCI de nada no hospital.\u201d, contesta Marcelo Restori, diretor do Falos&amp;Stercus.<br \/>\nOs integrantes do grupo foram surpreendidos pelos pavilh\u00f5es interditados e com os cadeados trocados quando chegaram para preparar a apresenta\u00e7\u00e3o. Houve uma discuss\u00e3o e o ator Frederico Restori chegou a registrar boletim de ocorr\u00eancia contra Luiz Carlos Pinto Sobrinho, diretor do Departamento de Coordena\u00e7\u00e3o dos Hospitais do Estado, por agress\u00e3o. A a\u00e7\u00e3o foi registrada em um <a href=\"http:\/\/www.facebook.com\/satedrs\/videos\/684699658362700\/?hc_ref=PAGES_TIMELINE\" target=\"_blank\" rel=\"noopener noreferrer\">v\u00eddeo publicado na internet.<\/a><br \/>\nDesde 2000, grupos de teatro utilizam os dois pavilh\u00f5es como local de ensaio, \u00e9 o chamado Condom\u00ednio C\u00eanico S\u00e3o Pedro. Ocupam o espa\u00e7o os grupos Caixa Preta, Falos &amp; Stercus, Neelic, Oigal\u00ea e Povo da Rua. A interdi\u00e7\u00e3o gerou protestos por parte dos grupos, que realizaram um ato em frente ao local no s\u00e1bado, quando deveria acontecer a estreia do espet\u00e1culo Mithos.<br \/>\nOs pavilh\u00f5es 5 e 6 j\u00e1 haviam sido cedidos para a pasta da Cultura na gest\u00e3o passada. Em janeiro deste ano, a Secretaria de Sa\u00fade anunciou que cederia tamb\u00e9m os outros quatro pavilh\u00f5es hist\u00f3ricos do S\u00e3o Pedro para serem utilizados em atividades culturais.<br \/>\nAgora, a Secretaria mudou seu posicionamento e afirma que tem planos para os im\u00f3veis. Na \u00faltima sexta feira a Sa\u00fade se posicionou contr\u00e1ria ao uso do espa\u00e7o para qualquer espet\u00e1culo. De acordo com o diretor-geral da Secretaria da Sa\u00fade, Francisco Bernd, a inten\u00e7\u00e3o \u00e9 reformar o pr\u00e9dio e utiliz\u00e1-lo para a\u00e7\u00f5es da pr\u00f3pria pasta.<\/p>\n","protected":false},"excerpt":{"rendered":"<p>V\u00e1rios grupos teatrais de Porto Alegre ensaiam e encenam desde a virada do s\u00e9culo nos pavilh\u00f5es desativados que no ano 2000 tornaram-se o Condom\u00ednio C\u00eanico do Hospital Psiqui\u00e1trico S\u00e3o Pedro.\u00a0Agora\u00a0ter\u00e3o de deixar os pavilh\u00f5es, que ser\u00e3o devolvidos \u00e0 Secretaria da Sa\u00fade. O secret\u00e1rio da Cultura, Victor Hugo, se comprometeu a ajudar no levantamento de espa\u00e7os [&hellip;]<\/p>\n","protected":false},"author":4,"featured_media":41450,"comment_status":"open","ping_status":"closed","sticky":false,"template":"","format":"standard","meta":{"_jetpack_memberships_contains_paid_content":false,"footnotes":""},"categories":[26],"tags":[],"class_list":["post-41447","post","type-post","status-publish","format-standard","has-post-thumbnail","hentry","category-geral"],"aioseo_notices":[],"jetpack_featured_media_url":"","jetpack_sharing_enabled":true,"jetpack-related-posts":[],"jetpack_shortlink":"https:\/\/wp.me\/pbQjBd-aMv","_links":{"self":[{"href":"https:\/\/www.jornalja.com.br\/arquivo\/wp-json\/wp\/v2\/posts\/41447","targetHints":{"allow":["GET"]}}],"collection":[{"href":"https:\/\/www.jornalja.com.br\/arquivo\/wp-json\/wp\/v2\/posts"}],"about":[{"href":"https:\/\/www.jornalja.com.br\/arquivo\/wp-json\/wp\/v2\/types\/post"}],"author":[{"embeddable":true,"href":"https:\/\/www.jornalja.com.br\/arquivo\/wp-json\/wp\/v2\/users\/4"}],"replies":[{"embeddable":true,"href":"https:\/\/www.jornalja.com.br\/arquivo\/wp-json\/wp\/v2\/comments?post=41447"}],"version-history":[{"count":0,"href":"https:\/\/www.jornalja.com.br\/arquivo\/wp-json\/wp\/v2\/posts\/41447\/revisions"}],"wp:featuredmedia":[{"embeddable":true,"href":"https:\/\/www.jornalja.com.br\/arquivo\/wp-json\/"}],"wp:attachment":[{"href":"https:\/\/www.jornalja.com.br\/arquivo\/wp-json\/wp\/v2\/media?parent=41447"}],"wp:term":[{"taxonomy":"category","embeddable":true,"href":"https:\/\/www.jornalja.com.br\/arquivo\/wp-json\/wp\/v2\/categories?post=41447"},{"taxonomy":"post_tag","embeddable":true,"href":"https:\/\/www.jornalja.com.br\/arquivo\/wp-json\/wp\/v2\/tags?post=41447"}],"curies":[{"name":"wp","href":"https:\/\/api.w.org\/{rel}","templated":true}]}}