{"id":41469,"date":"2016-11-18T14:07:03","date_gmt":"2016-11-18T17:07:03","guid":{"rendered":"https:\/\/www.jornalja.com.br\/?p=41469"},"modified":"2016-11-18T14:07:03","modified_gmt":"2016-11-18T17:07:03","slug":"banda-municipal-e-ospa-tocam-de-graca-no-araujo-vianna-domingo","status":"publish","type":"post","link":"https:\/\/www.jornalja.com.br\/arquivo\/banda-municipal-e-ospa-tocam-de-graca-no-araujo-vianna-domingo\/","title":{"rendered":"Banda Municipal e Ospa tocam de gra\u00e7a no Ara\u00fajo Vianna domingo"},"content":{"rendered":"<p>Para comemorar os 91 anos da Banda Municipal de Porto Alegre e o anivers\u00e1rio de 66 anos da Orquestra Sinf\u00f4nica de Porto Alegre (Ospa), ambas apresentam-se juntas no audit\u00f3rio Ara\u00fajo Vianna (Av. Osvaldo Aranha, 685) neste domingo, 20, \u00e0s 11h.<br \/>\nA entrada \u00e9 gratuita, com distribui\u00e7\u00e3o de senhas no s\u00e1bado, 19, das 11h \u00e0s 17h, e domingo, 20, das 9h \u00e0s 11h, ambos na bilheteria do audit\u00f3rio. O concerto ser\u00e1 regido pelos maestros Evandro Matt\u00e9, da Ospa, e Davi Coelho da Rosa, da Banda, e o solista convidado \u00e9 o clarinetista franc\u00eas Michelk Lethiec.<br \/>\nNa primeira parte do concerto, a Banda abre a exibi\u00e7\u00e3o com\u00a0<em>Suite Nordestina<\/em> de Mestre Duda, <em>Copacabana <\/em>de Braguinha &amp; Alberto Ribeiro, e <em>Bai\u00e3o de Lacan<\/em> de Guinga &amp; Aldir Blanc abrem a exibi\u00e7\u00e3o. Na segunda parte, \u00e9 a vez de a Ospa apresentar <em>Porgy and Bess<\/em> para Clarinete e Orquestra, de George Gershwin, com arranjo de Franck Villar, com solos do convidado especial Michel Lethiec, uma das figuras mais destacadas do cen\u00e1rio internacional da m\u00fasica de concerto.<br \/>\nPor fim, os dois grupos musicais dividem o palco e, regidos por Matt\u00e9, executam a <em>Abertura Solene Para o Ano de 1812<\/em>, de Piotr Ilitch Tchaikovsky. Esta pe\u00e7a foi escrita como comemora\u00e7\u00e3o \u00e0 vit\u00f3ria russa sobre o ex\u00e9rcito franc\u00eas de Napole\u00e3o Bonaparte no in\u00edcio do s\u00e9culo XIX. Essa \u00e9 a terceira edi\u00e7\u00e3o da S\u00e9rie Ara\u00fajo Vianna 2016 e \u00e9 resultado de parceria entre a Funda\u00e7\u00e3o Ospa e as secretarias municipal e estadual de Cultura. O evento \u00e9 apresentado pelo Banrisul.<\/p>\n","protected":false},"excerpt":{"rendered":"<p>Para comemorar os 91 anos da Banda Municipal de Porto Alegre e o anivers\u00e1rio de 66 anos da Orquestra Sinf\u00f4nica de Porto Alegre (Ospa), ambas apresentam-se juntas no audit\u00f3rio Ara\u00fajo Vianna (Av. Osvaldo Aranha, 685) neste domingo, 20, \u00e0s 11h. A entrada \u00e9 gratuita, com distribui\u00e7\u00e3o de senhas no s\u00e1bado, 19, das 11h \u00e0s 17h, [&hellip;]<\/p>\n","protected":false},"author":4,"featured_media":41471,"comment_status":"open","ping_status":"closed","sticky":false,"template":"","format":"standard","meta":{"_jetpack_newsletter_access":"","_jetpack_dont_email_post_to_subs":false,"_jetpack_newsletter_tier_id":0,"_jetpack_memberships_contains_paywalled_content":false,"_jetpack_feature_clip_id":0,"_jetpack_memberships_contains_paid_content":false,"footnotes":"","jetpack_post_was_ever_published":false},"categories":[11],"tags":[],"class_list":["post-41469","post","type-post","status-publish","format-standard","has-post-thumbnail","hentry","category-materiasecundaria"],"aioseo_notices":[],"aioseo_head":"\n\t\t<!-- All in One SEO 5.0.1.1 - aioseo.com -->\n\t<meta name=\"robots\" content=\"max-image-preview:large\" \/>\n\t<meta name=\"author\" content=\"da Reda\u00e7\u00e3o\"\/>\n\t<link rel=\"canonical\" href=\"https:\/\/www.jornalja.com.br\/arquivo\/banda-municipal-e-ospa-tocam-de-graca-no-araujo-vianna-domingo\/\" \/>\n\t<meta name=\"generator\" content=\"All in One SEO (AIOSEO) 5.0.1.1\" \/>\n\t\t<meta property=\"og:locale\" content=\"pt_BR\" \/>\n\t\t<meta property=\"og:site_name\" content=\"Arquivo | Jornal J\u00c1 | Porto Alegre\" \/>\n\t\t<meta property=\"og:type\" content=\"article\" \/>\n\t\t<meta property=\"og:title\" content=\"Banda Municipal e Ospa tocam de gra\u00e7a no Ara\u00fajo Vianna domingo | Arquivo\" \/>\n\t\t<meta property=\"og:url\" content=\"https:\/\/www.jornalja.com.br\/arquivo\/banda-municipal-e-ospa-tocam-de-graca-no-araujo-vianna-domingo\/\" \/>\n\t\t<meta property=\"og:image\" content=\"https:\/\/www.jornalja.com.br\/economics\/wp-content\/uploads\/sites\/11\/2026\/08\/ja-folhaderosto-facebook.jpg\" \/>\n\t\t<meta property=\"og:image:secure_url\" content=\"https:\/\/www.jornalja.com.br\/economics\/wp-content\/uploads\/sites\/11\/2026\/08\/ja-folhaderosto-facebook.jpg\" \/>\n\t\t<meta property=\"article:published_time\" content=\"2016-11-18T17:07:03+00:00\" \/>\n\t\t<meta property=\"article:modified_time\" content=\"2016-11-18T17:07:03+00:00\" \/>\n\t\t<meta name=\"twitter:card\" content=\"summary\" \/>\n\t\t<meta name=\"twitter:title\" content=\"Banda Municipal e Ospa tocam de gra\u00e7a no Ara\u00fajo Vianna domingo | Arquivo\" \/>\n\t\t<meta name=\"twitter:image\" content=\"https:\/\/www.jornalja.com.br\/economics\/wp-content\/uploads\/sites\/11\/2026\/08\/ja-folhaderosto-facebook.jpg\" \/>\n\t\t<script type=\"application\/ld+json\" class=\"aioseo-schema\">\n\t\t\t{\"@context\":\"https:\\\/\\\/schema.org\",\"@graph\":[{\"@type\":\"BlogPosting\",\"@id\":\"https:\\\/\\\/www.jornalja.com.br\\\/arquivo\\\/banda-municipal-e-ospa-tocam-de-graca-no-araujo-vianna-domingo\\\/#blogposting\",\"name\":\"Banda Municipal e Ospa tocam de gra\\u00e7a no Ara\\u00fajo Vianna domingo | Arquivo\",\"headline\":\"Banda Municipal e Ospa tocam de gra\\u00e7a no Ara\\u00fajo Vianna domingo\",\"author\":{\"@id\":\"https:\\\/\\\/www.jornalja.com.br\\\/arquivo\\\/author\\\/daredacao\\\/#author\"},\"publisher\":{\"@id\":\"https:\\\/\\\/www.jornalja.com.br\\\/arquivo\\\/#organization\"},\"image\":{\"@type\":\"ImageObject\",\"url\":41471},\"datePublished\":\"2016-11-18T14:07:03-02:00\",\"dateModified\":\"2016-11-18T14:07:03-02:00\",\"inLanguage\":\"pt-BR\",\"mainEntityOfPage\":{\"@id\":\"https:\\\/\\\/www.jornalja.com.br\\\/arquivo\\\/banda-municipal-e-ospa-tocam-de-graca-no-araujo-vianna-domingo\\\/#webpage\"},\"isPartOf\":{\"@id\":\"https:\\\/\\\/www.jornalja.com.br\\\/arquivo\\\/banda-municipal-e-ospa-tocam-de-graca-no-araujo-vianna-domingo\\\/#webpage\"},\"articleSection\":\"Cultura-Geral\"},{\"@type\":\"BreadcrumbList\",\"@id\":\"https:\\\/\\\/www.jornalja.com.br\\\/arquivo\\\/banda-municipal-e-ospa-tocam-de-graca-no-araujo-vianna-domingo\\\/#breadcrumblist\",\"itemListElement\":[{\"@type\":\"ListItem\",\"@id\":\"https:\\\/\\\/www.jornalja.com.br\\\/arquivo#listItem\",\"position\":1,\"name\":\"Home\",\"item\":\"https:\\\/\\\/www.jornalja.com.br\\\/arquivo\",\"nextItem\":{\"@type\":\"ListItem\",\"@id\":\"https:\\\/\\\/www.jornalja.com.br\\\/arquivo\\\/category\\\/materiasecundaria\\\/#listItem\",\"name\":\"Cultura-Geral\"}},{\"@type\":\"ListItem\",\"@id\":\"https:\\\/\\\/www.jornalja.com.br\\\/arquivo\\\/category\\\/materiasecundaria\\\/#listItem\",\"position\":2,\"name\":\"Cultura-Geral\",\"item\":\"https:\\\/\\\/www.jornalja.com.br\\\/arquivo\\\/category\\\/materiasecundaria\\\/\",\"nextItem\":{\"@type\":\"ListItem\",\"@id\":\"https:\\\/\\\/www.jornalja.com.br\\\/arquivo\\\/banda-municipal-e-ospa-tocam-de-graca-no-araujo-vianna-domingo\\\/#listItem\",\"name\":\"Banda Municipal e Ospa tocam de gra\\u00e7a no Ara\\u00fajo Vianna domingo\"},\"previousItem\":{\"@type\":\"ListItem\",\"@id\":\"https:\\\/\\\/www.jornalja.com.br\\\/arquivo#listItem\",\"name\":\"Home\"}},{\"@type\":\"ListItem\",\"@id\":\"https:\\\/\\\/www.jornalja.com.br\\\/arquivo\\\/banda-municipal-e-ospa-tocam-de-graca-no-araujo-vianna-domingo\\\/#listItem\",\"position\":3,\"name\":\"Banda Municipal e Ospa tocam de gra\\u00e7a no Ara\\u00fajo Vianna domingo\",\"previousItem\":{\"@type\":\"ListItem\",\"@id\":\"https:\\\/\\\/www.jornalja.com.br\\\/arquivo\\\/category\\\/materiasecundaria\\\/#listItem\",\"name\":\"Cultura-Geral\"}}]},{\"@type\":\"Organization\",\"@id\":\"https:\\\/\\\/www.jornalja.com.br\\\/arquivo\\\/#organization\",\"name\":\"Jornal J\\u00c1\",\"description\":\"Jornal J\\u00c1 | Porto Alegre\",\"url\":\"https:\\\/\\\/www.jornalja.com.br\\\/arquivo\\\/\",\"telephone\":\"+555133307272\",\"logo\":{\"@type\":\"ImageObject\",\"url\":\"https:\\\/\\\/www.jornalja.com.br\\\/wp-content\\\/uploads\\\/cards\\\/JAslogan.png\",\"@id\":\"https:\\\/\\\/www.jornalja.com.br\\\/arquivo\\\/banda-municipal-e-ospa-tocam-de-graca-no-araujo-vianna-domingo\\\/#organizationLogo\"},\"image\":{\"@id\":\"https:\\\/\\\/www.jornalja.com.br\\\/arquivo\\\/banda-municipal-e-ospa-tocam-de-graca-no-araujo-vianna-domingo\\\/#organizationLogo\"}},{\"@type\":\"Person\",\"@id\":\"https:\\\/\\\/www.jornalja.com.br\\\/arquivo\\\/author\\\/daredacao\\\/#author\",\"url\":\"https:\\\/\\\/www.jornalja.com.br\\\/arquivo\\\/author\\\/daredacao\\\/\",\"name\":\"da Reda\\u00e7\\u00e3o\",\"image\":{\"@type\":\"ImageObject\",\"@id\":\"https:\\\/\\\/www.jornalja.com.br\\\/arquivo\\\/banda-municipal-e-ospa-tocam-de-graca-no-araujo-vianna-domingo\\\/#authorImage\",\"url\":\"https:\\\/\\\/secure.gravatar.com\\\/avatar\\\/469fd857d6605ad19919d27ed29d35a968a25f6e8fd9318356bbb7f57aae9c65?s=96&d=mm&r=g\",\"width\":96,\"height\":96,\"caption\":\"da Reda\\u00e7\\u00e3o\"}},{\"@type\":\"WebPage\",\"@id\":\"https:\\\/\\\/www.jornalja.com.br\\\/arquivo\\\/banda-municipal-e-ospa-tocam-de-graca-no-araujo-vianna-domingo\\\/#webpage\",\"url\":\"https:\\\/\\\/www.jornalja.com.br\\\/arquivo\\\/banda-municipal-e-ospa-tocam-de-graca-no-araujo-vianna-domingo\\\/\",\"name\":\"Banda Municipal e Ospa tocam de gra\\u00e7a no Ara\\u00fajo Vianna domingo | Arquivo\",\"inLanguage\":\"pt-BR\",\"isPartOf\":{\"@id\":\"https:\\\/\\\/www.jornalja.com.br\\\/arquivo\\\/#website\"},\"breadcrumb\":{\"@id\":\"https:\\\/\\\/www.jornalja.com.br\\\/arquivo\\\/banda-municipal-e-ospa-tocam-de-graca-no-araujo-vianna-domingo\\\/#breadcrumblist\"},\"author\":{\"@id\":\"https:\\\/\\\/www.jornalja.com.br\\\/arquivo\\\/author\\\/daredacao\\\/#author\"},\"creator\":{\"@id\":\"https:\\\/\\\/www.jornalja.com.br\\\/arquivo\\\/author\\\/daredacao\\\/#author\"},\"image\":{\"@type\":\"ImageObject\",\"url\":41471,\"@id\":\"https:\\\/\\\/www.jornalja.com.br\\\/arquivo\\\/banda-municipal-e-ospa-tocam-de-graca-no-araujo-vianna-domingo\\\/#mainImage\"},\"primaryImageOfPage\":{\"@id\":\"https:\\\/\\\/www.jornalja.com.br\\\/arquivo\\\/banda-municipal-e-ospa-tocam-de-graca-no-araujo-vianna-domingo\\\/#mainImage\"},\"datePublished\":\"2016-11-18T14:07:03-02:00\",\"dateModified\":\"2016-11-18T14:07:03-02:00\"},{\"@type\":\"WebSite\",\"@id\":\"https:\\\/\\\/www.jornalja.com.br\\\/arquivo\\\/#website\",\"url\":\"https:\\\/\\\/www.jornalja.com.br\\\/arquivo\\\/\",\"name\":\"Arquivo\",\"description\":\"Jornal J\\u00c1 | Porto Alegre\",\"inLanguage\":\"pt-BR\",\"publisher\":{\"@id\":\"https:\\\/\\\/www.jornalja.com.br\\\/arquivo\\\/#organization\"}}]}\n\t\t<\/script>\n\t\t<!-- All in One SEO -->\n\n","aioseo_head_json":{"title":"Banda Municipal e Ospa tocam de gra\u00e7a no Ara\u00fajo Vianna domingo | Arquivo","description":"","canonical_url":"https:\/\/www.jornalja.com.br\/arquivo\/banda-municipal-e-ospa-tocam-de-graca-no-araujo-vianna-domingo\/","robots":"max-image-preview:large","keywords":"","webmasterTools":{"miscellaneous":""},"schema":{"@context":"https:\/\/schema.org","@graph":[{"@type":"BlogPosting","@id":"https:\/\/www.jornalja.com.br\/arquivo\/banda-municipal-e-ospa-tocam-de-graca-no-araujo-vianna-domingo\/#blogposting","name":"Banda Municipal e Ospa tocam de gra\u00e7a no Ara\u00fajo Vianna domingo | Arquivo","headline":"Banda Municipal e Ospa tocam de gra\u00e7a no Ara\u00fajo Vianna domingo","author":{"@id":"https:\/\/www.jornalja.com.br\/arquivo\/author\/daredacao\/#author"},"publisher":{"@id":"https:\/\/www.jornalja.com.br\/arquivo\/#organization"},"image":{"@type":"ImageObject","url":41471},"datePublished":"2016-11-18T14:07:03-02:00","dateModified":"2016-11-18T14:07:03-02:00","inLanguage":"pt-BR","mainEntityOfPage":{"@id":"https:\/\/www.jornalja.com.br\/arquivo\/banda-municipal-e-ospa-tocam-de-graca-no-araujo-vianna-domingo\/#webpage"},"isPartOf":{"@id":"https:\/\/www.jornalja.com.br\/arquivo\/banda-municipal-e-ospa-tocam-de-graca-no-araujo-vianna-domingo\/#webpage"},"articleSection":"Cultura-Geral"},{"@type":"BreadcrumbList","@id":"https:\/\/www.jornalja.com.br\/arquivo\/banda-municipal-e-ospa-tocam-de-graca-no-araujo-vianna-domingo\/#breadcrumblist","itemListElement":[{"@type":"ListItem","@id":"https:\/\/www.jornalja.com.br\/arquivo#listItem","position":1,"name":"Home","item":"https:\/\/www.jornalja.com.br\/arquivo","nextItem":{"@type":"ListItem","@id":"https:\/\/www.jornalja.com.br\/arquivo\/category\/materiasecundaria\/#listItem","name":"Cultura-Geral"}},{"@type":"ListItem","@id":"https:\/\/www.jornalja.com.br\/arquivo\/category\/materiasecundaria\/#listItem","position":2,"name":"Cultura-Geral","item":"https:\/\/www.jornalja.com.br\/arquivo\/category\/materiasecundaria\/","nextItem":{"@type":"ListItem","@id":"https:\/\/www.jornalja.com.br\/arquivo\/banda-municipal-e-ospa-tocam-de-graca-no-araujo-vianna-domingo\/#listItem","name":"Banda Municipal e Ospa tocam de gra\u00e7a no Ara\u00fajo Vianna domingo"},"previousItem":{"@type":"ListItem","@id":"https:\/\/www.jornalja.com.br\/arquivo#listItem","name":"Home"}},{"@type":"ListItem","@id":"https:\/\/www.jornalja.com.br\/arquivo\/banda-municipal-e-ospa-tocam-de-graca-no-araujo-vianna-domingo\/#listItem","position":3,"name":"Banda Municipal e Ospa tocam de gra\u00e7a no Ara\u00fajo Vianna domingo","previousItem":{"@type":"ListItem","@id":"https:\/\/www.jornalja.com.br\/arquivo\/category\/materiasecundaria\/#listItem","name":"Cultura-Geral"}}]},{"@type":"Organization","@id":"https:\/\/www.jornalja.com.br\/arquivo\/#organization","name":"Jornal J\u00c1","description":"Jornal J\u00c1 | Porto Alegre","url":"https:\/\/www.jornalja.com.br\/arquivo\/","telephone":"+555133307272","logo":{"@type":"ImageObject","url":"https:\/\/www.jornalja.com.br\/wp-content\/uploads\/cards\/JAslogan.png","@id":"https:\/\/www.jornalja.com.br\/arquivo\/banda-municipal-e-ospa-tocam-de-graca-no-araujo-vianna-domingo\/#organizationLogo"},"image":{"@id":"https:\/\/www.jornalja.com.br\/arquivo\/banda-municipal-e-ospa-tocam-de-graca-no-araujo-vianna-domingo\/#organizationLogo"}},{"@type":"Person","@id":"https:\/\/www.jornalja.com.br\/arquivo\/author\/daredacao\/#author","url":"https:\/\/www.jornalja.com.br\/arquivo\/author\/daredacao\/","name":"da Reda\u00e7\u00e3o","image":{"@type":"ImageObject","@id":"https:\/\/www.jornalja.com.br\/arquivo\/banda-municipal-e-ospa-tocam-de-graca-no-araujo-vianna-domingo\/#authorImage","url":"https:\/\/secure.gravatar.com\/avatar\/469fd857d6605ad19919d27ed29d35a968a25f6e8fd9318356bbb7f57aae9c65?s=96&d=mm&r=g","width":96,"height":96,"caption":"da Reda\u00e7\u00e3o"}},{"@type":"WebPage","@id":"https:\/\/www.jornalja.com.br\/arquivo\/banda-municipal-e-ospa-tocam-de-graca-no-araujo-vianna-domingo\/#webpage","url":"https:\/\/www.jornalja.com.br\/arquivo\/banda-municipal-e-ospa-tocam-de-graca-no-araujo-vianna-domingo\/","name":"Banda Municipal e Ospa tocam de gra\u00e7a no Ara\u00fajo Vianna domingo | Arquivo","inLanguage":"pt-BR","isPartOf":{"@id":"https:\/\/www.jornalja.com.br\/arquivo\/#website"},"breadcrumb":{"@id":"https:\/\/www.jornalja.com.br\/arquivo\/banda-municipal-e-ospa-tocam-de-graca-no-araujo-vianna-domingo\/#breadcrumblist"},"author":{"@id":"https:\/\/www.jornalja.com.br\/arquivo\/author\/daredacao\/#author"},"creator":{"@id":"https:\/\/www.jornalja.com.br\/arquivo\/author\/daredacao\/#author"},"image":{"@type":"ImageObject","url":41471,"@id":"https:\/\/www.jornalja.com.br\/arquivo\/banda-municipal-e-ospa-tocam-de-graca-no-araujo-vianna-domingo\/#mainImage"},"primaryImageOfPage":{"@id":"https:\/\/www.jornalja.com.br\/arquivo\/banda-municipal-e-ospa-tocam-de-graca-no-araujo-vianna-domingo\/#mainImage"},"datePublished":"2016-11-18T14:07:03-02:00","dateModified":"2016-11-18T14:07:03-02:00"},{"@type":"WebSite","@id":"https:\/\/www.jornalja.com.br\/arquivo\/#website","url":"https:\/\/www.jornalja.com.br\/arquivo\/","name":"Arquivo","description":"Jornal J\u00c1 | Porto Alegre","inLanguage":"pt-BR","publisher":{"@id":"https:\/\/www.jornalja.com.br\/arquivo\/#organization"}}]},"og:locale":"pt_BR","og:site_name":"Arquivo | Jornal J\u00c1 | Porto Alegre","og:type":"article","og:title":"Banda Municipal e Ospa tocam de gra\u00e7a no Ara\u00fajo Vianna domingo | Arquivo","og:url":"https:\/\/www.jornalja.com.br\/arquivo\/banda-municipal-e-ospa-tocam-de-graca-no-araujo-vianna-domingo\/","og:image":"https:\/\/www.jornalja.com.br\/economics\/wp-content\/uploads\/sites\/11\/2026\/08\/ja-folhaderosto-facebook.jpg","og:image:secure_url":"https:\/\/www.jornalja.com.br\/economics\/wp-content\/uploads\/sites\/11\/2026\/08\/ja-folhaderosto-facebook.jpg","article:published_time":"2016-11-18T17:07:03+00:00","article:modified_time":"2016-11-18T17:07:03+00:00","twitter:card":"summary","twitter:title":"Banda Municipal e Ospa tocam de gra\u00e7a no Ara\u00fajo Vianna domingo | Arquivo","twitter:image":"https:\/\/www.jornalja.com.br\/economics\/wp-content\/uploads\/sites\/11\/2026\/08\/ja-folhaderosto-facebook.jpg"},"aioseo_meta_data":{"post_id":"41469","title":null,"description":null,"keywords":null,"keyphrases":null,"primary_term":null,"canonical_url":null,"og_title":null,"og_description":null,"og_object_type":"default","og_image_type":"default","og_image_url":null,"og_image_width":null,"og_image_height":null,"og_image_custom_url":null,"og_image_custom_fields":null,"og_video":null,"og_custom_url":null,"og_article_section":null,"og_article_tags":null,"twitter_use_og":false,"twitter_card":"default","twitter_image_type":"default","twitter_image_url":null,"twitter_image_custom_url":null,"twitter_image_custom_fields":null,"twitter_title":null,"twitter_description":null,"schema":{"blockGraphs":[],"customGraphs":[],"default":{"data":{"Article":[],"Course":[],"Dataset":[],"FAQPage":[],"Movie":[],"Person":[],"Product":[],"ProductReview":[],"Car":[],"Recipe":[],"Service":[],"SoftwareApplication":[],"WebPage":[]},"graphName":"","isEnabled":true},"graphs":[],"defaultGraph":"","defaultPostTypeGraph":""},"schema_type":null,"schema_type_options":null,"pillar_content":false,"robots_default":true,"robots_noindex":false,"robots_noarchive":false,"robots_nosnippet":false,"robots_nofollow":false,"robots_noimageindex":false,"robots_noodp":false,"robots_notranslate":false,"robots_max_snippet":null,"robots_max_videopreview":null,"robots_max_imagepreview":"large","priority":null,"frequency":null,"location":null,"local_seo":null,"breadcrumb_settings":null,"limit_modified_date":false,"ai":null,"created":"2020-12-20 20:44:55","updated":"2025-07-19 18:16:12","seo_analyzer_scan_date":null,"focus_keyword":null,"additional_keywords":null,"truseo_locale":null},"jetpack_sharing_enabled":true,"jetpack-related-posts":[{"id":13124,"url":"https:\/\/www.jornalja.com.br\/arquivo\/sangue-latino-no-iecine\/","url_meta":{"origin":41469,"position":0},"title":"Sangue latino no IECINE","author":"da Reda\u00e7\u00e3o","date":"18 de maio de 2014","format":false,"excerpt":"Francisco Ribeiro O Instituto Estadual de Cinema (IECINE) tem a frente, desde abril \u00faltimo, um novo diretor, o cineasta colombiano Juan Zapata, 36, que substitui Luiz Alberto Cassol. Radicado h\u00e1 dez anos em Porto Alegre, Zapata tem diante de si o desafio de conduzir at\u00e9 o final do ano um\u2026","rel":"","context":"Em &quot;Cultura-Geral&quot;","block_context":{"text":"Cultura-Geral","link":"https:\/\/www.jornalja.com.br\/arquivo\/category\/materiasecundaria\/"},"img":{"alt_text":"","src":"","width":0,"height":0},"classes":[]},{"id":1280,"url":"https:\/\/www.jornalja.com.br\/arquivo\/o-menino-que-se-tornou-brizola\/","url_meta":{"origin":41469,"position":1},"title":"O Menino que se Tornou Brizola","author":"da Reda\u00e7\u00e3o","date":"28 de julho de 2008","format":false,"excerpt":"Autor: Cleber Dioni A vida de Leonel Brizola, com \u00eanfase para os primeiros anos em Porto Alegre, at\u00e9 o ex\u00edlio no Uruguai e a volta, quinze anos depois. \u00a0\"...\u00c9ramos todos jovens e nos identific\u00e1vamos com aquela massa an\u00f4nima a percorrer as ruas de Porto Alegre, gritando 'Get\u00falio', 'Get\u00falio' e empunhando\u2026","rel":"","context":"Em &quot;Livros&quot;","block_context":{"text":"Livros","link":"https:\/\/www.jornalja.com.br\/arquivo\/category\/livros\/"},"img":{"alt_text":"","src":"https:\/\/i0.wp.com\/www.jornalja.com.br\/wp-content\/uploads\/2008\/07\/brizola.gif?resize=350%2C200&ssl=1","width":350,"height":200},"classes":[]},{"id":5440,"url":"https:\/\/www.jornalja.com.br\/arquivo\/casarao-da-venancio-destino-permanece-incerto\/","url_meta":{"origin":41469,"position":2},"title":"Estado ainda n\u00e3o sabe o que fazer com casar\u00e3o abandonado h\u00e1 20 anos","author":"Elmar Bones","date":"6 de julho de 2009","format":false,"excerpt":"O casar\u00e3o amarelo, numa esquina nobre de Porto Alegre (Ven\u00e2ncio Aires com Jo\u00e3o Pessoa), j\u00e1 abrigou uma escola. H\u00e1 duas d\u00e9cadas, pelo menos, est\u00e1 abandonado, porque seu propriet\u00e1rio, o governo do Estado do Rio Grande do Sul, n\u00e3o consegue achar um destino para ele. Planos n\u00e3o faltaram. O governador Ol\u00edvio\u2026","rel":"","context":"Em &quot;X.Categorias velhas&quot;","block_context":{"text":"X.Categorias velhas","link":"https:\/\/www.jornalja.com.br\/arquivo\/category\/x-categorias-velhas\/"},"img":{"alt_text":"geraldo1","src":"https:\/\/i0.wp.com\/www.jornalja.com.br\/wp-content\/uploads\/2009\/07\/geraldo1.jpg?resize=350%2C200&ssl=1","width":350,"height":200},"classes":[]},{"id":14241,"url":"https:\/\/www.jornalja.com.br\/arquivo\/o-guaiba-nas-imagens-poeticas-de-achutti\/","url_meta":{"origin":41469,"position":3},"title":"O Gua\u00edba nas imagens po\u00e9ticas de Achutti","author":"da Reda\u00e7\u00e3o","date":"18 de junho de 2014","format":false,"excerpt":"Em \u201cO Gua\u00edba por Achutti\u201d \u2013 obra financiada via Minist\u00e9rio da Cultura, produ\u00e7\u00e3o executiva de Pedro Longhi, e Fl\u00e1vio Wild como designer \u2013, o fot\u00f3grafo revela a beleza e as mazelas de um espa\u00e7o aqu\u00e1tico de \u00e1guas sempre renovadas, cheio de hist\u00f3rias e lendas como as das cidades que foram\u2026","rel":"","context":"Em &quot;Cultura-Geral&quot;","block_context":{"text":"Cultura-Geral","link":"https:\/\/www.jornalja.com.br\/arquivo\/category\/materiasecundaria\/"},"img":{"alt_text":"","src":"","width":0,"height":0},"classes":[]},{"id":13240,"url":"https:\/\/www.jornalja.com.br\/arquivo\/plano-diretor-estamos-construindo-o-caos\/","url_meta":{"origin":41469,"position":4},"title":"Plano diretor: &quot;Estamos construindo o caos&quot;","author":"Patr\u00edcia Marini","date":"26 de maio de 2014","format":false,"excerpt":"Desabafo que arquiteta Eliana Castilhos, delegada da Regi\u00e3o de Planejamento 1, postou nas redes sociais \u00e9 um testemunho do ambiente que se criou no Conselho do Plano Diretor de Porto Alegre, onde a aprova\u00e7\u00e3o de grandes empreendimentos \u00e9 empurrada guela abaixo dos conselheiros. Ao CMDUA Como delegada da Regi\u00e3o de\u2026","rel":"","context":"Em &quot;Geral&quot;","block_context":{"text":"Geral","link":"https:\/\/www.jornalja.com.br\/arquivo\/category\/geral\/"},"img":{"alt_text":"","src":"","width":0,"height":0},"classes":[]},{"id":12960,"url":"https:\/\/www.jornalja.com.br\/arquivo\/populacao-culpa-empresas-pela-greve-dos-rodoviarios\/","url_meta":{"origin":41469,"position":5},"title":"Popula\u00e7\u00e3o culpa empresas pela greve","author":"Patr\u00edcia Marini","date":"14 de fevereiro de 2014","format":false,"excerpt":"Pesquisa divulgada na edi\u00e7\u00e3o do jornal Metro desta sexta-feira,14, comprova o velho ditado: \u00e9 poss\u00edvel enganar muitos por algum tempo, mas n\u00e3o \u00e9 poss\u00edvel enganar a todos o tempo inteiro. A principal revela\u00e7\u00e3o foi que 59,8% dos entrevistados apontaram as empresas como as principais respons\u00e1veis pela grave e 46% culparam\u2026","rel":"","context":"Em &quot;X.Categorias velhas&quot;","block_context":{"text":"X.Categorias velhas","link":"https:\/\/www.jornalja.com.br\/arquivo\/category\/x-categorias-velhas\/"},"img":{"alt_text":"","src":"","width":0,"height":0},"classes":[]}],"jetpack_shortlink":"https:\/\/wp.me\/pbQjBd-aMR","jetpack_featured_media_url":"","_links":{"self":[{"href":"https:\/\/www.jornalja.com.br\/arquivo\/wp-json\/wp\/v2\/posts\/41469","targetHints":{"allow":["GET"]}}],"collection":[{"href":"https:\/\/www.jornalja.com.br\/arquivo\/wp-json\/wp\/v2\/posts"}],"about":[{"href":"https:\/\/www.jornalja.com.br\/arquivo\/wp-json\/wp\/v2\/types\/post"}],"author":[{"embeddable":true,"href":"https:\/\/www.jornalja.com.br\/arquivo\/wp-json\/wp\/v2\/users\/4"}],"replies":[{"embeddable":true,"href":"https:\/\/www.jornalja.com.br\/arquivo\/wp-json\/wp\/v2\/comments?post=41469"}],"version-history":[{"count":0,"href":"https:\/\/www.jornalja.com.br\/arquivo\/wp-json\/wp\/v2\/posts\/41469\/revisions"}],"wp:attachment":[{"href":"https:\/\/www.jornalja.com.br\/arquivo\/wp-json\/wp\/v2\/media?parent=41469"}],"wp:term":[{"taxonomy":"category","embeddable":true,"href":"https:\/\/www.jornalja.com.br\/arquivo\/wp-json\/wp\/v2\/categories?post=41469"},{"taxonomy":"post_tag","embeddable":true,"href":"https:\/\/www.jornalja.com.br\/arquivo\/wp-json\/wp\/v2\/tags?post=41469"}],"curies":[{"name":"wp","href":"https:\/\/api.w.org\/{rel}","templated":true}]}}