{"id":41499,"date":"2016-11-18T23:41:45","date_gmt":"2016-11-19T02:41:45","guid":{"rendered":"https:\/\/www.jornalja.com.br\/?p=41499"},"modified":"2016-11-18T23:41:45","modified_gmt":"2016-11-19T02:41:45","slug":"mosaicografia-cai-no-gosto-do-povo-e-muda-a-cena-no-largo-glenio-peres","status":"publish","type":"post","link":"https:\/\/www.jornalja.com.br\/arquivo\/mosaicografia-cai-no-gosto-do-povo-e-muda-a-cena-no-largo-glenio-peres\/","title":{"rendered":"Mosaicografia cai no gosto do povo e muda a cena no Largo Gl\u00eanio Peres"},"content":{"rendered":"<p>Termina no pr\u00f3ximo domingo, dia 20, a exposi\u00e7\u00e3o ao ar livre <a href=\"https:\/\/www.jornalja.com.br\/mosaicografia-traz-centenas-de-facetas-da-sustentabilidade\/\">Mosaicografia 2016<\/a>, que durante 16 dias mostrou no Largo Gl\u00eanio Peres, 400 fotos de profissionais e amadores de 14 pa\u00edses. Neste per\u00edodo, mudou a cena em frente ao Mercado P\u00fablico, onde circulam cerca de 200 mil pessoas, diariamente.<br \/>\n<figure id=\"attachment_41502\" aria-describedby=\"caption-attachment-41502\" style=\"width: 300px\" class=\"wp-caption alignright\"><img loading=\"lazy\" decoding=\"async\" class=\"size-medium wp-image-41502\" src=\"https:\/\/www.jornalja.com.br\/wp-content\/uploads\/2016\/11\/mosaico-e-o-povo-300x169.jpg\" alt=\"Foto Jornal J\u00c1\" width=\"300\" height=\"169\" \/><figcaption id=\"caption-attachment-41502\" class=\"wp-caption-text\">Raros s\u00e3o os passantes que n\u00e3o d\u00e3o ao menos uma paradinha, atra\u00eddos pelas fotos \/PM\/J\u00c1<\/figcaption><\/figure><br \/>\nO fato de praticamente n\u00e3o haver nenhum dano causado aos grandes pain\u00e9is com as fotografias, impressionou favoravelmente aos organizadores da mostra. Como em geral, obras de artes sem prote\u00e7\u00e3o rigorosa sofrem vandalismo, um dos curadores da exposi\u00e7\u00e3o, o fot\u00f3grafo Marcos Monteiro, comemorou o fato da Mosaicografia ter o reconhecimento e o respeito por parte da popula\u00e7\u00e3o que transitou pelo Largo Gl\u00eanio Peres.<br \/>\n<img loading=\"lazy\" decoding=\"async\" class=\" wp-image-41500 alignleft\" src=\"https:\/\/www.jornalja.com.br\/wp-content\/uploads\/2016\/11\/mosaico-fot-vandalizada-300x234.png\" alt=\"mosaico-fot-vandalizada\" width=\"361\" height=\"284\" \/>\u201cSomente uma foto, da canadense Sarah Palmer, que reproduz uma foto do Donald Trump, sofreu uma interven\u00e7\u00e3o, digamos assim. Algu\u00e9m escreveu nela mensagem de apoio aos imigrantes e a favor dos LGBT. Quando a Sarah soube do fato, adorou&#8221;, contou\u00a0Monteiro.<br \/>\nA Mosaicografia tem a organiza\u00e7\u00e3o, produ\u00e7\u00e3o executiva e curadoria dos fot\u00f3grafos Ot\u00e1vio Teixeira, Marcos Monteiro e Gilberto Perin. Por interm\u00e9dio da lei federal de incentivo \u00e0 cultura, do Minist\u00e9rio da Cultura, obteve patroc\u00ednio da TimacAgro e apoio institucional da Alian\u00e7a Francesa e da Prefeitura de Porto Alegre, e apoio da Virada Sustent\u00e1vel de Porto Alegre.<br \/>\n&nbsp;<\/p>\n","protected":false},"excerpt":{"rendered":"<p>Termina no pr\u00f3ximo domingo, dia 20, a exposi\u00e7\u00e3o ao ar livre Mosaicografia 2016, que durante 16 dias mostrou no Largo Gl\u00eanio Peres, 400 fotos de profissionais e amadores de 14 pa\u00edses. Neste per\u00edodo, mudou a cena em frente ao Mercado P\u00fablico, onde circulam cerca de 200 mil pessoas, diariamente. O fato de praticamente n\u00e3o haver [&hellip;]<\/p>\n","protected":false},"author":4,"featured_media":41501,"comment_status":"open","ping_status":"closed","sticky":false,"template":"","format":"standard","meta":{"_jetpack_newsletter_access":"","_jetpack_dont_email_post_to_subs":false,"_jetpack_newsletter_tier_id":0,"_jetpack_memberships_contains_paywalled_content":false,"_jetpack_feature_clip_id":0,"_jetpack_memberships_contains_paid_content":false,"footnotes":"","jetpack_post_was_ever_published":false},"categories":[11],"tags":[],"class_list":["post-41499","post","type-post","status-publish","format-standard","has-post-thumbnail","hentry","category-materiasecundaria"],"aioseo_notices":[],"aioseo_head":"\n\t\t<!-- All in One SEO 5.0.1.1 - aioseo.com -->\n\t<meta name=\"robots\" content=\"max-image-preview:large\" \/>\n\t<meta name=\"author\" content=\"da Reda\u00e7\u00e3o\"\/>\n\t<link rel=\"canonical\" href=\"https:\/\/www.jornalja.com.br\/arquivo\/mosaicografia-cai-no-gosto-do-povo-e-muda-a-cena-no-largo-glenio-peres\/\" \/>\n\t<meta name=\"generator\" content=\"All in One SEO (AIOSEO) 5.0.1.1\" \/>\n\t\t<meta property=\"og:locale\" content=\"pt_BR\" \/>\n\t\t<meta property=\"og:site_name\" content=\"Arquivo | Jornal J\u00c1 | Porto Alegre\" \/>\n\t\t<meta property=\"og:type\" content=\"article\" \/>\n\t\t<meta property=\"og:title\" content=\"Mosaicografia cai no gosto do povo e muda a cena no Largo Gl\u00eanio Peres | Arquivo\" \/>\n\t\t<meta property=\"og:url\" content=\"https:\/\/www.jornalja.com.br\/arquivo\/mosaicografia-cai-no-gosto-do-povo-e-muda-a-cena-no-largo-glenio-peres\/\" \/>\n\t\t<meta property=\"og:image\" content=\"https:\/\/www.jornalja.com.br\/wp-content\/uploads\/2016\/11\/mosaico-e-o-povo-300x169.jpg\" \/>\n\t\t<meta property=\"og:image:secure_url\" content=\"https:\/\/www.jornalja.com.br\/wp-content\/uploads\/2016\/11\/mosaico-e-o-povo-300x169.jpg\" \/>\n\t\t<meta property=\"article:published_time\" content=\"2016-11-19T02:41:45+00:00\" \/>\n\t\t<meta property=\"article:modified_time\" content=\"2016-11-19T02:41:45+00:00\" \/>\n\t\t<meta name=\"twitter:card\" content=\"summary\" \/>\n\t\t<meta name=\"twitter:title\" content=\"Mosaicografia cai no gosto do povo e muda a cena no Largo Gl\u00eanio Peres | Arquivo\" \/>\n\t\t<meta name=\"twitter:image\" content=\"https:\/\/www.jornalja.com.br\/economics\/wp-content\/uploads\/sites\/11\/2026\/08\/ja-folhaderosto-facebook.jpg\" \/>\n\t\t<script type=\"application\/ld+json\" class=\"aioseo-schema\">\n\t\t\t{\"@context\":\"https:\\\/\\\/schema.org\",\"@graph\":[{\"@type\":\"BlogPosting\",\"@id\":\"https:\\\/\\\/www.jornalja.com.br\\\/arquivo\\\/mosaicografia-cai-no-gosto-do-povo-e-muda-a-cena-no-largo-glenio-peres\\\/#blogposting\",\"name\":\"Mosaicografia cai no gosto do povo e muda a cena no Largo Gl\\u00eanio Peres | Arquivo\",\"headline\":\"Mosaicografia cai no gosto do povo e muda a cena no Largo Gl\\u00eanio Peres\",\"author\":{\"@id\":\"https:\\\/\\\/www.jornalja.com.br\\\/arquivo\\\/author\\\/daredacao\\\/#author\"},\"publisher\":{\"@id\":\"https:\\\/\\\/www.jornalja.com.br\\\/arquivo\\\/#organization\"},\"image\":{\"@type\":\"ImageObject\",\"url\":41501},\"datePublished\":\"2016-11-18T23:41:45-02:00\",\"dateModified\":\"2016-11-18T23:41:45-02:00\",\"inLanguage\":\"pt-BR\",\"mainEntityOfPage\":{\"@id\":\"https:\\\/\\\/www.jornalja.com.br\\\/arquivo\\\/mosaicografia-cai-no-gosto-do-povo-e-muda-a-cena-no-largo-glenio-peres\\\/#webpage\"},\"isPartOf\":{\"@id\":\"https:\\\/\\\/www.jornalja.com.br\\\/arquivo\\\/mosaicografia-cai-no-gosto-do-povo-e-muda-a-cena-no-largo-glenio-peres\\\/#webpage\"},\"articleSection\":\"Cultura-Geral\"},{\"@type\":\"BreadcrumbList\",\"@id\":\"https:\\\/\\\/www.jornalja.com.br\\\/arquivo\\\/mosaicografia-cai-no-gosto-do-povo-e-muda-a-cena-no-largo-glenio-peres\\\/#breadcrumblist\",\"itemListElement\":[{\"@type\":\"ListItem\",\"@id\":\"https:\\\/\\\/www.jornalja.com.br\\\/arquivo#listItem\",\"position\":1,\"name\":\"Home\",\"item\":\"https:\\\/\\\/www.jornalja.com.br\\\/arquivo\",\"nextItem\":{\"@type\":\"ListItem\",\"@id\":\"https:\\\/\\\/www.jornalja.com.br\\\/arquivo\\\/category\\\/materiasecundaria\\\/#listItem\",\"name\":\"Cultura-Geral\"}},{\"@type\":\"ListItem\",\"@id\":\"https:\\\/\\\/www.jornalja.com.br\\\/arquivo\\\/category\\\/materiasecundaria\\\/#listItem\",\"position\":2,\"name\":\"Cultura-Geral\",\"item\":\"https:\\\/\\\/www.jornalja.com.br\\\/arquivo\\\/category\\\/materiasecundaria\\\/\",\"nextItem\":{\"@type\":\"ListItem\",\"@id\":\"https:\\\/\\\/www.jornalja.com.br\\\/arquivo\\\/mosaicografia-cai-no-gosto-do-povo-e-muda-a-cena-no-largo-glenio-peres\\\/#listItem\",\"name\":\"Mosaicografia cai no gosto do povo e muda a cena no Largo Gl\\u00eanio Peres\"},\"previousItem\":{\"@type\":\"ListItem\",\"@id\":\"https:\\\/\\\/www.jornalja.com.br\\\/arquivo#listItem\",\"name\":\"Home\"}},{\"@type\":\"ListItem\",\"@id\":\"https:\\\/\\\/www.jornalja.com.br\\\/arquivo\\\/mosaicografia-cai-no-gosto-do-povo-e-muda-a-cena-no-largo-glenio-peres\\\/#listItem\",\"position\":3,\"name\":\"Mosaicografia cai no gosto do povo e muda a cena no Largo Gl\\u00eanio Peres\",\"previousItem\":{\"@type\":\"ListItem\",\"@id\":\"https:\\\/\\\/www.jornalja.com.br\\\/arquivo\\\/category\\\/materiasecundaria\\\/#listItem\",\"name\":\"Cultura-Geral\"}}]},{\"@type\":\"Organization\",\"@id\":\"https:\\\/\\\/www.jornalja.com.br\\\/arquivo\\\/#organization\",\"name\":\"Jornal J\\u00c1\",\"description\":\"Jornal J\\u00c1 | Porto Alegre\",\"url\":\"https:\\\/\\\/www.jornalja.com.br\\\/arquivo\\\/\",\"telephone\":\"+555133307272\",\"logo\":{\"@type\":\"ImageObject\",\"url\":\"https:\\\/\\\/www.jornalja.com.br\\\/wp-content\\\/uploads\\\/cards\\\/JAslogan.png\",\"@id\":\"https:\\\/\\\/www.jornalja.com.br\\\/arquivo\\\/mosaicografia-cai-no-gosto-do-povo-e-muda-a-cena-no-largo-glenio-peres\\\/#organizationLogo\"},\"image\":{\"@id\":\"https:\\\/\\\/www.jornalja.com.br\\\/arquivo\\\/mosaicografia-cai-no-gosto-do-povo-e-muda-a-cena-no-largo-glenio-peres\\\/#organizationLogo\"}},{\"@type\":\"Person\",\"@id\":\"https:\\\/\\\/www.jornalja.com.br\\\/arquivo\\\/author\\\/daredacao\\\/#author\",\"url\":\"https:\\\/\\\/www.jornalja.com.br\\\/arquivo\\\/author\\\/daredacao\\\/\",\"name\":\"da Reda\\u00e7\\u00e3o\",\"image\":{\"@type\":\"ImageObject\",\"@id\":\"https:\\\/\\\/www.jornalja.com.br\\\/arquivo\\\/mosaicografia-cai-no-gosto-do-povo-e-muda-a-cena-no-largo-glenio-peres\\\/#authorImage\",\"url\":\"https:\\\/\\\/secure.gravatar.com\\\/avatar\\\/469fd857d6605ad19919d27ed29d35a968a25f6e8fd9318356bbb7f57aae9c65?s=96&d=mm&r=g\",\"width\":96,\"height\":96,\"caption\":\"da Reda\\u00e7\\u00e3o\"}},{\"@type\":\"WebPage\",\"@id\":\"https:\\\/\\\/www.jornalja.com.br\\\/arquivo\\\/mosaicografia-cai-no-gosto-do-povo-e-muda-a-cena-no-largo-glenio-peres\\\/#webpage\",\"url\":\"https:\\\/\\\/www.jornalja.com.br\\\/arquivo\\\/mosaicografia-cai-no-gosto-do-povo-e-muda-a-cena-no-largo-glenio-peres\\\/\",\"name\":\"Mosaicografia cai no gosto do povo e muda a cena no Largo Gl\\u00eanio Peres | Arquivo\",\"inLanguage\":\"pt-BR\",\"isPartOf\":{\"@id\":\"https:\\\/\\\/www.jornalja.com.br\\\/arquivo\\\/#website\"},\"breadcrumb\":{\"@id\":\"https:\\\/\\\/www.jornalja.com.br\\\/arquivo\\\/mosaicografia-cai-no-gosto-do-povo-e-muda-a-cena-no-largo-glenio-peres\\\/#breadcrumblist\"},\"author\":{\"@id\":\"https:\\\/\\\/www.jornalja.com.br\\\/arquivo\\\/author\\\/daredacao\\\/#author\"},\"creator\":{\"@id\":\"https:\\\/\\\/www.jornalja.com.br\\\/arquivo\\\/author\\\/daredacao\\\/#author\"},\"image\":{\"@type\":\"ImageObject\",\"url\":41501,\"@id\":\"https:\\\/\\\/www.jornalja.com.br\\\/arquivo\\\/mosaicografia-cai-no-gosto-do-povo-e-muda-a-cena-no-largo-glenio-peres\\\/#mainImage\"},\"primaryImageOfPage\":{\"@id\":\"https:\\\/\\\/www.jornalja.com.br\\\/arquivo\\\/mosaicografia-cai-no-gosto-do-povo-e-muda-a-cena-no-largo-glenio-peres\\\/#mainImage\"},\"datePublished\":\"2016-11-18T23:41:45-02:00\",\"dateModified\":\"2016-11-18T23:41:45-02:00\"},{\"@type\":\"WebSite\",\"@id\":\"https:\\\/\\\/www.jornalja.com.br\\\/arquivo\\\/#website\",\"url\":\"https:\\\/\\\/www.jornalja.com.br\\\/arquivo\\\/\",\"name\":\"Arquivo\",\"description\":\"Jornal J\\u00c1 | Porto Alegre\",\"inLanguage\":\"pt-BR\",\"publisher\":{\"@id\":\"https:\\\/\\\/www.jornalja.com.br\\\/arquivo\\\/#organization\"}}]}\n\t\t<\/script>\n\t\t<!-- All in One SEO -->\n\n","aioseo_head_json":{"title":"Mosaicografia cai no gosto do povo e muda a cena no Largo Gl\u00eanio Peres | Arquivo","description":"","canonical_url":"https:\/\/www.jornalja.com.br\/arquivo\/mosaicografia-cai-no-gosto-do-povo-e-muda-a-cena-no-largo-glenio-peres\/","robots":"max-image-preview:large","keywords":"","webmasterTools":{"miscellaneous":""},"schema":{"@context":"https:\/\/schema.org","@graph":[{"@type":"BlogPosting","@id":"https:\/\/www.jornalja.com.br\/arquivo\/mosaicografia-cai-no-gosto-do-povo-e-muda-a-cena-no-largo-glenio-peres\/#blogposting","name":"Mosaicografia cai no gosto do povo e muda a cena no Largo Gl\u00eanio Peres | Arquivo","headline":"Mosaicografia cai no gosto do povo e muda a cena no Largo Gl\u00eanio Peres","author":{"@id":"https:\/\/www.jornalja.com.br\/arquivo\/author\/daredacao\/#author"},"publisher":{"@id":"https:\/\/www.jornalja.com.br\/arquivo\/#organization"},"image":{"@type":"ImageObject","url":41501},"datePublished":"2016-11-18T23:41:45-02:00","dateModified":"2016-11-18T23:41:45-02:00","inLanguage":"pt-BR","mainEntityOfPage":{"@id":"https:\/\/www.jornalja.com.br\/arquivo\/mosaicografia-cai-no-gosto-do-povo-e-muda-a-cena-no-largo-glenio-peres\/#webpage"},"isPartOf":{"@id":"https:\/\/www.jornalja.com.br\/arquivo\/mosaicografia-cai-no-gosto-do-povo-e-muda-a-cena-no-largo-glenio-peres\/#webpage"},"articleSection":"Cultura-Geral"},{"@type":"BreadcrumbList","@id":"https:\/\/www.jornalja.com.br\/arquivo\/mosaicografia-cai-no-gosto-do-povo-e-muda-a-cena-no-largo-glenio-peres\/#breadcrumblist","itemListElement":[{"@type":"ListItem","@id":"https:\/\/www.jornalja.com.br\/arquivo#listItem","position":1,"name":"Home","item":"https:\/\/www.jornalja.com.br\/arquivo","nextItem":{"@type":"ListItem","@id":"https:\/\/www.jornalja.com.br\/arquivo\/category\/materiasecundaria\/#listItem","name":"Cultura-Geral"}},{"@type":"ListItem","@id":"https:\/\/www.jornalja.com.br\/arquivo\/category\/materiasecundaria\/#listItem","position":2,"name":"Cultura-Geral","item":"https:\/\/www.jornalja.com.br\/arquivo\/category\/materiasecundaria\/","nextItem":{"@type":"ListItem","@id":"https:\/\/www.jornalja.com.br\/arquivo\/mosaicografia-cai-no-gosto-do-povo-e-muda-a-cena-no-largo-glenio-peres\/#listItem","name":"Mosaicografia cai no gosto do povo e muda a cena no Largo Gl\u00eanio Peres"},"previousItem":{"@type":"ListItem","@id":"https:\/\/www.jornalja.com.br\/arquivo#listItem","name":"Home"}},{"@type":"ListItem","@id":"https:\/\/www.jornalja.com.br\/arquivo\/mosaicografia-cai-no-gosto-do-povo-e-muda-a-cena-no-largo-glenio-peres\/#listItem","position":3,"name":"Mosaicografia cai no gosto do povo e muda a cena no Largo Gl\u00eanio Peres","previousItem":{"@type":"ListItem","@id":"https:\/\/www.jornalja.com.br\/arquivo\/category\/materiasecundaria\/#listItem","name":"Cultura-Geral"}}]},{"@type":"Organization","@id":"https:\/\/www.jornalja.com.br\/arquivo\/#organization","name":"Jornal J\u00c1","description":"Jornal J\u00c1 | Porto Alegre","url":"https:\/\/www.jornalja.com.br\/arquivo\/","telephone":"+555133307272","logo":{"@type":"ImageObject","url":"https:\/\/www.jornalja.com.br\/wp-content\/uploads\/cards\/JAslogan.png","@id":"https:\/\/www.jornalja.com.br\/arquivo\/mosaicografia-cai-no-gosto-do-povo-e-muda-a-cena-no-largo-glenio-peres\/#organizationLogo"},"image":{"@id":"https:\/\/www.jornalja.com.br\/arquivo\/mosaicografia-cai-no-gosto-do-povo-e-muda-a-cena-no-largo-glenio-peres\/#organizationLogo"}},{"@type":"Person","@id":"https:\/\/www.jornalja.com.br\/arquivo\/author\/daredacao\/#author","url":"https:\/\/www.jornalja.com.br\/arquivo\/author\/daredacao\/","name":"da Reda\u00e7\u00e3o","image":{"@type":"ImageObject","@id":"https:\/\/www.jornalja.com.br\/arquivo\/mosaicografia-cai-no-gosto-do-povo-e-muda-a-cena-no-largo-glenio-peres\/#authorImage","url":"https:\/\/secure.gravatar.com\/avatar\/469fd857d6605ad19919d27ed29d35a968a25f6e8fd9318356bbb7f57aae9c65?s=96&d=mm&r=g","width":96,"height":96,"caption":"da Reda\u00e7\u00e3o"}},{"@type":"WebPage","@id":"https:\/\/www.jornalja.com.br\/arquivo\/mosaicografia-cai-no-gosto-do-povo-e-muda-a-cena-no-largo-glenio-peres\/#webpage","url":"https:\/\/www.jornalja.com.br\/arquivo\/mosaicografia-cai-no-gosto-do-povo-e-muda-a-cena-no-largo-glenio-peres\/","name":"Mosaicografia cai no gosto do povo e muda a cena no Largo Gl\u00eanio Peres | Arquivo","inLanguage":"pt-BR","isPartOf":{"@id":"https:\/\/www.jornalja.com.br\/arquivo\/#website"},"breadcrumb":{"@id":"https:\/\/www.jornalja.com.br\/arquivo\/mosaicografia-cai-no-gosto-do-povo-e-muda-a-cena-no-largo-glenio-peres\/#breadcrumblist"},"author":{"@id":"https:\/\/www.jornalja.com.br\/arquivo\/author\/daredacao\/#author"},"creator":{"@id":"https:\/\/www.jornalja.com.br\/arquivo\/author\/daredacao\/#author"},"image":{"@type":"ImageObject","url":41501,"@id":"https:\/\/www.jornalja.com.br\/arquivo\/mosaicografia-cai-no-gosto-do-povo-e-muda-a-cena-no-largo-glenio-peres\/#mainImage"},"primaryImageOfPage":{"@id":"https:\/\/www.jornalja.com.br\/arquivo\/mosaicografia-cai-no-gosto-do-povo-e-muda-a-cena-no-largo-glenio-peres\/#mainImage"},"datePublished":"2016-11-18T23:41:45-02:00","dateModified":"2016-11-18T23:41:45-02:00"},{"@type":"WebSite","@id":"https:\/\/www.jornalja.com.br\/arquivo\/#website","url":"https:\/\/www.jornalja.com.br\/arquivo\/","name":"Arquivo","description":"Jornal J\u00c1 | Porto Alegre","inLanguage":"pt-BR","publisher":{"@id":"https:\/\/www.jornalja.com.br\/arquivo\/#organization"}}]},"og:locale":"pt_BR","og:site_name":"Arquivo | Jornal J\u00c1 | Porto Alegre","og:type":"article","og:title":"Mosaicografia cai no gosto do povo e muda a cena no Largo Gl\u00eanio Peres | Arquivo","og:url":"https:\/\/www.jornalja.com.br\/arquivo\/mosaicografia-cai-no-gosto-do-povo-e-muda-a-cena-no-largo-glenio-peres\/","og:image":"https:\/\/www.jornalja.com.br\/wp-content\/uploads\/2016\/11\/mosaico-e-o-povo-300x169.jpg","og:image:secure_url":"https:\/\/www.jornalja.com.br\/wp-content\/uploads\/2016\/11\/mosaico-e-o-povo-300x169.jpg","article:published_time":"2016-11-19T02:41:45+00:00","article:modified_time":"2016-11-19T02:41:45+00:00","twitter:card":"summary","twitter:title":"Mosaicografia cai no gosto do povo e muda a cena no Largo Gl\u00eanio Peres | Arquivo","twitter:image":"https:\/\/www.jornalja.com.br\/economics\/wp-content\/uploads\/sites\/11\/2026\/08\/ja-folhaderosto-facebook.jpg"},"aioseo_meta_data":{"post_id":"41499","title":null,"description":null,"keywords":null,"keyphrases":null,"primary_term":null,"canonical_url":null,"og_title":null,"og_description":null,"og_object_type":"default","og_image_type":"default","og_image_url":null,"og_image_width":null,"og_image_height":null,"og_image_custom_url":null,"og_image_custom_fields":null,"og_video":null,"og_custom_url":null,"og_article_section":null,"og_article_tags":null,"twitter_use_og":false,"twitter_card":"default","twitter_image_type":"default","twitter_image_url":null,"twitter_image_custom_url":null,"twitter_image_custom_fields":null,"twitter_title":null,"twitter_description":null,"schema":{"blockGraphs":[],"customGraphs":[],"default":{"data":{"Article":[],"Course":[],"Dataset":[],"FAQPage":[],"Movie":[],"Person":[],"Product":[],"ProductReview":[],"Car":[],"Recipe":[],"Service":[],"SoftwareApplication":[],"WebPage":[]},"graphName":"","isEnabled":true},"graphs":[],"defaultGraph":"","defaultPostTypeGraph":""},"schema_type":null,"schema_type_options":null,"pillar_content":false,"robots_default":true,"robots_noindex":false,"robots_noarchive":false,"robots_nosnippet":false,"robots_nofollow":false,"robots_noimageindex":false,"robots_noodp":false,"robots_notranslate":false,"robots_max_snippet":null,"robots_max_videopreview":null,"robots_max_imagepreview":"large","priority":null,"frequency":null,"location":null,"local_seo":null,"breadcrumb_settings":null,"limit_modified_date":false,"ai":null,"created":"2020-12-20 20:44:55","updated":"2025-07-19 18:16:57","seo_analyzer_scan_date":null,"focus_keyword":null,"additional_keywords":null,"truseo_locale":null},"jetpack_sharing_enabled":true,"jetpack-related-posts":[{"id":14241,"url":"https:\/\/www.jornalja.com.br\/arquivo\/o-guaiba-nas-imagens-poeticas-de-achutti\/","url_meta":{"origin":41499,"position":0},"title":"O Gua\u00edba nas imagens po\u00e9ticas de Achutti","author":"da Reda\u00e7\u00e3o","date":"18 de junho de 2014","format":false,"excerpt":"Em \u201cO Gua\u00edba por Achutti\u201d \u2013 obra financiada via Minist\u00e9rio da Cultura, produ\u00e7\u00e3o executiva de Pedro Longhi, e Fl\u00e1vio Wild como designer \u2013, o fot\u00f3grafo revela a beleza e as mazelas de um espa\u00e7o aqu\u00e1tico de \u00e1guas sempre renovadas, cheio de hist\u00f3rias e lendas como as das cidades que foram\u2026","rel":"","context":"Em &quot;Cultura-Geral&quot;","block_context":{"text":"Cultura-Geral","link":"https:\/\/www.jornalja.com.br\/arquivo\/category\/materiasecundaria\/"},"img":{"alt_text":"","src":"","width":0,"height":0},"classes":[]},{"id":13239,"url":"https:\/\/www.jornalja.com.br\/arquivo\/conselho-desdenha-do-plano-diretor\/","url_meta":{"origin":41499,"position":1},"title":"Porto Alegre: Conselho detona Plano Diretor","author":"Patr\u00edcia Marini","date":"25 de maio de 2014","format":false,"excerpt":"Den\u00fancia do arquiteto e \u00a0urbanista Ibir\u00e1 Santos Lucas. Ele diz que os conselheiros est\u00e3o votando com \"enorme irresponsabilidade\". \"Mudam regime com a maior naturalidade,,,regularizam absurdos de constru\u00e7\u00f5es irregulares... \"O CMDUA est\u00e1 flexibilizando a lei do plano diretor, de uma forma impactante na vida da cidade. Mudam regime com a maior\u2026","rel":"","context":"Em &quot;Geral&quot;","block_context":{"text":"Geral","link":"https:\/\/www.jornalja.com.br\/arquivo\/category\/geral\/"},"img":{"alt_text":"","src":"","width":0,"height":0},"classes":[]},{"id":13109,"url":"https:\/\/www.jornalja.com.br\/arquivo\/judiciario-reconhece-poluicao-eletromagnetica\/","url_meta":{"origin":41499,"position":2},"title":"Judici\u00e1rio reconhece polui\u00e7\u00e3o eletromagn\u00e9tica","author":"Patr\u00edcia Marini","date":"16 de maio de 2014","format":false,"excerpt":"A\u00e7\u00e3o de duas associa\u00e7\u00f5es de moradores foi acolhida pelo Tribunal de Justi\u00e7a de S\u00e3o Paulo que. em decis\u00e3o in\u00e9dita, determinou a redu\u00e7\u00e3o do campo eletromagn\u00e9tico gerado pelas linhas de transmiss\u00e3o de energia que cortam os bairros City Boa\u00e7ava e Alto de Pinheiros. \u00c9 a primeira vez que um tribunal do\u2026","rel":"","context":"Em &quot;X.Categorias velhas&quot;","block_context":{"text":"X.Categorias velhas","link":"https:\/\/www.jornalja.com.br\/arquivo\/category\/x-categorias-velhas\/"},"img":{"alt_text":"","src":"","width":0,"height":0},"classes":[]},{"id":13124,"url":"https:\/\/www.jornalja.com.br\/arquivo\/sangue-latino-no-iecine\/","url_meta":{"origin":41499,"position":3},"title":"Sangue latino no IECINE","author":"da Reda\u00e7\u00e3o","date":"18 de maio de 2014","format":false,"excerpt":"Francisco Ribeiro O Instituto Estadual de Cinema (IECINE) tem a frente, desde abril \u00faltimo, um novo diretor, o cineasta colombiano Juan Zapata, 36, que substitui Luiz Alberto Cassol. Radicado h\u00e1 dez anos em Porto Alegre, Zapata tem diante de si o desafio de conduzir at\u00e9 o final do ano um\u2026","rel":"","context":"Em &quot;Cultura-Geral&quot;","block_context":{"text":"Cultura-Geral","link":"https:\/\/www.jornalja.com.br\/arquivo\/category\/materiasecundaria\/"},"img":{"alt_text":"","src":"","width":0,"height":0},"classes":[]},{"id":13240,"url":"https:\/\/www.jornalja.com.br\/arquivo\/plano-diretor-estamos-construindo-o-caos\/","url_meta":{"origin":41499,"position":4},"title":"Plano diretor: &quot;Estamos construindo o caos&quot;","author":"Patr\u00edcia Marini","date":"26 de maio de 2014","format":false,"excerpt":"Desabafo que arquiteta Eliana Castilhos, delegada da Regi\u00e3o de Planejamento 1, postou nas redes sociais \u00e9 um testemunho do ambiente que se criou no Conselho do Plano Diretor de Porto Alegre, onde a aprova\u00e7\u00e3o de grandes empreendimentos \u00e9 empurrada guela abaixo dos conselheiros. Ao CMDUA Como delegada da Regi\u00e3o de\u2026","rel":"","context":"Em &quot;Geral&quot;","block_context":{"text":"Geral","link":"https:\/\/www.jornalja.com.br\/arquivo\/category\/geral\/"},"img":{"alt_text":"","src":"","width":0,"height":0},"classes":[]},{"id":13128,"url":"https:\/\/www.jornalja.com.br\/arquivo\/maconha-terra-diz-que-uso-medicinal-e-desculpa\/","url_meta":{"origin":41499,"position":5},"title":"Maconha: Terra diz que uso medicinal \u00e9 desculpa","author":"Patr\u00edcia Marini","date":"4 de junho de 2014","format":false,"excerpt":"A condi\u00e7\u00e3o de pol\u00edtico, em \u00e9poca de campanha de campanha eleitoral, tira for\u00e7a do discurso do m\u00e9dico Osmar Terra contra a legaliza\u00e7\u00e3o da maconha. A tese dele de que a libera\u00e7\u00e3o vai ampliar exponencialmente o consumo \u00e9 discutivel, o consumo \u00e9 corrente. Mas seus alertas quanto aos riscos tem que\u2026","rel":"","context":"Em &quot;X.Categorias velhas&quot;","block_context":{"text":"X.Categorias velhas","link":"https:\/\/www.jornalja.com.br\/arquivo\/category\/x-categorias-velhas\/"},"img":{"alt_text":"","src":"","width":0,"height":0},"classes":[]}],"jetpack_shortlink":"https:\/\/wp.me\/pbQjBd-aNl","jetpack_featured_media_url":"","_links":{"self":[{"href":"https:\/\/www.jornalja.com.br\/arquivo\/wp-json\/wp\/v2\/posts\/41499","targetHints":{"allow":["GET"]}}],"collection":[{"href":"https:\/\/www.jornalja.com.br\/arquivo\/wp-json\/wp\/v2\/posts"}],"about":[{"href":"https:\/\/www.jornalja.com.br\/arquivo\/wp-json\/wp\/v2\/types\/post"}],"author":[{"embeddable":true,"href":"https:\/\/www.jornalja.com.br\/arquivo\/wp-json\/wp\/v2\/users\/4"}],"replies":[{"embeddable":true,"href":"https:\/\/www.jornalja.com.br\/arquivo\/wp-json\/wp\/v2\/comments?post=41499"}],"version-history":[{"count":0,"href":"https:\/\/www.jornalja.com.br\/arquivo\/wp-json\/wp\/v2\/posts\/41499\/revisions"}],"wp:attachment":[{"href":"https:\/\/www.jornalja.com.br\/arquivo\/wp-json\/wp\/v2\/media?parent=41499"}],"wp:term":[{"taxonomy":"category","embeddable":true,"href":"https:\/\/www.jornalja.com.br\/arquivo\/wp-json\/wp\/v2\/categories?post=41499"},{"taxonomy":"post_tag","embeddable":true,"href":"https:\/\/www.jornalja.com.br\/arquivo\/wp-json\/wp\/v2\/tags?post=41499"}],"curies":[{"name":"wp","href":"https:\/\/api.w.org\/{rel}","templated":true}]}}