{"id":41512,"date":"2016-11-20T21:04:55","date_gmt":"2016-11-21T00:04:55","guid":{"rendered":"https:\/\/www.jornalja.com.br\/?p=41512"},"modified":"2016-11-20T21:04:55","modified_gmt":"2016-11-21T00:04:55","slug":"a-juventude-as-ocupacoes-e-o-movimento-contra-o-golpe","status":"publish","type":"post","link":"https:\/\/www.jornalja.com.br\/arquivo\/a-juventude-as-ocupacoes-e-o-movimento-contra-o-golpe\/","title":{"rendered":"A juventude, as ocupa\u00e7\u00f5es e o movimento contra o golpe"},"content":{"rendered":"<p>No dia 10 de novembro, no Sindicato dos Banc\u00e1rios, em Porto Alegre, ocorreu o debate <em>A juventude, as ocupa\u00e7\u00f5es e o movimento contra o golpe<\/em>, promovido pelo Comit\u00ea em Defesa da Democracia e do Estado Democr\u00e1tico de Direito. O prop\u00f3sito do evento foi aprofundar o entendimento do perfil inovador das novas formas do fazer pol\u00edtico, estreitar rela\u00e7\u00f5es com esses novos grupos de jovens e favorecer um ambiente de efetivo apoio e solidariedade do referido comit\u00ea \u00e0s a\u00e7\u00f5es e lutas protagonizadas pelos estudantes em defesa da democracia e dos interesses do pa\u00eds. Participaram do evento representantes de algumas das 39 ocupa\u00e7\u00f5es da UFRGS \u2013 Instituto de Letras, Faculdade de Educa\u00e7\u00e3o, Bacharelado Interdisciplinar em Ci\u00eancia e Tecnologia e Licenciatura em Educa\u00e7\u00e3o do Campo (Campus Litoral Norte), Biologia Marinha (CECLIMAR e UERGS Campus Os\u00f3rio) \u2013 e do Instituto Federal do Rio Grande do Sul (Campus Sapucaia). A coordena\u00e7\u00e3o da mesa ficou a cargo da Profa. Russel Teresinha Dutra, professora da Faculdade de Educa\u00e7\u00e3o da UFRGS e coordenadora da Frente Ga\u00facha Escola sem Morda\u00e7a. \u00c9 importante destacar que o evento foi aberto ao p\u00fablico e contou com uma plateia diversificada, com a presen\u00e7a de professores, estudantes secundaristas e universit\u00e1rios, profissionais liberais e artistas, entre outros.<br \/>\nOs participantes destacaram a raz\u00e3o principal das ocupa\u00e7\u00f5es, qual seja a oposi\u00e7\u00e3o a tr\u00eas iniciativas do atual governo: PEC 55 (ex PEC 241), a MP 746 (Reforma do Ensino M\u00e9dio) e o PL 193 (Projeto Escola sem Partido).<br \/>\n&#8211; a apropria\u00e7\u00e3o dos espa\u00e7os ocupados: um espa\u00e7o que era apenas uma sala de aula, mantida por outros, passou a ser o local de atividades m\u00faltiplas, que est\u00e1 agora sob a responsabilidade desses estudantes em termos de gest\u00e3o e zelo. Como eles mesmos afirmam, foi preciso ressignificar os espa\u00e7os. A sala de aula deixou de ser apenas o lugar de troca de conhecimentos, para ser o lugar onde se cozinha, onde se dorme, onde se estuda, onde se fazem longas assembleias; lugar onde os aprendizados s\u00e3o outros e v\u00e3o muito al\u00e9m do conhecimento acad\u00eamico.<br \/>\n&#8211; a forma de organiza\u00e7\u00e3o, que se d\u00e1 atrav\u00e9s de comiss\u00f5es (limpeza, alimenta\u00e7\u00e3o, seguran\u00e7a, cultura). Em algumas ocupa\u00e7\u00f5es, h\u00e1 rotatividade dos membros das comiss\u00f5es e sua constitui\u00e7\u00e3o busca sempre contemplar g\u00eanero e cor.<br \/>\n&#8211; a gest\u00e3o horizontal das ocupa\u00e7\u00f5es: n\u00e3o h\u00e1 um l\u00edder que coordene ou represente o grupo interna ou externamente; a representa\u00e7\u00e3o \u00e9 rotativa. Assim, quando \u00e9 preciso dar uma entrevista ou participar de uma reuni\u00e3o, os representantes s\u00e3o escolhidos pelo grupo em assembleia. Vale lembrar que todos os temas s\u00e3o discutidos em longas assembleias, onde se faz e se aprende democracia, ao se ouvir, entender, ceder em suas opini\u00f5es para se chegar a um consenso do grupo;<br \/>\n&#8211; a defini\u00e7\u00e3o de atividades culturais: s\u00e3o realizadas leituras e discuss\u00f5es sobre os temas tratados nas medidas que motivaram as ocupa\u00e7\u00f5es e as consequ\u00eancias dessas medidas, assim como rodas de conversa sobre assuntos variados \u2013 literatura, racismo, preconceito, urbanismo, direito, tradu\u00e7\u00e3o, etc. \u2013 shows e saraus. Al\u00e9m dessas atividades, tamb\u00e9m s\u00e3o preparadas aulas, que t\u00eam o objetivo de levar o conhecimento adquirido para fora das unidades ocupadas, para a popula\u00e7\u00e3o, buscando mostrar os preju\u00edzos das medidas propostas;<br \/>\n&#8211; a necessidade de se construir um movimento unificado, entre os v\u00e1rios setores da sociedade para poder enfrentar e evitar que as medidas propostas pelo governo Temer sejam aprovadas.<br \/>\nDo di\u00e1logo entre os presentes, surgiram as seguintes sugest\u00f5es de encaminhamentos para o movimento das ocupa\u00e7\u00f5es:<br \/>\n(1) Necessidade di\u00e1logo para que haja maior participa\u00e7\u00e3o e presen\u00e7a docente nas ocupa\u00e7\u00f5es, al\u00e9m de os\u00a0 docentes organizarem o seu pr\u00f3prio movimento de luta;<br \/>\n(2) Proposta de articula\u00e7\u00e3o das ocupa\u00e7\u00f5es das Universidades e Institutos Federais, em andamento, com os estudantes do Ensino M\u00e9dio que fizeram ocupa\u00e7\u00f5es nas escolas estaduais no primeiro semestre de 2016;<br \/>\n(3) Obten\u00e7\u00e3o da assinatura de diversas institui\u00e7\u00f5es e entidades em um manifesto contra a criminaliza\u00e7\u00e3o da UBES, UNE e UJS pelo Ministro da Educa\u00e7\u00e3o, que est\u00e1 responsabilizando o movimento estudantil pelos preju\u00edzos decorrentes do adiamento da realiza\u00e7\u00e3o do ENEM nas escolas ocupadas;<br \/>\n(4) Na continuidade do encaminhamento (3), a\u00e7\u00e3o contra o Ministro da Educa\u00e7\u00e3o, responsabilizando-o por n\u00e3o ter transferido os locais de prova do ENEM, em procedimento que deveria ter sido an\u00e1logo \u00e0s provid\u00eancias tomadas para a realiza\u00e7\u00e3o das elei\u00e7\u00f5es municipais;<br \/>\n(5) Realiza\u00e7\u00e3o de Assembleia Geral com todas as categorias que conformam as IES e IFs (docentes, discentes e t\u00e9cnicos-administrativos);<br \/>\n(6) Organiza\u00e7\u00e3o de poss\u00edvel viagem a Bras\u00edlia contra a PEC 55 que tramita no Senado Federal (antiga PEC 241).<br \/>\nComiss\u00e3o de Acompanhamento das Ocupa\u00e7\u00f5es Estudantis<br \/>\n&nbsp;<\/p>\n","protected":false},"excerpt":{"rendered":"<p>No dia 10 de novembro, no Sindicato dos Banc\u00e1rios, em Porto Alegre, ocorreu o debate A juventude, as ocupa\u00e7\u00f5es e o movimento contra o golpe, promovido pelo Comit\u00ea em Defesa da Democracia e do Estado Democr\u00e1tico de Direito. O prop\u00f3sito do evento foi aprofundar o entendimento do perfil inovador das novas formas do fazer pol\u00edtico, [&hellip;]<\/p>\n","protected":false},"author":4,"featured_media":41513,"comment_status":"open","ping_status":"closed","sticky":false,"template":"","format":"standard","meta":{"_jetpack_newsletter_access":"","_jetpack_dont_email_post_to_subs":false,"_jetpack_newsletter_tier_id":0,"_jetpack_memberships_contains_paywalled_content":false,"_jetpack_feature_clip_id":0,"_jetpack_memberships_contains_paid_content":false,"footnotes":"","jetpack_post_was_ever_published":false},"categories":[2013,2012],"tags":[],"class_list":["post-41512","post","type-post","status-publish","format-standard","has-post-thumbnail","hentry","category-cdd-mural","category-debates"],"aioseo_notices":[],"aioseo_head":"\n\t\t<!-- All in One SEO 5.0.1.1 - aioseo.com -->\n\t<meta name=\"robots\" content=\"max-image-preview:large\" \/>\n\t<meta name=\"author\" content=\"da Reda\u00e7\u00e3o\"\/>\n\t<link rel=\"canonical\" href=\"https:\/\/www.jornalja.com.br\/arquivo\/a-juventude-as-ocupacoes-e-o-movimento-contra-o-golpe\/\" \/>\n\t<meta name=\"generator\" content=\"All in One SEO (AIOSEO) 5.0.1.1\" \/>\n\t\t<meta property=\"og:locale\" content=\"pt_BR\" \/>\n\t\t<meta property=\"og:site_name\" content=\"Arquivo | Jornal J\u00c1 | Porto Alegre\" \/>\n\t\t<meta property=\"og:type\" content=\"article\" \/>\n\t\t<meta property=\"og:title\" content=\"A juventude, as ocupa\u00e7\u00f5es e o movimento contra o golpe | Arquivo\" \/>\n\t\t<meta property=\"og:url\" content=\"https:\/\/www.jornalja.com.br\/arquivo\/a-juventude-as-ocupacoes-e-o-movimento-contra-o-golpe\/\" \/>\n\t\t<meta property=\"og:image\" content=\"https:\/\/www.jornalja.com.br\/economics\/wp-content\/uploads\/sites\/11\/2026\/08\/ja-folhaderosto-facebook.jpg\" \/>\n\t\t<meta property=\"og:image:secure_url\" content=\"https:\/\/www.jornalja.com.br\/economics\/wp-content\/uploads\/sites\/11\/2026\/08\/ja-folhaderosto-facebook.jpg\" \/>\n\t\t<meta property=\"article:published_time\" content=\"2016-11-21T00:04:55+00:00\" \/>\n\t\t<meta property=\"article:modified_time\" content=\"2016-11-21T00:04:55+00:00\" \/>\n\t\t<meta name=\"twitter:card\" content=\"summary\" \/>\n\t\t<meta name=\"twitter:title\" content=\"A juventude, as ocupa\u00e7\u00f5es e o movimento contra o golpe | Arquivo\" \/>\n\t\t<meta name=\"twitter:image\" content=\"https:\/\/www.jornalja.com.br\/economics\/wp-content\/uploads\/sites\/11\/2026\/08\/ja-folhaderosto-facebook.jpg\" \/>\n\t\t<script type=\"application\/ld+json\" class=\"aioseo-schema\">\n\t\t\t{\"@context\":\"https:\\\/\\\/schema.org\",\"@graph\":[{\"@type\":\"BlogPosting\",\"@id\":\"https:\\\/\\\/www.jornalja.com.br\\\/arquivo\\\/a-juventude-as-ocupacoes-e-o-movimento-contra-o-golpe\\\/#blogposting\",\"name\":\"A juventude, as ocupa\\u00e7\\u00f5es e o movimento contra o golpe | Arquivo\",\"headline\":\"A juventude, as ocupa\\u00e7\\u00f5es e o movimento contra o golpe\",\"author\":{\"@id\":\"https:\\\/\\\/www.jornalja.com.br\\\/arquivo\\\/author\\\/daredacao\\\/#author\"},\"publisher\":{\"@id\":\"https:\\\/\\\/www.jornalja.com.br\\\/arquivo\\\/#organization\"},\"image\":{\"@type\":\"ImageObject\",\"url\":41513},\"datePublished\":\"2016-11-20T21:04:55-02:00\",\"dateModified\":\"2016-11-20T21:04:55-02:00\",\"inLanguage\":\"pt-BR\",\"mainEntityOfPage\":{\"@id\":\"https:\\\/\\\/www.jornalja.com.br\\\/arquivo\\\/a-juventude-as-ocupacoes-e-o-movimento-contra-o-golpe\\\/#webpage\"},\"isPartOf\":{\"@id\":\"https:\\\/\\\/www.jornalja.com.br\\\/arquivo\\\/a-juventude-as-ocupacoes-e-o-movimento-contra-o-golpe\\\/#webpage\"},\"articleSection\":\"CDD-MURAL, HOTSITE Comit\\u00ea pela Democracia\"},{\"@type\":\"BreadcrumbList\",\"@id\":\"https:\\\/\\\/www.jornalja.com.br\\\/arquivo\\\/a-juventude-as-ocupacoes-e-o-movimento-contra-o-golpe\\\/#breadcrumblist\",\"itemListElement\":[{\"@type\":\"ListItem\",\"@id\":\"https:\\\/\\\/www.jornalja.com.br\\\/arquivo#listItem\",\"position\":1,\"name\":\"Home\",\"item\":\"https:\\\/\\\/www.jornalja.com.br\\\/arquivo\",\"nextItem\":{\"@type\":\"ListItem\",\"@id\":\"https:\\\/\\\/www.jornalja.com.br\\\/arquivo\\\/category\\\/debates\\\/#listItem\",\"name\":\"HOTSITE Comit\\u00ea pela Democracia\"}},{\"@type\":\"ListItem\",\"@id\":\"https:\\\/\\\/www.jornalja.com.br\\\/arquivo\\\/category\\\/debates\\\/#listItem\",\"position\":2,\"name\":\"HOTSITE Comit\\u00ea pela Democracia\",\"item\":\"https:\\\/\\\/www.jornalja.com.br\\\/arquivo\\\/category\\\/debates\\\/\",\"nextItem\":{\"@type\":\"ListItem\",\"@id\":\"https:\\\/\\\/www.jornalja.com.br\\\/arquivo\\\/a-juventude-as-ocupacoes-e-o-movimento-contra-o-golpe\\\/#listItem\",\"name\":\"A juventude, as ocupa\\u00e7\\u00f5es e o movimento contra o golpe\"},\"previousItem\":{\"@type\":\"ListItem\",\"@id\":\"https:\\\/\\\/www.jornalja.com.br\\\/arquivo#listItem\",\"name\":\"Home\"}},{\"@type\":\"ListItem\",\"@id\":\"https:\\\/\\\/www.jornalja.com.br\\\/arquivo\\\/a-juventude-as-ocupacoes-e-o-movimento-contra-o-golpe\\\/#listItem\",\"position\":3,\"name\":\"A juventude, as ocupa\\u00e7\\u00f5es e o movimento contra o golpe\",\"previousItem\":{\"@type\":\"ListItem\",\"@id\":\"https:\\\/\\\/www.jornalja.com.br\\\/arquivo\\\/category\\\/debates\\\/#listItem\",\"name\":\"HOTSITE Comit\\u00ea pela Democracia\"}}]},{\"@type\":\"Organization\",\"@id\":\"https:\\\/\\\/www.jornalja.com.br\\\/arquivo\\\/#organization\",\"name\":\"Jornal J\\u00c1\",\"description\":\"Jornal J\\u00c1 | Porto Alegre\",\"url\":\"https:\\\/\\\/www.jornalja.com.br\\\/arquivo\\\/\",\"telephone\":\"+555133307272\",\"logo\":{\"@type\":\"ImageObject\",\"url\":\"https:\\\/\\\/www.jornalja.com.br\\\/wp-content\\\/uploads\\\/cards\\\/JAslogan.png\",\"@id\":\"https:\\\/\\\/www.jornalja.com.br\\\/arquivo\\\/a-juventude-as-ocupacoes-e-o-movimento-contra-o-golpe\\\/#organizationLogo\"},\"image\":{\"@id\":\"https:\\\/\\\/www.jornalja.com.br\\\/arquivo\\\/a-juventude-as-ocupacoes-e-o-movimento-contra-o-golpe\\\/#organizationLogo\"}},{\"@type\":\"Person\",\"@id\":\"https:\\\/\\\/www.jornalja.com.br\\\/arquivo\\\/author\\\/daredacao\\\/#author\",\"url\":\"https:\\\/\\\/www.jornalja.com.br\\\/arquivo\\\/author\\\/daredacao\\\/\",\"name\":\"da Reda\\u00e7\\u00e3o\",\"image\":{\"@type\":\"ImageObject\",\"@id\":\"https:\\\/\\\/www.jornalja.com.br\\\/arquivo\\\/a-juventude-as-ocupacoes-e-o-movimento-contra-o-golpe\\\/#authorImage\",\"url\":\"https:\\\/\\\/secure.gravatar.com\\\/avatar\\\/469fd857d6605ad19919d27ed29d35a968a25f6e8fd9318356bbb7f57aae9c65?s=96&d=mm&r=g\",\"width\":96,\"height\":96,\"caption\":\"da Reda\\u00e7\\u00e3o\"}},{\"@type\":\"WebPage\",\"@id\":\"https:\\\/\\\/www.jornalja.com.br\\\/arquivo\\\/a-juventude-as-ocupacoes-e-o-movimento-contra-o-golpe\\\/#webpage\",\"url\":\"https:\\\/\\\/www.jornalja.com.br\\\/arquivo\\\/a-juventude-as-ocupacoes-e-o-movimento-contra-o-golpe\\\/\",\"name\":\"A juventude, as ocupa\\u00e7\\u00f5es e o movimento contra o golpe | Arquivo\",\"inLanguage\":\"pt-BR\",\"isPartOf\":{\"@id\":\"https:\\\/\\\/www.jornalja.com.br\\\/arquivo\\\/#website\"},\"breadcrumb\":{\"@id\":\"https:\\\/\\\/www.jornalja.com.br\\\/arquivo\\\/a-juventude-as-ocupacoes-e-o-movimento-contra-o-golpe\\\/#breadcrumblist\"},\"author\":{\"@id\":\"https:\\\/\\\/www.jornalja.com.br\\\/arquivo\\\/author\\\/daredacao\\\/#author\"},\"creator\":{\"@id\":\"https:\\\/\\\/www.jornalja.com.br\\\/arquivo\\\/author\\\/daredacao\\\/#author\"},\"image\":{\"@type\":\"ImageObject\",\"url\":41513,\"@id\":\"https:\\\/\\\/www.jornalja.com.br\\\/arquivo\\\/a-juventude-as-ocupacoes-e-o-movimento-contra-o-golpe\\\/#mainImage\"},\"primaryImageOfPage\":{\"@id\":\"https:\\\/\\\/www.jornalja.com.br\\\/arquivo\\\/a-juventude-as-ocupacoes-e-o-movimento-contra-o-golpe\\\/#mainImage\"},\"datePublished\":\"2016-11-20T21:04:55-02:00\",\"dateModified\":\"2016-11-20T21:04:55-02:00\"},{\"@type\":\"WebSite\",\"@id\":\"https:\\\/\\\/www.jornalja.com.br\\\/arquivo\\\/#website\",\"url\":\"https:\\\/\\\/www.jornalja.com.br\\\/arquivo\\\/\",\"name\":\"Arquivo\",\"description\":\"Jornal J\\u00c1 | Porto Alegre\",\"inLanguage\":\"pt-BR\",\"publisher\":{\"@id\":\"https:\\\/\\\/www.jornalja.com.br\\\/arquivo\\\/#organization\"}}]}\n\t\t<\/script>\n\t\t<!-- All in One SEO -->\n\n","aioseo_head_json":{"title":"A juventude, as ocupa\u00e7\u00f5es e o movimento contra o golpe | Arquivo","description":"","canonical_url":"https:\/\/www.jornalja.com.br\/arquivo\/a-juventude-as-ocupacoes-e-o-movimento-contra-o-golpe\/","robots":"max-image-preview:large","keywords":"","webmasterTools":{"miscellaneous":""},"schema":{"@context":"https:\/\/schema.org","@graph":[{"@type":"BlogPosting","@id":"https:\/\/www.jornalja.com.br\/arquivo\/a-juventude-as-ocupacoes-e-o-movimento-contra-o-golpe\/#blogposting","name":"A juventude, as ocupa\u00e7\u00f5es e o movimento contra o golpe | Arquivo","headline":"A juventude, as ocupa\u00e7\u00f5es e o movimento contra o golpe","author":{"@id":"https:\/\/www.jornalja.com.br\/arquivo\/author\/daredacao\/#author"},"publisher":{"@id":"https:\/\/www.jornalja.com.br\/arquivo\/#organization"},"image":{"@type":"ImageObject","url":41513},"datePublished":"2016-11-20T21:04:55-02:00","dateModified":"2016-11-20T21:04:55-02:00","inLanguage":"pt-BR","mainEntityOfPage":{"@id":"https:\/\/www.jornalja.com.br\/arquivo\/a-juventude-as-ocupacoes-e-o-movimento-contra-o-golpe\/#webpage"},"isPartOf":{"@id":"https:\/\/www.jornalja.com.br\/arquivo\/a-juventude-as-ocupacoes-e-o-movimento-contra-o-golpe\/#webpage"},"articleSection":"CDD-MURAL, HOTSITE Comit\u00ea pela Democracia"},{"@type":"BreadcrumbList","@id":"https:\/\/www.jornalja.com.br\/arquivo\/a-juventude-as-ocupacoes-e-o-movimento-contra-o-golpe\/#breadcrumblist","itemListElement":[{"@type":"ListItem","@id":"https:\/\/www.jornalja.com.br\/arquivo#listItem","position":1,"name":"Home","item":"https:\/\/www.jornalja.com.br\/arquivo","nextItem":{"@type":"ListItem","@id":"https:\/\/www.jornalja.com.br\/arquivo\/category\/debates\/#listItem","name":"HOTSITE Comit\u00ea pela Democracia"}},{"@type":"ListItem","@id":"https:\/\/www.jornalja.com.br\/arquivo\/category\/debates\/#listItem","position":2,"name":"HOTSITE Comit\u00ea pela Democracia","item":"https:\/\/www.jornalja.com.br\/arquivo\/category\/debates\/","nextItem":{"@type":"ListItem","@id":"https:\/\/www.jornalja.com.br\/arquivo\/a-juventude-as-ocupacoes-e-o-movimento-contra-o-golpe\/#listItem","name":"A juventude, as ocupa\u00e7\u00f5es e o movimento contra o golpe"},"previousItem":{"@type":"ListItem","@id":"https:\/\/www.jornalja.com.br\/arquivo#listItem","name":"Home"}},{"@type":"ListItem","@id":"https:\/\/www.jornalja.com.br\/arquivo\/a-juventude-as-ocupacoes-e-o-movimento-contra-o-golpe\/#listItem","position":3,"name":"A juventude, as ocupa\u00e7\u00f5es e o movimento contra o golpe","previousItem":{"@type":"ListItem","@id":"https:\/\/www.jornalja.com.br\/arquivo\/category\/debates\/#listItem","name":"HOTSITE Comit\u00ea pela Democracia"}}]},{"@type":"Organization","@id":"https:\/\/www.jornalja.com.br\/arquivo\/#organization","name":"Jornal J\u00c1","description":"Jornal J\u00c1 | Porto Alegre","url":"https:\/\/www.jornalja.com.br\/arquivo\/","telephone":"+555133307272","logo":{"@type":"ImageObject","url":"https:\/\/www.jornalja.com.br\/wp-content\/uploads\/cards\/JAslogan.png","@id":"https:\/\/www.jornalja.com.br\/arquivo\/a-juventude-as-ocupacoes-e-o-movimento-contra-o-golpe\/#organizationLogo"},"image":{"@id":"https:\/\/www.jornalja.com.br\/arquivo\/a-juventude-as-ocupacoes-e-o-movimento-contra-o-golpe\/#organizationLogo"}},{"@type":"Person","@id":"https:\/\/www.jornalja.com.br\/arquivo\/author\/daredacao\/#author","url":"https:\/\/www.jornalja.com.br\/arquivo\/author\/daredacao\/","name":"da Reda\u00e7\u00e3o","image":{"@type":"ImageObject","@id":"https:\/\/www.jornalja.com.br\/arquivo\/a-juventude-as-ocupacoes-e-o-movimento-contra-o-golpe\/#authorImage","url":"https:\/\/secure.gravatar.com\/avatar\/469fd857d6605ad19919d27ed29d35a968a25f6e8fd9318356bbb7f57aae9c65?s=96&d=mm&r=g","width":96,"height":96,"caption":"da Reda\u00e7\u00e3o"}},{"@type":"WebPage","@id":"https:\/\/www.jornalja.com.br\/arquivo\/a-juventude-as-ocupacoes-e-o-movimento-contra-o-golpe\/#webpage","url":"https:\/\/www.jornalja.com.br\/arquivo\/a-juventude-as-ocupacoes-e-o-movimento-contra-o-golpe\/","name":"A juventude, as ocupa\u00e7\u00f5es e o movimento contra o golpe | Arquivo","inLanguage":"pt-BR","isPartOf":{"@id":"https:\/\/www.jornalja.com.br\/arquivo\/#website"},"breadcrumb":{"@id":"https:\/\/www.jornalja.com.br\/arquivo\/a-juventude-as-ocupacoes-e-o-movimento-contra-o-golpe\/#breadcrumblist"},"author":{"@id":"https:\/\/www.jornalja.com.br\/arquivo\/author\/daredacao\/#author"},"creator":{"@id":"https:\/\/www.jornalja.com.br\/arquivo\/author\/daredacao\/#author"},"image":{"@type":"ImageObject","url":41513,"@id":"https:\/\/www.jornalja.com.br\/arquivo\/a-juventude-as-ocupacoes-e-o-movimento-contra-o-golpe\/#mainImage"},"primaryImageOfPage":{"@id":"https:\/\/www.jornalja.com.br\/arquivo\/a-juventude-as-ocupacoes-e-o-movimento-contra-o-golpe\/#mainImage"},"datePublished":"2016-11-20T21:04:55-02:00","dateModified":"2016-11-20T21:04:55-02:00"},{"@type":"WebSite","@id":"https:\/\/www.jornalja.com.br\/arquivo\/#website","url":"https:\/\/www.jornalja.com.br\/arquivo\/","name":"Arquivo","description":"Jornal J\u00c1 | Porto Alegre","inLanguage":"pt-BR","publisher":{"@id":"https:\/\/www.jornalja.com.br\/arquivo\/#organization"}}]},"og:locale":"pt_BR","og:site_name":"Arquivo | Jornal J\u00c1 | Porto Alegre","og:type":"article","og:title":"A juventude, as ocupa\u00e7\u00f5es e o movimento contra o golpe | Arquivo","og:url":"https:\/\/www.jornalja.com.br\/arquivo\/a-juventude-as-ocupacoes-e-o-movimento-contra-o-golpe\/","og:image":"https:\/\/www.jornalja.com.br\/economics\/wp-content\/uploads\/sites\/11\/2026\/08\/ja-folhaderosto-facebook.jpg","og:image:secure_url":"https:\/\/www.jornalja.com.br\/economics\/wp-content\/uploads\/sites\/11\/2026\/08\/ja-folhaderosto-facebook.jpg","article:published_time":"2016-11-21T00:04:55+00:00","article:modified_time":"2016-11-21T00:04:55+00:00","twitter:card":"summary","twitter:title":"A juventude, as ocupa\u00e7\u00f5es e o movimento contra o golpe | Arquivo","twitter:image":"https:\/\/www.jornalja.com.br\/economics\/wp-content\/uploads\/sites\/11\/2026\/08\/ja-folhaderosto-facebook.jpg"},"aioseo_meta_data":{"post_id":"41512","title":null,"description":null,"keywords":null,"keyphrases":null,"primary_term":null,"canonical_url":null,"og_title":null,"og_description":null,"og_object_type":"default","og_image_type":"default","og_image_url":null,"og_image_width":null,"og_image_height":null,"og_image_custom_url":null,"og_image_custom_fields":null,"og_video":null,"og_custom_url":null,"og_article_section":null,"og_article_tags":null,"twitter_use_og":false,"twitter_card":"default","twitter_image_type":"default","twitter_image_url":null,"twitter_image_custom_url":null,"twitter_image_custom_fields":null,"twitter_title":null,"twitter_description":null,"schema":{"blockGraphs":[],"customGraphs":[],"default":{"data":{"Article":[],"Course":[],"Dataset":[],"FAQPage":[],"Movie":[],"Person":[],"Product":[],"ProductReview":[],"Car":[],"Recipe":[],"Service":[],"SoftwareApplication":[],"WebPage":[]},"graphName":"","isEnabled":true},"graphs":[]},"schema_type":null,"schema_type_options":null,"pillar_content":false,"robots_default":true,"robots_noindex":false,"robots_noarchive":false,"robots_nosnippet":false,"robots_nofollow":false,"robots_noimageindex":false,"robots_noodp":false,"robots_notranslate":false,"robots_max_snippet":null,"robots_max_videopreview":null,"robots_max_imagepreview":"large","priority":null,"frequency":null,"location":null,"local_seo":null,"breadcrumb_settings":null,"limit_modified_date":false,"ai":null,"created":"2020-12-20 20:44:55","updated":"2025-07-19 18:16:57","seo_analyzer_scan_date":null,"focus_keyword":null,"additional_keywords":null,"truseo_locale":null},"jetpack_sharing_enabled":true,"jetpack-related-posts":[{"id":13240,"url":"https:\/\/www.jornalja.com.br\/arquivo\/plano-diretor-estamos-construindo-o-caos\/","url_meta":{"origin":41512,"position":0},"title":"Plano diretor: &quot;Estamos construindo o caos&quot;","author":"Patr\u00edcia Marini","date":"26 de maio de 2014","format":false,"excerpt":"Desabafo que arquiteta Eliana Castilhos, delegada da Regi\u00e3o de Planejamento 1, postou nas redes sociais \u00e9 um testemunho do ambiente que se criou no Conselho do Plano Diretor de Porto Alegre, onde a aprova\u00e7\u00e3o de grandes empreendimentos \u00e9 empurrada guela abaixo dos conselheiros. Ao CMDUA Como delegada da Regi\u00e3o de\u2026","rel":"","context":"Em &quot;Geral&quot;","block_context":{"text":"Geral","link":"https:\/\/www.jornalja.com.br\/arquivo\/category\/geral\/"},"img":{"alt_text":"","src":"","width":0,"height":0},"classes":[]},{"id":13109,"url":"https:\/\/www.jornalja.com.br\/arquivo\/judiciario-reconhece-poluicao-eletromagnetica\/","url_meta":{"origin":41512,"position":1},"title":"Judici\u00e1rio reconhece polui\u00e7\u00e3o eletromagn\u00e9tica","author":"Patr\u00edcia Marini","date":"16 de maio de 2014","format":false,"excerpt":"A\u00e7\u00e3o de duas associa\u00e7\u00f5es de moradores foi acolhida pelo Tribunal de Justi\u00e7a de S\u00e3o Paulo que. em decis\u00e3o in\u00e9dita, determinou a redu\u00e7\u00e3o do campo eletromagn\u00e9tico gerado pelas linhas de transmiss\u00e3o de energia que cortam os bairros City Boa\u00e7ava e Alto de Pinheiros. \u00c9 a primeira vez que um tribunal do\u2026","rel":"","context":"Em &quot;X.Categorias velhas&quot;","block_context":{"text":"X.Categorias velhas","link":"https:\/\/www.jornalja.com.br\/arquivo\/category\/x-categorias-velhas\/"},"img":{"alt_text":"","src":"","width":0,"height":0},"classes":[]},{"id":13128,"url":"https:\/\/www.jornalja.com.br\/arquivo\/maconha-terra-diz-que-uso-medicinal-e-desculpa\/","url_meta":{"origin":41512,"position":2},"title":"Maconha: Terra diz que uso medicinal \u00e9 desculpa","author":"Patr\u00edcia Marini","date":"4 de junho de 2014","format":false,"excerpt":"A condi\u00e7\u00e3o de pol\u00edtico, em \u00e9poca de campanha de campanha eleitoral, tira for\u00e7a do discurso do m\u00e9dico Osmar Terra contra a legaliza\u00e7\u00e3o da maconha. A tese dele de que a libera\u00e7\u00e3o vai ampliar exponencialmente o consumo \u00e9 discutivel, o consumo \u00e9 corrente. Mas seus alertas quanto aos riscos tem que\u2026","rel":"","context":"Em &quot;X.Categorias velhas&quot;","block_context":{"text":"X.Categorias velhas","link":"https:\/\/www.jornalja.com.br\/arquivo\/category\/x-categorias-velhas\/"},"img":{"alt_text":"","src":"","width":0,"height":0},"classes":[]},{"id":13101,"url":"https:\/\/www.jornalja.com.br\/arquivo\/morre-um-guerreiro-do-texto\/","url_meta":{"origin":41512,"position":3},"title":"Morre um guerreiro do texto","author":"Patr\u00edcia Marini","date":"14 de maio de 2014","format":false,"excerpt":"Por Ricardo Kotscho Reproduzido do blog do autor, 11\/5\/2014; t\u00edtulo original \u201cE l\u00e1 se foi o nosso Myltainho, guerreiro do texto\u201d. Mi\u00fado e franzino, meu amigo Myltainho era um valente e inconformado guerreiro na luta contra as injusti\u00e7as sociais, a hipocrisia, as maracutaias, o autoritarismo, a intoler\u00e2ncia, a viol\u00eancia, o\u2026","rel":"","context":"Em &quot;Geral&quot;","block_context":{"text":"Geral","link":"https:\/\/www.jornalja.com.br\/arquivo\/category\/geral\/"},"img":{"alt_text":"","src":"","width":0,"height":0},"classes":[]},{"id":13124,"url":"https:\/\/www.jornalja.com.br\/arquivo\/sangue-latino-no-iecine\/","url_meta":{"origin":41512,"position":4},"title":"Sangue latino no IECINE","author":"da Reda\u00e7\u00e3o","date":"18 de maio de 2014","format":false,"excerpt":"Francisco Ribeiro O Instituto Estadual de Cinema (IECINE) tem a frente, desde abril \u00faltimo, um novo diretor, o cineasta colombiano Juan Zapata, 36, que substitui Luiz Alberto Cassol. Radicado h\u00e1 dez anos em Porto Alegre, Zapata tem diante de si o desafio de conduzir at\u00e9 o final do ano um\u2026","rel":"","context":"Em &quot;Cultura-Geral&quot;","block_context":{"text":"Cultura-Geral","link":"https:\/\/www.jornalja.com.br\/arquivo\/category\/materiasecundaria\/"},"img":{"alt_text":"","src":"","width":0,"height":0},"classes":[]}],"jetpack_shortlink":"https:\/\/wp.me\/pbQjBd-aNy","jetpack_featured_media_url":"","_links":{"self":[{"href":"https:\/\/www.jornalja.com.br\/arquivo\/wp-json\/wp\/v2\/posts\/41512","targetHints":{"allow":["GET"]}}],"collection":[{"href":"https:\/\/www.jornalja.com.br\/arquivo\/wp-json\/wp\/v2\/posts"}],"about":[{"href":"https:\/\/www.jornalja.com.br\/arquivo\/wp-json\/wp\/v2\/types\/post"}],"author":[{"embeddable":true,"href":"https:\/\/www.jornalja.com.br\/arquivo\/wp-json\/wp\/v2\/users\/4"}],"replies":[{"embeddable":true,"href":"https:\/\/www.jornalja.com.br\/arquivo\/wp-json\/wp\/v2\/comments?post=41512"}],"version-history":[{"count":0,"href":"https:\/\/www.jornalja.com.br\/arquivo\/wp-json\/wp\/v2\/posts\/41512\/revisions"}],"wp:attachment":[{"href":"https:\/\/www.jornalja.com.br\/arquivo\/wp-json\/wp\/v2\/media?parent=41512"}],"wp:term":[{"taxonomy":"category","embeddable":true,"href":"https:\/\/www.jornalja.com.br\/arquivo\/wp-json\/wp\/v2\/categories?post=41512"},{"taxonomy":"post_tag","embeddable":true,"href":"https:\/\/www.jornalja.com.br\/arquivo\/wp-json\/wp\/v2\/tags?post=41512"}],"curies":[{"name":"wp","href":"https:\/\/api.w.org\/{rel}","templated":true}]}}