{"id":41541,"date":"2016-11-21T14:18:57","date_gmt":"2016-11-21T17:18:57","guid":{"rendered":"https:\/\/www.jornalja.com.br\/?p=41541"},"modified":"2016-11-21T14:18:57","modified_gmt":"2016-11-21T17:18:57","slug":"discussao-sobre-as-ocupacoes-agita-a-universidade-contra-a-pec-55","status":"publish","type":"post","link":"https:\/\/www.jornalja.com.br\/arquivo\/discussao-sobre-as-ocupacoes-agita-a-universidade-contra-a-pec-55\/","title":{"rendered":"Discuss\u00e3o sobre as ocupa\u00e7\u00f5es agita a universidade contra a PEC 55"},"content":{"rendered":"<p>Enquanto o governo Temer garante que j\u00e1 conta com 60 senadores para aprovar a PEC 55, e a oposi\u00e7\u00e3o se articula para tentar barr\u00e1-la, amplia-se a discuss\u00e3o nas universidades, tanto no movimento estudantil quanto entre os docentes e funcion\u00e1rios.<br \/>\nEm Porto Alegre, uma assembleia aberta no DCE da UFRGS vai discutir os rumos da mobiliza\u00e7\u00e3o contra a emenda constitucional que congela gastos p\u00fablicos por 20 anos. O encontro acontece \u00e0s 18h desta segunda-feira (21). A Proposta de Emenda \u00e0 Constitui\u00e7\u00e3o, que foi aprovada na C\u00e2mara de Deputados com o n\u00famero 241, ser\u00e1 votada no Senado em dois turnos, dias 29 de novembro e 13 de dezembro. Duas das cinco sess\u00f5es de discuss\u00e3o pr\u00e9via necess\u00e1rias j\u00e1 foram realizadas.<br \/>\n<img decoding=\"async\" class=\"wp-image-41554 alignright\" src=\"https:\/\/www.jornalja.com.br\/wp-content\/uploads\/2016\/11\/ocupa-bras\u00edlia-dia-29.jpg\" alt=\"ocupa-brasilia-dia-29\" width=\"316\" height=\"123\" \/>Nacionalmente, o movimento Ocupa Tudo Brasil quer um referendo popular e organiza uma manifesta\u00e7\u00e3o em Bras\u00edlia dia 29, data marcada para a primeira vota\u00e7\u00e3o.<br \/>\nUma semana depois da aprova\u00e7\u00e3o da emenda na C\u00e2mara dos Deputados, o reitor da Universidade \u00a0Federal do Rio Grande do Sul (UFRGS), Rui Vicente Oppermann, divulgou um estudo <a href=\"https:\/\/www.jornalja.com.br\/reitor-da-ufrgs-simula-os-efeitos-da-pec-do-teto-na-universidade\/\" target=\"_blank\" rel=\"noopener noreferrer\">simulando o impacto da medida no or\u00e7amento da universidade<\/a>. No dia 4 de novembro enviou o documento ao Conselho Universit\u00e1rio, que executa o or\u00e7amento. O c\u00e1lculo apresentado pelo reitor aponta que se a PEC tivesse sido aprovada h\u00e1 dez anos, hoje a universidade teria seu or\u00e7amento reduzido para menos da metade.<br \/>\nEm Porto Alegre, a mobiliza\u00e7\u00e3o contra a PEC 241\/55 resultou em manifesta\u00e7\u00f5es de rua nos dias 24 de outubro e 11 de novembro. No dia 11, somou mais de 10 mil manifestantes (20 mil, segundo a organiza\u00e7\u00e3o, e 2,5 mil, segundo o CEIC -Centro Integrado de Comando).<br \/>\nAl\u00e9m das manifesta\u00e7\u00f5es de rua, as\u00a0ocupa\u00e7\u00f5es chegaram a cursos da PUC e aumentaram nos campi federais pelo Estado &#8211; na UFRGS, s\u00e3o 19 unidades ocupadas pelos estudantes, totalizando mais de 30 cursos paralisados.<br \/>\n<span class=\"intertit\">Estudantes se reuniram com a Reitoria<\/span><br \/>\nNa \u00faltima sexta-feira, a Reitoria da UFRGS se reuniu com estudantes representantes das ocupa\u00e7\u00f5es, depois de receber um mandado de seguran\u00e7a impetrado por\u00a0quatro estudantes, pedindo provid\u00eancias ao reitor Rui Vicente Oppermann &#8211; o grupo reclama que o reitor n\u00e3o estaria garantindo a continuidade do semestre.<br \/>\nNa reuni\u00e3o, a Dire\u00e7\u00e3o\u00a0n\u00e3o pediu a desocupa\u00e7\u00e3o dos pr\u00e9dios, ainda que tenha colocado\u00a0a necessidade de construir conjuntamente um calend\u00e1rio para as desocupa\u00e7\u00f5es.<br \/>\nA reuni\u00e3o foi entre uma comiss\u00e3o da universidade, composta por tr\u00eas diretores, um pr\u00f3-reitor e um t\u00e9cnico-administrativo, e os representantes de todas as ocupa\u00e7\u00f5es e do Diret\u00f3rio Central de Estudantes (DCE).<br \/>\n<span class=\"intertit\">Professores aprovam greve<\/span><br \/>\nNa noite da \u00faltima quinta-feira, professores da universidade aprovaram uma greve, pela retirada da PEC 55 e da MP 746, que reforma o Ensino M\u00e9dio. A paralisa\u00e7\u00e3o foi definida em assembleia convocado pela Se\u00e7\u00e3o Sindical ANDES\/UFRGS, um dos sindicatos que representam os docentes da universidade. Segundo o sindicato, mais de 140 docentes de 19 unidades da UFRGS participaram da assembleia. A greve est\u00e1 prevista para iniciar na ter\u00e7a-feira, 22, para durar\u00a0at\u00e9 o dia 13 de dezembro, quando est\u00e1 prevista a segunda \u00a0vota\u00e7\u00e3o da PEC 55 no Senado, mas a data pode ser reavaliada.<br \/>\nEmbora a dire\u00e7\u00e3o do sindicato afirme que a greve tamb\u00e9m tenha ades\u00e3o de docentes vinculados \u00e0 Adufrgs, esta outra institui\u00e7\u00e3o s\u00f3 deve se definir ap\u00f3s uma assembleia marcada para o dia 23.<\/p>\n","protected":false},"excerpt":{"rendered":"<p>Enquanto o governo Temer garante que j\u00e1 conta com 60 senadores para aprovar a PEC 55, e a oposi\u00e7\u00e3o se articula para tentar barr\u00e1-la, amplia-se a discuss\u00e3o nas universidades, tanto no movimento estudantil quanto entre os docentes e funcion\u00e1rios. Em Porto Alegre, uma assembleia aberta no DCE da UFRGS vai discutir os rumos da mobiliza\u00e7\u00e3o [&hellip;]<\/p>\n","protected":false},"author":4,"featured_media":41553,"comment_status":"open","ping_status":"closed","sticky":false,"template":"","format":"standard","meta":{"_jetpack_memberships_contains_paid_content":false,"footnotes":""},"categories":[26],"tags":[],"class_list":["post-41541","post","type-post","status-publish","format-standard","has-post-thumbnail","hentry","category-geral"],"aioseo_notices":[],"jetpack_featured_media_url":"","jetpack_sharing_enabled":true,"jetpack-related-posts":[],"jetpack_shortlink":"https:\/\/wp.me\/pbQjBd-aO1","_links":{"self":[{"href":"https:\/\/www.jornalja.com.br\/arquivo\/wp-json\/wp\/v2\/posts\/41541","targetHints":{"allow":["GET"]}}],"collection":[{"href":"https:\/\/www.jornalja.com.br\/arquivo\/wp-json\/wp\/v2\/posts"}],"about":[{"href":"https:\/\/www.jornalja.com.br\/arquivo\/wp-json\/wp\/v2\/types\/post"}],"author":[{"embeddable":true,"href":"https:\/\/www.jornalja.com.br\/arquivo\/wp-json\/wp\/v2\/users\/4"}],"replies":[{"embeddable":true,"href":"https:\/\/www.jornalja.com.br\/arquivo\/wp-json\/wp\/v2\/comments?post=41541"}],"version-history":[{"count":0,"href":"https:\/\/www.jornalja.com.br\/arquivo\/wp-json\/wp\/v2\/posts\/41541\/revisions"}],"wp:featuredmedia":[{"embeddable":true,"href":"https:\/\/www.jornalja.com.br\/arquivo\/wp-json\/"}],"wp:attachment":[{"href":"https:\/\/www.jornalja.com.br\/arquivo\/wp-json\/wp\/v2\/media?parent=41541"}],"wp:term":[{"taxonomy":"category","embeddable":true,"href":"https:\/\/www.jornalja.com.br\/arquivo\/wp-json\/wp\/v2\/categories?post=41541"},{"taxonomy":"post_tag","embeddable":true,"href":"https:\/\/www.jornalja.com.br\/arquivo\/wp-json\/wp\/v2\/tags?post=41541"}],"curies":[{"name":"wp","href":"https:\/\/api.w.org\/{rel}","templated":true}]}}