{"id":41559,"date":"2016-11-21T18:33:59","date_gmt":"2016-11-21T21:33:59","guid":{"rendered":"https:\/\/www.jornalja.com.br\/?p=41559"},"modified":"2016-11-21T18:33:59","modified_gmt":"2016-11-21T21:33:59","slug":"sartori-anuncia-pacote-de-cortes-e-chama-de-plano-de-modernizacao","status":"publish","type":"post","link":"https:\/\/www.jornalja.com.br\/arquivo\/sartori-anuncia-pacote-de-cortes-e-chama-de-plano-de-modernizacao\/","title":{"rendered":"Sartori anuncia pacote de cortes e chama de Plano de Moderniza\u00e7\u00e3o"},"content":{"rendered":"<p>O governador Jos\u00e9 Ivo Sartori anunciou hoje um conjunto de 40 medidas para enfrentar a crise financeira do Estado. O pacote, batizado de Plano de Moderniza\u00e7\u00e3o, funde seis Secretarias em tr\u00eas (ficando agora um total de 17) e manda para a Assembleia Legislativa propostas para a extin\u00e7\u00e3o de nove funda\u00e7\u00f5es (economia de R$ 120 milh\u00f5es ao ano), uma autarquia (a Superintend\u00eancia de Portos e Hidrovias) e, de 11 companhias, mant\u00e9m seis, pedindo ao \u00a0Parlamento que dispense\u00a0um plebiscito para isso, entre as principais medidas.<br \/>\nO staff do governador tamb\u00e9m anunciou que o pagamento do funcionalismo vai passar a obedecer o crit\u00e9rio de que quem ganha menos recebe antes, em vez do parcelamento de que tem lan\u00e7ado n\u00e3o. A metade do 13\u00ba sal\u00e1rio dos servidores ser\u00e1 paga este ano. A outra metade, s\u00f3 em novembro de 2017. E quer aumentar a contribui\u00e7\u00e3o previdenci\u00e1ria para todo o funcionalismo, de 13,25% para 14%. Licen\u00e7as-pr\u00eamio deixar\u00e3o de existir. Militares que entrarem para o quadro daqui em diante v\u00e3o se aposentar mais tarde.<br \/>\n<strong>Secretarias<\/strong><br \/>\nSeis pastas ser\u00e3o fundidas em tr\u00eas: a Secretaria Geral de Governo se funde com a de Planejamento, resultando na pasta do Planejamento, Governan\u00e7a e Gest\u00e3o; a de Justi\u00e7a e Direitos Humanos se funde com a do Trabalho e Desenvolvimento Social, criando a do Desenvolvimento Social, Trabalho e Justi\u00e7a; a de Cultura se junta \u00e0 de Turismo, Esporte e Lazer, resultando na pasta da Cultura, Turismo e Esporte.<br \/>\nSartori quer extinguir nove funda\u00e7\u00f5es: Funda\u00e7\u00e3o de Ci\u00eancia e Tecnologia (Cientec), Funda\u00e7\u00e3o Cultural Piratini (FCP-TVE), Funda\u00e7\u00e3o para o Desenvolvimento de Recursos Humanos (FDRH), Funda\u00e7\u00e3o de Economia e Estat\u00edstica (FEE), Funda\u00e7\u00e3o Estadual de Pesquisa Agropecu\u00e1ria (Fepagro), Funda\u00e7\u00e3o Estadual de Produ\u00e7\u00e3o e Pesquisa em Sa\u00fade (FEPPS), Funda\u00e7\u00e3o Instituto Ga\u00facho de Tradi\u00e7\u00e3o e Folclore (FIGTF), Funda\u00e7\u00e3o de Zoobot\u00e2nica (FZB) e Funda\u00e7\u00e3o Estadual de Planejamento Metropolitano e Regionaliza\u00e7\u00e3o Administrativa e dos Recursos Humanos (Metroplan).<br \/>\nEntre as autarquias, a Ag\u00eancia Ga\u00facha de Desenvolvimento e Promo\u00e7\u00e3o do Investimento vai ser modificada e passa a se chamar Escrit\u00f3rio de Desenvolvimento de Projetos (EDP), integrando a estrutura da Secretaria de Planejamento, Governan\u00e7a e Gest\u00e3o. A Superintend\u00eancia de Portos e Hidrovias vai ser extinta.<br \/>\nEntre as companhias, a Companhia Rio-grandense de Artes Gr\u00e1ficas (Corag) tamb\u00e9m deixa de existir. J\u00e1 a Companhia Estadual de Energia El\u00e9trica (CEEE), a Companhia Rio-grandense de Minera\u00e7\u00e3o (CRM), a Companhia de G\u00e1s do Estado do Rio Grande do Sul (Sulg\u00e1s) e a Companhia Estadual de Silos e Armaz\u00e9ns (Cesa) ser\u00e3o federalizadas ou privatizadas desde, que, para isso, a Assembleia Legislativa aprove um projeto que retira a obrigatoriedade de plebiscito para que isso ocorra.<\/p>\n<p style=\"text-align: left\" align=\"center\"><strong>Calamidade<\/strong><\/p>\n<p style=\"text-align: left\" align=\"center\">Alegando que a situa\u00e7\u00e3o das finan\u00e7as p\u00fablicas do Rio Grande do Sul \u00e9 de calamidade, o governo mant\u00e9m os aumentos recentemente aprovados na \u00e1rea da\u00a0Seguran\u00e7a, e quer aumentar a perman\u00eancia de policiais no servi\u00e7o p\u00fablico, com menos est\u00edmulo \u00e0 aposentadoria e ampliando o n\u00famero de efetivos no policiamento.<\/p>\n<p>O governo almeja, com as medidas, um impacto pr\u00f3ximo a R$ 6,7 bilh\u00f5es pelos pr\u00f3ximos quatro anos, considerando a aprova\u00e7\u00e3o de todo o conjunto, e &#8220;um novo Estado&#8221;.<br \/>\nEm rela\u00e7\u00e3o \u00e0s fus\u00f5es e extin\u00e7\u00f5es de estruturas, Sartori cria por decreto um grupo que deve anunciar, dentro de 120 dias, o total das rescis\u00f5es, o montante de extin\u00e7\u00e3o de Cargos em Comiss\u00e3o de forma definitiva e os cargos que precisar\u00e3o ser criados para atender \u00e0 nova configura\u00e7\u00e3o da estrutura p\u00fablica.<br \/>\nOs projetos est\u00e3o sendo protocolados na Assembleia Legislativa nesta data.<br \/>\n&nbsp;<br \/>\n<strong>CEN\u00c1RIO FINANCEIRO AT\u00c9 2018*<\/strong><br \/>\nSem novas medidas, o Estado dever\u00e1 chegar em 2018 com d\u00e9ficit financeiro de R$ 8,8 bilh\u00f5es, equivalente a cinco folhas de todo o Estado ou de 6,7 folhas dos servidores do Executivo.<\/p>\n<table border=\"0\" cellspacing=\"0\" cellpadding=\"0\">\n<tbody>\n<tr>\n<td valign=\"top\" width=\"190\">Ano<\/td>\n<td valign=\"top\" width=\"193\">\u00a0 D\u00e9ficit<\/td>\n<td valign=\"top\" width=\"199\">\u00a0Acumulado<\/td>\n<\/tr>\n<tr>\n<td valign=\"top\" width=\"190\">2016<\/td>\n<td valign=\"top\" width=\"193\">&#8211; R$ 2,359 bilh\u00f5es<\/td>\n<td valign=\"top\" width=\"199\"><\/td>\n<\/tr>\n<tr>\n<td valign=\"top\" width=\"190\">2017<\/td>\n<td valign=\"top\" width=\"193\">&#8211; R$ 2,385 bilh\u00f5es<\/td>\n<td valign=\"top\" width=\"199\">&#8211; R$ 5,194 bilh\u00f5es<\/td>\n<\/tr>\n<tr>\n<td valign=\"top\" width=\"190\">2018<\/td>\n<td valign=\"top\" width=\"193\">&#8211; R$ 3,628 bilh\u00f5es<\/td>\n<td valign=\"top\" width=\"199\">&#8211; R$ 8,822 bilh\u00f5es<\/td>\n<\/tr>\n<\/tbody>\n<\/table>\n<p><em>(*) J\u00e1 considera o novo acordo da d\u00edvida com a Uni\u00e3o<\/em><em>\u00a0<\/em><br \/>\n<em>Observa\u00e7\u00f5es:<\/em><br \/>\n<em>1.\u00a0\u00a0\u00a0No in\u00edcio deste ano, havia uma proje\u00e7\u00e3o de rombo financeiro de R$ 6,8 bilh\u00f5es (R$ 4,3 bilh\u00f5es de d\u00e9ficit or\u00e7ament\u00e1rio, mais R$ 2,5 bilh\u00f5es de compromissos do ano anterior, em especial o 13\u00ba sal\u00e1rio \u2013 1,3 bilh\u00e3o).<\/em><br \/>\n<em>2.\u00a0\u00a0\u00a0Este rombo financeiro j\u00e1 considerava uma s\u00e9rie de medidas de ajuste, como o aumento do ICMS<\/em><br \/>\n<em>3.\u00a0\u00a0\u00a0Principais medidas para reduzir o d\u00e9ficit financeiro em 2016: renegocia\u00e7\u00e3o da d\u00edvida (R$ 2,4 bi entre car\u00eancia e liminar do STF) e venda da folha (R$ 1,275 bi)<\/em><br \/>\n<em>4.\u00a0\u00a0\u00a0As proje\u00e7\u00f5es para os pr\u00f3ximos dois anos consideram o impacto do novo acordo da d\u00edvida: R$ 2,003 bilh\u00f5es em 2017 e de R$ 343,8 milh\u00f5es, em 2018<\/em><br \/>\n<em>5.\u00a0\u00a0\u00a0A partir de janeiro de 2017 o Estado reinicia o pagamento do servi\u00e7o da d\u00edvida: 5,5% em sequ\u00eancia at\u00e9 alcan\u00e7ar 100% em julho de 2018<\/em><br \/>\n<strong>Estrutura do Estado<\/strong><br \/>\nAo fundir secretarias, extinguir funda\u00e7\u00f5es e companhias, o governo calcula\u00a0uma economia de pelo menos R$ 137,1 milh\u00f5es, considerando que grande parte s\u00e3o deficit\u00e1rias e dependem de aportes do Tesouro para garantir seu funcionamento. S\u00f3 com as funda\u00e7\u00f5es seriam R$ 120 milh\u00f5es (em 2015, o Tesouro repassou R$ 129,8 milh\u00f5es para a manuten\u00e7\u00e3o das funda\u00e7\u00f5es).<br \/>\nDas 19 funda\u00e7\u00f5es, nove ser\u00e3o extintas, e as atividades e servi\u00e7os essenciais ser\u00e3o absorvidos pelas secretarias. Os servidores celetistas ser\u00e3o exonerados. Cargos em Comiss\u00e3o (CCs) e terceirizados poder\u00e3o ser absorvidos pela administra\u00e7\u00e3o direta ou dispensados.<br \/>\nUma comiss\u00e3o especial, institu\u00edda por decreto, vai gerenciar a execu\u00e7\u00e3o dos atos e o acompanhamento das extin\u00e7\u00f5es, fus\u00f5es, incorpora\u00e7\u00f5es e transforma\u00e7\u00f5es das secretarias e funda\u00e7\u00f5es.<br \/>\n<strong>Autarquias<\/strong><br \/>\nEm 2015, os valores repassados pelo governo a sete autarquias chegaram a R$ 67,2 milh\u00f5es. A proposta \u00e9 de manter cinco \u00f3rg\u00e3os, modificar um e extinguir um. Mant\u00e9m a Agergs (Ag\u00eancia Estadual de Regula\u00e7\u00e3o dos Servi\u00e7os P\u00fablicos Delegados do RS), o\u00a0Detran (Departamento Estadual de Tr\u00e2nsito), o Irga (Instituto Rio-grandense do Arroz), o IPE (Instituto de Previd\u00eancia do Estado do RS) e a\u00a0SUPRG (Superintend\u00eancia do Porto do Rio Grande).<br \/>\nModifica a\u00a0AGDI (Ag\u00eancia Ga\u00facha de Desenvolvimento e Promo\u00e7\u00e3o do Investimento), \u00a0que passa a se chamar Escrit\u00f3rio de Desenvolvimento de Projetos, dentro da Secretaria de Planejamento. Extingue a SPH (Superintend\u00eancia de Portos e Hidrovias), que passa a ser um departamento da Superintend\u00eancia do Porto do Rio Grande.<br \/>\n<strong>\u00a0<\/strong><br \/>\n<strong>Companhias <\/strong><br \/>\nAssim como no caso da Cesa, o governo enviar\u00e1 Proposta de Emenda \u00e0 Constitui\u00e7\u00e3o (PEC) que retira do Artigo 22 da Constitui\u00e7\u00e3o Estadual a necessidade de plebiscito para aliena\u00e7\u00e3o, transfer\u00eancia do controle acion\u00e1rio, cis\u00e3o, incorpora\u00e7\u00e3o, fus\u00e3o ou extin\u00e7\u00e3o relativas \u00e0 CEEE, CRM e Sulg\u00e1s.<br \/>\nExtingue a Corag (Companhia Riograndense de Artes Gr\u00e1ficas. O Di\u00e1rio Oficial e a produ\u00e7\u00e3o de pap\u00e9is de seguran\u00e7a para o Detran e Tesouro passam a ser atribui\u00e7\u00e3o da Procergs.<br \/>\nPoder\u00e3o ser privatizadas ou federalizadas a CEEE, Cesa, CRM e Sulg\u00e1s.<br \/>\n<strong><img decoding=\"async\" src=\"http:\/\/www.rs.gov.br\/upload\/1479754974_imagem1.png\" alt=\"\" width=\"724\" height=\"482\" \/><\/strong><\/p>\n<p align=\"center\"><strong><a href=\"http:\/\/www.rs.gov.br\/upload\/20161121170833um_novo_estado_doc_final.pdf\">CLIQUE AQUI<\/a> para acessar mais informa\u00e7\u00f5es<\/strong><\/p>\n","protected":false},"excerpt":{"rendered":"<p>O governador Jos\u00e9 Ivo Sartori anunciou hoje um conjunto de 40 medidas para enfrentar a crise financeira do Estado. O pacote, batizado de Plano de Moderniza\u00e7\u00e3o, funde seis Secretarias em tr\u00eas (ficando agora um total de 17) e manda para a Assembleia Legislativa propostas para a extin\u00e7\u00e3o de nove funda\u00e7\u00f5es (economia de R$ 120 milh\u00f5es [&hellip;]<\/p>\n","protected":false},"author":4,"featured_media":41575,"comment_status":"open","ping_status":"closed","sticky":false,"template":"","format":"standard","meta":{"_jetpack_memberships_contains_paid_content":false,"footnotes":""},"categories":[26],"tags":[],"class_list":["post-41559","post","type-post","status-publish","format-standard","has-post-thumbnail","hentry","category-geral"],"aioseo_notices":[],"jetpack_featured_media_url":"","jetpack_sharing_enabled":true,"jetpack-related-posts":[],"jetpack_shortlink":"https:\/\/wp.me\/pbQjBd-aOj","_links":{"self":[{"href":"https:\/\/www.jornalja.com.br\/arquivo\/wp-json\/wp\/v2\/posts\/41559","targetHints":{"allow":["GET"]}}],"collection":[{"href":"https:\/\/www.jornalja.com.br\/arquivo\/wp-json\/wp\/v2\/posts"}],"about":[{"href":"https:\/\/www.jornalja.com.br\/arquivo\/wp-json\/wp\/v2\/types\/post"}],"author":[{"embeddable":true,"href":"https:\/\/www.jornalja.com.br\/arquivo\/wp-json\/wp\/v2\/users\/4"}],"replies":[{"embeddable":true,"href":"https:\/\/www.jornalja.com.br\/arquivo\/wp-json\/wp\/v2\/comments?post=41559"}],"version-history":[{"count":0,"href":"https:\/\/www.jornalja.com.br\/arquivo\/wp-json\/wp\/v2\/posts\/41559\/revisions"}],"wp:featuredmedia":[{"embeddable":true,"href":"https:\/\/www.jornalja.com.br\/arquivo\/wp-json\/"}],"wp:attachment":[{"href":"https:\/\/www.jornalja.com.br\/arquivo\/wp-json\/wp\/v2\/media?parent=41559"}],"wp:term":[{"taxonomy":"category","embeddable":true,"href":"https:\/\/www.jornalja.com.br\/arquivo\/wp-json\/wp\/v2\/categories?post=41559"},{"taxonomy":"post_tag","embeddable":true,"href":"https:\/\/www.jornalja.com.br\/arquivo\/wp-json\/wp\/v2\/tags?post=41559"}],"curies":[{"name":"wp","href":"https:\/\/api.w.org\/{rel}","templated":true}]}}