{"id":41560,"date":"2016-11-21T18:30:03","date_gmt":"2016-11-21T21:30:03","guid":{"rendered":"https:\/\/www.jornalja.com.br\/?p=41560"},"modified":"2016-11-21T18:30:03","modified_gmt":"2016-11-21T21:30:03","slug":"sartori-da-o-primeiro-passo-para-extinguir-a-tv-publica-fim-da-tve-e-fm-cultura","status":"publish","type":"post","link":"https:\/\/www.jornalja.com.br\/arquivo\/sartori-da-o-primeiro-passo-para-extinguir-a-tv-publica-fim-da-tve-e-fm-cultura\/","title":{"rendered":"Sartori d\u00e1 o primeiro passo para extinguir a TV p\u00fablica: fim da TVE e FM Cultura"},"content":{"rendered":"<p>Pelos corredores da Funda\u00e7\u00e3o Cultural Piratini, a informa\u00e7\u00e3o j\u00e1 circulava, ainda sem confirma\u00e7\u00e3o, h\u00e1 alguns dias. No pacote de 40 medidas enviadas pelo governador Jos\u00e9 Ivo Sartori \u00e0 Assembleia Legislativa nesta segunda-feira, est\u00e1 a extin\u00e7\u00e3o de nove funda\u00e7\u00f5es p\u00fablicas. Uma delas \u00e9 a pr\u00f3pria Funda\u00e7\u00e3o Cultural Piratini, respons\u00e1vel pela TVE e FM Cultura. A proposta do governo \u00e9 que a funda\u00e7\u00e3o seja extinta e seus servidores, desligados. Ironicamente, o an\u00fancio da extin\u00e7\u00e3o da TVE pode ter sido uma das \u00faltimas transmiss\u00f5es ao vivo da emissora.<br \/>\nAl\u00e9m das emissoras de r\u00e1dio e TV, o governo quer extinguir outras oito funda\u00e7\u00f5es p\u00fablicas, e nivela em import\u00e2ncia setores de grandeza t\u00e3o diferentes como o Instituto de Tradi\u00e7\u00e3o e Folclore e as emissoras p\u00fablicas de r\u00e1dio e TV, FEE ou FDRH. A lista completa: Cientec (Funda\u00e7\u00e3o de Ci\u00eancia e Tecnologia), FDRH (Funda\u00e7\u00e3o para o Desenvolvimento de Recursos Humanos). FEE (Funda\u00e7\u00e3o de Economia e Estat\u00edstica), Fepagro (Funda\u00e7\u00e3o Estadual de Pesquisa Agropecu\u00e1ria), Fepps (Funda\u00e7\u00e3o Estadual de Produ\u00e7\u00e3o e Pesquisa em Sa\u00fade), IGTF (Instituto Ga\u00facho de Tradi\u00e7\u00e3o e Folclore), Funda\u00e7\u00e3o Zoobot\u00e2nica e Metroplan.<br \/>\nOs projetos ser\u00e3o encaminhados \u00e0 Assembleia Legislativa em regime de urg\u00eancia. A expectativa do governo \u00e9 discutir e votar todo o pacote ainda este ano.<br \/>\nNo dia 5, servidores da TVE e da FM Cultura realizaram um ato no Parque da Reden\u00e7\u00e3o em defesa da Funda\u00e7\u00e3o Piratini. A programa\u00e7\u00e3o contou com diversos artistas e grupos art\u00edsticos do Estado, como Nei Lisboa, Hique Gomez, Nelson Coelho de Castro e Frank Jorge.<br \/>\nOs servidores da funda\u00e7\u00e3o se revezam em vig\u00edlia em frente ao Pal\u00e1cio Piratini. Nesta ter\u00e7a-feira, servidores de diversos setores do Estado protestam em frente \u00e0 sede do executivo estadual, a partir das 13hs.<\/p>\n","protected":false},"excerpt":{"rendered":"<p>Pelos corredores da Funda\u00e7\u00e3o Cultural Piratini, a informa\u00e7\u00e3o j\u00e1 circulava, ainda sem confirma\u00e7\u00e3o, h\u00e1 alguns dias. No pacote de 40 medidas enviadas pelo governador Jos\u00e9 Ivo Sartori \u00e0 Assembleia Legislativa nesta segunda-feira, est\u00e1 a extin\u00e7\u00e3o de nove funda\u00e7\u00f5es p\u00fablicas. Uma delas \u00e9 a pr\u00f3pria Funda\u00e7\u00e3o Cultural Piratini, respons\u00e1vel pela TVE e FM Cultura. A proposta [&hellip;]<\/p>\n","protected":false},"author":4,"featured_media":41567,"comment_status":"open","ping_status":"closed","sticky":false,"template":"","format":"standard","meta":{"_jetpack_memberships_contains_paid_content":false,"footnotes":""},"categories":[26],"tags":[],"class_list":["post-41560","post","type-post","status-publish","format-standard","has-post-thumbnail","hentry","category-geral"],"aioseo_notices":[],"jetpack_featured_media_url":"","jetpack_sharing_enabled":true,"jetpack-related-posts":[],"jetpack_shortlink":"https:\/\/wp.me\/pbQjBd-aOk","_links":{"self":[{"href":"https:\/\/www.jornalja.com.br\/arquivo\/wp-json\/wp\/v2\/posts\/41560","targetHints":{"allow":["GET"]}}],"collection":[{"href":"https:\/\/www.jornalja.com.br\/arquivo\/wp-json\/wp\/v2\/posts"}],"about":[{"href":"https:\/\/www.jornalja.com.br\/arquivo\/wp-json\/wp\/v2\/types\/post"}],"author":[{"embeddable":true,"href":"https:\/\/www.jornalja.com.br\/arquivo\/wp-json\/wp\/v2\/users\/4"}],"replies":[{"embeddable":true,"href":"https:\/\/www.jornalja.com.br\/arquivo\/wp-json\/wp\/v2\/comments?post=41560"}],"version-history":[{"count":0,"href":"https:\/\/www.jornalja.com.br\/arquivo\/wp-json\/wp\/v2\/posts\/41560\/revisions"}],"wp:featuredmedia":[{"embeddable":true,"href":"https:\/\/www.jornalja.com.br\/arquivo\/wp-json\/"}],"wp:attachment":[{"href":"https:\/\/www.jornalja.com.br\/arquivo\/wp-json\/wp\/v2\/media?parent=41560"}],"wp:term":[{"taxonomy":"category","embeddable":true,"href":"https:\/\/www.jornalja.com.br\/arquivo\/wp-json\/wp\/v2\/categories?post=41560"},{"taxonomy":"post_tag","embeddable":true,"href":"https:\/\/www.jornalja.com.br\/arquivo\/wp-json\/wp\/v2\/tags?post=41560"}],"curies":[{"name":"wp","href":"https:\/\/api.w.org\/{rel}","templated":true}]}}