{"id":41590,"date":"2016-11-21T21:48:41","date_gmt":"2016-11-22T00:48:41","guid":{"rendered":"https:\/\/www.jornalja.com.br\/?p=41590"},"modified":"2016-11-21T21:48:41","modified_gmt":"2016-11-22T00:48:41","slug":"a-religiao-e-o-opio-do-povo","status":"publish","type":"post","link":"https:\/\/www.jornalja.com.br\/arquivo\/a-religiao-e-o-opio-do-povo\/","title":{"rendered":"A religi\u00e3o \u00e9 o \u00f3pio do povo?"},"content":{"rendered":"<p>Jo\u00e3o Alberto Wohlfart &#8211; Professor de Filosofia<br \/>\nNum contexto de ruptura institucional e num pa\u00eds mergulhado numa ditadura parlamentar-jur\u00eddico-midi\u00e1tica, \u00e9 preciso questionar acerca do papel das religi\u00f5es neste contexto. O velho fil\u00f3sofo Karl Marx, novamente odiado pelos golpistas, afirmou em seu tempo que a religi\u00e3o \u00e9 o \u00f3pio do povo. No contexto do s\u00e9culo XIX, o fil\u00f3sofo observou que em tempos de crise econ\u00f4mica, de fome e de mis\u00e9ria, a religi\u00e3o aparece como um consolo porque volta os olhos para outro mundo e impede a leitura e interpreta\u00e7\u00e3o da realidade.<br \/>\nA religi\u00e3o oficial desembarcou em terras brasileiras com os primeiros colonizadores. Isto n\u00e3o significa dizer que os povos origin\u00e1rios n\u00e3o tivessem religi\u00e3o, mas ela foi negada e reprimida. Os colonizadores do velho continente implantaram em terras brasileiras o colonialismo, o imperialismo, a religi\u00e3o oficial, a cruz e a espada. Todos estes componentes foram aqui estabelecidos num casamento perfeito que deveria durar eternamente. Esta condi\u00e7\u00e3o para o Brasil e para a Am\u00e9rica Latina seria uma condi\u00e7\u00e3o imut\u00e1vel inscrita na mente e na vontade divina, portanto os homens e mulheres mortais n\u00e3o deveriam sequer pensar em modific\u00e1-la.<br \/>\nUm intelecto minimamente esclarecido e com posicionamento cr\u00edtico diante do cen\u00e1rio nacional e internacional que se desenha aos nossos olhos, deve olhar com outros olhos a postura da religi\u00e3o oficial diante dos s\u00e9culos de escravagismo que obscureceram a Hist\u00f3ria do Brasil. A religi\u00e3o oficial aben\u00e7oou o escravagismo como algo natural, necess\u00e1rio e como uma lei natural inscrita no interior da pr\u00f3pria sociedade. Sabe-se que os \u00edndios e os negros eram tidos como uma esp\u00e9cie humana de qualidade inferior, raz\u00e3o pela qual seria leg\u00edtima a sua escravid\u00e3o. Como se n\u00e3o bastasse, os \u00edndios eram tidos como uma ra\u00e7a sem alma e vistos como selvagens e incivilizados.<br \/>\nConsiderando um longo caminho hist\u00f3rico de casamento da Religi\u00e3o com a monarquia patriarcal, ela sempre esteve do lado da monarquia, do patriarcalismo, do colonialismo, do racismo etc. Na \u00e9poca do Brasil Col\u00f4nia e Imp\u00e9rio, as b\u00ean\u00e7\u00e3os divinas foram abundantemente derramadas para a sustenta\u00e7\u00e3o de tal estrutura social e como express\u00e3o m\u00e1xima de introdu\u00e7\u00e3o da cultura e da Religi\u00e3o europeia. Foi preciso neutralizar a cultura ind\u00edgena e africana, consideradas pecaminosas e supersticiosas por natureza, para implantar e impor a doutrina verdadeira e os costumes do centro do mundo. Ainda no tempo cronol\u00f3gico do s\u00e9culo XX, os negros n\u00e3o eram admitidos \u00e0 casta do sacerd\u00f3cio cat\u00f3lico porque eram considerados incapazes de assumir as virtudes de santidade de tal condi\u00e7\u00e3o.<br \/>\nParece evidente de que as religi\u00f5es pressup\u00f5em uma vis\u00e3o dualista de mundo, de homem e de sociedade. Alguns s\u00e3o os detentores da gra\u00e7a divina, enquanto outros s\u00e3o naturalmente incapazes e impotentes para tal d\u00e1diva. Alguns levam uma vida de perfei\u00e7\u00e3o segundo a l\u00f3gica da alma e do esp\u00edrito, enquanto outros s\u00e3o submetidos \u00e0s inclina\u00e7\u00f5es da carne e do corpo. Alguns s\u00e3o religiosos abertos \u00e0 gra\u00e7a divina, enquanto outros se deixam arrastar pela l\u00f3gica do pecado e do mundo. Com estes requisitos, a religi\u00e3o sacramentou uma estrutura social absolutamente imut\u00e1vel e constitu\u00edda segundo a vontade divina. Trata-se de uma esp\u00e9cie de racionalidade fundamental, de contornos teol\u00f3gicos e religiosos, que naturaliza o patriarcalismo, o colonialismo, o racismo e do machismo. E como Deus \u00e9 o prot\u00f3tipo da ordem masculina, as mulheres n\u00e3o passam de reprodutoras e contaminadoras do sagrado.<br \/>\nDe uma longa hist\u00f3ria chegamos ao cen\u00e1rio atual. Em outro artigo destacamos um hiato neste tempo hist\u00f3rico quando a Igreja Cat\u00f3lica, em pleno tempo de ditadura militar, adotou outra postura ao denunciar as atrocidades da ditadura e ao assumir a causa da transforma\u00e7\u00e3o social como carro-chefe de sua a\u00e7\u00e3o evangelizadora. Mas, depois de duras repress\u00f5es advindas do centro do catolicismo, ela abandonou a causa da transforma\u00e7\u00e3o social, de forma que na atualidade \u00e9 irrelevante a sua a\u00e7\u00e3o neste universo.<br \/>\nComo a Religi\u00e3o Cat\u00f3lica se tornou impercept\u00edvel no processo de transforma\u00e7\u00e3o social, com forte refluxo para a sacristia e para os templos, este espa\u00e7o passou a ser ocupado por outras religi\u00f5es, especialmente neopentecostais. Estas religi\u00f5es t\u00eam dupla incid\u00eancia, pois est\u00e3o presentes em todas as esferas da pol\u00edtica, especialmente no congresso nacional, e nas bases populares. A a\u00e7\u00e3o delas em v\u00e1rias inst\u00e2ncias da pol\u00edtica, da economia e da sociedade \u00e9 determinante no refluxo conservador e neoliberal. Os grupos religiosos neopentecostais que somam for\u00e7as gigantescas de manipula\u00e7\u00e3o das massas e de composi\u00e7\u00e3o de um quadro pol\u00edtico nacional ultraconservador, t\u00eam como express\u00e3o final o enriquecimento de uma pequena elite e a exclus\u00e3o de massas sociais das benesses do desenvolvimento econ\u00f4mico.<br \/>\nCom estas coloca\u00e7\u00f5es, como interpretar hoje a frase do velho Karl Marx segundo a qual a \u201creligi\u00e3o \u00e9 o \u00f3pio do povo\u201d? N\u00e3o \u00e9 uma simples frase, ela reflete a posi\u00e7\u00e3o do fil\u00f3sofo diante catolicismo do s\u00e9culo XIX. Esta posi\u00e7\u00e3o de Marx enfureceu muita gente \u00e0 sua \u00e9poca, em tempos posteriores e na atualidade. No presente, novamente pesa uma f\u00faria mortal contra o pensador, porque a sua cr\u00edtica contra a estrutura da sociedade capitalista e contra a sua l\u00f3gica interna \u00e9 radical. As contradi\u00e7\u00f5es apontadas por Marx ao capitalismo s\u00e3o basicamente as mesmas que na atualidade est\u00e3o falindo o capitalismo, a sociedade humana e o sistema vida do Planeta Terra.<br \/>\nUma an\u00e1lise cuidadosa do cen\u00e1rio brasileiro atual indica que a postura de Karl Marx \u00e9 de suma atualidade. A evid\u00eancia imediata da atualidade desta posi\u00e7\u00e3o \u00e9 o retorno de fundamentalismos religiosos fan\u00e1ticos e ultraconservadores, inclusive cat\u00f3licos. H\u00e1 posi\u00e7\u00f5es extremamente fechadas que n\u00e3o abrem brechas para di\u00e1logo, nem com outras religi\u00f5es, nem entre religi\u00f5es e nem com outras posi\u00e7\u00f5es filos\u00f3ficas. Mas o universo social est\u00e1 coberto por uma esp\u00e9cie de n\u00e9voa religiosa, que n\u00e3o apenas fecha os olhos do povo diante do golpe e da ditadura, mas os legitima autoritariamente. Por tr\u00e1s de tantos discursos religiosos moralistas e devocionistas, h\u00e1 uma concentra\u00e7\u00e3o diab\u00f3lica de uma ideologia que imp\u00f5e autoritariamente a ordem ditatorial estabelecida. Os fi\u00e9is religiosos mais santos e retos em sua pr\u00e1tica religiosa, tamb\u00e9m oriundos de quadros cat\u00f3licos, falam religiosamente contra a corrup\u00e7\u00e3o, mas a rep\u00f5e e a potencializam em dimens\u00f5es muito mais gigantescas.<br \/>\n\u00c9 um fen\u00f4meno curioso que em tempos de ditadura, de ruptura institucional, de perda de direitos historicamente conquistados e de entrega do pa\u00eds para o grande capital, seja um tempo de efervesc\u00eancia religiosa. Os autoritarismos e fundamentalismos religiosos s\u00e3o intensamente evidenciados e pronunciados contra os movimentos sociais, contra a democracia, contra as maiorias historicamente exclu\u00eddas, contra os trabalhadores. As religi\u00f5es est\u00e3o na base de articula\u00e7\u00e3o pol\u00edtica do atual est\u00e1gio de desenvolvimento do neoliberalismo, que tem como dogmas fundamentais a privatiza\u00e7\u00e3o da economia, a retirada do Estado, a financeiriza\u00e7\u00e3o da economia, a superconcentra\u00e7\u00e3o de renda e a massiva exclus\u00e3o social. H\u00e1 uma proximidade evidente entre a dogmatiza\u00e7\u00e3o econ\u00f4mica e a dogmatiza\u00e7\u00e3o religiosa, em posturas autorit\u00e1rias que tem a mesma plataforma fundamentalista.<br \/>\nPercebe-se, facilmente, que posturas religiosas tipicamente angelicais, devocionais, com os seus discursos fundamentalistas, escondem a afirma\u00e7\u00e3o do projeto golpista neoliberal e a condena\u00e7\u00e3o de qualquer movimento de transforma\u00e7\u00e3o social. Na atualidade, temas como democracia, movimentos populares, reforma agr\u00e1ria, soberania nacional, liberta\u00e7\u00e3o quase n\u00e3o entram nas religi\u00f5es e n\u00e3o fazem parte do discurso religioso. As religi\u00f5es, inclusive a Cat\u00f3lica, incorporam em suas agendas tem\u00e1ticas autorit\u00e1rias, ortodoxas e ultraconservadoras, como a condena\u00e7\u00e3o das esquerdas, dos movimentos feministas, e das quest\u00f5es de g\u00eanero, etc.<br \/>\nA cr\u00edtica de Marx contida na frase \u201ca religi\u00e3o \u00e9 o \u00f3pio o povo\u201d \u00e9 muito forte e de permanente validade. Todas as religi\u00f5es incorrem na tend\u00eancia de mediocrizar e infantilizar os seus fi\u00e9is e integrar o poder opressor. Em momentos de crise, de desintegra\u00e7\u00e3o social e de mis\u00e9ria p\u00fablica, a religi\u00e3o ofusca a realidade e impede a sua transforma\u00e7\u00e3o. Na maioria dos pa\u00edses com incid\u00eancia das ditaduras militares, estes tr\u00e1gicos acontecimentos foram amplamente encobertos pelas religi\u00f5es. No momento atual, autoritarismos jur\u00eddicos, parlamentares, midi\u00e1ticos, econ\u00f4micos e pol\u00edticos t\u00eam um fundo de dogmatismo e fundamentalismo religioso. As m\u00faltiplas formas de moralismos sociais amplamente difundidos na atualidade pela burguesia dominante t\u00eam uma sustenta\u00e7\u00e3o religiosa. Os grandes retrocessos na economia, na pol\u00edtica e na \u00e1rea social s\u00e3o amplamente amparados por fanatismos religiosos, como \u00e9 o caso da bancada evang\u00e9lica do congresso nacional. O juridicismo social que criminaliza os movimentos sociais difunde uma onda de condena\u00e7\u00e3o compar\u00e1vel \u00e0 condena\u00e7\u00e3o das almas ao inferno no apogeu do dom\u00ednio da inquisi\u00e7\u00e3o cat\u00f3lica.<br \/>\nO fen\u00f4meno religioso \u00e9 uma faca de dois gumes. Pode representar uma for\u00e7a de liberta\u00e7\u00e3o e de transforma\u00e7\u00e3o social. Pode, tamb\u00e9m, contribuir com a aliena\u00e7\u00e3o social, com a perda da consci\u00eancia cr\u00edtica, com a legitima\u00e7\u00e3o do poder econ\u00f4mico estabelecido e sustentar ditaduras. Na atualidade, muitas denomina\u00e7\u00f5es religiosas s\u00e3o aliadas do sistema econ\u00f4mico e exploram os fi\u00e9is com proselitismos religiosos. Hoje o Papa Francisco \u00e9 a voz prof\u00e9tica de um novo mundo e de uma nova sociedade, mas os seus quadros hier\u00e1rquicos e fi\u00e9is de base est\u00e3o pouco sintonizados. Salvaguardando estes casos isolados, as religi\u00f5es n\u00e3o t\u00eam perfil de den\u00fancia das injusti\u00e7as e de luta pela transforma\u00e7\u00e3o social.<br \/>\n&nbsp;<br \/>\n&nbsp;<br \/>\n&nbsp;<\/p>\n","protected":false},"excerpt":{"rendered":"<p>Jo\u00e3o Alberto Wohlfart &#8211; Professor de Filosofia Num contexto de ruptura institucional e num pa\u00eds mergulhado numa ditadura parlamentar-jur\u00eddico-midi\u00e1tica, \u00e9 preciso questionar acerca do papel das religi\u00f5es neste contexto. O velho fil\u00f3sofo Karl Marx, novamente odiado pelos golpistas, afirmou em seu tempo que a religi\u00e3o \u00e9 o \u00f3pio do povo. No contexto do s\u00e9culo XIX, [&hellip;]<\/p>\n","protected":false},"author":4,"featured_media":41593,"comment_status":"open","ping_status":"closed","sticky":false,"template":"","format":"standard","meta":{"_jetpack_newsletter_access":"","_jetpack_dont_email_post_to_subs":false,"_jetpack_newsletter_tier_id":0,"_jetpack_memberships_contains_paywalled_content":false,"_jetpack_feature_clip_id":0,"_jetpack_memberships_contains_paid_content":false,"footnotes":"","jetpack_post_was_ever_published":false},"categories":[2011,2012],"tags":[],"class_list":["post-41590","post","type-post","status-publish","format-standard","has-post-thumbnail","hentry","category-destaque","category-debates"],"aioseo_notices":[],"aioseo_head":"\n\t\t<!-- All in One SEO 5.0.1.1 - aioseo.com -->\n\t<meta name=\"robots\" content=\"max-image-preview:large\" \/>\n\t<meta name=\"author\" content=\"da Reda\u00e7\u00e3o\"\/>\n\t<link rel=\"canonical\" href=\"https:\/\/www.jornalja.com.br\/arquivo\/a-religiao-e-o-opio-do-povo\/\" \/>\n\t<meta name=\"generator\" content=\"All in One SEO (AIOSEO) 5.0.1.1\" \/>\n\t\t<meta property=\"og:locale\" content=\"pt_BR\" \/>\n\t\t<meta property=\"og:site_name\" content=\"Arquivo | Jornal J\u00c1 | Porto Alegre\" \/>\n\t\t<meta property=\"og:type\" content=\"article\" \/>\n\t\t<meta property=\"og:title\" content=\"A religi\u00e3o \u00e9 o \u00f3pio do povo? | Arquivo\" \/>\n\t\t<meta property=\"og:url\" content=\"https:\/\/www.jornalja.com.br\/arquivo\/a-religiao-e-o-opio-do-povo\/\" \/>\n\t\t<meta property=\"og:image\" content=\"https:\/\/www.jornalja.com.br\/economics\/wp-content\/uploads\/sites\/11\/2026\/08\/ja-folhaderosto-facebook.jpg\" \/>\n\t\t<meta property=\"og:image:secure_url\" content=\"https:\/\/www.jornalja.com.br\/economics\/wp-content\/uploads\/sites\/11\/2026\/08\/ja-folhaderosto-facebook.jpg\" \/>\n\t\t<meta property=\"article:published_time\" content=\"2016-11-22T00:48:41+00:00\" \/>\n\t\t<meta property=\"article:modified_time\" content=\"2016-11-22T00:48:41+00:00\" \/>\n\t\t<meta name=\"twitter:card\" content=\"summary\" \/>\n\t\t<meta name=\"twitter:title\" content=\"A religi\u00e3o \u00e9 o \u00f3pio do povo? | Arquivo\" \/>\n\t\t<meta name=\"twitter:image\" content=\"https:\/\/www.jornalja.com.br\/economics\/wp-content\/uploads\/sites\/11\/2026\/08\/ja-folhaderosto-facebook.jpg\" \/>\n\t\t<script type=\"application\/ld+json\" class=\"aioseo-schema\">\n\t\t\t{\"@context\":\"https:\\\/\\\/schema.org\",\"@graph\":[{\"@type\":\"BlogPosting\",\"@id\":\"https:\\\/\\\/www.jornalja.com.br\\\/arquivo\\\/a-religiao-e-o-opio-do-povo\\\/#blogposting\",\"name\":\"A religi\\u00e3o \\u00e9 o \\u00f3pio do povo? | Arquivo\",\"headline\":\"A religi\\u00e3o \\u00e9 o \\u00f3pio do povo?\",\"author\":{\"@id\":\"https:\\\/\\\/www.jornalja.com.br\\\/arquivo\\\/author\\\/daredacao\\\/#author\"},\"publisher\":{\"@id\":\"https:\\\/\\\/www.jornalja.com.br\\\/arquivo\\\/#organization\"},\"image\":{\"@type\":\"ImageObject\",\"url\":41593},\"datePublished\":\"2016-11-21T21:48:41-02:00\",\"dateModified\":\"2016-11-21T21:48:41-02:00\",\"inLanguage\":\"pt-BR\",\"mainEntityOfPage\":{\"@id\":\"https:\\\/\\\/www.jornalja.com.br\\\/arquivo\\\/a-religiao-e-o-opio-do-povo\\\/#webpage\"},\"isPartOf\":{\"@id\":\"https:\\\/\\\/www.jornalja.com.br\\\/arquivo\\\/a-religiao-e-o-opio-do-povo\\\/#webpage\"},\"articleSection\":\"CDD-artigo em destaque, HOTSITE Comit\\u00ea pela Democracia\"},{\"@type\":\"BreadcrumbList\",\"@id\":\"https:\\\/\\\/www.jornalja.com.br\\\/arquivo\\\/a-religiao-e-o-opio-do-povo\\\/#breadcrumblist\",\"itemListElement\":[{\"@type\":\"ListItem\",\"@id\":\"https:\\\/\\\/www.jornalja.com.br\\\/arquivo#listItem\",\"position\":1,\"name\":\"Home\",\"item\":\"https:\\\/\\\/www.jornalja.com.br\\\/arquivo\",\"nextItem\":{\"@type\":\"ListItem\",\"@id\":\"https:\\\/\\\/www.jornalja.com.br\\\/arquivo\\\/category\\\/destaque\\\/#listItem\",\"name\":\"CDD-artigo em destaque\"}},{\"@type\":\"ListItem\",\"@id\":\"https:\\\/\\\/www.jornalja.com.br\\\/arquivo\\\/category\\\/destaque\\\/#listItem\",\"position\":2,\"name\":\"CDD-artigo em destaque\",\"item\":\"https:\\\/\\\/www.jornalja.com.br\\\/arquivo\\\/category\\\/destaque\\\/\",\"nextItem\":{\"@type\":\"ListItem\",\"@id\":\"https:\\\/\\\/www.jornalja.com.br\\\/arquivo\\\/a-religiao-e-o-opio-do-povo\\\/#listItem\",\"name\":\"A religi\\u00e3o \\u00e9 o \\u00f3pio do povo?\"},\"previousItem\":{\"@type\":\"ListItem\",\"@id\":\"https:\\\/\\\/www.jornalja.com.br\\\/arquivo#listItem\",\"name\":\"Home\"}},{\"@type\":\"ListItem\",\"@id\":\"https:\\\/\\\/www.jornalja.com.br\\\/arquivo\\\/a-religiao-e-o-opio-do-povo\\\/#listItem\",\"position\":3,\"name\":\"A religi\\u00e3o \\u00e9 o \\u00f3pio do povo?\",\"previousItem\":{\"@type\":\"ListItem\",\"@id\":\"https:\\\/\\\/www.jornalja.com.br\\\/arquivo\\\/category\\\/destaque\\\/#listItem\",\"name\":\"CDD-artigo em destaque\"}}]},{\"@type\":\"Organization\",\"@id\":\"https:\\\/\\\/www.jornalja.com.br\\\/arquivo\\\/#organization\",\"name\":\"Jornal J\\u00c1\",\"description\":\"Jornal J\\u00c1 | Porto Alegre\",\"url\":\"https:\\\/\\\/www.jornalja.com.br\\\/arquivo\\\/\",\"telephone\":\"+555133307272\",\"logo\":{\"@type\":\"ImageObject\",\"url\":\"https:\\\/\\\/www.jornalja.com.br\\\/wp-content\\\/uploads\\\/cards\\\/JAslogan.png\",\"@id\":\"https:\\\/\\\/www.jornalja.com.br\\\/arquivo\\\/a-religiao-e-o-opio-do-povo\\\/#organizationLogo\"},\"image\":{\"@id\":\"https:\\\/\\\/www.jornalja.com.br\\\/arquivo\\\/a-religiao-e-o-opio-do-povo\\\/#organizationLogo\"}},{\"@type\":\"Person\",\"@id\":\"https:\\\/\\\/www.jornalja.com.br\\\/arquivo\\\/author\\\/daredacao\\\/#author\",\"url\":\"https:\\\/\\\/www.jornalja.com.br\\\/arquivo\\\/author\\\/daredacao\\\/\",\"name\":\"da Reda\\u00e7\\u00e3o\",\"image\":{\"@type\":\"ImageObject\",\"@id\":\"https:\\\/\\\/www.jornalja.com.br\\\/arquivo\\\/a-religiao-e-o-opio-do-povo\\\/#authorImage\",\"url\":\"https:\\\/\\\/secure.gravatar.com\\\/avatar\\\/469fd857d6605ad19919d27ed29d35a968a25f6e8fd9318356bbb7f57aae9c65?s=96&d=mm&r=g\",\"width\":96,\"height\":96,\"caption\":\"da Reda\\u00e7\\u00e3o\"}},{\"@type\":\"WebPage\",\"@id\":\"https:\\\/\\\/www.jornalja.com.br\\\/arquivo\\\/a-religiao-e-o-opio-do-povo\\\/#webpage\",\"url\":\"https:\\\/\\\/www.jornalja.com.br\\\/arquivo\\\/a-religiao-e-o-opio-do-povo\\\/\",\"name\":\"A religi\\u00e3o \\u00e9 o \\u00f3pio do povo? | Arquivo\",\"inLanguage\":\"pt-BR\",\"isPartOf\":{\"@id\":\"https:\\\/\\\/www.jornalja.com.br\\\/arquivo\\\/#website\"},\"breadcrumb\":{\"@id\":\"https:\\\/\\\/www.jornalja.com.br\\\/arquivo\\\/a-religiao-e-o-opio-do-povo\\\/#breadcrumblist\"},\"author\":{\"@id\":\"https:\\\/\\\/www.jornalja.com.br\\\/arquivo\\\/author\\\/daredacao\\\/#author\"},\"creator\":{\"@id\":\"https:\\\/\\\/www.jornalja.com.br\\\/arquivo\\\/author\\\/daredacao\\\/#author\"},\"image\":{\"@type\":\"ImageObject\",\"url\":41593,\"@id\":\"https:\\\/\\\/www.jornalja.com.br\\\/arquivo\\\/a-religiao-e-o-opio-do-povo\\\/#mainImage\"},\"primaryImageOfPage\":{\"@id\":\"https:\\\/\\\/www.jornalja.com.br\\\/arquivo\\\/a-religiao-e-o-opio-do-povo\\\/#mainImage\"},\"datePublished\":\"2016-11-21T21:48:41-02:00\",\"dateModified\":\"2016-11-21T21:48:41-02:00\"},{\"@type\":\"WebSite\",\"@id\":\"https:\\\/\\\/www.jornalja.com.br\\\/arquivo\\\/#website\",\"url\":\"https:\\\/\\\/www.jornalja.com.br\\\/arquivo\\\/\",\"name\":\"Arquivo\",\"description\":\"Jornal J\\u00c1 | Porto Alegre\",\"inLanguage\":\"pt-BR\",\"publisher\":{\"@id\":\"https:\\\/\\\/www.jornalja.com.br\\\/arquivo\\\/#organization\"}}]}\n\t\t<\/script>\n\t\t<!-- All in One SEO -->\n\n","aioseo_head_json":{"title":"A religi\u00e3o \u00e9 o \u00f3pio do povo? | Arquivo","description":"","canonical_url":"https:\/\/www.jornalja.com.br\/arquivo\/a-religiao-e-o-opio-do-povo\/","robots":"max-image-preview:large","keywords":"","webmasterTools":{"miscellaneous":""},"schema":{"@context":"https:\/\/schema.org","@graph":[{"@type":"BlogPosting","@id":"https:\/\/www.jornalja.com.br\/arquivo\/a-religiao-e-o-opio-do-povo\/#blogposting","name":"A religi\u00e3o \u00e9 o \u00f3pio do povo? | Arquivo","headline":"A religi\u00e3o \u00e9 o \u00f3pio do povo?","author":{"@id":"https:\/\/www.jornalja.com.br\/arquivo\/author\/daredacao\/#author"},"publisher":{"@id":"https:\/\/www.jornalja.com.br\/arquivo\/#organization"},"image":{"@type":"ImageObject","url":41593},"datePublished":"2016-11-21T21:48:41-02:00","dateModified":"2016-11-21T21:48:41-02:00","inLanguage":"pt-BR","mainEntityOfPage":{"@id":"https:\/\/www.jornalja.com.br\/arquivo\/a-religiao-e-o-opio-do-povo\/#webpage"},"isPartOf":{"@id":"https:\/\/www.jornalja.com.br\/arquivo\/a-religiao-e-o-opio-do-povo\/#webpage"},"articleSection":"CDD-artigo em destaque, HOTSITE Comit\u00ea pela Democracia"},{"@type":"BreadcrumbList","@id":"https:\/\/www.jornalja.com.br\/arquivo\/a-religiao-e-o-opio-do-povo\/#breadcrumblist","itemListElement":[{"@type":"ListItem","@id":"https:\/\/www.jornalja.com.br\/arquivo#listItem","position":1,"name":"Home","item":"https:\/\/www.jornalja.com.br\/arquivo","nextItem":{"@type":"ListItem","@id":"https:\/\/www.jornalja.com.br\/arquivo\/category\/destaque\/#listItem","name":"CDD-artigo em destaque"}},{"@type":"ListItem","@id":"https:\/\/www.jornalja.com.br\/arquivo\/category\/destaque\/#listItem","position":2,"name":"CDD-artigo em destaque","item":"https:\/\/www.jornalja.com.br\/arquivo\/category\/destaque\/","nextItem":{"@type":"ListItem","@id":"https:\/\/www.jornalja.com.br\/arquivo\/a-religiao-e-o-opio-do-povo\/#listItem","name":"A religi\u00e3o \u00e9 o \u00f3pio do povo?"},"previousItem":{"@type":"ListItem","@id":"https:\/\/www.jornalja.com.br\/arquivo#listItem","name":"Home"}},{"@type":"ListItem","@id":"https:\/\/www.jornalja.com.br\/arquivo\/a-religiao-e-o-opio-do-povo\/#listItem","position":3,"name":"A religi\u00e3o \u00e9 o \u00f3pio do povo?","previousItem":{"@type":"ListItem","@id":"https:\/\/www.jornalja.com.br\/arquivo\/category\/destaque\/#listItem","name":"CDD-artigo em destaque"}}]},{"@type":"Organization","@id":"https:\/\/www.jornalja.com.br\/arquivo\/#organization","name":"Jornal J\u00c1","description":"Jornal J\u00c1 | Porto Alegre","url":"https:\/\/www.jornalja.com.br\/arquivo\/","telephone":"+555133307272","logo":{"@type":"ImageObject","url":"https:\/\/www.jornalja.com.br\/wp-content\/uploads\/cards\/JAslogan.png","@id":"https:\/\/www.jornalja.com.br\/arquivo\/a-religiao-e-o-opio-do-povo\/#organizationLogo"},"image":{"@id":"https:\/\/www.jornalja.com.br\/arquivo\/a-religiao-e-o-opio-do-povo\/#organizationLogo"}},{"@type":"Person","@id":"https:\/\/www.jornalja.com.br\/arquivo\/author\/daredacao\/#author","url":"https:\/\/www.jornalja.com.br\/arquivo\/author\/daredacao\/","name":"da Reda\u00e7\u00e3o","image":{"@type":"ImageObject","@id":"https:\/\/www.jornalja.com.br\/arquivo\/a-religiao-e-o-opio-do-povo\/#authorImage","url":"https:\/\/secure.gravatar.com\/avatar\/469fd857d6605ad19919d27ed29d35a968a25f6e8fd9318356bbb7f57aae9c65?s=96&d=mm&r=g","width":96,"height":96,"caption":"da Reda\u00e7\u00e3o"}},{"@type":"WebPage","@id":"https:\/\/www.jornalja.com.br\/arquivo\/a-religiao-e-o-opio-do-povo\/#webpage","url":"https:\/\/www.jornalja.com.br\/arquivo\/a-religiao-e-o-opio-do-povo\/","name":"A religi\u00e3o \u00e9 o \u00f3pio do povo? | Arquivo","inLanguage":"pt-BR","isPartOf":{"@id":"https:\/\/www.jornalja.com.br\/arquivo\/#website"},"breadcrumb":{"@id":"https:\/\/www.jornalja.com.br\/arquivo\/a-religiao-e-o-opio-do-povo\/#breadcrumblist"},"author":{"@id":"https:\/\/www.jornalja.com.br\/arquivo\/author\/daredacao\/#author"},"creator":{"@id":"https:\/\/www.jornalja.com.br\/arquivo\/author\/daredacao\/#author"},"image":{"@type":"ImageObject","url":41593,"@id":"https:\/\/www.jornalja.com.br\/arquivo\/a-religiao-e-o-opio-do-povo\/#mainImage"},"primaryImageOfPage":{"@id":"https:\/\/www.jornalja.com.br\/arquivo\/a-religiao-e-o-opio-do-povo\/#mainImage"},"datePublished":"2016-11-21T21:48:41-02:00","dateModified":"2016-11-21T21:48:41-02:00"},{"@type":"WebSite","@id":"https:\/\/www.jornalja.com.br\/arquivo\/#website","url":"https:\/\/www.jornalja.com.br\/arquivo\/","name":"Arquivo","description":"Jornal J\u00c1 | Porto Alegre","inLanguage":"pt-BR","publisher":{"@id":"https:\/\/www.jornalja.com.br\/arquivo\/#organization"}}]},"og:locale":"pt_BR","og:site_name":"Arquivo | Jornal J\u00c1 | Porto Alegre","og:type":"article","og:title":"A religi\u00e3o \u00e9 o \u00f3pio do povo? | Arquivo","og:url":"https:\/\/www.jornalja.com.br\/arquivo\/a-religiao-e-o-opio-do-povo\/","og:image":"https:\/\/www.jornalja.com.br\/economics\/wp-content\/uploads\/sites\/11\/2026\/08\/ja-folhaderosto-facebook.jpg","og:image:secure_url":"https:\/\/www.jornalja.com.br\/economics\/wp-content\/uploads\/sites\/11\/2026\/08\/ja-folhaderosto-facebook.jpg","article:published_time":"2016-11-22T00:48:41+00:00","article:modified_time":"2016-11-22T00:48:41+00:00","twitter:card":"summary","twitter:title":"A religi\u00e3o \u00e9 o \u00f3pio do povo? | Arquivo","twitter:image":"https:\/\/www.jornalja.com.br\/economics\/wp-content\/uploads\/sites\/11\/2026\/08\/ja-folhaderosto-facebook.jpg"},"aioseo_meta_data":{"post_id":"41590","title":null,"description":null,"keywords":null,"keyphrases":null,"primary_term":null,"canonical_url":null,"og_title":null,"og_description":null,"og_object_type":"default","og_image_type":"default","og_image_url":null,"og_image_width":null,"og_image_height":null,"og_image_custom_url":null,"og_image_custom_fields":null,"og_video":null,"og_custom_url":null,"og_article_section":null,"og_article_tags":null,"twitter_use_og":false,"twitter_card":"default","twitter_image_type":"default","twitter_image_url":null,"twitter_image_custom_url":null,"twitter_image_custom_fields":null,"twitter_title":null,"twitter_description":null,"schema":{"blockGraphs":[],"customGraphs":[],"default":{"data":{"Article":[],"Course":[],"Dataset":[],"FAQPage":[],"Movie":[],"Person":[],"Product":[],"ProductReview":[],"Car":[],"Recipe":[],"Service":[],"SoftwareApplication":[],"WebPage":[]},"graphName":"","isEnabled":true},"graphs":[]},"schema_type":null,"schema_type_options":null,"pillar_content":false,"robots_default":true,"robots_noindex":false,"robots_noarchive":false,"robots_nosnippet":false,"robots_nofollow":false,"robots_noimageindex":false,"robots_noodp":false,"robots_notranslate":false,"robots_max_snippet":null,"robots_max_videopreview":null,"robots_max_imagepreview":"large","priority":null,"frequency":null,"location":null,"local_seo":null,"breadcrumb_settings":null,"limit_modified_date":false,"ai":null,"created":"2020-12-20 20:44:55","updated":"2025-07-19 18:17:50","seo_analyzer_scan_date":null,"focus_keyword":null,"additional_keywords":null,"truseo_locale":null},"jetpack_sharing_enabled":true,"jetpack-related-posts":[{"id":13101,"url":"https:\/\/www.jornalja.com.br\/arquivo\/morre-um-guerreiro-do-texto\/","url_meta":{"origin":41590,"position":0},"title":"Morre um guerreiro do texto","author":"Patr\u00edcia Marini","date":"14 de maio de 2014","format":false,"excerpt":"Por Ricardo Kotscho Reproduzido do blog do autor, 11\/5\/2014; t\u00edtulo original \u201cE l\u00e1 se foi o nosso Myltainho, guerreiro do texto\u201d. Mi\u00fado e franzino, meu amigo Myltainho era um valente e inconformado guerreiro na luta contra as injusti\u00e7as sociais, a hipocrisia, as maracutaias, o autoritarismo, a intoler\u00e2ncia, a viol\u00eancia, o\u2026","rel":"","context":"Em &quot;Geral&quot;","block_context":{"text":"Geral","link":"https:\/\/www.jornalja.com.br\/arquivo\/category\/geral\/"},"img":{"alt_text":"","src":"","width":0,"height":0},"classes":[]},{"id":13128,"url":"https:\/\/www.jornalja.com.br\/arquivo\/maconha-terra-diz-que-uso-medicinal-e-desculpa\/","url_meta":{"origin":41590,"position":1},"title":"Maconha: Terra diz que uso medicinal \u00e9 desculpa","author":"Patr\u00edcia Marini","date":"4 de junho de 2014","format":false,"excerpt":"A condi\u00e7\u00e3o de pol\u00edtico, em \u00e9poca de campanha de campanha eleitoral, tira for\u00e7a do discurso do m\u00e9dico Osmar Terra contra a legaliza\u00e7\u00e3o da maconha. A tese dele de que a libera\u00e7\u00e3o vai ampliar exponencialmente o consumo \u00e9 discutivel, o consumo \u00e9 corrente. Mas seus alertas quanto aos riscos tem que\u2026","rel":"","context":"Em &quot;X.Categorias velhas&quot;","block_context":{"text":"X.Categorias velhas","link":"https:\/\/www.jornalja.com.br\/arquivo\/category\/x-categorias-velhas\/"},"img":{"alt_text":"","src":"","width":0,"height":0},"classes":[]},{"id":12960,"url":"https:\/\/www.jornalja.com.br\/arquivo\/populacao-culpa-empresas-pela-greve-dos-rodoviarios\/","url_meta":{"origin":41590,"position":2},"title":"Popula\u00e7\u00e3o culpa empresas pela greve","author":"Patr\u00edcia Marini","date":"14 de fevereiro de 2014","format":false,"excerpt":"Pesquisa divulgada na edi\u00e7\u00e3o do jornal Metro desta sexta-feira,14, comprova o velho ditado: \u00e9 poss\u00edvel enganar muitos por algum tempo, mas n\u00e3o \u00e9 poss\u00edvel enganar a todos o tempo inteiro. A principal revela\u00e7\u00e3o foi que 59,8% dos entrevistados apontaram as empresas como as principais respons\u00e1veis pela grave e 46% culparam\u2026","rel":"","context":"Em &quot;X.Categorias velhas&quot;","block_context":{"text":"X.Categorias velhas","link":"https:\/\/www.jornalja.com.br\/arquivo\/category\/x-categorias-velhas\/"},"img":{"alt_text":"","src":"","width":0,"height":0},"classes":[]},{"id":5440,"url":"https:\/\/www.jornalja.com.br\/arquivo\/casarao-da-venancio-destino-permanece-incerto\/","url_meta":{"origin":41590,"position":3},"title":"Estado ainda n\u00e3o sabe o que fazer com casar\u00e3o abandonado h\u00e1 20 anos","author":"Elmar Bones","date":"6 de julho de 2009","format":false,"excerpt":"O casar\u00e3o amarelo, numa esquina nobre de Porto Alegre (Ven\u00e2ncio Aires com Jo\u00e3o Pessoa), j\u00e1 abrigou uma escola. H\u00e1 duas d\u00e9cadas, pelo menos, est\u00e1 abandonado, porque seu propriet\u00e1rio, o governo do Estado do Rio Grande do Sul, n\u00e3o consegue achar um destino para ele. Planos n\u00e3o faltaram. O governador Ol\u00edvio\u2026","rel":"","context":"Em &quot;X.Categorias velhas&quot;","block_context":{"text":"X.Categorias velhas","link":"https:\/\/www.jornalja.com.br\/arquivo\/category\/x-categorias-velhas\/"},"img":{"alt_text":"geraldo1","src":"https:\/\/i0.wp.com\/www.jornalja.com.br\/wp-content\/uploads\/2009\/07\/geraldo1.jpg?resize=350%2C200&ssl=1","width":350,"height":200},"classes":[]},{"id":13240,"url":"https:\/\/www.jornalja.com.br\/arquivo\/plano-diretor-estamos-construindo-o-caos\/","url_meta":{"origin":41590,"position":4},"title":"Plano diretor: &quot;Estamos construindo o caos&quot;","author":"Patr\u00edcia Marini","date":"26 de maio de 2014","format":false,"excerpt":"Desabafo que arquiteta Eliana Castilhos, delegada da Regi\u00e3o de Planejamento 1, postou nas redes sociais \u00e9 um testemunho do ambiente que se criou no Conselho do Plano Diretor de Porto Alegre, onde a aprova\u00e7\u00e3o de grandes empreendimentos \u00e9 empurrada guela abaixo dos conselheiros. Ao CMDUA Como delegada da Regi\u00e3o de\u2026","rel":"","context":"Em &quot;Geral&quot;","block_context":{"text":"Geral","link":"https:\/\/www.jornalja.com.br\/arquivo\/category\/geral\/"},"img":{"alt_text":"","src":"","width":0,"height":0},"classes":[]},{"id":13109,"url":"https:\/\/www.jornalja.com.br\/arquivo\/judiciario-reconhece-poluicao-eletromagnetica\/","url_meta":{"origin":41590,"position":5},"title":"Judici\u00e1rio reconhece polui\u00e7\u00e3o eletromagn\u00e9tica","author":"Patr\u00edcia Marini","date":"16 de maio de 2014","format":false,"excerpt":"A\u00e7\u00e3o de duas associa\u00e7\u00f5es de moradores foi acolhida pelo Tribunal de Justi\u00e7a de S\u00e3o Paulo que. em decis\u00e3o in\u00e9dita, determinou a redu\u00e7\u00e3o do campo eletromagn\u00e9tico gerado pelas linhas de transmiss\u00e3o de energia que cortam os bairros City Boa\u00e7ava e Alto de Pinheiros. \u00c9 a primeira vez que um tribunal do\u2026","rel":"","context":"Em &quot;X.Categorias velhas&quot;","block_context":{"text":"X.Categorias velhas","link":"https:\/\/www.jornalja.com.br\/arquivo\/category\/x-categorias-velhas\/"},"img":{"alt_text":"","src":"","width":0,"height":0},"classes":[]}],"jetpack_shortlink":"https:\/\/wp.me\/pbQjBd-aOO","jetpack_featured_media_url":"","_links":{"self":[{"href":"https:\/\/www.jornalja.com.br\/arquivo\/wp-json\/wp\/v2\/posts\/41590","targetHints":{"allow":["GET"]}}],"collection":[{"href":"https:\/\/www.jornalja.com.br\/arquivo\/wp-json\/wp\/v2\/posts"}],"about":[{"href":"https:\/\/www.jornalja.com.br\/arquivo\/wp-json\/wp\/v2\/types\/post"}],"author":[{"embeddable":true,"href":"https:\/\/www.jornalja.com.br\/arquivo\/wp-json\/wp\/v2\/users\/4"}],"replies":[{"embeddable":true,"href":"https:\/\/www.jornalja.com.br\/arquivo\/wp-json\/wp\/v2\/comments?post=41590"}],"version-history":[{"count":0,"href":"https:\/\/www.jornalja.com.br\/arquivo\/wp-json\/wp\/v2\/posts\/41590\/revisions"}],"wp:attachment":[{"href":"https:\/\/www.jornalja.com.br\/arquivo\/wp-json\/wp\/v2\/media?parent=41590"}],"wp:term":[{"taxonomy":"category","embeddable":true,"href":"https:\/\/www.jornalja.com.br\/arquivo\/wp-json\/wp\/v2\/categories?post=41590"},{"taxonomy":"post_tag","embeddable":true,"href":"https:\/\/www.jornalja.com.br\/arquivo\/wp-json\/wp\/v2\/tags?post=41590"}],"curies":[{"name":"wp","href":"https:\/\/api.w.org\/{rel}","templated":true}]}}