{"id":41623,"date":"2016-11-22T15:19:06","date_gmt":"2016-11-22T18:19:06","guid":{"rendered":"https:\/\/www.jornalja.com.br\/?p=41623"},"modified":"2016-11-22T15:19:06","modified_gmt":"2016-11-22T18:19:06","slug":"iab-chama-pacote-de-sartori-de-estado-minimo-de-carater-financista","status":"publish","type":"post","link":"https:\/\/www.jornalja.com.br\/arquivo\/iab-chama-pacote-de-sartori-de-estado-minimo-de-carater-financista\/","title":{"rendered":"IAB chama pacote de Sartori de &quot;Estado M\u00ednimo de car\u00e1ter financista&quot;"},"content":{"rendered":"<p>A Instituto dos Arquitetos do Brasil no Rio Grande do Sul publicou uma nota na qual critica\u00a0as medidas anunciadas ontem pelo governador Jos\u00e9 Ivo Sartori, anunciadas como proposta de moderniza\u00e7\u00e3o do Estado. A nota do IAB-RS ressalta a import\u00e2ncia da manuten\u00e7\u00e3o das funda\u00e7\u00f5es, especialmente quatro das nove que o governo quer extinguir: Cientec, FEE, FDRH e Metroplan.<br \/>\nA \u00edntegra:<br \/>\n<em><strong>N\u00e3o Estado, N\u00e3o Futuro<\/strong><\/em><br \/>\n<em><strong>Nota P\u00fablica do IAB RS sobre o Pacot\u00e3o do Governador Sartori<\/strong><\/em><br \/>\n<em>O Governo do Estado do Rio Grande do Sul, liderado pelo Governador Sartori, frente \u00e0 grave crise financeira do Estado, a qual se arrasta por d\u00e9cadas, anunciou um pacote de medidas denominado \u201cNovo Estado, Novo Futuro\u201d. Anunciadas como propostas de moderniza\u00e7\u00e3o <strong>repetem velhas receitas que j\u00e1 se mostraram ineficazes<\/strong>, posto que medidas semelhantes implementadas pelo Governo Ant\u00f4nio Britto, n\u00e3o ajudaram a resolver a situa\u00e7\u00e3o como foram acompanhadas do <strong>maior aumento da d\u00edvida p\u00fablica do Estado<\/strong> em uma \u00fanica gest\u00e3o.<\/em><br \/>\n<em>O Instituto dos Arquitetos do Brasil, Departamento Rio Grande do Sul, entende que <strong>a sa\u00edda para qualquer crise n\u00e3o se expressa pelo desmonte do Estado<\/strong>, demiss\u00e3o de servidores, supress\u00e3o de direitos sociais e trabalhistas, aumento de impostos e contribui\u00e7\u00f5es ou pela extin\u00e7\u00e3o de institui\u00e7\u00f5es estrat\u00e9gicas para o desenvolvimento do Estado. Ao contr\u00e1rio, <strong>urgente \u00e9 o fortalecimento do Estado e de suas fun\u00e7\u00f5es<\/strong>, as quais n\u00e3o se at\u00eam apenas \u00e0 sa\u00fade, educa\u00e7\u00e3o, seguran\u00e7a e infraestrutura, mas tamb\u00e9m \u00e0 constru\u00e7\u00e3o e lideran\u00e7a de um projeto de desenvolvimento, o que demanda institui\u00e7\u00f5es estatais fortes capazes de estabelecer as bases t\u00e9cnico-cient\u00edficas para desencadear um processo de desenvolvimento sustent\u00e1vel, de forma planejada, gerador de inclus\u00e3o social e qualifica\u00e7\u00e3o do ambiente constru\u00eddo de forma igualit\u00e1ria e valoriza\u00e7\u00e3o do patrim\u00f4nio natural e cultural.<\/em><br \/>\n<em>Neste sentido, sem perder de vista a contrariedade com o conjunto das medidas, dispensamos especial aten\u00e7\u00e3o \u00e0 extin\u00e7\u00e3o da Funda\u00e7\u00e3o Estadual de Planejamento Metropolitano e Regional (METROPLAN), institui\u00e7\u00e3o fundamental para o planejamento e gest\u00e3o de \u00e1reas metropolitanas e aglomerados urbanos do Estado; Funda\u00e7\u00e3o de Ci\u00eancia e Tecnologia (CIENTEC), respons\u00e1vel por importantes pesquisas e produ\u00e7\u00e3o de conhecimento; Funda\u00e7\u00e3o de Economia e Estat\u00edstica (FEE), fundamental ente produtor de dados socioecon\u00f4micos e espa\u00e7o qualificado de pesquisas; Funda\u00e7\u00e3o para o Desenvolvimento de Recursos Humanos (FDRH) e, ainda, \u00e0 fus\u00e3o da Secretaria de Obras, Saneamento e Habita\u00e7\u00e3o \u00e0 Secretaria de Moderniza\u00e7\u00e3o Administrativa e dos Recursos Humanos. Notavelmente, a extin\u00e7\u00e3o da Funda\u00e7\u00e3o Piratini, respons\u00e1vel pela administra\u00e7\u00e3o de dois reconhecidos ve\u00edculos p\u00fablicos de comunica\u00e7\u00e3o, e a extin\u00e7\u00e3o da Secretaria Estadual da Cultura merecem especial men\u00e7\u00e3o. O potencial da cultura para o desenvolvimento econ\u00f4mico e social \u00e9 cada vez mais uma realidade mundial. A extin\u00e7\u00e3o destes dois instrumentos fundamentais para tal tarefa \u00e9 o retrato do atraso que as medidas dadas como \u201cmodernizantes\u201d representam.<strong> Em uma s\u00f3 a\u00e7\u00e3o o Governo tenta acabar com a Cultura, a Ci\u00eancia e a Tecnologia, a pesquisa p\u00fablica, o Planejamento Metropolitano.<\/strong><\/em><br \/>\n<em>Ainda a proposta de derrubada de plebiscito, previsto em Lei, para a privatiza\u00e7\u00e3o de companhias estatais de setores estrat\u00e9gicos, como o energ\u00e9tico, e de recursos minerais, demonstra n\u00e3o s\u00f3 a falta de compromisso deste Governo com este princ\u00edpio democr\u00e1tico, como tamb\u00e9m o <strong>reconhecimento de que tais medidas n\u00e3o contam e n\u00e3o contar\u00e3o com o apoio da popula\u00e7\u00e3o<\/strong>. Destacamos, neste sentido, que este Governo em nenhum momento da campanha eleitoral manifestou a inten\u00e7\u00e3o de propor tais medidas, as quais, portanto, carecem de legitimidade social para sua implementa\u00e7\u00e3o.<\/em><br \/>\n<em>Solidarizamo-nos, finalmente, com os servidores estaduais, os quais t\u00eam sofrido com atraso e parcelamento de sal\u00e1rios por quase um ano, e nos somamos aos mais amplos setores da sociedade ga\u00facha que demonstrar\u00e1, nas ruas e junto aos poderes constitu\u00eddos, sua <strong>resist\u00eancia contra um projeto que visa a instala\u00e7\u00e3o de um Estado M\u00ednimo de car\u00e1ter financista, que privilegia alguns setores p\u00fablicos e privados, em detrimento do direito de toda a popula\u00e7\u00e3o.<\/strong><\/em><br \/>\n<em>Novembro de 2016<\/em><br \/>\n<em>A Diretoria do IAB RS<\/em><\/p>\n","protected":false},"excerpt":{"rendered":"<p>A Instituto dos Arquitetos do Brasil no Rio Grande do Sul publicou uma nota na qual critica\u00a0as medidas anunciadas ontem pelo governador Jos\u00e9 Ivo Sartori, anunciadas como proposta de moderniza\u00e7\u00e3o do Estado. A nota do IAB-RS ressalta a import\u00e2ncia da manuten\u00e7\u00e3o das funda\u00e7\u00f5es, especialmente quatro das nove que o governo quer extinguir: Cientec, FEE, FDRH [&hellip;]<\/p>\n","protected":false},"author":4,"featured_media":0,"comment_status":"open","ping_status":"closed","sticky":false,"template":"","format":"standard","meta":{"_jetpack_newsletter_access":"","_jetpack_dont_email_post_to_subs":false,"_jetpack_newsletter_tier_id":0,"_jetpack_memberships_contains_paywalled_content":false,"_jetpack_feature_clip_id":0,"_jetpack_memberships_contains_paid_content":false,"footnotes":"","jetpack_post_was_ever_published":false},"categories":[2022],"tags":[],"class_list":["post-41623","post","type-post","status-publish","format-standard","hentry","category-notas"],"aioseo_notices":[],"aioseo_head":"\n\t\t<!-- All in One SEO 5.0.1.1 - aioseo.com -->\n\t<meta name=\"robots\" content=\"max-image-preview:large\" \/>\n\t<meta name=\"author\" content=\"da Reda\u00e7\u00e3o\"\/>\n\t<link rel=\"canonical\" href=\"https:\/\/www.jornalja.com.br\/arquivo\/iab-chama-pacote-de-sartori-de-estado-minimo-de-carater-financista\/\" \/>\n\t<meta name=\"generator\" content=\"All in One SEO (AIOSEO) 5.0.1.1\" \/>\n\t\t<meta property=\"og:locale\" content=\"pt_BR\" \/>\n\t\t<meta property=\"og:site_name\" content=\"Arquivo | Jornal J\u00c1 | Porto Alegre\" \/>\n\t\t<meta property=\"og:type\" content=\"article\" \/>\n\t\t<meta property=\"og:title\" content=\"IAB chama pacote de Sartori de &quot;Estado M\u00ednimo de car\u00e1ter financista&quot; | Arquivo\" \/>\n\t\t<meta property=\"og:url\" content=\"https:\/\/www.jornalja.com.br\/arquivo\/iab-chama-pacote-de-sartori-de-estado-minimo-de-carater-financista\/\" \/>\n\t\t<meta property=\"og:image\" content=\"https:\/\/www.jornalja.com.br\/economics\/wp-content\/uploads\/sites\/11\/2026\/08\/ja-folhaderosto-facebook.jpg\" \/>\n\t\t<meta property=\"og:image:secure_url\" content=\"https:\/\/www.jornalja.com.br\/economics\/wp-content\/uploads\/sites\/11\/2026\/08\/ja-folhaderosto-facebook.jpg\" \/>\n\t\t<meta property=\"article:published_time\" content=\"2016-11-22T18:19:06+00:00\" \/>\n\t\t<meta property=\"article:modified_time\" content=\"2016-11-22T18:19:06+00:00\" \/>\n\t\t<meta name=\"twitter:card\" content=\"summary\" \/>\n\t\t<meta name=\"twitter:title\" content=\"IAB chama pacote de Sartori de &quot;Estado M\u00ednimo de car\u00e1ter financista&quot; | Arquivo\" \/>\n\t\t<meta name=\"twitter:image\" content=\"https:\/\/www.jornalja.com.br\/economics\/wp-content\/uploads\/sites\/11\/2026\/08\/ja-folhaderosto-facebook.jpg\" \/>\n\t\t<script type=\"application\/ld+json\" class=\"aioseo-schema\">\n\t\t\t{\"@context\":\"https:\\\/\\\/schema.org\",\"@graph\":[{\"@type\":\"BlogPosting\",\"@id\":\"https:\\\/\\\/www.jornalja.com.br\\\/arquivo\\\/iab-chama-pacote-de-sartori-de-estado-minimo-de-carater-financista\\\/#blogposting\",\"name\":\"IAB chama pacote de Sartori de \\\"Estado M\\u00ednimo de car\\u00e1ter financista\\\" | Arquivo\",\"headline\":\"IAB chama pacote de Sartori de &quot;Estado M\\u00ednimo de car\\u00e1ter financista&quot;\",\"author\":{\"@id\":\"https:\\\/\\\/www.jornalja.com.br\\\/arquivo\\\/author\\\/daredacao\\\/#author\"},\"publisher\":{\"@id\":\"https:\\\/\\\/www.jornalja.com.br\\\/arquivo\\\/#organization\"},\"image\":{\"@type\":\"ImageObject\",\"url\":\"https:\\\/\\\/www.jornalja.com.br\\\/wp-content\\\/uploads\\\/cards\\\/JAslogan.png\",\"@id\":\"https:\\\/\\\/www.jornalja.com.br\\\/arquivo\\\/#articleImage\"},\"datePublished\":\"2016-11-22T15:19:06-02:00\",\"dateModified\":\"2016-11-22T15:19:06-02:00\",\"inLanguage\":\"pt-BR\",\"mainEntityOfPage\":{\"@id\":\"https:\\\/\\\/www.jornalja.com.br\\\/arquivo\\\/iab-chama-pacote-de-sartori-de-estado-minimo-de-carater-financista\\\/#webpage\"},\"isPartOf\":{\"@id\":\"https:\\\/\\\/www.jornalja.com.br\\\/arquivo\\\/iab-chama-pacote-de-sartori-de-estado-minimo-de-carater-financista\\\/#webpage\"},\"articleSection\":\"NOTAS\"},{\"@type\":\"BreadcrumbList\",\"@id\":\"https:\\\/\\\/www.jornalja.com.br\\\/arquivo\\\/iab-chama-pacote-de-sartori-de-estado-minimo-de-carater-financista\\\/#breadcrumblist\",\"itemListElement\":[{\"@type\":\"ListItem\",\"@id\":\"https:\\\/\\\/www.jornalja.com.br\\\/arquivo#listItem\",\"position\":1,\"name\":\"Home\",\"item\":\"https:\\\/\\\/www.jornalja.com.br\\\/arquivo\",\"nextItem\":{\"@type\":\"ListItem\",\"@id\":\"https:\\\/\\\/www.jornalja.com.br\\\/arquivo\\\/category\\\/notas\\\/#listItem\",\"name\":\"NOTAS\"}},{\"@type\":\"ListItem\",\"@id\":\"https:\\\/\\\/www.jornalja.com.br\\\/arquivo\\\/category\\\/notas\\\/#listItem\",\"position\":2,\"name\":\"NOTAS\",\"item\":\"https:\\\/\\\/www.jornalja.com.br\\\/arquivo\\\/category\\\/notas\\\/\",\"nextItem\":{\"@type\":\"ListItem\",\"@id\":\"https:\\\/\\\/www.jornalja.com.br\\\/arquivo\\\/iab-chama-pacote-de-sartori-de-estado-minimo-de-carater-financista\\\/#listItem\",\"name\":\"IAB chama pacote de Sartori de &quot;Estado M\\u00ednimo de car\\u00e1ter financista&quot;\"},\"previousItem\":{\"@type\":\"ListItem\",\"@id\":\"https:\\\/\\\/www.jornalja.com.br\\\/arquivo#listItem\",\"name\":\"Home\"}},{\"@type\":\"ListItem\",\"@id\":\"https:\\\/\\\/www.jornalja.com.br\\\/arquivo\\\/iab-chama-pacote-de-sartori-de-estado-minimo-de-carater-financista\\\/#listItem\",\"position\":3,\"name\":\"IAB chama pacote de Sartori de &quot;Estado M\\u00ednimo de car\\u00e1ter financista&quot;\",\"previousItem\":{\"@type\":\"ListItem\",\"@id\":\"https:\\\/\\\/www.jornalja.com.br\\\/arquivo\\\/category\\\/notas\\\/#listItem\",\"name\":\"NOTAS\"}}]},{\"@type\":\"Organization\",\"@id\":\"https:\\\/\\\/www.jornalja.com.br\\\/arquivo\\\/#organization\",\"name\":\"Jornal J\\u00c1\",\"description\":\"Jornal J\\u00c1 | Porto Alegre\",\"url\":\"https:\\\/\\\/www.jornalja.com.br\\\/arquivo\\\/\",\"telephone\":\"+555133307272\",\"logo\":{\"@type\":\"ImageObject\",\"url\":\"https:\\\/\\\/www.jornalja.com.br\\\/wp-content\\\/uploads\\\/cards\\\/JAslogan.png\",\"@id\":\"https:\\\/\\\/www.jornalja.com.br\\\/arquivo\\\/iab-chama-pacote-de-sartori-de-estado-minimo-de-carater-financista\\\/#organizationLogo\"},\"image\":{\"@id\":\"https:\\\/\\\/www.jornalja.com.br\\\/arquivo\\\/iab-chama-pacote-de-sartori-de-estado-minimo-de-carater-financista\\\/#organizationLogo\"}},{\"@type\":\"Person\",\"@id\":\"https:\\\/\\\/www.jornalja.com.br\\\/arquivo\\\/author\\\/daredacao\\\/#author\",\"url\":\"https:\\\/\\\/www.jornalja.com.br\\\/arquivo\\\/author\\\/daredacao\\\/\",\"name\":\"da Reda\\u00e7\\u00e3o\",\"image\":{\"@type\":\"ImageObject\",\"@id\":\"https:\\\/\\\/www.jornalja.com.br\\\/arquivo\\\/iab-chama-pacote-de-sartori-de-estado-minimo-de-carater-financista\\\/#authorImage\",\"url\":\"https:\\\/\\\/secure.gravatar.com\\\/avatar\\\/469fd857d6605ad19919d27ed29d35a968a25f6e8fd9318356bbb7f57aae9c65?s=96&d=mm&r=g\",\"width\":96,\"height\":96,\"caption\":\"da Reda\\u00e7\\u00e3o\"}},{\"@type\":\"WebPage\",\"@id\":\"https:\\\/\\\/www.jornalja.com.br\\\/arquivo\\\/iab-chama-pacote-de-sartori-de-estado-minimo-de-carater-financista\\\/#webpage\",\"url\":\"https:\\\/\\\/www.jornalja.com.br\\\/arquivo\\\/iab-chama-pacote-de-sartori-de-estado-minimo-de-carater-financista\\\/\",\"name\":\"IAB chama pacote de Sartori de \\\"Estado M\\u00ednimo de car\\u00e1ter financista\\\" | Arquivo\",\"inLanguage\":\"pt-BR\",\"isPartOf\":{\"@id\":\"https:\\\/\\\/www.jornalja.com.br\\\/arquivo\\\/#website\"},\"breadcrumb\":{\"@id\":\"https:\\\/\\\/www.jornalja.com.br\\\/arquivo\\\/iab-chama-pacote-de-sartori-de-estado-minimo-de-carater-financista\\\/#breadcrumblist\"},\"author\":{\"@id\":\"https:\\\/\\\/www.jornalja.com.br\\\/arquivo\\\/author\\\/daredacao\\\/#author\"},\"creator\":{\"@id\":\"https:\\\/\\\/www.jornalja.com.br\\\/arquivo\\\/author\\\/daredacao\\\/#author\"},\"datePublished\":\"2016-11-22T15:19:06-02:00\",\"dateModified\":\"2016-11-22T15:19:06-02:00\"},{\"@type\":\"WebSite\",\"@id\":\"https:\\\/\\\/www.jornalja.com.br\\\/arquivo\\\/#website\",\"url\":\"https:\\\/\\\/www.jornalja.com.br\\\/arquivo\\\/\",\"name\":\"Arquivo\",\"description\":\"Jornal J\\u00c1 | Porto Alegre\",\"inLanguage\":\"pt-BR\",\"publisher\":{\"@id\":\"https:\\\/\\\/www.jornalja.com.br\\\/arquivo\\\/#organization\"}}]}\n\t\t<\/script>\n\t\t<!-- All in One SEO -->\n\n","aioseo_head_json":{"title":"IAB chama pacote de Sartori de \"Estado M\u00ednimo de car\u00e1ter financista\" | Arquivo","description":"","canonical_url":"https:\/\/www.jornalja.com.br\/arquivo\/iab-chama-pacote-de-sartori-de-estado-minimo-de-carater-financista\/","robots":"max-image-preview:large","keywords":"","webmasterTools":{"miscellaneous":""},"schema":{"@context":"https:\/\/schema.org","@graph":[{"@type":"BlogPosting","@id":"https:\/\/www.jornalja.com.br\/arquivo\/iab-chama-pacote-de-sartori-de-estado-minimo-de-carater-financista\/#blogposting","name":"IAB chama pacote de Sartori de \"Estado M\u00ednimo de car\u00e1ter financista\" | Arquivo","headline":"IAB chama pacote de Sartori de &quot;Estado M\u00ednimo de car\u00e1ter financista&quot;","author":{"@id":"https:\/\/www.jornalja.com.br\/arquivo\/author\/daredacao\/#author"},"publisher":{"@id":"https:\/\/www.jornalja.com.br\/arquivo\/#organization"},"image":{"@type":"ImageObject","url":"https:\/\/www.jornalja.com.br\/wp-content\/uploads\/cards\/JAslogan.png","@id":"https:\/\/www.jornalja.com.br\/arquivo\/#articleImage"},"datePublished":"2016-11-22T15:19:06-02:00","dateModified":"2016-11-22T15:19:06-02:00","inLanguage":"pt-BR","mainEntityOfPage":{"@id":"https:\/\/www.jornalja.com.br\/arquivo\/iab-chama-pacote-de-sartori-de-estado-minimo-de-carater-financista\/#webpage"},"isPartOf":{"@id":"https:\/\/www.jornalja.com.br\/arquivo\/iab-chama-pacote-de-sartori-de-estado-minimo-de-carater-financista\/#webpage"},"articleSection":"NOTAS"},{"@type":"BreadcrumbList","@id":"https:\/\/www.jornalja.com.br\/arquivo\/iab-chama-pacote-de-sartori-de-estado-minimo-de-carater-financista\/#breadcrumblist","itemListElement":[{"@type":"ListItem","@id":"https:\/\/www.jornalja.com.br\/arquivo#listItem","position":1,"name":"Home","item":"https:\/\/www.jornalja.com.br\/arquivo","nextItem":{"@type":"ListItem","@id":"https:\/\/www.jornalja.com.br\/arquivo\/category\/notas\/#listItem","name":"NOTAS"}},{"@type":"ListItem","@id":"https:\/\/www.jornalja.com.br\/arquivo\/category\/notas\/#listItem","position":2,"name":"NOTAS","item":"https:\/\/www.jornalja.com.br\/arquivo\/category\/notas\/","nextItem":{"@type":"ListItem","@id":"https:\/\/www.jornalja.com.br\/arquivo\/iab-chama-pacote-de-sartori-de-estado-minimo-de-carater-financista\/#listItem","name":"IAB chama pacote de Sartori de &quot;Estado M\u00ednimo de car\u00e1ter financista&quot;"},"previousItem":{"@type":"ListItem","@id":"https:\/\/www.jornalja.com.br\/arquivo#listItem","name":"Home"}},{"@type":"ListItem","@id":"https:\/\/www.jornalja.com.br\/arquivo\/iab-chama-pacote-de-sartori-de-estado-minimo-de-carater-financista\/#listItem","position":3,"name":"IAB chama pacote de Sartori de &quot;Estado M\u00ednimo de car\u00e1ter financista&quot;","previousItem":{"@type":"ListItem","@id":"https:\/\/www.jornalja.com.br\/arquivo\/category\/notas\/#listItem","name":"NOTAS"}}]},{"@type":"Organization","@id":"https:\/\/www.jornalja.com.br\/arquivo\/#organization","name":"Jornal J\u00c1","description":"Jornal J\u00c1 | Porto Alegre","url":"https:\/\/www.jornalja.com.br\/arquivo\/","telephone":"+555133307272","logo":{"@type":"ImageObject","url":"https:\/\/www.jornalja.com.br\/wp-content\/uploads\/cards\/JAslogan.png","@id":"https:\/\/www.jornalja.com.br\/arquivo\/iab-chama-pacote-de-sartori-de-estado-minimo-de-carater-financista\/#organizationLogo"},"image":{"@id":"https:\/\/www.jornalja.com.br\/arquivo\/iab-chama-pacote-de-sartori-de-estado-minimo-de-carater-financista\/#organizationLogo"}},{"@type":"Person","@id":"https:\/\/www.jornalja.com.br\/arquivo\/author\/daredacao\/#author","url":"https:\/\/www.jornalja.com.br\/arquivo\/author\/daredacao\/","name":"da Reda\u00e7\u00e3o","image":{"@type":"ImageObject","@id":"https:\/\/www.jornalja.com.br\/arquivo\/iab-chama-pacote-de-sartori-de-estado-minimo-de-carater-financista\/#authorImage","url":"https:\/\/secure.gravatar.com\/avatar\/469fd857d6605ad19919d27ed29d35a968a25f6e8fd9318356bbb7f57aae9c65?s=96&d=mm&r=g","width":96,"height":96,"caption":"da Reda\u00e7\u00e3o"}},{"@type":"WebPage","@id":"https:\/\/www.jornalja.com.br\/arquivo\/iab-chama-pacote-de-sartori-de-estado-minimo-de-carater-financista\/#webpage","url":"https:\/\/www.jornalja.com.br\/arquivo\/iab-chama-pacote-de-sartori-de-estado-minimo-de-carater-financista\/","name":"IAB chama pacote de Sartori de \"Estado M\u00ednimo de car\u00e1ter financista\" | Arquivo","inLanguage":"pt-BR","isPartOf":{"@id":"https:\/\/www.jornalja.com.br\/arquivo\/#website"},"breadcrumb":{"@id":"https:\/\/www.jornalja.com.br\/arquivo\/iab-chama-pacote-de-sartori-de-estado-minimo-de-carater-financista\/#breadcrumblist"},"author":{"@id":"https:\/\/www.jornalja.com.br\/arquivo\/author\/daredacao\/#author"},"creator":{"@id":"https:\/\/www.jornalja.com.br\/arquivo\/author\/daredacao\/#author"},"datePublished":"2016-11-22T15:19:06-02:00","dateModified":"2016-11-22T15:19:06-02:00"},{"@type":"WebSite","@id":"https:\/\/www.jornalja.com.br\/arquivo\/#website","url":"https:\/\/www.jornalja.com.br\/arquivo\/","name":"Arquivo","description":"Jornal J\u00c1 | Porto Alegre","inLanguage":"pt-BR","publisher":{"@id":"https:\/\/www.jornalja.com.br\/arquivo\/#organization"}}]},"og:locale":"pt_BR","og:site_name":"Arquivo | Jornal J\u00c1 | Porto Alegre","og:type":"article","og:title":"IAB chama pacote de Sartori de &quot;Estado M\u00ednimo de car\u00e1ter financista&quot; | Arquivo","og:url":"https:\/\/www.jornalja.com.br\/arquivo\/iab-chama-pacote-de-sartori-de-estado-minimo-de-carater-financista\/","og:image":"https:\/\/www.jornalja.com.br\/economics\/wp-content\/uploads\/sites\/11\/2026\/08\/ja-folhaderosto-facebook.jpg","og:image:secure_url":"https:\/\/www.jornalja.com.br\/economics\/wp-content\/uploads\/sites\/11\/2026\/08\/ja-folhaderosto-facebook.jpg","article:published_time":"2016-11-22T18:19:06+00:00","article:modified_time":"2016-11-22T18:19:06+00:00","twitter:card":"summary","twitter:title":"IAB chama pacote de Sartori de &quot;Estado M\u00ednimo de car\u00e1ter financista&quot; | Arquivo","twitter:image":"https:\/\/www.jornalja.com.br\/economics\/wp-content\/uploads\/sites\/11\/2026\/08\/ja-folhaderosto-facebook.jpg"},"aioseo_meta_data":{"post_id":"41623","title":null,"description":null,"keywords":null,"keyphrases":null,"primary_term":null,"canonical_url":null,"og_title":null,"og_description":null,"og_object_type":"default","og_image_type":"default","og_image_url":null,"og_image_width":null,"og_image_height":null,"og_image_custom_url":null,"og_image_custom_fields":null,"og_video":null,"og_custom_url":null,"og_article_section":null,"og_article_tags":null,"twitter_use_og":false,"twitter_card":"default","twitter_image_type":"default","twitter_image_url":null,"twitter_image_custom_url":null,"twitter_image_custom_fields":null,"twitter_title":null,"twitter_description":null,"schema":{"blockGraphs":[],"customGraphs":[],"default":{"data":{"Article":[],"Course":[],"Dataset":[],"FAQPage":[],"Movie":[],"Person":[],"Product":[],"ProductReview":[],"Car":[],"Recipe":[],"Service":[],"SoftwareApplication":[],"WebPage":[]},"graphName":"","isEnabled":true},"graphs":[],"defaultGraph":"","defaultPostTypeGraph":""},"schema_type":null,"schema_type_options":null,"pillar_content":false,"robots_default":true,"robots_noindex":false,"robots_noarchive":false,"robots_nosnippet":false,"robots_nofollow":false,"robots_noimageindex":false,"robots_noodp":false,"robots_notranslate":false,"robots_max_snippet":null,"robots_max_videopreview":null,"robots_max_imagepreview":"large","priority":null,"frequency":null,"location":null,"local_seo":null,"breadcrumb_settings":null,"limit_modified_date":false,"ai":null,"created":"2020-12-20 20:44:55","updated":"2025-07-19 18:17:50","seo_analyzer_scan_date":null,"focus_keyword":null,"additional_keywords":null,"truseo_locale":null},"jetpack_sharing_enabled":true,"jetpack-related-posts":[{"id":13128,"url":"https:\/\/www.jornalja.com.br\/arquivo\/maconha-terra-diz-que-uso-medicinal-e-desculpa\/","url_meta":{"origin":41623,"position":0},"title":"Maconha: Terra diz que uso medicinal \u00e9 desculpa","author":"Patr\u00edcia Marini","date":"4 de junho de 2014","format":false,"excerpt":"A condi\u00e7\u00e3o de pol\u00edtico, em \u00e9poca de campanha de campanha eleitoral, tira for\u00e7a do discurso do m\u00e9dico Osmar Terra contra a legaliza\u00e7\u00e3o da maconha. A tese dele de que a libera\u00e7\u00e3o vai ampliar exponencialmente o consumo \u00e9 discutivel, o consumo \u00e9 corrente. Mas seus alertas quanto aos riscos tem que\u2026","rel":"","context":"Em &quot;X.Categorias velhas&quot;","block_context":{"text":"X.Categorias velhas","link":"https:\/\/www.jornalja.com.br\/arquivo\/category\/x-categorias-velhas\/"},"img":{"alt_text":"","src":"","width":0,"height":0},"classes":[]},{"id":13124,"url":"https:\/\/www.jornalja.com.br\/arquivo\/sangue-latino-no-iecine\/","url_meta":{"origin":41623,"position":1},"title":"Sangue latino no IECINE","author":"da Reda\u00e7\u00e3o","date":"18 de maio de 2014","format":false,"excerpt":"Francisco Ribeiro O Instituto Estadual de Cinema (IECINE) tem a frente, desde abril \u00faltimo, um novo diretor, o cineasta colombiano Juan Zapata, 36, que substitui Luiz Alberto Cassol. Radicado h\u00e1 dez anos em Porto Alegre, Zapata tem diante de si o desafio de conduzir at\u00e9 o final do ano um\u2026","rel":"","context":"Em &quot;Cultura-Geral&quot;","block_context":{"text":"Cultura-Geral","link":"https:\/\/www.jornalja.com.br\/arquivo\/category\/materiasecundaria\/"},"img":{"alt_text":"","src":"","width":0,"height":0},"classes":[]},{"id":5440,"url":"https:\/\/www.jornalja.com.br\/arquivo\/casarao-da-venancio-destino-permanece-incerto\/","url_meta":{"origin":41623,"position":2},"title":"Estado ainda n\u00e3o sabe o que fazer com casar\u00e3o abandonado h\u00e1 20 anos","author":"Elmar Bones","date":"6 de julho de 2009","format":false,"excerpt":"O casar\u00e3o amarelo, numa esquina nobre de Porto Alegre (Ven\u00e2ncio Aires com Jo\u00e3o Pessoa), j\u00e1 abrigou uma escola. H\u00e1 duas d\u00e9cadas, pelo menos, est\u00e1 abandonado, porque seu propriet\u00e1rio, o governo do Estado do Rio Grande do Sul, n\u00e3o consegue achar um destino para ele. Planos n\u00e3o faltaram. O governador Ol\u00edvio\u2026","rel":"","context":"Em &quot;X.Categorias velhas&quot;","block_context":{"text":"X.Categorias velhas","link":"https:\/\/www.jornalja.com.br\/arquivo\/category\/x-categorias-velhas\/"},"img":{"alt_text":"geraldo1","src":"https:\/\/i0.wp.com\/www.jornalja.com.br\/wp-content\/uploads\/2009\/07\/geraldo1.jpg?resize=350%2C200&ssl=1","width":350,"height":200},"classes":[]},{"id":12960,"url":"https:\/\/www.jornalja.com.br\/arquivo\/populacao-culpa-empresas-pela-greve-dos-rodoviarios\/","url_meta":{"origin":41623,"position":3},"title":"Popula\u00e7\u00e3o culpa empresas pela greve","author":"Patr\u00edcia Marini","date":"14 de fevereiro de 2014","format":false,"excerpt":"Pesquisa divulgada na edi\u00e7\u00e3o do jornal Metro desta sexta-feira,14, comprova o velho ditado: \u00e9 poss\u00edvel enganar muitos por algum tempo, mas n\u00e3o \u00e9 poss\u00edvel enganar a todos o tempo inteiro. A principal revela\u00e7\u00e3o foi que 59,8% dos entrevistados apontaram as empresas como as principais respons\u00e1veis pela grave e 46% culparam\u2026","rel":"","context":"Em &quot;X.Categorias velhas&quot;","block_context":{"text":"X.Categorias velhas","link":"https:\/\/www.jornalja.com.br\/arquivo\/category\/x-categorias-velhas\/"},"img":{"alt_text":"","src":"","width":0,"height":0},"classes":[]},{"id":14241,"url":"https:\/\/www.jornalja.com.br\/arquivo\/o-guaiba-nas-imagens-poeticas-de-achutti\/","url_meta":{"origin":41623,"position":4},"title":"O Gua\u00edba nas imagens po\u00e9ticas de Achutti","author":"da Reda\u00e7\u00e3o","date":"18 de junho de 2014","format":false,"excerpt":"Em \u201cO Gua\u00edba por Achutti\u201d \u2013 obra financiada via Minist\u00e9rio da Cultura, produ\u00e7\u00e3o executiva de Pedro Longhi, e Fl\u00e1vio Wild como designer \u2013, o fot\u00f3grafo revela a beleza e as mazelas de um espa\u00e7o aqu\u00e1tico de \u00e1guas sempre renovadas, cheio de hist\u00f3rias e lendas como as das cidades que foram\u2026","rel":"","context":"Em &quot;Cultura-Geral&quot;","block_context":{"text":"Cultura-Geral","link":"https:\/\/www.jornalja.com.br\/arquivo\/category\/materiasecundaria\/"},"img":{"alt_text":"","src":"","width":0,"height":0},"classes":[]},{"id":13109,"url":"https:\/\/www.jornalja.com.br\/arquivo\/judiciario-reconhece-poluicao-eletromagnetica\/","url_meta":{"origin":41623,"position":5},"title":"Judici\u00e1rio reconhece polui\u00e7\u00e3o eletromagn\u00e9tica","author":"Patr\u00edcia Marini","date":"16 de maio de 2014","format":false,"excerpt":"A\u00e7\u00e3o de duas associa\u00e7\u00f5es de moradores foi acolhida pelo Tribunal de Justi\u00e7a de S\u00e3o Paulo que. em decis\u00e3o in\u00e9dita, determinou a redu\u00e7\u00e3o do campo eletromagn\u00e9tico gerado pelas linhas de transmiss\u00e3o de energia que cortam os bairros City Boa\u00e7ava e Alto de Pinheiros. \u00c9 a primeira vez que um tribunal do\u2026","rel":"","context":"Em &quot;X.Categorias velhas&quot;","block_context":{"text":"X.Categorias velhas","link":"https:\/\/www.jornalja.com.br\/arquivo\/category\/x-categorias-velhas\/"},"img":{"alt_text":"","src":"","width":0,"height":0},"classes":[]}],"jetpack_shortlink":"https:\/\/wp.me\/pbQjBd-aPl","jetpack_featured_media_url":"","_links":{"self":[{"href":"https:\/\/www.jornalja.com.br\/arquivo\/wp-json\/wp\/v2\/posts\/41623","targetHints":{"allow":["GET"]}}],"collection":[{"href":"https:\/\/www.jornalja.com.br\/arquivo\/wp-json\/wp\/v2\/posts"}],"about":[{"href":"https:\/\/www.jornalja.com.br\/arquivo\/wp-json\/wp\/v2\/types\/post"}],"author":[{"embeddable":true,"href":"https:\/\/www.jornalja.com.br\/arquivo\/wp-json\/wp\/v2\/users\/4"}],"replies":[{"embeddable":true,"href":"https:\/\/www.jornalja.com.br\/arquivo\/wp-json\/wp\/v2\/comments?post=41623"}],"version-history":[{"count":0,"href":"https:\/\/www.jornalja.com.br\/arquivo\/wp-json\/wp\/v2\/posts\/41623\/revisions"}],"wp:attachment":[{"href":"https:\/\/www.jornalja.com.br\/arquivo\/wp-json\/wp\/v2\/media?parent=41623"}],"wp:term":[{"taxonomy":"category","embeddable":true,"href":"https:\/\/www.jornalja.com.br\/arquivo\/wp-json\/wp\/v2\/categories?post=41623"},{"taxonomy":"post_tag","embeddable":true,"href":"https:\/\/www.jornalja.com.br\/arquivo\/wp-json\/wp\/v2\/tags?post=41623"}],"curies":[{"name":"wp","href":"https:\/\/api.w.org\/{rel}","templated":true}]}}