{"id":41649,"date":"2016-11-23T13:46:39","date_gmt":"2016-11-23T16:46:39","guid":{"rendered":"https:\/\/www.jornalja.com.br\/?p=41649"},"modified":"2016-11-23T13:46:39","modified_gmt":"2016-11-23T16:46:39","slug":"extinguir-a-fee-e-uma-agressao-ao-povo-gaucho","status":"publish","type":"post","link":"https:\/\/www.jornalja.com.br\/arquivo\/extinguir-a-fee-e-uma-agressao-ao-povo-gaucho\/","title":{"rendered":"Extinguir a FEE \u00e9 uma agress\u00e3o ao povo ga\u00facho"},"content":{"rendered":"<p>H\u00e1 25 anos, tive a honra de assumir a Presid\u00eancia da Funda\u00e7\u00e3o de Economia e Estat\u00edstica Siegfried Emanuel Heuser, a FEE, cargo que ocupei por dois anos. Viv\u00edamos um momento dif\u00edcil para o sistema de estat\u00edstica nacional, pois o ent\u00e3o Presidente Fernando Collor havia decidido, com o objetivo de reduzir gastos da Uni\u00e3o, promover cortes expressivos no or\u00e7amento e no quadro funcional do Instituto Brasileiro de Geografia e Estat\u00edstica, o IBGE. Pesquisadores e gestores p\u00fablicos que viveram aquele per\u00edodo conhecem bem os estragos resultantes, sendo a n\u00e3o realiza\u00e7\u00e3o do Censo Demogr\u00e1fico em 1990 um dos mais eloquentes.<br \/>\nEm 21 de novembro de 2016, o governador Ivo Sartori, em uma repeti\u00e7\u00e3o tr\u00e1gica e t\u00e3o equivocada quanto aquelas decis\u00f5es do Governo Collor, anunciou a extin\u00e7\u00e3o da FEE, no \u00e2mbito de um pacote de privatiza\u00e7\u00e3o \u00a0de funda\u00e7\u00f5es e empresas no Estado do Rio Grande do Sul.\u00a0 Essa decis\u00e3o causar\u00e1 uma irrevers\u00edvel destrui\u00e7\u00e3o do sistema de estat\u00edsticas ga\u00facho, e ter\u00e1 um impacto irrelevante sobre as contas p\u00fablicas pois a FEE custa menos de 0,08% do or\u00e7amento do Estado.<br \/>\nPor 43 anos, a FEE tem produzido estat\u00edsticas e indicadores metodologicamente consistentes e socialmente confi\u00e1veis, atributos fundamentais a um instituto p\u00fablico de pesquisa. Se hoje o Rio Grande do Sul disp\u00f5e de uma matriz insumo-produto, de indicadores sobre o agroneg\u00f3cio, de estimativas do PIB, de \u00edndices de vendas no Com\u00e9rcio e na Ind\u00fastria, que permitem conhecer a estrutura produtiva do Estado e direcionar as pol\u00edticas de est\u00edmulo \u00e0 produ\u00e7\u00e3o, \u00e9 porque a FEE os produz. Se dispomos de estimativas municipais de popula\u00e7\u00e3o, que propiciam conhecer a demanda por servi\u00e7os p\u00fablicos pelos ga\u00fachos, para atend\u00ea-los mais adequadamente, \u00e9 porque a FEE as organizou. Se temos o retrato do mercado de trabalho metropolitano, \u00e9 porque a FEE o constr\u00f3i, mensalmente.<br \/>\nPara produzir todos esses indicadores, a FEE estabeleceu parcerias com institui\u00e7\u00f5es e \u00f3rg\u00e3os governamentais, al\u00e9m de \u00f3rg\u00e3os de representa\u00e7\u00e3o setorial, ga\u00fachos e nacionais. Destaco essas parcerias porque elas s\u00e3o express\u00e3o do respeito que a FEE construiu junto \u00e0 comunidade cient\u00edfica e estat\u00edstica, aos gestores p\u00fablicos e \u00e0 sociedade ga\u00facha ao longo de sua hist\u00f3ria, al\u00e9m de mostrarem o empenho do corpo t\u00e9cnico da institui\u00e7\u00e3o para dialogar e construir indicadores capazes de retratar, da forma mais adequada poss\u00edvel, a realidade que os atores envolvidos querem e precisam conhecer.<br \/>\nA proposta de extin\u00e7\u00e3o da FEE \u00e9, por todos os \u00e2ngulos que analisemos, um enorme equ\u00edvoco. Mais que um equ\u00edvoco \u00e9 um grave dano ao Estado e \u00e0 sociedade ga\u00fachos. S\u00e9ries hist\u00f3ricas se perder\u00e3o, informa\u00e7\u00f5es necess\u00e1rias ao planejamento das a\u00e7\u00f5es p\u00fablicas deixar\u00e3o de existir, o conhecimento sobre a realidade produtiva e social do Estado escassear\u00e1. Quando o governo ou a sociedade quiser planejar suas a\u00e7\u00f5es, far\u00e1 o que?\u00a0Contratar\u00e1 empresas de consultoria privadas, que cobrar\u00e3o pelos servi\u00e7os que antes eram prestados, com autonomia e qualidade, pela FEE?<br \/>\nCabe perguntar por que a extin\u00e7\u00e3o da FEE? Por que esse verdadeiro\u00a0 atentado ao patrim\u00f4nio dos ga\u00fachos j\u00e1 que a extin\u00e7\u00e3o da FEE n\u00e3o contribui para a melhoria das contas p\u00fablicas?\u00a0 Ser\u00e1 a dificuldade de lidar com a transpar\u00eancia que os dados trazem?<br \/>\nInfelizmente, a conjuntura recente tem se mostrado pr\u00f3diga em pontes e caminhos que prometem o futuro, mas nos conduzem a um passado que o Rio Grande do Sul e o Brasil n\u00e3o merecem reviver.<br \/>\nComo ga\u00facha por ado\u00e7\u00e3o e como parte do corpo t\u00e9cnico dessa brilhante institui\u00e7\u00e3o, me somo a todos que, neste momento, bradam contra a extin\u00e7\u00e3o da FEE. Devemos nos opor, mobilizar a sociedade e nossos representantes na Assembleia Legislativa, para evitar que,\u00a0em nome de uma economia p\u00edfia de recursos, comprometamos o conhecimento da realidade do Rio Grande do Sul. \u00c9 hora de\u00a0mostrar\u00a0<em style=\"font-weight: inherit\">\u201cvalor, const\u00e2ncia, nesta \u00edmpia, injusta guerra\u201d<\/em>.<br \/>\n<em>(Publicado originalmente no Sul21)<\/em><\/p>\n","protected":false},"excerpt":{"rendered":"<p>H\u00e1 25 anos, tive a honra de assumir a Presid\u00eancia da Funda\u00e7\u00e3o de Economia e Estat\u00edstica Siegfried Emanuel Heuser, a FEE, cargo que ocupei por dois anos. Viv\u00edamos um momento dif\u00edcil para o sistema de estat\u00edstica nacional, pois o ent\u00e3o Presidente Fernando Collor havia decidido, com o objetivo de reduzir gastos da Uni\u00e3o, promover cortes [&hellip;]<\/p>\n","protected":false},"author":4,"featured_media":0,"comment_status":"open","ping_status":"closed","sticky":false,"template":"","format":"standard","meta":{"_jetpack_newsletter_access":"","_jetpack_dont_email_post_to_subs":false,"_jetpack_newsletter_tier_id":0,"_jetpack_memberships_contains_paywalled_content":false,"_jetpack_feature_clip_id":0,"_jetpack_memberships_contains_paid_content":false,"footnotes":"","jetpack_post_was_ever_published":false},"categories":[10],"tags":[],"class_list":["post-41649","post","type-post","status-publish","format-standard","hentry","category-analiseopiniao"],"aioseo_notices":[],"aioseo_head":"\n\t\t<!-- All in One SEO 5.0.1.1 - aioseo.com -->\n\t<meta name=\"robots\" content=\"max-image-preview:large\" \/>\n\t<meta name=\"author\" content=\"da Reda\u00e7\u00e3o\"\/>\n\t<link rel=\"canonical\" href=\"https:\/\/www.jornalja.com.br\/arquivo\/extinguir-a-fee-e-uma-agressao-ao-povo-gaucho\/\" \/>\n\t<meta name=\"generator\" content=\"All in One SEO (AIOSEO) 5.0.1.1\" \/>\n\t\t<meta property=\"og:locale\" content=\"pt_BR\" \/>\n\t\t<meta property=\"og:site_name\" content=\"Arquivo | Jornal J\u00c1 | Porto Alegre\" \/>\n\t\t<meta property=\"og:type\" content=\"article\" \/>\n\t\t<meta property=\"og:title\" content=\"Extinguir a FEE \u00e9 uma agress\u00e3o ao povo ga\u00facho | Arquivo\" \/>\n\t\t<meta property=\"og:url\" content=\"https:\/\/www.jornalja.com.br\/arquivo\/extinguir-a-fee-e-uma-agressao-ao-povo-gaucho\/\" \/>\n\t\t<meta property=\"og:image\" content=\"https:\/\/www.jornalja.com.br\/economics\/wp-content\/uploads\/sites\/11\/2026\/08\/ja-folhaderosto-facebook.jpg\" \/>\n\t\t<meta property=\"og:image:secure_url\" content=\"https:\/\/www.jornalja.com.br\/economics\/wp-content\/uploads\/sites\/11\/2026\/08\/ja-folhaderosto-facebook.jpg\" \/>\n\t\t<meta property=\"article:published_time\" content=\"2016-11-23T16:46:39+00:00\" \/>\n\t\t<meta property=\"article:modified_time\" content=\"2016-11-23T16:46:39+00:00\" \/>\n\t\t<meta name=\"twitter:card\" content=\"summary\" \/>\n\t\t<meta name=\"twitter:title\" content=\"Extinguir a FEE \u00e9 uma agress\u00e3o ao povo ga\u00facho | Arquivo\" \/>\n\t\t<meta name=\"twitter:image\" content=\"https:\/\/www.jornalja.com.br\/economics\/wp-content\/uploads\/sites\/11\/2026\/08\/ja-folhaderosto-facebook.jpg\" \/>\n\t\t<script type=\"application\/ld+json\" class=\"aioseo-schema\">\n\t\t\t{\"@context\":\"https:\\\/\\\/schema.org\",\"@graph\":[{\"@type\":\"BlogPosting\",\"@id\":\"https:\\\/\\\/www.jornalja.com.br\\\/arquivo\\\/extinguir-a-fee-e-uma-agressao-ao-povo-gaucho\\\/#blogposting\",\"name\":\"Extinguir a FEE \\u00e9 uma agress\\u00e3o ao povo ga\\u00facho | Arquivo\",\"headline\":\"Extinguir a FEE \\u00e9 uma agress\\u00e3o ao povo ga\\u00facho\",\"author\":{\"@id\":\"https:\\\/\\\/www.jornalja.com.br\\\/arquivo\\\/author\\\/daredacao\\\/#author\"},\"publisher\":{\"@id\":\"https:\\\/\\\/www.jornalja.com.br\\\/arquivo\\\/#organization\"},\"image\":{\"@type\":\"ImageObject\",\"url\":\"https:\\\/\\\/www.jornalja.com.br\\\/wp-content\\\/uploads\\\/cards\\\/JAslogan.png\",\"@id\":\"https:\\\/\\\/www.jornalja.com.br\\\/arquivo\\\/#articleImage\"},\"datePublished\":\"2016-11-23T13:46:39-02:00\",\"dateModified\":\"2016-11-23T13:46:39-02:00\",\"inLanguage\":\"pt-BR\",\"mainEntityOfPage\":{\"@id\":\"https:\\\/\\\/www.jornalja.com.br\\\/arquivo\\\/extinguir-a-fee-e-uma-agressao-ao-povo-gaucho\\\/#webpage\"},\"isPartOf\":{\"@id\":\"https:\\\/\\\/www.jornalja.com.br\\\/arquivo\\\/extinguir-a-fee-e-uma-agressao-ao-povo-gaucho\\\/#webpage\"},\"articleSection\":\"AN\\u00c1LISE&amp;OPINI\\u00c3O\"},{\"@type\":\"BreadcrumbList\",\"@id\":\"https:\\\/\\\/www.jornalja.com.br\\\/arquivo\\\/extinguir-a-fee-e-uma-agressao-ao-povo-gaucho\\\/#breadcrumblist\",\"itemListElement\":[{\"@type\":\"ListItem\",\"@id\":\"https:\\\/\\\/www.jornalja.com.br\\\/arquivo#listItem\",\"position\":1,\"name\":\"Home\",\"item\":\"https:\\\/\\\/www.jornalja.com.br\\\/arquivo\",\"nextItem\":{\"@type\":\"ListItem\",\"@id\":\"https:\\\/\\\/www.jornalja.com.br\\\/arquivo\\\/category\\\/analiseopiniao\\\/#listItem\",\"name\":\"AN\\u00c1LISE&amp;OPINI\\u00c3O\"}},{\"@type\":\"ListItem\",\"@id\":\"https:\\\/\\\/www.jornalja.com.br\\\/arquivo\\\/category\\\/analiseopiniao\\\/#listItem\",\"position\":2,\"name\":\"AN\\u00c1LISE&amp;OPINI\\u00c3O\",\"item\":\"https:\\\/\\\/www.jornalja.com.br\\\/arquivo\\\/category\\\/analiseopiniao\\\/\",\"nextItem\":{\"@type\":\"ListItem\",\"@id\":\"https:\\\/\\\/www.jornalja.com.br\\\/arquivo\\\/extinguir-a-fee-e-uma-agressao-ao-povo-gaucho\\\/#listItem\",\"name\":\"Extinguir a FEE \\u00e9 uma agress\\u00e3o ao povo ga\\u00facho\"},\"previousItem\":{\"@type\":\"ListItem\",\"@id\":\"https:\\\/\\\/www.jornalja.com.br\\\/arquivo#listItem\",\"name\":\"Home\"}},{\"@type\":\"ListItem\",\"@id\":\"https:\\\/\\\/www.jornalja.com.br\\\/arquivo\\\/extinguir-a-fee-e-uma-agressao-ao-povo-gaucho\\\/#listItem\",\"position\":3,\"name\":\"Extinguir a FEE \\u00e9 uma agress\\u00e3o ao povo ga\\u00facho\",\"previousItem\":{\"@type\":\"ListItem\",\"@id\":\"https:\\\/\\\/www.jornalja.com.br\\\/arquivo\\\/category\\\/analiseopiniao\\\/#listItem\",\"name\":\"AN\\u00c1LISE&amp;OPINI\\u00c3O\"}}]},{\"@type\":\"Organization\",\"@id\":\"https:\\\/\\\/www.jornalja.com.br\\\/arquivo\\\/#organization\",\"name\":\"Jornal J\\u00c1\",\"description\":\"Jornal J\\u00c1 | Porto Alegre\",\"url\":\"https:\\\/\\\/www.jornalja.com.br\\\/arquivo\\\/\",\"telephone\":\"+555133307272\",\"logo\":{\"@type\":\"ImageObject\",\"url\":\"https:\\\/\\\/www.jornalja.com.br\\\/wp-content\\\/uploads\\\/cards\\\/JAslogan.png\",\"@id\":\"https:\\\/\\\/www.jornalja.com.br\\\/arquivo\\\/extinguir-a-fee-e-uma-agressao-ao-povo-gaucho\\\/#organizationLogo\"},\"image\":{\"@id\":\"https:\\\/\\\/www.jornalja.com.br\\\/arquivo\\\/extinguir-a-fee-e-uma-agressao-ao-povo-gaucho\\\/#organizationLogo\"}},{\"@type\":\"Person\",\"@id\":\"https:\\\/\\\/www.jornalja.com.br\\\/arquivo\\\/author\\\/daredacao\\\/#author\",\"url\":\"https:\\\/\\\/www.jornalja.com.br\\\/arquivo\\\/author\\\/daredacao\\\/\",\"name\":\"da Reda\\u00e7\\u00e3o\",\"image\":{\"@type\":\"ImageObject\",\"@id\":\"https:\\\/\\\/www.jornalja.com.br\\\/arquivo\\\/extinguir-a-fee-e-uma-agressao-ao-povo-gaucho\\\/#authorImage\",\"url\":\"https:\\\/\\\/secure.gravatar.com\\\/avatar\\\/469fd857d6605ad19919d27ed29d35a968a25f6e8fd9318356bbb7f57aae9c65?s=96&d=mm&r=g\",\"width\":96,\"height\":96,\"caption\":\"da Reda\\u00e7\\u00e3o\"}},{\"@type\":\"WebPage\",\"@id\":\"https:\\\/\\\/www.jornalja.com.br\\\/arquivo\\\/extinguir-a-fee-e-uma-agressao-ao-povo-gaucho\\\/#webpage\",\"url\":\"https:\\\/\\\/www.jornalja.com.br\\\/arquivo\\\/extinguir-a-fee-e-uma-agressao-ao-povo-gaucho\\\/\",\"name\":\"Extinguir a FEE \\u00e9 uma agress\\u00e3o ao povo ga\\u00facho | Arquivo\",\"inLanguage\":\"pt-BR\",\"isPartOf\":{\"@id\":\"https:\\\/\\\/www.jornalja.com.br\\\/arquivo\\\/#website\"},\"breadcrumb\":{\"@id\":\"https:\\\/\\\/www.jornalja.com.br\\\/arquivo\\\/extinguir-a-fee-e-uma-agressao-ao-povo-gaucho\\\/#breadcrumblist\"},\"author\":{\"@id\":\"https:\\\/\\\/www.jornalja.com.br\\\/arquivo\\\/author\\\/daredacao\\\/#author\"},\"creator\":{\"@id\":\"https:\\\/\\\/www.jornalja.com.br\\\/arquivo\\\/author\\\/daredacao\\\/#author\"},\"datePublished\":\"2016-11-23T13:46:39-02:00\",\"dateModified\":\"2016-11-23T13:46:39-02:00\"},{\"@type\":\"WebSite\",\"@id\":\"https:\\\/\\\/www.jornalja.com.br\\\/arquivo\\\/#website\",\"url\":\"https:\\\/\\\/www.jornalja.com.br\\\/arquivo\\\/\",\"name\":\"Arquivo\",\"description\":\"Jornal J\\u00c1 | Porto Alegre\",\"inLanguage\":\"pt-BR\",\"publisher\":{\"@id\":\"https:\\\/\\\/www.jornalja.com.br\\\/arquivo\\\/#organization\"}}]}\n\t\t<\/script>\n\t\t<!-- All in One SEO -->\n\n","aioseo_head_json":{"title":"Extinguir a FEE \u00e9 uma agress\u00e3o ao povo ga\u00facho | Arquivo","description":"","canonical_url":"https:\/\/www.jornalja.com.br\/arquivo\/extinguir-a-fee-e-uma-agressao-ao-povo-gaucho\/","robots":"max-image-preview:large","keywords":"","webmasterTools":{"miscellaneous":""},"schema":{"@context":"https:\/\/schema.org","@graph":[{"@type":"BlogPosting","@id":"https:\/\/www.jornalja.com.br\/arquivo\/extinguir-a-fee-e-uma-agressao-ao-povo-gaucho\/#blogposting","name":"Extinguir a FEE \u00e9 uma agress\u00e3o ao povo ga\u00facho | Arquivo","headline":"Extinguir a FEE \u00e9 uma agress\u00e3o ao povo ga\u00facho","author":{"@id":"https:\/\/www.jornalja.com.br\/arquivo\/author\/daredacao\/#author"},"publisher":{"@id":"https:\/\/www.jornalja.com.br\/arquivo\/#organization"},"image":{"@type":"ImageObject","url":"https:\/\/www.jornalja.com.br\/wp-content\/uploads\/cards\/JAslogan.png","@id":"https:\/\/www.jornalja.com.br\/arquivo\/#articleImage"},"datePublished":"2016-11-23T13:46:39-02:00","dateModified":"2016-11-23T13:46:39-02:00","inLanguage":"pt-BR","mainEntityOfPage":{"@id":"https:\/\/www.jornalja.com.br\/arquivo\/extinguir-a-fee-e-uma-agressao-ao-povo-gaucho\/#webpage"},"isPartOf":{"@id":"https:\/\/www.jornalja.com.br\/arquivo\/extinguir-a-fee-e-uma-agressao-ao-povo-gaucho\/#webpage"},"articleSection":"AN\u00c1LISE&amp;OPINI\u00c3O"},{"@type":"BreadcrumbList","@id":"https:\/\/www.jornalja.com.br\/arquivo\/extinguir-a-fee-e-uma-agressao-ao-povo-gaucho\/#breadcrumblist","itemListElement":[{"@type":"ListItem","@id":"https:\/\/www.jornalja.com.br\/arquivo#listItem","position":1,"name":"Home","item":"https:\/\/www.jornalja.com.br\/arquivo","nextItem":{"@type":"ListItem","@id":"https:\/\/www.jornalja.com.br\/arquivo\/category\/analiseopiniao\/#listItem","name":"AN\u00c1LISE&amp;OPINI\u00c3O"}},{"@type":"ListItem","@id":"https:\/\/www.jornalja.com.br\/arquivo\/category\/analiseopiniao\/#listItem","position":2,"name":"AN\u00c1LISE&amp;OPINI\u00c3O","item":"https:\/\/www.jornalja.com.br\/arquivo\/category\/analiseopiniao\/","nextItem":{"@type":"ListItem","@id":"https:\/\/www.jornalja.com.br\/arquivo\/extinguir-a-fee-e-uma-agressao-ao-povo-gaucho\/#listItem","name":"Extinguir a FEE \u00e9 uma agress\u00e3o ao povo ga\u00facho"},"previousItem":{"@type":"ListItem","@id":"https:\/\/www.jornalja.com.br\/arquivo#listItem","name":"Home"}},{"@type":"ListItem","@id":"https:\/\/www.jornalja.com.br\/arquivo\/extinguir-a-fee-e-uma-agressao-ao-povo-gaucho\/#listItem","position":3,"name":"Extinguir a FEE \u00e9 uma agress\u00e3o ao povo ga\u00facho","previousItem":{"@type":"ListItem","@id":"https:\/\/www.jornalja.com.br\/arquivo\/category\/analiseopiniao\/#listItem","name":"AN\u00c1LISE&amp;OPINI\u00c3O"}}]},{"@type":"Organization","@id":"https:\/\/www.jornalja.com.br\/arquivo\/#organization","name":"Jornal J\u00c1","description":"Jornal J\u00c1 | Porto Alegre","url":"https:\/\/www.jornalja.com.br\/arquivo\/","telephone":"+555133307272","logo":{"@type":"ImageObject","url":"https:\/\/www.jornalja.com.br\/wp-content\/uploads\/cards\/JAslogan.png","@id":"https:\/\/www.jornalja.com.br\/arquivo\/extinguir-a-fee-e-uma-agressao-ao-povo-gaucho\/#organizationLogo"},"image":{"@id":"https:\/\/www.jornalja.com.br\/arquivo\/extinguir-a-fee-e-uma-agressao-ao-povo-gaucho\/#organizationLogo"}},{"@type":"Person","@id":"https:\/\/www.jornalja.com.br\/arquivo\/author\/daredacao\/#author","url":"https:\/\/www.jornalja.com.br\/arquivo\/author\/daredacao\/","name":"da Reda\u00e7\u00e3o","image":{"@type":"ImageObject","@id":"https:\/\/www.jornalja.com.br\/arquivo\/extinguir-a-fee-e-uma-agressao-ao-povo-gaucho\/#authorImage","url":"https:\/\/secure.gravatar.com\/avatar\/469fd857d6605ad19919d27ed29d35a968a25f6e8fd9318356bbb7f57aae9c65?s=96&d=mm&r=g","width":96,"height":96,"caption":"da Reda\u00e7\u00e3o"}},{"@type":"WebPage","@id":"https:\/\/www.jornalja.com.br\/arquivo\/extinguir-a-fee-e-uma-agressao-ao-povo-gaucho\/#webpage","url":"https:\/\/www.jornalja.com.br\/arquivo\/extinguir-a-fee-e-uma-agressao-ao-povo-gaucho\/","name":"Extinguir a FEE \u00e9 uma agress\u00e3o ao povo ga\u00facho | Arquivo","inLanguage":"pt-BR","isPartOf":{"@id":"https:\/\/www.jornalja.com.br\/arquivo\/#website"},"breadcrumb":{"@id":"https:\/\/www.jornalja.com.br\/arquivo\/extinguir-a-fee-e-uma-agressao-ao-povo-gaucho\/#breadcrumblist"},"author":{"@id":"https:\/\/www.jornalja.com.br\/arquivo\/author\/daredacao\/#author"},"creator":{"@id":"https:\/\/www.jornalja.com.br\/arquivo\/author\/daredacao\/#author"},"datePublished":"2016-11-23T13:46:39-02:00","dateModified":"2016-11-23T13:46:39-02:00"},{"@type":"WebSite","@id":"https:\/\/www.jornalja.com.br\/arquivo\/#website","url":"https:\/\/www.jornalja.com.br\/arquivo\/","name":"Arquivo","description":"Jornal J\u00c1 | Porto Alegre","inLanguage":"pt-BR","publisher":{"@id":"https:\/\/www.jornalja.com.br\/arquivo\/#organization"}}]},"og:locale":"pt_BR","og:site_name":"Arquivo | Jornal J\u00c1 | Porto Alegre","og:type":"article","og:title":"Extinguir a FEE \u00e9 uma agress\u00e3o ao povo ga\u00facho | Arquivo","og:url":"https:\/\/www.jornalja.com.br\/arquivo\/extinguir-a-fee-e-uma-agressao-ao-povo-gaucho\/","og:image":"https:\/\/www.jornalja.com.br\/economics\/wp-content\/uploads\/sites\/11\/2026\/08\/ja-folhaderosto-facebook.jpg","og:image:secure_url":"https:\/\/www.jornalja.com.br\/economics\/wp-content\/uploads\/sites\/11\/2026\/08\/ja-folhaderosto-facebook.jpg","article:published_time":"2016-11-23T16:46:39+00:00","article:modified_time":"2016-11-23T16:46:39+00:00","twitter:card":"summary","twitter:title":"Extinguir a FEE \u00e9 uma agress\u00e3o ao povo ga\u00facho | Arquivo","twitter:image":"https:\/\/www.jornalja.com.br\/economics\/wp-content\/uploads\/sites\/11\/2026\/08\/ja-folhaderosto-facebook.jpg"},"aioseo_meta_data":{"post_id":"41649","title":null,"description":null,"keywords":null,"keyphrases":null,"primary_term":null,"canonical_url":null,"og_title":null,"og_description":null,"og_object_type":"default","og_image_type":"default","og_image_url":null,"og_image_width":null,"og_image_height":null,"og_image_custom_url":null,"og_image_custom_fields":null,"og_video":null,"og_custom_url":null,"og_article_section":null,"og_article_tags":null,"twitter_use_og":false,"twitter_card":"default","twitter_image_type":"default","twitter_image_url":null,"twitter_image_custom_url":null,"twitter_image_custom_fields":null,"twitter_title":null,"twitter_description":null,"schema":{"blockGraphs":[],"customGraphs":[],"default":{"data":{"Article":[],"Course":[],"Dataset":[],"FAQPage":[],"Movie":[],"Person":[],"Product":[],"ProductReview":[],"Car":[],"Recipe":[],"Service":[],"SoftwareApplication":[],"WebPage":[]},"graphName":"","isEnabled":true},"graphs":[],"defaultGraph":"","defaultPostTypeGraph":""},"schema_type":null,"schema_type_options":null,"pillar_content":false,"robots_default":true,"robots_noindex":false,"robots_noarchive":false,"robots_nosnippet":false,"robots_nofollow":false,"robots_noimageindex":false,"robots_noodp":false,"robots_notranslate":false,"robots_max_snippet":null,"robots_max_videopreview":null,"robots_max_imagepreview":"large","priority":null,"frequency":null,"location":null,"local_seo":null,"breadcrumb_settings":null,"limit_modified_date":false,"ai":null,"created":"2020-12-20 20:44:55","updated":"2025-07-19 18:20:51","seo_analyzer_scan_date":null,"focus_keyword":null,"additional_keywords":null,"truseo_locale":null},"jetpack_sharing_enabled":true,"jetpack-related-posts":[{"id":13240,"url":"https:\/\/www.jornalja.com.br\/arquivo\/plano-diretor-estamos-construindo-o-caos\/","url_meta":{"origin":41649,"position":0},"title":"Plano diretor: &quot;Estamos construindo o caos&quot;","author":"Patr\u00edcia Marini","date":"26 de maio de 2014","format":false,"excerpt":"Desabafo que arquiteta Eliana Castilhos, delegada da Regi\u00e3o de Planejamento 1, postou nas redes sociais \u00e9 um testemunho do ambiente que se criou no Conselho do Plano Diretor de Porto Alegre, onde a aprova\u00e7\u00e3o de grandes empreendimentos \u00e9 empurrada guela abaixo dos conselheiros. Ao CMDUA Como delegada da Regi\u00e3o de\u2026","rel":"","context":"Em &quot;Geral&quot;","block_context":{"text":"Geral","link":"https:\/\/www.jornalja.com.br\/arquivo\/category\/geral\/"},"img":{"alt_text":"","src":"","width":0,"height":0},"classes":[]},{"id":5440,"url":"https:\/\/www.jornalja.com.br\/arquivo\/casarao-da-venancio-destino-permanece-incerto\/","url_meta":{"origin":41649,"position":1},"title":"Estado ainda n\u00e3o sabe o que fazer com casar\u00e3o abandonado h\u00e1 20 anos","author":"Elmar Bones","date":"6 de julho de 2009","format":false,"excerpt":"O casar\u00e3o amarelo, numa esquina nobre de Porto Alegre (Ven\u00e2ncio Aires com Jo\u00e3o Pessoa), j\u00e1 abrigou uma escola. H\u00e1 duas d\u00e9cadas, pelo menos, est\u00e1 abandonado, porque seu propriet\u00e1rio, o governo do Estado do Rio Grande do Sul, n\u00e3o consegue achar um destino para ele. Planos n\u00e3o faltaram. O governador Ol\u00edvio\u2026","rel":"","context":"Em &quot;X.Categorias velhas&quot;","block_context":{"text":"X.Categorias velhas","link":"https:\/\/www.jornalja.com.br\/arquivo\/category\/x-categorias-velhas\/"},"img":{"alt_text":"geraldo1","src":"https:\/\/i0.wp.com\/www.jornalja.com.br\/wp-content\/uploads\/2009\/07\/geraldo1.jpg?resize=350%2C200&ssl=1","width":350,"height":200},"classes":[]},{"id":13124,"url":"https:\/\/www.jornalja.com.br\/arquivo\/sangue-latino-no-iecine\/","url_meta":{"origin":41649,"position":2},"title":"Sangue latino no IECINE","author":"da Reda\u00e7\u00e3o","date":"18 de maio de 2014","format":false,"excerpt":"Francisco Ribeiro O Instituto Estadual de Cinema (IECINE) tem a frente, desde abril \u00faltimo, um novo diretor, o cineasta colombiano Juan Zapata, 36, que substitui Luiz Alberto Cassol. Radicado h\u00e1 dez anos em Porto Alegre, Zapata tem diante de si o desafio de conduzir at\u00e9 o final do ano um\u2026","rel":"","context":"Em &quot;Cultura-Geral&quot;","block_context":{"text":"Cultura-Geral","link":"https:\/\/www.jornalja.com.br\/arquivo\/category\/materiasecundaria\/"},"img":{"alt_text":"","src":"","width":0,"height":0},"classes":[]},{"id":1280,"url":"https:\/\/www.jornalja.com.br\/arquivo\/o-menino-que-se-tornou-brizola\/","url_meta":{"origin":41649,"position":3},"title":"O Menino que se Tornou Brizola","author":"da Reda\u00e7\u00e3o","date":"28 de julho de 2008","format":false,"excerpt":"Autor: Cleber Dioni A vida de Leonel Brizola, com \u00eanfase para os primeiros anos em Porto Alegre, at\u00e9 o ex\u00edlio no Uruguai e a volta, quinze anos depois. \u00a0\"...\u00c9ramos todos jovens e nos identific\u00e1vamos com aquela massa an\u00f4nima a percorrer as ruas de Porto Alegre, gritando 'Get\u00falio', 'Get\u00falio' e empunhando\u2026","rel":"","context":"Em &quot;Livros&quot;","block_context":{"text":"Livros","link":"https:\/\/www.jornalja.com.br\/arquivo\/category\/livros\/"},"img":{"alt_text":"","src":"https:\/\/i0.wp.com\/www.jornalja.com.br\/wp-content\/uploads\/2008\/07\/brizola.gif?resize=350%2C200&ssl=1","width":350,"height":200},"classes":[]},{"id":13101,"url":"https:\/\/www.jornalja.com.br\/arquivo\/morre-um-guerreiro-do-texto\/","url_meta":{"origin":41649,"position":4},"title":"Morre um guerreiro do texto","author":"Patr\u00edcia Marini","date":"14 de maio de 2014","format":false,"excerpt":"Por Ricardo Kotscho Reproduzido do blog do autor, 11\/5\/2014; t\u00edtulo original \u201cE l\u00e1 se foi o nosso Myltainho, guerreiro do texto\u201d. Mi\u00fado e franzino, meu amigo Myltainho era um valente e inconformado guerreiro na luta contra as injusti\u00e7as sociais, a hipocrisia, as maracutaias, o autoritarismo, a intoler\u00e2ncia, a viol\u00eancia, o\u2026","rel":"","context":"Em &quot;Geral&quot;","block_context":{"text":"Geral","link":"https:\/\/www.jornalja.com.br\/arquivo\/category\/geral\/"},"img":{"alt_text":"","src":"","width":0,"height":0},"classes":[]},{"id":12960,"url":"https:\/\/www.jornalja.com.br\/arquivo\/populacao-culpa-empresas-pela-greve-dos-rodoviarios\/","url_meta":{"origin":41649,"position":5},"title":"Popula\u00e7\u00e3o culpa empresas pela greve","author":"Patr\u00edcia Marini","date":"14 de fevereiro de 2014","format":false,"excerpt":"Pesquisa divulgada na edi\u00e7\u00e3o do jornal Metro desta sexta-feira,14, comprova o velho ditado: \u00e9 poss\u00edvel enganar muitos por algum tempo, mas n\u00e3o \u00e9 poss\u00edvel enganar a todos o tempo inteiro. A principal revela\u00e7\u00e3o foi que 59,8% dos entrevistados apontaram as empresas como as principais respons\u00e1veis pela grave e 46% culparam\u2026","rel":"","context":"Em &quot;X.Categorias velhas&quot;","block_context":{"text":"X.Categorias velhas","link":"https:\/\/www.jornalja.com.br\/arquivo\/category\/x-categorias-velhas\/"},"img":{"alt_text":"","src":"","width":0,"height":0},"classes":[]}],"jetpack_shortlink":"https:\/\/wp.me\/pbQjBd-aPL","jetpack_featured_media_url":"","_links":{"self":[{"href":"https:\/\/www.jornalja.com.br\/arquivo\/wp-json\/wp\/v2\/posts\/41649","targetHints":{"allow":["GET"]}}],"collection":[{"href":"https:\/\/www.jornalja.com.br\/arquivo\/wp-json\/wp\/v2\/posts"}],"about":[{"href":"https:\/\/www.jornalja.com.br\/arquivo\/wp-json\/wp\/v2\/types\/post"}],"author":[{"embeddable":true,"href":"https:\/\/www.jornalja.com.br\/arquivo\/wp-json\/wp\/v2\/users\/4"}],"replies":[{"embeddable":true,"href":"https:\/\/www.jornalja.com.br\/arquivo\/wp-json\/wp\/v2\/comments?post=41649"}],"version-history":[{"count":0,"href":"https:\/\/www.jornalja.com.br\/arquivo\/wp-json\/wp\/v2\/posts\/41649\/revisions"}],"wp:attachment":[{"href":"https:\/\/www.jornalja.com.br\/arquivo\/wp-json\/wp\/v2\/media?parent=41649"}],"wp:term":[{"taxonomy":"category","embeddable":true,"href":"https:\/\/www.jornalja.com.br\/arquivo\/wp-json\/wp\/v2\/categories?post=41649"},{"taxonomy":"post_tag","embeddable":true,"href":"https:\/\/www.jornalja.com.br\/arquivo\/wp-json\/wp\/v2\/tags?post=41649"}],"curies":[{"name":"wp","href":"https:\/\/api.w.org\/{rel}","templated":true}]}}